{"id":2732,"date":"2021-12-08T15:21:00","date_gmt":"2021-12-08T14:21:00","guid":{"rendered":"https:\/\/www.reseau-entreprendre.org\/loire\/?p=2732"},"modified":"2022-04-28T10:08:49","modified_gmt":"2022-04-28T08:08:49","slug":"soiree-1er-de-cordee","status":"publish","type":"post","link":"https:\/\/www.reseau-entreprendre.org\/loire\/2021\/12\/08\/soiree-1er-de-cordee\/","title":{"rendered":"Soir\u00e9e 1er de Cord\u00e9e"},"content":{"rendered":"\n<div class=\"wp-block-columns is-layout-flex wp-container-core-columns-is-layout-9d6595d7 wp-block-columns-is-layout-flex\">\n<div class=\"wp-block-column is-layout-flow wp-block-column-is-layout-flow\">\n<figure class=\"wp-block-image size-medium\"><img loading=\"lazy\" decoding=\"async\" width=\"300\" height=\"215\" src=\"https:\/\/www.reseau-entreprendre.org\/loire\/wp-content\/uploads\/sites\/31\/2021\/12\/20211202_222049-scaled-e1639749365435-300x215.jpg\" alt=\"\" class=\"wp-image-2734\" srcset=\"https:\/\/www.reseau-entreprendre.org\/loire\/wp-content\/uploads\/sites\/31\/2021\/12\/20211202_222049-scaled-e1639749365435-300x215.jpg 300w, https:\/\/www.reseau-entreprendre.org\/loire\/wp-content\/uploads\/sites\/31\/2021\/12\/20211202_222049-scaled-e1639749365435-1024x733.jpg 1024w, https:\/\/www.reseau-entreprendre.org\/loire\/wp-content\/uploads\/sites\/31\/2021\/12\/20211202_222049-scaled-e1639749365435-768x550.jpg 768w, https:\/\/www.reseau-entreprendre.org\/loire\/wp-content\/uploads\/sites\/31\/2021\/12\/20211202_222049-scaled-e1639749365435-182x130.jpg 182w, https:\/\/www.reseau-entreprendre.org\/loire\/wp-content\/uploads\/sites\/31\/2021\/12\/20211202_222049-scaled-e1639749365435.jpg 1171w\" sizes=\"auto, (max-width: 300px) 100vw, 300px\" \/><\/figure>\n<\/div>\n\n\n\n<div class=\"wp-block-column is-layout-flow wp-block-column-is-layout-flow\" style=\"flex-basis:700px\">\n<p>R\u00e9seau Entreprendre Loire a organis\u00e9 sa Soir\u00e9e 1er de Cord\u00e9e le Jeudi 1er D\u00e9cembre 2021.<\/p>\n\n\n\n<p>De la bonne humeur, des sourires et de la convivialit\u00e9 pour f\u00eater la fin d&#8217;accompagnement de la promotion 2019. F\u00e9licitations \u00e0 tous pour leurs projets cr\u00e9ateurs d&#8217;emplois ! &nbsp; <\/p>\n\n\n\n<p> S\u00e9bastien BEAUCHENE, soci\u00e9t\u00e9 SML, a \u00e9t\u00e9 \u00e9lu 1er de Cord\u00e9e. Il devra, \u00e0 son tour, faire vivre sa promotion. <\/p>\n<\/div>\n<\/div>\n\n\n\n<div class=\"wp-block-image\"><figure class=\"aligncenter size-large\"><img loading=\"lazy\" decoding=\"async\" width=\"1024\" height=\"683\" src=\"https:\/\/www.reseau-entreprendre.org\/loire\/wp-content\/uploads\/sites\/31\/2021\/12\/463A6897-1024x683.jpg\" alt=\"\" class=\"wp-image-2736\" \/><figcaption><em>De gauche \u00e0 droite <\/em><br><em>1\u00e8re ligne<\/em> : J\u00e9r\u00f4me PRECHEUR &#8211; MED IN TOWN, Fr\u00e9d\u00e9rik MICHEL &#8211; COMBE PERE ET FILS, S\u00e9bastien BEAUCHES &#8211; SML, Pierre CHARMET &#8211; STUDIO GONNET, Maximilien BROSSARD &#8211; URBS, Geoffrey GUILLY &#8211; AITENDERS, Faisal BINDOS &#8211; META 2I, Djamel ASSAKSAOU &#8211; FAST &amp; GREEN<br><em>2\u00e8me ligne<\/em> : Damien GARDES &#8211; FAST &amp; GREEN, Emmanuel GENTY &#8211; MHL, Mario D&#8217;AMBROGIO &#8211; CRECHES FOREZIENNES, David FERNANDES &#8211; META2I et Jonathan VILLOT &#8211; URBS<br><em>3\u00e8me ligne<\/em> : Tristan DAUBE &#8211; TRAVEL ASSIST <\/figcaption><\/figure><\/div>\n\n\n\n<p class=\"has-text-align-center\"><strong>MERCI \u00e0 tous pour votre pr\u00e9sence et votre bonne humeur !<\/strong><\/p>\n\n\n\n<figure class=\"wp-block-table\"><table><tbody><tr><td><\/td><td><\/td><\/tr><\/tbody><\/table><\/figure>\n\n\n\n<p><\/p>\n","protected":false},"excerpt":{"rendered":"<p>R\u00e9seau Entreprendre Loire a organis\u00e9 sa Soir\u00e9e 1er de Cord\u00e9e<\/p>\n","protected":false},"author":32,"featured_media":3311,"comment_status":"closed","ping_status":"open","sticky":false,"template":"","format":"standard","meta":{"_acf_changed":false,"_monsterinsights_skip_tracking":false,"_monsterinsights_sitenote_active":false,"_monsterinsights_sitenote_note":"","_monsterinsights_sitenote_category":0,"footnotes":""},"categories":[4],"tags":[],"class_list":["post-2732","post","type-post","status-publish","format-standard","has-post-thumbnail","hentry","category-actualites","news"],"acf":[],"yoast_head":"<!-- This site is optimized with the Yoast SEO plugin v27.4 - https:\/\/yoast.com\/product\/yoast-seo-wordpress\/ -->\n<title>Soir\u00e9e 1er de Cord\u00e9e - R\u00e9seau Entreprendre Loire<\/title>\n<meta name=\"robots\" content=\"index, follow, max-snippet:-1, max-image-preview:large, max-video-preview:-1\" \/>\n<link rel=\"canonical\" href=\"https:\/\/www.reseau-entreprendre.org\/loire\/2021\/12\/08\/soiree-1er-de-cordee\/\" \/>\n<meta property=\"og:locale\" content=\"fr_FR\" \/>\n<meta property=\"og:type\" content=\"article\" \/>\n<meta property=\"og:title\" content=\"Soir\u00e9e 1er de Cord\u00e9e - R\u00e9seau Entreprendre Loire\" \/>\n<meta property=\"og:description\" content=\"R\u00e9seau Entreprendre Loire a organis\u00e9 sa Soir\u00e9e 1er de Cord\u00e9e\" \/>\n<meta property=\"og:url\" content=\"https:\/\/www.reseau-entreprendre.org\/loire\/2021\/12\/08\/soiree-1er-de-cordee\/\" \/>\n<meta property=\"og:site_name\" content=\"R\u00e9seau Entreprendre Loire\" \/>\n<meta property=\"article:published_time\" content=\"2021-12-08T14:21:00+00:00\" \/>\n<meta property=\"article:modified_time\" content=\"2022-04-28T08:08:49+00:00\" \/>\n<meta property=\"og:image\" content=\"https:\/\/www.reseau-entreprendre.org\/loire\/wp-content\/uploads\/sites\/31\/2021\/12\/Image10.png\" \/>\n\t<meta property=\"og:image:width\" content=\"573\" \/>\n\t<meta property=\"og:image:height\" content=\"408\" \/>\n\t<meta property=\"og:image:type\" content=\"image\/png\" \/>\n<meta name=\"author\" content=\"loire\" \/>\n<meta name=\"twitter:card\" content=\"summary_large_image\" \/>\n<meta name=\"twitter:label1\" content=\"\u00c9crit par\" \/>\n\t<meta name=\"twitter:data1\" content=\"loire\" \/>\n\t<meta name=\"twitter:label2\" content=\"Dur\u00e9e de lecture estim\u00e9e\" \/>\n\t<meta name=\"twitter:data2\" content=\"2 minutes\" \/>\n<script type=\"application\/ld+json\" class=\"yoast-schema-graph\">{\"@context\":\"https:\\\/\\\/schema.org\",\"@graph\":[{\"@type\":\"Article\",\"@id\":\"https:\\\/\\\/www.reseau-entreprendre.org\\\/loire\\\/2021\\\/12\\\/08\\\/soiree-1er-de-cordee\\\/#article\",\"isPartOf\":{\"@id\":\"https:\\\/\\\/www.reseau-entreprendre.org\\\/loire\\\/2021\\\/12\\\/08\\\/soiree-1er-de-cordee\\\/\"},\"author\":{\"name\":\"loire\",\"@id\":\"https:\\\/\\\/www.reseau-entreprendre.org\\\/loire\\\/#\\\/schema\\\/person\\\/d1ad26b2abde10357227ae0992e64da8\"},\"headline\":\"Soir\u00e9e 1er de Cord\u00e9e\",\"datePublished\":\"2021-12-08T14:21:00+00:00\",\"dateModified\":\"2022-04-28T08:08:49+00:00\",\"mainEntityOfPage\":{\"@id\":\"https:\\\/\\\/www.reseau-entreprendre.org\\\/loire\\\/2021\\\/12\\\/08\\\/soiree-1er-de-cordee\\\/\"},\"wordCount\":172,\"image\":{\"@id\":\"https:\\\/\\\/www.reseau-entreprendre.org\\\/loire\\\/2021\\\/12\\\/08\\\/soiree-1er-de-cordee\\\/#primaryimage\"},\"thumbnailUrl\":\"https:\\\/\\\/www.reseau-entreprendre.org\\\/loire\\\/wp-content\\\/uploads\\\/sites\\\/31\\\/2021\\\/12\\\/Image10.png\",\"articleSection\":[\"Actualit\u00e9s\"],\"inLanguage\":\"fr-FR\"},{\"@type\":\"WebPage\",\"@id\":\"https:\\\/\\\/www.reseau-entreprendre.org\\\/loire\\\/2021\\\/12\\\/08\\\/soiree-1er-de-cordee\\\/\",\"url\":\"https:\\\/\\\/www.reseau-entreprendre.org\\\/loire\\\/2021\\\/12\\\/08\\\/soiree-1er-de-cordee\\\/\",\"name\":\"Soir\u00e9e 1er de Cord\u00e9e - R\u00e9seau Entreprendre Loire\",\"isPartOf\":{\"@id\":\"https:\\\/\\\/www.reseau-entreprendre.org\\\/loire\\\/#website\"},\"primaryImageOfPage\":{\"@id\":\"https:\\\/\\\/www.reseau-entreprendre.org\\\/loire\\\/2021\\\/12\\\/08\\\/soiree-1er-de-cordee\\\/#primaryimage\"},\"image\":{\"@id\":\"https:\\\/\\\/www.reseau-entreprendre.org\\\/loire\\\/2021\\\/12\\\/08\\\/soiree-1er-de-cordee\\\/#primaryimage\"},\"thumbnailUrl\":\"https:\\\/\\\/www.reseau-entreprendre.org\\\/loire\\\/wp-content\\\/uploads\\\/sites\\\/31\\\/2021\\\/12\\\/Image10.png\",\"datePublished\":\"2021-12-08T14:21:00+00:00\",\"dateModified\":\"2022-04-28T08:08:49+00:00\",\"author\":{\"@id\":\"https:\\\/\\\/www.reseau-entreprendre.org\\\/loire\\\/#\\\/schema\\\/person\\\/d1ad26b2abde10357227ae0992e64da8\"},\"breadcrumb\":{\"@id\":\"https:\\\/\\\/www.reseau-entreprendre.org\\\/loire\\\/2021\\\/12\\\/08\\\/soiree-1er-de-cordee\\\/#breadcrumb\"},\"inLanguage\":\"fr-FR\",\"potentialAction\":[{\"@type\":\"ReadAction\",\"target\":[\"https:\\\/\\\/www.reseau-entreprendre.org\\\/loire\\\/2021\\\/12\\\/08\\\/soiree-1er-de-cordee\\\/\"]}]},{\"@type\":\"ImageObject\",\"inLanguage\":\"fr-FR\",\"@id\":\"https:\\\/\\\/www.reseau-entreprendre.org\\\/loire\\\/2021\\\/12\\\/08\\\/soiree-1er-de-cordee\\\/#primaryimage\",\"url\":\"https:\\\/\\\/www.reseau-entreprendre.org\\\/loire\\\/wp-content\\\/uploads\\\/sites\\\/31\\\/2021\\\/12\\\/Image10.png\",\"contentUrl\":\"https:\\\/\\\/www.reseau-entreprendre.org\\\/loire\\\/wp-content\\\/uploads\\\/sites\\\/31\\\/2021\\\/12\\\/Image10.png\",\"width\":573,\"height\":408},{\"@type\":\"BreadcrumbList\",\"@id\":\"https:\\\/\\\/www.reseau-entreprendre.org\\\/loire\\\/2021\\\/12\\\/08\\\/soiree-1er-de-cordee\\\/#breadcrumb\",\"itemListElement\":[{\"@type\":\"ListItem\",\"position\":1,\"name\":\"Accueil\",\"item\":\"https:\\\/\\\/www.reseau-entreprendre.org\\\/loire\\\/\"},{\"@type\":\"ListItem\",\"position\":2,\"name\":\"Soir\u00e9e 1er de Cord\u00e9e\"}]},{\"@type\":\"WebSite\",\"@id\":\"https:\\\/\\\/www.reseau-entreprendre.org\\\/loire\\\/#website\",\"url\":\"https:\\\/\\\/www.reseau-entreprendre.org\\\/loire\\\/\",\"name\":\"R\u00e9seau Entreprendre Loire\",\"description\":\"Un site utilisant Les sites de R\u00e9seau Entreprendre\",\"potentialAction\":[{\"@type\":\"SearchAction\",\"target\":{\"@type\":\"EntryPoint\",\"urlTemplate\":\"https:\\\/\\\/www.reseau-entreprendre.org\\\/loire\\\/?s={search_term_string}\"},\"query-input\":{\"@type\":\"PropertyValueSpecification\",\"valueRequired\":true,\"valueName\":\"search_term_string\"}}],\"inLanguage\":\"fr-FR\"},{\"@type\":\"Person\",\"@id\":\"https:\\\/\\\/www.reseau-entreprendre.org\\\/loire\\\/#\\\/schema\\\/person\\\/d1ad26b2abde10357227ae0992e64da8\",\"name\":\"loire\",\"image\":{\"@type\":\"ImageObject\",\"inLanguage\":\"fr-FR\",\"@id\":\"https:\\\/\\\/secure.gravatar.com\\\/avatar\\\/f10b72285eb3856388bf5587e45ce3c895f0ea7267e90d1b5c30f817c7fb5e0b?s=96&d=mm&r=g\",\"url\":\"https:\\\/\\\/secure.gravatar.com\\\/avatar\\\/f10b72285eb3856388bf5587e45ce3c895f0ea7267e90d1b5c30f817c7fb5e0b?s=96&d=mm&r=g\",\"contentUrl\":\"https:\\\/\\\/secure.gravatar.com\\\/avatar\\\/f10b72285eb3856388bf5587e45ce3c895f0ea7267e90d1b5c30f817c7fb5e0b?s=96&d=mm&r=g\",\"caption\":\"loire\"},\"url\":\"https:\\\/\\\/www.reseau-entreprendre.org\\\/loire\\\/author\\\/loire\\\/\"}]}<\/script>\n<!-- \/ Yoast SEO plugin. -->","yoast_head_json":{"title":"Soir\u00e9e 1er de Cord\u00e9e - R\u00e9seau Entreprendre Loire","robots":{"index":"index","follow":"follow","max-snippet":"max-snippet:-1","max-image-preview":"max-image-preview:large","max-video-preview":"max-video-preview:-1"},"canonical":"https:\/\/www.reseau-entreprendre.org\/loire\/2021\/12\/08\/soiree-1er-de-cordee\/","og_locale":"fr_FR","og_type":"article","og_title":"Soir\u00e9e 1er de Cord\u00e9e - R\u00e9seau Entreprendre Loire","og_description":"R\u00e9seau Entreprendre Loire a organis\u00e9 sa Soir\u00e9e 1er de Cord\u00e9e","og_url":"https:\/\/www.reseau-entreprendre.org\/loire\/2021\/12\/08\/soiree-1er-de-cordee\/","og_site_name":"R\u00e9seau Entreprendre Loire","article_published_time":"2021-12-08T14:21:00+00:00","article_modified_time":"2022-04-28T08:08:49+00:00","og_image":[{"width":573,"height":408,"url":"https:\/\/www.reseau-entreprendre.org\/loire\/wp-content\/uploads\/sites\/31\/2021\/12\/Image10.png","type":"image\/png"}],"author":"loire","twitter_card":"summary_large_image","twitter_misc":{"\u00c9crit par":"loire","Dur\u00e9e de lecture estim\u00e9e":"2 minutes"},"schema":{"@context":"https:\/\/schema.org","@graph":[{"@type":"Article","@id":"https:\/\/www.reseau-entreprendre.org\/loire\/2021\/12\/08\/soiree-1er-de-cordee\/#article","isPartOf":{"@id":"https:\/\/www.reseau-entreprendre.org\/loire\/2021\/12\/08\/soiree-1er-de-cordee\/"},"author":{"name":"loire","@id":"https:\/\/www.reseau-entreprendre.org\/loire\/#\/schema\/person\/d1ad26b2abde10357227ae0992e64da8"},"headline":"Soir\u00e9e 1er de Cord\u00e9e","datePublished":"2021-12-08T14:21:00+00:00","dateModified":"2022-04-28T08:08:49+00:00","mainEntityOfPage":{"@id":"https:\/\/www.reseau-entreprendre.org\/loire\/2021\/12\/08\/soiree-1er-de-cordee\/"},"wordCount":172,"image":{"@id":"https:\/\/www.reseau-entreprendre.org\/loire\/2021\/12\/08\/soiree-1er-de-cordee\/#primaryimage"},"thumbnailUrl":"https:\/\/www.reseau-entreprendre.org\/loire\/wp-content\/uploads\/sites\/31\/2021\/12\/Image10.png","articleSection":["Actualit\u00e9s"],"inLanguage":"fr-FR"},{"@type":"WebPage","@id":"https:\/\/www.reseau-entreprendre.org\/loire\/2021\/12\/08\/soiree-1er-de-cordee\/","url":"https:\/\/www.reseau-entreprendre.org\/loire\/2021\/12\/08\/soiree-1er-de-cordee\/","name":"Soir\u00e9e 1er de Cord\u00e9e - R\u00e9seau Entreprendre Loire","isPartOf":{"@id":"https:\/\/www.reseau-entreprendre.org\/loire\/#website"},"primaryImageOfPage":{"@id":"https:\/\/www.reseau-entreprendre.org\/loire\/2021\/12\/08\/soiree-1er-de-cordee\/#primaryimage"},"image":{"@id":"https:\/\/www.reseau-entreprendre.org\/loire\/2021\/12\/08\/soiree-1er-de-cordee\/#primaryimage"},"thumbnailUrl":"https:\/\/www.reseau-entreprendre.org\/loire\/wp-content\/uploads\/sites\/31\/2021\/12\/Image10.png","datePublished":"2021-12-08T14:21:00+00:00","dateModified":"2022-04-28T08:08:49+00:00","author":{"@id":"https:\/\/www.reseau-entreprendre.org\/loire\/#\/schema\/person\/d1ad26b2abde10357227ae0992e64da8"},"breadcrumb":{"@id":"https:\/\/www.reseau-entreprendre.org\/loire\/2021\/12\/08\/soiree-1er-de-cordee\/#breadcrumb"},"inLanguage":"fr-FR","potentialAction":[{"@type":"ReadAction","target":["https:\/\/www.reseau-entreprendre.org\/loire\/2021\/12\/08\/soiree-1er-de-cordee\/"]}]},{"@type":"ImageObject","inLanguage":"fr-FR","@id":"https:\/\/www.reseau-entreprendre.org\/loire\/2021\/12\/08\/soiree-1er-de-cordee\/#primaryimage","url":"https:\/\/www.reseau-entreprendre.org\/loire\/wp-content\/uploads\/sites\/31\/2021\/12\/Image10.png","contentUrl":"https:\/\/www.reseau-entreprendre.org\/loire\/wp-content\/uploads\/sites\/31\/2021\/12\/Image10.png","width":573,"height":408},{"@type":"BreadcrumbList","@id":"https:\/\/www.reseau-entreprendre.org\/loire\/2021\/12\/08\/soiree-1er-de-cordee\/#breadcrumb","itemListElement":[{"@type":"ListItem","position":1,"name":"Accueil","item":"https:\/\/www.reseau-entreprendre.org\/loire\/"},{"@type":"ListItem","position":2,"name":"Soir\u00e9e 1er de Cord\u00e9e"}]},{"@type":"WebSite","@id":"https:\/\/www.reseau-entreprendre.org\/loire\/#website","url":"https:\/\/www.reseau-entreprendre.org\/loire\/","name":"R\u00e9seau Entreprendre Loire","description":"Un site utilisant Les sites de R\u00e9seau Entreprendre","potentialAction":[{"@type":"SearchAction","target":{"@type":"EntryPoint","urlTemplate":"https:\/\/www.reseau-entreprendre.org\/loire\/?s={search_term_string}"},"query-input":{"@type":"PropertyValueSpecification","valueRequired":true,"valueName":"search_term_string"}}],"inLanguage":"fr-FR"},{"@type":"Person","@id":"https:\/\/www.reseau-entreprendre.org\/loire\/#\/schema\/person\/d1ad26b2abde10357227ae0992e64da8","name":"loire","image":{"@type":"ImageObject","inLanguage":"fr-FR","@id":"https:\/\/secure.gravatar.com\/avatar\/f10b72285eb3856388bf5587e45ce3c895f0ea7267e90d1b5c30f817c7fb5e0b?s=96&d=mm&r=g","url":"https:\/\/secure.gravatar.com\/avatar\/f10b72285eb3856388bf5587e45ce3c895f0ea7267e90d1b5c30f817c7fb5e0b?s=96&d=mm&r=g","contentUrl":"https:\/\/secure.gravatar.com\/avatar\/f10b72285eb3856388bf5587e45ce3c895f0ea7267e90d1b5c30f817c7fb5e0b?s=96&d=mm&r=g","caption":"loire"},"url":"https:\/\/www.reseau-entreprendre.org\/loire\/author\/loire\/"}]}},"_links":{"self":[{"href":"https:\/\/www.reseau-entreprendre.org\/loire\/wp-json\/wp\/v2\/posts\/2732","targetHints":{"allow":["GET"]}}],"collection":[{"href":"https:\/\/www.reseau-entreprendre.org\/loire\/wp-json\/wp\/v2\/posts"}],"about":[{"href":"https:\/\/www.reseau-entreprendre.org\/loire\/wp-json\/wp\/v2\/types\/post"}],"author":[{"embeddable":true,"href":"https:\/\/www.reseau-entreprendre.org\/loire\/wp-json\/wp\/v2\/users\/32"}],"replies":[{"embeddable":true,"href":"https:\/\/www.reseau-entreprendre.org\/loire\/wp-json\/wp\/v2\/comments?post=2732"}],"version-history":[{"count":0,"href":"https:\/\/www.reseau-entreprendre.org\/loire\/wp-json\/wp\/v2\/posts\/2732\/revisions"}],"wp:featuredmedia":[{"embeddable":true,"href":"https:\/\/www.reseau-entreprendre.org\/loire\/wp-json\/wp\/v2\/media\/3311"}],"wp:attachment":[{"href":"https:\/\/www.reseau-entreprendre.org\/loire\/wp-json\/wp\/v2\/media?parent=2732"}],"wp:term":[{"taxonomy":"category","embeddable":true,"href":"https:\/\/www.reseau-entreprendre.org\/loire\/wp-json\/wp\/v2\/categories?post=2732"},{"taxonomy":"post_tag","embeddable":true,"href":"https:\/\/www.reseau-entreprendre.org\/loire\/wp-json\/wp\/v2\/tags?post=2732"}],"curies":[{"name":"wp","href":"https:\/\/api.w.org\/{rel}","templated":true}]}}