{"id":3401,"date":"2022-06-10T10:01:16","date_gmt":"2022-06-10T08:01:16","guid":{"rendered":"https:\/\/www.reseau-entreprendre.org\/loire\/?p=3401"},"modified":"2022-06-10T10:43:37","modified_gmt":"2022-06-10T08:43:37","slug":"les-belles-histoires-de-laccompagnement-3-2","status":"publish","type":"post","link":"https:\/\/www.reseau-entreprendre.org\/loire\/2022\/06\/10\/les-belles-histoires-de-laccompagnement-3-2\/","title":{"rendered":"Les belles histoires de l&#8217;accompagnement"},"content":{"rendered":"\n<p class=\"has-text-align-center\"><strong>David BALDINI<\/strong>, <strong>Didier CHATAING<\/strong> et <strong>J\u00e9r\u00f4me MICHON<\/strong> ont accompagn\u00e9 pendant 2 ans <strong>Gr\u00e9gory BONHOMME et Benoit MAGAND <\/strong>dans le d\u00e9veloppement de leur entreprise LA COMPAGNIE DES DEBOUCHEURS.<\/p>\n\n\n\n<div style=\"height:10px\" aria-hidden=\"true\" class=\"wp-block-spacer\"><\/div>\n\n\n\n<p class=\"has-text-align-center\">Pour en savoir plus :&nbsp;<a href=\"https:\/\/www.compagnie-deboucheurs.com\/\">www.compagnie-deboucheurs.com<\/a><\/p>\n\n\n<div class=\"wp-block-image\">\n<figure class=\"aligncenter size-large is-resized\"><img loading=\"lazy\" decoding=\"async\" src=\"https:\/\/www.reseau-entreprendre.org\/loire\/wp-content\/uploads\/sites\/31\/2022\/06\/2-1024x389.png\" alt=\"\" class=\"wp-image-3402\" width=\"727\" height=\"275\" srcset=\"https:\/\/www.reseau-entreprendre.org\/loire\/wp-content\/uploads\/sites\/31\/2022\/06\/2-1024x389.png 1024w, https:\/\/www.reseau-entreprendre.org\/loire\/wp-content\/uploads\/sites\/31\/2022\/06\/2-300x114.png 300w, https:\/\/www.reseau-entreprendre.org\/loire\/wp-content\/uploads\/sites\/31\/2022\/06\/2-768x292.png 768w, https:\/\/www.reseau-entreprendre.org\/loire\/wp-content\/uploads\/sites\/31\/2022\/06\/2-1536x584.png 1536w, https:\/\/www.reseau-entreprendre.org\/loire\/wp-content\/uploads\/sites\/31\/2022\/06\/2-210x80.png 210w, https:\/\/www.reseau-entreprendre.org\/loire\/wp-content\/uploads\/sites\/31\/2022\/06\/2.png 1658w\" sizes=\"auto, (max-width: 727px) 100vw, 727px\" \/><\/figure>\n<\/div>\n\n\n<p class=\"has-re-red-color has-text-color\"><strong><strong>D\u00e9crivez-en 3 mots votre accompagnement au sein de REL ?<\/strong><\/strong><\/p>\n\n\n\n<div style=\"height:10px\" aria-hidden=\"true\" class=\"wp-block-spacer\"><\/div>\n\n\n\n<p><strong>Benoit<\/strong>&nbsp;: Le partage , Le respect, La bienveillance<\/p>\n\n\n\n<div style=\"height:0px\" aria-hidden=\"true\" class=\"wp-block-spacer\"><\/div>\n\n\n\n<p><strong>Gr\u00e9gory&nbsp;<\/strong>: Bienveillance, Partage, Objectivit\u00e9<\/p>\n\n\n\n<div style=\"height:1px\" aria-hidden=\"true\" class=\"wp-block-spacer\"><\/div>\n\n\n\n<p><strong>David&nbsp;<\/strong>:&nbsp; accompagnement exigeant fond\u00e9 sur des r\u00e9flexions et des remises en questions strat\u00e9giques.<\/p>\n\n\n\n<div style=\"height:1px\" aria-hidden=\"true\" class=\"wp-block-spacer\"><\/div>\n\n\n\n<p><strong>Didier&nbsp;<\/strong>: Plaisir &#8211; Partage -Echanges enrichissants tant pour les accompagnateurs que pour les laur\u00e9ats.<\/p>\n\n\n\n<div style=\"height:1px\" aria-hidden=\"true\" class=\"wp-block-spacer\"><\/div>\n\n\n\n<p><strong>J\u00e9r\u00f4me&nbsp;<\/strong>: Bienveillant dans les \u00e9changes, enrichissant sur un plan personnel m\u00eame en tant qu\u2019accompagnateur, passionnant car nous \u00e9changeons avec les laur\u00e9ats comme si nous \u00e9tions \u00e0 leur c\u00f4t\u00e9 au quotidien dans la strat\u00e9gie et dans le d\u00e9veloppement.<\/p>\n\n\n\n<div style=\"height:10px\" aria-hidden=\"true\" class=\"wp-block-spacer\"><\/div>\n\n\n\n<p class=\"has-re-red-color has-text-color\"><strong>David, Didier et J\u00e9r\u00f4me, qu\u2019est-ce qui vous a donn\u00e9 envie d\u2019accompagner Benoit et Gr\u00e9gory dans leur projet&nbsp;?<\/strong><\/p>\n\n\n\n<div style=\"height:10px\" aria-hidden=\"true\" class=\"wp-block-spacer\"><\/div>\n\n\n\n<p><strong>David<\/strong>&nbsp;: La qualit\u00e9 du projet d\u2019entreprise et son d\u00e9veloppement tr\u00e8s dynamique, et avant tout les valeurs des dirigeants<\/p>\n\n\n\n<div style=\"height:1px\" aria-hidden=\"true\" class=\"wp-block-spacer\"><\/div>\n\n\n\n<p><strong>Didier&nbsp;<\/strong>: J&#8217;ai \u00e9t\u00e9 s\u00e9duit ( et oui!) tant par la&nbsp;personnalit\u00e9 de Gr\u00e9gory et Benoit, qui sont deux sacr\u00e9s bonhommes,&nbsp;que par le projet et le mod\u00e8le \u00e9conomique de la Compagnie des D\u00e9boucheurs. Leur projet \u00e9tait ambitieux, et les deux associ\u00e9s avait d\u00e9j\u00e0 une v\u00e9ritable vision de leur entreprise.<\/p>\n\n\n\n<div style=\"height:1px\" aria-hidden=\"true\" class=\"wp-block-spacer\"><\/div>\n\n\n\n<p><strong>J\u00e9r\u00f4me&nbsp;<\/strong>: L\u2019\u00e9tat d\u2019esprit de Benoit et Gr\u00e9gory, la chance de pouvoir accompagner une p\u00e9pite lig\u00e9rienne cr\u00e9atrice d\u2019emplois localement et cr\u00e9atrice de richesse partout en France avec le d\u00e9veloppement des franchises. Nous pouvons \u00eatre fiers d\u2019avoir sur notre territoire des entreprises qui exportent dans les autres d\u00e9partements du \u00ab&nbsp;made in Loire&nbsp;\u00bb<\/p>\n\n\n\n<div style=\"height:10px\" aria-hidden=\"true\" class=\"wp-block-spacer\"><\/div>\n\n\n\n<p class=\"has-re-red-color has-text-color\"><strong>Benoit, Gr\u00e9gory, que vous a apport\u00e9 ce parrainage&nbsp;?<\/strong><\/p>\n\n\n\n<div style=\"height:10px\" aria-hidden=\"true\" class=\"wp-block-spacer\"><\/div>\n\n\n\n<p><strong>Benoit&nbsp;:<\/strong> Dans un premier temps, ce parrainage nous a permis de sortir de notre cadre, de prendre le temps avec Greg de se poser, ce qui n\u2019est pas simple au quotidien. Dans un second temps, le regard ext\u00e9rieur apport\u00e9 par nos accompagnants a \u00e9t\u00e9 b\u00e9n\u00e9fique de par&nbsp;: leurs recommandations, leurs commentaires et aussi leurs compliments. C\u2019est aussi une multitude de petits d\u00e9tails qu\u2019ils nous ont distill\u00e9 par petite dose auxquels j\u2019ai pr\u00eat\u00e9 la plus grande des attentions, et cela m\u2019a pouss\u00e9 \u00e0 mettre mon cerveau en mode 120%. On pourrait se dire que conclure un partenariat de deux ans par ces quelques phrases seraient presque irr\u00e9v\u00e9rencieux, et pourtant je pense que m\u2019\u00e9tendre n\u2019apporterait rien de plus \u00e0 ma conclusion, il faut vivre un \u00e9change comme celui-ci pour le comprendre.<\/p>\n\n\n\n<div style=\"height:1px\" aria-hidden=\"true\" class=\"wp-block-spacer\"><\/div>\n\n\n\n<p><strong>Gr\u00e9gory<\/strong>\u00a0: Personnellement, je pense que cet accompagnement m\u2019a permis de prendre du recul sur notre activit\u00e9, de moins foncer t\u00eate baiss\u00e9e, de porter un regard objectif sur notre entreprise. Cela nous a \u00e9galement contraint \u00e0 prendre du temps ensemble avec Benoit, \u00ab\u00a0sortir la t\u00eate du guidon\u00a0\u00bb \u00a0afin de nous d\u00e9tacher de l\u2019op\u00e9rationnel et avoir une vision plus strat\u00e9gique. Je pense que cela a contribu\u00e9 \u00e0 faire\u00a0\u00e9voluer ma posture au sein de l\u2019entreprise en tant que dirigeant \u00e0 mieux appr\u00e9hender mon r\u00f4le. Notre accompagnement se termine, mais nos accompagnants resteront des conseils pr\u00e9cieux par leur exp\u00e9rience, leur savoir et leur humilit\u00e9. Ils nous ont offert de leur temps pour nous partager leur vision et leurs connaissances sans jamais s\u2019imposer, ils nous ont aid\u00e9 \u00e0 r\u00e9fl\u00e9chir.<\/p>\n\n\n\n<div style=\"height:10px\" aria-hidden=\"true\" class=\"wp-block-spacer\"><\/div>\n\n\n\n<p class=\"has-re-red-color has-text-color\"><strong>Si c\u2019\u00e9tait \u00e0 refaire ?<\/strong><\/p>\n\n\n\n<div style=\"height:10px\" aria-hidden=\"true\" class=\"wp-block-spacer\"><\/div>\n\n\n\n<p><strong>Benoit<\/strong>&nbsp;: Je n\u2019ai rien \u00e0 changer. Bravo R\u00e9seau entreprendre, bravo \u00e0 votre \u00e9quipe, Merci \u00e0 nos accompagnants et bravo \u00e0 eux pour leurs parcours. Vous tous et R\u00e9seau Entreprendre peuvent compter sur moi \u00e0 l\u2019avenir.<\/p>\n\n\n\n<div style=\"height:1px\" aria-hidden=\"true\" class=\"wp-block-spacer\"><\/div>\n\n\n\n<p><strong>Gr\u00e9gory<\/strong>\u00a0: R\u00e9seau Entreprendre Loire est un lieu de partage de connaissances et d\u2019exp\u00e9riences plein de bienveillance et aussi de bonne humeur. Je resterai membre avec un immense plaisir et aspire moi aussi un jour \u00e0 proposer mes services en tant qu\u2019accompagnant. Encore merci \u00e0 nos accompagnants, ainsi qu\u2019\u00e0 toute la belle \u00e9quipe de R\u00e9seau.<\/p>\n\n\n\n<div style=\"height:1px\" aria-hidden=\"true\" class=\"wp-block-spacer\"><\/div>\n\n\n\n<p><strong>David<\/strong>&nbsp;:&nbsp; Ne rien changer, sauf la dur\u00e9e de l\u2019accompagnement. Le poursuivre nous permettrait de continuer \u00e0 nous enrichir les uns les autres. Ce que l\u2019on fera de fa\u00e7on informelle<\/p>\n\n\n\n<div style=\"height:1px\" aria-hidden=\"true\" class=\"wp-block-spacer\"><\/div>\n\n\n\n<p><strong>Didier&nbsp;<\/strong>: Je prends d\u00e9j\u00e0 mon ticket pour r\u00e9-accompagner les d\u00e9boucheurs, le temps est pass\u00e9 beaucoup trop vite. Et je suis toujours OK bien s\u00fbr pour accompagner d&#8217;autres projets ambitieux.<\/p>\n\n\n\n<div style=\"height:1px\" aria-hidden=\"true\" class=\"wp-block-spacer\"><\/div>\n\n\n\n<p><strong>J\u00e9r\u00f4me&nbsp;<\/strong>: oui avec plaisir<\/p>\n","protected":false},"excerpt":{"rendered":"<p>David BALDINI, Didier CHATAING et J\u00e9r\u00f4me MICHON ont accompagn\u00e9 pendant<\/p>\n","protected":false},"author":32,"featured_media":3409,"comment_status":"closed","ping_status":"closed","sticky":false,"template":"","format":"standard","meta":{"_acf_changed":false,"_monsterinsights_skip_tracking":false,"_monsterinsights_sitenote_active":false,"_monsterinsights_sitenote_note":"","_monsterinsights_sitenote_category":0,"footnotes":""},"categories":[4],"tags":[],"class_list":["post-3401","post","type-post","status-publish","format-standard","has-post-thumbnail","hentry","category-actualites","news"],"acf":[],"yoast_head":"<!-- This site is optimized with the Yoast SEO plugin v27.4 - https:\/\/yoast.com\/product\/yoast-seo-wordpress\/ -->\n<title>Les belles histoires de l&#039;accompagnement - R\u00e9seau Entreprendre Loire<\/title>\n<meta name=\"robots\" content=\"index, follow, max-snippet:-1, max-image-preview:large, max-video-preview:-1\" \/>\n<link rel=\"canonical\" href=\"https:\/\/www.reseau-entreprendre.org\/loire\/2022\/06\/10\/les-belles-histoires-de-laccompagnement-3-2\/\" \/>\n<meta property=\"og:locale\" content=\"fr_FR\" \/>\n<meta property=\"og:type\" content=\"article\" \/>\n<meta property=\"og:title\" content=\"Les belles histoires de l&#039;accompagnement - R\u00e9seau Entreprendre Loire\" \/>\n<meta property=\"og:description\" content=\"David BALDINI, Didier CHATAING et J\u00e9r\u00f4me MICHON ont accompagn\u00e9 pendant\" \/>\n<meta property=\"og:url\" content=\"https:\/\/www.reseau-entreprendre.org\/loire\/2022\/06\/10\/les-belles-histoires-de-laccompagnement-3-2\/\" \/>\n<meta property=\"og:site_name\" content=\"R\u00e9seau Entreprendre Loire\" \/>\n<meta property=\"article:published_time\" content=\"2022-06-10T08:01:16+00:00\" \/>\n<meta property=\"article:modified_time\" content=\"2022-06-10T08:43:37+00:00\" \/>\n<meta property=\"og:image\" content=\"https:\/\/www.reseau-entreprendre.org\/loire\/wp-content\/uploads\/sites\/31\/2022\/06\/Image7.png\" \/>\n\t<meta property=\"og:image:width\" content=\"2294\" \/>\n\t<meta property=\"og:image:height\" content=\"1487\" \/>\n\t<meta property=\"og:image:type\" content=\"image\/png\" \/>\n<meta name=\"author\" content=\"loire\" \/>\n<meta name=\"twitter:card\" content=\"summary_large_image\" \/>\n<meta name=\"twitter:label1\" content=\"\u00c9crit par\" \/>\n\t<meta name=\"twitter:data1\" content=\"loire\" \/>\n\t<meta name=\"twitter:label2\" content=\"Dur\u00e9e de lecture estim\u00e9e\" \/>\n\t<meta name=\"twitter:data2\" content=\"4 minutes\" \/>\n<script type=\"application\/ld+json\" class=\"yoast-schema-graph\">{\"@context\":\"https:\\\/\\\/schema.org\",\"@graph\":[{\"@type\":\"Article\",\"@id\":\"https:\\\/\\\/www.reseau-entreprendre.org\\\/loire\\\/2022\\\/06\\\/10\\\/les-belles-histoires-de-laccompagnement-3-2\\\/#article\",\"isPartOf\":{\"@id\":\"https:\\\/\\\/www.reseau-entreprendre.org\\\/loire\\\/2022\\\/06\\\/10\\\/les-belles-histoires-de-laccompagnement-3-2\\\/\"},\"author\":{\"name\":\"loire\",\"@id\":\"https:\\\/\\\/www.reseau-entreprendre.org\\\/loire\\\/#\\\/schema\\\/person\\\/d1ad26b2abde10357227ae0992e64da8\"},\"headline\":\"Les belles histoires de l&#8217;accompagnement\",\"datePublished\":\"2022-06-10T08:01:16+00:00\",\"dateModified\":\"2022-06-10T08:43:37+00:00\",\"mainEntityOfPage\":{\"@id\":\"https:\\\/\\\/www.reseau-entreprendre.org\\\/loire\\\/2022\\\/06\\\/10\\\/les-belles-histoires-de-laccompagnement-3-2\\\/\"},\"wordCount\":779,\"image\":{\"@id\":\"https:\\\/\\\/www.reseau-entreprendre.org\\\/loire\\\/2022\\\/06\\\/10\\\/les-belles-histoires-de-laccompagnement-3-2\\\/#primaryimage\"},\"thumbnailUrl\":\"https:\\\/\\\/www.reseau-entreprendre.org\\\/loire\\\/wp-content\\\/uploads\\\/sites\\\/31\\\/2022\\\/06\\\/Image7.png\",\"articleSection\":[\"Actualit\u00e9s\"],\"inLanguage\":\"fr-FR\"},{\"@type\":\"WebPage\",\"@id\":\"https:\\\/\\\/www.reseau-entreprendre.org\\\/loire\\\/2022\\\/06\\\/10\\\/les-belles-histoires-de-laccompagnement-3-2\\\/\",\"url\":\"https:\\\/\\\/www.reseau-entreprendre.org\\\/loire\\\/2022\\\/06\\\/10\\\/les-belles-histoires-de-laccompagnement-3-2\\\/\",\"name\":\"Les belles histoires de l'accompagnement - R\u00e9seau Entreprendre Loire\",\"isPartOf\":{\"@id\":\"https:\\\/\\\/www.reseau-entreprendre.org\\\/loire\\\/#website\"},\"primaryImageOfPage\":{\"@id\":\"https:\\\/\\\/www.reseau-entreprendre.org\\\/loire\\\/2022\\\/06\\\/10\\\/les-belles-histoires-de-laccompagnement-3-2\\\/#primaryimage\"},\"image\":{\"@id\":\"https:\\\/\\\/www.reseau-entreprendre.org\\\/loire\\\/2022\\\/06\\\/10\\\/les-belles-histoires-de-laccompagnement-3-2\\\/#primaryimage\"},\"thumbnailUrl\":\"https:\\\/\\\/www.reseau-entreprendre.org\\\/loire\\\/wp-content\\\/uploads\\\/sites\\\/31\\\/2022\\\/06\\\/Image7.png\",\"datePublished\":\"2022-06-10T08:01:16+00:00\",\"dateModified\":\"2022-06-10T08:43:37+00:00\",\"author\":{\"@id\":\"https:\\\/\\\/www.reseau-entreprendre.org\\\/loire\\\/#\\\/schema\\\/person\\\/d1ad26b2abde10357227ae0992e64da8\"},\"breadcrumb\":{\"@id\":\"https:\\\/\\\/www.reseau-entreprendre.org\\\/loire\\\/2022\\\/06\\\/10\\\/les-belles-histoires-de-laccompagnement-3-2\\\/#breadcrumb\"},\"inLanguage\":\"fr-FR\",\"potentialAction\":[{\"@type\":\"ReadAction\",\"target\":[\"https:\\\/\\\/www.reseau-entreprendre.org\\\/loire\\\/2022\\\/06\\\/10\\\/les-belles-histoires-de-laccompagnement-3-2\\\/\"]}]},{\"@type\":\"ImageObject\",\"inLanguage\":\"fr-FR\",\"@id\":\"https:\\\/\\\/www.reseau-entreprendre.org\\\/loire\\\/2022\\\/06\\\/10\\\/les-belles-histoires-de-laccompagnement-3-2\\\/#primaryimage\",\"url\":\"https:\\\/\\\/www.reseau-entreprendre.org\\\/loire\\\/wp-content\\\/uploads\\\/sites\\\/31\\\/2022\\\/06\\\/Image7.png\",\"contentUrl\":\"https:\\\/\\\/www.reseau-entreprendre.org\\\/loire\\\/wp-content\\\/uploads\\\/sites\\\/31\\\/2022\\\/06\\\/Image7.png\",\"width\":2294,\"height\":1487},{\"@type\":\"BreadcrumbList\",\"@id\":\"https:\\\/\\\/www.reseau-entreprendre.org\\\/loire\\\/2022\\\/06\\\/10\\\/les-belles-histoires-de-laccompagnement-3-2\\\/#breadcrumb\",\"itemListElement\":[{\"@type\":\"ListItem\",\"position\":1,\"name\":\"Accueil\",\"item\":\"https:\\\/\\\/www.reseau-entreprendre.org\\\/loire\\\/\"},{\"@type\":\"ListItem\",\"position\":2,\"name\":\"Les belles histoires de l&rsquo;accompagnement\"}]},{\"@type\":\"WebSite\",\"@id\":\"https:\\\/\\\/www.reseau-entreprendre.org\\\/loire\\\/#website\",\"url\":\"https:\\\/\\\/www.reseau-entreprendre.org\\\/loire\\\/\",\"name\":\"R\u00e9seau Entreprendre Loire\",\"description\":\"Un site utilisant Les sites de R\u00e9seau Entreprendre\",\"potentialAction\":[{\"@type\":\"SearchAction\",\"target\":{\"@type\":\"EntryPoint\",\"urlTemplate\":\"https:\\\/\\\/www.reseau-entreprendre.org\\\/loire\\\/?s={search_term_string}\"},\"query-input\":{\"@type\":\"PropertyValueSpecification\",\"valueRequired\":true,\"valueName\":\"search_term_string\"}}],\"inLanguage\":\"fr-FR\"},{\"@type\":\"Person\",\"@id\":\"https:\\\/\\\/www.reseau-entreprendre.org\\\/loire\\\/#\\\/schema\\\/person\\\/d1ad26b2abde10357227ae0992e64da8\",\"name\":\"loire\",\"image\":{\"@type\":\"ImageObject\",\"inLanguage\":\"fr-FR\",\"@id\":\"https:\\\/\\\/secure.gravatar.com\\\/avatar\\\/f10b72285eb3856388bf5587e45ce3c895f0ea7267e90d1b5c30f817c7fb5e0b?s=96&d=mm&r=g\",\"url\":\"https:\\\/\\\/secure.gravatar.com\\\/avatar\\\/f10b72285eb3856388bf5587e45ce3c895f0ea7267e90d1b5c30f817c7fb5e0b?s=96&d=mm&r=g\",\"contentUrl\":\"https:\\\/\\\/secure.gravatar.com\\\/avatar\\\/f10b72285eb3856388bf5587e45ce3c895f0ea7267e90d1b5c30f817c7fb5e0b?s=96&d=mm&r=g\",\"caption\":\"loire\"},\"url\":\"https:\\\/\\\/www.reseau-entreprendre.org\\\/loire\\\/author\\\/loire\\\/\"}]}<\/script>\n<!-- \/ Yoast SEO plugin. -->","yoast_head_json":{"title":"Les belles histoires de l'accompagnement - R\u00e9seau Entreprendre Loire","robots":{"index":"index","follow":"follow","max-snippet":"max-snippet:-1","max-image-preview":"max-image-preview:large","max-video-preview":"max-video-preview:-1"},"canonical":"https:\/\/www.reseau-entreprendre.org\/loire\/2022\/06\/10\/les-belles-histoires-de-laccompagnement-3-2\/","og_locale":"fr_FR","og_type":"article","og_title":"Les belles histoires de l'accompagnement - R\u00e9seau Entreprendre Loire","og_description":"David BALDINI, Didier CHATAING et J\u00e9r\u00f4me MICHON ont accompagn\u00e9 pendant","og_url":"https:\/\/www.reseau-entreprendre.org\/loire\/2022\/06\/10\/les-belles-histoires-de-laccompagnement-3-2\/","og_site_name":"R\u00e9seau Entreprendre Loire","article_published_time":"2022-06-10T08:01:16+00:00","article_modified_time":"2022-06-10T08:43:37+00:00","og_image":[{"width":2294,"height":1487,"url":"https:\/\/www.reseau-entreprendre.org\/loire\/wp-content\/uploads\/sites\/31\/2022\/06\/Image7.png","type":"image\/png"}],"author":"loire","twitter_card":"summary_large_image","twitter_misc":{"\u00c9crit par":"loire","Dur\u00e9e de lecture estim\u00e9e":"4 minutes"},"schema":{"@context":"https:\/\/schema.org","@graph":[{"@type":"Article","@id":"https:\/\/www.reseau-entreprendre.org\/loire\/2022\/06\/10\/les-belles-histoires-de-laccompagnement-3-2\/#article","isPartOf":{"@id":"https:\/\/www.reseau-entreprendre.org\/loire\/2022\/06\/10\/les-belles-histoires-de-laccompagnement-3-2\/"},"author":{"name":"loire","@id":"https:\/\/www.reseau-entreprendre.org\/loire\/#\/schema\/person\/d1ad26b2abde10357227ae0992e64da8"},"headline":"Les belles histoires de l&#8217;accompagnement","datePublished":"2022-06-10T08:01:16+00:00","dateModified":"2022-06-10T08:43:37+00:00","mainEntityOfPage":{"@id":"https:\/\/www.reseau-entreprendre.org\/loire\/2022\/06\/10\/les-belles-histoires-de-laccompagnement-3-2\/"},"wordCount":779,"image":{"@id":"https:\/\/www.reseau-entreprendre.org\/loire\/2022\/06\/10\/les-belles-histoires-de-laccompagnement-3-2\/#primaryimage"},"thumbnailUrl":"https:\/\/www.reseau-entreprendre.org\/loire\/wp-content\/uploads\/sites\/31\/2022\/06\/Image7.png","articleSection":["Actualit\u00e9s"],"inLanguage":"fr-FR"},{"@type":"WebPage","@id":"https:\/\/www.reseau-entreprendre.org\/loire\/2022\/06\/10\/les-belles-histoires-de-laccompagnement-3-2\/","url":"https:\/\/www.reseau-entreprendre.org\/loire\/2022\/06\/10\/les-belles-histoires-de-laccompagnement-3-2\/","name":"Les belles histoires de l'accompagnement - R\u00e9seau Entreprendre Loire","isPartOf":{"@id":"https:\/\/www.reseau-entreprendre.org\/loire\/#website"},"primaryImageOfPage":{"@id":"https:\/\/www.reseau-entreprendre.org\/loire\/2022\/06\/10\/les-belles-histoires-de-laccompagnement-3-2\/#primaryimage"},"image":{"@id":"https:\/\/www.reseau-entreprendre.org\/loire\/2022\/06\/10\/les-belles-histoires-de-laccompagnement-3-2\/#primaryimage"},"thumbnailUrl":"https:\/\/www.reseau-entreprendre.org\/loire\/wp-content\/uploads\/sites\/31\/2022\/06\/Image7.png","datePublished":"2022-06-10T08:01:16+00:00","dateModified":"2022-06-10T08:43:37+00:00","author":{"@id":"https:\/\/www.reseau-entreprendre.org\/loire\/#\/schema\/person\/d1ad26b2abde10357227ae0992e64da8"},"breadcrumb":{"@id":"https:\/\/www.reseau-entreprendre.org\/loire\/2022\/06\/10\/les-belles-histoires-de-laccompagnement-3-2\/#breadcrumb"},"inLanguage":"fr-FR","potentialAction":[{"@type":"ReadAction","target":["https:\/\/www.reseau-entreprendre.org\/loire\/2022\/06\/10\/les-belles-histoires-de-laccompagnement-3-2\/"]}]},{"@type":"ImageObject","inLanguage":"fr-FR","@id":"https:\/\/www.reseau-entreprendre.org\/loire\/2022\/06\/10\/les-belles-histoires-de-laccompagnement-3-2\/#primaryimage","url":"https:\/\/www.reseau-entreprendre.org\/loire\/wp-content\/uploads\/sites\/31\/2022\/06\/Image7.png","contentUrl":"https:\/\/www.reseau-entreprendre.org\/loire\/wp-content\/uploads\/sites\/31\/2022\/06\/Image7.png","width":2294,"height":1487},{"@type":"BreadcrumbList","@id":"https:\/\/www.reseau-entreprendre.org\/loire\/2022\/06\/10\/les-belles-histoires-de-laccompagnement-3-2\/#breadcrumb","itemListElement":[{"@type":"ListItem","position":1,"name":"Accueil","item":"https:\/\/www.reseau-entreprendre.org\/loire\/"},{"@type":"ListItem","position":2,"name":"Les belles histoires de l&rsquo;accompagnement"}]},{"@type":"WebSite","@id":"https:\/\/www.reseau-entreprendre.org\/loire\/#website","url":"https:\/\/www.reseau-entreprendre.org\/loire\/","name":"R\u00e9seau Entreprendre Loire","description":"Un site utilisant Les sites de R\u00e9seau Entreprendre","potentialAction":[{"@type":"SearchAction","target":{"@type":"EntryPoint","urlTemplate":"https:\/\/www.reseau-entreprendre.org\/loire\/?s={search_term_string}"},"query-input":{"@type":"PropertyValueSpecification","valueRequired":true,"valueName":"search_term_string"}}],"inLanguage":"fr-FR"},{"@type":"Person","@id":"https:\/\/www.reseau-entreprendre.org\/loire\/#\/schema\/person\/d1ad26b2abde10357227ae0992e64da8","name":"loire","image":{"@type":"ImageObject","inLanguage":"fr-FR","@id":"https:\/\/secure.gravatar.com\/avatar\/f10b72285eb3856388bf5587e45ce3c895f0ea7267e90d1b5c30f817c7fb5e0b?s=96&d=mm&r=g","url":"https:\/\/secure.gravatar.com\/avatar\/f10b72285eb3856388bf5587e45ce3c895f0ea7267e90d1b5c30f817c7fb5e0b?s=96&d=mm&r=g","contentUrl":"https:\/\/secure.gravatar.com\/avatar\/f10b72285eb3856388bf5587e45ce3c895f0ea7267e90d1b5c30f817c7fb5e0b?s=96&d=mm&r=g","caption":"loire"},"url":"https:\/\/www.reseau-entreprendre.org\/loire\/author\/loire\/"}]}},"_links":{"self":[{"href":"https:\/\/www.reseau-entreprendre.org\/loire\/wp-json\/wp\/v2\/posts\/3401","targetHints":{"allow":["GET"]}}],"collection":[{"href":"https:\/\/www.reseau-entreprendre.org\/loire\/wp-json\/wp\/v2\/posts"}],"about":[{"href":"https:\/\/www.reseau-entreprendre.org\/loire\/wp-json\/wp\/v2\/types\/post"}],"author":[{"embeddable":true,"href":"https:\/\/www.reseau-entreprendre.org\/loire\/wp-json\/wp\/v2\/users\/32"}],"replies":[{"embeddable":true,"href":"https:\/\/www.reseau-entreprendre.org\/loire\/wp-json\/wp\/v2\/comments?post=3401"}],"version-history":[{"count":0,"href":"https:\/\/www.reseau-entreprendre.org\/loire\/wp-json\/wp\/v2\/posts\/3401\/revisions"}],"wp:featuredmedia":[{"embeddable":true,"href":"https:\/\/www.reseau-entreprendre.org\/loire\/wp-json\/wp\/v2\/media\/3409"}],"wp:attachment":[{"href":"https:\/\/www.reseau-entreprendre.org\/loire\/wp-json\/wp\/v2\/media?parent=3401"}],"wp:term":[{"taxonomy":"category","embeddable":true,"href":"https:\/\/www.reseau-entreprendre.org\/loire\/wp-json\/wp\/v2\/categories?post=3401"},{"taxonomy":"post_tag","embeddable":true,"href":"https:\/\/www.reseau-entreprendre.org\/loire\/wp-json\/wp\/v2\/tags?post=3401"}],"curies":[{"name":"wp","href":"https:\/\/api.w.org\/{rel}","templated":true}]}}