{"id":3300,"date":"2024-11-01T10:46:59","date_gmt":"2024-11-01T09:46:59","guid":{"rendered":"https:\/\/www.reseau-entreprendre.org\/maine-et-loire\/?p=3300"},"modified":"2025-02-21T11:04:42","modified_gmt":"2025-02-21T10:04:42","slug":"parcours-rse-re49","status":"publish","type":"post","link":"https:\/\/www.reseau-entreprendre.org\/maine-et-loire\/2024\/11\/01\/parcours-rse-re49\/","title":{"rendered":"Mon parcours RSE"},"content":{"rendered":"\n<h2 class=\"wp-block-heading has-re-yellow-color has-text-color has-link-color has-x-large-font-size wp-elements-0a68f6ce6049bfb7896ea44500ab8915\"><strong>Guide de 10 \u00e9tapes pour structurer notre d\u00e9marche RSE<\/strong><\/h2>\n\n\n\n<p><\/p>\n\n\n\n<figure class=\"wp-block-gallery alignwide has-nested-images columns-default is-cropped wp-block-gallery-1 is-layout-flex wp-block-gallery-is-layout-flex\">\n<figure class=\"wp-block-image size-full\"><img loading=\"lazy\" decoding=\"async\" width=\"1000\" height=\"322\" data-id=\"3304\" src=\"https:\/\/www.reseau-entreprendre.org\/maine-et-loire\/wp-content\/uploads\/sites\/48\/2024\/11\/Entetes-Newsletter-1000-x-322-px-3.gif\" alt=\"\" class=\"wp-image-3304\" \/><\/figure>\n<\/figure>\n\n\n\n<p><\/p>\n\n\n\n<p><\/p>\n\n\n\n<p><\/p>\n\n\n\n<p class=\"has-text-color has-link-color has-large-font-size wp-elements-379dc95b813427003d029e0faba67d2e\" style=\"color:#6dd391\"><strong>Lancement Mon parcours RSE<\/strong><\/p>\n\n\n\n<p><\/p>\n\n\n\n<p class=\"has-medium-font-size\">&#x1f449; La premi\u00e8re promotion \u00ab Mon Parcours RSE \u00bb, compos\u00e9e de 20 entrepreneurs engag\u00e9e, est lanc\u00e9e. Sous la conduite de <a href=\"https:\/\/www.linkedin.com\/in\/ACoAAASDM4UBIoh8-ddRfDnT-Kz23f6TIZVJq7M\"><\/a><a href=\"https:\/\/www.linkedin.com\/in\/charles-eric-fougeray-0b143021\/\">Charles-Eric FOUGERAY<\/a> (administrateur r\u00e9f\u00e9rent impact), d&#8217;<a href=\"https:\/\/www.linkedin.com\/in\/ACoAAAbvwKgB_vrCecillts0f7LjovFyLsQ3UnE\"><\/a><a href=\"https:\/\/www.linkedin.com\/in\/olivier-messager-o2m\/\">Olivier Messager<\/a> (laur\u00e9at 2021, cr\u00e9ateur d\u2019O2M) et <a href=\"https:\/\/www.linkedin.com\/in\/ACoAACDI6gcBNbYaVxY7olr5i40SfAjS2EVP59g\"><\/a><a href=\"https:\/\/www.linkedin.com\/in\/clement-benassy\/\">Cl\u00e9ment B\u00e9nassy<\/a> (laur\u00e9at 2021 et co-fondateur de N\u00e9olithe), les participants profitent d&#8217;\u00e9changes entre pairs. Depuis novembre, ils suivent le guide compos\u00e9 de 10 \u00e9tapes pour avancer pas \u00e0 pas, structurer et faire grandir leur d\u00e9marche RSE. &#x1f343;<br><br>Les membres participants :<br>ANGERS\u00a0: <a href=\"https:\/\/www.linkedin.com\/in\/ACoAABW8kCIB9TeN5UK7M_IqZV2Mkbm1KNeOJmQ\"><\/a><a href=\"https:\/\/www.linkedin.com\/in\/fran%C3%A7ois-banton-256169a2\/\">Fran\u00e7ois Banton<\/a>, <a href=\"https:\/\/www.linkedin.com\/in\/ACoAAC7PdpkBYMVFCRfHWRnnfKFY6h5jpesutnw\"><\/a><a href=\"https:\/\/www.linkedin.com\/in\/julien-chartier-b3501719b\/\">Julien Chartier<\/a>, <a href=\"https:\/\/www.linkedin.com\/in\/ACoAABw5y6gBl8y3bRoAodiH-pl8Lgcs0bpXz6Q\"><\/a><a href=\"https:\/\/www.linkedin.com\/in\/jlucclement\/\">Jean Luc CLEMENT<\/a>, <a href=\"https:\/\/www.linkedin.com\/in\/ACoAAAyMSuoBvRPXY208gTfl1nGpalhz4iHtGOg\"><\/a><a href=\"https:\/\/www.linkedin.com\/in\/thierry-donat-20a6055a\/\">Thierry Donat<\/a>, <a href=\"https:\/\/www.linkedin.com\/in\/ACoAAApSBbsBUcPqTOl0ckD49nBsg3EYinVhol0\"><\/a><a href=\"https:\/\/www.linkedin.com\/in\/jb-guigonet\/\">Jean-Baptiste GUIGONET<\/a>, <a href=\"https:\/\/www.linkedin.com\/in\/ACoAAAza2pABmFFxLMIfC0umsACQXNLOANvxBpM\"><\/a><a href=\"https:\/\/www.linkedin.com\/in\/karine-guyon-81428860\/\">karine guyon<\/a>, <a href=\"https:\/\/www.linkedin.com\/in\/ACoAAAbvwKgB_vrCecillts0f7LjovFyLsQ3UnE\"><\/a><a href=\"https:\/\/www.linkedin.com\/in\/olivier-messager-o2m\/\">Olivier Messager<\/a>, <a href=\"https:\/\/www.linkedin.com\/in\/ACoAAB8vJ0sBbVbs8-T-AHI0E97_g8SdRwNPGDg\"><\/a><a href=\"https:\/\/www.linkedin.com\/in\/etienne-milet-as-maintenance\/\">Etienne MILET<\/a>, <a href=\"https:\/\/www.linkedin.com\/in\/ACoAACEESEEBu7MeBxLHvIj_IrK4zMeaUUC2xHY\"><\/a><a href=\"https:\/\/www.linkedin.com\/in\/petit-patrice-769614135\/\">Petit Patrice<\/a>, <a href=\"https:\/\/www.linkedin.com\/in\/ACoAAAX0D6wB-UfUO1CdHJfaPb70k49FGgjHtg8\"><\/a><a href=\"https:\/\/www.linkedin.com\/in\/christophe-roche-52454929\/\">Christophe Roche<\/a>, <a href=\"https:\/\/www.linkedin.com\/in\/ACoAAASHfsoBEjXQaMI_Uf3PxNE0hAWLwDzVyXQ\"><\/a><a href=\"https:\/\/www.linkedin.com\/in\/charles-woitiez-b2254621\/\">Charles Woitiez<\/a>, <a href=\"https:\/\/www.linkedin.com\/in\/ACoAAAZoQTQBspamZXNAtE4zMyvOSrXZBh5orA0\"><\/a><a href=\"https:\/\/www.linkedin.com\/in\/oscar-csibi\/\">Oscar CSIBI<\/a>, <a href=\"https:\/\/www.linkedin.com\/in\/ACoAAAThlBIBDaLRmWm7BZyH58RgpQEII-oNQIw\"><\/a><a href=\"https:\/\/www.linkedin.com\/in\/philippe-bocquet-%F0%9F%93%BD-cr%C3%A9ateur-de-indusnet-work-%F0%9F%96%A5-50251323\/\">Philippe<\/a> Bocquet, Christophe Subileau<br><br>CHOLET\u00a0: <a href=\"https:\/\/www.linkedin.com\/in\/ACoAAA9JIxIB-kzmQvJ7-J4eZHfJT1rc1raI_Ek\"><\/a><a href=\"https:\/\/www.linkedin.com\/in\/pascalaudebert\/\">Pascal Audebert<\/a>, <a href=\"https:\/\/www.linkedin.com\/in\/ACoAADTIcKcB3N2-MEG9QXW0VDpz4dC2Bma4Txw\"><\/a><a href=\"https:\/\/www.linkedin.com\/in\/cl%C3%A9ment-balliana-97369b208\/\">Cl\u00e9ment Balliana<\/a>, <a href=\"https:\/\/www.linkedin.com\/in\/ACoAACDI6gcBNbYaVxY7olr5i40SfAjS2EVP59g\"><\/a><a href=\"https:\/\/www.linkedin.com\/in\/clement-benassy\/\">Cl\u00e9ment B\u00e9nassy<\/a>, <a href=\"https:\/\/www.linkedin.com\/in\/ACoAAASDM4UBIoh8-ddRfDnT-Kz23f6TIZVJq7M\"><\/a><a href=\"https:\/\/www.linkedin.com\/in\/charles-eric-fougeray-0b143021\/\">Charles-Eric FOUGERAY<\/a>, <a href=\"https:\/\/www.linkedin.com\/in\/ACoAABflCswBoneMwDiOr4E3oFl_3NMTWe-oaUc\"><\/a><a href=\"https:\/\/www.linkedin.com\/in\/loic-godin-5a430ab2\/\">loic godin<\/a>, <a href=\"https:\/\/www.linkedin.com\/in\/ACoAAClmuZcB2M7DKGLfj3DX9v5EuvBMFQ1LyJc\"><\/a><a href=\"https:\/\/www.linkedin.com\/in\/yoann-gourdon\/\">Yoann GOURDON<\/a>, <a href=\"https:\/\/www.linkedin.com\/in\/ACoAAAH_f8UBBpAdk0-nPQErWtbnWY-Y9Rb7nMA\"><\/a><a href=\"https:\/\/www.linkedin.com\/in\/philippe-japy-0b1287b\/\">Philippe Japy<\/a>, Julien L., <a href=\"https:\/\/www.linkedin.com\/in\/ACoAACVqc3EB0uL9upIEFk-JgW5n7Y6Yh3bsSKs\"><\/a><a href=\"https:\/\/www.linkedin.com\/in\/maxence-parfait\/\">Maxence Parfait<\/a>, <a href=\"https:\/\/www.linkedin.com\/in\/ACoAABemjV4BXWa1mrOi32z7-yhVS2q2U8Vve7s\"><\/a><a href=\"https:\/\/www.linkedin.com\/in\/alexandrarenard-o2m\/\">Alexandra DESBROSSES-RENARD<\/a>, <a href=\"https:\/\/www.linkedin.com\/in\/ACoAAAwuwoUBf7k14C9L_VwN5_ISdPh32arkAS4\"><\/a><a href=\"https:\/\/www.linkedin.com\/in\/vincent-royer-a3154958\/\">Vincent Royer<\/a>.<\/p>\n\n\n\n<p class=\"has-medium-font-size\"><\/p>\n\n\n\n<p class=\"has-medium-font-size\"><\/p>\n\n\n\n<div style=\"height:35px\" aria-hidden=\"true\" class=\"wp-block-spacer\"><\/div>\n\n\n\n<p><\/p>\n","protected":false},"excerpt":{"rendered":"<p>Guide de 10 \u00e9tapes pour structurer notre d\u00e9marche RSE Lancement<\/p>\n","protected":false},"author":226,"featured_media":3302,"comment_status":"closed","ping_status":"closed","sticky":false,"template":"","format":"standard","meta":{"_acf_changed":false,"_monsterinsights_skip_tracking":false,"_monsterinsights_sitenote_active":false,"_monsterinsights_sitenote_note":"","_monsterinsights_sitenote_category":0,"footnotes":""},"categories":[4],"tags":[],"class_list":["post-3300","post","type-post","status-publish","format-standard","has-post-thumbnail","hentry","category-actualites","news"],"acf":[],"yoast_head":"<!-- This site is optimized with the Yoast SEO plugin v27.4 - https:\/\/yoast.com\/product\/yoast-seo-wordpress\/ -->\n<title>Mon parcours RSE - R\u00e9seau Entreprendre Maine &amp; Loire<\/title>\n<meta name=\"description\" content=\"Lancement mon parcours RSE de R\u00e9seau Entreprendre Maine-et-Loire : un guide compos\u00e9 de 10 \u00e9tapes pour avancer pas \u00e0 pas sur leur d\u00e9marche RSE.\" \/>\n<meta name=\"robots\" content=\"index, follow, max-snippet:-1, max-image-preview:large, max-video-preview:-1\" \/>\n<link rel=\"canonical\" href=\"https:\/\/www.reseau-entreprendre.org\/maine-et-loire\/2024\/11\/01\/parcours-rse-re49\/\" \/>\n<meta property=\"og:locale\" content=\"fr_FR\" \/>\n<meta property=\"og:type\" content=\"article\" \/>\n<meta property=\"og:title\" content=\"Mon parcours RSE - R\u00e9seau Entreprendre Maine &amp; Loire\" \/>\n<meta property=\"og:description\" content=\"Lancement mon parcours RSE de R\u00e9seau Entreprendre Maine-et-Loire : un guide compos\u00e9 de 10 \u00e9tapes pour avancer pas \u00e0 pas sur leur d\u00e9marche RSE.\" \/>\n<meta property=\"og:url\" content=\"https:\/\/www.reseau-entreprendre.org\/maine-et-loire\/2024\/11\/01\/parcours-rse-re49\/\" \/>\n<meta property=\"og:site_name\" content=\"R\u00e9seau Entreprendre Maine &amp; Loire\" \/>\n<meta property=\"article:published_time\" content=\"2024-11-01T09:46:59+00:00\" \/>\n<meta property=\"article:modified_time\" content=\"2025-02-21T10:04:42+00:00\" \/>\n<meta property=\"og:image\" content=\"https:\/\/www.reseau-entreprendre.org\/maine-et-loire\/wp-content\/uploads\/sites\/48\/2024\/11\/Capture-decran-2025-02-21-104916.png\" \/>\n\t<meta property=\"og:image:width\" content=\"613\" \/>\n\t<meta property=\"og:image:height\" content=\"616\" \/>\n\t<meta property=\"og:image:type\" content=\"image\/png\" \/>\n<meta name=\"author\" content=\"ofournier\" \/>\n<meta name=\"twitter:card\" content=\"summary_large_image\" \/>\n<meta name=\"twitter:label1\" content=\"\u00c9crit par\" \/>\n\t<meta name=\"twitter:data1\" content=\"ofournier\" \/>\n\t<meta name=\"twitter:label2\" content=\"Dur\u00e9e de lecture estim\u00e9e\" \/>\n\t<meta name=\"twitter:data2\" content=\"2 minutes\" \/>\n<script type=\"application\/ld+json\" class=\"yoast-schema-graph\">{\"@context\":\"https:\\\/\\\/schema.org\",\"@graph\":[{\"@type\":\"Article\",\"@id\":\"https:\\\/\\\/www.reseau-entreprendre.org\\\/maine-et-loire\\\/2024\\\/11\\\/01\\\/parcours-rse-re49\\\/#article\",\"isPartOf\":{\"@id\":\"https:\\\/\\\/www.reseau-entreprendre.org\\\/maine-et-loire\\\/2024\\\/11\\\/01\\\/parcours-rse-re49\\\/\"},\"author\":{\"name\":\"ofournier\",\"@id\":\"https:\\\/\\\/www.reseau-entreprendre.org\\\/maine-et-loire\\\/#\\\/schema\\\/person\\\/f35d0c33d29ae66a683d0ac4459e9a03\"},\"headline\":\"Mon parcours RSE\",\"datePublished\":\"2024-11-01T09:46:59+00:00\",\"dateModified\":\"2025-02-21T10:04:42+00:00\",\"mainEntityOfPage\":{\"@id\":\"https:\\\/\\\/www.reseau-entreprendre.org\\\/maine-et-loire\\\/2024\\\/11\\\/01\\\/parcours-rse-re49\\\/\"},\"wordCount\":157,\"image\":{\"@id\":\"https:\\\/\\\/www.reseau-entreprendre.org\\\/maine-et-loire\\\/2024\\\/11\\\/01\\\/parcours-rse-re49\\\/#primaryimage\"},\"thumbnailUrl\":\"https:\\\/\\\/www.reseau-entreprendre.org\\\/maine-et-loire\\\/wp-content\\\/uploads\\\/sites\\\/48\\\/2024\\\/11\\\/Capture-decran-2025-02-21-104916.png\",\"articleSection\":[\"Actualit\u00e9s\"],\"inLanguage\":\"fr-FR\"},{\"@type\":\"WebPage\",\"@id\":\"https:\\\/\\\/www.reseau-entreprendre.org\\\/maine-et-loire\\\/2024\\\/11\\\/01\\\/parcours-rse-re49\\\/\",\"url\":\"https:\\\/\\\/www.reseau-entreprendre.org\\\/maine-et-loire\\\/2024\\\/11\\\/01\\\/parcours-rse-re49\\\/\",\"name\":\"Mon parcours RSE - R\u00e9seau Entreprendre Maine &amp; Loire\",\"isPartOf\":{\"@id\":\"https:\\\/\\\/www.reseau-entreprendre.org\\\/maine-et-loire\\\/#website\"},\"primaryImageOfPage\":{\"@id\":\"https:\\\/\\\/www.reseau-entreprendre.org\\\/maine-et-loire\\\/2024\\\/11\\\/01\\\/parcours-rse-re49\\\/#primaryimage\"},\"image\":{\"@id\":\"https:\\\/\\\/www.reseau-entreprendre.org\\\/maine-et-loire\\\/2024\\\/11\\\/01\\\/parcours-rse-re49\\\/#primaryimage\"},\"thumbnailUrl\":\"https:\\\/\\\/www.reseau-entreprendre.org\\\/maine-et-loire\\\/wp-content\\\/uploads\\\/sites\\\/48\\\/2024\\\/11\\\/Capture-decran-2025-02-21-104916.png\",\"datePublished\":\"2024-11-01T09:46:59+00:00\",\"dateModified\":\"2025-02-21T10:04:42+00:00\",\"author\":{\"@id\":\"https:\\\/\\\/www.reseau-entreprendre.org\\\/maine-et-loire\\\/#\\\/schema\\\/person\\\/f35d0c33d29ae66a683d0ac4459e9a03\"},\"description\":\"Lancement mon parcours RSE de R\u00e9seau Entreprendre Maine-et-Loire : un guide compos\u00e9 de 10 \u00e9tapes pour avancer pas \u00e0 pas sur leur d\u00e9marche RSE.\",\"breadcrumb\":{\"@id\":\"https:\\\/\\\/www.reseau-entreprendre.org\\\/maine-et-loire\\\/2024\\\/11\\\/01\\\/parcours-rse-re49\\\/#breadcrumb\"},\"inLanguage\":\"fr-FR\",\"potentialAction\":[{\"@type\":\"ReadAction\",\"target\":[\"https:\\\/\\\/www.reseau-entreprendre.org\\\/maine-et-loire\\\/2024\\\/11\\\/01\\\/parcours-rse-re49\\\/\"]}]},{\"@type\":\"ImageObject\",\"inLanguage\":\"fr-FR\",\"@id\":\"https:\\\/\\\/www.reseau-entreprendre.org\\\/maine-et-loire\\\/2024\\\/11\\\/01\\\/parcours-rse-re49\\\/#primaryimage\",\"url\":\"https:\\\/\\\/www.reseau-entreprendre.org\\\/maine-et-loire\\\/wp-content\\\/uploads\\\/sites\\\/48\\\/2024\\\/11\\\/Capture-decran-2025-02-21-104916.png\",\"contentUrl\":\"https:\\\/\\\/www.reseau-entreprendre.org\\\/maine-et-loire\\\/wp-content\\\/uploads\\\/sites\\\/48\\\/2024\\\/11\\\/Capture-decran-2025-02-21-104916.png\",\"width\":613,\"height\":616},{\"@type\":\"BreadcrumbList\",\"@id\":\"https:\\\/\\\/www.reseau-entreprendre.org\\\/maine-et-loire\\\/2024\\\/11\\\/01\\\/parcours-rse-re49\\\/#breadcrumb\",\"itemListElement\":[{\"@type\":\"ListItem\",\"position\":1,\"name\":\"Accueil\",\"item\":\"https:\\\/\\\/www.reseau-entreprendre.org\\\/maine-et-loire\\\/\"},{\"@type\":\"ListItem\",\"position\":2,\"name\":\"Mon parcours RSE\"}]},{\"@type\":\"WebSite\",\"@id\":\"https:\\\/\\\/www.reseau-entreprendre.org\\\/maine-et-loire\\\/#website\",\"url\":\"https:\\\/\\\/www.reseau-entreprendre.org\\\/maine-et-loire\\\/\",\"name\":\"R\u00e9seau Entreprendre Maine &amp; Loire\",\"description\":\"&quot;Qui mieux qu&#039;un chef d&#039;entreprise peut accompagner un chef d&#039;entreprise ?&quot;\",\"potentialAction\":[{\"@type\":\"SearchAction\",\"target\":{\"@type\":\"EntryPoint\",\"urlTemplate\":\"https:\\\/\\\/www.reseau-entreprendre.org\\\/maine-et-loire\\\/?s={search_term_string}\"},\"query-input\":{\"@type\":\"PropertyValueSpecification\",\"valueRequired\":true,\"valueName\":\"search_term_string\"}}],\"inLanguage\":\"fr-FR\"},{\"@type\":\"Person\",\"@id\":\"https:\\\/\\\/www.reseau-entreprendre.org\\\/maine-et-loire\\\/#\\\/schema\\\/person\\\/f35d0c33d29ae66a683d0ac4459e9a03\",\"name\":\"ofournier\",\"image\":{\"@type\":\"ImageObject\",\"inLanguage\":\"fr-FR\",\"@id\":\"https:\\\/\\\/secure.gravatar.com\\\/avatar\\\/1a8ae2b5e0d007438e0718548b1e36ff1357b7a1cd7efb84ea3d91860d720dbd?s=96&d=mm&r=g\",\"url\":\"https:\\\/\\\/secure.gravatar.com\\\/avatar\\\/1a8ae2b5e0d007438e0718548b1e36ff1357b7a1cd7efb84ea3d91860d720dbd?s=96&d=mm&r=g\",\"contentUrl\":\"https:\\\/\\\/secure.gravatar.com\\\/avatar\\\/1a8ae2b5e0d007438e0718548b1e36ff1357b7a1cd7efb84ea3d91860d720dbd?s=96&d=mm&r=g\",\"caption\":\"ofournier\"},\"url\":\"https:\\\/\\\/www.reseau-entreprendre.org\\\/maine-et-loire\\\/author\\\/ofournier\\\/\"}]}<\/script>\n<!-- \/ Yoast SEO plugin. -->","yoast_head_json":{"title":"Mon parcours RSE - R\u00e9seau Entreprendre Maine &amp; Loire","description":"Lancement mon parcours RSE de R\u00e9seau Entreprendre Maine-et-Loire : un guide compos\u00e9 de 10 \u00e9tapes pour avancer pas \u00e0 pas sur leur d\u00e9marche RSE.","robots":{"index":"index","follow":"follow","max-snippet":"max-snippet:-1","max-image-preview":"max-image-preview:large","max-video-preview":"max-video-preview:-1"},"canonical":"https:\/\/www.reseau-entreprendre.org\/maine-et-loire\/2024\/11\/01\/parcours-rse-re49\/","og_locale":"fr_FR","og_type":"article","og_title":"Mon parcours RSE - R\u00e9seau Entreprendre Maine &amp; Loire","og_description":"Lancement mon parcours RSE de R\u00e9seau Entreprendre Maine-et-Loire : un guide compos\u00e9 de 10 \u00e9tapes pour avancer pas \u00e0 pas sur leur d\u00e9marche RSE.","og_url":"https:\/\/www.reseau-entreprendre.org\/maine-et-loire\/2024\/11\/01\/parcours-rse-re49\/","og_site_name":"R\u00e9seau Entreprendre Maine &amp; Loire","article_published_time":"2024-11-01T09:46:59+00:00","article_modified_time":"2025-02-21T10:04:42+00:00","og_image":[{"width":613,"height":616,"url":"https:\/\/www.reseau-entreprendre.org\/maine-et-loire\/wp-content\/uploads\/sites\/48\/2024\/11\/Capture-decran-2025-02-21-104916.png","type":"image\/png"}],"author":"ofournier","twitter_card":"summary_large_image","twitter_misc":{"\u00c9crit par":"ofournier","Dur\u00e9e de lecture estim\u00e9e":"2 minutes"},"schema":{"@context":"https:\/\/schema.org","@graph":[{"@type":"Article","@id":"https:\/\/www.reseau-entreprendre.org\/maine-et-loire\/2024\/11\/01\/parcours-rse-re49\/#article","isPartOf":{"@id":"https:\/\/www.reseau-entreprendre.org\/maine-et-loire\/2024\/11\/01\/parcours-rse-re49\/"},"author":{"name":"ofournier","@id":"https:\/\/www.reseau-entreprendre.org\/maine-et-loire\/#\/schema\/person\/f35d0c33d29ae66a683d0ac4459e9a03"},"headline":"Mon parcours RSE","datePublished":"2024-11-01T09:46:59+00:00","dateModified":"2025-02-21T10:04:42+00:00","mainEntityOfPage":{"@id":"https:\/\/www.reseau-entreprendre.org\/maine-et-loire\/2024\/11\/01\/parcours-rse-re49\/"},"wordCount":157,"image":{"@id":"https:\/\/www.reseau-entreprendre.org\/maine-et-loire\/2024\/11\/01\/parcours-rse-re49\/#primaryimage"},"thumbnailUrl":"https:\/\/www.reseau-entreprendre.org\/maine-et-loire\/wp-content\/uploads\/sites\/48\/2024\/11\/Capture-decran-2025-02-21-104916.png","articleSection":["Actualit\u00e9s"],"inLanguage":"fr-FR"},{"@type":"WebPage","@id":"https:\/\/www.reseau-entreprendre.org\/maine-et-loire\/2024\/11\/01\/parcours-rse-re49\/","url":"https:\/\/www.reseau-entreprendre.org\/maine-et-loire\/2024\/11\/01\/parcours-rse-re49\/","name":"Mon parcours RSE - R\u00e9seau Entreprendre Maine &amp; Loire","isPartOf":{"@id":"https:\/\/www.reseau-entreprendre.org\/maine-et-loire\/#website"},"primaryImageOfPage":{"@id":"https:\/\/www.reseau-entreprendre.org\/maine-et-loire\/2024\/11\/01\/parcours-rse-re49\/#primaryimage"},"image":{"@id":"https:\/\/www.reseau-entreprendre.org\/maine-et-loire\/2024\/11\/01\/parcours-rse-re49\/#primaryimage"},"thumbnailUrl":"https:\/\/www.reseau-entreprendre.org\/maine-et-loire\/wp-content\/uploads\/sites\/48\/2024\/11\/Capture-decran-2025-02-21-104916.png","datePublished":"2024-11-01T09:46:59+00:00","dateModified":"2025-02-21T10:04:42+00:00","author":{"@id":"https:\/\/www.reseau-entreprendre.org\/maine-et-loire\/#\/schema\/person\/f35d0c33d29ae66a683d0ac4459e9a03"},"description":"Lancement mon parcours RSE de R\u00e9seau Entreprendre Maine-et-Loire : un guide compos\u00e9 de 10 \u00e9tapes pour avancer pas \u00e0 pas sur leur d\u00e9marche RSE.","breadcrumb":{"@id":"https:\/\/www.reseau-entreprendre.org\/maine-et-loire\/2024\/11\/01\/parcours-rse-re49\/#breadcrumb"},"inLanguage":"fr-FR","potentialAction":[{"@type":"ReadAction","target":["https:\/\/www.reseau-entreprendre.org\/maine-et-loire\/2024\/11\/01\/parcours-rse-re49\/"]}]},{"@type":"ImageObject","inLanguage":"fr-FR","@id":"https:\/\/www.reseau-entreprendre.org\/maine-et-loire\/2024\/11\/01\/parcours-rse-re49\/#primaryimage","url":"https:\/\/www.reseau-entreprendre.org\/maine-et-loire\/wp-content\/uploads\/sites\/48\/2024\/11\/Capture-decran-2025-02-21-104916.png","contentUrl":"https:\/\/www.reseau-entreprendre.org\/maine-et-loire\/wp-content\/uploads\/sites\/48\/2024\/11\/Capture-decran-2025-02-21-104916.png","width":613,"height":616},{"@type":"BreadcrumbList","@id":"https:\/\/www.reseau-entreprendre.org\/maine-et-loire\/2024\/11\/01\/parcours-rse-re49\/#breadcrumb","itemListElement":[{"@type":"ListItem","position":1,"name":"Accueil","item":"https:\/\/www.reseau-entreprendre.org\/maine-et-loire\/"},{"@type":"ListItem","position":2,"name":"Mon parcours RSE"}]},{"@type":"WebSite","@id":"https:\/\/www.reseau-entreprendre.org\/maine-et-loire\/#website","url":"https:\/\/www.reseau-entreprendre.org\/maine-et-loire\/","name":"R\u00e9seau Entreprendre Maine &amp; Loire","description":"&quot;Qui mieux qu&#039;un chef d&#039;entreprise peut accompagner un chef d&#039;entreprise ?&quot;","potentialAction":[{"@type":"SearchAction","target":{"@type":"EntryPoint","urlTemplate":"https:\/\/www.reseau-entreprendre.org\/maine-et-loire\/?s={search_term_string}"},"query-input":{"@type":"PropertyValueSpecification","valueRequired":true,"valueName":"search_term_string"}}],"inLanguage":"fr-FR"},{"@type":"Person","@id":"https:\/\/www.reseau-entreprendre.org\/maine-et-loire\/#\/schema\/person\/f35d0c33d29ae66a683d0ac4459e9a03","name":"ofournier","image":{"@type":"ImageObject","inLanguage":"fr-FR","@id":"https:\/\/secure.gravatar.com\/avatar\/1a8ae2b5e0d007438e0718548b1e36ff1357b7a1cd7efb84ea3d91860d720dbd?s=96&d=mm&r=g","url":"https:\/\/secure.gravatar.com\/avatar\/1a8ae2b5e0d007438e0718548b1e36ff1357b7a1cd7efb84ea3d91860d720dbd?s=96&d=mm&r=g","contentUrl":"https:\/\/secure.gravatar.com\/avatar\/1a8ae2b5e0d007438e0718548b1e36ff1357b7a1cd7efb84ea3d91860d720dbd?s=96&d=mm&r=g","caption":"ofournier"},"url":"https:\/\/www.reseau-entreprendre.org\/maine-et-loire\/author\/ofournier\/"}]}},"_links":{"self":[{"href":"https:\/\/www.reseau-entreprendre.org\/maine-et-loire\/wp-json\/wp\/v2\/posts\/3300","targetHints":{"allow":["GET"]}}],"collection":[{"href":"https:\/\/www.reseau-entreprendre.org\/maine-et-loire\/wp-json\/wp\/v2\/posts"}],"about":[{"href":"https:\/\/www.reseau-entreprendre.org\/maine-et-loire\/wp-json\/wp\/v2\/types\/post"}],"author":[{"embeddable":true,"href":"https:\/\/www.reseau-entreprendre.org\/maine-et-loire\/wp-json\/wp\/v2\/users\/226"}],"replies":[{"embeddable":true,"href":"https:\/\/www.reseau-entreprendre.org\/maine-et-loire\/wp-json\/wp\/v2\/comments?post=3300"}],"version-history":[{"count":0,"href":"https:\/\/www.reseau-entreprendre.org\/maine-et-loire\/wp-json\/wp\/v2\/posts\/3300\/revisions"}],"wp:featuredmedia":[{"embeddable":true,"href":"https:\/\/www.reseau-entreprendre.org\/maine-et-loire\/wp-json\/wp\/v2\/media\/3302"}],"wp:attachment":[{"href":"https:\/\/www.reseau-entreprendre.org\/maine-et-loire\/wp-json\/wp\/v2\/media?parent=3300"}],"wp:term":[{"taxonomy":"category","embeddable":true,"href":"https:\/\/www.reseau-entreprendre.org\/maine-et-loire\/wp-json\/wp\/v2\/categories?post=3300"},{"taxonomy":"post_tag","embeddable":true,"href":"https:\/\/www.reseau-entreprendre.org\/maine-et-loire\/wp-json\/wp\/v2\/tags?post=3300"}],"curies":[{"name":"wp","href":"https:\/\/api.w.org\/{rel}","templated":true}]}}