{"id":3393,"date":"2025-06-19T16:28:24","date_gmt":"2025-06-19T14:28:24","guid":{"rendered":"https:\/\/www.reseau-entreprendre.org\/maine-et-loire\/?p=3393"},"modified":"2025-06-20T12:03:28","modified_gmt":"2025-06-20T10:03:28","slug":"fete-des-laureats-2025","status":"publish","type":"post","link":"https:\/\/www.reseau-entreprendre.org\/maine-et-loire\/2025\/06\/19\/fete-des-laureats-2025\/","title":{"rendered":"F\u00eate des laur\u00e9ats 2025"},"content":{"rendered":"\n<h2 class=\"wp-block-heading has-x-large-font-size\"><strong><mark style=\"background-color:#ffffff\" class=\"has-inline-color has-re-blue-color\">Les 15 ans de R\u00e9seau Entreprendre Maine-et-Loire <\/mark><\/strong><\/h2>\n\n\n\n<p><\/p>\n\n\n\n<figure class=\"wp-block-image alignwide size-large\"><img loading=\"lazy\" decoding=\"async\" width=\"1024\" height=\"679\" src=\"https:\/\/www.reseau-entreprendre.org\/maine-et-loire\/wp-content\/uploads\/sites\/48\/2025\/06\/Capture-decran-2025-06-19-123857-1024x679.png\" alt=\"\" class=\"wp-image-3394\" srcset=\"https:\/\/www.reseau-entreprendre.org\/maine-et-loire\/wp-content\/uploads\/sites\/48\/2025\/06\/Capture-decran-2025-06-19-123857-1024x679.png 1024w, https:\/\/www.reseau-entreprendre.org\/maine-et-loire\/wp-content\/uploads\/sites\/48\/2025\/06\/Capture-decran-2025-06-19-123857-300x199.png 300w, https:\/\/www.reseau-entreprendre.org\/maine-et-loire\/wp-content\/uploads\/sites\/48\/2025\/06\/Capture-decran-2025-06-19-123857-768x509.png 768w, https:\/\/www.reseau-entreprendre.org\/maine-et-loire\/wp-content\/uploads\/sites\/48\/2025\/06\/Capture-decran-2025-06-19-123857-391x260.png 391w, https:\/\/www.reseau-entreprendre.org\/maine-et-loire\/wp-content\/uploads\/sites\/48\/2025\/06\/Capture-decran-2025-06-19-123857-196x130.png 196w, https:\/\/www.reseau-entreprendre.org\/maine-et-loire\/wp-content\/uploads\/sites\/48\/2025\/06\/Capture-decran-2025-06-19-123857-100x66.png 100w, https:\/\/www.reseau-entreprendre.org\/maine-et-loire\/wp-content\/uploads\/sites\/48\/2025\/06\/Capture-decran-2025-06-19-123857.png 1380w\" sizes=\"auto, (max-width: 1024px) 100vw, 1024px\" \/><\/figure>\n\n\n\n<div style=\"height:26px\" aria-hidden=\"true\" class=\"wp-block-spacer\"><\/div>\n\n\n\n<h2 class=\"wp-block-heading has-medium-font-size\">&#x1f31f;<strong> Retour sur la F\u00eate des laur\u00e9ats 2025 et les 15 ans de R\u00e9seau Entreprendre Maine-et-Loire <\/strong>&#x1f31f;<\/h2>\n\n\n\n<p><\/p>\n\n\n\n<p class=\"has-medium-font-size\">Jeudi 12 juin, pr\u00e8s de 800 personnes \u00e9taient r\u00e9unies dans un lieu d\u2019exception, l\u2019Abbaye royale de Fontevraud, pour c\u00e9l\u00e9brer les 15 ans de R\u00e9seau Entreprendre Maine-et-Loire et mettre \u00e0 l\u2019honneur les 15 laur\u00e9ats 2024.<\/p>\n\n\n\n<p class=\"has-medium-font-size\"><strong>Une soir\u00e9e anniversaire dans un lieu embl\u00e9matique<\/strong> &#x1f382;<\/p>\n\n\n\n<p class=\"has-medium-font-size\">Apr\u00e8s l\u2019ambiance festive du Chabada en 2024, c\u2019est au c\u0153ur de l\u2019une des plus grandes cit\u00e9s monastiques d\u2019Europe que le r\u00e9seau a pos\u00e9 ses valises pour cette nouvelle \u00e9dition de la F\u00eate des Laur\u00e9ats. Ce lieu charg\u00e9 d\u2019histoire a servi de cadre \u00e0 une soir\u00e9e riche en \u00e9motions, o\u00f9 se sont m\u00eal\u00e9s convivialit\u00e9, transmission et audace entrepreneuriale.<\/p>\n\n\n\n<p class=\"has-medium-font-size\"><strong>Un spectacle th\u00e9\u00e2tral port\u00e9 par nos entrepreneurs<\/strong> &#x1f3ad;<\/p>\n\n\n\n<p class=\"has-medium-font-size\">Les laur\u00e9ats 2024, accompagn\u00e9s d\u2019anciens pr\u00e9sidents, directeurs et membres du r\u00e9seau, ont pr\u00e9sent\u00e9 un spectacle th\u00e9\u00e2tral in\u00e9dit, reflet de leur parcours et de leurs valeurs. Une performance collective qui illustre la force du collectif, l\u2019esprit d&#8217;entraide qui animent notre r\u00e9seau. <\/p>\n\n\n\n<div style=\"height:10px\" aria-hidden=\"true\" class=\"wp-block-spacer\"><\/div>\n\n\n\n<div class=\"wp-block-buttons is-content-justification-center is-layout-flex wp-container-core-buttons-is-layout-16018d1d wp-block-buttons-is-layout-flex\">\n<div class=\"wp-block-button\"><a class=\"wp-block-button__link has-re-yellow-background-color has-background wp-element-button\" href=\"https:\/\/www.reseau-entreprendre.org\/maine-et-loire\/2025\/06\/19\/presentation-laureats-reseau-entreprendre\/\">D\u00e9couvrez les laur\u00e9ats 2024<\/a><\/div>\n<\/div>\n\n\n\n<div style=\"height:13px\" aria-hidden=\"true\" class=\"wp-block-spacer\"><\/div>\n\n\n\n<p class=\"has-medium-font-size\"><strong>Merci \u00e0 nos m\u00e9c\u00e8nes engag\u00e9s<\/strong> &#x1f64f;<\/p>\n\n\n\n<p class=\"has-medium-font-size\">La r\u00e9ussite de cet \u00e9v\u00e9nement n\u2019aurait pas \u00e9t\u00e9 possible sans le soutien fid\u00e8le de nos m\u00e9c\u00e8nes, que nous remercions chaleureusement : <\/p>\n\n\n\n<p class=\"has-medium-font-size\">ADEO Conseil &amp; Finance, ATHEX solutions pour l\u2019agencement, Banque Populaire Grand Ouest, Caisse d&#8217;\u00c9pargne Bretagne Pays de Loire, CIC Ouest, ESPL \u2013 Campus des \u00c9coles Sup\u00e9rieures des Pays de Loire, Enjin.fr, Fidal Avocats \u2013 Val de Loire Oc\u00e9an, Groupama Loire Bretagne, Giffard Liqueurs &amp; Sirops, Lehmann Studio , Ma Formation Officinale, Malakoff Humanis, Mes R\u00e9unions.Fr, Papin &amp; Associ\u00e9s, SPV AUTO AVRILL\u00c9, Rivazur Cakes, TGS France Avocats, L&#8217;IMAGE M\u00caME _ OUEST DESIGN, Aquaval, STRADER, Sygma Propret\u00e9, Discr\u00e9tion, VideoFlex, PARANOCTA, LARGEOT ET COLTIN, P\u00e9pini\u00e8re Chauvir\u00e9<\/p>\n\n\n<div class=\"wp-block-image\">\n<figure class=\"aligncenter size-full\"><img loading=\"lazy\" decoding=\"async\" width=\"1584\" height=\"396\" src=\"https:\/\/www.reseau-entreprendre.org\/maine-et-loire\/wp-content\/uploads\/sites\/48\/2025\/06\/Signature-mail-FDL-x-Mecenes-3.png\" alt=\"\" class=\"wp-image-3395\" srcset=\"https:\/\/www.reseau-entreprendre.org\/maine-et-loire\/wp-content\/uploads\/sites\/48\/2025\/06\/Signature-mail-FDL-x-Mecenes-3.png 1584w, https:\/\/www.reseau-entreprendre.org\/maine-et-loire\/wp-content\/uploads\/sites\/48\/2025\/06\/Signature-mail-FDL-x-Mecenes-3-300x75.png 300w, https:\/\/www.reseau-entreprendre.org\/maine-et-loire\/wp-content\/uploads\/sites\/48\/2025\/06\/Signature-mail-FDL-x-Mecenes-3-1024x256.png 1024w, https:\/\/www.reseau-entreprendre.org\/maine-et-loire\/wp-content\/uploads\/sites\/48\/2025\/06\/Signature-mail-FDL-x-Mecenes-3-768x192.png 768w, https:\/\/www.reseau-entreprendre.org\/maine-et-loire\/wp-content\/uploads\/sites\/48\/2025\/06\/Signature-mail-FDL-x-Mecenes-3-1536x384.png 1536w, https:\/\/www.reseau-entreprendre.org\/maine-et-loire\/wp-content\/uploads\/sites\/48\/2025\/06\/Signature-mail-FDL-x-Mecenes-3-210x53.png 210w, https:\/\/www.reseau-entreprendre.org\/maine-et-loire\/wp-content\/uploads\/sites\/48\/2025\/06\/Signature-mail-FDL-x-Mecenes-3-100x25.png 100w\" sizes=\"auto, (max-width: 1584px) 100vw, 1584px\" \/><\/figure>\n<\/div>\n\n\n<p><\/p>\n\n\n\n<p class=\"has-medium-font-size\"><strong>Merci \u00e0 tous les participants<\/strong><\/p>\n\n\n\n<p class=\"has-medium-font-size\">Cette soir\u00e9e fut aussi l\u2019occasion de retrouvailles, d\u2019\u00e9changes et de c\u00e9l\u00e9brations, r\u00e9unissant entrepreneurs, membres, m\u00e9c\u00e8nes, institutionnels et amis du r\u00e9seau. Merci \u00e0 tous les participants d\u2019avoir contribu\u00e9 \u00e0 faire de cette soir\u00e9e un moment inoubliable\u202f! <\/p>\n\n\n\n<div style=\"height:20px\" aria-hidden=\"true\" class=\"wp-block-spacer\"><\/div>\n\n\n<div class=\"wp-block-image\">\n<figure class=\"aligncenter size-full is-resized\"><img loading=\"lazy\" decoding=\"async\" width=\"893\" height=\"379\" src=\"https:\/\/www.reseau-entreprendre.org\/maine-et-loire\/wp-content\/uploads\/sites\/48\/2025\/06\/Capture-decran-2025-06-20-115439.png\" alt=\"\" class=\"wp-image-3497\" style=\"width:1125px;height:auto\" srcset=\"https:\/\/www.reseau-entreprendre.org\/maine-et-loire\/wp-content\/uploads\/sites\/48\/2025\/06\/Capture-decran-2025-06-20-115439.png 893w, https:\/\/www.reseau-entreprendre.org\/maine-et-loire\/wp-content\/uploads\/sites\/48\/2025\/06\/Capture-decran-2025-06-20-115439-300x127.png 300w, https:\/\/www.reseau-entreprendre.org\/maine-et-loire\/wp-content\/uploads\/sites\/48\/2025\/06\/Capture-decran-2025-06-20-115439-768x326.png 768w, https:\/\/www.reseau-entreprendre.org\/maine-et-loire\/wp-content\/uploads\/sites\/48\/2025\/06\/Capture-decran-2025-06-20-115439-210x89.png 210w, https:\/\/www.reseau-entreprendre.org\/maine-et-loire\/wp-content\/uploads\/sites\/48\/2025\/06\/Capture-decran-2025-06-20-115439-100x42.png 100w\" sizes=\"auto, (max-width: 893px) 100vw, 893px\" \/><\/figure>\n<\/div>\n\n\n<div class=\"wp-block-buttons alignwide has-custom-font-size has-medium-font-size is-content-justification-center is-layout-flex wp-container-core-buttons-is-layout-16018d1d wp-block-buttons-is-layout-flex\">\n<div class=\"wp-block-button\"><a class=\"wp-block-button__link has-re-yellow-background-color has-background wp-element-button\" href=\"https:\/\/www.linkedin.com\/feed\/update\/urn:li:activity:7339167030069108736\">Revivez les moments forts en vid\u00e9os<\/a><\/div>\n<\/div>\n\n\n\n<div class=\"wp-block-buttons alignwide has-custom-font-size has-medium-font-size is-content-justification-center is-layout-flex wp-container-core-buttons-is-layout-16018d1d wp-block-buttons-is-layout-flex\">\n<div class=\"wp-block-button\"><a class=\"wp-block-button__link has-re-yellow-background-color has-background wp-element-button\" href=\"https:\/\/www.reseau-entreprendre.org\/maine-et-loire\/2025\/06\/20\/fete-des-laureats-2025-2\/\">Retrouvez les photos de la soir\u00e9e<\/a><\/div>\n<\/div>\n\n\n\n<p class=\"has-text-align-left\"><\/p>\n\n\n\n<div style=\"height:35px\" aria-hidden=\"true\" class=\"wp-block-spacer\"><\/div>\n\n\n\n<figure class=\"wp-block-gallery has-nested-images columns-default is-cropped wp-block-gallery-1 is-layout-flex wp-block-gallery-is-layout-flex\"><\/figure>\n","protected":false},"excerpt":{"rendered":"<p>Les 15 ans de R\u00e9seau Entreprendre Maine-et-Loire &#x1f31f; Retour sur<\/p>\n","protected":false},"author":226,"featured_media":3394,"comment_status":"closed","ping_status":"closed","sticky":false,"template":"","format":"standard","meta":{"_acf_changed":false,"_monsterinsights_skip_tracking":false,"_monsterinsights_sitenote_active":false,"_monsterinsights_sitenote_note":"","_monsterinsights_sitenote_category":0,"footnotes":""},"categories":[4],"tags":[],"class_list":["post-3393","post","type-post","status-publish","format-standard","has-post-thumbnail","hentry","category-actualites","news"],"acf":[],"yoast_head":"<!-- This site is optimized with the Yoast SEO plugin v27.4 - https:\/\/yoast.com\/product\/yoast-seo-wordpress\/ -->\n<title>F\u00eate des laur\u00e9ats 2025 - R\u00e9seau Entreprendre Maine &amp; Loire<\/title>\n<meta name=\"robots\" content=\"index, follow, max-snippet:-1, max-image-preview:large, max-video-preview:-1\" \/>\n<link rel=\"canonical\" href=\"https:\/\/www.reseau-entreprendre.org\/maine-et-loire\/2025\/06\/19\/fete-des-laureats-2025\/\" \/>\n<meta property=\"og:locale\" content=\"fr_FR\" \/>\n<meta property=\"og:type\" content=\"article\" \/>\n<meta property=\"og:title\" content=\"F\u00eate des laur\u00e9ats 2025 - R\u00e9seau Entreprendre Maine &amp; Loire\" \/>\n<meta property=\"og:description\" content=\"Les 15 ans de R\u00e9seau Entreprendre Maine-et-Loire &#x1f31f; Retour sur\" \/>\n<meta property=\"og:url\" content=\"https:\/\/www.reseau-entreprendre.org\/maine-et-loire\/2025\/06\/19\/fete-des-laureats-2025\/\" \/>\n<meta property=\"og:site_name\" content=\"R\u00e9seau Entreprendre Maine &amp; Loire\" \/>\n<meta property=\"article:published_time\" content=\"2025-06-19T14:28:24+00:00\" \/>\n<meta property=\"article:modified_time\" content=\"2025-06-20T10:03:28+00:00\" \/>\n<meta property=\"og:image\" content=\"https:\/\/www.reseau-entreprendre.org\/maine-et-loire\/wp-content\/uploads\/sites\/48\/2025\/06\/Capture-decran-2025-06-19-123857-1024x679.png\" \/>\n\t<meta property=\"og:image:width\" content=\"1024\" \/>\n\t<meta property=\"og:image:height\" content=\"679\" \/>\n\t<meta property=\"og:image:type\" content=\"image\/png\" \/>\n<meta name=\"author\" content=\"ofournier\" \/>\n<meta name=\"twitter:card\" content=\"summary_large_image\" \/>\n<meta name=\"twitter:label1\" content=\"\u00c9crit par\" \/>\n\t<meta name=\"twitter:data1\" content=\"ofournier\" \/>\n\t<meta name=\"twitter:label2\" content=\"Dur\u00e9e de lecture estim\u00e9e\" \/>\n\t<meta name=\"twitter:data2\" content=\"3 minutes\" \/>\n<script type=\"application\/ld+json\" class=\"yoast-schema-graph\">{\"@context\":\"https:\\\/\\\/schema.org\",\"@graph\":[{\"@type\":\"Article\",\"@id\":\"https:\\\/\\\/www.reseau-entreprendre.org\\\/maine-et-loire\\\/2025\\\/06\\\/19\\\/fete-des-laureats-2025\\\/#article\",\"isPartOf\":{\"@id\":\"https:\\\/\\\/www.reseau-entreprendre.org\\\/maine-et-loire\\\/2025\\\/06\\\/19\\\/fete-des-laureats-2025\\\/\"},\"author\":{\"name\":\"ofournier\",\"@id\":\"https:\\\/\\\/www.reseau-entreprendre.org\\\/maine-et-loire\\\/#\\\/schema\\\/person\\\/f35d0c33d29ae66a683d0ac4459e9a03\"},\"headline\":\"F\u00eate des laur\u00e9ats 2025\",\"datePublished\":\"2025-06-19T14:28:24+00:00\",\"dateModified\":\"2025-06-20T10:03:28+00:00\",\"mainEntityOfPage\":{\"@id\":\"https:\\\/\\\/www.reseau-entreprendre.org\\\/maine-et-loire\\\/2025\\\/06\\\/19\\\/fete-des-laureats-2025\\\/\"},\"wordCount\":407,\"image\":{\"@id\":\"https:\\\/\\\/www.reseau-entreprendre.org\\\/maine-et-loire\\\/2025\\\/06\\\/19\\\/fete-des-laureats-2025\\\/#primaryimage\"},\"thumbnailUrl\":\"https:\\\/\\\/www.reseau-entreprendre.org\\\/maine-et-loire\\\/wp-content\\\/uploads\\\/sites\\\/48\\\/2025\\\/06\\\/Capture-decran-2025-06-19-123857.png\",\"articleSection\":[\"Actualit\u00e9s\"],\"inLanguage\":\"fr-FR\"},{\"@type\":\"WebPage\",\"@id\":\"https:\\\/\\\/www.reseau-entreprendre.org\\\/maine-et-loire\\\/2025\\\/06\\\/19\\\/fete-des-laureats-2025\\\/\",\"url\":\"https:\\\/\\\/www.reseau-entreprendre.org\\\/maine-et-loire\\\/2025\\\/06\\\/19\\\/fete-des-laureats-2025\\\/\",\"name\":\"F\u00eate des laur\u00e9ats 2025 - R\u00e9seau Entreprendre Maine &amp; Loire\",\"isPartOf\":{\"@id\":\"https:\\\/\\\/www.reseau-entreprendre.org\\\/maine-et-loire\\\/#website\"},\"primaryImageOfPage\":{\"@id\":\"https:\\\/\\\/www.reseau-entreprendre.org\\\/maine-et-loire\\\/2025\\\/06\\\/19\\\/fete-des-laureats-2025\\\/#primaryimage\"},\"image\":{\"@id\":\"https:\\\/\\\/www.reseau-entreprendre.org\\\/maine-et-loire\\\/2025\\\/06\\\/19\\\/fete-des-laureats-2025\\\/#primaryimage\"},\"thumbnailUrl\":\"https:\\\/\\\/www.reseau-entreprendre.org\\\/maine-et-loire\\\/wp-content\\\/uploads\\\/sites\\\/48\\\/2025\\\/06\\\/Capture-decran-2025-06-19-123857.png\",\"datePublished\":\"2025-06-19T14:28:24+00:00\",\"dateModified\":\"2025-06-20T10:03:28+00:00\",\"author\":{\"@id\":\"https:\\\/\\\/www.reseau-entreprendre.org\\\/maine-et-loire\\\/#\\\/schema\\\/person\\\/f35d0c33d29ae66a683d0ac4459e9a03\"},\"breadcrumb\":{\"@id\":\"https:\\\/\\\/www.reseau-entreprendre.org\\\/maine-et-loire\\\/2025\\\/06\\\/19\\\/fete-des-laureats-2025\\\/#breadcrumb\"},\"inLanguage\":\"fr-FR\",\"potentialAction\":[{\"@type\":\"ReadAction\",\"target\":[\"https:\\\/\\\/www.reseau-entreprendre.org\\\/maine-et-loire\\\/2025\\\/06\\\/19\\\/fete-des-laureats-2025\\\/\"]}]},{\"@type\":\"ImageObject\",\"inLanguage\":\"fr-FR\",\"@id\":\"https:\\\/\\\/www.reseau-entreprendre.org\\\/maine-et-loire\\\/2025\\\/06\\\/19\\\/fete-des-laureats-2025\\\/#primaryimage\",\"url\":\"https:\\\/\\\/www.reseau-entreprendre.org\\\/maine-et-loire\\\/wp-content\\\/uploads\\\/sites\\\/48\\\/2025\\\/06\\\/Capture-decran-2025-06-19-123857.png\",\"contentUrl\":\"https:\\\/\\\/www.reseau-entreprendre.org\\\/maine-et-loire\\\/wp-content\\\/uploads\\\/sites\\\/48\\\/2025\\\/06\\\/Capture-decran-2025-06-19-123857.png\",\"width\":1380,\"height\":915},{\"@type\":\"BreadcrumbList\",\"@id\":\"https:\\\/\\\/www.reseau-entreprendre.org\\\/maine-et-loire\\\/2025\\\/06\\\/19\\\/fete-des-laureats-2025\\\/#breadcrumb\",\"itemListElement\":[{\"@type\":\"ListItem\",\"position\":1,\"name\":\"Accueil\",\"item\":\"https:\\\/\\\/www.reseau-entreprendre.org\\\/maine-et-loire\\\/\"},{\"@type\":\"ListItem\",\"position\":2,\"name\":\"F\u00eate des laur\u00e9ats 2025\"}]},{\"@type\":\"WebSite\",\"@id\":\"https:\\\/\\\/www.reseau-entreprendre.org\\\/maine-et-loire\\\/#website\",\"url\":\"https:\\\/\\\/www.reseau-entreprendre.org\\\/maine-et-loire\\\/\",\"name\":\"R\u00e9seau Entreprendre Maine &amp; Loire\",\"description\":\"&quot;Qui mieux qu&#039;un chef d&#039;entreprise peut accompagner un chef d&#039;entreprise ?&quot;\",\"potentialAction\":[{\"@type\":\"SearchAction\",\"target\":{\"@type\":\"EntryPoint\",\"urlTemplate\":\"https:\\\/\\\/www.reseau-entreprendre.org\\\/maine-et-loire\\\/?s={search_term_string}\"},\"query-input\":{\"@type\":\"PropertyValueSpecification\",\"valueRequired\":true,\"valueName\":\"search_term_string\"}}],\"inLanguage\":\"fr-FR\"},{\"@type\":\"Person\",\"@id\":\"https:\\\/\\\/www.reseau-entreprendre.org\\\/maine-et-loire\\\/#\\\/schema\\\/person\\\/f35d0c33d29ae66a683d0ac4459e9a03\",\"name\":\"ofournier\",\"image\":{\"@type\":\"ImageObject\",\"inLanguage\":\"fr-FR\",\"@id\":\"https:\\\/\\\/secure.gravatar.com\\\/avatar\\\/1a8ae2b5e0d007438e0718548b1e36ff1357b7a1cd7efb84ea3d91860d720dbd?s=96&d=mm&r=g\",\"url\":\"https:\\\/\\\/secure.gravatar.com\\\/avatar\\\/1a8ae2b5e0d007438e0718548b1e36ff1357b7a1cd7efb84ea3d91860d720dbd?s=96&d=mm&r=g\",\"contentUrl\":\"https:\\\/\\\/secure.gravatar.com\\\/avatar\\\/1a8ae2b5e0d007438e0718548b1e36ff1357b7a1cd7efb84ea3d91860d720dbd?s=96&d=mm&r=g\",\"caption\":\"ofournier\"},\"url\":\"https:\\\/\\\/www.reseau-entreprendre.org\\\/maine-et-loire\\\/author\\\/ofournier\\\/\"}]}<\/script>\n<!-- \/ Yoast SEO plugin. -->","yoast_head_json":{"title":"F\u00eate des laur\u00e9ats 2025 - R\u00e9seau Entreprendre Maine &amp; Loire","robots":{"index":"index","follow":"follow","max-snippet":"max-snippet:-1","max-image-preview":"max-image-preview:large","max-video-preview":"max-video-preview:-1"},"canonical":"https:\/\/www.reseau-entreprendre.org\/maine-et-loire\/2025\/06\/19\/fete-des-laureats-2025\/","og_locale":"fr_FR","og_type":"article","og_title":"F\u00eate des laur\u00e9ats 2025 - R\u00e9seau Entreprendre Maine &amp; Loire","og_description":"Les 15 ans de R\u00e9seau Entreprendre Maine-et-Loire &#x1f31f; Retour sur","og_url":"https:\/\/www.reseau-entreprendre.org\/maine-et-loire\/2025\/06\/19\/fete-des-laureats-2025\/","og_site_name":"R\u00e9seau Entreprendre Maine &amp; Loire","article_published_time":"2025-06-19T14:28:24+00:00","article_modified_time":"2025-06-20T10:03:28+00:00","og_image":[{"width":1024,"height":679,"url":"https:\/\/www.reseau-entreprendre.org\/maine-et-loire\/wp-content\/uploads\/sites\/48\/2025\/06\/Capture-decran-2025-06-19-123857-1024x679.png","type":"image\/png"}],"author":"ofournier","twitter_card":"summary_large_image","twitter_misc":{"\u00c9crit par":"ofournier","Dur\u00e9e de lecture estim\u00e9e":"3 minutes"},"schema":{"@context":"https:\/\/schema.org","@graph":[{"@type":"Article","@id":"https:\/\/www.reseau-entreprendre.org\/maine-et-loire\/2025\/06\/19\/fete-des-laureats-2025\/#article","isPartOf":{"@id":"https:\/\/www.reseau-entreprendre.org\/maine-et-loire\/2025\/06\/19\/fete-des-laureats-2025\/"},"author":{"name":"ofournier","@id":"https:\/\/www.reseau-entreprendre.org\/maine-et-loire\/#\/schema\/person\/f35d0c33d29ae66a683d0ac4459e9a03"},"headline":"F\u00eate des laur\u00e9ats 2025","datePublished":"2025-06-19T14:28:24+00:00","dateModified":"2025-06-20T10:03:28+00:00","mainEntityOfPage":{"@id":"https:\/\/www.reseau-entreprendre.org\/maine-et-loire\/2025\/06\/19\/fete-des-laureats-2025\/"},"wordCount":407,"image":{"@id":"https:\/\/www.reseau-entreprendre.org\/maine-et-loire\/2025\/06\/19\/fete-des-laureats-2025\/#primaryimage"},"thumbnailUrl":"https:\/\/www.reseau-entreprendre.org\/maine-et-loire\/wp-content\/uploads\/sites\/48\/2025\/06\/Capture-decran-2025-06-19-123857.png","articleSection":["Actualit\u00e9s"],"inLanguage":"fr-FR"},{"@type":"WebPage","@id":"https:\/\/www.reseau-entreprendre.org\/maine-et-loire\/2025\/06\/19\/fete-des-laureats-2025\/","url":"https:\/\/www.reseau-entreprendre.org\/maine-et-loire\/2025\/06\/19\/fete-des-laureats-2025\/","name":"F\u00eate des laur\u00e9ats 2025 - R\u00e9seau Entreprendre Maine &amp; Loire","isPartOf":{"@id":"https:\/\/www.reseau-entreprendre.org\/maine-et-loire\/#website"},"primaryImageOfPage":{"@id":"https:\/\/www.reseau-entreprendre.org\/maine-et-loire\/2025\/06\/19\/fete-des-laureats-2025\/#primaryimage"},"image":{"@id":"https:\/\/www.reseau-entreprendre.org\/maine-et-loire\/2025\/06\/19\/fete-des-laureats-2025\/#primaryimage"},"thumbnailUrl":"https:\/\/www.reseau-entreprendre.org\/maine-et-loire\/wp-content\/uploads\/sites\/48\/2025\/06\/Capture-decran-2025-06-19-123857.png","datePublished":"2025-06-19T14:28:24+00:00","dateModified":"2025-06-20T10:03:28+00:00","author":{"@id":"https:\/\/www.reseau-entreprendre.org\/maine-et-loire\/#\/schema\/person\/f35d0c33d29ae66a683d0ac4459e9a03"},"breadcrumb":{"@id":"https:\/\/www.reseau-entreprendre.org\/maine-et-loire\/2025\/06\/19\/fete-des-laureats-2025\/#breadcrumb"},"inLanguage":"fr-FR","potentialAction":[{"@type":"ReadAction","target":["https:\/\/www.reseau-entreprendre.org\/maine-et-loire\/2025\/06\/19\/fete-des-laureats-2025\/"]}]},{"@type":"ImageObject","inLanguage":"fr-FR","@id":"https:\/\/www.reseau-entreprendre.org\/maine-et-loire\/2025\/06\/19\/fete-des-laureats-2025\/#primaryimage","url":"https:\/\/www.reseau-entreprendre.org\/maine-et-loire\/wp-content\/uploads\/sites\/48\/2025\/06\/Capture-decran-2025-06-19-123857.png","contentUrl":"https:\/\/www.reseau-entreprendre.org\/maine-et-loire\/wp-content\/uploads\/sites\/48\/2025\/06\/Capture-decran-2025-06-19-123857.png","width":1380,"height":915},{"@type":"BreadcrumbList","@id":"https:\/\/www.reseau-entreprendre.org\/maine-et-loire\/2025\/06\/19\/fete-des-laureats-2025\/#breadcrumb","itemListElement":[{"@type":"ListItem","position":1,"name":"Accueil","item":"https:\/\/www.reseau-entreprendre.org\/maine-et-loire\/"},{"@type":"ListItem","position":2,"name":"F\u00eate des laur\u00e9ats 2025"}]},{"@type":"WebSite","@id":"https:\/\/www.reseau-entreprendre.org\/maine-et-loire\/#website","url":"https:\/\/www.reseau-entreprendre.org\/maine-et-loire\/","name":"R\u00e9seau Entreprendre Maine &amp; Loire","description":"&quot;Qui mieux qu&#039;un chef d&#039;entreprise peut accompagner un chef d&#039;entreprise ?&quot;","potentialAction":[{"@type":"SearchAction","target":{"@type":"EntryPoint","urlTemplate":"https:\/\/www.reseau-entreprendre.org\/maine-et-loire\/?s={search_term_string}"},"query-input":{"@type":"PropertyValueSpecification","valueRequired":true,"valueName":"search_term_string"}}],"inLanguage":"fr-FR"},{"@type":"Person","@id":"https:\/\/www.reseau-entreprendre.org\/maine-et-loire\/#\/schema\/person\/f35d0c33d29ae66a683d0ac4459e9a03","name":"ofournier","image":{"@type":"ImageObject","inLanguage":"fr-FR","@id":"https:\/\/secure.gravatar.com\/avatar\/1a8ae2b5e0d007438e0718548b1e36ff1357b7a1cd7efb84ea3d91860d720dbd?s=96&d=mm&r=g","url":"https:\/\/secure.gravatar.com\/avatar\/1a8ae2b5e0d007438e0718548b1e36ff1357b7a1cd7efb84ea3d91860d720dbd?s=96&d=mm&r=g","contentUrl":"https:\/\/secure.gravatar.com\/avatar\/1a8ae2b5e0d007438e0718548b1e36ff1357b7a1cd7efb84ea3d91860d720dbd?s=96&d=mm&r=g","caption":"ofournier"},"url":"https:\/\/www.reseau-entreprendre.org\/maine-et-loire\/author\/ofournier\/"}]}},"_links":{"self":[{"href":"https:\/\/www.reseau-entreprendre.org\/maine-et-loire\/wp-json\/wp\/v2\/posts\/3393","targetHints":{"allow":["GET"]}}],"collection":[{"href":"https:\/\/www.reseau-entreprendre.org\/maine-et-loire\/wp-json\/wp\/v2\/posts"}],"about":[{"href":"https:\/\/www.reseau-entreprendre.org\/maine-et-loire\/wp-json\/wp\/v2\/types\/post"}],"author":[{"embeddable":true,"href":"https:\/\/www.reseau-entreprendre.org\/maine-et-loire\/wp-json\/wp\/v2\/users\/226"}],"replies":[{"embeddable":true,"href":"https:\/\/www.reseau-entreprendre.org\/maine-et-loire\/wp-json\/wp\/v2\/comments?post=3393"}],"version-history":[{"count":0,"href":"https:\/\/www.reseau-entreprendre.org\/maine-et-loire\/wp-json\/wp\/v2\/posts\/3393\/revisions"}],"wp:featuredmedia":[{"embeddable":true,"href":"https:\/\/www.reseau-entreprendre.org\/maine-et-loire\/wp-json\/wp\/v2\/media\/3394"}],"wp:attachment":[{"href":"https:\/\/www.reseau-entreprendre.org\/maine-et-loire\/wp-json\/wp\/v2\/media?parent=3393"}],"wp:term":[{"taxonomy":"category","embeddable":true,"href":"https:\/\/www.reseau-entreprendre.org\/maine-et-loire\/wp-json\/wp\/v2\/categories?post=3393"},{"taxonomy":"post_tag","embeddable":true,"href":"https:\/\/www.reseau-entreprendre.org\/maine-et-loire\/wp-json\/wp\/v2\/tags?post=3393"}],"curies":[{"name":"wp","href":"https:\/\/api.w.org\/{rel}","templated":true}]}}