{"id":3434,"date":"2025-06-20T10:07:16","date_gmt":"2025-06-20T08:07:16","guid":{"rendered":"https:\/\/www.reseau-entreprendre.org\/maine-et-loire\/?p=3434"},"modified":"2025-11-13T15:08:07","modified_gmt":"2025-11-13T14:08:07","slug":"fete-des-laureats-2025-2","status":"publish","type":"post","link":"https:\/\/www.reseau-entreprendre.org\/maine-et-loire\/2025\/06\/20\/fete-des-laureats-2025-2\/","title":{"rendered":"15 ans de R\u00e9seau Entreprendre\u00ae Maine et Loire en images"},"content":{"rendered":"\n<h2 class=\"wp-block-heading has-x-large-font-size\"><strong><mark style=\"background-color:#ffffff\" class=\"has-inline-color has-re-blue-color\">Revivez la soir\u00e9e anniversaire en images <\/mark><\/strong><\/h2>\n\n\n\n<p class=\"has-medium-font-size\"><\/p>\n\n\n\n<p class=\"has-text-align-left\"><\/p>\n\n\n\n<div style=\"height:35px\" aria-hidden=\"true\" class=\"wp-block-spacer\"><\/div>\n\n\n<div class=\"wp-block-image\">\n<figure class=\"aligncenter size-large is-resized\"><img loading=\"lazy\" decoding=\"async\" width=\"1024\" height=\"683\" src=\"https:\/\/www.reseau-entreprendre.org\/maine-et-loire\/wp-content\/uploads\/sites\/48\/2025\/06\/DSC00270-1-1024x683.jpg\" alt=\"\" class=\"wp-image-3432\" style=\"width:1125px;height:auto\" srcset=\"https:\/\/www.reseau-entreprendre.org\/maine-et-loire\/wp-content\/uploads\/sites\/48\/2025\/06\/DSC00270-1-1024x683.jpg 1024w, https:\/\/www.reseau-entreprendre.org\/maine-et-loire\/wp-content\/uploads\/sites\/48\/2025\/06\/DSC00270-1-300x200.jpg 300w, https:\/\/www.reseau-entreprendre.org\/maine-et-loire\/wp-content\/uploads\/sites\/48\/2025\/06\/DSC00270-1-768x512.jpg 768w, https:\/\/www.reseau-entreprendre.org\/maine-et-loire\/wp-content\/uploads\/sites\/48\/2025\/06\/DSC00270-1-391x260.jpg 391w, https:\/\/www.reseau-entreprendre.org\/maine-et-loire\/wp-content\/uploads\/sites\/48\/2025\/06\/DSC00270-1-1536x1024.jpg 1536w, https:\/\/www.reseau-entreprendre.org\/maine-et-loire\/wp-content\/uploads\/sites\/48\/2025\/06\/DSC00270-1-2048x1366.jpg 2048w, https:\/\/www.reseau-entreprendre.org\/maine-et-loire\/wp-content\/uploads\/sites\/48\/2025\/06\/DSC00270-1-195x130.jpg 195w, https:\/\/www.reseau-entreprendre.org\/maine-et-loire\/wp-content\/uploads\/sites\/48\/2025\/06\/DSC00270-1-100x67.jpg 100w\" sizes=\"auto, (max-width: 1024px) 100vw, 1024px\" \/><\/figure>\n<\/div>\n\n\n<figure class=\"wp-block-gallery has-nested-images columns-default is-cropped wp-block-gallery-1 is-layout-flex wp-block-gallery-is-layout-flex\">\n<figure class=\"wp-block-image size-large\"><img loading=\"lazy\" decoding=\"async\" width=\"1024\" height=\"681\" data-id=\"3445\" src=\"https:\/\/www.reseau-entreprendre.org\/maine-et-loire\/wp-content\/uploads\/sites\/48\/2025\/06\/Capture-decran-2025-06-20-095144-1024x681.png\" alt=\"\" class=\"wp-image-3445\" srcset=\"https:\/\/www.reseau-entreprendre.org\/maine-et-loire\/wp-content\/uploads\/sites\/48\/2025\/06\/Capture-decran-2025-06-20-095144-1024x681.png 1024w, https:\/\/www.reseau-entreprendre.org\/maine-et-loire\/wp-content\/uploads\/sites\/48\/2025\/06\/Capture-decran-2025-06-20-095144-300x200.png 300w, https:\/\/www.reseau-entreprendre.org\/maine-et-loire\/wp-content\/uploads\/sites\/48\/2025\/06\/Capture-decran-2025-06-20-095144-768x511.png 768w, https:\/\/www.reseau-entreprendre.org\/maine-et-loire\/wp-content\/uploads\/sites\/48\/2025\/06\/Capture-decran-2025-06-20-095144-391x260.png 391w, https:\/\/www.reseau-entreprendre.org\/maine-et-loire\/wp-content\/uploads\/sites\/48\/2025\/06\/Capture-decran-2025-06-20-095144-195x130.png 195w, https:\/\/www.reseau-entreprendre.org\/maine-et-loire\/wp-content\/uploads\/sites\/48\/2025\/06\/Capture-decran-2025-06-20-095144-100x67.png 100w, https:\/\/www.reseau-entreprendre.org\/maine-et-loire\/wp-content\/uploads\/sites\/48\/2025\/06\/Capture-decran-2025-06-20-095144.png 1377w\" sizes=\"auto, (max-width: 1024px) 100vw, 1024px\" \/><\/figure>\n\n\n\n<figure class=\"wp-block-image size-large\"><img loading=\"lazy\" decoding=\"async\" width=\"616\" height=\"923\" data-id=\"3447\" src=\"https:\/\/www.reseau-entreprendre.org\/maine-et-loire\/wp-content\/uploads\/sites\/48\/2025\/06\/Capture-decran-2025-06-20-095136.png\" alt=\"\" class=\"wp-image-3447\" srcset=\"https:\/\/www.reseau-entreprendre.org\/maine-et-loire\/wp-content\/uploads\/sites\/48\/2025\/06\/Capture-decran-2025-06-20-095136.png 616w, https:\/\/www.reseau-entreprendre.org\/maine-et-loire\/wp-content\/uploads\/sites\/48\/2025\/06\/Capture-decran-2025-06-20-095136-200x300.png 200w, https:\/\/www.reseau-entreprendre.org\/maine-et-loire\/wp-content\/uploads\/sites\/48\/2025\/06\/Capture-decran-2025-06-20-095136-87x130.png 87w, https:\/\/www.reseau-entreprendre.org\/maine-et-loire\/wp-content\/uploads\/sites\/48\/2025\/06\/Capture-decran-2025-06-20-095136-67x100.png 67w\" sizes=\"auto, (max-width: 616px) 100vw, 616px\" \/><\/figure>\n\n\n\n<figure class=\"wp-block-image size-large\"><img loading=\"lazy\" decoding=\"async\" width=\"1024\" height=\"672\" data-id=\"3448\" src=\"https:\/\/www.reseau-entreprendre.org\/maine-et-loire\/wp-content\/uploads\/sites\/48\/2025\/06\/Capture-decran-2025-06-20-095119-1024x672.png\" alt=\"\" class=\"wp-image-3448\" srcset=\"https:\/\/www.reseau-entreprendre.org\/maine-et-loire\/wp-content\/uploads\/sites\/48\/2025\/06\/Capture-decran-2025-06-20-095119-1024x672.png 1024w, https:\/\/www.reseau-entreprendre.org\/maine-et-loire\/wp-content\/uploads\/sites\/48\/2025\/06\/Capture-decran-2025-06-20-095119-300x197.png 300w, https:\/\/www.reseau-entreprendre.org\/maine-et-loire\/wp-content\/uploads\/sites\/48\/2025\/06\/Capture-decran-2025-06-20-095119-768x504.png 768w, https:\/\/www.reseau-entreprendre.org\/maine-et-loire\/wp-content\/uploads\/sites\/48\/2025\/06\/Capture-decran-2025-06-20-095119-198x130.png 198w, https:\/\/www.reseau-entreprendre.org\/maine-et-loire\/wp-content\/uploads\/sites\/48\/2025\/06\/Capture-decran-2025-06-20-095119-100x66.png 100w, https:\/\/www.reseau-entreprendre.org\/maine-et-loire\/wp-content\/uploads\/sites\/48\/2025\/06\/Capture-decran-2025-06-20-095119.png 1376w\" sizes=\"auto, (max-width: 1024px) 100vw, 1024px\" \/><\/figure>\n\n\n\n<figure class=\"wp-block-image size-large\"><img loading=\"lazy\" decoding=\"async\" width=\"1024\" height=\"684\" data-id=\"3449\" src=\"https:\/\/www.reseau-entreprendre.org\/maine-et-loire\/wp-content\/uploads\/sites\/48\/2025\/06\/Capture-decran-2025-06-20-095111-1024x684.png\" alt=\"\" class=\"wp-image-3449\" srcset=\"https:\/\/www.reseau-entreprendre.org\/maine-et-loire\/wp-content\/uploads\/sites\/48\/2025\/06\/Capture-decran-2025-06-20-095111-1024x684.png 1024w, https:\/\/www.reseau-entreprendre.org\/maine-et-loire\/wp-content\/uploads\/sites\/48\/2025\/06\/Capture-decran-2025-06-20-095111-300x200.png 300w, https:\/\/www.reseau-entreprendre.org\/maine-et-loire\/wp-content\/uploads\/sites\/48\/2025\/06\/Capture-decran-2025-06-20-095111-768x513.png 768w, https:\/\/www.reseau-entreprendre.org\/maine-et-loire\/wp-content\/uploads\/sites\/48\/2025\/06\/Capture-decran-2025-06-20-095111-391x260.png 391w, https:\/\/www.reseau-entreprendre.org\/maine-et-loire\/wp-content\/uploads\/sites\/48\/2025\/06\/Capture-decran-2025-06-20-095111-195x130.png 195w, https:\/\/www.reseau-entreprendre.org\/maine-et-loire\/wp-content\/uploads\/sites\/48\/2025\/06\/Capture-decran-2025-06-20-095111-100x67.png 100w, https:\/\/www.reseau-entreprendre.org\/maine-et-loire\/wp-content\/uploads\/sites\/48\/2025\/06\/Capture-decran-2025-06-20-095111.png 1381w\" sizes=\"auto, (max-width: 1024px) 100vw, 1024px\" \/><\/figure>\n\n\n\n<figure class=\"wp-block-image size-large\"><img loading=\"lazy\" decoding=\"async\" width=\"1024\" height=\"673\" data-id=\"3450\" src=\"https:\/\/www.reseau-entreprendre.org\/maine-et-loire\/wp-content\/uploads\/sites\/48\/2025\/06\/Capture-decran-2025-06-20-095102-1024x673.png\" alt=\"\" class=\"wp-image-3450\" srcset=\"https:\/\/www.reseau-entreprendre.org\/maine-et-loire\/wp-content\/uploads\/sites\/48\/2025\/06\/Capture-decran-2025-06-20-095102-1024x673.png 1024w, https:\/\/www.reseau-entreprendre.org\/maine-et-loire\/wp-content\/uploads\/sites\/48\/2025\/06\/Capture-decran-2025-06-20-095102-300x197.png 300w, https:\/\/www.reseau-entreprendre.org\/maine-et-loire\/wp-content\/uploads\/sites\/48\/2025\/06\/Capture-decran-2025-06-20-095102-768x505.png 768w, https:\/\/www.reseau-entreprendre.org\/maine-et-loire\/wp-content\/uploads\/sites\/48\/2025\/06\/Capture-decran-2025-06-20-095102-198x130.png 198w, https:\/\/www.reseau-entreprendre.org\/maine-et-loire\/wp-content\/uploads\/sites\/48\/2025\/06\/Capture-decran-2025-06-20-095102-100x66.png 100w, https:\/\/www.reseau-entreprendre.org\/maine-et-loire\/wp-content\/uploads\/sites\/48\/2025\/06\/Capture-decran-2025-06-20-095102.png 1392w\" sizes=\"auto, (max-width: 1024px) 100vw, 1024px\" \/><\/figure>\n\n\n\n<figure class=\"wp-block-image size-large\"><img loading=\"lazy\" decoding=\"async\" width=\"1024\" height=\"677\" data-id=\"3451\" src=\"https:\/\/www.reseau-entreprendre.org\/maine-et-loire\/wp-content\/uploads\/sites\/48\/2025\/06\/Capture-decran-2025-06-20-095053-1024x677.png\" alt=\"\" class=\"wp-image-3451\" srcset=\"https:\/\/www.reseau-entreprendre.org\/maine-et-loire\/wp-content\/uploads\/sites\/48\/2025\/06\/Capture-decran-2025-06-20-095053-1024x677.png 1024w, https:\/\/www.reseau-entreprendre.org\/maine-et-loire\/wp-content\/uploads\/sites\/48\/2025\/06\/Capture-decran-2025-06-20-095053-300x198.png 300w, https:\/\/www.reseau-entreprendre.org\/maine-et-loire\/wp-content\/uploads\/sites\/48\/2025\/06\/Capture-decran-2025-06-20-095053-768x507.png 768w, https:\/\/www.reseau-entreprendre.org\/maine-et-loire\/wp-content\/uploads\/sites\/48\/2025\/06\/Capture-decran-2025-06-20-095053-391x260.png 391w, https:\/\/www.reseau-entreprendre.org\/maine-et-loire\/wp-content\/uploads\/sites\/48\/2025\/06\/Capture-decran-2025-06-20-095053-197x130.png 197w, https:\/\/www.reseau-entreprendre.org\/maine-et-loire\/wp-content\/uploads\/sites\/48\/2025\/06\/Capture-decran-2025-06-20-095053-100x66.png 100w, https:\/\/www.reseau-entreprendre.org\/maine-et-loire\/wp-content\/uploads\/sites\/48\/2025\/06\/Capture-decran-2025-06-20-095053.png 1388w\" sizes=\"auto, (max-width: 1024px) 100vw, 1024px\" \/><\/figure>\n\n\n\n<figure class=\"wp-block-image size-large\"><img loading=\"lazy\" decoding=\"async\" width=\"604\" height=\"914\" data-id=\"3452\" src=\"https:\/\/www.reseau-entreprendre.org\/maine-et-loire\/wp-content\/uploads\/sites\/48\/2025\/06\/Capture-decran-2025-06-20-095043.png\" alt=\"\" class=\"wp-image-3452\" srcset=\"https:\/\/www.reseau-entreprendre.org\/maine-et-loire\/wp-content\/uploads\/sites\/48\/2025\/06\/Capture-decran-2025-06-20-095043.png 604w, https:\/\/www.reseau-entreprendre.org\/maine-et-loire\/wp-content\/uploads\/sites\/48\/2025\/06\/Capture-decran-2025-06-20-095043-198x300.png 198w, https:\/\/www.reseau-entreprendre.org\/maine-et-loire\/wp-content\/uploads\/sites\/48\/2025\/06\/Capture-decran-2025-06-20-095043-86x130.png 86w, https:\/\/www.reseau-entreprendre.org\/maine-et-loire\/wp-content\/uploads\/sites\/48\/2025\/06\/Capture-decran-2025-06-20-095043-66x100.png 66w\" sizes=\"auto, (max-width: 604px) 100vw, 604px\" \/><\/figure>\n\n\n\n<figure class=\"wp-block-image size-large\"><img loading=\"lazy\" decoding=\"async\" width=\"1024\" height=\"680\" data-id=\"3453\" src=\"https:\/\/www.reseau-entreprendre.org\/maine-et-loire\/wp-content\/uploads\/sites\/48\/2025\/06\/Capture-decran-2025-06-20-095037-1024x680.png\" alt=\"\" class=\"wp-image-3453\" srcset=\"https:\/\/www.reseau-entreprendre.org\/maine-et-loire\/wp-content\/uploads\/sites\/48\/2025\/06\/Capture-decran-2025-06-20-095037-1024x680.png 1024w, https:\/\/www.reseau-entreprendre.org\/maine-et-loire\/wp-content\/uploads\/sites\/48\/2025\/06\/Capture-decran-2025-06-20-095037-300x199.png 300w, https:\/\/www.reseau-entreprendre.org\/maine-et-loire\/wp-content\/uploads\/sites\/48\/2025\/06\/Capture-decran-2025-06-20-095037-768x510.png 768w, https:\/\/www.reseau-entreprendre.org\/maine-et-loire\/wp-content\/uploads\/sites\/48\/2025\/06\/Capture-decran-2025-06-20-095037-391x260.png 391w, https:\/\/www.reseau-entreprendre.org\/maine-et-loire\/wp-content\/uploads\/sites\/48\/2025\/06\/Capture-decran-2025-06-20-095037-196x130.png 196w, https:\/\/www.reseau-entreprendre.org\/maine-et-loire\/wp-content\/uploads\/sites\/48\/2025\/06\/Capture-decran-2025-06-20-095037-100x66.png 100w, https:\/\/www.reseau-entreprendre.org\/maine-et-loire\/wp-content\/uploads\/sites\/48\/2025\/06\/Capture-decran-2025-06-20-095037.png 1377w\" sizes=\"auto, (max-width: 1024px) 100vw, 1024px\" \/><\/figure>\n\n\n\n<figure class=\"wp-block-image size-large\"><img loading=\"lazy\" decoding=\"async\" width=\"1024\" height=\"683\" data-id=\"3454\" src=\"https:\/\/www.reseau-entreprendre.org\/maine-et-loire\/wp-content\/uploads\/sites\/48\/2025\/06\/Capture-decran-2025-06-20-094950-1024x683.png\" alt=\"\" class=\"wp-image-3454\" srcset=\"https:\/\/www.reseau-entreprendre.org\/maine-et-loire\/wp-content\/uploads\/sites\/48\/2025\/06\/Capture-decran-2025-06-20-094950-1024x683.png 1024w, https:\/\/www.reseau-entreprendre.org\/maine-et-loire\/wp-content\/uploads\/sites\/48\/2025\/06\/Capture-decran-2025-06-20-094950-300x200.png 300w, https:\/\/www.reseau-entreprendre.org\/maine-et-loire\/wp-content\/uploads\/sites\/48\/2025\/06\/Capture-decran-2025-06-20-094950-768x512.png 768w, https:\/\/www.reseau-entreprendre.org\/maine-et-loire\/wp-content\/uploads\/sites\/48\/2025\/06\/Capture-decran-2025-06-20-094950-391x260.png 391w, https:\/\/www.reseau-entreprendre.org\/maine-et-loire\/wp-content\/uploads\/sites\/48\/2025\/06\/Capture-decran-2025-06-20-094950-195x130.png 195w, https:\/\/www.reseau-entreprendre.org\/maine-et-loire\/wp-content\/uploads\/sites\/48\/2025\/06\/Capture-decran-2025-06-20-094950-100x67.png 100w, https:\/\/www.reseau-entreprendre.org\/maine-et-loire\/wp-content\/uploads\/sites\/48\/2025\/06\/Capture-decran-2025-06-20-094950.png 1369w\" sizes=\"auto, (max-width: 1024px) 100vw, 1024px\" \/><\/figure>\n\n\n\n<figure class=\"wp-block-image size-large\"><img loading=\"lazy\" decoding=\"async\" width=\"1024\" height=\"683\" data-id=\"3438\" src=\"https:\/\/www.reseau-entreprendre.org\/maine-et-loire\/wp-content\/uploads\/sites\/48\/2025\/06\/Capture-decran-2025-06-20-094210-1024x683.png\" alt=\"\" class=\"wp-image-3438\" srcset=\"https:\/\/www.reseau-entreprendre.org\/maine-et-loire\/wp-content\/uploads\/sites\/48\/2025\/06\/Capture-decran-2025-06-20-094210-1024x683.png 1024w, https:\/\/www.reseau-entreprendre.org\/maine-et-loire\/wp-content\/uploads\/sites\/48\/2025\/06\/Capture-decran-2025-06-20-094210-300x200.png 300w, https:\/\/www.reseau-entreprendre.org\/maine-et-loire\/wp-content\/uploads\/sites\/48\/2025\/06\/Capture-decran-2025-06-20-094210-768x512.png 768w, https:\/\/www.reseau-entreprendre.org\/maine-et-loire\/wp-content\/uploads\/sites\/48\/2025\/06\/Capture-decran-2025-06-20-094210-391x260.png 391w, https:\/\/www.reseau-entreprendre.org\/maine-et-loire\/wp-content\/uploads\/sites\/48\/2025\/06\/Capture-decran-2025-06-20-094210-195x130.png 195w, https:\/\/www.reseau-entreprendre.org\/maine-et-loire\/wp-content\/uploads\/sites\/48\/2025\/06\/Capture-decran-2025-06-20-094210-100x67.png 100w, https:\/\/www.reseau-entreprendre.org\/maine-et-loire\/wp-content\/uploads\/sites\/48\/2025\/06\/Capture-decran-2025-06-20-094210.png 1379w\" sizes=\"auto, (max-width: 1024px) 100vw, 1024px\" \/><\/figure>\n\n\n\n<figure class=\"wp-block-image size-large\"><img loading=\"lazy\" decoding=\"async\" width=\"1024\" height=\"685\" data-id=\"3442\" src=\"https:\/\/www.reseau-entreprendre.org\/maine-et-loire\/wp-content\/uploads\/sites\/48\/2025\/06\/Capture-decran-2025-06-20-094434-1024x685.png\" alt=\"\" class=\"wp-image-3442\" srcset=\"https:\/\/www.reseau-entreprendre.org\/maine-et-loire\/wp-content\/uploads\/sites\/48\/2025\/06\/Capture-decran-2025-06-20-094434-1024x685.png 1024w, https:\/\/www.reseau-entreprendre.org\/maine-et-loire\/wp-content\/uploads\/sites\/48\/2025\/06\/Capture-decran-2025-06-20-094434-300x201.png 300w, https:\/\/www.reseau-entreprendre.org\/maine-et-loire\/wp-content\/uploads\/sites\/48\/2025\/06\/Capture-decran-2025-06-20-094434-768x513.png 768w, https:\/\/www.reseau-entreprendre.org\/maine-et-loire\/wp-content\/uploads\/sites\/48\/2025\/06\/Capture-decran-2025-06-20-094434-194x130.png 194w, https:\/\/www.reseau-entreprendre.org\/maine-et-loire\/wp-content\/uploads\/sites\/48\/2025\/06\/Capture-decran-2025-06-20-094434-100x67.png 100w, https:\/\/www.reseau-entreprendre.org\/maine-et-loire\/wp-content\/uploads\/sites\/48\/2025\/06\/Capture-decran-2025-06-20-094434.png 1376w\" sizes=\"auto, (max-width: 1024px) 100vw, 1024px\" \/><\/figure>\n\n\n\n<figure class=\"wp-block-image size-large\"><img loading=\"lazy\" decoding=\"async\" width=\"1024\" height=\"682\" data-id=\"3470\" src=\"https:\/\/www.reseau-entreprendre.org\/maine-et-loire\/wp-content\/uploads\/sites\/48\/2025\/06\/Capture-decran-2025-06-20-105133-1024x682.png\" alt=\"\" class=\"wp-image-3470\" srcset=\"https:\/\/www.reseau-entreprendre.org\/maine-et-loire\/wp-content\/uploads\/sites\/48\/2025\/06\/Capture-decran-2025-06-20-105133-1024x682.png 1024w, https:\/\/www.reseau-entreprendre.org\/maine-et-loire\/wp-content\/uploads\/sites\/48\/2025\/06\/Capture-decran-2025-06-20-105133-300x200.png 300w, https:\/\/www.reseau-entreprendre.org\/maine-et-loire\/wp-content\/uploads\/sites\/48\/2025\/06\/Capture-decran-2025-06-20-105133-768x512.png 768w, https:\/\/www.reseau-entreprendre.org\/maine-et-loire\/wp-content\/uploads\/sites\/48\/2025\/06\/Capture-decran-2025-06-20-105133-391x260.png 391w, https:\/\/www.reseau-entreprendre.org\/maine-et-loire\/wp-content\/uploads\/sites\/48\/2025\/06\/Capture-decran-2025-06-20-105133-195x130.png 195w, https:\/\/www.reseau-entreprendre.org\/maine-et-loire\/wp-content\/uploads\/sites\/48\/2025\/06\/Capture-decran-2025-06-20-105133-100x67.png 100w, https:\/\/www.reseau-entreprendre.org\/maine-et-loire\/wp-content\/uploads\/sites\/48\/2025\/06\/Capture-decran-2025-06-20-105133.png 1384w\" sizes=\"auto, (max-width: 1024px) 100vw, 1024px\" \/><\/figure>\n\n\n\n<figure class=\"wp-block-image size-large\"><img loading=\"lazy\" decoding=\"async\" width=\"1024\" height=\"679\" data-id=\"3455\" src=\"https:\/\/www.reseau-entreprendre.org\/maine-et-loire\/wp-content\/uploads\/sites\/48\/2025\/06\/Capture-decran-2025-06-20-094944-1024x679.png\" alt=\"\" class=\"wp-image-3455\" srcset=\"https:\/\/www.reseau-entreprendre.org\/maine-et-loire\/wp-content\/uploads\/sites\/48\/2025\/06\/Capture-decran-2025-06-20-094944-1024x679.png 1024w, https:\/\/www.reseau-entreprendre.org\/maine-et-loire\/wp-content\/uploads\/sites\/48\/2025\/06\/Capture-decran-2025-06-20-094944-300x199.png 300w, https:\/\/www.reseau-entreprendre.org\/maine-et-loire\/wp-content\/uploads\/sites\/48\/2025\/06\/Capture-decran-2025-06-20-094944-768x510.png 768w, https:\/\/www.reseau-entreprendre.org\/maine-et-loire\/wp-content\/uploads\/sites\/48\/2025\/06\/Capture-decran-2025-06-20-094944-391x260.png 391w, https:\/\/www.reseau-entreprendre.org\/maine-et-loire\/wp-content\/uploads\/sites\/48\/2025\/06\/Capture-decran-2025-06-20-094944-196x130.png 196w, https:\/\/www.reseau-entreprendre.org\/maine-et-loire\/wp-content\/uploads\/sites\/48\/2025\/06\/Capture-decran-2025-06-20-094944-100x66.png 100w, https:\/\/www.reseau-entreprendre.org\/maine-et-loire\/wp-content\/uploads\/sites\/48\/2025\/06\/Capture-decran-2025-06-20-094944.png 1367w\" sizes=\"auto, (max-width: 1024px) 100vw, 1024px\" \/><\/figure>\n\n\n\n<figure class=\"wp-block-image size-large\"><img loading=\"lazy\" decoding=\"async\" width=\"1024\" height=\"683\" data-id=\"3456\" src=\"https:\/\/www.reseau-entreprendre.org\/maine-et-loire\/wp-content\/uploads\/sites\/48\/2025\/06\/Capture-decran-2025-06-20-094933-1024x683.png\" alt=\"\" class=\"wp-image-3456\" srcset=\"https:\/\/www.reseau-entreprendre.org\/maine-et-loire\/wp-content\/uploads\/sites\/48\/2025\/06\/Capture-decran-2025-06-20-094933-1024x683.png 1024w, https:\/\/www.reseau-entreprendre.org\/maine-et-loire\/wp-content\/uploads\/sites\/48\/2025\/06\/Capture-decran-2025-06-20-094933-300x200.png 300w, https:\/\/www.reseau-entreprendre.org\/maine-et-loire\/wp-content\/uploads\/sites\/48\/2025\/06\/Capture-decran-2025-06-20-094933-768x512.png 768w, https:\/\/www.reseau-entreprendre.org\/maine-et-loire\/wp-content\/uploads\/sites\/48\/2025\/06\/Capture-decran-2025-06-20-094933-391x260.png 391w, https:\/\/www.reseau-entreprendre.org\/maine-et-loire\/wp-content\/uploads\/sites\/48\/2025\/06\/Capture-decran-2025-06-20-094933-195x130.png 195w, https:\/\/www.reseau-entreprendre.org\/maine-et-loire\/wp-content\/uploads\/sites\/48\/2025\/06\/Capture-decran-2025-06-20-094933-100x67.png 100w, https:\/\/www.reseau-entreprendre.org\/maine-et-loire\/wp-content\/uploads\/sites\/48\/2025\/06\/Capture-decran-2025-06-20-094933.png 1374w\" sizes=\"auto, (max-width: 1024px) 100vw, 1024px\" \/><\/figure>\n\n\n\n<figure class=\"wp-block-image size-large\"><img loading=\"lazy\" decoding=\"async\" width=\"1024\" height=\"674\" data-id=\"3458\" src=\"https:\/\/www.reseau-entreprendre.org\/maine-et-loire\/wp-content\/uploads\/sites\/48\/2025\/06\/Capture-decran-2025-06-20-094925-1024x674.png\" alt=\"\" class=\"wp-image-3458\" srcset=\"https:\/\/www.reseau-entreprendre.org\/maine-et-loire\/wp-content\/uploads\/sites\/48\/2025\/06\/Capture-decran-2025-06-20-094925-1024x674.png 1024w, https:\/\/www.reseau-entreprendre.org\/maine-et-loire\/wp-content\/uploads\/sites\/48\/2025\/06\/Capture-decran-2025-06-20-094925-300x197.png 300w, https:\/\/www.reseau-entreprendre.org\/maine-et-loire\/wp-content\/uploads\/sites\/48\/2025\/06\/Capture-decran-2025-06-20-094925-768x505.png 768w, https:\/\/www.reseau-entreprendre.org\/maine-et-loire\/wp-content\/uploads\/sites\/48\/2025\/06\/Capture-decran-2025-06-20-094925-198x130.png 198w, https:\/\/www.reseau-entreprendre.org\/maine-et-loire\/wp-content\/uploads\/sites\/48\/2025\/06\/Capture-decran-2025-06-20-094925-100x66.png 100w, https:\/\/www.reseau-entreprendre.org\/maine-et-loire\/wp-content\/uploads\/sites\/48\/2025\/06\/Capture-decran-2025-06-20-094925.png 1383w\" sizes=\"auto, (max-width: 1024px) 100vw, 1024px\" \/><\/figure>\n\n\n\n<figure class=\"wp-block-image size-large\"><img loading=\"lazy\" decoding=\"async\" width=\"1024\" height=\"670\" data-id=\"3459\" src=\"https:\/\/www.reseau-entreprendre.org\/maine-et-loire\/wp-content\/uploads\/sites\/48\/2025\/06\/Capture-decran-2025-06-20-094918-1024x670.png\" alt=\"\" class=\"wp-image-3459\" srcset=\"https:\/\/www.reseau-entreprendre.org\/maine-et-loire\/wp-content\/uploads\/sites\/48\/2025\/06\/Capture-decran-2025-06-20-094918-1024x670.png 1024w, https:\/\/www.reseau-entreprendre.org\/maine-et-loire\/wp-content\/uploads\/sites\/48\/2025\/06\/Capture-decran-2025-06-20-094918-300x196.png 300w, https:\/\/www.reseau-entreprendre.org\/maine-et-loire\/wp-content\/uploads\/sites\/48\/2025\/06\/Capture-decran-2025-06-20-094918-768x503.png 768w, https:\/\/www.reseau-entreprendre.org\/maine-et-loire\/wp-content\/uploads\/sites\/48\/2025\/06\/Capture-decran-2025-06-20-094918-199x130.png 199w, https:\/\/www.reseau-entreprendre.org\/maine-et-loire\/wp-content\/uploads\/sites\/48\/2025\/06\/Capture-decran-2025-06-20-094918-100x65.png 100w, https:\/\/www.reseau-entreprendre.org\/maine-et-loire\/wp-content\/uploads\/sites\/48\/2025\/06\/Capture-decran-2025-06-20-094918.png 1392w\" sizes=\"auto, (max-width: 1024px) 100vw, 1024px\" \/><\/figure>\n\n\n\n<figure class=\"wp-block-image size-large\"><img loading=\"lazy\" decoding=\"async\" width=\"1024\" height=\"676\" data-id=\"3461\" src=\"https:\/\/www.reseau-entreprendre.org\/maine-et-loire\/wp-content\/uploads\/sites\/48\/2025\/06\/Capture-decran-2025-06-20-094911-1024x676.png\" alt=\"\" class=\"wp-image-3461\" srcset=\"https:\/\/www.reseau-entreprendre.org\/maine-et-loire\/wp-content\/uploads\/sites\/48\/2025\/06\/Capture-decran-2025-06-20-094911-1024x676.png 1024w, https:\/\/www.reseau-entreprendre.org\/maine-et-loire\/wp-content\/uploads\/sites\/48\/2025\/06\/Capture-decran-2025-06-20-094911-300x198.png 300w, https:\/\/www.reseau-entreprendre.org\/maine-et-loire\/wp-content\/uploads\/sites\/48\/2025\/06\/Capture-decran-2025-06-20-094911-768x507.png 768w, https:\/\/www.reseau-entreprendre.org\/maine-et-loire\/wp-content\/uploads\/sites\/48\/2025\/06\/Capture-decran-2025-06-20-094911-197x130.png 197w, https:\/\/www.reseau-entreprendre.org\/maine-et-loire\/wp-content\/uploads\/sites\/48\/2025\/06\/Capture-decran-2025-06-20-094911-100x66.png 100w, https:\/\/www.reseau-entreprendre.org\/maine-et-loire\/wp-content\/uploads\/sites\/48\/2025\/06\/Capture-decran-2025-06-20-094911.png 1373w\" sizes=\"auto, (max-width: 1024px) 100vw, 1024px\" \/><\/figure>\n\n\n\n<figure class=\"wp-block-image size-large\"><img loading=\"lazy\" decoding=\"async\" width=\"1024\" height=\"673\" data-id=\"3462\" src=\"https:\/\/www.reseau-entreprendre.org\/maine-et-loire\/wp-content\/uploads\/sites\/48\/2025\/06\/Capture-decran-2025-06-20-094904-1024x673.png\" alt=\"\" class=\"wp-image-3462\" srcset=\"https:\/\/www.reseau-entreprendre.org\/maine-et-loire\/wp-content\/uploads\/sites\/48\/2025\/06\/Capture-decran-2025-06-20-094904-1024x673.png 1024w, https:\/\/www.reseau-entreprendre.org\/maine-et-loire\/wp-content\/uploads\/sites\/48\/2025\/06\/Capture-decran-2025-06-20-094904-300x197.png 300w, https:\/\/www.reseau-entreprendre.org\/maine-et-loire\/wp-content\/uploads\/sites\/48\/2025\/06\/Capture-decran-2025-06-20-094904-768x505.png 768w, https:\/\/www.reseau-entreprendre.org\/maine-et-loire\/wp-content\/uploads\/sites\/48\/2025\/06\/Capture-decran-2025-06-20-094904-198x130.png 198w, https:\/\/www.reseau-entreprendre.org\/maine-et-loire\/wp-content\/uploads\/sites\/48\/2025\/06\/Capture-decran-2025-06-20-094904-100x66.png 100w, https:\/\/www.reseau-entreprendre.org\/maine-et-loire\/wp-content\/uploads\/sites\/48\/2025\/06\/Capture-decran-2025-06-20-094904.png 1383w\" sizes=\"auto, (max-width: 1024px) 100vw, 1024px\" \/><\/figure>\n\n\n\n<figure class=\"wp-block-image size-large\"><img loading=\"lazy\" decoding=\"async\" width=\"1024\" height=\"676\" data-id=\"3463\" src=\"https:\/\/www.reseau-entreprendre.org\/maine-et-loire\/wp-content\/uploads\/sites\/48\/2025\/06\/Capture-decran-2025-06-20-094858-1024x676.png\" alt=\"\" class=\"wp-image-3463\" srcset=\"https:\/\/www.reseau-entreprendre.org\/maine-et-loire\/wp-content\/uploads\/sites\/48\/2025\/06\/Capture-decran-2025-06-20-094858-1024x676.png 1024w, https:\/\/www.reseau-entreprendre.org\/maine-et-loire\/wp-content\/uploads\/sites\/48\/2025\/06\/Capture-decran-2025-06-20-094858-300x198.png 300w, https:\/\/www.reseau-entreprendre.org\/maine-et-loire\/wp-content\/uploads\/sites\/48\/2025\/06\/Capture-decran-2025-06-20-094858-768x507.png 768w, https:\/\/www.reseau-entreprendre.org\/maine-et-loire\/wp-content\/uploads\/sites\/48\/2025\/06\/Capture-decran-2025-06-20-094858-197x130.png 197w, https:\/\/www.reseau-entreprendre.org\/maine-et-loire\/wp-content\/uploads\/sites\/48\/2025\/06\/Capture-decran-2025-06-20-094858-100x66.png 100w, https:\/\/www.reseau-entreprendre.org\/maine-et-loire\/wp-content\/uploads\/sites\/48\/2025\/06\/Capture-decran-2025-06-20-094858.png 1384w\" sizes=\"auto, (max-width: 1024px) 100vw, 1024px\" \/><\/figure>\n\n\n\n<figure class=\"wp-block-image size-large\"><img loading=\"lazy\" decoding=\"async\" width=\"1024\" height=\"683\" data-id=\"3464\" src=\"https:\/\/www.reseau-entreprendre.org\/maine-et-loire\/wp-content\/uploads\/sites\/48\/2025\/06\/Capture-decran-2025-06-20-094851-1024x683.png\" alt=\"\" class=\"wp-image-3464\" srcset=\"https:\/\/www.reseau-entreprendre.org\/maine-et-loire\/wp-content\/uploads\/sites\/48\/2025\/06\/Capture-decran-2025-06-20-094851-1024x683.png 1024w, https:\/\/www.reseau-entreprendre.org\/maine-et-loire\/wp-content\/uploads\/sites\/48\/2025\/06\/Capture-decran-2025-06-20-094851-300x200.png 300w, https:\/\/www.reseau-entreprendre.org\/maine-et-loire\/wp-content\/uploads\/sites\/48\/2025\/06\/Capture-decran-2025-06-20-094851-768x512.png 768w, https:\/\/www.reseau-entreprendre.org\/maine-et-loire\/wp-content\/uploads\/sites\/48\/2025\/06\/Capture-decran-2025-06-20-094851-391x260.png 391w, https:\/\/www.reseau-entreprendre.org\/maine-et-loire\/wp-content\/uploads\/sites\/48\/2025\/06\/Capture-decran-2025-06-20-094851-195x130.png 195w, https:\/\/www.reseau-entreprendre.org\/maine-et-loire\/wp-content\/uploads\/sites\/48\/2025\/06\/Capture-decran-2025-06-20-094851-100x67.png 100w, https:\/\/www.reseau-entreprendre.org\/maine-et-loire\/wp-content\/uploads\/sites\/48\/2025\/06\/Capture-decran-2025-06-20-094851.png 1376w\" sizes=\"auto, (max-width: 1024px) 100vw, 1024px\" \/><\/figure>\n\n\n\n<figure class=\"wp-block-image size-large\"><img loading=\"lazy\" decoding=\"async\" width=\"1024\" height=\"681\" data-id=\"3465\" src=\"https:\/\/www.reseau-entreprendre.org\/maine-et-loire\/wp-content\/uploads\/sites\/48\/2025\/06\/Capture-decran-2025-06-20-094845-1024x681.png\" alt=\"\" class=\"wp-image-3465\" srcset=\"https:\/\/www.reseau-entreprendre.org\/maine-et-loire\/wp-content\/uploads\/sites\/48\/2025\/06\/Capture-decran-2025-06-20-094845-1024x681.png 1024w, https:\/\/www.reseau-entreprendre.org\/maine-et-loire\/wp-content\/uploads\/sites\/48\/2025\/06\/Capture-decran-2025-06-20-094845-300x200.png 300w, https:\/\/www.reseau-entreprendre.org\/maine-et-loire\/wp-content\/uploads\/sites\/48\/2025\/06\/Capture-decran-2025-06-20-094845-768x511.png 768w, https:\/\/www.reseau-entreprendre.org\/maine-et-loire\/wp-content\/uploads\/sites\/48\/2025\/06\/Capture-decran-2025-06-20-094845-391x260.png 391w, https:\/\/www.reseau-entreprendre.org\/maine-et-loire\/wp-content\/uploads\/sites\/48\/2025\/06\/Capture-decran-2025-06-20-094845-195x130.png 195w, https:\/\/www.reseau-entreprendre.org\/maine-et-loire\/wp-content\/uploads\/sites\/48\/2025\/06\/Capture-decran-2025-06-20-094845-100x67.png 100w, https:\/\/www.reseau-entreprendre.org\/maine-et-loire\/wp-content\/uploads\/sites\/48\/2025\/06\/Capture-decran-2025-06-20-094845.png 1383w\" sizes=\"auto, (max-width: 1024px) 100vw, 1024px\" \/><\/figure>\n\n\n\n<figure class=\"wp-block-image size-large\"><img loading=\"lazy\" decoding=\"async\" width=\"1024\" height=\"690\" data-id=\"3466\" src=\"https:\/\/www.reseau-entreprendre.org\/maine-et-loire\/wp-content\/uploads\/sites\/48\/2025\/06\/Capture-decran-2025-06-20-094838-1024x690.png\" alt=\"\" class=\"wp-image-3466\" srcset=\"https:\/\/www.reseau-entreprendre.org\/maine-et-loire\/wp-content\/uploads\/sites\/48\/2025\/06\/Capture-decran-2025-06-20-094838-1024x690.png 1024w, https:\/\/www.reseau-entreprendre.org\/maine-et-loire\/wp-content\/uploads\/sites\/48\/2025\/06\/Capture-decran-2025-06-20-094838-300x202.png 300w, https:\/\/www.reseau-entreprendre.org\/maine-et-loire\/wp-content\/uploads\/sites\/48\/2025\/06\/Capture-decran-2025-06-20-094838-768x518.png 768w, https:\/\/www.reseau-entreprendre.org\/maine-et-loire\/wp-content\/uploads\/sites\/48\/2025\/06\/Capture-decran-2025-06-20-094838-193x130.png 193w, https:\/\/www.reseau-entreprendre.org\/maine-et-loire\/wp-content\/uploads\/sites\/48\/2025\/06\/Capture-decran-2025-06-20-094838-100x67.png 100w, https:\/\/www.reseau-entreprendre.org\/maine-et-loire\/wp-content\/uploads\/sites\/48\/2025\/06\/Capture-decran-2025-06-20-094838.png 1337w\" sizes=\"auto, (max-width: 1024px) 100vw, 1024px\" \/><\/figure>\n\n\n\n<figure class=\"wp-block-image size-large\"><img loading=\"lazy\" decoding=\"async\" width=\"1024\" height=\"683\" data-id=\"3439\" src=\"https:\/\/www.reseau-entreprendre.org\/maine-et-loire\/wp-content\/uploads\/sites\/48\/2025\/06\/Capture-decran-2025-06-20-094235-1024x683.png\" alt=\"\" class=\"wp-image-3439\" srcset=\"https:\/\/www.reseau-entreprendre.org\/maine-et-loire\/wp-content\/uploads\/sites\/48\/2025\/06\/Capture-decran-2025-06-20-094235-1024x683.png 1024w, https:\/\/www.reseau-entreprendre.org\/maine-et-loire\/wp-content\/uploads\/sites\/48\/2025\/06\/Capture-decran-2025-06-20-094235-300x200.png 300w, https:\/\/www.reseau-entreprendre.org\/maine-et-loire\/wp-content\/uploads\/sites\/48\/2025\/06\/Capture-decran-2025-06-20-094235-768x512.png 768w, https:\/\/www.reseau-entreprendre.org\/maine-et-loire\/wp-content\/uploads\/sites\/48\/2025\/06\/Capture-decran-2025-06-20-094235-391x260.png 391w, https:\/\/www.reseau-entreprendre.org\/maine-et-loire\/wp-content\/uploads\/sites\/48\/2025\/06\/Capture-decran-2025-06-20-094235-195x130.png 195w, https:\/\/www.reseau-entreprendre.org\/maine-et-loire\/wp-content\/uploads\/sites\/48\/2025\/06\/Capture-decran-2025-06-20-094235-100x67.png 100w, https:\/\/www.reseau-entreprendre.org\/maine-et-loire\/wp-content\/uploads\/sites\/48\/2025\/06\/Capture-decran-2025-06-20-094235.png 1369w\" sizes=\"auto, (max-width: 1024px) 100vw, 1024px\" \/><\/figure>\n\n\n\n<figure class=\"wp-block-image size-large\"><img loading=\"lazy\" decoding=\"async\" width=\"592\" height=\"915\" data-id=\"3437\" src=\"https:\/\/www.reseau-entreprendre.org\/maine-et-loire\/wp-content\/uploads\/sites\/48\/2025\/06\/Capture-decran-2025-06-20-094226.png\" alt=\"\" class=\"wp-image-3437\" srcset=\"https:\/\/www.reseau-entreprendre.org\/maine-et-loire\/wp-content\/uploads\/sites\/48\/2025\/06\/Capture-decran-2025-06-20-094226.png 592w, https:\/\/www.reseau-entreprendre.org\/maine-et-loire\/wp-content\/uploads\/sites\/48\/2025\/06\/Capture-decran-2025-06-20-094226-194x300.png 194w, https:\/\/www.reseau-entreprendre.org\/maine-et-loire\/wp-content\/uploads\/sites\/48\/2025\/06\/Capture-decran-2025-06-20-094226-84x130.png 84w, https:\/\/www.reseau-entreprendre.org\/maine-et-loire\/wp-content\/uploads\/sites\/48\/2025\/06\/Capture-decran-2025-06-20-094226-65x100.png 65w\" sizes=\"auto, (max-width: 592px) 100vw, 592px\" \/><\/figure>\n\n\n\n<figure class=\"wp-block-image size-large\"><img loading=\"lazy\" decoding=\"async\" width=\"1024\" height=\"679\" data-id=\"3441\" src=\"https:\/\/www.reseau-entreprendre.org\/maine-et-loire\/wp-content\/uploads\/sites\/48\/2025\/06\/Capture-decran-2025-06-20-094221-1024x679.png\" alt=\"\" class=\"wp-image-3441\" srcset=\"https:\/\/www.reseau-entreprendre.org\/maine-et-loire\/wp-content\/uploads\/sites\/48\/2025\/06\/Capture-decran-2025-06-20-094221-1024x679.png 1024w, https:\/\/www.reseau-entreprendre.org\/maine-et-loire\/wp-content\/uploads\/sites\/48\/2025\/06\/Capture-decran-2025-06-20-094221-300x199.png 300w, https:\/\/www.reseau-entreprendre.org\/maine-et-loire\/wp-content\/uploads\/sites\/48\/2025\/06\/Capture-decran-2025-06-20-094221-768x509.png 768w, https:\/\/www.reseau-entreprendre.org\/maine-et-loire\/wp-content\/uploads\/sites\/48\/2025\/06\/Capture-decran-2025-06-20-094221-391x260.png 391w, https:\/\/www.reseau-entreprendre.org\/maine-et-loire\/wp-content\/uploads\/sites\/48\/2025\/06\/Capture-decran-2025-06-20-094221-196x130.png 196w, https:\/\/www.reseau-entreprendre.org\/maine-et-loire\/wp-content\/uploads\/sites\/48\/2025\/06\/Capture-decran-2025-06-20-094221-100x66.png 100w, https:\/\/www.reseau-entreprendre.org\/maine-et-loire\/wp-content\/uploads\/sites\/48\/2025\/06\/Capture-decran-2025-06-20-094221.png 1371w\" sizes=\"auto, (max-width: 1024px) 100vw, 1024px\" \/><\/figure>\n\n\n\n<figure class=\"wp-block-image size-large\"><img loading=\"lazy\" decoding=\"async\" width=\"1024\" height=\"680\" data-id=\"3440\" src=\"https:\/\/www.reseau-entreprendre.org\/maine-et-loire\/wp-content\/uploads\/sites\/48\/2025\/06\/Capture-decran-2025-06-20-094215-1024x680.png\" alt=\"\" class=\"wp-image-3440\" srcset=\"https:\/\/www.reseau-entreprendre.org\/maine-et-loire\/wp-content\/uploads\/sites\/48\/2025\/06\/Capture-decran-2025-06-20-094215-1024x680.png 1024w, https:\/\/www.reseau-entreprendre.org\/maine-et-loire\/wp-content\/uploads\/sites\/48\/2025\/06\/Capture-decran-2025-06-20-094215-300x199.png 300w, https:\/\/www.reseau-entreprendre.org\/maine-et-loire\/wp-content\/uploads\/sites\/48\/2025\/06\/Capture-decran-2025-06-20-094215-768x510.png 768w, https:\/\/www.reseau-entreprendre.org\/maine-et-loire\/wp-content\/uploads\/sites\/48\/2025\/06\/Capture-decran-2025-06-20-094215-391x260.png 391w, https:\/\/www.reseau-entreprendre.org\/maine-et-loire\/wp-content\/uploads\/sites\/48\/2025\/06\/Capture-decran-2025-06-20-094215-196x130.png 196w, https:\/\/www.reseau-entreprendre.org\/maine-et-loire\/wp-content\/uploads\/sites\/48\/2025\/06\/Capture-decran-2025-06-20-094215-100x66.png 100w, https:\/\/www.reseau-entreprendre.org\/maine-et-loire\/wp-content\/uploads\/sites\/48\/2025\/06\/Capture-decran-2025-06-20-094215.png 1384w\" sizes=\"auto, (max-width: 1024px) 100vw, 1024px\" \/><\/figure>\n\n\n\n<figure class=\"wp-block-image size-large\"><img loading=\"lazy\" decoding=\"async\" width=\"600\" height=\"918\" data-id=\"3436\" src=\"https:\/\/www.reseau-entreprendre.org\/maine-et-loire\/wp-content\/uploads\/sites\/48\/2025\/06\/Capture-decran-2025-06-20-094205.png\" alt=\"\" class=\"wp-image-3436\" srcset=\"https:\/\/www.reseau-entreprendre.org\/maine-et-loire\/wp-content\/uploads\/sites\/48\/2025\/06\/Capture-decran-2025-06-20-094205.png 600w, https:\/\/www.reseau-entreprendre.org\/maine-et-loire\/wp-content\/uploads\/sites\/48\/2025\/06\/Capture-decran-2025-06-20-094205-196x300.png 196w, https:\/\/www.reseau-entreprendre.org\/maine-et-loire\/wp-content\/uploads\/sites\/48\/2025\/06\/Capture-decran-2025-06-20-094205-85x130.png 85w, https:\/\/www.reseau-entreprendre.org\/maine-et-loire\/wp-content\/uploads\/sites\/48\/2025\/06\/Capture-decran-2025-06-20-094205-65x100.png 65w\" sizes=\"auto, (max-width: 600px) 100vw, 600px\" \/><\/figure>\n\n\n\n<figure class=\"wp-block-image size-large\"><img loading=\"lazy\" decoding=\"async\" width=\"1024\" height=\"677\" data-id=\"3444\" src=\"https:\/\/www.reseau-entreprendre.org\/maine-et-loire\/wp-content\/uploads\/sites\/48\/2025\/06\/Capture-decran-2025-06-20-094425-1024x677.png\" alt=\"\" class=\"wp-image-3444\" srcset=\"https:\/\/www.reseau-entreprendre.org\/maine-et-loire\/wp-content\/uploads\/sites\/48\/2025\/06\/Capture-decran-2025-06-20-094425-1024x677.png 1024w, https:\/\/www.reseau-entreprendre.org\/maine-et-loire\/wp-content\/uploads\/sites\/48\/2025\/06\/Capture-decran-2025-06-20-094425-300x198.png 300w, https:\/\/www.reseau-entreprendre.org\/maine-et-loire\/wp-content\/uploads\/sites\/48\/2025\/06\/Capture-decran-2025-06-20-094425-768x507.png 768w, https:\/\/www.reseau-entreprendre.org\/maine-et-loire\/wp-content\/uploads\/sites\/48\/2025\/06\/Capture-decran-2025-06-20-094425-391x260.png 391w, https:\/\/www.reseau-entreprendre.org\/maine-et-loire\/wp-content\/uploads\/sites\/48\/2025\/06\/Capture-decran-2025-06-20-094425-197x130.png 197w, https:\/\/www.reseau-entreprendre.org\/maine-et-loire\/wp-content\/uploads\/sites\/48\/2025\/06\/Capture-decran-2025-06-20-094425-100x66.png 100w, https:\/\/www.reseau-entreprendre.org\/maine-et-loire\/wp-content\/uploads\/sites\/48\/2025\/06\/Capture-decran-2025-06-20-094425.png 1385w\" sizes=\"auto, (max-width: 1024px) 100vw, 1024px\" \/><\/figure>\n\n\n\n<figure class=\"wp-block-image size-large\"><img loading=\"lazy\" decoding=\"async\" width=\"1024\" height=\"679\" data-id=\"3394\" src=\"https:\/\/www.reseau-entreprendre.org\/maine-et-loire\/wp-content\/uploads\/sites\/48\/2025\/06\/Capture-decran-2025-06-19-123857-1024x679.png\" alt=\"\" class=\"wp-image-3394\" srcset=\"https:\/\/www.reseau-entreprendre.org\/maine-et-loire\/wp-content\/uploads\/sites\/48\/2025\/06\/Capture-decran-2025-06-19-123857-1024x679.png 1024w, https:\/\/www.reseau-entreprendre.org\/maine-et-loire\/wp-content\/uploads\/sites\/48\/2025\/06\/Capture-decran-2025-06-19-123857-300x199.png 300w, https:\/\/www.reseau-entreprendre.org\/maine-et-loire\/wp-content\/uploads\/sites\/48\/2025\/06\/Capture-decran-2025-06-19-123857-768x509.png 768w, https:\/\/www.reseau-entreprendre.org\/maine-et-loire\/wp-content\/uploads\/sites\/48\/2025\/06\/Capture-decran-2025-06-19-123857-391x260.png 391w, https:\/\/www.reseau-entreprendre.org\/maine-et-loire\/wp-content\/uploads\/sites\/48\/2025\/06\/Capture-decran-2025-06-19-123857-196x130.png 196w, https:\/\/www.reseau-entreprendre.org\/maine-et-loire\/wp-content\/uploads\/sites\/48\/2025\/06\/Capture-decran-2025-06-19-123857-100x66.png 100w, https:\/\/www.reseau-entreprendre.org\/maine-et-loire\/wp-content\/uploads\/sites\/48\/2025\/06\/Capture-decran-2025-06-19-123857.png 1380w\" sizes=\"auto, (max-width: 1024px) 100vw, 1024px\" \/><\/figure>\n\n\n\n<figure class=\"wp-block-image size-large\"><img loading=\"lazy\" decoding=\"async\" width=\"1024\" height=\"682\" data-id=\"3443\" src=\"https:\/\/www.reseau-entreprendre.org\/maine-et-loire\/wp-content\/uploads\/sites\/48\/2025\/06\/Capture-decran-2025-06-20-094245-1024x682.png\" alt=\"\" class=\"wp-image-3443\" srcset=\"https:\/\/www.reseau-entreprendre.org\/maine-et-loire\/wp-content\/uploads\/sites\/48\/2025\/06\/Capture-decran-2025-06-20-094245-1024x682.png 1024w, https:\/\/www.reseau-entreprendre.org\/maine-et-loire\/wp-content\/uploads\/sites\/48\/2025\/06\/Capture-decran-2025-06-20-094245-300x200.png 300w, https:\/\/www.reseau-entreprendre.org\/maine-et-loire\/wp-content\/uploads\/sites\/48\/2025\/06\/Capture-decran-2025-06-20-094245-768x512.png 768w, https:\/\/www.reseau-entreprendre.org\/maine-et-loire\/wp-content\/uploads\/sites\/48\/2025\/06\/Capture-decran-2025-06-20-094245-391x260.png 391w, https:\/\/www.reseau-entreprendre.org\/maine-et-loire\/wp-content\/uploads\/sites\/48\/2025\/06\/Capture-decran-2025-06-20-094245-195x130.png 195w, https:\/\/www.reseau-entreprendre.org\/maine-et-loire\/wp-content\/uploads\/sites\/48\/2025\/06\/Capture-decran-2025-06-20-094245-100x67.png 100w, https:\/\/www.reseau-entreprendre.org\/maine-et-loire\/wp-content\/uploads\/sites\/48\/2025\/06\/Capture-decran-2025-06-20-094245.png 1379w\" sizes=\"auto, (max-width: 1024px) 100vw, 1024px\" \/><\/figure>\n\n\n\n<figure class=\"wp-block-image size-large\"><img loading=\"lazy\" decoding=\"async\" width=\"1024\" height=\"674\" data-id=\"3477\" src=\"https:\/\/www.reseau-entreprendre.org\/maine-et-loire\/wp-content\/uploads\/sites\/48\/2025\/06\/Capture-decran-2025-06-20-105437-1024x674.png\" alt=\"\" class=\"wp-image-3477\" srcset=\"https:\/\/www.reseau-entreprendre.org\/maine-et-loire\/wp-content\/uploads\/sites\/48\/2025\/06\/Capture-decran-2025-06-20-105437-1024x674.png 1024w, https:\/\/www.reseau-entreprendre.org\/maine-et-loire\/wp-content\/uploads\/sites\/48\/2025\/06\/Capture-decran-2025-06-20-105437-300x197.png 300w, https:\/\/www.reseau-entreprendre.org\/maine-et-loire\/wp-content\/uploads\/sites\/48\/2025\/06\/Capture-decran-2025-06-20-105437-768x505.png 768w, https:\/\/www.reseau-entreprendre.org\/maine-et-loire\/wp-content\/uploads\/sites\/48\/2025\/06\/Capture-decran-2025-06-20-105437-198x130.png 198w, https:\/\/www.reseau-entreprendre.org\/maine-et-loire\/wp-content\/uploads\/sites\/48\/2025\/06\/Capture-decran-2025-06-20-105437-100x66.png 100w, https:\/\/www.reseau-entreprendre.org\/maine-et-loire\/wp-content\/uploads\/sites\/48\/2025\/06\/Capture-decran-2025-06-20-105437.png 1382w\" sizes=\"auto, (max-width: 1024px) 100vw, 1024px\" \/><\/figure>\n\n\n\n<figure class=\"wp-block-image size-large\"><img loading=\"lazy\" decoding=\"async\" width=\"1024\" height=\"676\" data-id=\"3479\" src=\"https:\/\/www.reseau-entreprendre.org\/maine-et-loire\/wp-content\/uploads\/sites\/48\/2025\/06\/Capture-decran-2025-06-20-105424-1024x676.png\" alt=\"\" class=\"wp-image-3479\" srcset=\"https:\/\/www.reseau-entreprendre.org\/maine-et-loire\/wp-content\/uploads\/sites\/48\/2025\/06\/Capture-decran-2025-06-20-105424-1024x676.png 1024w, https:\/\/www.reseau-entreprendre.org\/maine-et-loire\/wp-content\/uploads\/sites\/48\/2025\/06\/Capture-decran-2025-06-20-105424-300x198.png 300w, https:\/\/www.reseau-entreprendre.org\/maine-et-loire\/wp-content\/uploads\/sites\/48\/2025\/06\/Capture-decran-2025-06-20-105424-768x507.png 768w, https:\/\/www.reseau-entreprendre.org\/maine-et-loire\/wp-content\/uploads\/sites\/48\/2025\/06\/Capture-decran-2025-06-20-105424-197x130.png 197w, https:\/\/www.reseau-entreprendre.org\/maine-et-loire\/wp-content\/uploads\/sites\/48\/2025\/06\/Capture-decran-2025-06-20-105424-100x66.png 100w, https:\/\/www.reseau-entreprendre.org\/maine-et-loire\/wp-content\/uploads\/sites\/48\/2025\/06\/Capture-decran-2025-06-20-105424.png 1394w\" sizes=\"auto, (max-width: 1024px) 100vw, 1024px\" \/><\/figure>\n\n\n\n<figure class=\"wp-block-image size-large\"><img loading=\"lazy\" decoding=\"async\" width=\"1024\" height=\"677\" data-id=\"3480\" src=\"https:\/\/www.reseau-entreprendre.org\/maine-et-loire\/wp-content\/uploads\/sites\/48\/2025\/06\/Capture-decran-2025-06-20-105416-1024x677.png\" alt=\"\" class=\"wp-image-3480\" srcset=\"https:\/\/www.reseau-entreprendre.org\/maine-et-loire\/wp-content\/uploads\/sites\/48\/2025\/06\/Capture-decran-2025-06-20-105416-1024x677.png 1024w, https:\/\/www.reseau-entreprendre.org\/maine-et-loire\/wp-content\/uploads\/sites\/48\/2025\/06\/Capture-decran-2025-06-20-105416-300x198.png 300w, https:\/\/www.reseau-entreprendre.org\/maine-et-loire\/wp-content\/uploads\/sites\/48\/2025\/06\/Capture-decran-2025-06-20-105416-768x508.png 768w, https:\/\/www.reseau-entreprendre.org\/maine-et-loire\/wp-content\/uploads\/sites\/48\/2025\/06\/Capture-decran-2025-06-20-105416-391x260.png 391w, https:\/\/www.reseau-entreprendre.org\/maine-et-loire\/wp-content\/uploads\/sites\/48\/2025\/06\/Capture-decran-2025-06-20-105416-197x130.png 197w, https:\/\/www.reseau-entreprendre.org\/maine-et-loire\/wp-content\/uploads\/sites\/48\/2025\/06\/Capture-decran-2025-06-20-105416-100x66.png 100w, https:\/\/www.reseau-entreprendre.org\/maine-et-loire\/wp-content\/uploads\/sites\/48\/2025\/06\/Capture-decran-2025-06-20-105416.png 1382w\" sizes=\"auto, (max-width: 1024px) 100vw, 1024px\" \/><\/figure>\n\n\n\n<figure class=\"wp-block-image size-large\"><img loading=\"lazy\" decoding=\"async\" width=\"1024\" height=\"680\" data-id=\"3482\" src=\"https:\/\/www.reseau-entreprendre.org\/maine-et-loire\/wp-content\/uploads\/sites\/48\/2025\/06\/Capture-decran-2025-06-20-105410-1024x680.png\" alt=\"\" class=\"wp-image-3482\" srcset=\"https:\/\/www.reseau-entreprendre.org\/maine-et-loire\/wp-content\/uploads\/sites\/48\/2025\/06\/Capture-decran-2025-06-20-105410-1024x680.png 1024w, https:\/\/www.reseau-entreprendre.org\/maine-et-loire\/wp-content\/uploads\/sites\/48\/2025\/06\/Capture-decran-2025-06-20-105410-300x199.png 300w, https:\/\/www.reseau-entreprendre.org\/maine-et-loire\/wp-content\/uploads\/sites\/48\/2025\/06\/Capture-decran-2025-06-20-105410-768x510.png 768w, https:\/\/www.reseau-entreprendre.org\/maine-et-loire\/wp-content\/uploads\/sites\/48\/2025\/06\/Capture-decran-2025-06-20-105410-391x260.png 391w, https:\/\/www.reseau-entreprendre.org\/maine-et-loire\/wp-content\/uploads\/sites\/48\/2025\/06\/Capture-decran-2025-06-20-105410-196x130.png 196w, https:\/\/www.reseau-entreprendre.org\/maine-et-loire\/wp-content\/uploads\/sites\/48\/2025\/06\/Capture-decran-2025-06-20-105410-100x66.png 100w, https:\/\/www.reseau-entreprendre.org\/maine-et-loire\/wp-content\/uploads\/sites\/48\/2025\/06\/Capture-decran-2025-06-20-105410.png 1377w\" sizes=\"auto, (max-width: 1024px) 100vw, 1024px\" \/><\/figure>\n\n\n\n<figure class=\"wp-block-image size-large\"><img loading=\"lazy\" decoding=\"async\" width=\"1024\" height=\"676\" data-id=\"3474\" src=\"https:\/\/www.reseau-entreprendre.org\/maine-et-loire\/wp-content\/uploads\/sites\/48\/2025\/06\/Capture-decran-2025-06-20-105401-1024x676.png\" alt=\"\" class=\"wp-image-3474\" srcset=\"https:\/\/www.reseau-entreprendre.org\/maine-et-loire\/wp-content\/uploads\/sites\/48\/2025\/06\/Capture-decran-2025-06-20-105401-1024x676.png 1024w, https:\/\/www.reseau-entreprendre.org\/maine-et-loire\/wp-content\/uploads\/sites\/48\/2025\/06\/Capture-decran-2025-06-20-105401-300x198.png 300w, https:\/\/www.reseau-entreprendre.org\/maine-et-loire\/wp-content\/uploads\/sites\/48\/2025\/06\/Capture-decran-2025-06-20-105401-768x507.png 768w, https:\/\/www.reseau-entreprendre.org\/maine-et-loire\/wp-content\/uploads\/sites\/48\/2025\/06\/Capture-decran-2025-06-20-105401-197x130.png 197w, https:\/\/www.reseau-entreprendre.org\/maine-et-loire\/wp-content\/uploads\/sites\/48\/2025\/06\/Capture-decran-2025-06-20-105401-100x66.png 100w, https:\/\/www.reseau-entreprendre.org\/maine-et-loire\/wp-content\/uploads\/sites\/48\/2025\/06\/Capture-decran-2025-06-20-105401.png 1375w\" sizes=\"auto, (max-width: 1024px) 100vw, 1024px\" \/><\/figure>\n\n\n\n<figure class=\"wp-block-image size-large\"><img loading=\"lazy\" decoding=\"async\" width=\"1024\" height=\"669\" data-id=\"3473\" src=\"https:\/\/www.reseau-entreprendre.org\/maine-et-loire\/wp-content\/uploads\/sites\/48\/2025\/06\/Capture-decran-2025-06-20-105346-1024x669.png\" alt=\"\" class=\"wp-image-3473\" srcset=\"https:\/\/www.reseau-entreprendre.org\/maine-et-loire\/wp-content\/uploads\/sites\/48\/2025\/06\/Capture-decran-2025-06-20-105346-1024x669.png 1024w, https:\/\/www.reseau-entreprendre.org\/maine-et-loire\/wp-content\/uploads\/sites\/48\/2025\/06\/Capture-decran-2025-06-20-105346-300x196.png 300w, https:\/\/www.reseau-entreprendre.org\/maine-et-loire\/wp-content\/uploads\/sites\/48\/2025\/06\/Capture-decran-2025-06-20-105346-768x502.png 768w, https:\/\/www.reseau-entreprendre.org\/maine-et-loire\/wp-content\/uploads\/sites\/48\/2025\/06\/Capture-decran-2025-06-20-105346-199x130.png 199w, https:\/\/www.reseau-entreprendre.org\/maine-et-loire\/wp-content\/uploads\/sites\/48\/2025\/06\/Capture-decran-2025-06-20-105346-100x65.png 100w, https:\/\/www.reseau-entreprendre.org\/maine-et-loire\/wp-content\/uploads\/sites\/48\/2025\/06\/Capture-decran-2025-06-20-105346.png 1384w\" sizes=\"auto, (max-width: 1024px) 100vw, 1024px\" \/><\/figure>\n\n\n\n<figure class=\"wp-block-image size-large\"><img loading=\"lazy\" decoding=\"async\" width=\"1024\" height=\"682\" data-id=\"3475\" src=\"https:\/\/www.reseau-entreprendre.org\/maine-et-loire\/wp-content\/uploads\/sites\/48\/2025\/06\/Capture-decran-2025-06-20-105339-1024x682.png\" alt=\"\" class=\"wp-image-3475\" srcset=\"https:\/\/www.reseau-entreprendre.org\/maine-et-loire\/wp-content\/uploads\/sites\/48\/2025\/06\/Capture-decran-2025-06-20-105339-1024x682.png 1024w, https:\/\/www.reseau-entreprendre.org\/maine-et-loire\/wp-content\/uploads\/sites\/48\/2025\/06\/Capture-decran-2025-06-20-105339-300x200.png 300w, https:\/\/www.reseau-entreprendre.org\/maine-et-loire\/wp-content\/uploads\/sites\/48\/2025\/06\/Capture-decran-2025-06-20-105339-768x512.png 768w, https:\/\/www.reseau-entreprendre.org\/maine-et-loire\/wp-content\/uploads\/sites\/48\/2025\/06\/Capture-decran-2025-06-20-105339-391x260.png 391w, https:\/\/www.reseau-entreprendre.org\/maine-et-loire\/wp-content\/uploads\/sites\/48\/2025\/06\/Capture-decran-2025-06-20-105339-195x130.png 195w, https:\/\/www.reseau-entreprendre.org\/maine-et-loire\/wp-content\/uploads\/sites\/48\/2025\/06\/Capture-decran-2025-06-20-105339-100x67.png 100w, https:\/\/www.reseau-entreprendre.org\/maine-et-loire\/wp-content\/uploads\/sites\/48\/2025\/06\/Capture-decran-2025-06-20-105339.png 1379w\" sizes=\"auto, (max-width: 1024px) 100vw, 1024px\" \/><\/figure>\n\n\n\n<figure class=\"wp-block-image size-large\"><img loading=\"lazy\" decoding=\"async\" width=\"1024\" height=\"684\" data-id=\"3471\" src=\"https:\/\/www.reseau-entreprendre.org\/maine-et-loire\/wp-content\/uploads\/sites\/48\/2025\/06\/Capture-decran-2025-06-20-105216-1024x684.png\" alt=\"\" class=\"wp-image-3471\" srcset=\"https:\/\/www.reseau-entreprendre.org\/maine-et-loire\/wp-content\/uploads\/sites\/48\/2025\/06\/Capture-decran-2025-06-20-105216-1024x684.png 1024w, https:\/\/www.reseau-entreprendre.org\/maine-et-loire\/wp-content\/uploads\/sites\/48\/2025\/06\/Capture-decran-2025-06-20-105216-300x200.png 300w, https:\/\/www.reseau-entreprendre.org\/maine-et-loire\/wp-content\/uploads\/sites\/48\/2025\/06\/Capture-decran-2025-06-20-105216-768x513.png 768w, https:\/\/www.reseau-entreprendre.org\/maine-et-loire\/wp-content\/uploads\/sites\/48\/2025\/06\/Capture-decran-2025-06-20-105216-391x260.png 391w, https:\/\/www.reseau-entreprendre.org\/maine-et-loire\/wp-content\/uploads\/sites\/48\/2025\/06\/Capture-decran-2025-06-20-105216-195x130.png 195w, https:\/\/www.reseau-entreprendre.org\/maine-et-loire\/wp-content\/uploads\/sites\/48\/2025\/06\/Capture-decran-2025-06-20-105216-100x67.png 100w, https:\/\/www.reseau-entreprendre.org\/maine-et-loire\/wp-content\/uploads\/sites\/48\/2025\/06\/Capture-decran-2025-06-20-105216.png 1380w\" sizes=\"auto, (max-width: 1024px) 100vw, 1024px\" \/><\/figure>\n\n\n\n<figure class=\"wp-block-image size-large\"><img loading=\"lazy\" decoding=\"async\" width=\"1024\" height=\"677\" data-id=\"3472\" src=\"https:\/\/www.reseau-entreprendre.org\/maine-et-loire\/wp-content\/uploads\/sites\/48\/2025\/06\/Capture-decran-2025-06-20-105209-1024x677.png\" alt=\"\" class=\"wp-image-3472\" srcset=\"https:\/\/www.reseau-entreprendre.org\/maine-et-loire\/wp-content\/uploads\/sites\/48\/2025\/06\/Capture-decran-2025-06-20-105209-1024x677.png 1024w, https:\/\/www.reseau-entreprendre.org\/maine-et-loire\/wp-content\/uploads\/sites\/48\/2025\/06\/Capture-decran-2025-06-20-105209-300x198.png 300w, https:\/\/www.reseau-entreprendre.org\/maine-et-loire\/wp-content\/uploads\/sites\/48\/2025\/06\/Capture-decran-2025-06-20-105209-768x508.png 768w, https:\/\/www.reseau-entreprendre.org\/maine-et-loire\/wp-content\/uploads\/sites\/48\/2025\/06\/Capture-decran-2025-06-20-105209-391x260.png 391w, https:\/\/www.reseau-entreprendre.org\/maine-et-loire\/wp-content\/uploads\/sites\/48\/2025\/06\/Capture-decran-2025-06-20-105209-197x130.png 197w, https:\/\/www.reseau-entreprendre.org\/maine-et-loire\/wp-content\/uploads\/sites\/48\/2025\/06\/Capture-decran-2025-06-20-105209-100x66.png 100w, https:\/\/www.reseau-entreprendre.org\/maine-et-loire\/wp-content\/uploads\/sites\/48\/2025\/06\/Capture-decran-2025-06-20-105209.png 1389w\" sizes=\"auto, (max-width: 1024px) 100vw, 1024px\" \/><\/figure>\n\n\n\n<figure class=\"wp-block-image size-large\"><img loading=\"lazy\" decoding=\"async\" width=\"1024\" height=\"676\" data-id=\"3469\" src=\"https:\/\/www.reseau-entreprendre.org\/maine-et-loire\/wp-content\/uploads\/sites\/48\/2025\/06\/Capture-decran-2025-06-20-105140-1024x676.png\" alt=\"\" class=\"wp-image-3469\" srcset=\"https:\/\/www.reseau-entreprendre.org\/maine-et-loire\/wp-content\/uploads\/sites\/48\/2025\/06\/Capture-decran-2025-06-20-105140-1024x676.png 1024w, https:\/\/www.reseau-entreprendre.org\/maine-et-loire\/wp-content\/uploads\/sites\/48\/2025\/06\/Capture-decran-2025-06-20-105140-300x198.png 300w, https:\/\/www.reseau-entreprendre.org\/maine-et-loire\/wp-content\/uploads\/sites\/48\/2025\/06\/Capture-decran-2025-06-20-105140-768x507.png 768w, https:\/\/www.reseau-entreprendre.org\/maine-et-loire\/wp-content\/uploads\/sites\/48\/2025\/06\/Capture-decran-2025-06-20-105140-197x130.png 197w, https:\/\/www.reseau-entreprendre.org\/maine-et-loire\/wp-content\/uploads\/sites\/48\/2025\/06\/Capture-decran-2025-06-20-105140-100x66.png 100w, https:\/\/www.reseau-entreprendre.org\/maine-et-loire\/wp-content\/uploads\/sites\/48\/2025\/06\/Capture-decran-2025-06-20-105140.png 1387w\" sizes=\"auto, (max-width: 1024px) 100vw, 1024px\" \/><\/figure>\n\n\n\n<figure class=\"wp-block-image size-large\"><img loading=\"lazy\" decoding=\"async\" width=\"1024\" height=\"684\" data-id=\"3481\" src=\"https:\/\/www.reseau-entreprendre.org\/maine-et-loire\/wp-content\/uploads\/sites\/48\/2025\/06\/Capture-decran-2025-06-20-105125-1024x684.png\" alt=\"\" class=\"wp-image-3481\" srcset=\"https:\/\/www.reseau-entreprendre.org\/maine-et-loire\/wp-content\/uploads\/sites\/48\/2025\/06\/Capture-decran-2025-06-20-105125-1024x684.png 1024w, https:\/\/www.reseau-entreprendre.org\/maine-et-loire\/wp-content\/uploads\/sites\/48\/2025\/06\/Capture-decran-2025-06-20-105125-300x200.png 300w, https:\/\/www.reseau-entreprendre.org\/maine-et-loire\/wp-content\/uploads\/sites\/48\/2025\/06\/Capture-decran-2025-06-20-105125-768x513.png 768w, https:\/\/www.reseau-entreprendre.org\/maine-et-loire\/wp-content\/uploads\/sites\/48\/2025\/06\/Capture-decran-2025-06-20-105125-391x260.png 391w, https:\/\/www.reseau-entreprendre.org\/maine-et-loire\/wp-content\/uploads\/sites\/48\/2025\/06\/Capture-decran-2025-06-20-105125-195x130.png 195w, https:\/\/www.reseau-entreprendre.org\/maine-et-loire\/wp-content\/uploads\/sites\/48\/2025\/06\/Capture-decran-2025-06-20-105125-100x67.png 100w, https:\/\/www.reseau-entreprendre.org\/maine-et-loire\/wp-content\/uploads\/sites\/48\/2025\/06\/Capture-decran-2025-06-20-105125.png 1378w\" sizes=\"auto, (max-width: 1024px) 100vw, 1024px\" \/><\/figure>\n\n\n\n<figure class=\"wp-block-image size-large\"><img loading=\"lazy\" decoding=\"async\" width=\"1024\" height=\"671\" data-id=\"3478\" src=\"https:\/\/www.reseau-entreprendre.org\/maine-et-loire\/wp-content\/uploads\/sites\/48\/2025\/06\/Capture-decran-2025-06-20-105117-1024x671.png\" alt=\"\" class=\"wp-image-3478\" srcset=\"https:\/\/www.reseau-entreprendre.org\/maine-et-loire\/wp-content\/uploads\/sites\/48\/2025\/06\/Capture-decran-2025-06-20-105117-1024x671.png 1024w, https:\/\/www.reseau-entreprendre.org\/maine-et-loire\/wp-content\/uploads\/sites\/48\/2025\/06\/Capture-decran-2025-06-20-105117-300x197.png 300w, https:\/\/www.reseau-entreprendre.org\/maine-et-loire\/wp-content\/uploads\/sites\/48\/2025\/06\/Capture-decran-2025-06-20-105117-768x503.png 768w, https:\/\/www.reseau-entreprendre.org\/maine-et-loire\/wp-content\/uploads\/sites\/48\/2025\/06\/Capture-decran-2025-06-20-105117-198x130.png 198w, https:\/\/www.reseau-entreprendre.org\/maine-et-loire\/wp-content\/uploads\/sites\/48\/2025\/06\/Capture-decran-2025-06-20-105117-100x66.png 100w, https:\/\/www.reseau-entreprendre.org\/maine-et-loire\/wp-content\/uploads\/sites\/48\/2025\/06\/Capture-decran-2025-06-20-105117.png 1382w\" sizes=\"auto, (max-width: 1024px) 100vw, 1024px\" \/><\/figure>\n\n\n\n<figure class=\"wp-block-image size-large\"><img loading=\"lazy\" decoding=\"async\" width=\"1024\" height=\"678\" data-id=\"3476\" src=\"https:\/\/www.reseau-entreprendre.org\/maine-et-loire\/wp-content\/uploads\/sites\/48\/2025\/06\/Capture-decran-2025-06-20-105110-1024x678.png\" alt=\"\" class=\"wp-image-3476\" srcset=\"https:\/\/www.reseau-entreprendre.org\/maine-et-loire\/wp-content\/uploads\/sites\/48\/2025\/06\/Capture-decran-2025-06-20-105110-1024x678.png 1024w, https:\/\/www.reseau-entreprendre.org\/maine-et-loire\/wp-content\/uploads\/sites\/48\/2025\/06\/Capture-decran-2025-06-20-105110-300x199.png 300w, https:\/\/www.reseau-entreprendre.org\/maine-et-loire\/wp-content\/uploads\/sites\/48\/2025\/06\/Capture-decran-2025-06-20-105110-768x508.png 768w, https:\/\/www.reseau-entreprendre.org\/maine-et-loire\/wp-content\/uploads\/sites\/48\/2025\/06\/Capture-decran-2025-06-20-105110-391x260.png 391w, https:\/\/www.reseau-entreprendre.org\/maine-et-loire\/wp-content\/uploads\/sites\/48\/2025\/06\/Capture-decran-2025-06-20-105110-196x130.png 196w, https:\/\/www.reseau-entreprendre.org\/maine-et-loire\/wp-content\/uploads\/sites\/48\/2025\/06\/Capture-decran-2025-06-20-105110-100x66.png 100w, https:\/\/www.reseau-entreprendre.org\/maine-et-loire\/wp-content\/uploads\/sites\/48\/2025\/06\/Capture-decran-2025-06-20-105110.png 1375w\" sizes=\"auto, (max-width: 1024px) 100vw, 1024px\" \/><\/figure>\n\n\n\n<figure class=\"wp-block-image size-large\"><img loading=\"lazy\" decoding=\"async\" width=\"612\" height=\"920\" data-id=\"3468\" src=\"https:\/\/www.reseau-entreprendre.org\/maine-et-loire\/wp-content\/uploads\/sites\/48\/2025\/06\/Capture-decran-2025-06-20-105100.png\" alt=\"\" class=\"wp-image-3468\" srcset=\"https:\/\/www.reseau-entreprendre.org\/maine-et-loire\/wp-content\/uploads\/sites\/48\/2025\/06\/Capture-decran-2025-06-20-105100.png 612w, https:\/\/www.reseau-entreprendre.org\/maine-et-loire\/wp-content\/uploads\/sites\/48\/2025\/06\/Capture-decran-2025-06-20-105100-200x300.png 200w, https:\/\/www.reseau-entreprendre.org\/maine-et-loire\/wp-content\/uploads\/sites\/48\/2025\/06\/Capture-decran-2025-06-20-105100-86x130.png 86w, https:\/\/www.reseau-entreprendre.org\/maine-et-loire\/wp-content\/uploads\/sites\/48\/2025\/06\/Capture-decran-2025-06-20-105100-67x100.png 67w\" sizes=\"auto, (max-width: 612px) 100vw, 612px\" \/><\/figure>\n\n\n\n<figure class=\"wp-block-image size-large\"><img loading=\"lazy\" decoding=\"async\" width=\"1024\" height=\"672\" data-id=\"3486\" src=\"https:\/\/www.reseau-entreprendre.org\/maine-et-loire\/wp-content\/uploads\/sites\/48\/2025\/06\/Capture-decran-2025-06-20-105632-1024x672.png\" alt=\"\" class=\"wp-image-3486\" srcset=\"https:\/\/www.reseau-entreprendre.org\/maine-et-loire\/wp-content\/uploads\/sites\/48\/2025\/06\/Capture-decran-2025-06-20-105632-1024x672.png 1024w, https:\/\/www.reseau-entreprendre.org\/maine-et-loire\/wp-content\/uploads\/sites\/48\/2025\/06\/Capture-decran-2025-06-20-105632-300x197.png 300w, https:\/\/www.reseau-entreprendre.org\/maine-et-loire\/wp-content\/uploads\/sites\/48\/2025\/06\/Capture-decran-2025-06-20-105632-768x504.png 768w, https:\/\/www.reseau-entreprendre.org\/maine-et-loire\/wp-content\/uploads\/sites\/48\/2025\/06\/Capture-decran-2025-06-20-105632-198x130.png 198w, https:\/\/www.reseau-entreprendre.org\/maine-et-loire\/wp-content\/uploads\/sites\/48\/2025\/06\/Capture-decran-2025-06-20-105632-100x66.png 100w, https:\/\/www.reseau-entreprendre.org\/maine-et-loire\/wp-content\/uploads\/sites\/48\/2025\/06\/Capture-decran-2025-06-20-105632.png 1377w\" sizes=\"auto, (max-width: 1024px) 100vw, 1024px\" \/><\/figure>\n\n\n\n<figure class=\"wp-block-image size-large\"><img loading=\"lazy\" decoding=\"async\" width=\"1024\" height=\"679\" data-id=\"3490\" src=\"https:\/\/www.reseau-entreprendre.org\/maine-et-loire\/wp-content\/uploads\/sites\/48\/2025\/06\/Capture-decran-2025-06-20-105621-1024x679.png\" alt=\"\" class=\"wp-image-3490\" srcset=\"https:\/\/www.reseau-entreprendre.org\/maine-et-loire\/wp-content\/uploads\/sites\/48\/2025\/06\/Capture-decran-2025-06-20-105621-1024x679.png 1024w, https:\/\/www.reseau-entreprendre.org\/maine-et-loire\/wp-content\/uploads\/sites\/48\/2025\/06\/Capture-decran-2025-06-20-105621-300x199.png 300w, https:\/\/www.reseau-entreprendre.org\/maine-et-loire\/wp-content\/uploads\/sites\/48\/2025\/06\/Capture-decran-2025-06-20-105621-768x509.png 768w, https:\/\/www.reseau-entreprendre.org\/maine-et-loire\/wp-content\/uploads\/sites\/48\/2025\/06\/Capture-decran-2025-06-20-105621-391x260.png 391w, https:\/\/www.reseau-entreprendre.org\/maine-et-loire\/wp-content\/uploads\/sites\/48\/2025\/06\/Capture-decran-2025-06-20-105621-196x130.png 196w, https:\/\/www.reseau-entreprendre.org\/maine-et-loire\/wp-content\/uploads\/sites\/48\/2025\/06\/Capture-decran-2025-06-20-105621-100x66.png 100w, https:\/\/www.reseau-entreprendre.org\/maine-et-loire\/wp-content\/uploads\/sites\/48\/2025\/06\/Capture-decran-2025-06-20-105621.png 1367w\" sizes=\"auto, (max-width: 1024px) 100vw, 1024px\" \/><\/figure>\n\n\n\n<figure class=\"wp-block-image size-large\"><img loading=\"lazy\" decoding=\"async\" width=\"1024\" height=\"659\" data-id=\"3485\" src=\"https:\/\/www.reseau-entreprendre.org\/maine-et-loire\/wp-content\/uploads\/sites\/48\/2025\/06\/Capture-decran-2025-06-20-105611-1024x659.png\" alt=\"\" class=\"wp-image-3485\" srcset=\"https:\/\/www.reseau-entreprendre.org\/maine-et-loire\/wp-content\/uploads\/sites\/48\/2025\/06\/Capture-decran-2025-06-20-105611-1024x659.png 1024w, https:\/\/www.reseau-entreprendre.org\/maine-et-loire\/wp-content\/uploads\/sites\/48\/2025\/06\/Capture-decran-2025-06-20-105611-300x193.png 300w, https:\/\/www.reseau-entreprendre.org\/maine-et-loire\/wp-content\/uploads\/sites\/48\/2025\/06\/Capture-decran-2025-06-20-105611-768x494.png 768w, https:\/\/www.reseau-entreprendre.org\/maine-et-loire\/wp-content\/uploads\/sites\/48\/2025\/06\/Capture-decran-2025-06-20-105611-202x130.png 202w, https:\/\/www.reseau-entreprendre.org\/maine-et-loire\/wp-content\/uploads\/sites\/48\/2025\/06\/Capture-decran-2025-06-20-105611-100x64.png 100w, https:\/\/www.reseau-entreprendre.org\/maine-et-loire\/wp-content\/uploads\/sites\/48\/2025\/06\/Capture-decran-2025-06-20-105611.png 1395w\" sizes=\"auto, (max-width: 1024px) 100vw, 1024px\" \/><\/figure>\n\n\n\n<figure class=\"wp-block-image size-large\"><img loading=\"lazy\" decoding=\"async\" width=\"1024\" height=\"667\" data-id=\"3492\" src=\"https:\/\/www.reseau-entreprendre.org\/maine-et-loire\/wp-content\/uploads\/sites\/48\/2025\/06\/Capture-decran-2025-06-20-105558-1024x667.png\" alt=\"\" class=\"wp-image-3492\" srcset=\"https:\/\/www.reseau-entreprendre.org\/maine-et-loire\/wp-content\/uploads\/sites\/48\/2025\/06\/Capture-decran-2025-06-20-105558-1024x667.png 1024w, https:\/\/www.reseau-entreprendre.org\/maine-et-loire\/wp-content\/uploads\/sites\/48\/2025\/06\/Capture-decran-2025-06-20-105558-300x195.png 300w, https:\/\/www.reseau-entreprendre.org\/maine-et-loire\/wp-content\/uploads\/sites\/48\/2025\/06\/Capture-decran-2025-06-20-105558-768x500.png 768w, https:\/\/www.reseau-entreprendre.org\/maine-et-loire\/wp-content\/uploads\/sites\/48\/2025\/06\/Capture-decran-2025-06-20-105558-200x130.png 200w, https:\/\/www.reseau-entreprendre.org\/maine-et-loire\/wp-content\/uploads\/sites\/48\/2025\/06\/Capture-decran-2025-06-20-105558-100x65.png 100w, https:\/\/www.reseau-entreprendre.org\/maine-et-loire\/wp-content\/uploads\/sites\/48\/2025\/06\/Capture-decran-2025-06-20-105558.png 1368w\" sizes=\"auto, (max-width: 1024px) 100vw, 1024px\" \/><\/figure>\n\n\n\n<figure class=\"wp-block-image size-large\"><img loading=\"lazy\" decoding=\"async\" width=\"1024\" height=\"690\" data-id=\"3489\" src=\"https:\/\/www.reseau-entreprendre.org\/maine-et-loire\/wp-content\/uploads\/sites\/48\/2025\/06\/Capture-decran-2025-06-20-105551-1024x690.png\" alt=\"\" class=\"wp-image-3489\" srcset=\"https:\/\/www.reseau-entreprendre.org\/maine-et-loire\/wp-content\/uploads\/sites\/48\/2025\/06\/Capture-decran-2025-06-20-105551-1024x690.png 1024w, https:\/\/www.reseau-entreprendre.org\/maine-et-loire\/wp-content\/uploads\/sites\/48\/2025\/06\/Capture-decran-2025-06-20-105551-300x202.png 300w, https:\/\/www.reseau-entreprendre.org\/maine-et-loire\/wp-content\/uploads\/sites\/48\/2025\/06\/Capture-decran-2025-06-20-105551-768x517.png 768w, https:\/\/www.reseau-entreprendre.org\/maine-et-loire\/wp-content\/uploads\/sites\/48\/2025\/06\/Capture-decran-2025-06-20-105551-193x130.png 193w, https:\/\/www.reseau-entreprendre.org\/maine-et-loire\/wp-content\/uploads\/sites\/48\/2025\/06\/Capture-decran-2025-06-20-105551-100x67.png 100w, https:\/\/www.reseau-entreprendre.org\/maine-et-loire\/wp-content\/uploads\/sites\/48\/2025\/06\/Capture-decran-2025-06-20-105551.png 1335w\" sizes=\"auto, (max-width: 1024px) 100vw, 1024px\" \/><\/figure>\n\n\n\n<figure class=\"wp-block-image size-large\"><img loading=\"lazy\" decoding=\"async\" width=\"1024\" height=\"675\" data-id=\"3488\" src=\"https:\/\/www.reseau-entreprendre.org\/maine-et-loire\/wp-content\/uploads\/sites\/48\/2025\/06\/Capture-decran-2025-06-20-105543-1024x675.png\" alt=\"\" class=\"wp-image-3488\" srcset=\"https:\/\/www.reseau-entreprendre.org\/maine-et-loire\/wp-content\/uploads\/sites\/48\/2025\/06\/Capture-decran-2025-06-20-105543-1024x675.png 1024w, https:\/\/www.reseau-entreprendre.org\/maine-et-loire\/wp-content\/uploads\/sites\/48\/2025\/06\/Capture-decran-2025-06-20-105543-300x198.png 300w, https:\/\/www.reseau-entreprendre.org\/maine-et-loire\/wp-content\/uploads\/sites\/48\/2025\/06\/Capture-decran-2025-06-20-105543-768x507.png 768w, https:\/\/www.reseau-entreprendre.org\/maine-et-loire\/wp-content\/uploads\/sites\/48\/2025\/06\/Capture-decran-2025-06-20-105543-197x130.png 197w, https:\/\/www.reseau-entreprendre.org\/maine-et-loire\/wp-content\/uploads\/sites\/48\/2025\/06\/Capture-decran-2025-06-20-105543-100x66.png 100w, https:\/\/www.reseau-entreprendre.org\/maine-et-loire\/wp-content\/uploads\/sites\/48\/2025\/06\/Capture-decran-2025-06-20-105543.png 1372w\" sizes=\"auto, (max-width: 1024px) 100vw, 1024px\" \/><\/figure>\n\n\n\n<figure class=\"wp-block-image size-large\"><img loading=\"lazy\" decoding=\"async\" width=\"1024\" height=\"681\" data-id=\"3484\" src=\"https:\/\/www.reseau-entreprendre.org\/maine-et-loire\/wp-content\/uploads\/sites\/48\/2025\/06\/Capture-decran-2025-06-20-105536-1024x681.png\" alt=\"\" class=\"wp-image-3484\" srcset=\"https:\/\/www.reseau-entreprendre.org\/maine-et-loire\/wp-content\/uploads\/sites\/48\/2025\/06\/Capture-decran-2025-06-20-105536-1024x681.png 1024w, https:\/\/www.reseau-entreprendre.org\/maine-et-loire\/wp-content\/uploads\/sites\/48\/2025\/06\/Capture-decran-2025-06-20-105536-300x199.png 300w, https:\/\/www.reseau-entreprendre.org\/maine-et-loire\/wp-content\/uploads\/sites\/48\/2025\/06\/Capture-decran-2025-06-20-105536-768x511.png 768w, https:\/\/www.reseau-entreprendre.org\/maine-et-loire\/wp-content\/uploads\/sites\/48\/2025\/06\/Capture-decran-2025-06-20-105536-391x260.png 391w, https:\/\/www.reseau-entreprendre.org\/maine-et-loire\/wp-content\/uploads\/sites\/48\/2025\/06\/Capture-decran-2025-06-20-105536-195x130.png 195w, https:\/\/www.reseau-entreprendre.org\/maine-et-loire\/wp-content\/uploads\/sites\/48\/2025\/06\/Capture-decran-2025-06-20-105536-100x66.png 100w, https:\/\/www.reseau-entreprendre.org\/maine-et-loire\/wp-content\/uploads\/sites\/48\/2025\/06\/Capture-decran-2025-06-20-105536.png 1379w\" sizes=\"auto, (max-width: 1024px) 100vw, 1024px\" \/><\/figure>\n\n\n\n<figure class=\"wp-block-image size-large\"><img loading=\"lazy\" decoding=\"async\" width=\"1024\" height=\"671\" data-id=\"3494\" src=\"https:\/\/www.reseau-entreprendre.org\/maine-et-loire\/wp-content\/uploads\/sites\/48\/2025\/06\/Capture-decran-2025-06-20-105528-1024x671.png\" alt=\"\" class=\"wp-image-3494\" srcset=\"https:\/\/www.reseau-entreprendre.org\/maine-et-loire\/wp-content\/uploads\/sites\/48\/2025\/06\/Capture-decran-2025-06-20-105528-1024x671.png 1024w, https:\/\/www.reseau-entreprendre.org\/maine-et-loire\/wp-content\/uploads\/sites\/48\/2025\/06\/Capture-decran-2025-06-20-105528-300x196.png 300w, https:\/\/www.reseau-entreprendre.org\/maine-et-loire\/wp-content\/uploads\/sites\/48\/2025\/06\/Capture-decran-2025-06-20-105528-768x503.png 768w, https:\/\/www.reseau-entreprendre.org\/maine-et-loire\/wp-content\/uploads\/sites\/48\/2025\/06\/Capture-decran-2025-06-20-105528-199x130.png 199w, https:\/\/www.reseau-entreprendre.org\/maine-et-loire\/wp-content\/uploads\/sites\/48\/2025\/06\/Capture-decran-2025-06-20-105528-100x65.png 100w, https:\/\/www.reseau-entreprendre.org\/maine-et-loire\/wp-content\/uploads\/sites\/48\/2025\/06\/Capture-decran-2025-06-20-105528.png 1350w\" sizes=\"auto, (max-width: 1024px) 100vw, 1024px\" \/><\/figure>\n\n\n\n<figure class=\"wp-block-image size-large\"><img loading=\"lazy\" decoding=\"async\" width=\"1024\" height=\"680\" data-id=\"3487\" src=\"https:\/\/www.reseau-entreprendre.org\/maine-et-loire\/wp-content\/uploads\/sites\/48\/2025\/06\/Capture-decran-2025-06-20-105520-1024x680.png\" alt=\"\" class=\"wp-image-3487\" srcset=\"https:\/\/www.reseau-entreprendre.org\/maine-et-loire\/wp-content\/uploads\/sites\/48\/2025\/06\/Capture-decran-2025-06-20-105520-1024x680.png 1024w, https:\/\/www.reseau-entreprendre.org\/maine-et-loire\/wp-content\/uploads\/sites\/48\/2025\/06\/Capture-decran-2025-06-20-105520-300x199.png 300w, https:\/\/www.reseau-entreprendre.org\/maine-et-loire\/wp-content\/uploads\/sites\/48\/2025\/06\/Capture-decran-2025-06-20-105520-768x510.png 768w, https:\/\/www.reseau-entreprendre.org\/maine-et-loire\/wp-content\/uploads\/sites\/48\/2025\/06\/Capture-decran-2025-06-20-105520-391x260.png 391w, https:\/\/www.reseau-entreprendre.org\/maine-et-loire\/wp-content\/uploads\/sites\/48\/2025\/06\/Capture-decran-2025-06-20-105520-196x130.png 196w, https:\/\/www.reseau-entreprendre.org\/maine-et-loire\/wp-content\/uploads\/sites\/48\/2025\/06\/Capture-decran-2025-06-20-105520-100x66.png 100w, https:\/\/www.reseau-entreprendre.org\/maine-et-loire\/wp-content\/uploads\/sites\/48\/2025\/06\/Capture-decran-2025-06-20-105520.png 1374w\" sizes=\"auto, (max-width: 1024px) 100vw, 1024px\" \/><\/figure>\n\n\n\n<figure class=\"wp-block-image size-large\"><img loading=\"lazy\" decoding=\"async\" width=\"1024\" height=\"674\" data-id=\"3491\" src=\"https:\/\/www.reseau-entreprendre.org\/maine-et-loire\/wp-content\/uploads\/sites\/48\/2025\/06\/Capture-decran-2025-06-20-105437-1-1024x674.png\" alt=\"\" class=\"wp-image-3491\" srcset=\"https:\/\/www.reseau-entreprendre.org\/maine-et-loire\/wp-content\/uploads\/sites\/48\/2025\/06\/Capture-decran-2025-06-20-105437-1-1024x674.png 1024w, https:\/\/www.reseau-entreprendre.org\/maine-et-loire\/wp-content\/uploads\/sites\/48\/2025\/06\/Capture-decran-2025-06-20-105437-1-300x197.png 300w, https:\/\/www.reseau-entreprendre.org\/maine-et-loire\/wp-content\/uploads\/sites\/48\/2025\/06\/Capture-decran-2025-06-20-105437-1-768x505.png 768w, https:\/\/www.reseau-entreprendre.org\/maine-et-loire\/wp-content\/uploads\/sites\/48\/2025\/06\/Capture-decran-2025-06-20-105437-1-198x130.png 198w, https:\/\/www.reseau-entreprendre.org\/maine-et-loire\/wp-content\/uploads\/sites\/48\/2025\/06\/Capture-decran-2025-06-20-105437-1-100x66.png 100w, https:\/\/www.reseau-entreprendre.org\/maine-et-loire\/wp-content\/uploads\/sites\/48\/2025\/06\/Capture-decran-2025-06-20-105437-1.png 1382w\" sizes=\"auto, (max-width: 1024px) 100vw, 1024px\" \/><\/figure>\n\n\n\n<figure class=\"wp-block-image size-large\"><img loading=\"lazy\" decoding=\"async\" width=\"1024\" height=\"676\" data-id=\"3493\" src=\"https:\/\/www.reseau-entreprendre.org\/maine-et-loire\/wp-content\/uploads\/sites\/48\/2025\/06\/Capture-decran-2025-06-20-105424-1-1024x676.png\" alt=\"\" class=\"wp-image-3493\" srcset=\"https:\/\/www.reseau-entreprendre.org\/maine-et-loire\/wp-content\/uploads\/sites\/48\/2025\/06\/Capture-decran-2025-06-20-105424-1-1024x676.png 1024w, https:\/\/www.reseau-entreprendre.org\/maine-et-loire\/wp-content\/uploads\/sites\/48\/2025\/06\/Capture-decran-2025-06-20-105424-1-300x198.png 300w, https:\/\/www.reseau-entreprendre.org\/maine-et-loire\/wp-content\/uploads\/sites\/48\/2025\/06\/Capture-decran-2025-06-20-105424-1-768x507.png 768w, https:\/\/www.reseau-entreprendre.org\/maine-et-loire\/wp-content\/uploads\/sites\/48\/2025\/06\/Capture-decran-2025-06-20-105424-1-197x130.png 197w, https:\/\/www.reseau-entreprendre.org\/maine-et-loire\/wp-content\/uploads\/sites\/48\/2025\/06\/Capture-decran-2025-06-20-105424-1-100x66.png 100w, https:\/\/www.reseau-entreprendre.org\/maine-et-loire\/wp-content\/uploads\/sites\/48\/2025\/06\/Capture-decran-2025-06-20-105424-1.png 1394w\" sizes=\"auto, (max-width: 1024px) 100vw, 1024px\" \/><\/figure>\n<\/figure>\n\n\n\n<p><\/p>\n","protected":false},"excerpt":{"rendered":"<p>Revivez la soir\u00e9e anniversaire en images<\/p>\n","protected":false},"author":226,"featured_media":3445,"comment_status":"closed","ping_status":"closed","sticky":false,"template":"","format":"standard","meta":{"_acf_changed":false,"_monsterinsights_skip_tracking":false,"_monsterinsights_sitenote_active":false,"_monsterinsights_sitenote_note":"","_monsterinsights_sitenote_category":0,"footnotes":""},"categories":[4],"tags":[],"class_list":["post-3434","post","type-post","status-publish","format-standard","has-post-thumbnail","hentry","category-actualites","news"],"acf":[],"yoast_head":"<!-- This site is optimized with the Yoast SEO plugin v27.4 - https:\/\/yoast.com\/product\/yoast-seo-wordpress\/ -->\n<title>15 ans de R\u00e9seau Entreprendre\u00ae Maine et Loire en images - R\u00e9seau Entreprendre Maine &amp; Loire<\/title>\n<meta name=\"robots\" content=\"index, follow, max-snippet:-1, max-image-preview:large, max-video-preview:-1\" \/>\n<link rel=\"canonical\" href=\"https:\/\/www.reseau-entreprendre.org\/maine-et-loire\/2025\/06\/20\/fete-des-laureats-2025-2\/\" \/>\n<meta property=\"og:locale\" content=\"fr_FR\" \/>\n<meta property=\"og:type\" content=\"article\" \/>\n<meta property=\"og:title\" content=\"15 ans de R\u00e9seau Entreprendre\u00ae Maine et Loire en images - R\u00e9seau Entreprendre Maine &amp; Loire\" \/>\n<meta property=\"og:description\" content=\"Revivez la soir\u00e9e anniversaire en images\" \/>\n<meta property=\"og:url\" content=\"https:\/\/www.reseau-entreprendre.org\/maine-et-loire\/2025\/06\/20\/fete-des-laureats-2025-2\/\" \/>\n<meta property=\"og:site_name\" content=\"R\u00e9seau Entreprendre Maine &amp; Loire\" \/>\n<meta property=\"article:published_time\" content=\"2025-06-20T08:07:16+00:00\" \/>\n<meta property=\"article:modified_time\" content=\"2025-11-13T14:08:07+00:00\" \/>\n<meta property=\"og:image\" content=\"https:\/\/www.reseau-entreprendre.org\/maine-et-loire\/wp-content\/uploads\/sites\/48\/2025\/06\/Capture-decran-2025-06-20-095144-1024x681.png\" \/>\n\t<meta property=\"og:image:width\" content=\"1024\" \/>\n\t<meta property=\"og:image:height\" content=\"681\" \/>\n\t<meta property=\"og:image:type\" content=\"image\/png\" \/>\n<meta name=\"author\" content=\"ofournier\" \/>\n<meta name=\"twitter:card\" content=\"summary_large_image\" \/>\n<meta name=\"twitter:label1\" content=\"\u00c9crit par\" \/>\n\t<meta name=\"twitter:data1\" content=\"ofournier\" \/>\n\t<meta name=\"twitter:label2\" content=\"Dur\u00e9e de lecture estim\u00e9e\" \/>\n\t<meta name=\"twitter:data2\" content=\"12 minutes\" \/>\n<script type=\"application\/ld+json\" class=\"yoast-schema-graph\">{\"@context\":\"https:\\\/\\\/schema.org\",\"@graph\":[{\"@type\":\"Article\",\"@id\":\"https:\\\/\\\/www.reseau-entreprendre.org\\\/maine-et-loire\\\/2025\\\/06\\\/20\\\/fete-des-laureats-2025-2\\\/#article\",\"isPartOf\":{\"@id\":\"https:\\\/\\\/www.reseau-entreprendre.org\\\/maine-et-loire\\\/2025\\\/06\\\/20\\\/fete-des-laureats-2025-2\\\/\"},\"author\":{\"name\":\"ofournier\",\"@id\":\"https:\\\/\\\/www.reseau-entreprendre.org\\\/maine-et-loire\\\/#\\\/schema\\\/person\\\/f35d0c33d29ae66a683d0ac4459e9a03\"},\"headline\":\"15 ans de R\u00e9seau Entreprendre\u00ae Maine et Loire en images\",\"datePublished\":\"2025-06-20T08:07:16+00:00\",\"dateModified\":\"2025-11-13T14:08:07+00:00\",\"mainEntityOfPage\":{\"@id\":\"https:\\\/\\\/www.reseau-entreprendre.org\\\/maine-et-loire\\\/2025\\\/06\\\/20\\\/fete-des-laureats-2025-2\\\/\"},\"wordCount\":17,\"image\":{\"@id\":\"https:\\\/\\\/www.reseau-entreprendre.org\\\/maine-et-loire\\\/2025\\\/06\\\/20\\\/fete-des-laureats-2025-2\\\/#primaryimage\"},\"thumbnailUrl\":\"https:\\\/\\\/www.reseau-entreprendre.org\\\/maine-et-loire\\\/wp-content\\\/uploads\\\/sites\\\/48\\\/2025\\\/06\\\/Capture-decran-2025-06-20-095144.png\",\"articleSection\":[\"Actualit\u00e9s\"],\"inLanguage\":\"fr-FR\"},{\"@type\":\"WebPage\",\"@id\":\"https:\\\/\\\/www.reseau-entreprendre.org\\\/maine-et-loire\\\/2025\\\/06\\\/20\\\/fete-des-laureats-2025-2\\\/\",\"url\":\"https:\\\/\\\/www.reseau-entreprendre.org\\\/maine-et-loire\\\/2025\\\/06\\\/20\\\/fete-des-laureats-2025-2\\\/\",\"name\":\"15 ans de R\u00e9seau Entreprendre\u00ae Maine et Loire en images - R\u00e9seau Entreprendre Maine &amp; Loire\",\"isPartOf\":{\"@id\":\"https:\\\/\\\/www.reseau-entreprendre.org\\\/maine-et-loire\\\/#website\"},\"primaryImageOfPage\":{\"@id\":\"https:\\\/\\\/www.reseau-entreprendre.org\\\/maine-et-loire\\\/2025\\\/06\\\/20\\\/fete-des-laureats-2025-2\\\/#primaryimage\"},\"image\":{\"@id\":\"https:\\\/\\\/www.reseau-entreprendre.org\\\/maine-et-loire\\\/2025\\\/06\\\/20\\\/fete-des-laureats-2025-2\\\/#primaryimage\"},\"thumbnailUrl\":\"https:\\\/\\\/www.reseau-entreprendre.org\\\/maine-et-loire\\\/wp-content\\\/uploads\\\/sites\\\/48\\\/2025\\\/06\\\/Capture-decran-2025-06-20-095144.png\",\"datePublished\":\"2025-06-20T08:07:16+00:00\",\"dateModified\":\"2025-11-13T14:08:07+00:00\",\"author\":{\"@id\":\"https:\\\/\\\/www.reseau-entreprendre.org\\\/maine-et-loire\\\/#\\\/schema\\\/person\\\/f35d0c33d29ae66a683d0ac4459e9a03\"},\"breadcrumb\":{\"@id\":\"https:\\\/\\\/www.reseau-entreprendre.org\\\/maine-et-loire\\\/2025\\\/06\\\/20\\\/fete-des-laureats-2025-2\\\/#breadcrumb\"},\"inLanguage\":\"fr-FR\",\"potentialAction\":[{\"@type\":\"ReadAction\",\"target\":[\"https:\\\/\\\/www.reseau-entreprendre.org\\\/maine-et-loire\\\/2025\\\/06\\\/20\\\/fete-des-laureats-2025-2\\\/\"]}]},{\"@type\":\"ImageObject\",\"inLanguage\":\"fr-FR\",\"@id\":\"https:\\\/\\\/www.reseau-entreprendre.org\\\/maine-et-loire\\\/2025\\\/06\\\/20\\\/fete-des-laureats-2025-2\\\/#primaryimage\",\"url\":\"https:\\\/\\\/www.reseau-entreprendre.org\\\/maine-et-loire\\\/wp-content\\\/uploads\\\/sites\\\/48\\\/2025\\\/06\\\/Capture-decran-2025-06-20-095144.png\",\"contentUrl\":\"https:\\\/\\\/www.reseau-entreprendre.org\\\/maine-et-loire\\\/wp-content\\\/uploads\\\/sites\\\/48\\\/2025\\\/06\\\/Capture-decran-2025-06-20-095144.png\",\"width\":1377,\"height\":916},{\"@type\":\"BreadcrumbList\",\"@id\":\"https:\\\/\\\/www.reseau-entreprendre.org\\\/maine-et-loire\\\/2025\\\/06\\\/20\\\/fete-des-laureats-2025-2\\\/#breadcrumb\",\"itemListElement\":[{\"@type\":\"ListItem\",\"position\":1,\"name\":\"Accueil\",\"item\":\"https:\\\/\\\/www.reseau-entreprendre.org\\\/maine-et-loire\\\/\"},{\"@type\":\"ListItem\",\"position\":2,\"name\":\"15 ans de R\u00e9seau Entreprendre\u00ae Maine et Loire en images\"}]},{\"@type\":\"WebSite\",\"@id\":\"https:\\\/\\\/www.reseau-entreprendre.org\\\/maine-et-loire\\\/#website\",\"url\":\"https:\\\/\\\/www.reseau-entreprendre.org\\\/maine-et-loire\\\/\",\"name\":\"R\u00e9seau Entreprendre Maine &amp; Loire\",\"description\":\"&quot;Qui mieux qu&#039;un chef d&#039;entreprise peut accompagner un chef d&#039;entreprise ?&quot;\",\"potentialAction\":[{\"@type\":\"SearchAction\",\"target\":{\"@type\":\"EntryPoint\",\"urlTemplate\":\"https:\\\/\\\/www.reseau-entreprendre.org\\\/maine-et-loire\\\/?s={search_term_string}\"},\"query-input\":{\"@type\":\"PropertyValueSpecification\",\"valueRequired\":true,\"valueName\":\"search_term_string\"}}],\"inLanguage\":\"fr-FR\"},{\"@type\":\"Person\",\"@id\":\"https:\\\/\\\/www.reseau-entreprendre.org\\\/maine-et-loire\\\/#\\\/schema\\\/person\\\/f35d0c33d29ae66a683d0ac4459e9a03\",\"name\":\"ofournier\",\"image\":{\"@type\":\"ImageObject\",\"inLanguage\":\"fr-FR\",\"@id\":\"https:\\\/\\\/secure.gravatar.com\\\/avatar\\\/1a8ae2b5e0d007438e0718548b1e36ff1357b7a1cd7efb84ea3d91860d720dbd?s=96&d=mm&r=g\",\"url\":\"https:\\\/\\\/secure.gravatar.com\\\/avatar\\\/1a8ae2b5e0d007438e0718548b1e36ff1357b7a1cd7efb84ea3d91860d720dbd?s=96&d=mm&r=g\",\"contentUrl\":\"https:\\\/\\\/secure.gravatar.com\\\/avatar\\\/1a8ae2b5e0d007438e0718548b1e36ff1357b7a1cd7efb84ea3d91860d720dbd?s=96&d=mm&r=g\",\"caption\":\"ofournier\"},\"url\":\"https:\\\/\\\/www.reseau-entreprendre.org\\\/maine-et-loire\\\/author\\\/ofournier\\\/\"}]}<\/script>\n<!-- \/ Yoast SEO plugin. -->","yoast_head_json":{"title":"15 ans de R\u00e9seau Entreprendre\u00ae Maine et Loire en images - R\u00e9seau Entreprendre Maine &amp; Loire","robots":{"index":"index","follow":"follow","max-snippet":"max-snippet:-1","max-image-preview":"max-image-preview:large","max-video-preview":"max-video-preview:-1"},"canonical":"https:\/\/www.reseau-entreprendre.org\/maine-et-loire\/2025\/06\/20\/fete-des-laureats-2025-2\/","og_locale":"fr_FR","og_type":"article","og_title":"15 ans de R\u00e9seau Entreprendre\u00ae Maine et Loire en images - R\u00e9seau Entreprendre Maine &amp; Loire","og_description":"Revivez la soir\u00e9e anniversaire en images","og_url":"https:\/\/www.reseau-entreprendre.org\/maine-et-loire\/2025\/06\/20\/fete-des-laureats-2025-2\/","og_site_name":"R\u00e9seau Entreprendre Maine &amp; Loire","article_published_time":"2025-06-20T08:07:16+00:00","article_modified_time":"2025-11-13T14:08:07+00:00","og_image":[{"width":1024,"height":681,"url":"https:\/\/www.reseau-entreprendre.org\/maine-et-loire\/wp-content\/uploads\/sites\/48\/2025\/06\/Capture-decran-2025-06-20-095144-1024x681.png","type":"image\/png"}],"author":"ofournier","twitter_card":"summary_large_image","twitter_misc":{"\u00c9crit par":"ofournier","Dur\u00e9e de lecture estim\u00e9e":"12 minutes"},"schema":{"@context":"https:\/\/schema.org","@graph":[{"@type":"Article","@id":"https:\/\/www.reseau-entreprendre.org\/maine-et-loire\/2025\/06\/20\/fete-des-laureats-2025-2\/#article","isPartOf":{"@id":"https:\/\/www.reseau-entreprendre.org\/maine-et-loire\/2025\/06\/20\/fete-des-laureats-2025-2\/"},"author":{"name":"ofournier","@id":"https:\/\/www.reseau-entreprendre.org\/maine-et-loire\/#\/schema\/person\/f35d0c33d29ae66a683d0ac4459e9a03"},"headline":"15 ans de R\u00e9seau Entreprendre\u00ae Maine et Loire en images","datePublished":"2025-06-20T08:07:16+00:00","dateModified":"2025-11-13T14:08:07+00:00","mainEntityOfPage":{"@id":"https:\/\/www.reseau-entreprendre.org\/maine-et-loire\/2025\/06\/20\/fete-des-laureats-2025-2\/"},"wordCount":17,"image":{"@id":"https:\/\/www.reseau-entreprendre.org\/maine-et-loire\/2025\/06\/20\/fete-des-laureats-2025-2\/#primaryimage"},"thumbnailUrl":"https:\/\/www.reseau-entreprendre.org\/maine-et-loire\/wp-content\/uploads\/sites\/48\/2025\/06\/Capture-decran-2025-06-20-095144.png","articleSection":["Actualit\u00e9s"],"inLanguage":"fr-FR"},{"@type":"WebPage","@id":"https:\/\/www.reseau-entreprendre.org\/maine-et-loire\/2025\/06\/20\/fete-des-laureats-2025-2\/","url":"https:\/\/www.reseau-entreprendre.org\/maine-et-loire\/2025\/06\/20\/fete-des-laureats-2025-2\/","name":"15 ans de R\u00e9seau Entreprendre\u00ae Maine et Loire en images - R\u00e9seau Entreprendre Maine &amp; Loire","isPartOf":{"@id":"https:\/\/www.reseau-entreprendre.org\/maine-et-loire\/#website"},"primaryImageOfPage":{"@id":"https:\/\/www.reseau-entreprendre.org\/maine-et-loire\/2025\/06\/20\/fete-des-laureats-2025-2\/#primaryimage"},"image":{"@id":"https:\/\/www.reseau-entreprendre.org\/maine-et-loire\/2025\/06\/20\/fete-des-laureats-2025-2\/#primaryimage"},"thumbnailUrl":"https:\/\/www.reseau-entreprendre.org\/maine-et-loire\/wp-content\/uploads\/sites\/48\/2025\/06\/Capture-decran-2025-06-20-095144.png","datePublished":"2025-06-20T08:07:16+00:00","dateModified":"2025-11-13T14:08:07+00:00","author":{"@id":"https:\/\/www.reseau-entreprendre.org\/maine-et-loire\/#\/schema\/person\/f35d0c33d29ae66a683d0ac4459e9a03"},"breadcrumb":{"@id":"https:\/\/www.reseau-entreprendre.org\/maine-et-loire\/2025\/06\/20\/fete-des-laureats-2025-2\/#breadcrumb"},"inLanguage":"fr-FR","potentialAction":[{"@type":"ReadAction","target":["https:\/\/www.reseau-entreprendre.org\/maine-et-loire\/2025\/06\/20\/fete-des-laureats-2025-2\/"]}]},{"@type":"ImageObject","inLanguage":"fr-FR","@id":"https:\/\/www.reseau-entreprendre.org\/maine-et-loire\/2025\/06\/20\/fete-des-laureats-2025-2\/#primaryimage","url":"https:\/\/www.reseau-entreprendre.org\/maine-et-loire\/wp-content\/uploads\/sites\/48\/2025\/06\/Capture-decran-2025-06-20-095144.png","contentUrl":"https:\/\/www.reseau-entreprendre.org\/maine-et-loire\/wp-content\/uploads\/sites\/48\/2025\/06\/Capture-decran-2025-06-20-095144.png","width":1377,"height":916},{"@type":"BreadcrumbList","@id":"https:\/\/www.reseau-entreprendre.org\/maine-et-loire\/2025\/06\/20\/fete-des-laureats-2025-2\/#breadcrumb","itemListElement":[{"@type":"ListItem","position":1,"name":"Accueil","item":"https:\/\/www.reseau-entreprendre.org\/maine-et-loire\/"},{"@type":"ListItem","position":2,"name":"15 ans de R\u00e9seau Entreprendre\u00ae Maine et Loire en images"}]},{"@type":"WebSite","@id":"https:\/\/www.reseau-entreprendre.org\/maine-et-loire\/#website","url":"https:\/\/www.reseau-entreprendre.org\/maine-et-loire\/","name":"R\u00e9seau Entreprendre Maine &amp; Loire","description":"&quot;Qui mieux qu&#039;un chef d&#039;entreprise peut accompagner un chef d&#039;entreprise ?&quot;","potentialAction":[{"@type":"SearchAction","target":{"@type":"EntryPoint","urlTemplate":"https:\/\/www.reseau-entreprendre.org\/maine-et-loire\/?s={search_term_string}"},"query-input":{"@type":"PropertyValueSpecification","valueRequired":true,"valueName":"search_term_string"}}],"inLanguage":"fr-FR"},{"@type":"Person","@id":"https:\/\/www.reseau-entreprendre.org\/maine-et-loire\/#\/schema\/person\/f35d0c33d29ae66a683d0ac4459e9a03","name":"ofournier","image":{"@type":"ImageObject","inLanguage":"fr-FR","@id":"https:\/\/secure.gravatar.com\/avatar\/1a8ae2b5e0d007438e0718548b1e36ff1357b7a1cd7efb84ea3d91860d720dbd?s=96&d=mm&r=g","url":"https:\/\/secure.gravatar.com\/avatar\/1a8ae2b5e0d007438e0718548b1e36ff1357b7a1cd7efb84ea3d91860d720dbd?s=96&d=mm&r=g","contentUrl":"https:\/\/secure.gravatar.com\/avatar\/1a8ae2b5e0d007438e0718548b1e36ff1357b7a1cd7efb84ea3d91860d720dbd?s=96&d=mm&r=g","caption":"ofournier"},"url":"https:\/\/www.reseau-entreprendre.org\/maine-et-loire\/author\/ofournier\/"}]}},"_links":{"self":[{"href":"https:\/\/www.reseau-entreprendre.org\/maine-et-loire\/wp-json\/wp\/v2\/posts\/3434","targetHints":{"allow":["GET"]}}],"collection":[{"href":"https:\/\/www.reseau-entreprendre.org\/maine-et-loire\/wp-json\/wp\/v2\/posts"}],"about":[{"href":"https:\/\/www.reseau-entreprendre.org\/maine-et-loire\/wp-json\/wp\/v2\/types\/post"}],"author":[{"embeddable":true,"href":"https:\/\/www.reseau-entreprendre.org\/maine-et-loire\/wp-json\/wp\/v2\/users\/226"}],"replies":[{"embeddable":true,"href":"https:\/\/www.reseau-entreprendre.org\/maine-et-loire\/wp-json\/wp\/v2\/comments?post=3434"}],"version-history":[{"count":0,"href":"https:\/\/www.reseau-entreprendre.org\/maine-et-loire\/wp-json\/wp\/v2\/posts\/3434\/revisions"}],"wp:featuredmedia":[{"embeddable":true,"href":"https:\/\/www.reseau-entreprendre.org\/maine-et-loire\/wp-json\/wp\/v2\/media\/3445"}],"wp:attachment":[{"href":"https:\/\/www.reseau-entreprendre.org\/maine-et-loire\/wp-json\/wp\/v2\/media?parent=3434"}],"wp:term":[{"taxonomy":"category","embeddable":true,"href":"https:\/\/www.reseau-entreprendre.org\/maine-et-loire\/wp-json\/wp\/v2\/categories?post=3434"},{"taxonomy":"post_tag","embeddable":true,"href":"https:\/\/www.reseau-entreprendre.org\/maine-et-loire\/wp-json\/wp\/v2\/tags?post=3434"}],"curies":[{"name":"wp","href":"https:\/\/api.w.org\/{rel}","templated":true}]}}