{"id":11919,"date":"2026-02-02T16:58:09","date_gmt":"2026-02-02T15:58:09","guid":{"rendered":"https:\/\/www.reseau-entreprendre.org\/nord\/?p=11919"},"modified":"2026-02-10T18:05:02","modified_gmt":"2026-02-10T17:05:02","slug":"entrepreneuriat-cooperation-antoinegrechez-pierre-edouard-rigot","status":"publish","type":"post","link":"https:\/\/www.reseau-entreprendre.org\/nord\/2026\/02\/02\/entrepreneuriat-cooperation-antoinegrechez-pierre-edouard-rigot\/","title":{"rendered":"[La coop\u00e9ration en action : les projets de nos Laur\u00e9ats]"},"content":{"rendered":"\n<h2 class=\"wp-block-heading has-re-red-color has-text-color\" style=\"font-size:15px\"><strong>Quand deux Laur\u00e9ats se rencontrent et choisissent de faire \u00e9quipe\u2026<\/strong><\/h2>\n\n\n\n<p class=\"has-text-color has-link-color wp-elements-e7158a806a4dff28c105fca6f2a7fa1a\" style=\"color:#000000;font-size:15px\">Dans un monde en profonde mutation, marqu\u00e9 par l\u2019incertitude et les d\u00e9fis, <strong>Antoine Grechez<\/strong>, Laur\u00e9at R\u00e9seau Entreprendre\u00ae Nord 2025, et <strong>Pierre-\u00c9douard Rigot<\/strong>, Laur\u00e9at R\u00e9seau Entreprendre\u00ae Nord 2023 et Membre, ont fait un choix fort : celui du collectif.<\/p>\n\n\n\n<p style=\"font-size:15px\">Car s\u2019il est possible d\u2019aller vite seul, c\u2019est ensemble que l\u2019on ose voir plus grand, imaginer plus loin et b\u00e2tir des solutions durables.<\/p>\n\n\n\n<p class=\"has-text-color has-link-color wp-elements-d23624c2781019058b022140dbab59a3\" style=\"color:#000000;font-size:15px\">De cette coop\u00e9ration naissent des opportunit\u00e9s, du progr\u00e8s et une vision partag\u00e9e : celle d\u2019un avenir plus d\u00e9sirable, r\u00e9solument tourn\u00e9 vers la durabilit\u00e9.<\/p>\n\n\n\n<figure class=\"wp-block-image size-large\"><img loading=\"lazy\" decoding=\"async\" width=\"1024\" height=\"576\" src=\"https:\/\/www.reseau-entreprendre.org\/nord\/wp-content\/uploads\/sites\/40\/2026\/02\/ccoperation-1024x576.png\" alt=\"\" class=\"wp-image-11925\" srcset=\"https:\/\/www.reseau-entreprendre.org\/nord\/wp-content\/uploads\/sites\/40\/2026\/02\/ccoperation-1024x576.png 1024w, https:\/\/www.reseau-entreprendre.org\/nord\/wp-content\/uploads\/sites\/40\/2026\/02\/ccoperation-300x169.png 300w, https:\/\/www.reseau-entreprendre.org\/nord\/wp-content\/uploads\/sites\/40\/2026\/02\/ccoperation-768x432.png 768w, https:\/\/www.reseau-entreprendre.org\/nord\/wp-content\/uploads\/sites\/40\/2026\/02\/ccoperation-210x118.png 210w, https:\/\/www.reseau-entreprendre.org\/nord\/wp-content\/uploads\/sites\/40\/2026\/02\/ccoperation-100x56.png 100w, https:\/\/www.reseau-entreprendre.org\/nord\/wp-content\/uploads\/sites\/40\/2026\/02\/ccoperation.png 1366w\" sizes=\"auto, (max-width: 1024px) 100vw, 1024px\" \/><\/figure>\n\n\n\n<p><\/p>\n\n\n\n<p class=\"has-re-red-color has-text-color has-link-color wp-elements-30e23f0e0d4ddc680efe530bc2a8dfc4\" style=\"font-size:15px\"><strong><strong>Pouvez-vous vous pr\u00e9senter bri\u00e8vement ?<\/strong><\/strong><\/p>\n\n\n\n<p style=\"font-size:15px\"><img loading=\"lazy\" decoding=\"async\" width=\"200\" height=\"200\" class=\"wp-image-11921\" style=\"width: 150px\" src=\"https:\/\/www.reseau-entreprendre.org\/nord\/wp-content\/uploads\/sites\/40\/2026\/01\/Design-sans-titre-24.png\" alt=\"\" srcset=\"https:\/\/www.reseau-entreprendre.org\/nord\/wp-content\/uploads\/sites\/40\/2026\/01\/Design-sans-titre-24.png 200w, https:\/\/www.reseau-entreprendre.org\/nord\/wp-content\/uploads\/sites\/40\/2026\/01\/Design-sans-titre-24-150x150.png 150w, https:\/\/www.reseau-entreprendre.org\/nord\/wp-content\/uploads\/sites\/40\/2026\/01\/Design-sans-titre-24-130x130.png 130w, https:\/\/www.reseau-entreprendre.org\/nord\/wp-content\/uploads\/sites\/40\/2026\/01\/Design-sans-titre-24-100x100.png 100w\" sizes=\"auto, (max-width: 200px) 100vw, 200px\" \/>Je suis <strong>Antoine GRECHEZ<\/strong>, j\u2019ai 34 ans, mari\u00e9, deux enfants et je suis le dirigeant de <strong><a href=\"https:\/\/carrelage-lacarotech.fr\/\">La Carotech<\/a><\/strong>, entreprise que j\u2019ai reprise en juillet 2024.<\/p>\n\n\n\n<p style=\"font-size:15px\">La Carotech est une entreprise sp\u00e9cialis\u00e9e dans le n\u00e9goce de rev\u00eatements de sols et murs (carrelages, bois, vinyles, dalles ext\u00e9rieures, panneaux d\u00e9coratifs).<\/p>\n\n\n\n<p style=\"font-size:15px\">Nous r\u00e9pondons aux besoins des professionnels \u2013 carreleurs, paysagistes, entreprises de r\u00e9novations, architectes \u2013 ainsi que des particuliers.<\/p>\n\n\n\n<p style=\"font-size:15px\">Avec plus de 20 ans d\u2019exp\u00e9rience, nous combinons un conseil personnalis\u00e9, une expertise technique pointue et une large s\u00e9lection de produits de qualit\u00e9, issus des meilleures marques europ\u00e9ennes.<\/p>\n\n\n\n<p style=\"font-size:15px\">Notre showroom de 500 m\u00b2, situ\u00e9 au c\u0153ur de la m\u00e9tropole lilloise, accueille nos clients du lundi au samedi pour les accompagner dans leurs projets de construction et de r\u00e9novation.<\/p>\n\n\n\n<p style=\"font-size:15px\">Je suis<strong> Pierre-Edouard RIGOT. <\/strong>J\u2019ai repris la soci\u00e9t\u00e9 <strong><a href=\"https:\/\/www.atmospheretissus.com\/\">Atmosph\u00e8re<\/a><\/strong>, qui f\u00eate ses 50 ans cette ann\u00e9e et qui est sp\u00e9cialis\u00e9e dans la d\u00e9coration sur mesure : rideaux et stores sur mesure, peinture et papier peint, aussi bien pour le BtoC que pour le BtoB.<img loading=\"lazy\" decoding=\"async\" width=\"200\" height=\"200\" class=\"wp-image-11927\" style=\"width: 150px\" src=\"https:\/\/www.reseau-entreprendre.org\/nord\/wp-content\/uploads\/sites\/40\/2026\/02\/Design-sans-titre-29.png\" alt=\"\" srcset=\"https:\/\/www.reseau-entreprendre.org\/nord\/wp-content\/uploads\/sites\/40\/2026\/02\/Design-sans-titre-29.png 200w, https:\/\/www.reseau-entreprendre.org\/nord\/wp-content\/uploads\/sites\/40\/2026\/02\/Design-sans-titre-29-150x150.png 150w, https:\/\/www.reseau-entreprendre.org\/nord\/wp-content\/uploads\/sites\/40\/2026\/02\/Design-sans-titre-29-130x130.png 130w, https:\/\/www.reseau-entreprendre.org\/nord\/wp-content\/uploads\/sites\/40\/2026\/02\/Design-sans-titre-29-100x100.png 100w\" sizes=\"auto, (max-width: 200px) 100vw, 200px\" \/><\/p>\n\n\n\n<h2 class=\"wp-block-heading has-re-red-color has-text-color\" style=\"font-size:15px\"><strong><strong>En quoi consiste concr\u00e8tement votre coop\u00e9ration aujourd\u2019hui ?<\/strong><\/strong><\/h2>\n\n\n\n<p style=\"font-size:15px\"><img loading=\"lazy\" decoding=\"async\" width=\"200\" height=\"200\" class=\"wp-image-11927\" style=\"width: 150px\" src=\"https:\/\/www.reseau-entreprendre.org\/nord\/wp-content\/uploads\/sites\/40\/2026\/02\/Design-sans-titre-29.png\" alt=\"\" srcset=\"https:\/\/www.reseau-entreprendre.org\/nord\/wp-content\/uploads\/sites\/40\/2026\/02\/Design-sans-titre-29.png 200w, https:\/\/www.reseau-entreprendre.org\/nord\/wp-content\/uploads\/sites\/40\/2026\/02\/Design-sans-titre-29-150x150.png 150w, https:\/\/www.reseau-entreprendre.org\/nord\/wp-content\/uploads\/sites\/40\/2026\/02\/Design-sans-titre-29-130x130.png 130w, https:\/\/www.reseau-entreprendre.org\/nord\/wp-content\/uploads\/sites\/40\/2026\/02\/Design-sans-titre-29-100x100.png 100w\" sizes=\"auto, (max-width: 200px) 100vw, 200px\" \/> Gr\u00e2ce \u00e0 R\u00e9seau Entreprendre<strong>\u00ae<\/strong> Nord, nous avons \u00e9t\u00e9 mis en relation avec Antoine. Tr\u00e8s rapidement, nous avons constat\u00e9 que nous avions beaucoup de synergies, aussi bien sur le march\u00e9 des particuliers que sur celui des professionnels.<\/p>\n\n\n\n<p style=\"font-size:15px\">Nous disposons chacun de points de vente et nous nous sommes vite dit qu\u2019il serait int\u00e9ressant de croiser nos expertises dans nos showrooms respectifs : la pr\u00e9sence des peintures Atmosphere dans le showroom de La Carotech et, \u00e0 l\u2019inverse, des carrelages chez Little Atmosphere (notre nouveau concept store \u00e0 Lambersart).<\/p>\n\n\n\n<p style=\"font-size:15px\">L\u2019id\u00e9e est de proposer une sorte de \u201cshop in shop REN\u201d, o\u00f9 le client peut \u00eatre conseill\u00e9 mais aussi commander directement.<\/p>\n\n\n\n<p style=\"font-size:15px\">Pour le lancement de cette coop\u00e9ration, Antoine a fait appel \u00e0 une artiste afin de cr\u00e9er une fresque de couleurs en utilisant nos peintures Atmosph\u00e8re. Nous avons ensuite invit\u00e9 ensemble les professionnels avec lesquels nous travaillons : c\u2019\u00e9tait l\u2019occasion id\u00e9ale de pr\u00e9senter ce partenariat.<\/p>\n\n\n\n<p style=\"font-size:15px\"><img loading=\"lazy\" decoding=\"async\" width=\"200\" height=\"200\" class=\"wp-image-11921\" style=\"width: 150px\" src=\"https:\/\/www.reseau-entreprendre.org\/nord\/wp-content\/uploads\/sites\/40\/2026\/01\/Design-sans-titre-24.png\" alt=\"\" srcset=\"https:\/\/www.reseau-entreprendre.org\/nord\/wp-content\/uploads\/sites\/40\/2026\/01\/Design-sans-titre-24.png 200w, https:\/\/www.reseau-entreprendre.org\/nord\/wp-content\/uploads\/sites\/40\/2026\/01\/Design-sans-titre-24-150x150.png 150w, https:\/\/www.reseau-entreprendre.org\/nord\/wp-content\/uploads\/sites\/40\/2026\/01\/Design-sans-titre-24-130x130.png 130w, https:\/\/www.reseau-entreprendre.org\/nord\/wp-content\/uploads\/sites\/40\/2026\/01\/Design-sans-titre-24-100x100.png 100w\" sizes=\"auto, (max-width: 200px) 100vw, 200px\" \/>Depuis la reprise de la soci\u00e9t\u00e9 j\u2019ai une vision simple, cr\u00e9er une exp\u00e9rience client unique.<\/p>\n\n\n\n<p style=\"font-size:15px\">Pour moi cette vision passe par plusieurs points, notamment celui du showroom qui est aujourd\u2019hui notre point physique commun entre nos clients professionnels et particuliers.<\/p>\n\n\n\n<p style=\"font-size:15px\">Il est primordial de cr\u00e9er un lieu unique sur la m\u00e9tropole qui rassemble l\u2019ensemble de nos collections dans un environnement chaleureux et accueillant.<\/p>\n\n\n\n<p style=\"font-size:15px\">Cette coop\u00e9ration avec Pierre-Edouard et ses \u00e9quipes a \u00e9t\u00e9 une \u00e9vidence, cr\u00e9er via une artiste une fresque g\u00e9ante au sein de notre showroom, qui regroupe nos savoir-faire et qui accentue la c\u00f4t\u00e9 d\u00e9coration au sein de notre espace d\u2019exposition. Une collaboration qui regroupe les teintes de peintures Atmosph\u00e8re, nos diff\u00e9rentes formes de carreaux et les couleurs tendances du moment&nbsp;!<\/p>\n\n\n\n<h2 class=\"wp-block-heading has-re-red-color has-text-color\" style=\"font-size:15px\"><strong><strong>Qu\u2019est-ce que cette collaboration vous a apport\u00e9, \u00e0 la fois humainement et dans le d\u00e9veloppement de vos entreprises ?<\/strong><\/strong><\/h2>\n\n\n\n<p style=\"font-size:15px\"><img loading=\"lazy\" decoding=\"async\" width=\"200\" height=\"200\" class=\"wp-image-11921\" style=\"width: 150px\" src=\"https:\/\/www.reseau-entreprendre.org\/nord\/wp-content\/uploads\/sites\/40\/2026\/01\/Design-sans-titre-24.png\" alt=\"\" srcset=\"https:\/\/www.reseau-entreprendre.org\/nord\/wp-content\/uploads\/sites\/40\/2026\/01\/Design-sans-titre-24.png 200w, https:\/\/www.reseau-entreprendre.org\/nord\/wp-content\/uploads\/sites\/40\/2026\/01\/Design-sans-titre-24-150x150.png 150w, https:\/\/www.reseau-entreprendre.org\/nord\/wp-content\/uploads\/sites\/40\/2026\/01\/Design-sans-titre-24-130x130.png 130w, https:\/\/www.reseau-entreprendre.org\/nord\/wp-content\/uploads\/sites\/40\/2026\/01\/Design-sans-titre-24-100x100.png 100w\" sizes=\"auto, (max-width: 200px) 100vw, 200px\" \/> Cette collaboration nous a apport\u00e9 avant tout un \u00e9change pr\u00e9cieux entre deux acteurs locaux partageant des m\u00e9tiers aux fortes similitudes (d\u00e9coration et agencement) dans un contexte de march\u00e9 aujourd\u2019hui complexe.<\/p>\n\n\n\n<p style=\"font-size:15px\">Sur le plan humain, elle nous a permis d\u2019apprendre \u00e0 mieux nous conna\u00eetre, de d\u00e9couvrir nos savoir-faire respectifs et d\u2019\u00e9changer sur nos enjeux communs, notamment autour de l\u2019activation et du d\u00e9veloppement de nos r\u00e9seaux.<\/p>\n\n\n\n<p style=\"font-size:15px\">Elle a \u00e9galement donn\u00e9 naissance \u00e0 une offre compl\u00e9mentaire et coh\u00e9rente, porteuse de sens pour le d\u00e9veloppement de nos activit\u00e9s : au sein de notre showroom, nous proposons d\u00e9sormais les peintures Atmosph\u00e8re, et prochainement, chez <a href=\"https:\/\/little-atmosphere.com\/\">Little Atmosph\u00e8re<\/a>, une mat\u00e9riauth\u00e8que sera mise en place afin de pr\u00e9senter une gamme de carrelage.<\/p>\n\n\n\n<p style=\"font-size:15px\">Enfin, l\u2019\u00e9v\u00e9nement organis\u00e9 le 22 janvier a renforc\u00e9 notre visibilit\u00e9 ainsi que notre positionnement d\u2019experts aupr\u00e8s de nos clients architectes et d\u00e9corateurs.<\/p>\n\n\n\n<p class=\"has-text-color has-link-color wp-elements-fc35702abbd29e71fe491c2e6add5347\" style=\"color:#000000;font-size:15px\"><img loading=\"lazy\" decoding=\"async\" width=\"200\" height=\"200\" class=\"wp-image-11927\" style=\"width: 150px\" src=\"https:\/\/www.reseau-entreprendre.org\/nord\/wp-content\/uploads\/sites\/40\/2026\/02\/Design-sans-titre-29.png\" alt=\"\" srcset=\"https:\/\/www.reseau-entreprendre.org\/nord\/wp-content\/uploads\/sites\/40\/2026\/02\/Design-sans-titre-29.png 200w, https:\/\/www.reseau-entreprendre.org\/nord\/wp-content\/uploads\/sites\/40\/2026\/02\/Design-sans-titre-29-150x150.png 150w, https:\/\/www.reseau-entreprendre.org\/nord\/wp-content\/uploads\/sites\/40\/2026\/02\/Design-sans-titre-29-130x130.png 130w, https:\/\/www.reseau-entreprendre.org\/nord\/wp-content\/uploads\/sites\/40\/2026\/02\/Design-sans-titre-29-100x100.png 100w\" sizes=\"auto, (max-width: 200px) 100vw, 200px\" \/> Cette collaboration nous permet d\u2019\u00eatre plus forts en mutualisant nos savoir-faire et d\u2019apporter une meilleure exp\u00e9rience client, en proposant des solutions qui ne sont pas forc\u00e9ment propres \u00e0 chacun de nous individuellement.<\/p>\n\n\n\n<h2 class=\"wp-block-heading has-re-red-color has-text-color\" style=\"font-size:15px\"><strong><strong>Quel r\u00f4le R\u00e9seau Entreprendre Nord a-t-il jou\u00e9 dans cette rencontre ?<\/strong><\/strong><\/h2>\n\n\n\n<p style=\"font-size:15px\"><img loading=\"lazy\" decoding=\"async\" width=\"200\" height=\"200\" class=\"wp-image-11927\" style=\"width: 150px\" src=\"https:\/\/www.reseau-entreprendre.org\/nord\/wp-content\/uploads\/sites\/40\/2026\/02\/Design-sans-titre-29.png\" alt=\"\" srcset=\"https:\/\/www.reseau-entreprendre.org\/nord\/wp-content\/uploads\/sites\/40\/2026\/02\/Design-sans-titre-29.png 200w, https:\/\/www.reseau-entreprendre.org\/nord\/wp-content\/uploads\/sites\/40\/2026\/02\/Design-sans-titre-29-150x150.png 150w, https:\/\/www.reseau-entreprendre.org\/nord\/wp-content\/uploads\/sites\/40\/2026\/02\/Design-sans-titre-29-130x130.png 130w, https:\/\/www.reseau-entreprendre.org\/nord\/wp-content\/uploads\/sites\/40\/2026\/02\/Design-sans-titre-29-100x100.png 100w\" sizes=\"auto, (max-width: 200px) 100vw, 200px\" \/>\u00a0Tout d\u2019abord, R\u00e9seau Entreprendre<strong>\u00ae<\/strong> Nord nous a mis en relation et a su que cela allait matcher. D\u2019un point de vue plus personnel, le fait de savoir qu\u2019Antoine \u00e9tait Laur\u00e9at, comme moi, a permis de mettre en place rapidement cette coop\u00e9ration dans un climat de confiance totale. Merci REN!!<\/p>\n\n\n\n<p style=\"font-size:15px\"><img loading=\"lazy\" decoding=\"async\" width=\"200\" height=\"200\" class=\"wp-image-11921\" style=\"width: 150px\" src=\"https:\/\/www.reseau-entreprendre.org\/nord\/wp-content\/uploads\/sites\/40\/2026\/01\/Design-sans-titre-24.png\" alt=\"\" srcset=\"https:\/\/www.reseau-entreprendre.org\/nord\/wp-content\/uploads\/sites\/40\/2026\/01\/Design-sans-titre-24.png 200w, https:\/\/www.reseau-entreprendre.org\/nord\/wp-content\/uploads\/sites\/40\/2026\/01\/Design-sans-titre-24-150x150.png 150w, https:\/\/www.reseau-entreprendre.org\/nord\/wp-content\/uploads\/sites\/40\/2026\/01\/Design-sans-titre-24-130x130.png 130w, https:\/\/www.reseau-entreprendre.org\/nord\/wp-content\/uploads\/sites\/40\/2026\/01\/Design-sans-titre-24-100x100.png 100w\" sizes=\"auto, (max-width: 200px) 100vw, 200px\" \/>Tout part du R\u00e9seau Entreprendre<strong>\u00ae<\/strong> Nord, j\u2019ai contact\u00e9 Pierre-Edouard via LinkedIn en sachant qu\u2019il \u00e9tait \u00e9galement laur\u00e9at du r\u00e9seau\u00a0!<\/p>\n\n\n\n<p style=\"font-size:15px\">D\u00e8s notre premi\u00e8re rencontre nous avons d\u00e9tect\u00e9 des synergies communes, un partenariat \u00e0 mettre en place et surtout la volont\u00e9 de faire bouger les codes au sein du r\u00e9seau.<\/p>\n\n\n\n<p style=\"font-size:15px\">Nous avons l\u2019envie gr\u00e2ce \u00e0 la force du r\u00e9seau et de ses Membres \/ Laur\u00e9ats de cr\u00e9er des \u00e9changes, des \u00e9v\u00e9nements et de la mise en relation pour d\u00e9velopper le business de chacun\u00a0!<\/p>\n\n\n\n<p style=\"font-size:15px\">Prochaine \u00e9tape\u00a0? La cr\u00e9ation d\u2019un \u00e9vent en local avec une dizaine de Laur\u00e9ats pour proposer \u00e0 notre cible d\u2019architectes \/ d\u00e9corateurs \/ designers une offre commune avec les expertises de chacun.<\/p>\n\n\n\n<p style=\"font-size:15px\">Nous sommes convaincus que le savoir-faire ainsi que le r\u00e9seau des Membres peuvent nous permettre de cr\u00e9er de belle synergie au sein de notre eco syst\u00e8me.<\/p>\n\n\n\n<p style=\"font-size:15px\"><\/p>\n\n\n\n<p class=\"has-text-align-center\" style=\"font-size:15px\"><strong>Envie de vous faire ACCOMPAGNER par R\u00e9seau <strong>Entreprendre\u00ae Nord<\/strong><\/strong> <strong>?<a href=\"https:\/\/www.reseau-entreprendre.org\/nord\/accompagner\/\"> <\/a><a href=\"https:\/\/www.reseau-entreprendre.org\/nord\/candidater\/\" target=\"_blank\" rel=\"noreferrer noopener\">Cliquez-ic<\/a><a href=\"https:\/\/www.reseau-entreprendre.org\/nord\/accompagner\/\">i<\/a><\/strong><\/p>\n\n\n\n<p class=\"has-text-align-center\" style=\"font-size:15px\"><strong>Envie de rejoindre la communaut\u00e9 de R\u00e9seau Entreprendre\u00ae Nord ? <a href=\"https:\/\/www.reseau-entreprendre.org\/nord\/accompagner\/\">Cliquez-ici<\/a><\/strong><\/p>\n\n\n\n<p class=\"has-text-color\" style=\"color:#fdfdfd\">cr\u00e9ation entreprise Lille reprise entreprise Lille start up Lille<\/p>\n","protected":false},"excerpt":{"rendered":"<p>Quand deux Laur\u00e9ats se rencontrent et choisissent de faire \u00e9quipe\u2026<\/p>\n","protected":false},"author":119,"featured_media":11925,"comment_status":"closed","ping_status":"open","sticky":false,"template":"","format":"standard","meta":{"_acf_changed":false,"_monsterinsights_skip_tracking":false,"_monsterinsights_sitenote_active":false,"_monsterinsights_sitenote_note":"","_monsterinsights_sitenote_category":0,"footnotes":""},"categories":[4,23,5,6],"tags":[],"class_list":["post-11919","post","type-post","status-publish","format-standard","has-post-thumbnail","hentry","category-actualites","category-temoignages","category-temoignages-laureats","category-temoignages-membres","news","testimonials"],"acf":[],"yoast_head":"<!-- This site is optimized with the Yoast SEO plugin v27.4 - https:\/\/yoast.com\/product\/yoast-seo-wordpress\/ -->\n<title>[La coop\u00e9ration en action : les projets de nos Laur\u00e9ats] - R\u00e9seau Entreprendre Nord<\/title>\n<meta name=\"description\" content=\"D\u00e9couvrez comment nos Laur\u00e9ats, gr\u00e2ce \u00e0 la coop\u00e9ration et \u00e0 l\u2019engagement, transforment leurs convictions en actions concr\u00e8tes.\" \/>\n<meta name=\"robots\" content=\"index, follow, max-snippet:-1, max-image-preview:large, max-video-preview:-1\" \/>\n<link rel=\"canonical\" href=\"https:\/\/www.reseau-entreprendre.org\/nord\/2026\/02\/02\/entrepreneuriat-cooperation-antoinegrechez-pierre-edouard-rigot\/\" \/>\n<meta property=\"og:locale\" content=\"fr_FR\" \/>\n<meta property=\"og:type\" content=\"article\" \/>\n<meta property=\"og:title\" content=\"La coop\u00e9ration racont\u00e9e par nos Laur\u00e9ats\" \/>\n<meta property=\"og:description\" content=\"Quand deux Laur\u00e9ats se rencontrent et choisissent de faire \u00e9quipe\u2026Dans un monde en pleine mutation, o\u00f9 l\u2019incertitude c\u00f4toie les d\u00e9fis, Antoine Grechez et Pierre-Edouard Rigot ont fait un pari : celui du collectif. Car si l\u2019on peut aller vite seul, c\u2019est ensemble que l\u2019on ose voir plus grand, imaginer plus loin et construire des solutions durables. De cette coop\u00e9ration naissent des opportunit\u00e9s, du progr\u00e8s et une vision commune : celle d\u2019un futur plus d\u00e9sirable, r\u00e9solument tourn\u00e9 vers la durabilit\u00e9.\" \/>\n<meta property=\"og:url\" content=\"https:\/\/www.reseau-entreprendre.org\/nord\/2026\/02\/02\/entrepreneuriat-cooperation-antoinegrechez-pierre-edouard-rigot\/\" \/>\n<meta property=\"og:site_name\" content=\"R\u00e9seau Entreprendre Nord\" \/>\n<meta property=\"article:published_time\" content=\"2026-02-02T15:58:09+00:00\" \/>\n<meta property=\"article:modified_time\" content=\"2026-02-10T17:05:02+00:00\" \/>\n<meta property=\"og:image\" content=\"https:\/\/www.reseau-entreprendre.org\/nord\/wp-content\/uploads\/sites\/40\/2026\/02\/ccoperation.png\" \/>\n\t<meta property=\"og:image:width\" content=\"1366\" \/>\n\t<meta property=\"og:image:height\" content=\"768\" \/>\n\t<meta property=\"og:image:type\" content=\"image\/png\" \/>\n<meta name=\"author\" content=\"gprovost\" \/>\n<meta name=\"twitter:card\" content=\"summary_large_image\" \/>\n<meta name=\"twitter:label1\" content=\"\u00c9crit par\" \/>\n\t<meta name=\"twitter:data1\" content=\"gprovost\" \/>\n\t<meta name=\"twitter:label2\" content=\"Dur\u00e9e de lecture estim\u00e9e\" \/>\n\t<meta name=\"twitter:data2\" content=\"7 minutes\" \/>\n<script type=\"application\/ld+json\" class=\"yoast-schema-graph\">{\"@context\":\"https:\\\/\\\/schema.org\",\"@graph\":[{\"@type\":\"Article\",\"@id\":\"https:\\\/\\\/www.reseau-entreprendre.org\\\/nord\\\/2026\\\/02\\\/02\\\/entrepreneuriat-cooperation-antoinegrechez-pierre-edouard-rigot\\\/#article\",\"isPartOf\":{\"@id\":\"https:\\\/\\\/www.reseau-entreprendre.org\\\/nord\\\/2026\\\/02\\\/02\\\/entrepreneuriat-cooperation-antoinegrechez-pierre-edouard-rigot\\\/\"},\"author\":{\"name\":\"gprovost\",\"@id\":\"https:\\\/\\\/www.reseau-entreprendre.org\\\/nord\\\/#\\\/schema\\\/person\\\/a694ea0e9d3814e681b8dc82b40334db\"},\"headline\":\"[La coop\u00e9ration en action : les projets de nos Laur\u00e9ats]\",\"datePublished\":\"2026-02-02T15:58:09+00:00\",\"dateModified\":\"2026-02-10T17:05:02+00:00\",\"mainEntityOfPage\":{\"@id\":\"https:\\\/\\\/www.reseau-entreprendre.org\\\/nord\\\/2026\\\/02\\\/02\\\/entrepreneuriat-cooperation-antoinegrechez-pierre-edouard-rigot\\\/\"},\"wordCount\":1089,\"publisher\":{\"@id\":\"https:\\\/\\\/www.reseau-entreprendre.org\\\/nord\\\/#organization\"},\"image\":{\"@id\":\"https:\\\/\\\/www.reseau-entreprendre.org\\\/nord\\\/2026\\\/02\\\/02\\\/entrepreneuriat-cooperation-antoinegrechez-pierre-edouard-rigot\\\/#primaryimage\"},\"thumbnailUrl\":\"https:\\\/\\\/www.reseau-entreprendre.org\\\/nord\\\/wp-content\\\/uploads\\\/sites\\\/40\\\/2026\\\/02\\\/ccoperation.png\",\"articleSection\":[\"Actualit\u00e9s\",\"T\u00e9moignages\",\"T\u00e9moignages laur\u00e9ats\",\"T\u00e9moignages membres\"],\"inLanguage\":\"fr-FR\"},{\"@type\":\"WebPage\",\"@id\":\"https:\\\/\\\/www.reseau-entreprendre.org\\\/nord\\\/2026\\\/02\\\/02\\\/entrepreneuriat-cooperation-antoinegrechez-pierre-edouard-rigot\\\/\",\"url\":\"https:\\\/\\\/www.reseau-entreprendre.org\\\/nord\\\/2026\\\/02\\\/02\\\/entrepreneuriat-cooperation-antoinegrechez-pierre-edouard-rigot\\\/\",\"name\":\"[La coop\u00e9ration en action : les projets de nos Laur\u00e9ats] - R\u00e9seau Entreprendre Nord\",\"isPartOf\":{\"@id\":\"https:\\\/\\\/www.reseau-entreprendre.org\\\/nord\\\/#website\"},\"primaryImageOfPage\":{\"@id\":\"https:\\\/\\\/www.reseau-entreprendre.org\\\/nord\\\/2026\\\/02\\\/02\\\/entrepreneuriat-cooperation-antoinegrechez-pierre-edouard-rigot\\\/#primaryimage\"},\"image\":{\"@id\":\"https:\\\/\\\/www.reseau-entreprendre.org\\\/nord\\\/2026\\\/02\\\/02\\\/entrepreneuriat-cooperation-antoinegrechez-pierre-edouard-rigot\\\/#primaryimage\"},\"thumbnailUrl\":\"https:\\\/\\\/www.reseau-entreprendre.org\\\/nord\\\/wp-content\\\/uploads\\\/sites\\\/40\\\/2026\\\/02\\\/ccoperation.png\",\"datePublished\":\"2026-02-02T15:58:09+00:00\",\"dateModified\":\"2026-02-10T17:05:02+00:00\",\"description\":\"D\u00e9couvrez comment nos Laur\u00e9ats, gr\u00e2ce \u00e0 la coop\u00e9ration et \u00e0 l\u2019engagement, transforment leurs convictions en actions concr\u00e8tes.\",\"breadcrumb\":{\"@id\":\"https:\\\/\\\/www.reseau-entreprendre.org\\\/nord\\\/2026\\\/02\\\/02\\\/entrepreneuriat-cooperation-antoinegrechez-pierre-edouard-rigot\\\/#breadcrumb\"},\"inLanguage\":\"fr-FR\",\"potentialAction\":[{\"@type\":\"ReadAction\",\"target\":[\"https:\\\/\\\/www.reseau-entreprendre.org\\\/nord\\\/2026\\\/02\\\/02\\\/entrepreneuriat-cooperation-antoinegrechez-pierre-edouard-rigot\\\/\"]}]},{\"@type\":\"ImageObject\",\"inLanguage\":\"fr-FR\",\"@id\":\"https:\\\/\\\/www.reseau-entreprendre.org\\\/nord\\\/2026\\\/02\\\/02\\\/entrepreneuriat-cooperation-antoinegrechez-pierre-edouard-rigot\\\/#primaryimage\",\"url\":\"https:\\\/\\\/www.reseau-entreprendre.org\\\/nord\\\/wp-content\\\/uploads\\\/sites\\\/40\\\/2026\\\/02\\\/ccoperation.png\",\"contentUrl\":\"https:\\\/\\\/www.reseau-entreprendre.org\\\/nord\\\/wp-content\\\/uploads\\\/sites\\\/40\\\/2026\\\/02\\\/ccoperation.png\",\"width\":1366,\"height\":768},{\"@type\":\"BreadcrumbList\",\"@id\":\"https:\\\/\\\/www.reseau-entreprendre.org\\\/nord\\\/2026\\\/02\\\/02\\\/entrepreneuriat-cooperation-antoinegrechez-pierre-edouard-rigot\\\/#breadcrumb\",\"itemListElement\":[{\"@type\":\"ListItem\",\"position\":1,\"name\":\"Accueil\",\"item\":\"https:\\\/\\\/www.reseau-entreprendre.org\\\/nord\\\/\"},{\"@type\":\"ListItem\",\"position\":2,\"name\":\"[La coop\u00e9ration en action : les projets de nos Laur\u00e9ats]\"}]},{\"@type\":\"WebSite\",\"@id\":\"https:\\\/\\\/www.reseau-entreprendre.org\\\/nord\\\/#website\",\"url\":\"https:\\\/\\\/www.reseau-entreprendre.org\\\/nord\\\/\",\"name\":\"R\u00e9seau Entreprendre Nord\",\"description\":\"1er R\u00e9seau d&#039;accompagnement \u00e0 la cr\u00e9ation d&#039;entreprises en France !\",\"publisher\":{\"@id\":\"https:\\\/\\\/www.reseau-entreprendre.org\\\/nord\\\/#organization\"},\"potentialAction\":[{\"@type\":\"SearchAction\",\"target\":{\"@type\":\"EntryPoint\",\"urlTemplate\":\"https:\\\/\\\/www.reseau-entreprendre.org\\\/nord\\\/?s={search_term_string}\"},\"query-input\":{\"@type\":\"PropertyValueSpecification\",\"valueRequired\":true,\"valueName\":\"search_term_string\"}}],\"inLanguage\":\"fr-FR\"},{\"@type\":\"Organization\",\"@id\":\"https:\\\/\\\/www.reseau-entreprendre.org\\\/nord\\\/#organization\",\"name\":\"R\u00e9seau Entreprendre Nord\",\"url\":\"https:\\\/\\\/www.reseau-entreprendre.org\\\/nord\\\/\",\"logo\":{\"@type\":\"ImageObject\",\"inLanguage\":\"fr-FR\",\"@id\":\"https:\\\/\\\/www.reseau-entreprendre.org\\\/nord\\\/#\\\/schema\\\/logo\\\/image\\\/\",\"url\":\"https:\\\/\\\/www.reseau-entreprendre.org\\\/nord\\\/wp-content\\\/uploads\\\/sites\\\/40\\\/2022\\\/03\\\/Logo-couleur-horizontal-edited.png\",\"contentUrl\":\"https:\\\/\\\/www.reseau-entreprendre.org\\\/nord\\\/wp-content\\\/uploads\\\/sites\\\/40\\\/2022\\\/03\\\/Logo-couleur-horizontal-edited.png\",\"width\":1592,\"height\":739,\"caption\":\"R\u00e9seau Entreprendre Nord\"},\"image\":{\"@id\":\"https:\\\/\\\/www.reseau-entreprendre.org\\\/nord\\\/#\\\/schema\\\/logo\\\/image\\\/\"}},{\"@type\":\"Person\",\"@id\":\"https:\\\/\\\/www.reseau-entreprendre.org\\\/nord\\\/#\\\/schema\\\/person\\\/a694ea0e9d3814e681b8dc82b40334db\",\"name\":\"gprovost\",\"image\":{\"@type\":\"ImageObject\",\"inLanguage\":\"fr-FR\",\"@id\":\"https:\\\/\\\/secure.gravatar.com\\\/avatar\\\/085ca2da623180f38f949bd3318e328b6dfad9a1087841bbd3f0aeda81469e07?s=96&d=mm&r=g\",\"url\":\"https:\\\/\\\/secure.gravatar.com\\\/avatar\\\/085ca2da623180f38f949bd3318e328b6dfad9a1087841bbd3f0aeda81469e07?s=96&d=mm&r=g\",\"contentUrl\":\"https:\\\/\\\/secure.gravatar.com\\\/avatar\\\/085ca2da623180f38f949bd3318e328b6dfad9a1087841bbd3f0aeda81469e07?s=96&d=mm&r=g\",\"caption\":\"gprovost\"},\"url\":\"https:\\\/\\\/www.reseau-entreprendre.org\\\/nord\\\/author\\\/gprovost\\\/\"}]}<\/script>\n<!-- \/ Yoast SEO plugin. -->","yoast_head_json":{"title":"[La coop\u00e9ration en action : les projets de nos Laur\u00e9ats] - R\u00e9seau Entreprendre Nord","description":"D\u00e9couvrez comment nos Laur\u00e9ats, gr\u00e2ce \u00e0 la coop\u00e9ration et \u00e0 l\u2019engagement, transforment leurs convictions en actions concr\u00e8tes.","robots":{"index":"index","follow":"follow","max-snippet":"max-snippet:-1","max-image-preview":"max-image-preview:large","max-video-preview":"max-video-preview:-1"},"canonical":"https:\/\/www.reseau-entreprendre.org\/nord\/2026\/02\/02\/entrepreneuriat-cooperation-antoinegrechez-pierre-edouard-rigot\/","og_locale":"fr_FR","og_type":"article","og_title":"La coop\u00e9ration racont\u00e9e par nos Laur\u00e9ats","og_description":"Quand deux Laur\u00e9ats se rencontrent et choisissent de faire \u00e9quipe\u2026Dans un monde en pleine mutation, o\u00f9 l\u2019incertitude c\u00f4toie les d\u00e9fis, Antoine Grechez et Pierre-Edouard Rigot ont fait un pari : celui du collectif. Car si l\u2019on peut aller vite seul, c\u2019est ensemble que l\u2019on ose voir plus grand, imaginer plus loin et construire des solutions durables. De cette coop\u00e9ration naissent des opportunit\u00e9s, du progr\u00e8s et une vision commune : celle d\u2019un futur plus d\u00e9sirable, r\u00e9solument tourn\u00e9 vers la durabilit\u00e9.","og_url":"https:\/\/www.reseau-entreprendre.org\/nord\/2026\/02\/02\/entrepreneuriat-cooperation-antoinegrechez-pierre-edouard-rigot\/","og_site_name":"R\u00e9seau Entreprendre Nord","article_published_time":"2026-02-02T15:58:09+00:00","article_modified_time":"2026-02-10T17:05:02+00:00","og_image":[{"width":1366,"height":768,"url":"https:\/\/www.reseau-entreprendre.org\/nord\/wp-content\/uploads\/sites\/40\/2026\/02\/ccoperation.png","type":"image\/png"}],"author":"gprovost","twitter_card":"summary_large_image","twitter_misc":{"\u00c9crit par":"gprovost","Dur\u00e9e de lecture estim\u00e9e":"7 minutes"},"schema":{"@context":"https:\/\/schema.org","@graph":[{"@type":"Article","@id":"https:\/\/www.reseau-entreprendre.org\/nord\/2026\/02\/02\/entrepreneuriat-cooperation-antoinegrechez-pierre-edouard-rigot\/#article","isPartOf":{"@id":"https:\/\/www.reseau-entreprendre.org\/nord\/2026\/02\/02\/entrepreneuriat-cooperation-antoinegrechez-pierre-edouard-rigot\/"},"author":{"name":"gprovost","@id":"https:\/\/www.reseau-entreprendre.org\/nord\/#\/schema\/person\/a694ea0e9d3814e681b8dc82b40334db"},"headline":"[La coop\u00e9ration en action : les projets de nos Laur\u00e9ats]","datePublished":"2026-02-02T15:58:09+00:00","dateModified":"2026-02-10T17:05:02+00:00","mainEntityOfPage":{"@id":"https:\/\/www.reseau-entreprendre.org\/nord\/2026\/02\/02\/entrepreneuriat-cooperation-antoinegrechez-pierre-edouard-rigot\/"},"wordCount":1089,"publisher":{"@id":"https:\/\/www.reseau-entreprendre.org\/nord\/#organization"},"image":{"@id":"https:\/\/www.reseau-entreprendre.org\/nord\/2026\/02\/02\/entrepreneuriat-cooperation-antoinegrechez-pierre-edouard-rigot\/#primaryimage"},"thumbnailUrl":"https:\/\/www.reseau-entreprendre.org\/nord\/wp-content\/uploads\/sites\/40\/2026\/02\/ccoperation.png","articleSection":["Actualit\u00e9s","T\u00e9moignages","T\u00e9moignages laur\u00e9ats","T\u00e9moignages membres"],"inLanguage":"fr-FR"},{"@type":"WebPage","@id":"https:\/\/www.reseau-entreprendre.org\/nord\/2026\/02\/02\/entrepreneuriat-cooperation-antoinegrechez-pierre-edouard-rigot\/","url":"https:\/\/www.reseau-entreprendre.org\/nord\/2026\/02\/02\/entrepreneuriat-cooperation-antoinegrechez-pierre-edouard-rigot\/","name":"[La coop\u00e9ration en action : les projets de nos Laur\u00e9ats] - R\u00e9seau Entreprendre Nord","isPartOf":{"@id":"https:\/\/www.reseau-entreprendre.org\/nord\/#website"},"primaryImageOfPage":{"@id":"https:\/\/www.reseau-entreprendre.org\/nord\/2026\/02\/02\/entrepreneuriat-cooperation-antoinegrechez-pierre-edouard-rigot\/#primaryimage"},"image":{"@id":"https:\/\/www.reseau-entreprendre.org\/nord\/2026\/02\/02\/entrepreneuriat-cooperation-antoinegrechez-pierre-edouard-rigot\/#primaryimage"},"thumbnailUrl":"https:\/\/www.reseau-entreprendre.org\/nord\/wp-content\/uploads\/sites\/40\/2026\/02\/ccoperation.png","datePublished":"2026-02-02T15:58:09+00:00","dateModified":"2026-02-10T17:05:02+00:00","description":"D\u00e9couvrez comment nos Laur\u00e9ats, gr\u00e2ce \u00e0 la coop\u00e9ration et \u00e0 l\u2019engagement, transforment leurs convictions en actions concr\u00e8tes.","breadcrumb":{"@id":"https:\/\/www.reseau-entreprendre.org\/nord\/2026\/02\/02\/entrepreneuriat-cooperation-antoinegrechez-pierre-edouard-rigot\/#breadcrumb"},"inLanguage":"fr-FR","potentialAction":[{"@type":"ReadAction","target":["https:\/\/www.reseau-entreprendre.org\/nord\/2026\/02\/02\/entrepreneuriat-cooperation-antoinegrechez-pierre-edouard-rigot\/"]}]},{"@type":"ImageObject","inLanguage":"fr-FR","@id":"https:\/\/www.reseau-entreprendre.org\/nord\/2026\/02\/02\/entrepreneuriat-cooperation-antoinegrechez-pierre-edouard-rigot\/#primaryimage","url":"https:\/\/www.reseau-entreprendre.org\/nord\/wp-content\/uploads\/sites\/40\/2026\/02\/ccoperation.png","contentUrl":"https:\/\/www.reseau-entreprendre.org\/nord\/wp-content\/uploads\/sites\/40\/2026\/02\/ccoperation.png","width":1366,"height":768},{"@type":"BreadcrumbList","@id":"https:\/\/www.reseau-entreprendre.org\/nord\/2026\/02\/02\/entrepreneuriat-cooperation-antoinegrechez-pierre-edouard-rigot\/#breadcrumb","itemListElement":[{"@type":"ListItem","position":1,"name":"Accueil","item":"https:\/\/www.reseau-entreprendre.org\/nord\/"},{"@type":"ListItem","position":2,"name":"[La coop\u00e9ration en action : les projets de nos Laur\u00e9ats]"}]},{"@type":"WebSite","@id":"https:\/\/www.reseau-entreprendre.org\/nord\/#website","url":"https:\/\/www.reseau-entreprendre.org\/nord\/","name":"R\u00e9seau Entreprendre Nord","description":"1er R\u00e9seau d&#039;accompagnement \u00e0 la cr\u00e9ation d&#039;entreprises en France !","publisher":{"@id":"https:\/\/www.reseau-entreprendre.org\/nord\/#organization"},"potentialAction":[{"@type":"SearchAction","target":{"@type":"EntryPoint","urlTemplate":"https:\/\/www.reseau-entreprendre.org\/nord\/?s={search_term_string}"},"query-input":{"@type":"PropertyValueSpecification","valueRequired":true,"valueName":"search_term_string"}}],"inLanguage":"fr-FR"},{"@type":"Organization","@id":"https:\/\/www.reseau-entreprendre.org\/nord\/#organization","name":"R\u00e9seau Entreprendre Nord","url":"https:\/\/www.reseau-entreprendre.org\/nord\/","logo":{"@type":"ImageObject","inLanguage":"fr-FR","@id":"https:\/\/www.reseau-entreprendre.org\/nord\/#\/schema\/logo\/image\/","url":"https:\/\/www.reseau-entreprendre.org\/nord\/wp-content\/uploads\/sites\/40\/2022\/03\/Logo-couleur-horizontal-edited.png","contentUrl":"https:\/\/www.reseau-entreprendre.org\/nord\/wp-content\/uploads\/sites\/40\/2022\/03\/Logo-couleur-horizontal-edited.png","width":1592,"height":739,"caption":"R\u00e9seau Entreprendre Nord"},"image":{"@id":"https:\/\/www.reseau-entreprendre.org\/nord\/#\/schema\/logo\/image\/"}},{"@type":"Person","@id":"https:\/\/www.reseau-entreprendre.org\/nord\/#\/schema\/person\/a694ea0e9d3814e681b8dc82b40334db","name":"gprovost","image":{"@type":"ImageObject","inLanguage":"fr-FR","@id":"https:\/\/secure.gravatar.com\/avatar\/085ca2da623180f38f949bd3318e328b6dfad9a1087841bbd3f0aeda81469e07?s=96&d=mm&r=g","url":"https:\/\/secure.gravatar.com\/avatar\/085ca2da623180f38f949bd3318e328b6dfad9a1087841bbd3f0aeda81469e07?s=96&d=mm&r=g","contentUrl":"https:\/\/secure.gravatar.com\/avatar\/085ca2da623180f38f949bd3318e328b6dfad9a1087841bbd3f0aeda81469e07?s=96&d=mm&r=g","caption":"gprovost"},"url":"https:\/\/www.reseau-entreprendre.org\/nord\/author\/gprovost\/"}]}},"_links":{"self":[{"href":"https:\/\/www.reseau-entreprendre.org\/nord\/wp-json\/wp\/v2\/posts\/11919","targetHints":{"allow":["GET"]}}],"collection":[{"href":"https:\/\/www.reseau-entreprendre.org\/nord\/wp-json\/wp\/v2\/posts"}],"about":[{"href":"https:\/\/www.reseau-entreprendre.org\/nord\/wp-json\/wp\/v2\/types\/post"}],"author":[{"embeddable":true,"href":"https:\/\/www.reseau-entreprendre.org\/nord\/wp-json\/wp\/v2\/users\/119"}],"replies":[{"embeddable":true,"href":"https:\/\/www.reseau-entreprendre.org\/nord\/wp-json\/wp\/v2\/comments?post=11919"}],"version-history":[{"count":0,"href":"https:\/\/www.reseau-entreprendre.org\/nord\/wp-json\/wp\/v2\/posts\/11919\/revisions"}],"wp:featuredmedia":[{"embeddable":true,"href":"https:\/\/www.reseau-entreprendre.org\/nord\/wp-json\/wp\/v2\/media\/11925"}],"wp:attachment":[{"href":"https:\/\/www.reseau-entreprendre.org\/nord\/wp-json\/wp\/v2\/media?parent=11919"}],"wp:term":[{"taxonomy":"category","embeddable":true,"href":"https:\/\/www.reseau-entreprendre.org\/nord\/wp-json\/wp\/v2\/categories?post=11919"},{"taxonomy":"post_tag","embeddable":true,"href":"https:\/\/www.reseau-entreprendre.org\/nord\/wp-json\/wp\/v2\/tags?post=11919"}],"curies":[{"name":"wp","href":"https:\/\/api.w.org\/{rel}","templated":true}]}}