{"id":11944,"date":"2026-02-04T17:38:45","date_gmt":"2026-02-04T16:38:45","guid":{"rendered":"https:\/\/www.reseau-entreprendre.org\/nord\/?p=11944"},"modified":"2026-02-04T17:40:10","modified_gmt":"2026-02-04T16:40:10","slug":"entrepreneuriat-cooperation-ange-pozzo-di-borgo","status":"publish","type":"post","link":"https:\/\/www.reseau-entreprendre.org\/nord\/2026\/02\/04\/entrepreneuriat-cooperation-ange-pozzo-di-borgo\/","title":{"rendered":"[La valeur d\u00e9cisive de la coop\u00e9ration]"},"content":{"rendered":"\n<div class=\"wp-block-columns is-layout-flex wp-container-core-columns-is-layout-9d6595d7 wp-block-columns-is-layout-flex\">\n<div class=\"wp-block-column is-layout-flow wp-block-column-is-layout-flow\">\n<div class=\"wp-block-columns is-layout-flex wp-container-core-columns-is-layout-9d6595d7 wp-block-columns-is-layout-flex\">\n<div class=\"wp-block-column is-layout-flow wp-block-column-is-layout-flow\">\n<figure class=\"wp-block-image size-full is-resized\"><img loading=\"lazy\" decoding=\"async\" width=\"535\" height=\"661\" src=\"https:\/\/www.reseau-entreprendre.org\/nord\/wp-content\/uploads\/sites\/40\/2026\/02\/photo-hit-plaineimages-angepozzodiborgo2-1.png\" alt=\"\" class=\"wp-image-11948\" style=\"width:547px;height:auto\" srcset=\"https:\/\/www.reseau-entreprendre.org\/nord\/wp-content\/uploads\/sites\/40\/2026\/02\/photo-hit-plaineimages-angepozzodiborgo2-1.png 535w, https:\/\/www.reseau-entreprendre.org\/nord\/wp-content\/uploads\/sites\/40\/2026\/02\/photo-hit-plaineimages-angepozzodiborgo2-1-243x300.png 243w, https:\/\/www.reseau-entreprendre.org\/nord\/wp-content\/uploads\/sites\/40\/2026\/02\/photo-hit-plaineimages-angepozzodiborgo2-1-105x130.png 105w, https:\/\/www.reseau-entreprendre.org\/nord\/wp-content\/uploads\/sites\/40\/2026\/02\/photo-hit-plaineimages-angepozzodiborgo2-1-81x100.png 81w\" sizes=\"auto, (max-width: 535px) 100vw, 535px\" \/><\/figure>\n<\/div>\n\n\n\n<div class=\"wp-block-column is-layout-flow wp-block-column-is-layout-flow\">\n<p class=\"has-re-blue-color has-text-color has-link-color wp-elements-24c2af1958608ad64d3b2ade9276e4ed\"><strong>Ange POZZO DI BORGO, <\/strong><\/p>\n\n\n\n<p><strong>Administrateur R\u00e9seau Entreprendre\u00ae Nord<\/strong> <\/p>\n\n\n\n<p><strong>Laur\u00e9at REN 2010 &#8211; Directeur de l&#8217;Offre <a href=\"https:\/\/www.euracreative.fr\/\">EuraCreative<\/a><\/strong><\/p>\n<\/div>\n<\/div>\n<\/div>\n<\/div>\n\n\n\n<p style=\"font-size:15px\">Quand, dans votre exp\u00e9rience d\u2019entrepreneur(e), avez-vous pris conscience de la valeur d\u00e9cisive de la coop\u00e9ration &#8211; avec un partenaire, un client voire un concurrent ? Je me suis \u00e9videmment pos\u00e9 cette question au moment d\u2019\u00e9crire cet \u00e9dito. Ce regard dans le r\u00e9troviseur, en plus de me rappeler plusieurs projets en particulier, m\u2019a fait r\u00e9aliser les effets transformateurs et acc\u00e9l\u00e9rateurs du collectif en termes de mont\u00e9e en comp\u00e9tences, d\u2019innovation et de business. M\u00eame, dans un sens, de gain de maturit\u00e9 entrepreneuriale : jamais mon entreprise n\u2019aurait pu mener une exp\u00e9rimentation officielle &#8211; et b\u00e2tir une offre diff\u00e9renciante &#8211; pour Google Street View (en 2017) sans accepter de coop\u00e9rer avec un studio de d\u00e9veloppeurs lillois concurrent. Jamais mes associ\u00e9s et moi-m\u00eame n\u2019aurions su surmonter la plus grosse \u00e9preuve de notre aventure professionnelle sans l\u2019aide de plusieurs entrepreneurs de notre secteur, mobilis\u00e9s en task force par R\u00e9seau Entreprendre\u00ae Nord.<\/p>\n\n\n\n<p style=\"font-size:15px\">Dans un environnement de march\u00e9 que l\u2019on voit toutes et tous se complexifier et mettre en permanence \u00e0 l\u2019\u00e9preuve notre comp\u00e9titivit\u00e9, c\u2019est bien dans la coop\u00e9ration que l\u2019entrepreneur(e) peut trouver les cl\u00e9s de la r\u00e9silience et du progr\u00e8s. Ce n\u2019est pas qu\u2019une intuition ou une incantation. Plusieurs m\u00e9ta-\u00e9tudes l\u2019ont d\u00e9montr\u00e9 (<a href=\"https:\/\/eur01.safelinks.protection.outlook.com\/?url=https%3A%2F%2Feye.invitation.reseau-entreprendre.org%2Fc%3Fp%3DwAbNCQfCxBDQhkXQ3kIpAfER0IQHAA06Zz3QzMQQQNC5au9HKUlS0LTQkPLjaG_QpgfZQ2h0dHBzOi8vd3d3LnNjaWVuY2VkaXJlY3QuY29tL3NjaWVuY2UvYXJ0aWNsZS9waWkvUzAyNjMyMzczMjIwMDAzMDW4NjBhMjY1YTJiOTVjZWU2OTM3OGRkZjI5vmNvbnRhY3R8dzRFNjBwaE1SdW1ISEQ5SGRtOVlyUcC2S2xyYndRaWtCOFJHRUJ3QU5PbWM5etkmZXllLmludml0YXRpb24ucmVzZWF1LWVudHJlcHJlbmRyZS5vcmfEFNCh0L7Q2tDdD9DE0JjQldCp0KHQu2Lx0NjQyjZ50MwsRw&amp;data=05%7C02%7Cgprovost%40reseau-entreprendre.org%7Cb6a156caa5d244582e8808de63c2d9c9%7Cb896eb6011a34deab025b85b1afea30d%7C0%7C0%7C639057885733539486%7CUnknown%7CTWFpbGZsb3d8eyJFbXB0eU1hcGkiOnRydWUsIlYiOiIwLjAuMDAwMCIsIlAiOiJXaW4zMiIsIkFOIjoiTWFpbCIsIldUIjoyfQ%3D%3D%7C0%7C%7C%7C&amp;sdata=n85H91CVQ6CUa9rx50pQzJxKqQ1NNTcNoZk3uOJugQU%3D&amp;reserved=0\">ici<\/a>\u00a0et\u00a0<a href=\"https:\/\/papers.ssrn.com\/sol3\/papers.cfm?abstract_id=2502230\">ici<\/a>, par exemple) : quand les entreprises font alliance, elles reconfigurent leurs cha\u00eenes de valeur et d\u00e9veloppent des avantages concurrentiels durables, directs comme indirects. Voil\u00e0 pourquoi R\u00e9seau Entreprendre\u00ae Nord veut nourrir et partager, avec ses membres, la plus grande \u201cbanque\u201d d\u2019exp\u00e9riences entrepreneuriales, faites de succ\u00e8s comme d\u2019\u00e9checs &#8211; car c\u2019est une composante de la r\u00e9ussite. Pour les ann\u00e9es \u00e0 venir, nous devons chercher les compl\u00e9mentarit\u00e9s plut\u00f4t que de nous concentrer uniquement sur la concurrence. Car les opportunit\u00e9s d&#8217;innovation se trouvent justement aux fronti\u00e8res entre les activit\u00e9s et les expertises.\u00a0<\/p>\n\n\n\n<p style=\"font-size:15px\">A la cl\u00e9 ? L\u2019essor de nouveaux \u00e9cosyst\u00e8mes \u00e0 impact positif.<\/p>\n\n\n\n<p><\/p>\n\n\n\n<p class=\"has-text-align-center\" style=\"font-size:15px\"><strong>Envie de vous faire ACCOMPAGNER par R\u00e9seau <strong>Entreprendre\u00ae Nord<\/strong><\/strong> <strong>?<a href=\"https:\/\/www.reseau-entreprendre.org\/nord\/accompagner\/\"> <\/a><a href=\"https:\/\/www.reseau-entreprendre.org\/nord\/candidater\/\" target=\"_blank\" rel=\"noreferrer noopener\">Cliquez-ic<\/a><a href=\"https:\/\/www.reseau-entreprendre.org\/nord\/accompagner\/\">i<\/a><\/strong><\/p>\n\n\n\n<p class=\"has-text-align-center\" style=\"font-size:15px\"><strong>Envie de rejoindre la communaut\u00e9 de R\u00e9seau Entreprendre\u00ae Nord ? <a href=\"https:\/\/www.reseau-entreprendre.org\/nord\/accompagner\/\">Cliquez-ici<\/a><\/strong><\/p>\n\n\n\n<p class=\"has-text-color\" style=\"color:#fdfdfd\">cr\u00e9ation entreprise Lille reprise entreprise Lille start up Lill<\/p>\n","protected":false},"excerpt":{"rendered":"<p>La valeur d\u00e9cisive de la coop\u00e9ration<\/p>\n","protected":false},"author":119,"featured_media":11946,"comment_status":"closed","ping_status":"open","sticky":false,"template":"","format":"standard","meta":{"_acf_changed":false,"_monsterinsights_skip_tracking":false,"_monsterinsights_sitenote_active":false,"_monsterinsights_sitenote_note":"","_monsterinsights_sitenote_category":0,"footnotes":""},"categories":[4,23,6],"tags":[],"class_list":["post-11944","post","type-post","status-publish","format-standard","has-post-thumbnail","hentry","category-actualites","category-temoignages","category-temoignages-membres","news","testimonials"],"acf":[],"yoast_head":"<!-- This site is optimized with the Yoast SEO plugin v27.4 - https:\/\/yoast.com\/product\/yoast-seo-wordpress\/ -->\n<title>[La valeur d\u00e9cisive de la coop\u00e9ration] - R\u00e9seau Entreprendre Nord<\/title>\n<meta name=\"description\" content=\"D\u00e9couvrez l\u2019\u00e9dito d\u2019Ange Pozzo di Borgo, administrateur, sur la conviction coop\u00e9ration au c\u0153ur de notre vision 2030.\" \/>\n<meta name=\"robots\" content=\"index, follow, max-snippet:-1, max-image-preview:large, max-video-preview:-1\" \/>\n<link rel=\"canonical\" href=\"https:\/\/www.reseau-entreprendre.org\/nord\/2026\/02\/04\/entrepreneuriat-cooperation-ange-pozzo-di-borgo\/\" \/>\n<meta property=\"og:locale\" content=\"fr_FR\" \/>\n<meta property=\"og:type\" content=\"article\" \/>\n<meta property=\"og:title\" content=\"L\u2019\u00e9dito d\u2019Ange Pozzo di Borgo sur la puissance de la coop\u00e9ration\" \/>\n<meta property=\"og:description\" content=\"D\u00e9couvrez l\u2019\u00e9dito d\u2019Ange Pozzo di Borgo, administrateur, sur la conviction coop\u00e9ration au c\u0153ur de notre vision 2030.\" \/>\n<meta property=\"og:url\" content=\"https:\/\/www.reseau-entreprendre.org\/nord\/2026\/02\/04\/entrepreneuriat-cooperation-ange-pozzo-di-borgo\/\" \/>\n<meta property=\"og:site_name\" content=\"R\u00e9seau Entreprendre Nord\" \/>\n<meta property=\"article:published_time\" content=\"2026-02-04T16:38:45+00:00\" \/>\n<meta property=\"article:modified_time\" content=\"2026-02-04T16:40:10+00:00\" \/>\n<meta property=\"og:image\" content=\"https:\/\/www.reseau-entreprendre.org\/nord\/wp-content\/uploads\/sites\/40\/2026\/02\/photo-hit-plaineimages-angepozzodiborgo2-1.png\" \/>\n\t<meta property=\"og:image:width\" content=\"535\" \/>\n\t<meta property=\"og:image:height\" content=\"661\" \/>\n\t<meta property=\"og:image:type\" content=\"image\/png\" \/>\n<meta name=\"author\" content=\"gprovost\" \/>\n<meta name=\"twitter:card\" content=\"summary_large_image\" \/>\n<meta name=\"twitter:label1\" content=\"\u00c9crit par\" \/>\n\t<meta name=\"twitter:data1\" content=\"gprovost\" \/>\n\t<meta name=\"twitter:label2\" content=\"Dur\u00e9e de lecture estim\u00e9e\" \/>\n\t<meta name=\"twitter:data2\" content=\"3 minutes\" \/>\n<script type=\"application\/ld+json\" class=\"yoast-schema-graph\">{\"@context\":\"https:\\\/\\\/schema.org\",\"@graph\":[{\"@type\":\"Article\",\"@id\":\"https:\\\/\\\/www.reseau-entreprendre.org\\\/nord\\\/2026\\\/02\\\/04\\\/entrepreneuriat-cooperation-ange-pozzo-di-borgo\\\/#article\",\"isPartOf\":{\"@id\":\"https:\\\/\\\/www.reseau-entreprendre.org\\\/nord\\\/2026\\\/02\\\/04\\\/entrepreneuriat-cooperation-ange-pozzo-di-borgo\\\/\"},\"author\":{\"name\":\"gprovost\",\"@id\":\"https:\\\/\\\/www.reseau-entreprendre.org\\\/nord\\\/#\\\/schema\\\/person\\\/a694ea0e9d3814e681b8dc82b40334db\"},\"headline\":\"[La valeur d\u00e9cisive de la coop\u00e9ration]\",\"datePublished\":\"2026-02-04T16:38:45+00:00\",\"dateModified\":\"2026-02-04T16:40:10+00:00\",\"mainEntityOfPage\":{\"@id\":\"https:\\\/\\\/www.reseau-entreprendre.org\\\/nord\\\/2026\\\/02\\\/04\\\/entrepreneuriat-cooperation-ange-pozzo-di-borgo\\\/\"},\"wordCount\":411,\"publisher\":{\"@id\":\"https:\\\/\\\/www.reseau-entreprendre.org\\\/nord\\\/#organization\"},\"image\":{\"@id\":\"https:\\\/\\\/www.reseau-entreprendre.org\\\/nord\\\/2026\\\/02\\\/04\\\/entrepreneuriat-cooperation-ange-pozzo-di-borgo\\\/#primaryimage\"},\"thumbnailUrl\":\"https:\\\/\\\/www.reseau-entreprendre.org\\\/nord\\\/wp-content\\\/uploads\\\/sites\\\/40\\\/2026\\\/02\\\/photo-hit-plaineimages-angepozzodiborgo2.png\",\"articleSection\":[\"Actualit\u00e9s\",\"T\u00e9moignages\",\"T\u00e9moignages membres\"],\"inLanguage\":\"fr-FR\"},{\"@type\":\"WebPage\",\"@id\":\"https:\\\/\\\/www.reseau-entreprendre.org\\\/nord\\\/2026\\\/02\\\/04\\\/entrepreneuriat-cooperation-ange-pozzo-di-borgo\\\/\",\"url\":\"https:\\\/\\\/www.reseau-entreprendre.org\\\/nord\\\/2026\\\/02\\\/04\\\/entrepreneuriat-cooperation-ange-pozzo-di-borgo\\\/\",\"name\":\"[La valeur d\u00e9cisive de la coop\u00e9ration] - R\u00e9seau Entreprendre Nord\",\"isPartOf\":{\"@id\":\"https:\\\/\\\/www.reseau-entreprendre.org\\\/nord\\\/#website\"},\"primaryImageOfPage\":{\"@id\":\"https:\\\/\\\/www.reseau-entreprendre.org\\\/nord\\\/2026\\\/02\\\/04\\\/entrepreneuriat-cooperation-ange-pozzo-di-borgo\\\/#primaryimage\"},\"image\":{\"@id\":\"https:\\\/\\\/www.reseau-entreprendre.org\\\/nord\\\/2026\\\/02\\\/04\\\/entrepreneuriat-cooperation-ange-pozzo-di-borgo\\\/#primaryimage\"},\"thumbnailUrl\":\"https:\\\/\\\/www.reseau-entreprendre.org\\\/nord\\\/wp-content\\\/uploads\\\/sites\\\/40\\\/2026\\\/02\\\/photo-hit-plaineimages-angepozzodiborgo2.png\",\"datePublished\":\"2026-02-04T16:38:45+00:00\",\"dateModified\":\"2026-02-04T16:40:10+00:00\",\"description\":\"D\u00e9couvrez l\u2019\u00e9dito d\u2019Ange Pozzo di Borgo, administrateur, sur la conviction coop\u00e9ration au c\u0153ur de notre vision 2030.\",\"breadcrumb\":{\"@id\":\"https:\\\/\\\/www.reseau-entreprendre.org\\\/nord\\\/2026\\\/02\\\/04\\\/entrepreneuriat-cooperation-ange-pozzo-di-borgo\\\/#breadcrumb\"},\"inLanguage\":\"fr-FR\",\"potentialAction\":[{\"@type\":\"ReadAction\",\"target\":[\"https:\\\/\\\/www.reseau-entreprendre.org\\\/nord\\\/2026\\\/02\\\/04\\\/entrepreneuriat-cooperation-ange-pozzo-di-borgo\\\/\"]}]},{\"@type\":\"ImageObject\",\"inLanguage\":\"fr-FR\",\"@id\":\"https:\\\/\\\/www.reseau-entreprendre.org\\\/nord\\\/2026\\\/02\\\/04\\\/entrepreneuriat-cooperation-ange-pozzo-di-borgo\\\/#primaryimage\",\"url\":\"https:\\\/\\\/www.reseau-entreprendre.org\\\/nord\\\/wp-content\\\/uploads\\\/sites\\\/40\\\/2026\\\/02\\\/photo-hit-plaineimages-angepozzodiborgo2.png\",\"contentUrl\":\"https:\\\/\\\/www.reseau-entreprendre.org\\\/nord\\\/wp-content\\\/uploads\\\/sites\\\/40\\\/2026\\\/02\\\/photo-hit-plaineimages-angepozzodiborgo2.png\",\"width\":535,\"height\":661},{\"@type\":\"BreadcrumbList\",\"@id\":\"https:\\\/\\\/www.reseau-entreprendre.org\\\/nord\\\/2026\\\/02\\\/04\\\/entrepreneuriat-cooperation-ange-pozzo-di-borgo\\\/#breadcrumb\",\"itemListElement\":[{\"@type\":\"ListItem\",\"position\":1,\"name\":\"Accueil\",\"item\":\"https:\\\/\\\/www.reseau-entreprendre.org\\\/nord\\\/\"},{\"@type\":\"ListItem\",\"position\":2,\"name\":\"[La valeur d\u00e9cisive de la coop\u00e9ration]\"}]},{\"@type\":\"WebSite\",\"@id\":\"https:\\\/\\\/www.reseau-entreprendre.org\\\/nord\\\/#website\",\"url\":\"https:\\\/\\\/www.reseau-entreprendre.org\\\/nord\\\/\",\"name\":\"R\u00e9seau Entreprendre Nord\",\"description\":\"1er R\u00e9seau d&#039;accompagnement \u00e0 la cr\u00e9ation d&#039;entreprises en France !\",\"publisher\":{\"@id\":\"https:\\\/\\\/www.reseau-entreprendre.org\\\/nord\\\/#organization\"},\"potentialAction\":[{\"@type\":\"SearchAction\",\"target\":{\"@type\":\"EntryPoint\",\"urlTemplate\":\"https:\\\/\\\/www.reseau-entreprendre.org\\\/nord\\\/?s={search_term_string}\"},\"query-input\":{\"@type\":\"PropertyValueSpecification\",\"valueRequired\":true,\"valueName\":\"search_term_string\"}}],\"inLanguage\":\"fr-FR\"},{\"@type\":\"Organization\",\"@id\":\"https:\\\/\\\/www.reseau-entreprendre.org\\\/nord\\\/#organization\",\"name\":\"R\u00e9seau Entreprendre Nord\",\"url\":\"https:\\\/\\\/www.reseau-entreprendre.org\\\/nord\\\/\",\"logo\":{\"@type\":\"ImageObject\",\"inLanguage\":\"fr-FR\",\"@id\":\"https:\\\/\\\/www.reseau-entreprendre.org\\\/nord\\\/#\\\/schema\\\/logo\\\/image\\\/\",\"url\":\"https:\\\/\\\/www.reseau-entreprendre.org\\\/nord\\\/wp-content\\\/uploads\\\/sites\\\/40\\\/2022\\\/03\\\/Logo-couleur-horizontal-edited.png\",\"contentUrl\":\"https:\\\/\\\/www.reseau-entreprendre.org\\\/nord\\\/wp-content\\\/uploads\\\/sites\\\/40\\\/2022\\\/03\\\/Logo-couleur-horizontal-edited.png\",\"width\":1592,\"height\":739,\"caption\":\"R\u00e9seau Entreprendre Nord\"},\"image\":{\"@id\":\"https:\\\/\\\/www.reseau-entreprendre.org\\\/nord\\\/#\\\/schema\\\/logo\\\/image\\\/\"}},{\"@type\":\"Person\",\"@id\":\"https:\\\/\\\/www.reseau-entreprendre.org\\\/nord\\\/#\\\/schema\\\/person\\\/a694ea0e9d3814e681b8dc82b40334db\",\"name\":\"gprovost\",\"image\":{\"@type\":\"ImageObject\",\"inLanguage\":\"fr-FR\",\"@id\":\"https:\\\/\\\/secure.gravatar.com\\\/avatar\\\/085ca2da623180f38f949bd3318e328b6dfad9a1087841bbd3f0aeda81469e07?s=96&d=mm&r=g\",\"url\":\"https:\\\/\\\/secure.gravatar.com\\\/avatar\\\/085ca2da623180f38f949bd3318e328b6dfad9a1087841bbd3f0aeda81469e07?s=96&d=mm&r=g\",\"contentUrl\":\"https:\\\/\\\/secure.gravatar.com\\\/avatar\\\/085ca2da623180f38f949bd3318e328b6dfad9a1087841bbd3f0aeda81469e07?s=96&d=mm&r=g\",\"caption\":\"gprovost\"},\"url\":\"https:\\\/\\\/www.reseau-entreprendre.org\\\/nord\\\/author\\\/gprovost\\\/\"}]}<\/script>\n<!-- \/ Yoast SEO plugin. -->","yoast_head_json":{"title":"[La valeur d\u00e9cisive de la coop\u00e9ration] - R\u00e9seau Entreprendre Nord","description":"D\u00e9couvrez l\u2019\u00e9dito d\u2019Ange Pozzo di Borgo, administrateur, sur la conviction coop\u00e9ration au c\u0153ur de notre vision 2030.","robots":{"index":"index","follow":"follow","max-snippet":"max-snippet:-1","max-image-preview":"max-image-preview:large","max-video-preview":"max-video-preview:-1"},"canonical":"https:\/\/www.reseau-entreprendre.org\/nord\/2026\/02\/04\/entrepreneuriat-cooperation-ange-pozzo-di-borgo\/","og_locale":"fr_FR","og_type":"article","og_title":"L\u2019\u00e9dito d\u2019Ange Pozzo di Borgo sur la puissance de la coop\u00e9ration","og_description":"D\u00e9couvrez l\u2019\u00e9dito d\u2019Ange Pozzo di Borgo, administrateur, sur la conviction coop\u00e9ration au c\u0153ur de notre vision 2030.","og_url":"https:\/\/www.reseau-entreprendre.org\/nord\/2026\/02\/04\/entrepreneuriat-cooperation-ange-pozzo-di-borgo\/","og_site_name":"R\u00e9seau Entreprendre Nord","article_published_time":"2026-02-04T16:38:45+00:00","article_modified_time":"2026-02-04T16:40:10+00:00","og_image":[{"width":535,"height":661,"url":"https:\/\/www.reseau-entreprendre.org\/nord\/wp-content\/uploads\/sites\/40\/2026\/02\/photo-hit-plaineimages-angepozzodiborgo2-1.png","type":"image\/png"}],"author":"gprovost","twitter_card":"summary_large_image","twitter_misc":{"\u00c9crit par":"gprovost","Dur\u00e9e de lecture estim\u00e9e":"3 minutes"},"schema":{"@context":"https:\/\/schema.org","@graph":[{"@type":"Article","@id":"https:\/\/www.reseau-entreprendre.org\/nord\/2026\/02\/04\/entrepreneuriat-cooperation-ange-pozzo-di-borgo\/#article","isPartOf":{"@id":"https:\/\/www.reseau-entreprendre.org\/nord\/2026\/02\/04\/entrepreneuriat-cooperation-ange-pozzo-di-borgo\/"},"author":{"name":"gprovost","@id":"https:\/\/www.reseau-entreprendre.org\/nord\/#\/schema\/person\/a694ea0e9d3814e681b8dc82b40334db"},"headline":"[La valeur d\u00e9cisive de la coop\u00e9ration]","datePublished":"2026-02-04T16:38:45+00:00","dateModified":"2026-02-04T16:40:10+00:00","mainEntityOfPage":{"@id":"https:\/\/www.reseau-entreprendre.org\/nord\/2026\/02\/04\/entrepreneuriat-cooperation-ange-pozzo-di-borgo\/"},"wordCount":411,"publisher":{"@id":"https:\/\/www.reseau-entreprendre.org\/nord\/#organization"},"image":{"@id":"https:\/\/www.reseau-entreprendre.org\/nord\/2026\/02\/04\/entrepreneuriat-cooperation-ange-pozzo-di-borgo\/#primaryimage"},"thumbnailUrl":"https:\/\/www.reseau-entreprendre.org\/nord\/wp-content\/uploads\/sites\/40\/2026\/02\/photo-hit-plaineimages-angepozzodiborgo2.png","articleSection":["Actualit\u00e9s","T\u00e9moignages","T\u00e9moignages membres"],"inLanguage":"fr-FR"},{"@type":"WebPage","@id":"https:\/\/www.reseau-entreprendre.org\/nord\/2026\/02\/04\/entrepreneuriat-cooperation-ange-pozzo-di-borgo\/","url":"https:\/\/www.reseau-entreprendre.org\/nord\/2026\/02\/04\/entrepreneuriat-cooperation-ange-pozzo-di-borgo\/","name":"[La valeur d\u00e9cisive de la coop\u00e9ration] - R\u00e9seau Entreprendre Nord","isPartOf":{"@id":"https:\/\/www.reseau-entreprendre.org\/nord\/#website"},"primaryImageOfPage":{"@id":"https:\/\/www.reseau-entreprendre.org\/nord\/2026\/02\/04\/entrepreneuriat-cooperation-ange-pozzo-di-borgo\/#primaryimage"},"image":{"@id":"https:\/\/www.reseau-entreprendre.org\/nord\/2026\/02\/04\/entrepreneuriat-cooperation-ange-pozzo-di-borgo\/#primaryimage"},"thumbnailUrl":"https:\/\/www.reseau-entreprendre.org\/nord\/wp-content\/uploads\/sites\/40\/2026\/02\/photo-hit-plaineimages-angepozzodiborgo2.png","datePublished":"2026-02-04T16:38:45+00:00","dateModified":"2026-02-04T16:40:10+00:00","description":"D\u00e9couvrez l\u2019\u00e9dito d\u2019Ange Pozzo di Borgo, administrateur, sur la conviction coop\u00e9ration au c\u0153ur de notre vision 2030.","breadcrumb":{"@id":"https:\/\/www.reseau-entreprendre.org\/nord\/2026\/02\/04\/entrepreneuriat-cooperation-ange-pozzo-di-borgo\/#breadcrumb"},"inLanguage":"fr-FR","potentialAction":[{"@type":"ReadAction","target":["https:\/\/www.reseau-entreprendre.org\/nord\/2026\/02\/04\/entrepreneuriat-cooperation-ange-pozzo-di-borgo\/"]}]},{"@type":"ImageObject","inLanguage":"fr-FR","@id":"https:\/\/www.reseau-entreprendre.org\/nord\/2026\/02\/04\/entrepreneuriat-cooperation-ange-pozzo-di-borgo\/#primaryimage","url":"https:\/\/www.reseau-entreprendre.org\/nord\/wp-content\/uploads\/sites\/40\/2026\/02\/photo-hit-plaineimages-angepozzodiborgo2.png","contentUrl":"https:\/\/www.reseau-entreprendre.org\/nord\/wp-content\/uploads\/sites\/40\/2026\/02\/photo-hit-plaineimages-angepozzodiborgo2.png","width":535,"height":661},{"@type":"BreadcrumbList","@id":"https:\/\/www.reseau-entreprendre.org\/nord\/2026\/02\/04\/entrepreneuriat-cooperation-ange-pozzo-di-borgo\/#breadcrumb","itemListElement":[{"@type":"ListItem","position":1,"name":"Accueil","item":"https:\/\/www.reseau-entreprendre.org\/nord\/"},{"@type":"ListItem","position":2,"name":"[La valeur d\u00e9cisive de la coop\u00e9ration]"}]},{"@type":"WebSite","@id":"https:\/\/www.reseau-entreprendre.org\/nord\/#website","url":"https:\/\/www.reseau-entreprendre.org\/nord\/","name":"R\u00e9seau Entreprendre Nord","description":"1er R\u00e9seau d&#039;accompagnement \u00e0 la cr\u00e9ation d&#039;entreprises en France !","publisher":{"@id":"https:\/\/www.reseau-entreprendre.org\/nord\/#organization"},"potentialAction":[{"@type":"SearchAction","target":{"@type":"EntryPoint","urlTemplate":"https:\/\/www.reseau-entreprendre.org\/nord\/?s={search_term_string}"},"query-input":{"@type":"PropertyValueSpecification","valueRequired":true,"valueName":"search_term_string"}}],"inLanguage":"fr-FR"},{"@type":"Organization","@id":"https:\/\/www.reseau-entreprendre.org\/nord\/#organization","name":"R\u00e9seau Entreprendre Nord","url":"https:\/\/www.reseau-entreprendre.org\/nord\/","logo":{"@type":"ImageObject","inLanguage":"fr-FR","@id":"https:\/\/www.reseau-entreprendre.org\/nord\/#\/schema\/logo\/image\/","url":"https:\/\/www.reseau-entreprendre.org\/nord\/wp-content\/uploads\/sites\/40\/2022\/03\/Logo-couleur-horizontal-edited.png","contentUrl":"https:\/\/www.reseau-entreprendre.org\/nord\/wp-content\/uploads\/sites\/40\/2022\/03\/Logo-couleur-horizontal-edited.png","width":1592,"height":739,"caption":"R\u00e9seau Entreprendre Nord"},"image":{"@id":"https:\/\/www.reseau-entreprendre.org\/nord\/#\/schema\/logo\/image\/"}},{"@type":"Person","@id":"https:\/\/www.reseau-entreprendre.org\/nord\/#\/schema\/person\/a694ea0e9d3814e681b8dc82b40334db","name":"gprovost","image":{"@type":"ImageObject","inLanguage":"fr-FR","@id":"https:\/\/secure.gravatar.com\/avatar\/085ca2da623180f38f949bd3318e328b6dfad9a1087841bbd3f0aeda81469e07?s=96&d=mm&r=g","url":"https:\/\/secure.gravatar.com\/avatar\/085ca2da623180f38f949bd3318e328b6dfad9a1087841bbd3f0aeda81469e07?s=96&d=mm&r=g","contentUrl":"https:\/\/secure.gravatar.com\/avatar\/085ca2da623180f38f949bd3318e328b6dfad9a1087841bbd3f0aeda81469e07?s=96&d=mm&r=g","caption":"gprovost"},"url":"https:\/\/www.reseau-entreprendre.org\/nord\/author\/gprovost\/"}]}},"_links":{"self":[{"href":"https:\/\/www.reseau-entreprendre.org\/nord\/wp-json\/wp\/v2\/posts\/11944","targetHints":{"allow":["GET"]}}],"collection":[{"href":"https:\/\/www.reseau-entreprendre.org\/nord\/wp-json\/wp\/v2\/posts"}],"about":[{"href":"https:\/\/www.reseau-entreprendre.org\/nord\/wp-json\/wp\/v2\/types\/post"}],"author":[{"embeddable":true,"href":"https:\/\/www.reseau-entreprendre.org\/nord\/wp-json\/wp\/v2\/users\/119"}],"replies":[{"embeddable":true,"href":"https:\/\/www.reseau-entreprendre.org\/nord\/wp-json\/wp\/v2\/comments?post=11944"}],"version-history":[{"count":0,"href":"https:\/\/www.reseau-entreprendre.org\/nord\/wp-json\/wp\/v2\/posts\/11944\/revisions"}],"wp:featuredmedia":[{"embeddable":true,"href":"https:\/\/www.reseau-entreprendre.org\/nord\/wp-json\/wp\/v2\/media\/11946"}],"wp:attachment":[{"href":"https:\/\/www.reseau-entreprendre.org\/nord\/wp-json\/wp\/v2\/media?parent=11944"}],"wp:term":[{"taxonomy":"category","embeddable":true,"href":"https:\/\/www.reseau-entreprendre.org\/nord\/wp-json\/wp\/v2\/categories?post=11944"},{"taxonomy":"post_tag","embeddable":true,"href":"https:\/\/www.reseau-entreprendre.org\/nord\/wp-json\/wp\/v2\/tags?post=11944"}],"curies":[{"name":"wp","href":"https:\/\/api.w.org\/{rel}","templated":true}]}}