{"id":5340,"date":"2020-12-30T14:59:12","date_gmt":"2020-12-30T13:59:12","guid":{"rendered":"https:\/\/www.reseau-entreprendre.org\/nord\/?p=5340"},"modified":"2022-04-13T12:47:11","modified_gmt":"2022-04-13T10:47:11","slug":"the-ring-io","status":"publish","type":"post","link":"https:\/\/www.reseau-entreprendre.org\/nord\/2020\/12\/30\/the-ring-io\/","title":{"rendered":"THE RING.IO"},"content":{"rendered":"<p><img loading=\"lazy\" decoding=\"async\" class=\"wp-image-5341 size-full alignleft\" src=\"https:\/\/www.reseau-entreprendre.org\/nord\/wp-content\/uploads\/sites\/40\/2020\/12\/fondateurs.png\" alt=\"\" width=\"610\" height=\"61\" srcset=\"https:\/\/www.reseau-entreprendre.org\/nord\/wp-content\/uploads\/sites\/40\/2020\/12\/fondateurs.png 610w, https:\/\/www.reseau-entreprendre.org\/nord\/wp-content\/uploads\/sites\/40\/2020\/12\/fondateurs-300x30.png 300w\" sizes=\"auto, (max-width: 610px) 100vw, 610px\" \/><\/p>\n<p>&nbsp;<\/p>\n<p>&nbsp;<\/p>\n<h4 style=\"font-style: inherit;font-weight: inherit;text-align: left\"><span style=\"font-weight: inherit;font-style: inherit;color: #ff971d\"><strong>L\u2019acc\u00e9l\u00e9ration digitale des commerces en p\u00e9riode de covid<\/strong><\/span><\/h4>\n<h5 style=\"font-style: inherit;font-weight: inherit\"><span style=\"color: #268597\"><strong><span style=\"font-style: inherit\">Entretien avec Charles Dumon, Arnaud Przybylski et Maxime Dr\u00e9court, Laur\u00e9ats 2019 et Cofondateurs de The-ring.io<\/span><\/strong><\/span><\/h5>\n<p>&nbsp;<\/p>\n<h6 style=\"font-style: inherit;font-weight: inherit\"><strong><span style=\"font-style: inherit\">Voil\u00e0 un mois que l\u2019ensemble des commerces non essentiels sont ferm\u00e9s. A l\u2019heure o\u00f9 les g\u00e9ants du e-commerce sont encore plus pr\u00e9sents, quelle solution The-ring.io\u00a0\u00a0leur apporte pour continuer leur business autrement\u00a0?<\/span><\/strong><\/h6>\n<p style=\"font-style: inherit;font-weight: inherit;text-align: justify\"><span style=\"font-weight: inherit;font-style: inherit\"><strong>The-ring.io<\/strong> est une solution destin\u00e9e aux commerces de proximit\u00e9, pour qu&#8217;eux aussi puissent vendre en ligne et communiquer avec les moyens de notre \u00e9poque, de mani\u00e8re simple, rapide et peu on\u00e9reuse. Depuis deux ans, nous travaillons en collaboration avec les commer\u00e7ants eux-m\u00eames sur cette solution de visibilit\u00e9 et vente en ligne afin d\u2019en am\u00e9liorer constamment l\u2019exp\u00e9rience utilisateur.<\/span><\/p>\n<ul style=\"font-style: inherit;font-weight: inherit\">\n<li><span style=\"font-weight: inherit;font-style: inherit\">Gr\u00e2ce \u00e0 un abonnement sans commission ni engagement, le commer\u00e7ant peut :<\/span><\/li>\n<li><span style=\"font-style: inherit;font-weight: inherit\">Booster sa visibilit\u00e9 et attirer plus de clients gr\u00e2ce \u00e0 une plateforme communautaire<\/span><\/li>\n<li><span style=\"font-style: inherit;font-weight: inherit\">Vendre en ligne un nombre illimit\u00e9 de produits<\/span><\/li>\n<li><span style=\"font-style: inherit;font-weight: inherit\">Proposer des offres et bons plans \u00e0 ses clients (aussi en illimit\u00e9)<\/span><\/li>\n<li><span style=\"font-style: inherit;font-weight: inherit\">G\u00e9rer sa base clients dans l&#8217;onglet clients<\/span><\/li>\n<li><span style=\"font-style: inherit;font-weight: inherit\">G\u00e9rer le statut des commandes dans l&#8217;onglet commandes<\/span><\/li>\n<li><span style=\"font-style: inherit;font-weight: inherit\">Le tout depuis son t\u00e9l\u00e9phone portable<\/span><\/li>\n<\/ul>\n<p>&nbsp;<\/p>\n<h6 style=\"font-style: inherit;font-weight: inherit\"><span style=\"font-weight: inherit;font-style: inherit\"><strong>Comment accompagnez-vous ces commer\u00e7ants et artisans dans leur d\u00e9marche de digitalisation\u00a0?<\/strong><\/span><\/h6>\n<p style=\"font-style: inherit;font-weight: inherit;text-align: justify\"><span style=\"font-weight: inherit;font-style: inherit\">Le commer\u00e7ant peut cr\u00e9er sa boutique en ligne en quelques clics. Pour cela, il t\u00e9l\u00e9charge l&#8217;application<\/span><span style=\"font-weight: inherit;font-style: inherit\">\u00a0<\/span><span style=\"font-style: inherit;font-weight: inherit\">The-ring.io Pro et cr\u00e9\u00e9 sa boutique en ligne en remplissant ses informations. A partir de l\u00e0, il va pouvoir mettre des photos de son commerce, mettre ses produits en vente Click &amp; Collect, proposer des offres promotionnelles, et bien plus encore.<\/span><\/p>\n<p style=\"font-style: inherit;font-weight: inherit;text-align: justify\"><span style=\"font-weight: inherit;font-style: inherit\">Cela lui permet, en temps de confinement, et m\u00eame hors temps de confinement, d&#8217;avoir une boutique ouverte 24h\/24.<\/span><\/p>\n<p style=\"font-style: inherit;font-weight: inherit;text-align: justify\"><span style=\"font-weight: inherit;font-style: inherit\">Nous les accompagnons dans la digitalisation de leurs commerces gr\u00e2ce \u00e0 plusieurs \u00e9quipes de terrain, dont le m\u00e9tier est d&#8217;\u00eatre l\u00e0 pour accompagner tous les commer\u00e7ants de proximit\u00e9. Par ailleurs nous travaillons constamment sur de nouvelles m\u00e9thodologies d&#8217;accompagnement technologique (FAQ, chat en ligne, notifications&#8230;) afin qu&#8217;ils puissent b\u00e9n\u00e9ficier d&#8217;un maximum d&#8217;autonomie dans la cr\u00e9ation de leur boutique et son am\u00e9lioration.<\/span><\/p>\n<p>&nbsp;<\/p>\n<h6 style=\"font-style: inherit;font-weight: inherit\"><strong><span style=\"font-style: inherit\">Les villes essaient d\u2019accompagner les commer\u00e7ants dans cette transformation digitale, avez-vous d\u00e9velopp\u00e9 des partenariats avec certaines d\u2019entre elles ?<\/span><\/strong><\/h6>\n<p style=\"font-style: inherit;font-weight: inherit;text-align: justify\"><span style=\"font-weight: inherit;font-style: inherit\">Oui, nous travaillons en collaboration avec plusieurs villes pour mettre \u00e0 disposition notre solution \u00e0 tous leurs commer\u00e7ants. Nous travaillons par exemple avec Comines, Saint-Andr\u00e9-lez-Lille et Compi\u00e8gne (entre autres). L&#8217;avantage de cette solution pour les collectivit\u00e9s, c&#8217;est qu&#8217;elle ne demande aucun frais de mise en service. De plus, c&#8217;est une solution qui a des avantages :<\/span><\/p>\n<p style=\"font-style: inherit;font-weight: inherit;text-align: justify\"><span style=\"font-weight: inherit;font-style: inherit\">Pour leurs\u00a0citoyens\u00a0: chacun peut t\u00e9l\u00e9charger gratuitement l\u2019application sur laquelle il d\u00e9couvrira l\u2019int\u00e9gralit\u00e9 des entreprises locales de sa ville, et deviendra ainsi acteur du dynamisme de son centre-ville et de la vie de quartier.<\/span><br \/>\n<span style=\"font-weight: inherit;font-style: inherit\">Pour leurs\u00a0commer\u00e7ants\u00a0: c&#8217;est une technologie simple et intuitive, pour les aider au quotidien \u00e0 attirer plus de clients dans leur boutique !<\/span><br \/>\n<span style=\"font-weight: inherit;font-style: inherit\">Dans ce partenariat, nous proposons aussi une couverture m\u00e9diatique gr\u00e2ce \u00e0 nos blogs, nos interviews et nos magazines, pour porter et soutenir la parole des commer\u00e7ants et relayer toute l\u2019actualit\u00e9 locale !<\/span><\/p>\n<p>&nbsp;<\/p>\n<h6 style=\"font-style: inherit;font-weight: inherit\"><span style=\"font-weight: inherit;font-style: inherit\"><strong>Est-ce que cette p\u00e9riode de confinement est aussi un acc\u00e9l\u00e9rateur de business\u00a0pour The-ring.io\u00a0?<\/strong><\/span><\/h6>\n<p style=\"font-style: inherit;font-weight: inherit;text-align: justify\"><span style=\"font-weight: inherit;font-style: inherit\">Il faut tout de m\u00eame pr\u00e9ciser que The-ring.io n&#8217;est pas une application ou une plateforme covid19. Cela fait deux ans que nous d\u00e9veloppons cette solution, et nous ne l&#8217;avons pas cr\u00e9\u00e9 dans le cadre de l&#8217;\u00e9pid\u00e9mie. Par ailleurs, la solution n&#8217;\u00e9tait pas aboutie pendant le premier confinement, donc nous n&#8217;avions pas communiqu\u00e9 dessus \u00e0 ce moment. Notre activit\u00e9 ne d\u00e9pend pas du confinement et nous avons un objectif de digitalisation des commerces sur le long terme.<\/span><\/p>\n<p style=\"font-style: inherit;font-weight: inherit;text-align: justify\"><span style=\"font-weight: inherit;font-style: inherit\">Mais il est ind\u00e9niable que cette p\u00e9riode de confinement est un acc\u00e9l\u00e9rateur pour l&#8217;entreprise, car le confinement et la fermeture de certains commerces ont fait prendre conscience qu&#8217;il est aujourd&#8217;hui indispensable de digitaliser les entreprises. Aujourd&#8217;hui, nous approchons les\u00a0 <\/span><span style=\"font-weight: inherit;font-style: inherit\">100 000 produits en vente sur l&#8217;application.<\/span><\/p>\n<p>&nbsp;<\/p>\n<p><a href=\"https:\/\/the-ring.io\/\"><img loading=\"lazy\" decoding=\"async\" class=\"aligncenter wp-image-5345 size-medium\" src=\"https:\/\/www.reseau-entreprendre.org\/nord\/wp-content\/uploads\/sites\/40\/2020\/12\/Logo-The-ring-300x102.jpg\" alt=\"\" width=\"300\" height=\"102\" srcset=\"https:\/\/www.reseau-entreprendre.org\/nord\/wp-content\/uploads\/sites\/40\/2020\/12\/Logo-The-ring-300x102.jpg 300w, https:\/\/www.reseau-entreprendre.org\/nord\/wp-content\/uploads\/sites\/40\/2020\/12\/Logo-The-ring.jpg 431w\" sizes=\"auto, (max-width: 300px) 100vw, 300px\" \/><\/a><\/p>\n<div class=\"excerpt-content\">\n<div class=\"listing-details\">\n<div class=\"wpbdp-field-display wpbdp-field wpbdp-field-value field-display field-value wpbdp-field-breve_description_de_lentreprise wpbdp-field-excerpt wpbdp-field-type-textarea wpbdp-field-association-excerpt \" style=\"text-align: center\"><span class=\"value\">Plateforme de digitalisation des commer\u00e7ants et application de local shopping<\/span><\/div>\n<div style=\"text-align: center\">https:\/\/the-ring.io\/<\/div>\n<\/div>\n<\/div>\n","protected":false},"excerpt":{"rendered":"<p>&nbsp; &nbsp; L\u2019acc\u00e9l\u00e9ration digitale des commerces en p\u00e9riode de covid<\/p>\n","protected":false},"author":119,"featured_media":0,"comment_status":"closed","ping_status":"open","sticky":false,"template":"","format":"standard","meta":{"_acf_changed":false,"_monsterinsights_skip_tracking":false,"_monsterinsights_sitenote_active":false,"_monsterinsights_sitenote_note":"","_monsterinsights_sitenote_category":0,"footnotes":""},"categories":[4],"tags":[],"class_list":["post-5340","post","type-post","status-publish","format-standard","hentry","category-actualites","news"],"acf":[],"yoast_head":"<!-- This site is optimized with the Yoast SEO plugin v27.4 - https:\/\/yoast.com\/product\/yoast-seo-wordpress\/ -->\n<title>THE RING.IO - R\u00e9seau Entreprendre Nord<\/title>\n<meta name=\"robots\" content=\"index, follow, max-snippet:-1, max-image-preview:large, max-video-preview:-1\" \/>\n<link rel=\"canonical\" href=\"https:\/\/www.reseau-entreprendre.org\/nord\/2020\/12\/30\/the-ring-io\/\" \/>\n<meta property=\"og:locale\" content=\"fr_FR\" \/>\n<meta property=\"og:type\" content=\"article\" \/>\n<meta property=\"og:title\" content=\"THE RING.IO - R\u00e9seau Entreprendre Nord\" \/>\n<meta property=\"og:description\" content=\"&nbsp; &nbsp; L\u2019acc\u00e9l\u00e9ration digitale des commerces en p\u00e9riode de covid\" \/>\n<meta property=\"og:url\" content=\"https:\/\/www.reseau-entreprendre.org\/nord\/2020\/12\/30\/the-ring-io\/\" \/>\n<meta property=\"og:site_name\" content=\"R\u00e9seau Entreprendre Nord\" \/>\n<meta property=\"article:published_time\" content=\"2020-12-30T13:59:12+00:00\" \/>\n<meta property=\"article:modified_time\" content=\"2022-04-13T10:47:11+00:00\" \/>\n<meta property=\"og:image\" content=\"https:\/\/www.reseau-entreprendre.org\/nord\/wp-content\/uploads\/sites\/40\/2020\/12\/fondateurs.png\" \/>\n<meta name=\"author\" content=\"gprovost\" \/>\n<meta name=\"twitter:card\" content=\"summary_large_image\" \/>\n<meta name=\"twitter:label1\" content=\"\u00c9crit par\" \/>\n\t<meta name=\"twitter:data1\" content=\"gprovost\" \/>\n\t<meta name=\"twitter:label2\" content=\"Dur\u00e9e de lecture estim\u00e9e\" \/>\n\t<meta name=\"twitter:data2\" content=\"4 minutes\" \/>\n<script type=\"application\/ld+json\" class=\"yoast-schema-graph\">{\"@context\":\"https:\\\/\\\/schema.org\",\"@graph\":[{\"@type\":\"Article\",\"@id\":\"https:\\\/\\\/www.reseau-entreprendre.org\\\/nord\\\/2020\\\/12\\\/30\\\/the-ring-io\\\/#article\",\"isPartOf\":{\"@id\":\"https:\\\/\\\/www.reseau-entreprendre.org\\\/nord\\\/2020\\\/12\\\/30\\\/the-ring-io\\\/\"},\"author\":{\"name\":\"gprovost\",\"@id\":\"https:\\\/\\\/www.reseau-entreprendre.org\\\/nord\\\/#\\\/schema\\\/person\\\/a694ea0e9d3814e681b8dc82b40334db\"},\"headline\":\"THE RING.IO\",\"datePublished\":\"2020-12-30T13:59:12+00:00\",\"dateModified\":\"2022-04-13T10:47:11+00:00\",\"mainEntityOfPage\":{\"@id\":\"https:\\\/\\\/www.reseau-entreprendre.org\\\/nord\\\/2020\\\/12\\\/30\\\/the-ring-io\\\/\"},\"wordCount\":735,\"publisher\":{\"@id\":\"https:\\\/\\\/www.reseau-entreprendre.org\\\/nord\\\/#organization\"},\"image\":{\"@id\":\"https:\\\/\\\/www.reseau-entreprendre.org\\\/nord\\\/2020\\\/12\\\/30\\\/the-ring-io\\\/#primaryimage\"},\"thumbnailUrl\":\"https:\\\/\\\/www.reseau-entreprendre.org\\\/nord\\\/wp-content\\\/uploads\\\/sites\\\/40\\\/2020\\\/12\\\/fondateurs.png\",\"articleSection\":[\"Actualit\u00e9s\"],\"inLanguage\":\"fr-FR\"},{\"@type\":\"WebPage\",\"@id\":\"https:\\\/\\\/www.reseau-entreprendre.org\\\/nord\\\/2020\\\/12\\\/30\\\/the-ring-io\\\/\",\"url\":\"https:\\\/\\\/www.reseau-entreprendre.org\\\/nord\\\/2020\\\/12\\\/30\\\/the-ring-io\\\/\",\"name\":\"THE RING.IO - R\u00e9seau Entreprendre Nord\",\"isPartOf\":{\"@id\":\"https:\\\/\\\/www.reseau-entreprendre.org\\\/nord\\\/#website\"},\"primaryImageOfPage\":{\"@id\":\"https:\\\/\\\/www.reseau-entreprendre.org\\\/nord\\\/2020\\\/12\\\/30\\\/the-ring-io\\\/#primaryimage\"},\"image\":{\"@id\":\"https:\\\/\\\/www.reseau-entreprendre.org\\\/nord\\\/2020\\\/12\\\/30\\\/the-ring-io\\\/#primaryimage\"},\"thumbnailUrl\":\"https:\\\/\\\/www.reseau-entreprendre.org\\\/nord\\\/wp-content\\\/uploads\\\/sites\\\/40\\\/2020\\\/12\\\/fondateurs.png\",\"datePublished\":\"2020-12-30T13:59:12+00:00\",\"dateModified\":\"2022-04-13T10:47:11+00:00\",\"breadcrumb\":{\"@id\":\"https:\\\/\\\/www.reseau-entreprendre.org\\\/nord\\\/2020\\\/12\\\/30\\\/the-ring-io\\\/#breadcrumb\"},\"inLanguage\":\"fr-FR\",\"potentialAction\":[{\"@type\":\"ReadAction\",\"target\":[\"https:\\\/\\\/www.reseau-entreprendre.org\\\/nord\\\/2020\\\/12\\\/30\\\/the-ring-io\\\/\"]}]},{\"@type\":\"ImageObject\",\"inLanguage\":\"fr-FR\",\"@id\":\"https:\\\/\\\/www.reseau-entreprendre.org\\\/nord\\\/2020\\\/12\\\/30\\\/the-ring-io\\\/#primaryimage\",\"url\":\"https:\\\/\\\/www.reseau-entreprendre.org\\\/nord\\\/wp-content\\\/uploads\\\/sites\\\/40\\\/2020\\\/12\\\/fondateurs.png\",\"contentUrl\":\"https:\\\/\\\/www.reseau-entreprendre.org\\\/nord\\\/wp-content\\\/uploads\\\/sites\\\/40\\\/2020\\\/12\\\/fondateurs.png\",\"width\":610,\"height\":61},{\"@type\":\"BreadcrumbList\",\"@id\":\"https:\\\/\\\/www.reseau-entreprendre.org\\\/nord\\\/2020\\\/12\\\/30\\\/the-ring-io\\\/#breadcrumb\",\"itemListElement\":[{\"@type\":\"ListItem\",\"position\":1,\"name\":\"Accueil\",\"item\":\"https:\\\/\\\/www.reseau-entreprendre.org\\\/nord\\\/\"},{\"@type\":\"ListItem\",\"position\":2,\"name\":\"THE RING.IO\"}]},{\"@type\":\"WebSite\",\"@id\":\"https:\\\/\\\/www.reseau-entreprendre.org\\\/nord\\\/#website\",\"url\":\"https:\\\/\\\/www.reseau-entreprendre.org\\\/nord\\\/\",\"name\":\"R\u00e9seau Entreprendre Nord\",\"description\":\"1er R\u00e9seau d&#039;accompagnement \u00e0 la cr\u00e9ation d&#039;entreprises en France !\",\"publisher\":{\"@id\":\"https:\\\/\\\/www.reseau-entreprendre.org\\\/nord\\\/#organization\"},\"potentialAction\":[{\"@type\":\"SearchAction\",\"target\":{\"@type\":\"EntryPoint\",\"urlTemplate\":\"https:\\\/\\\/www.reseau-entreprendre.org\\\/nord\\\/?s={search_term_string}\"},\"query-input\":{\"@type\":\"PropertyValueSpecification\",\"valueRequired\":true,\"valueName\":\"search_term_string\"}}],\"inLanguage\":\"fr-FR\"},{\"@type\":\"Organization\",\"@id\":\"https:\\\/\\\/www.reseau-entreprendre.org\\\/nord\\\/#organization\",\"name\":\"R\u00e9seau Entreprendre Nord\",\"url\":\"https:\\\/\\\/www.reseau-entreprendre.org\\\/nord\\\/\",\"logo\":{\"@type\":\"ImageObject\",\"inLanguage\":\"fr-FR\",\"@id\":\"https:\\\/\\\/www.reseau-entreprendre.org\\\/nord\\\/#\\\/schema\\\/logo\\\/image\\\/\",\"url\":\"https:\\\/\\\/www.reseau-entreprendre.org\\\/nord\\\/wp-content\\\/uploads\\\/sites\\\/40\\\/2022\\\/03\\\/Logo-couleur-horizontal-edited.png\",\"contentUrl\":\"https:\\\/\\\/www.reseau-entreprendre.org\\\/nord\\\/wp-content\\\/uploads\\\/sites\\\/40\\\/2022\\\/03\\\/Logo-couleur-horizontal-edited.png\",\"width\":1592,\"height\":739,\"caption\":\"R\u00e9seau Entreprendre Nord\"},\"image\":{\"@id\":\"https:\\\/\\\/www.reseau-entreprendre.org\\\/nord\\\/#\\\/schema\\\/logo\\\/image\\\/\"}},{\"@type\":\"Person\",\"@id\":\"https:\\\/\\\/www.reseau-entreprendre.org\\\/nord\\\/#\\\/schema\\\/person\\\/a694ea0e9d3814e681b8dc82b40334db\",\"name\":\"gprovost\",\"image\":{\"@type\":\"ImageObject\",\"inLanguage\":\"fr-FR\",\"@id\":\"https:\\\/\\\/secure.gravatar.com\\\/avatar\\\/085ca2da623180f38f949bd3318e328b6dfad9a1087841bbd3f0aeda81469e07?s=96&d=mm&r=g\",\"url\":\"https:\\\/\\\/secure.gravatar.com\\\/avatar\\\/085ca2da623180f38f949bd3318e328b6dfad9a1087841bbd3f0aeda81469e07?s=96&d=mm&r=g\",\"contentUrl\":\"https:\\\/\\\/secure.gravatar.com\\\/avatar\\\/085ca2da623180f38f949bd3318e328b6dfad9a1087841bbd3f0aeda81469e07?s=96&d=mm&r=g\",\"caption\":\"gprovost\"},\"url\":\"https:\\\/\\\/www.reseau-entreprendre.org\\\/nord\\\/author\\\/gprovost\\\/\"}]}<\/script>\n<!-- \/ Yoast SEO plugin. -->","yoast_head_json":{"title":"THE RING.IO - R\u00e9seau Entreprendre Nord","robots":{"index":"index","follow":"follow","max-snippet":"max-snippet:-1","max-image-preview":"max-image-preview:large","max-video-preview":"max-video-preview:-1"},"canonical":"https:\/\/www.reseau-entreprendre.org\/nord\/2020\/12\/30\/the-ring-io\/","og_locale":"fr_FR","og_type":"article","og_title":"THE RING.IO - R\u00e9seau Entreprendre Nord","og_description":"&nbsp; &nbsp; L\u2019acc\u00e9l\u00e9ration digitale des commerces en p\u00e9riode de covid","og_url":"https:\/\/www.reseau-entreprendre.org\/nord\/2020\/12\/30\/the-ring-io\/","og_site_name":"R\u00e9seau Entreprendre Nord","article_published_time":"2020-12-30T13:59:12+00:00","article_modified_time":"2022-04-13T10:47:11+00:00","og_image":[{"url":"https:\/\/www.reseau-entreprendre.org\/nord\/wp-content\/uploads\/sites\/40\/2020\/12\/fondateurs.png","type":"","width":"","height":""}],"author":"gprovost","twitter_card":"summary_large_image","twitter_misc":{"\u00c9crit par":"gprovost","Dur\u00e9e de lecture estim\u00e9e":"4 minutes"},"schema":{"@context":"https:\/\/schema.org","@graph":[{"@type":"Article","@id":"https:\/\/www.reseau-entreprendre.org\/nord\/2020\/12\/30\/the-ring-io\/#article","isPartOf":{"@id":"https:\/\/www.reseau-entreprendre.org\/nord\/2020\/12\/30\/the-ring-io\/"},"author":{"name":"gprovost","@id":"https:\/\/www.reseau-entreprendre.org\/nord\/#\/schema\/person\/a694ea0e9d3814e681b8dc82b40334db"},"headline":"THE RING.IO","datePublished":"2020-12-30T13:59:12+00:00","dateModified":"2022-04-13T10:47:11+00:00","mainEntityOfPage":{"@id":"https:\/\/www.reseau-entreprendre.org\/nord\/2020\/12\/30\/the-ring-io\/"},"wordCount":735,"publisher":{"@id":"https:\/\/www.reseau-entreprendre.org\/nord\/#organization"},"image":{"@id":"https:\/\/www.reseau-entreprendre.org\/nord\/2020\/12\/30\/the-ring-io\/#primaryimage"},"thumbnailUrl":"https:\/\/www.reseau-entreprendre.org\/nord\/wp-content\/uploads\/sites\/40\/2020\/12\/fondateurs.png","articleSection":["Actualit\u00e9s"],"inLanguage":"fr-FR"},{"@type":"WebPage","@id":"https:\/\/www.reseau-entreprendre.org\/nord\/2020\/12\/30\/the-ring-io\/","url":"https:\/\/www.reseau-entreprendre.org\/nord\/2020\/12\/30\/the-ring-io\/","name":"THE RING.IO - R\u00e9seau Entreprendre Nord","isPartOf":{"@id":"https:\/\/www.reseau-entreprendre.org\/nord\/#website"},"primaryImageOfPage":{"@id":"https:\/\/www.reseau-entreprendre.org\/nord\/2020\/12\/30\/the-ring-io\/#primaryimage"},"image":{"@id":"https:\/\/www.reseau-entreprendre.org\/nord\/2020\/12\/30\/the-ring-io\/#primaryimage"},"thumbnailUrl":"https:\/\/www.reseau-entreprendre.org\/nord\/wp-content\/uploads\/sites\/40\/2020\/12\/fondateurs.png","datePublished":"2020-12-30T13:59:12+00:00","dateModified":"2022-04-13T10:47:11+00:00","breadcrumb":{"@id":"https:\/\/www.reseau-entreprendre.org\/nord\/2020\/12\/30\/the-ring-io\/#breadcrumb"},"inLanguage":"fr-FR","potentialAction":[{"@type":"ReadAction","target":["https:\/\/www.reseau-entreprendre.org\/nord\/2020\/12\/30\/the-ring-io\/"]}]},{"@type":"ImageObject","inLanguage":"fr-FR","@id":"https:\/\/www.reseau-entreprendre.org\/nord\/2020\/12\/30\/the-ring-io\/#primaryimage","url":"https:\/\/www.reseau-entreprendre.org\/nord\/wp-content\/uploads\/sites\/40\/2020\/12\/fondateurs.png","contentUrl":"https:\/\/www.reseau-entreprendre.org\/nord\/wp-content\/uploads\/sites\/40\/2020\/12\/fondateurs.png","width":610,"height":61},{"@type":"BreadcrumbList","@id":"https:\/\/www.reseau-entreprendre.org\/nord\/2020\/12\/30\/the-ring-io\/#breadcrumb","itemListElement":[{"@type":"ListItem","position":1,"name":"Accueil","item":"https:\/\/www.reseau-entreprendre.org\/nord\/"},{"@type":"ListItem","position":2,"name":"THE RING.IO"}]},{"@type":"WebSite","@id":"https:\/\/www.reseau-entreprendre.org\/nord\/#website","url":"https:\/\/www.reseau-entreprendre.org\/nord\/","name":"R\u00e9seau Entreprendre Nord","description":"1er R\u00e9seau d&#039;accompagnement \u00e0 la cr\u00e9ation d&#039;entreprises en France !","publisher":{"@id":"https:\/\/www.reseau-entreprendre.org\/nord\/#organization"},"potentialAction":[{"@type":"SearchAction","target":{"@type":"EntryPoint","urlTemplate":"https:\/\/www.reseau-entreprendre.org\/nord\/?s={search_term_string}"},"query-input":{"@type":"PropertyValueSpecification","valueRequired":true,"valueName":"search_term_string"}}],"inLanguage":"fr-FR"},{"@type":"Organization","@id":"https:\/\/www.reseau-entreprendre.org\/nord\/#organization","name":"R\u00e9seau Entreprendre Nord","url":"https:\/\/www.reseau-entreprendre.org\/nord\/","logo":{"@type":"ImageObject","inLanguage":"fr-FR","@id":"https:\/\/www.reseau-entreprendre.org\/nord\/#\/schema\/logo\/image\/","url":"https:\/\/www.reseau-entreprendre.org\/nord\/wp-content\/uploads\/sites\/40\/2022\/03\/Logo-couleur-horizontal-edited.png","contentUrl":"https:\/\/www.reseau-entreprendre.org\/nord\/wp-content\/uploads\/sites\/40\/2022\/03\/Logo-couleur-horizontal-edited.png","width":1592,"height":739,"caption":"R\u00e9seau Entreprendre Nord"},"image":{"@id":"https:\/\/www.reseau-entreprendre.org\/nord\/#\/schema\/logo\/image\/"}},{"@type":"Person","@id":"https:\/\/www.reseau-entreprendre.org\/nord\/#\/schema\/person\/a694ea0e9d3814e681b8dc82b40334db","name":"gprovost","image":{"@type":"ImageObject","inLanguage":"fr-FR","@id":"https:\/\/secure.gravatar.com\/avatar\/085ca2da623180f38f949bd3318e328b6dfad9a1087841bbd3f0aeda81469e07?s=96&d=mm&r=g","url":"https:\/\/secure.gravatar.com\/avatar\/085ca2da623180f38f949bd3318e328b6dfad9a1087841bbd3f0aeda81469e07?s=96&d=mm&r=g","contentUrl":"https:\/\/secure.gravatar.com\/avatar\/085ca2da623180f38f949bd3318e328b6dfad9a1087841bbd3f0aeda81469e07?s=96&d=mm&r=g","caption":"gprovost"},"url":"https:\/\/www.reseau-entreprendre.org\/nord\/author\/gprovost\/"}]}},"_links":{"self":[{"href":"https:\/\/www.reseau-entreprendre.org\/nord\/wp-json\/wp\/v2\/posts\/5340","targetHints":{"allow":["GET"]}}],"collection":[{"href":"https:\/\/www.reseau-entreprendre.org\/nord\/wp-json\/wp\/v2\/posts"}],"about":[{"href":"https:\/\/www.reseau-entreprendre.org\/nord\/wp-json\/wp\/v2\/types\/post"}],"author":[{"embeddable":true,"href":"https:\/\/www.reseau-entreprendre.org\/nord\/wp-json\/wp\/v2\/users\/119"}],"replies":[{"embeddable":true,"href":"https:\/\/www.reseau-entreprendre.org\/nord\/wp-json\/wp\/v2\/comments?post=5340"}],"version-history":[{"count":0,"href":"https:\/\/www.reseau-entreprendre.org\/nord\/wp-json\/wp\/v2\/posts\/5340\/revisions"}],"wp:attachment":[{"href":"https:\/\/www.reseau-entreprendre.org\/nord\/wp-json\/wp\/v2\/media?parent=5340"}],"wp:term":[{"taxonomy":"category","embeddable":true,"href":"https:\/\/www.reseau-entreprendre.org\/nord\/wp-json\/wp\/v2\/categories?post=5340"},{"taxonomy":"post_tag","embeddable":true,"href":"https:\/\/www.reseau-entreprendre.org\/nord\/wp-json\/wp\/v2\/tags?post=5340"}],"curies":[{"name":"wp","href":"https:\/\/api.w.org\/{rel}","templated":true}]}}