{"id":2142,"date":"2023-07-19T08:37:08","date_gmt":"2023-07-19T06:37:08","guid":{"rendered":"https:\/\/www.reseau-entreprendre.org\/normandie-ouest\/?p=2142"},"modified":"2023-07-19T08:37:18","modified_gmt":"2023-07-19T06:37:18","slug":"olivier-cote-petit-et-ibrahim-baasousi-nouveaux-laureats","status":"publish","type":"post","link":"https:\/\/www.reseau-entreprendre.org\/normandie-ouest\/2023\/07\/19\/olivier-cote-petit-et-ibrahim-baasousi-nouveaux-laureats\/","title":{"rendered":"Olivier COTE-PETIT et Ibrahim BAASOUSI : nouveaux laur\u00e9ats"},"content":{"rendered":"\n<div class=\"wp-block-media-text alignwide is-stacked-on-mobile has-background\" style=\"background-color:#ececec;grid-template-columns:46% auto\"><figure class=\"wp-block-media-text__media\"><img loading=\"lazy\" decoding=\"async\" width=\"1024\" height=\"1024\" src=\"https:\/\/www.reseau-entreprendre.org\/normandie-ouest\/wp-content\/uploads\/sites\/17\/2023\/07\/olivier-et-ibrahim-1024x1024.jpeg\" alt=\"\" class=\"wp-image-2143 size-full\" srcset=\"https:\/\/www.reseau-entreprendre.org\/normandie-ouest\/wp-content\/uploads\/sites\/17\/2023\/07\/olivier-et-ibrahim-1024x1024.jpeg 1024w, https:\/\/www.reseau-entreprendre.org\/normandie-ouest\/wp-content\/uploads\/sites\/17\/2023\/07\/olivier-et-ibrahim-300x300.jpeg 300w, https:\/\/www.reseau-entreprendre.org\/normandie-ouest\/wp-content\/uploads\/sites\/17\/2023\/07\/olivier-et-ibrahim-150x150.jpeg 150w, https:\/\/www.reseau-entreprendre.org\/normandie-ouest\/wp-content\/uploads\/sites\/17\/2023\/07\/olivier-et-ibrahim-768x768.jpeg 768w, https:\/\/www.reseau-entreprendre.org\/normandie-ouest\/wp-content\/uploads\/sites\/17\/2023\/07\/olivier-et-ibrahim-130x130.jpeg 130w, https:\/\/www.reseau-entreprendre.org\/normandie-ouest\/wp-content\/uploads\/sites\/17\/2023\/07\/olivier-et-ibrahim.jpeg 1280w\" sizes=\"auto, (max-width: 1024px) 100vw, 1024px\" \/><\/figure><div class=\"wp-block-media-text__content\">\n<p><strong>Olivier COTE-PETIT et Ibrahim BAASOUSI<\/strong> sont devenus laur\u00e9ats BOOSTER en 2023, pour la cr\u00e9ation d&#8217;un magasin Maison &amp; Services \u00e0 Caen. <\/p>\n\n\n\n<p>Ils ont d\u00e9j\u00e0 \u00e9t\u00e9 laur\u00e9ats en 2015 et membre actif ! <\/p>\n<\/div><\/div>\n\n\n\n<div style=\"height:57px\" aria-hidden=\"true\" class=\"wp-block-spacer\"><\/div>\n\n\n\n<h4 class=\"wp-block-heading has-re-blue-color has-text-color\" id=\"pourquoi-es-tu-devenu-membre-et-surtout-pourquoi-es-tu-reste\">Pouvez-vous vous pr\u00e9senter ?<\/h4>\n\n\n\n<p>\u00ab Ibrahim et Olivier nous sommes donc les deux laur\u00e9ats pour cette cr\u00e9ation. Nous sommes associ\u00e9s depuis 2015. Nous avons \u00e9t\u00e9 laur\u00e9ats R\u00e9seau Entreprendre Normandie Ouest, cette m\u00eame ann\u00e9e, pour la reprise de King Jouet \u00e0 Bayeux \u00bb.<\/p>\n\n\n\n<div style=\"height:44px\" aria-hidden=\"true\" class=\"wp-block-spacer\"><\/div>\n\n\n\n<h4 class=\"wp-block-heading has-re-blue-color has-text-color\" id=\"pourquoi-es-tu-devenu-membre-et-surtout-pourquoi-es-tu-reste\">Quel est votre projet entrepreneurial ?<\/h4>\n\n\n\n<p>\u00ab L\u2019ouverture d\u2019une enseigne Maison et Services \u00e0 \u00c9vreux dans le centre-ville, qui est sp\u00e9cialis\u00e9e dans le service \u00e0 domicile, pour le nettoyage r\u00e9gulier ou occasionnel de l\u2019int\u00e9rieur ou l\u2019ext\u00e9rieur du domicile. \u00bb<\/p>\n\n\n\n<div style=\"height:44px\" aria-hidden=\"true\" class=\"wp-block-spacer\"><\/div>\n\n\n\n<h4 class=\"wp-block-heading has-re-blue-color has-text-color\" id=\"pourquoi-es-tu-devenu-membre-et-surtout-pourquoi-es-tu-reste\">Vous avez d\u00e9j\u00e0 \u00e9t\u00e9 laur\u00e9ats en 2015, pouvez-vous nous parler de cette exp\u00e9rience ?<\/h4>\n\n\n\n<p>\u00ab Nous avons \u00e9t\u00e9 accompagn\u00e9s par\u00a0<a href=\"https:\/\/www.linkedin.com\/in\/ACoAABuqpTIBoU2NmgPwX0gj71Vyhcd1kBWRF7o\">Didier Legrand<\/a>\u00a0pour notre premi\u00e8re reprise. Ce premier accompagnement nous a permis de prendre du recul sur notre projet, d\u2019avoir de v\u00e9ritables \u00e9changes, partages\u2026 gr\u00e2ce aux points mensuels que nous faisions pour s\u2019arr\u00eater et regarder comment les choses \u00e9voluaient\u2026 \u00bb<\/p>\n\n\n\n<div style=\"height:44px\" aria-hidden=\"true\" class=\"wp-block-spacer\"><\/div>\n\n\n\n<h4 class=\"wp-block-heading has-re-blue-color has-text-color\" id=\"pourquoi-es-tu-devenu-membre-et-surtout-pourquoi-es-tu-reste\">\u00a0Pourquoi avoir voulu candidater une nouvelle fois pour ce nouveau projet ?<\/h4>\n\n\n\n<p>\u00ab Car nous apportons un changement de dimension(s). Notre premier accompagnement a \u00e9t\u00e9 tr\u00e8s positif, il nous a permis de prendre du recul, de discuter avec d\u2019autres chef\u00b7fe\u00b7s d\u2019entreprise avec des probl\u00e9matiques diff\u00e9rentes, mais avec des similitudes tout de m\u00eame ! \u00bb<\/p>\n\n\n\n<div style=\"height:44px\" aria-hidden=\"true\" class=\"wp-block-spacer\"><\/div>\n\n\n<div class=\"wp-block-image\">\n<figure class=\"aligncenter size-full is-resized\"><img decoding=\"async\" src=\"https:\/\/www.reseau-entreprendre.org\/normandie-ouest\/wp-content\/uploads\/sites\/17\/2023\/07\/LOGO-MAISON-ET-SERVICES-VerticalLong-Visualisation.png\" alt=\"\" class=\"wp-image-2144\" width=\"-320\" height=\"-320\" srcset=\"https:\/\/www.reseau-entreprendre.org\/normandie-ouest\/wp-content\/uploads\/sites\/17\/2023\/07\/LOGO-MAISON-ET-SERVICES-VerticalLong-Visualisation.png 768w, https:\/\/www.reseau-entreprendre.org\/normandie-ouest\/wp-content\/uploads\/sites\/17\/2023\/07\/LOGO-MAISON-ET-SERVICES-VerticalLong-Visualisation-300x300.png 300w, https:\/\/www.reseau-entreprendre.org\/normandie-ouest\/wp-content\/uploads\/sites\/17\/2023\/07\/LOGO-MAISON-ET-SERVICES-VerticalLong-Visualisation-150x150.png 150w, https:\/\/www.reseau-entreprendre.org\/normandie-ouest\/wp-content\/uploads\/sites\/17\/2023\/07\/LOGO-MAISON-ET-SERVICES-VerticalLong-Visualisation-130x130.png 130w\" sizes=\"(max-width: 768px) 100vw, 768px\" \/><figcaption class=\"wp-element-caption\"><a href=\"https:\/\/www.maison-et-services.com\/trouver-mon-prestataire\/france\/normandie\/calvados\/maison-services-caen?utm_source=GoogleMyBusiness&amp;utm_medium=organic\">https:\/\/www.maison-et-services.com\/trouver-mon-prestataire\/france\/normandie\/calvados\/maison-services-caen?utm_source=GoogleMyBusiness&amp;utm_medium=organic<\/a><\/figcaption><\/figure>\n<\/div>","protected":false},"excerpt":{"rendered":"<p>Olivier COTE-PETIT et Ibrahim BAASOUSI sont devenus laur\u00e9ats BOOSTER en<\/p>\n","protected":false},"author":115,"featured_media":2143,"comment_status":"closed","ping_status":"closed","sticky":false,"template":"","format":"standard","meta":{"_acf_changed":false,"_monsterinsights_skip_tracking":false,"_monsterinsights_sitenote_active":false,"_monsterinsights_sitenote_note":"","_monsterinsights_sitenote_category":0,"footnotes":""},"categories":[4,5,17],"tags":[],"class_list":["post-2142","post","type-post","status-publish","format-standard","has-post-thumbnail","hentry","category-actualites","category-laureats","category-temoignages","news","testimonials"],"acf":[],"yoast_head":"<!-- This site is optimized with the Yoast SEO plugin v27.4 - https:\/\/yoast.com\/product\/yoast-seo-wordpress\/ -->\n<title>Olivier COTE-PETIT et Ibrahim BAASOUSI : nouveaux laur\u00e9ats - R\u00e9seau Entreprendre Normandie Ouest<\/title>\n<meta name=\"robots\" content=\"index, follow, max-snippet:-1, max-image-preview:large, max-video-preview:-1\" \/>\n<link rel=\"canonical\" href=\"https:\/\/www.reseau-entreprendre.org\/normandie-ouest\/2023\/07\/19\/olivier-cote-petit-et-ibrahim-baasousi-nouveaux-laureats\/\" \/>\n<meta property=\"og:locale\" content=\"fr_FR\" \/>\n<meta property=\"og:type\" content=\"article\" \/>\n<meta property=\"og:title\" content=\"Olivier COTE-PETIT et Ibrahim BAASOUSI : nouveaux laur\u00e9ats - R\u00e9seau Entreprendre Normandie Ouest\" \/>\n<meta property=\"og:description\" content=\"Olivier COTE-PETIT et Ibrahim BAASOUSI sont devenus laur\u00e9ats BOOSTER en\" \/>\n<meta property=\"og:url\" content=\"https:\/\/www.reseau-entreprendre.org\/normandie-ouest\/2023\/07\/19\/olivier-cote-petit-et-ibrahim-baasousi-nouveaux-laureats\/\" \/>\n<meta property=\"og:site_name\" content=\"R\u00e9seau Entreprendre Normandie Ouest\" \/>\n<meta property=\"article:published_time\" content=\"2023-07-19T06:37:08+00:00\" \/>\n<meta property=\"article:modified_time\" content=\"2023-07-19T06:37:18+00:00\" \/>\n<meta property=\"og:image\" content=\"https:\/\/www.reseau-entreprendre.org\/normandie-ouest\/wp-content\/uploads\/sites\/17\/2023\/07\/olivier-et-ibrahim.jpeg\" \/>\n\t<meta property=\"og:image:width\" content=\"1280\" \/>\n\t<meta property=\"og:image:height\" content=\"1280\" \/>\n\t<meta property=\"og:image:type\" content=\"image\/jpeg\" \/>\n<meta name=\"author\" content=\"pjacques\" \/>\n<meta name=\"twitter:card\" content=\"summary_large_image\" \/>\n<meta name=\"twitter:label1\" content=\"\u00c9crit par\" \/>\n\t<meta name=\"twitter:data1\" content=\"pjacques\" \/>\n\t<meta name=\"twitter:label2\" content=\"Dur\u00e9e de lecture estim\u00e9e\" \/>\n\t<meta name=\"twitter:data2\" content=\"2 minutes\" \/>\n<script type=\"application\/ld+json\" class=\"yoast-schema-graph\">{\"@context\":\"https:\\\/\\\/schema.org\",\"@graph\":[{\"@type\":\"Article\",\"@id\":\"https:\\\/\\\/www.reseau-entreprendre.org\\\/normandie-ouest\\\/2023\\\/07\\\/19\\\/olivier-cote-petit-et-ibrahim-baasousi-nouveaux-laureats\\\/#article\",\"isPartOf\":{\"@id\":\"https:\\\/\\\/www.reseau-entreprendre.org\\\/normandie-ouest\\\/2023\\\/07\\\/19\\\/olivier-cote-petit-et-ibrahim-baasousi-nouveaux-laureats\\\/\"},\"author\":{\"name\":\"pjacques\",\"@id\":\"https:\\\/\\\/www.reseau-entreprendre.org\\\/normandie-ouest\\\/#\\\/schema\\\/person\\\/e4eb7773c6953f28e969c6ee7889573c\"},\"headline\":\"Olivier COTE-PETIT et Ibrahim BAASOUSI : nouveaux laur\u00e9ats\",\"datePublished\":\"2023-07-19T06:37:08+00:00\",\"dateModified\":\"2023-07-19T06:37:18+00:00\",\"mainEntityOfPage\":{\"@id\":\"https:\\\/\\\/www.reseau-entreprendre.org\\\/normandie-ouest\\\/2023\\\/07\\\/19\\\/olivier-cote-petit-et-ibrahim-baasousi-nouveaux-laureats\\\/\"},\"wordCount\":270,\"publisher\":{\"@id\":\"https:\\\/\\\/www.reseau-entreprendre.org\\\/normandie-ouest\\\/#organization\"},\"image\":{\"@id\":\"https:\\\/\\\/www.reseau-entreprendre.org\\\/normandie-ouest\\\/2023\\\/07\\\/19\\\/olivier-cote-petit-et-ibrahim-baasousi-nouveaux-laureats\\\/#primaryimage\"},\"thumbnailUrl\":\"https:\\\/\\\/www.reseau-entreprendre.org\\\/normandie-ouest\\\/wp-content\\\/uploads\\\/sites\\\/17\\\/2023\\\/07\\\/olivier-et-ibrahim.jpeg\",\"articleSection\":[\"Actualit\u00e9s\",\"Laur\u00e9ats\",\"T\u00e9moignages\"],\"inLanguage\":\"fr-FR\"},{\"@type\":\"WebPage\",\"@id\":\"https:\\\/\\\/www.reseau-entreprendre.org\\\/normandie-ouest\\\/2023\\\/07\\\/19\\\/olivier-cote-petit-et-ibrahim-baasousi-nouveaux-laureats\\\/\",\"url\":\"https:\\\/\\\/www.reseau-entreprendre.org\\\/normandie-ouest\\\/2023\\\/07\\\/19\\\/olivier-cote-petit-et-ibrahim-baasousi-nouveaux-laureats\\\/\",\"name\":\"Olivier COTE-PETIT et Ibrahim BAASOUSI : nouveaux laur\u00e9ats - R\u00e9seau Entreprendre Normandie Ouest\",\"isPartOf\":{\"@id\":\"https:\\\/\\\/www.reseau-entreprendre.org\\\/normandie-ouest\\\/#website\"},\"primaryImageOfPage\":{\"@id\":\"https:\\\/\\\/www.reseau-entreprendre.org\\\/normandie-ouest\\\/2023\\\/07\\\/19\\\/olivier-cote-petit-et-ibrahim-baasousi-nouveaux-laureats\\\/#primaryimage\"},\"image\":{\"@id\":\"https:\\\/\\\/www.reseau-entreprendre.org\\\/normandie-ouest\\\/2023\\\/07\\\/19\\\/olivier-cote-petit-et-ibrahim-baasousi-nouveaux-laureats\\\/#primaryimage\"},\"thumbnailUrl\":\"https:\\\/\\\/www.reseau-entreprendre.org\\\/normandie-ouest\\\/wp-content\\\/uploads\\\/sites\\\/17\\\/2023\\\/07\\\/olivier-et-ibrahim.jpeg\",\"datePublished\":\"2023-07-19T06:37:08+00:00\",\"dateModified\":\"2023-07-19T06:37:18+00:00\",\"breadcrumb\":{\"@id\":\"https:\\\/\\\/www.reseau-entreprendre.org\\\/normandie-ouest\\\/2023\\\/07\\\/19\\\/olivier-cote-petit-et-ibrahim-baasousi-nouveaux-laureats\\\/#breadcrumb\"},\"inLanguage\":\"fr-FR\",\"potentialAction\":[{\"@type\":\"ReadAction\",\"target\":[\"https:\\\/\\\/www.reseau-entreprendre.org\\\/normandie-ouest\\\/2023\\\/07\\\/19\\\/olivier-cote-petit-et-ibrahim-baasousi-nouveaux-laureats\\\/\"]}]},{\"@type\":\"ImageObject\",\"inLanguage\":\"fr-FR\",\"@id\":\"https:\\\/\\\/www.reseau-entreprendre.org\\\/normandie-ouest\\\/2023\\\/07\\\/19\\\/olivier-cote-petit-et-ibrahim-baasousi-nouveaux-laureats\\\/#primaryimage\",\"url\":\"https:\\\/\\\/www.reseau-entreprendre.org\\\/normandie-ouest\\\/wp-content\\\/uploads\\\/sites\\\/17\\\/2023\\\/07\\\/olivier-et-ibrahim.jpeg\",\"contentUrl\":\"https:\\\/\\\/www.reseau-entreprendre.org\\\/normandie-ouest\\\/wp-content\\\/uploads\\\/sites\\\/17\\\/2023\\\/07\\\/olivier-et-ibrahim.jpeg\",\"width\":1280,\"height\":1280},{\"@type\":\"BreadcrumbList\",\"@id\":\"https:\\\/\\\/www.reseau-entreprendre.org\\\/normandie-ouest\\\/2023\\\/07\\\/19\\\/olivier-cote-petit-et-ibrahim-baasousi-nouveaux-laureats\\\/#breadcrumb\",\"itemListElement\":[{\"@type\":\"ListItem\",\"position\":1,\"name\":\"Accueil\",\"item\":\"https:\\\/\\\/www.reseau-entreprendre.org\\\/normandie-ouest\\\/\"},{\"@type\":\"ListItem\",\"position\":2,\"name\":\"Olivier COTE-PETIT et Ibrahim BAASOUSI : nouveaux laur\u00e9ats\"}]},{\"@type\":\"WebSite\",\"@id\":\"https:\\\/\\\/www.reseau-entreprendre.org\\\/normandie-ouest\\\/#website\",\"url\":\"https:\\\/\\\/www.reseau-entreprendre.org\\\/normandie-ouest\\\/\",\"name\":\"R\u00e9seau Entreprendre Normandie Ouest\",\"description\":\"Un site utilisant Les sites de R\u00e9seau Entreprendre\",\"publisher\":{\"@id\":\"https:\\\/\\\/www.reseau-entreprendre.org\\\/normandie-ouest\\\/#organization\"},\"potentialAction\":[{\"@type\":\"SearchAction\",\"target\":{\"@type\":\"EntryPoint\",\"urlTemplate\":\"https:\\\/\\\/www.reseau-entreprendre.org\\\/normandie-ouest\\\/?s={search_term_string}\"},\"query-input\":{\"@type\":\"PropertyValueSpecification\",\"valueRequired\":true,\"valueName\":\"search_term_string\"}}],\"inLanguage\":\"fr-FR\"},{\"@type\":\"Organization\",\"@id\":\"https:\\\/\\\/www.reseau-entreprendre.org\\\/normandie-ouest\\\/#organization\",\"name\":\"R\u00e9seau Entreprendre Normandie Ouest\",\"url\":\"https:\\\/\\\/www.reseau-entreprendre.org\\\/normandie-ouest\\\/\",\"logo\":{\"@type\":\"ImageObject\",\"inLanguage\":\"fr-FR\",\"@id\":\"https:\\\/\\\/www.reseau-entreprendre.org\\\/normandie-ouest\\\/#\\\/schema\\\/logo\\\/image\\\/\",\"url\":\"https:\\\/\\\/www.reseau-entreprendre.org\\\/normandie-ouest\\\/wp-content\\\/uploads\\\/sites\\\/17\\\/2022\\\/02\\\/1641397155484.jpeg\",\"contentUrl\":\"https:\\\/\\\/www.reseau-entreprendre.org\\\/normandie-ouest\\\/wp-content\\\/uploads\\\/sites\\\/17\\\/2022\\\/02\\\/1641397155484.jpeg\",\"width\":200,\"height\":200,\"caption\":\"R\u00e9seau Entreprendre Normandie Ouest\"},\"image\":{\"@id\":\"https:\\\/\\\/www.reseau-entreprendre.org\\\/normandie-ouest\\\/#\\\/schema\\\/logo\\\/image\\\/\"}},{\"@type\":\"Person\",\"@id\":\"https:\\\/\\\/www.reseau-entreprendre.org\\\/normandie-ouest\\\/#\\\/schema\\\/person\\\/e4eb7773c6953f28e969c6ee7889573c\",\"name\":\"pjacques\",\"image\":{\"@type\":\"ImageObject\",\"inLanguage\":\"fr-FR\",\"@id\":\"https:\\\/\\\/secure.gravatar.com\\\/avatar\\\/90ff54bd384b999fc8c171f6e32657bc17e9afbd612ddf2b9d816e5e03cf0090?s=96&d=mm&r=g\",\"url\":\"https:\\\/\\\/secure.gravatar.com\\\/avatar\\\/90ff54bd384b999fc8c171f6e32657bc17e9afbd612ddf2b9d816e5e03cf0090?s=96&d=mm&r=g\",\"contentUrl\":\"https:\\\/\\\/secure.gravatar.com\\\/avatar\\\/90ff54bd384b999fc8c171f6e32657bc17e9afbd612ddf2b9d816e5e03cf0090?s=96&d=mm&r=g\",\"caption\":\"pjacques\"},\"url\":\"https:\\\/\\\/www.reseau-entreprendre.org\\\/normandie-ouest\\\/author\\\/p-jacques\\\/\"}]}<\/script>\n<!-- \/ Yoast SEO plugin. -->","yoast_head_json":{"title":"Olivier COTE-PETIT et Ibrahim BAASOUSI : nouveaux laur\u00e9ats - R\u00e9seau Entreprendre Normandie Ouest","robots":{"index":"index","follow":"follow","max-snippet":"max-snippet:-1","max-image-preview":"max-image-preview:large","max-video-preview":"max-video-preview:-1"},"canonical":"https:\/\/www.reseau-entreprendre.org\/normandie-ouest\/2023\/07\/19\/olivier-cote-petit-et-ibrahim-baasousi-nouveaux-laureats\/","og_locale":"fr_FR","og_type":"article","og_title":"Olivier COTE-PETIT et Ibrahim BAASOUSI : nouveaux laur\u00e9ats - R\u00e9seau Entreprendre Normandie Ouest","og_description":"Olivier COTE-PETIT et Ibrahim BAASOUSI sont devenus laur\u00e9ats BOOSTER en","og_url":"https:\/\/www.reseau-entreprendre.org\/normandie-ouest\/2023\/07\/19\/olivier-cote-petit-et-ibrahim-baasousi-nouveaux-laureats\/","og_site_name":"R\u00e9seau Entreprendre Normandie Ouest","article_published_time":"2023-07-19T06:37:08+00:00","article_modified_time":"2023-07-19T06:37:18+00:00","og_image":[{"width":1280,"height":1280,"url":"https:\/\/www.reseau-entreprendre.org\/normandie-ouest\/wp-content\/uploads\/sites\/17\/2023\/07\/olivier-et-ibrahim.jpeg","type":"image\/jpeg"}],"author":"pjacques","twitter_card":"summary_large_image","twitter_misc":{"\u00c9crit par":"pjacques","Dur\u00e9e de lecture estim\u00e9e":"2 minutes"},"schema":{"@context":"https:\/\/schema.org","@graph":[{"@type":"Article","@id":"https:\/\/www.reseau-entreprendre.org\/normandie-ouest\/2023\/07\/19\/olivier-cote-petit-et-ibrahim-baasousi-nouveaux-laureats\/#article","isPartOf":{"@id":"https:\/\/www.reseau-entreprendre.org\/normandie-ouest\/2023\/07\/19\/olivier-cote-petit-et-ibrahim-baasousi-nouveaux-laureats\/"},"author":{"name":"pjacques","@id":"https:\/\/www.reseau-entreprendre.org\/normandie-ouest\/#\/schema\/person\/e4eb7773c6953f28e969c6ee7889573c"},"headline":"Olivier COTE-PETIT et Ibrahim BAASOUSI : nouveaux laur\u00e9ats","datePublished":"2023-07-19T06:37:08+00:00","dateModified":"2023-07-19T06:37:18+00:00","mainEntityOfPage":{"@id":"https:\/\/www.reseau-entreprendre.org\/normandie-ouest\/2023\/07\/19\/olivier-cote-petit-et-ibrahim-baasousi-nouveaux-laureats\/"},"wordCount":270,"publisher":{"@id":"https:\/\/www.reseau-entreprendre.org\/normandie-ouest\/#organization"},"image":{"@id":"https:\/\/www.reseau-entreprendre.org\/normandie-ouest\/2023\/07\/19\/olivier-cote-petit-et-ibrahim-baasousi-nouveaux-laureats\/#primaryimage"},"thumbnailUrl":"https:\/\/www.reseau-entreprendre.org\/normandie-ouest\/wp-content\/uploads\/sites\/17\/2023\/07\/olivier-et-ibrahim.jpeg","articleSection":["Actualit\u00e9s","Laur\u00e9ats","T\u00e9moignages"],"inLanguage":"fr-FR"},{"@type":"WebPage","@id":"https:\/\/www.reseau-entreprendre.org\/normandie-ouest\/2023\/07\/19\/olivier-cote-petit-et-ibrahim-baasousi-nouveaux-laureats\/","url":"https:\/\/www.reseau-entreprendre.org\/normandie-ouest\/2023\/07\/19\/olivier-cote-petit-et-ibrahim-baasousi-nouveaux-laureats\/","name":"Olivier COTE-PETIT et Ibrahim BAASOUSI : nouveaux laur\u00e9ats - R\u00e9seau Entreprendre Normandie Ouest","isPartOf":{"@id":"https:\/\/www.reseau-entreprendre.org\/normandie-ouest\/#website"},"primaryImageOfPage":{"@id":"https:\/\/www.reseau-entreprendre.org\/normandie-ouest\/2023\/07\/19\/olivier-cote-petit-et-ibrahim-baasousi-nouveaux-laureats\/#primaryimage"},"image":{"@id":"https:\/\/www.reseau-entreprendre.org\/normandie-ouest\/2023\/07\/19\/olivier-cote-petit-et-ibrahim-baasousi-nouveaux-laureats\/#primaryimage"},"thumbnailUrl":"https:\/\/www.reseau-entreprendre.org\/normandie-ouest\/wp-content\/uploads\/sites\/17\/2023\/07\/olivier-et-ibrahim.jpeg","datePublished":"2023-07-19T06:37:08+00:00","dateModified":"2023-07-19T06:37:18+00:00","breadcrumb":{"@id":"https:\/\/www.reseau-entreprendre.org\/normandie-ouest\/2023\/07\/19\/olivier-cote-petit-et-ibrahim-baasousi-nouveaux-laureats\/#breadcrumb"},"inLanguage":"fr-FR","potentialAction":[{"@type":"ReadAction","target":["https:\/\/www.reseau-entreprendre.org\/normandie-ouest\/2023\/07\/19\/olivier-cote-petit-et-ibrahim-baasousi-nouveaux-laureats\/"]}]},{"@type":"ImageObject","inLanguage":"fr-FR","@id":"https:\/\/www.reseau-entreprendre.org\/normandie-ouest\/2023\/07\/19\/olivier-cote-petit-et-ibrahim-baasousi-nouveaux-laureats\/#primaryimage","url":"https:\/\/www.reseau-entreprendre.org\/normandie-ouest\/wp-content\/uploads\/sites\/17\/2023\/07\/olivier-et-ibrahim.jpeg","contentUrl":"https:\/\/www.reseau-entreprendre.org\/normandie-ouest\/wp-content\/uploads\/sites\/17\/2023\/07\/olivier-et-ibrahim.jpeg","width":1280,"height":1280},{"@type":"BreadcrumbList","@id":"https:\/\/www.reseau-entreprendre.org\/normandie-ouest\/2023\/07\/19\/olivier-cote-petit-et-ibrahim-baasousi-nouveaux-laureats\/#breadcrumb","itemListElement":[{"@type":"ListItem","position":1,"name":"Accueil","item":"https:\/\/www.reseau-entreprendre.org\/normandie-ouest\/"},{"@type":"ListItem","position":2,"name":"Olivier COTE-PETIT et Ibrahim BAASOUSI : nouveaux laur\u00e9ats"}]},{"@type":"WebSite","@id":"https:\/\/www.reseau-entreprendre.org\/normandie-ouest\/#website","url":"https:\/\/www.reseau-entreprendre.org\/normandie-ouest\/","name":"R\u00e9seau Entreprendre Normandie Ouest","description":"Un site utilisant Les sites de R\u00e9seau Entreprendre","publisher":{"@id":"https:\/\/www.reseau-entreprendre.org\/normandie-ouest\/#organization"},"potentialAction":[{"@type":"SearchAction","target":{"@type":"EntryPoint","urlTemplate":"https:\/\/www.reseau-entreprendre.org\/normandie-ouest\/?s={search_term_string}"},"query-input":{"@type":"PropertyValueSpecification","valueRequired":true,"valueName":"search_term_string"}}],"inLanguage":"fr-FR"},{"@type":"Organization","@id":"https:\/\/www.reseau-entreprendre.org\/normandie-ouest\/#organization","name":"R\u00e9seau Entreprendre Normandie Ouest","url":"https:\/\/www.reseau-entreprendre.org\/normandie-ouest\/","logo":{"@type":"ImageObject","inLanguage":"fr-FR","@id":"https:\/\/www.reseau-entreprendre.org\/normandie-ouest\/#\/schema\/logo\/image\/","url":"https:\/\/www.reseau-entreprendre.org\/normandie-ouest\/wp-content\/uploads\/sites\/17\/2022\/02\/1641397155484.jpeg","contentUrl":"https:\/\/www.reseau-entreprendre.org\/normandie-ouest\/wp-content\/uploads\/sites\/17\/2022\/02\/1641397155484.jpeg","width":200,"height":200,"caption":"R\u00e9seau Entreprendre Normandie Ouest"},"image":{"@id":"https:\/\/www.reseau-entreprendre.org\/normandie-ouest\/#\/schema\/logo\/image\/"}},{"@type":"Person","@id":"https:\/\/www.reseau-entreprendre.org\/normandie-ouest\/#\/schema\/person\/e4eb7773c6953f28e969c6ee7889573c","name":"pjacques","image":{"@type":"ImageObject","inLanguage":"fr-FR","@id":"https:\/\/secure.gravatar.com\/avatar\/90ff54bd384b999fc8c171f6e32657bc17e9afbd612ddf2b9d816e5e03cf0090?s=96&d=mm&r=g","url":"https:\/\/secure.gravatar.com\/avatar\/90ff54bd384b999fc8c171f6e32657bc17e9afbd612ddf2b9d816e5e03cf0090?s=96&d=mm&r=g","contentUrl":"https:\/\/secure.gravatar.com\/avatar\/90ff54bd384b999fc8c171f6e32657bc17e9afbd612ddf2b9d816e5e03cf0090?s=96&d=mm&r=g","caption":"pjacques"},"url":"https:\/\/www.reseau-entreprendre.org\/normandie-ouest\/author\/p-jacques\/"}]}},"_links":{"self":[{"href":"https:\/\/www.reseau-entreprendre.org\/normandie-ouest\/wp-json\/wp\/v2\/posts\/2142","targetHints":{"allow":["GET"]}}],"collection":[{"href":"https:\/\/www.reseau-entreprendre.org\/normandie-ouest\/wp-json\/wp\/v2\/posts"}],"about":[{"href":"https:\/\/www.reseau-entreprendre.org\/normandie-ouest\/wp-json\/wp\/v2\/types\/post"}],"author":[{"embeddable":true,"href":"https:\/\/www.reseau-entreprendre.org\/normandie-ouest\/wp-json\/wp\/v2\/users\/115"}],"replies":[{"embeddable":true,"href":"https:\/\/www.reseau-entreprendre.org\/normandie-ouest\/wp-json\/wp\/v2\/comments?post=2142"}],"version-history":[{"count":0,"href":"https:\/\/www.reseau-entreprendre.org\/normandie-ouest\/wp-json\/wp\/v2\/posts\/2142\/revisions"}],"wp:featuredmedia":[{"embeddable":true,"href":"https:\/\/www.reseau-entreprendre.org\/normandie-ouest\/wp-json\/wp\/v2\/media\/2143"}],"wp:attachment":[{"href":"https:\/\/www.reseau-entreprendre.org\/normandie-ouest\/wp-json\/wp\/v2\/media?parent=2142"}],"wp:term":[{"taxonomy":"category","embeddable":true,"href":"https:\/\/www.reseau-entreprendre.org\/normandie-ouest\/wp-json\/wp\/v2\/categories?post=2142"},{"taxonomy":"post_tag","embeddable":true,"href":"https:\/\/www.reseau-entreprendre.org\/normandie-ouest\/wp-json\/wp\/v2\/tags?post=2142"}],"curies":[{"name":"wp","href":"https:\/\/api.w.org\/{rel}","templated":true}]}}