{"id":2541,"date":"2025-04-25T15:00:00","date_gmt":"2025-04-25T13:00:00","guid":{"rendered":"https:\/\/www.reseau-entreprendre.org\/normandie-ouest\/?p=2541"},"modified":"2025-05-07T11:25:12","modified_gmt":"2025-05-07T09:25:12","slug":"retour-sur-lassemblee-generale","status":"publish","type":"post","link":"https:\/\/www.reseau-entreprendre.org\/normandie-ouest\/2025\/04\/25\/retour-sur-lassemblee-generale\/","title":{"rendered":"Retour sur l&#8217;Assembl\u00e9e G\u00e9n\u00e9rale"},"content":{"rendered":"\n<div class=\"wp-block-columns is-layout-flex wp-container-core-columns-is-layout-9d6595d7 wp-block-columns-is-layout-flex\">\n<div class=\"wp-block-column is-layout-flow wp-block-column-is-layout-flow\">\n<p>Retour sur l&#8217;Assembl\u00e9e G\u00e9n\u00e9rale <br>Le 24 avril, les 3 associations normandes R\u00e9seau Entreprendre se sont r\u00e9unies aux Les Franciscaines &#8211; Deauville.<br><br>A l&#8217;occasion, nos membres et laur\u00e9ats ont fait :<br>-Un Speed Meeting<br>-Une Assembl\u00e9e G\u00e9n\u00e9rale<br>-Une pl\u00e9ni\u00e8re<br><br>Pour clore cette journ\u00e9e dense, un cocktail \u00e9tait \u00e9galement organis\u00e9 par le R\u00e9fectoire, la cantine culturelle des Franciscaines qui nous a r\u00e9gal\u00e9s.<br>Nous remercions madame <a href=\"https:\/\/www.linkedin.com\/in\/ACoAAARggfcBCJ4mDguzAtEsNubCG7Ey03crZcM\"><\/a>Sophie Gaugain qui a tenu un discours revigorant sur l&#8217;emploi en Normandie et les nombreuses forces de notre territoire.<br><br>Ensemble, continuons \u00e0 cr\u00e9er des emplois !<\/p>\n<\/div>\n<\/div>\n\n\n\n<figure class=\"wp-block-embed is-type-video is-provider-youtube wp-block-embed-youtube wp-embed-aspect-16-9 wp-has-aspect-ratio\"><div class=\"wp-block-embed__wrapper\">\n<iframe loading=\"lazy\" title=\"Retour sur l&#039;Assembl\u00e9e G\u00e9n\u00e9rale\" width=\"500\" height=\"281\" src=\"https:\/\/www.youtube.com\/embed\/ByuVAlx6FE4?feature=oembed\" frameborder=\"0\" allow=\"accelerometer; autoplay; clipboard-write; encrypted-media; gyroscope; picture-in-picture; web-share\" referrerpolicy=\"strict-origin-when-cross-origin\" allowfullscreen><\/iframe>\n<\/div><\/figure>\n\n\n\n<p><\/p>\n","protected":false},"excerpt":{"rendered":"<p>Retour sur l&#8217;Assembl\u00e9e G\u00e9n\u00e9rale Le 24 avril, les 3 associations<\/p>\n","protected":false},"author":115,"featured_media":2539,"comment_status":"closed","ping_status":"closed","sticky":false,"template":"","format":"standard","meta":{"_acf_changed":false,"_monsterinsights_skip_tracking":false,"_monsterinsights_sitenote_active":false,"_monsterinsights_sitenote_note":"","_monsterinsights_sitenote_category":0,"footnotes":""},"categories":[4],"tags":[],"class_list":["post-2541","post","type-post","status-publish","format-standard","has-post-thumbnail","hentry","category-actualites","news"],"acf":[],"yoast_head":"<!-- This site is optimized with the Yoast SEO plugin v27.4 - https:\/\/yoast.com\/product\/yoast-seo-wordpress\/ -->\n<title>Retour sur l&#039;Assembl\u00e9e G\u00e9n\u00e9rale - R\u00e9seau Entreprendre Normandie Ouest<\/title>\n<meta name=\"robots\" content=\"index, follow, max-snippet:-1, max-image-preview:large, max-video-preview:-1\" \/>\n<link rel=\"canonical\" href=\"https:\/\/www.reseau-entreprendre.org\/normandie-ouest\/2025\/04\/25\/retour-sur-lassemblee-generale\/\" \/>\n<meta property=\"og:locale\" content=\"fr_FR\" \/>\n<meta property=\"og:type\" content=\"article\" \/>\n<meta property=\"og:title\" content=\"Retour sur l&#039;Assembl\u00e9e G\u00e9n\u00e9rale - R\u00e9seau Entreprendre Normandie Ouest\" \/>\n<meta property=\"og:description\" content=\"Retour sur l&#8217;Assembl\u00e9e G\u00e9n\u00e9rale Le 24 avril, les 3 associations\" \/>\n<meta property=\"og:url\" content=\"https:\/\/www.reseau-entreprendre.org\/normandie-ouest\/2025\/04\/25\/retour-sur-lassemblee-generale\/\" \/>\n<meta property=\"og:site_name\" content=\"R\u00e9seau Entreprendre Normandie Ouest\" \/>\n<meta property=\"article:published_time\" content=\"2025-04-25T13:00:00+00:00\" \/>\n<meta property=\"article:modified_time\" content=\"2025-05-07T09:25:12+00:00\" \/>\n<meta property=\"og:image\" content=\"https:\/\/www.reseau-entreprendre.org\/normandie-ouest\/wp-content\/uploads\/sites\/17\/2025\/05\/MARS-1-1024x1024.png\" \/>\n\t<meta property=\"og:image:width\" content=\"1024\" \/>\n\t<meta property=\"og:image:height\" content=\"1024\" \/>\n\t<meta property=\"og:image:type\" content=\"image\/png\" \/>\n<meta name=\"author\" content=\"pjacques\" \/>\n<meta name=\"twitter:card\" content=\"summary_large_image\" \/>\n<meta name=\"twitter:label1\" content=\"\u00c9crit par\" \/>\n\t<meta name=\"twitter:data1\" content=\"pjacques\" \/>\n\t<meta name=\"twitter:label2\" content=\"Dur\u00e9e de lecture estim\u00e9e\" \/>\n\t<meta name=\"twitter:data2\" content=\"1 minute\" \/>\n<script type=\"application\/ld+json\" class=\"yoast-schema-graph\">{\"@context\":\"https:\\\/\\\/schema.org\",\"@graph\":[{\"@type\":\"Article\",\"@id\":\"https:\\\/\\\/www.reseau-entreprendre.org\\\/normandie-ouest\\\/2025\\\/04\\\/25\\\/retour-sur-lassemblee-generale\\\/#article\",\"isPartOf\":{\"@id\":\"https:\\\/\\\/www.reseau-entreprendre.org\\\/normandie-ouest\\\/2025\\\/04\\\/25\\\/retour-sur-lassemblee-generale\\\/\"},\"author\":{\"name\":\"pjacques\",\"@id\":\"https:\\\/\\\/www.reseau-entreprendre.org\\\/normandie-ouest\\\/#\\\/schema\\\/person\\\/e4eb7773c6953f28e969c6ee7889573c\"},\"headline\":\"Retour sur l&#8217;Assembl\u00e9e G\u00e9n\u00e9rale\",\"datePublished\":\"2025-04-25T13:00:00+00:00\",\"dateModified\":\"2025-05-07T09:25:12+00:00\",\"mainEntityOfPage\":{\"@id\":\"https:\\\/\\\/www.reseau-entreprendre.org\\\/normandie-ouest\\\/2025\\\/04\\\/25\\\/retour-sur-lassemblee-generale\\\/\"},\"wordCount\":114,\"publisher\":{\"@id\":\"https:\\\/\\\/www.reseau-entreprendre.org\\\/normandie-ouest\\\/#organization\"},\"image\":{\"@id\":\"https:\\\/\\\/www.reseau-entreprendre.org\\\/normandie-ouest\\\/2025\\\/04\\\/25\\\/retour-sur-lassemblee-generale\\\/#primaryimage\"},\"thumbnailUrl\":\"https:\\\/\\\/www.reseau-entreprendre.org\\\/normandie-ouest\\\/wp-content\\\/uploads\\\/sites\\\/17\\\/2025\\\/05\\\/MARS-1.png\",\"articleSection\":[\"Actualit\u00e9s\"],\"inLanguage\":\"fr-FR\"},{\"@type\":\"WebPage\",\"@id\":\"https:\\\/\\\/www.reseau-entreprendre.org\\\/normandie-ouest\\\/2025\\\/04\\\/25\\\/retour-sur-lassemblee-generale\\\/\",\"url\":\"https:\\\/\\\/www.reseau-entreprendre.org\\\/normandie-ouest\\\/2025\\\/04\\\/25\\\/retour-sur-lassemblee-generale\\\/\",\"name\":\"Retour sur l'Assembl\u00e9e G\u00e9n\u00e9rale - R\u00e9seau Entreprendre Normandie Ouest\",\"isPartOf\":{\"@id\":\"https:\\\/\\\/www.reseau-entreprendre.org\\\/normandie-ouest\\\/#website\"},\"primaryImageOfPage\":{\"@id\":\"https:\\\/\\\/www.reseau-entreprendre.org\\\/normandie-ouest\\\/2025\\\/04\\\/25\\\/retour-sur-lassemblee-generale\\\/#primaryimage\"},\"image\":{\"@id\":\"https:\\\/\\\/www.reseau-entreprendre.org\\\/normandie-ouest\\\/2025\\\/04\\\/25\\\/retour-sur-lassemblee-generale\\\/#primaryimage\"},\"thumbnailUrl\":\"https:\\\/\\\/www.reseau-entreprendre.org\\\/normandie-ouest\\\/wp-content\\\/uploads\\\/sites\\\/17\\\/2025\\\/05\\\/MARS-1.png\",\"datePublished\":\"2025-04-25T13:00:00+00:00\",\"dateModified\":\"2025-05-07T09:25:12+00:00\",\"breadcrumb\":{\"@id\":\"https:\\\/\\\/www.reseau-entreprendre.org\\\/normandie-ouest\\\/2025\\\/04\\\/25\\\/retour-sur-lassemblee-generale\\\/#breadcrumb\"},\"inLanguage\":\"fr-FR\",\"potentialAction\":[{\"@type\":\"ReadAction\",\"target\":[\"https:\\\/\\\/www.reseau-entreprendre.org\\\/normandie-ouest\\\/2025\\\/04\\\/25\\\/retour-sur-lassemblee-generale\\\/\"]}]},{\"@type\":\"ImageObject\",\"inLanguage\":\"fr-FR\",\"@id\":\"https:\\\/\\\/www.reseau-entreprendre.org\\\/normandie-ouest\\\/2025\\\/04\\\/25\\\/retour-sur-lassemblee-generale\\\/#primaryimage\",\"url\":\"https:\\\/\\\/www.reseau-entreprendre.org\\\/normandie-ouest\\\/wp-content\\\/uploads\\\/sites\\\/17\\\/2025\\\/05\\\/MARS-1.png\",\"contentUrl\":\"https:\\\/\\\/www.reseau-entreprendre.org\\\/normandie-ouest\\\/wp-content\\\/uploads\\\/sites\\\/17\\\/2025\\\/05\\\/MARS-1.png\",\"width\":1200,\"height\":1200},{\"@type\":\"BreadcrumbList\",\"@id\":\"https:\\\/\\\/www.reseau-entreprendre.org\\\/normandie-ouest\\\/2025\\\/04\\\/25\\\/retour-sur-lassemblee-generale\\\/#breadcrumb\",\"itemListElement\":[{\"@type\":\"ListItem\",\"position\":1,\"name\":\"Accueil\",\"item\":\"https:\\\/\\\/www.reseau-entreprendre.org\\\/normandie-ouest\\\/\"},{\"@type\":\"ListItem\",\"position\":2,\"name\":\"Retour sur l&#8217;Assembl\u00e9e G\u00e9n\u00e9rale\"}]},{\"@type\":\"WebSite\",\"@id\":\"https:\\\/\\\/www.reseau-entreprendre.org\\\/normandie-ouest\\\/#website\",\"url\":\"https:\\\/\\\/www.reseau-entreprendre.org\\\/normandie-ouest\\\/\",\"name\":\"R\u00e9seau Entreprendre Normandie Ouest\",\"description\":\"Un site utilisant Les sites de R\u00e9seau Entreprendre\",\"publisher\":{\"@id\":\"https:\\\/\\\/www.reseau-entreprendre.org\\\/normandie-ouest\\\/#organization\"},\"potentialAction\":[{\"@type\":\"SearchAction\",\"target\":{\"@type\":\"EntryPoint\",\"urlTemplate\":\"https:\\\/\\\/www.reseau-entreprendre.org\\\/normandie-ouest\\\/?s={search_term_string}\"},\"query-input\":{\"@type\":\"PropertyValueSpecification\",\"valueRequired\":true,\"valueName\":\"search_term_string\"}}],\"inLanguage\":\"fr-FR\"},{\"@type\":\"Organization\",\"@id\":\"https:\\\/\\\/www.reseau-entreprendre.org\\\/normandie-ouest\\\/#organization\",\"name\":\"R\u00e9seau Entreprendre Normandie Ouest\",\"url\":\"https:\\\/\\\/www.reseau-entreprendre.org\\\/normandie-ouest\\\/\",\"logo\":{\"@type\":\"ImageObject\",\"inLanguage\":\"fr-FR\",\"@id\":\"https:\\\/\\\/www.reseau-entreprendre.org\\\/normandie-ouest\\\/#\\\/schema\\\/logo\\\/image\\\/\",\"url\":\"https:\\\/\\\/www.reseau-entreprendre.org\\\/normandie-ouest\\\/wp-content\\\/uploads\\\/sites\\\/17\\\/2022\\\/02\\\/1641397155484.jpeg\",\"contentUrl\":\"https:\\\/\\\/www.reseau-entreprendre.org\\\/normandie-ouest\\\/wp-content\\\/uploads\\\/sites\\\/17\\\/2022\\\/02\\\/1641397155484.jpeg\",\"width\":200,\"height\":200,\"caption\":\"R\u00e9seau Entreprendre Normandie Ouest\"},\"image\":{\"@id\":\"https:\\\/\\\/www.reseau-entreprendre.org\\\/normandie-ouest\\\/#\\\/schema\\\/logo\\\/image\\\/\"}},{\"@type\":\"Person\",\"@id\":\"https:\\\/\\\/www.reseau-entreprendre.org\\\/normandie-ouest\\\/#\\\/schema\\\/person\\\/e4eb7773c6953f28e969c6ee7889573c\",\"name\":\"pjacques\",\"image\":{\"@type\":\"ImageObject\",\"inLanguage\":\"fr-FR\",\"@id\":\"https:\\\/\\\/secure.gravatar.com\\\/avatar\\\/90ff54bd384b999fc8c171f6e32657bc17e9afbd612ddf2b9d816e5e03cf0090?s=96&d=mm&r=g\",\"url\":\"https:\\\/\\\/secure.gravatar.com\\\/avatar\\\/90ff54bd384b999fc8c171f6e32657bc17e9afbd612ddf2b9d816e5e03cf0090?s=96&d=mm&r=g\",\"contentUrl\":\"https:\\\/\\\/secure.gravatar.com\\\/avatar\\\/90ff54bd384b999fc8c171f6e32657bc17e9afbd612ddf2b9d816e5e03cf0090?s=96&d=mm&r=g\",\"caption\":\"pjacques\"},\"url\":\"https:\\\/\\\/www.reseau-entreprendre.org\\\/normandie-ouest\\\/author\\\/p-jacques\\\/\"}]}<\/script>\n<!-- \/ Yoast SEO plugin. -->","yoast_head_json":{"title":"Retour sur l'Assembl\u00e9e G\u00e9n\u00e9rale - R\u00e9seau Entreprendre Normandie Ouest","robots":{"index":"index","follow":"follow","max-snippet":"max-snippet:-1","max-image-preview":"max-image-preview:large","max-video-preview":"max-video-preview:-1"},"canonical":"https:\/\/www.reseau-entreprendre.org\/normandie-ouest\/2025\/04\/25\/retour-sur-lassemblee-generale\/","og_locale":"fr_FR","og_type":"article","og_title":"Retour sur l'Assembl\u00e9e G\u00e9n\u00e9rale - R\u00e9seau Entreprendre Normandie Ouest","og_description":"Retour sur l&#8217;Assembl\u00e9e G\u00e9n\u00e9rale Le 24 avril, les 3 associations","og_url":"https:\/\/www.reseau-entreprendre.org\/normandie-ouest\/2025\/04\/25\/retour-sur-lassemblee-generale\/","og_site_name":"R\u00e9seau Entreprendre Normandie Ouest","article_published_time":"2025-04-25T13:00:00+00:00","article_modified_time":"2025-05-07T09:25:12+00:00","og_image":[{"width":1024,"height":1024,"url":"https:\/\/www.reseau-entreprendre.org\/normandie-ouest\/wp-content\/uploads\/sites\/17\/2025\/05\/MARS-1-1024x1024.png","type":"image\/png"}],"author":"pjacques","twitter_card":"summary_large_image","twitter_misc":{"\u00c9crit par":"pjacques","Dur\u00e9e de lecture estim\u00e9e":"1 minute"},"schema":{"@context":"https:\/\/schema.org","@graph":[{"@type":"Article","@id":"https:\/\/www.reseau-entreprendre.org\/normandie-ouest\/2025\/04\/25\/retour-sur-lassemblee-generale\/#article","isPartOf":{"@id":"https:\/\/www.reseau-entreprendre.org\/normandie-ouest\/2025\/04\/25\/retour-sur-lassemblee-generale\/"},"author":{"name":"pjacques","@id":"https:\/\/www.reseau-entreprendre.org\/normandie-ouest\/#\/schema\/person\/e4eb7773c6953f28e969c6ee7889573c"},"headline":"Retour sur l&#8217;Assembl\u00e9e G\u00e9n\u00e9rale","datePublished":"2025-04-25T13:00:00+00:00","dateModified":"2025-05-07T09:25:12+00:00","mainEntityOfPage":{"@id":"https:\/\/www.reseau-entreprendre.org\/normandie-ouest\/2025\/04\/25\/retour-sur-lassemblee-generale\/"},"wordCount":114,"publisher":{"@id":"https:\/\/www.reseau-entreprendre.org\/normandie-ouest\/#organization"},"image":{"@id":"https:\/\/www.reseau-entreprendre.org\/normandie-ouest\/2025\/04\/25\/retour-sur-lassemblee-generale\/#primaryimage"},"thumbnailUrl":"https:\/\/www.reseau-entreprendre.org\/normandie-ouest\/wp-content\/uploads\/sites\/17\/2025\/05\/MARS-1.png","articleSection":["Actualit\u00e9s"],"inLanguage":"fr-FR"},{"@type":"WebPage","@id":"https:\/\/www.reseau-entreprendre.org\/normandie-ouest\/2025\/04\/25\/retour-sur-lassemblee-generale\/","url":"https:\/\/www.reseau-entreprendre.org\/normandie-ouest\/2025\/04\/25\/retour-sur-lassemblee-generale\/","name":"Retour sur l'Assembl\u00e9e G\u00e9n\u00e9rale - R\u00e9seau Entreprendre Normandie Ouest","isPartOf":{"@id":"https:\/\/www.reseau-entreprendre.org\/normandie-ouest\/#website"},"primaryImageOfPage":{"@id":"https:\/\/www.reseau-entreprendre.org\/normandie-ouest\/2025\/04\/25\/retour-sur-lassemblee-generale\/#primaryimage"},"image":{"@id":"https:\/\/www.reseau-entreprendre.org\/normandie-ouest\/2025\/04\/25\/retour-sur-lassemblee-generale\/#primaryimage"},"thumbnailUrl":"https:\/\/www.reseau-entreprendre.org\/normandie-ouest\/wp-content\/uploads\/sites\/17\/2025\/05\/MARS-1.png","datePublished":"2025-04-25T13:00:00+00:00","dateModified":"2025-05-07T09:25:12+00:00","breadcrumb":{"@id":"https:\/\/www.reseau-entreprendre.org\/normandie-ouest\/2025\/04\/25\/retour-sur-lassemblee-generale\/#breadcrumb"},"inLanguage":"fr-FR","potentialAction":[{"@type":"ReadAction","target":["https:\/\/www.reseau-entreprendre.org\/normandie-ouest\/2025\/04\/25\/retour-sur-lassemblee-generale\/"]}]},{"@type":"ImageObject","inLanguage":"fr-FR","@id":"https:\/\/www.reseau-entreprendre.org\/normandie-ouest\/2025\/04\/25\/retour-sur-lassemblee-generale\/#primaryimage","url":"https:\/\/www.reseau-entreprendre.org\/normandie-ouest\/wp-content\/uploads\/sites\/17\/2025\/05\/MARS-1.png","contentUrl":"https:\/\/www.reseau-entreprendre.org\/normandie-ouest\/wp-content\/uploads\/sites\/17\/2025\/05\/MARS-1.png","width":1200,"height":1200},{"@type":"BreadcrumbList","@id":"https:\/\/www.reseau-entreprendre.org\/normandie-ouest\/2025\/04\/25\/retour-sur-lassemblee-generale\/#breadcrumb","itemListElement":[{"@type":"ListItem","position":1,"name":"Accueil","item":"https:\/\/www.reseau-entreprendre.org\/normandie-ouest\/"},{"@type":"ListItem","position":2,"name":"Retour sur l&#8217;Assembl\u00e9e G\u00e9n\u00e9rale"}]},{"@type":"WebSite","@id":"https:\/\/www.reseau-entreprendre.org\/normandie-ouest\/#website","url":"https:\/\/www.reseau-entreprendre.org\/normandie-ouest\/","name":"R\u00e9seau Entreprendre Normandie Ouest","description":"Un site utilisant Les sites de R\u00e9seau Entreprendre","publisher":{"@id":"https:\/\/www.reseau-entreprendre.org\/normandie-ouest\/#organization"},"potentialAction":[{"@type":"SearchAction","target":{"@type":"EntryPoint","urlTemplate":"https:\/\/www.reseau-entreprendre.org\/normandie-ouest\/?s={search_term_string}"},"query-input":{"@type":"PropertyValueSpecification","valueRequired":true,"valueName":"search_term_string"}}],"inLanguage":"fr-FR"},{"@type":"Organization","@id":"https:\/\/www.reseau-entreprendre.org\/normandie-ouest\/#organization","name":"R\u00e9seau Entreprendre Normandie Ouest","url":"https:\/\/www.reseau-entreprendre.org\/normandie-ouest\/","logo":{"@type":"ImageObject","inLanguage":"fr-FR","@id":"https:\/\/www.reseau-entreprendre.org\/normandie-ouest\/#\/schema\/logo\/image\/","url":"https:\/\/www.reseau-entreprendre.org\/normandie-ouest\/wp-content\/uploads\/sites\/17\/2022\/02\/1641397155484.jpeg","contentUrl":"https:\/\/www.reseau-entreprendre.org\/normandie-ouest\/wp-content\/uploads\/sites\/17\/2022\/02\/1641397155484.jpeg","width":200,"height":200,"caption":"R\u00e9seau Entreprendre Normandie Ouest"},"image":{"@id":"https:\/\/www.reseau-entreprendre.org\/normandie-ouest\/#\/schema\/logo\/image\/"}},{"@type":"Person","@id":"https:\/\/www.reseau-entreprendre.org\/normandie-ouest\/#\/schema\/person\/e4eb7773c6953f28e969c6ee7889573c","name":"pjacques","image":{"@type":"ImageObject","inLanguage":"fr-FR","@id":"https:\/\/secure.gravatar.com\/avatar\/90ff54bd384b999fc8c171f6e32657bc17e9afbd612ddf2b9d816e5e03cf0090?s=96&d=mm&r=g","url":"https:\/\/secure.gravatar.com\/avatar\/90ff54bd384b999fc8c171f6e32657bc17e9afbd612ddf2b9d816e5e03cf0090?s=96&d=mm&r=g","contentUrl":"https:\/\/secure.gravatar.com\/avatar\/90ff54bd384b999fc8c171f6e32657bc17e9afbd612ddf2b9d816e5e03cf0090?s=96&d=mm&r=g","caption":"pjacques"},"url":"https:\/\/www.reseau-entreprendre.org\/normandie-ouest\/author\/p-jacques\/"}]}},"_links":{"self":[{"href":"https:\/\/www.reseau-entreprendre.org\/normandie-ouest\/wp-json\/wp\/v2\/posts\/2541","targetHints":{"allow":["GET"]}}],"collection":[{"href":"https:\/\/www.reseau-entreprendre.org\/normandie-ouest\/wp-json\/wp\/v2\/posts"}],"about":[{"href":"https:\/\/www.reseau-entreprendre.org\/normandie-ouest\/wp-json\/wp\/v2\/types\/post"}],"author":[{"embeddable":true,"href":"https:\/\/www.reseau-entreprendre.org\/normandie-ouest\/wp-json\/wp\/v2\/users\/115"}],"replies":[{"embeddable":true,"href":"https:\/\/www.reseau-entreprendre.org\/normandie-ouest\/wp-json\/wp\/v2\/comments?post=2541"}],"version-history":[{"count":0,"href":"https:\/\/www.reseau-entreprendre.org\/normandie-ouest\/wp-json\/wp\/v2\/posts\/2541\/revisions"}],"wp:featuredmedia":[{"embeddable":true,"href":"https:\/\/www.reseau-entreprendre.org\/normandie-ouest\/wp-json\/wp\/v2\/media\/2539"}],"wp:attachment":[{"href":"https:\/\/www.reseau-entreprendre.org\/normandie-ouest\/wp-json\/wp\/v2\/media?parent=2541"}],"wp:term":[{"taxonomy":"category","embeddable":true,"href":"https:\/\/www.reseau-entreprendre.org\/normandie-ouest\/wp-json\/wp\/v2\/categories?post=2541"},{"taxonomy":"post_tag","embeddable":true,"href":"https:\/\/www.reseau-entreprendre.org\/normandie-ouest\/wp-json\/wp\/v2\/tags?post=2541"}],"curies":[{"name":"wp","href":"https:\/\/api.w.org\/{rel}","templated":true}]}}