{"id":4358,"date":"2026-04-15T10:37:47","date_gmt":"2026-04-15T08:37:47","guid":{"rendered":"https:\/\/www.reseau-entreprendre.org\/normandie-seine-et-eure\/2025\/10\/27\/laureats-antoine-georges-corentin-lescanne-zenrent-depozen-2\/"},"modified":"2026-04-15T10:38:15","modified_gmt":"2026-04-15T08:38:15","slug":"laureats-florian-gastebois-gabriel-journaux-biofair-nutrition","status":"publish","type":"post","link":"https:\/\/www.reseau-entreprendre.org\/normandie-seine-et-eure\/2026\/04\/15\/laureats-florian-gastebois-gabriel-journaux-biofair-nutrition\/","title":{"rendered":"Florian GASTEBOIS &amp; Gabriel JOURNAUX"},"content":{"rendered":"\n<h2 class=\"wp-block-heading has-text-align-left\"><strong>Entrepreneurs Laur\u00e9ats <i>Croissance<\/i> [Promo 2026]<\/strong><\/h2>\n\n\n\n<div style=\"height:30px\" aria-hidden=\"true\" class=\"wp-block-spacer\"><\/div>\n\n\n\n<div class=\"wp-block-media-text alignwide is-stacked-on-mobile\" style=\"grid-template-columns:33% auto\"><figure class=\"wp-block-media-text__media\"><img loading=\"lazy\" decoding=\"async\" width=\"473\" height=\"522\" src=\"https:\/\/www.reseau-entreprendre.org\/normandie-seine-et-eure\/wp-content\/uploads\/sites\/53\/2025\/10\/BIOFAIR.png\" alt=\"\" class=\"wp-image-4361 size-full\" srcset=\"https:\/\/www.reseau-entreprendre.org\/normandie-seine-et-eure\/wp-content\/uploads\/sites\/53\/2025\/10\/BIOFAIR.png 473w, https:\/\/www.reseau-entreprendre.org\/normandie-seine-et-eure\/wp-content\/uploads\/sites\/53\/2025\/10\/BIOFAIR-272x300.png 272w, https:\/\/www.reseau-entreprendre.org\/normandie-seine-et-eure\/wp-content\/uploads\/sites\/53\/2025\/10\/BIOFAIR-118x130.png 118w, https:\/\/www.reseau-entreprendre.org\/normandie-seine-et-eure\/wp-content\/uploads\/sites\/53\/2025\/10\/BIOFAIR-91x100.png 91w\" sizes=\"auto, (max-width: 473px) 100vw, 473px\" \/><\/figure><div class=\"wp-block-media-text__content\">\n<h2 class=\"wp-block-heading\">Accompagnement croissance d\u2019entreprise \u2013 Seine-Maritime (76)<\/h2>\n\n\n\n<p><\/p>\n\n\n\n<p class=\"has-text-align-left has-normal-font-size\"><strong>Florian GASTEBOIS &amp; Gabriel JOURNAUX<\/strong> sont <strong>Entrepreneurs Laur\u00e9ats Croissance 2026 <\/strong>du R\u00e9seau Entreprendre\u00ae Normandie Seine &amp; Eure, ils sont accompagn\u00e9s dans la <strong>phase de d\u00e9veloppement <\/strong>de leur entreprise <strong>BIOFAIR NUTRITION<\/strong>.<\/p>\n<\/div><\/div>\n\n\n\n<div style=\"height:25px\" aria-hidden=\"true\" class=\"wp-block-spacer\"><\/div>\n\n\n\n<h5 class=\"wp-block-heading has-text-align-left has-re-yellow-color has-text-color\"><strong>Accompagnement <span style=\"color: #ffbb61\">:<\/span><\/strong><\/h5>\n\n\n\n<p class=\"has-text-align-left\"><strong>Patricia REY<\/strong>, Pr\u00e9sidente de SETICO (Rouen, 76) et <strong>Didier PARARD<\/strong>,  Directeur Usine et Site CARGILL CACAO ET CHOCOLAT France, Membres de R\u00e9seau Entreprendre Normandie Seine &amp; Eure vont les accompagner pendant 2 ans.<\/p>\n\n\n\n<p class=\"has-text-align-right\"><a href=\"https:\/\/www.reseau-entreprendre.org\/wp-content\/uploads\/2021\/08\/booster.pdf\" target=\"_blank\" rel=\"noreferrer noopener\">En savoir + sur le&nbsp;parcours&nbsp;BOOSTER<\/a><\/p>\n\n\n\n<hr class=\"wp-block-separator has-css-opacity\" \/>\n\n\n<div class=\"wp-block-image\">\n<figure class=\"aligncenter size-full\"><img loading=\"lazy\" decoding=\"async\" width=\"294\" height=\"78\" src=\"https:\/\/www.reseau-entreprendre.org\/normandie-seine-et-eure\/wp-content\/uploads\/sites\/53\/2025\/10\/BIOFAIR_Logo-1.png\" alt=\"\" class=\"wp-image-4366\" srcset=\"https:\/\/www.reseau-entreprendre.org\/normandie-seine-et-eure\/wp-content\/uploads\/sites\/53\/2025\/10\/BIOFAIR_Logo-1.png 294w, https:\/\/www.reseau-entreprendre.org\/normandie-seine-et-eure\/wp-content\/uploads\/sites\/53\/2025\/10\/BIOFAIR_Logo-1-210x56.png 210w, https:\/\/www.reseau-entreprendre.org\/normandie-seine-et-eure\/wp-content\/uploads\/sites\/53\/2025\/10\/BIOFAIR_Logo-1-100x27.png 100w\" sizes=\"auto, (max-width: 294px) 100vw, 294px\" \/><\/figure>\n<\/div>\n\n\n<h5 class=\"wp-block-heading has-text-align-left\"><strong><span class=\"has-inline-color has-re-yellow-color\">Activit\u00e9 :<\/span><\/strong><\/h5>\n\n\n\n<p>Conception, production et commercialisation de produits de nutrition bio (prot\u00e9ines et snacks fonctionnels) fabriqu\u00e9s en Normandie.<\/p>\n\n\n\n<p class=\"has-text-align-right\"><span style=\"color: #ffbb61\"><strong>Coordonn\u00e9es :<\/strong><\/span><\/p>\n\n\n\n<p class=\"has-text-align-right\">BIOFAIR NUTRITION<br>9 rue des P\u00e2tis et All\u00e9e de l&#8217;Industrie 76140 Le Petit-Quevilly<\/p>\n\n\n\n<p class=\"has-text-align-right\"><a href=\"https:\/\/biofair-nutrition.fr\/fr\">https:\/\/biofair-nutrition.fr\/fr<\/a><\/p>\n\n\n\n<p class=\"has-text-align-right\"><\/p>\n\n\n\n<p><\/p>\n","protected":false},"excerpt":{"rendered":"<p>Florian GASTEBOIS &amp; Gabriel JOURNAUX, laur\u00e9ats Croissance, D\u00e9veloppement de la soci\u00e9t\u00e9 BIOFAIR NUTRITION (Le Petit-Quevilly 76).<\/p>\n","protected":false},"author":54,"featured_media":4361,"comment_status":"closed","ping_status":"open","sticky":false,"template":"","format":"standard","meta":{"_acf_changed":false,"_monsterinsights_skip_tracking":false,"_monsterinsights_sitenote_active":false,"_monsterinsights_sitenote_note":"","_monsterinsights_sitenote_category":0,"footnotes":""},"categories":[5],"tags":[25,65,23,19,40,20],"class_list":["post-4358","post","type-post","status-publish","format-standard","has-post-thumbnail","hentry","category-temoignages-laureats","tag-accompagnement","tag-croissance","tag-developpement-dentreprise","tag-reseau-entreprendre","tag-rouen","tag-seine-maritime","testimonials"],"acf":[],"yoast_head":"<!-- This site is optimized with the Yoast SEO plugin v27.4 - https:\/\/yoast.com\/product\/yoast-seo-wordpress\/ -->\n<title>D\u00e9veloppement BIOFAIR Nutrition (Le Petit-Quevilly, 76)<\/title>\n<meta name=\"description\" content=\"Florian GASTEBOIS &amp; Gabriel JOURNAUX, laur\u00e9ats Croissance accompagn\u00e9s par R\u00e9seau Entreprendre Normandie Seine et Eure dans la phase de d\u00e9veloppement de la Soci\u00e9t\u00e9 BIOFAIR NUTRITION (Le Petit-Quevilly 76).\" \/>\n<meta name=\"robots\" content=\"index, follow, max-snippet:-1, max-image-preview:large, max-video-preview:-1\" \/>\n<link rel=\"canonical\" href=\"https:\/\/www.reseau-entreprendre.org\/normandie-seine-et-eure\/2026\/04\/15\/laureats-florian-gastebois-gabriel-journaux-biofair-nutrition\/\" \/>\n<meta property=\"og:locale\" content=\"fr_FR\" \/>\n<meta property=\"og:type\" content=\"article\" \/>\n<meta property=\"og:title\" content=\"D\u00e9veloppement BIOFAIR Nutrition (Le Petit-Quevilly, 76)\" \/>\n<meta property=\"og:description\" content=\"Florian GASTEBOIS &amp; Gabriel JOURNAUX, laur\u00e9ats Croissance accompagn\u00e9s par R\u00e9seau Entreprendre Normandie Seine et Eure dans la phase de d\u00e9veloppement de la Soci\u00e9t\u00e9 BIOFAIR NUTRITION (Le Petit-Quevilly 76).\" \/>\n<meta property=\"og:url\" content=\"https:\/\/www.reseau-entreprendre.org\/normandie-seine-et-eure\/2026\/04\/15\/laureats-florian-gastebois-gabriel-journaux-biofair-nutrition\/\" \/>\n<meta property=\"og:site_name\" content=\"R\u00e9seau Entreprendre Normandie Seine et Eure\" \/>\n<meta property=\"article:published_time\" content=\"2026-04-15T08:37:47+00:00\" \/>\n<meta property=\"article:modified_time\" content=\"2026-04-15T08:38:15+00:00\" \/>\n<meta property=\"og:image\" content=\"https:\/\/www.reseau-entreprendre.org\/normandie-seine-et-eure\/wp-content\/uploads\/sites\/53\/2025\/10\/BIOFAIR.png\" \/>\n\t<meta property=\"og:image:width\" content=\"473\" \/>\n\t<meta property=\"og:image:height\" content=\"522\" \/>\n\t<meta property=\"og:image:type\" content=\"image\/png\" \/>\n<meta name=\"author\" content=\"normandie-seine-et-eure\" \/>\n<meta name=\"twitter:card\" content=\"summary_large_image\" \/>\n<meta name=\"twitter:label1\" content=\"\u00c9crit par\" \/>\n\t<meta name=\"twitter:data1\" content=\"normandie-seine-et-eure\" \/>\n\t<meta name=\"twitter:label2\" content=\"Dur\u00e9e de lecture estim\u00e9e\" \/>\n\t<meta name=\"twitter:data2\" content=\"2 minutes\" \/>\n<script type=\"application\/ld+json\" class=\"yoast-schema-graph\">{\"@context\":\"https:\\\/\\\/schema.org\",\"@graph\":[{\"@type\":\"Article\",\"@id\":\"https:\\\/\\\/www.reseau-entreprendre.org\\\/normandie-seine-et-eure\\\/2026\\\/04\\\/15\\\/laureats-florian-gastebois-gabriel-journaux-biofair-nutrition\\\/#article\",\"isPartOf\":{\"@id\":\"https:\\\/\\\/www.reseau-entreprendre.org\\\/normandie-seine-et-eure\\\/2026\\\/04\\\/15\\\/laureats-florian-gastebois-gabriel-journaux-biofair-nutrition\\\/\"},\"author\":{\"name\":\"normandie-seine-et-eure\",\"@id\":\"https:\\\/\\\/www.reseau-entreprendre.org\\\/normandie-seine-et-eure\\\/#\\\/schema\\\/person\\\/ea1544adaf33e8b3159c122d4c5c6c69\"},\"headline\":\"Florian GASTEBOIS &amp; Gabriel JOURNAUX\",\"datePublished\":\"2026-04-15T08:37:47+00:00\",\"dateModified\":\"2026-04-15T08:38:15+00:00\",\"mainEntityOfPage\":{\"@id\":\"https:\\\/\\\/www.reseau-entreprendre.org\\\/normandie-seine-et-eure\\\/2026\\\/04\\\/15\\\/laureats-florian-gastebois-gabriel-journaux-biofair-nutrition\\\/\"},\"wordCount\":129,\"image\":{\"@id\":\"https:\\\/\\\/www.reseau-entreprendre.org\\\/normandie-seine-et-eure\\\/2026\\\/04\\\/15\\\/laureats-florian-gastebois-gabriel-journaux-biofair-nutrition\\\/#primaryimage\"},\"thumbnailUrl\":\"https:\\\/\\\/www.reseau-entreprendre.org\\\/normandie-seine-et-eure\\\/wp-content\\\/uploads\\\/sites\\\/53\\\/2025\\\/10\\\/BIOFAIR.png\",\"keywords\":[\"accompagnement\",\"croissance\",\"d\u00e9veloppement d&#039;entreprise\",\"r\u00e9seau entreprendre\",\"rouen\",\"seine-maritime\"],\"articleSection\":[\"T\u00e9moignages laur\u00e9ats\"],\"inLanguage\":\"fr-FR\"},{\"@type\":\"WebPage\",\"@id\":\"https:\\\/\\\/www.reseau-entreprendre.org\\\/normandie-seine-et-eure\\\/2026\\\/04\\\/15\\\/laureats-florian-gastebois-gabriel-journaux-biofair-nutrition\\\/\",\"url\":\"https:\\\/\\\/www.reseau-entreprendre.org\\\/normandie-seine-et-eure\\\/2026\\\/04\\\/15\\\/laureats-florian-gastebois-gabriel-journaux-biofair-nutrition\\\/\",\"name\":\"D\u00e9veloppement BIOFAIR Nutrition (Le Petit-Quevilly, 76)\",\"isPartOf\":{\"@id\":\"https:\\\/\\\/www.reseau-entreprendre.org\\\/normandie-seine-et-eure\\\/#website\"},\"primaryImageOfPage\":{\"@id\":\"https:\\\/\\\/www.reseau-entreprendre.org\\\/normandie-seine-et-eure\\\/2026\\\/04\\\/15\\\/laureats-florian-gastebois-gabriel-journaux-biofair-nutrition\\\/#primaryimage\"},\"image\":{\"@id\":\"https:\\\/\\\/www.reseau-entreprendre.org\\\/normandie-seine-et-eure\\\/2026\\\/04\\\/15\\\/laureats-florian-gastebois-gabriel-journaux-biofair-nutrition\\\/#primaryimage\"},\"thumbnailUrl\":\"https:\\\/\\\/www.reseau-entreprendre.org\\\/normandie-seine-et-eure\\\/wp-content\\\/uploads\\\/sites\\\/53\\\/2025\\\/10\\\/BIOFAIR.png\",\"datePublished\":\"2026-04-15T08:37:47+00:00\",\"dateModified\":\"2026-04-15T08:38:15+00:00\",\"author\":{\"@id\":\"https:\\\/\\\/www.reseau-entreprendre.org\\\/normandie-seine-et-eure\\\/#\\\/schema\\\/person\\\/ea1544adaf33e8b3159c122d4c5c6c69\"},\"description\":\"Florian GASTEBOIS & Gabriel JOURNAUX, laur\u00e9ats Croissance accompagn\u00e9s par R\u00e9seau Entreprendre Normandie Seine et Eure dans la phase de d\u00e9veloppement de la Soci\u00e9t\u00e9 BIOFAIR NUTRITION (Le Petit-Quevilly 76).\",\"breadcrumb\":{\"@id\":\"https:\\\/\\\/www.reseau-entreprendre.org\\\/normandie-seine-et-eure\\\/2026\\\/04\\\/15\\\/laureats-florian-gastebois-gabriel-journaux-biofair-nutrition\\\/#breadcrumb\"},\"inLanguage\":\"fr-FR\",\"potentialAction\":[{\"@type\":\"ReadAction\",\"target\":[\"https:\\\/\\\/www.reseau-entreprendre.org\\\/normandie-seine-et-eure\\\/2026\\\/04\\\/15\\\/laureats-florian-gastebois-gabriel-journaux-biofair-nutrition\\\/\"]}]},{\"@type\":\"ImageObject\",\"inLanguage\":\"fr-FR\",\"@id\":\"https:\\\/\\\/www.reseau-entreprendre.org\\\/normandie-seine-et-eure\\\/2026\\\/04\\\/15\\\/laureats-florian-gastebois-gabriel-journaux-biofair-nutrition\\\/#primaryimage\",\"url\":\"https:\\\/\\\/www.reseau-entreprendre.org\\\/normandie-seine-et-eure\\\/wp-content\\\/uploads\\\/sites\\\/53\\\/2025\\\/10\\\/BIOFAIR.png\",\"contentUrl\":\"https:\\\/\\\/www.reseau-entreprendre.org\\\/normandie-seine-et-eure\\\/wp-content\\\/uploads\\\/sites\\\/53\\\/2025\\\/10\\\/BIOFAIR.png\",\"width\":473,\"height\":522},{\"@type\":\"BreadcrumbList\",\"@id\":\"https:\\\/\\\/www.reseau-entreprendre.org\\\/normandie-seine-et-eure\\\/2026\\\/04\\\/15\\\/laureats-florian-gastebois-gabriel-journaux-biofair-nutrition\\\/#breadcrumb\",\"itemListElement\":[{\"@type\":\"ListItem\",\"position\":1,\"name\":\"Accueil\",\"item\":\"https:\\\/\\\/www.reseau-entreprendre.org\\\/normandie-seine-et-eure\\\/\"},{\"@type\":\"ListItem\",\"position\":2,\"name\":\"Florian GASTEBOIS &amp; Gabriel JOURNAUX\"}]},{\"@type\":\"WebSite\",\"@id\":\"https:\\\/\\\/www.reseau-entreprendre.org\\\/normandie-seine-et-eure\\\/#website\",\"url\":\"https:\\\/\\\/www.reseau-entreprendre.org\\\/normandie-seine-et-eure\\\/\",\"name\":\"R\u00e9seau Entreprendre Normandie Seine et Eure\",\"description\":\"Un site utilisant Les sites de R\u00e9seau Entreprendre\",\"potentialAction\":[{\"@type\":\"SearchAction\",\"target\":{\"@type\":\"EntryPoint\",\"urlTemplate\":\"https:\\\/\\\/www.reseau-entreprendre.org\\\/normandie-seine-et-eure\\\/?s={search_term_string}\"},\"query-input\":{\"@type\":\"PropertyValueSpecification\",\"valueRequired\":true,\"valueName\":\"search_term_string\"}}],\"inLanguage\":\"fr-FR\"},{\"@type\":\"Person\",\"@id\":\"https:\\\/\\\/www.reseau-entreprendre.org\\\/normandie-seine-et-eure\\\/#\\\/schema\\\/person\\\/ea1544adaf33e8b3159c122d4c5c6c69\",\"name\":\"normandie-seine-et-eure\",\"image\":{\"@type\":\"ImageObject\",\"inLanguage\":\"fr-FR\",\"@id\":\"https:\\\/\\\/secure.gravatar.com\\\/avatar\\\/571e4acc2babe39cfd029045142dd70bef453b3d1a83b1031c158a470fc311b1?s=96&d=mm&r=g\",\"url\":\"https:\\\/\\\/secure.gravatar.com\\\/avatar\\\/571e4acc2babe39cfd029045142dd70bef453b3d1a83b1031c158a470fc311b1?s=96&d=mm&r=g\",\"contentUrl\":\"https:\\\/\\\/secure.gravatar.com\\\/avatar\\\/571e4acc2babe39cfd029045142dd70bef453b3d1a83b1031c158a470fc311b1?s=96&d=mm&r=g\",\"caption\":\"normandie-seine-et-eure\"},\"url\":\"https:\\\/\\\/www.reseau-entreprendre.org\\\/normandie-seine-et-eure\\\/author\\\/normandie-seine-et-eure\\\/\"}]}<\/script>\n<!-- \/ Yoast SEO plugin. -->","yoast_head_json":{"title":"D\u00e9veloppement BIOFAIR Nutrition (Le Petit-Quevilly, 76)","description":"Florian GASTEBOIS & Gabriel JOURNAUX, laur\u00e9ats Croissance accompagn\u00e9s par R\u00e9seau Entreprendre Normandie Seine et Eure dans la phase de d\u00e9veloppement de la Soci\u00e9t\u00e9 BIOFAIR NUTRITION (Le Petit-Quevilly 76).","robots":{"index":"index","follow":"follow","max-snippet":"max-snippet:-1","max-image-preview":"max-image-preview:large","max-video-preview":"max-video-preview:-1"},"canonical":"https:\/\/www.reseau-entreprendre.org\/normandie-seine-et-eure\/2026\/04\/15\/laureats-florian-gastebois-gabriel-journaux-biofair-nutrition\/","og_locale":"fr_FR","og_type":"article","og_title":"D\u00e9veloppement BIOFAIR Nutrition (Le Petit-Quevilly, 76)","og_description":"Florian GASTEBOIS & Gabriel JOURNAUX, laur\u00e9ats Croissance accompagn\u00e9s par R\u00e9seau Entreprendre Normandie Seine et Eure dans la phase de d\u00e9veloppement de la Soci\u00e9t\u00e9 BIOFAIR NUTRITION (Le Petit-Quevilly 76).","og_url":"https:\/\/www.reseau-entreprendre.org\/normandie-seine-et-eure\/2026\/04\/15\/laureats-florian-gastebois-gabriel-journaux-biofair-nutrition\/","og_site_name":"R\u00e9seau Entreprendre Normandie Seine et Eure","article_published_time":"2026-04-15T08:37:47+00:00","article_modified_time":"2026-04-15T08:38:15+00:00","og_image":[{"width":473,"height":522,"url":"https:\/\/www.reseau-entreprendre.org\/normandie-seine-et-eure\/wp-content\/uploads\/sites\/53\/2025\/10\/BIOFAIR.png","type":"image\/png"}],"author":"normandie-seine-et-eure","twitter_card":"summary_large_image","twitter_misc":{"\u00c9crit par":"normandie-seine-et-eure","Dur\u00e9e de lecture estim\u00e9e":"2 minutes"},"schema":{"@context":"https:\/\/schema.org","@graph":[{"@type":"Article","@id":"https:\/\/www.reseau-entreprendre.org\/normandie-seine-et-eure\/2026\/04\/15\/laureats-florian-gastebois-gabriel-journaux-biofair-nutrition\/#article","isPartOf":{"@id":"https:\/\/www.reseau-entreprendre.org\/normandie-seine-et-eure\/2026\/04\/15\/laureats-florian-gastebois-gabriel-journaux-biofair-nutrition\/"},"author":{"name":"normandie-seine-et-eure","@id":"https:\/\/www.reseau-entreprendre.org\/normandie-seine-et-eure\/#\/schema\/person\/ea1544adaf33e8b3159c122d4c5c6c69"},"headline":"Florian GASTEBOIS &amp; Gabriel JOURNAUX","datePublished":"2026-04-15T08:37:47+00:00","dateModified":"2026-04-15T08:38:15+00:00","mainEntityOfPage":{"@id":"https:\/\/www.reseau-entreprendre.org\/normandie-seine-et-eure\/2026\/04\/15\/laureats-florian-gastebois-gabriel-journaux-biofair-nutrition\/"},"wordCount":129,"image":{"@id":"https:\/\/www.reseau-entreprendre.org\/normandie-seine-et-eure\/2026\/04\/15\/laureats-florian-gastebois-gabriel-journaux-biofair-nutrition\/#primaryimage"},"thumbnailUrl":"https:\/\/www.reseau-entreprendre.org\/normandie-seine-et-eure\/wp-content\/uploads\/sites\/53\/2025\/10\/BIOFAIR.png","keywords":["accompagnement","croissance","d\u00e9veloppement d&#039;entreprise","r\u00e9seau entreprendre","rouen","seine-maritime"],"articleSection":["T\u00e9moignages laur\u00e9ats"],"inLanguage":"fr-FR"},{"@type":"WebPage","@id":"https:\/\/www.reseau-entreprendre.org\/normandie-seine-et-eure\/2026\/04\/15\/laureats-florian-gastebois-gabriel-journaux-biofair-nutrition\/","url":"https:\/\/www.reseau-entreprendre.org\/normandie-seine-et-eure\/2026\/04\/15\/laureats-florian-gastebois-gabriel-journaux-biofair-nutrition\/","name":"D\u00e9veloppement BIOFAIR Nutrition (Le Petit-Quevilly, 76)","isPartOf":{"@id":"https:\/\/www.reseau-entreprendre.org\/normandie-seine-et-eure\/#website"},"primaryImageOfPage":{"@id":"https:\/\/www.reseau-entreprendre.org\/normandie-seine-et-eure\/2026\/04\/15\/laureats-florian-gastebois-gabriel-journaux-biofair-nutrition\/#primaryimage"},"image":{"@id":"https:\/\/www.reseau-entreprendre.org\/normandie-seine-et-eure\/2026\/04\/15\/laureats-florian-gastebois-gabriel-journaux-biofair-nutrition\/#primaryimage"},"thumbnailUrl":"https:\/\/www.reseau-entreprendre.org\/normandie-seine-et-eure\/wp-content\/uploads\/sites\/53\/2025\/10\/BIOFAIR.png","datePublished":"2026-04-15T08:37:47+00:00","dateModified":"2026-04-15T08:38:15+00:00","author":{"@id":"https:\/\/www.reseau-entreprendre.org\/normandie-seine-et-eure\/#\/schema\/person\/ea1544adaf33e8b3159c122d4c5c6c69"},"description":"Florian GASTEBOIS & Gabriel JOURNAUX, laur\u00e9ats Croissance accompagn\u00e9s par R\u00e9seau Entreprendre Normandie Seine et Eure dans la phase de d\u00e9veloppement de la Soci\u00e9t\u00e9 BIOFAIR NUTRITION (Le Petit-Quevilly 76).","breadcrumb":{"@id":"https:\/\/www.reseau-entreprendre.org\/normandie-seine-et-eure\/2026\/04\/15\/laureats-florian-gastebois-gabriel-journaux-biofair-nutrition\/#breadcrumb"},"inLanguage":"fr-FR","potentialAction":[{"@type":"ReadAction","target":["https:\/\/www.reseau-entreprendre.org\/normandie-seine-et-eure\/2026\/04\/15\/laureats-florian-gastebois-gabriel-journaux-biofair-nutrition\/"]}]},{"@type":"ImageObject","inLanguage":"fr-FR","@id":"https:\/\/www.reseau-entreprendre.org\/normandie-seine-et-eure\/2026\/04\/15\/laureats-florian-gastebois-gabriel-journaux-biofair-nutrition\/#primaryimage","url":"https:\/\/www.reseau-entreprendre.org\/normandie-seine-et-eure\/wp-content\/uploads\/sites\/53\/2025\/10\/BIOFAIR.png","contentUrl":"https:\/\/www.reseau-entreprendre.org\/normandie-seine-et-eure\/wp-content\/uploads\/sites\/53\/2025\/10\/BIOFAIR.png","width":473,"height":522},{"@type":"BreadcrumbList","@id":"https:\/\/www.reseau-entreprendre.org\/normandie-seine-et-eure\/2026\/04\/15\/laureats-florian-gastebois-gabriel-journaux-biofair-nutrition\/#breadcrumb","itemListElement":[{"@type":"ListItem","position":1,"name":"Accueil","item":"https:\/\/www.reseau-entreprendre.org\/normandie-seine-et-eure\/"},{"@type":"ListItem","position":2,"name":"Florian GASTEBOIS &amp; Gabriel JOURNAUX"}]},{"@type":"WebSite","@id":"https:\/\/www.reseau-entreprendre.org\/normandie-seine-et-eure\/#website","url":"https:\/\/www.reseau-entreprendre.org\/normandie-seine-et-eure\/","name":"R\u00e9seau Entreprendre Normandie Seine et Eure","description":"Un site utilisant Les sites de R\u00e9seau Entreprendre","potentialAction":[{"@type":"SearchAction","target":{"@type":"EntryPoint","urlTemplate":"https:\/\/www.reseau-entreprendre.org\/normandie-seine-et-eure\/?s={search_term_string}"},"query-input":{"@type":"PropertyValueSpecification","valueRequired":true,"valueName":"search_term_string"}}],"inLanguage":"fr-FR"},{"@type":"Person","@id":"https:\/\/www.reseau-entreprendre.org\/normandie-seine-et-eure\/#\/schema\/person\/ea1544adaf33e8b3159c122d4c5c6c69","name":"normandie-seine-et-eure","image":{"@type":"ImageObject","inLanguage":"fr-FR","@id":"https:\/\/secure.gravatar.com\/avatar\/571e4acc2babe39cfd029045142dd70bef453b3d1a83b1031c158a470fc311b1?s=96&d=mm&r=g","url":"https:\/\/secure.gravatar.com\/avatar\/571e4acc2babe39cfd029045142dd70bef453b3d1a83b1031c158a470fc311b1?s=96&d=mm&r=g","contentUrl":"https:\/\/secure.gravatar.com\/avatar\/571e4acc2babe39cfd029045142dd70bef453b3d1a83b1031c158a470fc311b1?s=96&d=mm&r=g","caption":"normandie-seine-et-eure"},"url":"https:\/\/www.reseau-entreprendre.org\/normandie-seine-et-eure\/author\/normandie-seine-et-eure\/"}]}},"_links":{"self":[{"href":"https:\/\/www.reseau-entreprendre.org\/normandie-seine-et-eure\/wp-json\/wp\/v2\/posts\/4358","targetHints":{"allow":["GET"]}}],"collection":[{"href":"https:\/\/www.reseau-entreprendre.org\/normandie-seine-et-eure\/wp-json\/wp\/v2\/posts"}],"about":[{"href":"https:\/\/www.reseau-entreprendre.org\/normandie-seine-et-eure\/wp-json\/wp\/v2\/types\/post"}],"author":[{"embeddable":true,"href":"https:\/\/www.reseau-entreprendre.org\/normandie-seine-et-eure\/wp-json\/wp\/v2\/users\/54"}],"replies":[{"embeddable":true,"href":"https:\/\/www.reseau-entreprendre.org\/normandie-seine-et-eure\/wp-json\/wp\/v2\/comments?post=4358"}],"version-history":[{"count":8,"href":"https:\/\/www.reseau-entreprendre.org\/normandie-seine-et-eure\/wp-json\/wp\/v2\/posts\/4358\/revisions"}],"predecessor-version":[{"id":4370,"href":"https:\/\/www.reseau-entreprendre.org\/normandie-seine-et-eure\/wp-json\/wp\/v2\/posts\/4358\/revisions\/4370"}],"wp:featuredmedia":[{"embeddable":true,"href":"https:\/\/www.reseau-entreprendre.org\/normandie-seine-et-eure\/wp-json\/wp\/v2\/media\/4361"}],"wp:attachment":[{"href":"https:\/\/www.reseau-entreprendre.org\/normandie-seine-et-eure\/wp-json\/wp\/v2\/media?parent=4358"}],"wp:term":[{"taxonomy":"category","embeddable":true,"href":"https:\/\/www.reseau-entreprendre.org\/normandie-seine-et-eure\/wp-json\/wp\/v2\/categories?post=4358"},{"taxonomy":"post_tag","embeddable":true,"href":"https:\/\/www.reseau-entreprendre.org\/normandie-seine-et-eure\/wp-json\/wp\/v2\/tags?post=4358"}],"curies":[{"name":"wp","href":"https:\/\/api.w.org\/{rel}","templated":true}]}}