{"id":4371,"date":"2026-04-13T12:25:53","date_gmt":"2026-04-13T10:25:53","guid":{"rendered":"https:\/\/www.reseau-entreprendre.org\/normandie-seine-et-eure\/2026\/04\/13\/accompagnement-reprise-d-entreprise-seine-maritime-7-2\/"},"modified":"2026-04-13T12:25:53","modified_gmt":"2026-04-13T10:25:53","slug":"accompagnement-reprise-d-entreprise-seine-maritime-7-2","status":"publish","type":"post","link":"https:\/\/www.reseau-entreprendre.org\/normandie-seine-et-eure\/2026\/04\/13\/accompagnement-reprise-d-entreprise-seine-maritime-7-2\/","title":{"rendered":"Pierre RIGAUDIERE"},"content":{"rendered":"\n<h1 class=\"wp-block-heading\">Accompagnement Reprise d&#8217;entreprise &#8211; Seine-Maritime<\/h1>\n\n\n\n<div style=\"height:26px\" aria-hidden=\"true\" class=\"wp-block-spacer\"><\/div>\n\n\n\n<h2 class=\"wp-block-heading has-text-align-left\" id=\"laureat-start-promo-2021\">Entrepreneur Laur\u00e9at Parcours Reprise [Promo 2025]<\/h2>\n\n\n\n<div style=\"height:30px\" aria-hidden=\"true\" class=\"wp-block-spacer\"><\/div>\n\n\n\n<div class=\"wp-block-media-text alignwide is-stacked-on-mobile\" style=\"grid-template-columns:26% auto\"><figure class=\"wp-block-media-text__media\"><img loading=\"lazy\" decoding=\"async\" width=\"768\" height=\"1024\" src=\"https:\/\/www.reseau-entreprendre.org\/normandie-seine-et-eure\/wp-content\/uploads\/sites\/53\/2026\/02\/RIGAUDIERE-P_SAMPIC-GAZ_Photo-768x1024.jpg\" alt=\"\" class=\"wp-image-4352 size-full\" srcset=\"https:\/\/www.reseau-entreprendre.org\/normandie-seine-et-eure\/wp-content\/uploads\/sites\/53\/2026\/02\/RIGAUDIERE-P_SAMPIC-GAZ_Photo-768x1024.jpg 768w, https:\/\/www.reseau-entreprendre.org\/normandie-seine-et-eure\/wp-content\/uploads\/sites\/53\/2026\/02\/RIGAUDIERE-P_SAMPIC-GAZ_Photo-225x300.jpg 225w, https:\/\/www.reseau-entreprendre.org\/normandie-seine-et-eure\/wp-content\/uploads\/sites\/53\/2026\/02\/RIGAUDIERE-P_SAMPIC-GAZ_Photo-300x400.jpg 300w, https:\/\/www.reseau-entreprendre.org\/normandie-seine-et-eure\/wp-content\/uploads\/sites\/53\/2026\/02\/RIGAUDIERE-P_SAMPIC-GAZ_Photo-1152x1536.jpg 1152w, https:\/\/www.reseau-entreprendre.org\/normandie-seine-et-eure\/wp-content\/uploads\/sites\/53\/2026\/02\/RIGAUDIERE-P_SAMPIC-GAZ_Photo-98x130.jpg 98w, https:\/\/www.reseau-entreprendre.org\/normandie-seine-et-eure\/wp-content\/uploads\/sites\/53\/2026\/02\/RIGAUDIERE-P_SAMPIC-GAZ_Photo-75x100.jpg 75w, https:\/\/www.reseau-entreprendre.org\/normandie-seine-et-eure\/wp-content\/uploads\/sites\/53\/2026\/02\/RIGAUDIERE-P_SAMPIC-GAZ_Photo-scaled.jpg 855w\" sizes=\"auto, (max-width: 768px) 100vw, 768px\" \/><\/figure><div class=\"wp-block-media-text__content\">\n<h2 class=\"wp-block-heading has-text-align-left has-medium-font-size\">Accompagnement reprise d&#8217;entreprise &#8211; Seine-Maritime (76)<\/h2>\n\n\n\n<p><\/p>\n\n\n\n<p class=\"has-text-align-left has-medium-font-size\"><strong>R\u00e9seau Entreprendre\u00ae Normandie Seine &amp; Eure accompagne Pierre RIGAUDIERE dans le cadre de la reprise de la soci\u00e9t\u00e9 SAMPIC&#8217;GAZ <\/strong><em>(Sotteville-l\u00e8s-Rouen, 76)<\/em>.<\/p>\n<\/div><\/div>\n\n\n\n<p class=\"has-text-align-right\"><a href=\"https:\/\/www.reseau-entreprendre.org\/normandie-seine-et-eure\/wp-content\/uploads\/sites\/53\/2021\/05\/START_Fiche-parcours.pdf\" target=\"_blank\" rel=\"noreferrer noopener\">En savoir + sur le Parcours REPRISE<\/a><\/p>\n\n\n\n<div style=\"height:35px\" aria-hidden=\"true\" class=\"wp-block-spacer\"><\/div>\n\n\n\n<p><strong>Pierre RIGAUDIERE <\/strong>b\u00e9n\u00e9ficie de <strong>2 \u00e0 3 ans d&#8217;accompagnement gratuit par des chefs d&#8217;entreprise exp\u00e9riment\u00e9s<\/strong>, membres engag\u00e9s du R\u00e9seau Entreprendre\u00ae Normandie Seine &amp; Eure :<\/p>\n\n\n\n<h5 class=\"wp-block-heading has-text-align-left has-re-yellow-color has-text-color has-link-color wp-elements-aaf1cecf1f7229feb2040d720ba59905\" id=\"accompagnateur\" style=\"font-size:20px\"><strong><span class=\"has-inline-color has-re-yellow-color\">Accompagnement individuel :<\/span><\/strong><\/h5>\n\n\n\n<p><strong>Valentin DIONISI<\/strong>, dirigeant de la soci\u00e9t\u00e9 SPEB (Sainte-Marie des Champs, 76) &amp; <strong>Val\u00e9rie CHEFDEVILLE<\/strong>, dirigeante de CDV Finances (Le Vaudreuil, 27), Membres de R\u00e9seau Entreprendre Normandie Seine &amp; Eure vont accompagner Pierre pendant 2 ans minimum.<\/p>\n\n\n\n<ul class=\"wp-block-list\"><\/ul>\n\n\n\n<h5 class=\"wp-block-heading has-text-align-left has-re-yellow-color has-text-color has-link-color wp-elements-5e5d34c2784728298e172f51dbb6bdb3\" id=\"accompagnateur\" style=\"font-size:20px\"><strong>Accompagnement collectif :<\/strong><\/h5>\n\n\n\n<ul class=\"wp-block-list\">\n<li><strong>Club des Entrepreneurs Laur\u00e9ats : <\/strong>r\u00e9unions mensuelles d&#8217;\u00e9changes et de co-construction sur les th\u00e9matiques de l&#8217;entrepreneuriat, entraide et partage.<\/li>\n<\/ul>\n\n\n\n<p class=\"has-text-align-left\" style=\"font-size:16px\"><\/p>\n\n\n\n<hr class=\"wp-block-separator has-css-opacity\" \/>\n\n\n<div class=\"wp-block-image\">\n<figure class=\"aligncenter size-full is-resized\"><img loading=\"lazy\" decoding=\"async\" width=\"250\" height=\"250\" src=\"https:\/\/www.reseau-entreprendre.org\/normandie-seine-et-eure\/wp-content\/uploads\/sites\/53\/2026\/02\/RIGAUDIERE-P_SAMPIC-GAZ_Logo.png\" alt=\"\" class=\"wp-image-4355\" style=\"width:238px;height:auto\" srcset=\"https:\/\/www.reseau-entreprendre.org\/normandie-seine-et-eure\/wp-content\/uploads\/sites\/53\/2026\/02\/RIGAUDIERE-P_SAMPIC-GAZ_Logo.png 250w, https:\/\/www.reseau-entreprendre.org\/normandie-seine-et-eure\/wp-content\/uploads\/sites\/53\/2026\/02\/RIGAUDIERE-P_SAMPIC-GAZ_Logo-150x150.png 150w, https:\/\/www.reseau-entreprendre.org\/normandie-seine-et-eure\/wp-content\/uploads\/sites\/53\/2026\/02\/RIGAUDIERE-P_SAMPIC-GAZ_Logo-130x130.png 130w, https:\/\/www.reseau-entreprendre.org\/normandie-seine-et-eure\/wp-content\/uploads\/sites\/53\/2026\/02\/RIGAUDIERE-P_SAMPIC-GAZ_Logo-100x100.png 100w\" sizes=\"auto, (max-width: 250px) 100vw, 250px\" \/><\/figure>\n<\/div>\n\n\n<h5 class=\"wp-block-heading has-text-align-left\" id=\"activite\" style=\"font-size:26px\"><strong><span class=\"has-inline-color has-re-yellow-color\">Activit\u00e9 :<\/span><\/strong><\/h5>\n\n\n\n<p>Depuis 30 ans, SAMPIC&#8217;GAZ intervient dans les domaines de la plomberie, du chauffage, ainsi que la r\u00e9novation de salles de bains (acc\u00e8s PMR),l&#8217;installation de pompes \u00e0 chaleur&#8230;<\/p>\n\n\n\n<p class=\"has-text-align-right has-small-font-size\" style=\"font-style:normal;font-weight:500\"><br>SAMPIC&#8217;GAZ<br>1 avenue Jean Jaur\u00e8s &#8211; 76300 Sotteville-l\u00e8s-Rouen<br><a href=\"https:\/\/www.sampicgaz.fr\/\" target=\"_blank\" rel=\"noreferrer noopener\">https:\/\/www.sampicgaz.fr\/<\/a><\/p>\n\n\n\n<p class=\"has-text-align-right has-small-font-size\" style=\"font-style:normal;font-weight:500\"><\/p>\n\n\n\n<p class=\"has-text-align-right has-small-font-size\"><\/p>\n\n\n\n<p class=\"has-text-align-right has-small-font-size\"><\/p>\n\n\n\n<p class=\"has-text-align-right\"><\/p>\n\n\n\n<p><\/p>\n","protected":false},"excerpt":{"rendered":"<p>Accompagnement parcours reprise d&#8217;entreprise &#8211; Seine-Maritime (76)<\/p>\n","protected":false},"author":54,"featured_media":4352,"comment_status":"closed","ping_status":"open","sticky":false,"template":"","format":"standard","meta":{"_acf_changed":false,"_monsterinsights_skip_tracking":false,"_monsterinsights_sitenote_active":false,"_monsterinsights_sitenote_note":"","_monsterinsights_sitenote_category":0,"footnotes":""},"categories":[5],"tags":[25,18,56,19,20],"class_list":["post-4371","post","type-post","status-publish","format-standard","has-post-thumbnail","hentry","category-temoignages-laureats","tag-accompagnement","tag-accompagnement-reprise-dentreprise","tag-normandie","tag-reseau-entreprendre","tag-seine-maritime","testimonials"],"acf":[],"yoast_head":"<!-- This site is optimized with the Yoast SEO plugin v27.4 - https:\/\/yoast.com\/product\/yoast-seo-wordpress\/ -->\n<title>Accompagnement Parcours reprise d&#039;entreprise - Seine-Maritime<\/title>\n<meta name=\"description\" content=\"Pierre RIGAUDIERE, Accompagnement Parcours reprise d&#039;entreprise, SAMPIC&#039;GAZ, Seine-Maritime (76)\" \/>\n<meta name=\"robots\" content=\"index, follow, max-snippet:-1, max-image-preview:large, max-video-preview:-1\" \/>\n<link rel=\"canonical\" href=\"https:\/\/www.reseau-entreprendre.org\/normandie-seine-et-eure\/2026\/04\/13\/accompagnement-reprise-d-entreprise-seine-maritime-7-2\/\" \/>\n<meta property=\"og:locale\" content=\"fr_FR\" \/>\n<meta property=\"og:type\" content=\"article\" \/>\n<meta property=\"og:title\" content=\"Accompagnement Parcours reprise d&#039;entreprise - Seine-Maritime\" \/>\n<meta property=\"og:description\" content=\"Pierre RIGAUDIERE, Accompagnement Parcours reprise d&#039;entreprise, SAMPIC&#039;GAZ, Seine-Maritime (76)\" \/>\n<meta property=\"og:url\" content=\"https:\/\/www.reseau-entreprendre.org\/normandie-seine-et-eure\/2026\/04\/13\/accompagnement-reprise-d-entreprise-seine-maritime-7-2\/\" \/>\n<meta property=\"og:site_name\" content=\"R\u00e9seau Entreprendre Normandie Seine et Eure\" \/>\n<meta property=\"article:published_time\" content=\"2026-04-13T10:25:53+00:00\" \/>\n<meta property=\"og:image\" content=\"https:\/\/www.reseau-entreprendre.org\/normandie-seine-et-eure\/wp-content\/uploads\/sites\/53\/2026\/02\/RIGAUDIERE-P_SAMPIC-GAZ_Photo-scaled.jpg\" \/>\n\t<meta property=\"og:image:width\" content=\"855\" \/>\n\t<meta property=\"og:image:height\" content=\"1140\" \/>\n\t<meta property=\"og:image:type\" content=\"image\/jpeg\" \/>\n<meta name=\"author\" content=\"normandie-seine-et-eure\" \/>\n<meta name=\"twitter:card\" content=\"summary_large_image\" \/>\n<meta name=\"twitter:label1\" content=\"\u00c9crit par\" \/>\n\t<meta name=\"twitter:data1\" content=\"normandie-seine-et-eure\" \/>\n\t<meta name=\"twitter:label2\" content=\"Dur\u00e9e de lecture estim\u00e9e\" \/>\n\t<meta name=\"twitter:data2\" content=\"2 minutes\" \/>\n<script type=\"application\/ld+json\" class=\"yoast-schema-graph\">{\"@context\":\"https:\\\/\\\/schema.org\",\"@graph\":[{\"@type\":\"Article\",\"@id\":\"https:\\\/\\\/www.reseau-entreprendre.org\\\/normandie-seine-et-eure\\\/2026\\\/04\\\/13\\\/accompagnement-reprise-d-entreprise-seine-maritime-7-2\\\/#article\",\"isPartOf\":{\"@id\":\"https:\\\/\\\/www.reseau-entreprendre.org\\\/normandie-seine-et-eure\\\/2026\\\/04\\\/13\\\/accompagnement-reprise-d-entreprise-seine-maritime-7-2\\\/\"},\"author\":{\"name\":\"normandie-seine-et-eure\",\"@id\":\"https:\\\/\\\/www.reseau-entreprendre.org\\\/normandie-seine-et-eure\\\/#\\\/schema\\\/person\\\/ea1544adaf33e8b3159c122d4c5c6c69\"},\"headline\":\"Pierre RIGAUDIERE\",\"datePublished\":\"2026-04-13T10:25:53+00:00\",\"mainEntityOfPage\":{\"@id\":\"https:\\\/\\\/www.reseau-entreprendre.org\\\/normandie-seine-et-eure\\\/2026\\\/04\\\/13\\\/accompagnement-reprise-d-entreprise-seine-maritime-7-2\\\/\"},\"wordCount\":186,\"image\":{\"@id\":\"https:\\\/\\\/www.reseau-entreprendre.org\\\/normandie-seine-et-eure\\\/2026\\\/04\\\/13\\\/accompagnement-reprise-d-entreprise-seine-maritime-7-2\\\/#primaryimage\"},\"thumbnailUrl\":\"https:\\\/\\\/www.reseau-entreprendre.org\\\/normandie-seine-et-eure\\\/wp-content\\\/uploads\\\/sites\\\/53\\\/2026\\\/02\\\/RIGAUDIERE-P_SAMPIC-GAZ_Photo-scaled.jpg\",\"keywords\":[\"accompagnement\",\"accompagnement reprise d&#039;entreprise\",\"normandie\",\"r\u00e9seau entreprendre\",\"seine-maritime\"],\"articleSection\":[\"T\u00e9moignages laur\u00e9ats\"],\"inLanguage\":\"fr-FR\"},{\"@type\":\"WebPage\",\"@id\":\"https:\\\/\\\/www.reseau-entreprendre.org\\\/normandie-seine-et-eure\\\/2026\\\/04\\\/13\\\/accompagnement-reprise-d-entreprise-seine-maritime-7-2\\\/\",\"url\":\"https:\\\/\\\/www.reseau-entreprendre.org\\\/normandie-seine-et-eure\\\/2026\\\/04\\\/13\\\/accompagnement-reprise-d-entreprise-seine-maritime-7-2\\\/\",\"name\":\"Accompagnement Parcours reprise d'entreprise - Seine-Maritime\",\"isPartOf\":{\"@id\":\"https:\\\/\\\/www.reseau-entreprendre.org\\\/normandie-seine-et-eure\\\/#website\"},\"primaryImageOfPage\":{\"@id\":\"https:\\\/\\\/www.reseau-entreprendre.org\\\/normandie-seine-et-eure\\\/2026\\\/04\\\/13\\\/accompagnement-reprise-d-entreprise-seine-maritime-7-2\\\/#primaryimage\"},\"image\":{\"@id\":\"https:\\\/\\\/www.reseau-entreprendre.org\\\/normandie-seine-et-eure\\\/2026\\\/04\\\/13\\\/accompagnement-reprise-d-entreprise-seine-maritime-7-2\\\/#primaryimage\"},\"thumbnailUrl\":\"https:\\\/\\\/www.reseau-entreprendre.org\\\/normandie-seine-et-eure\\\/wp-content\\\/uploads\\\/sites\\\/53\\\/2026\\\/02\\\/RIGAUDIERE-P_SAMPIC-GAZ_Photo-scaled.jpg\",\"datePublished\":\"2026-04-13T10:25:53+00:00\",\"author\":{\"@id\":\"https:\\\/\\\/www.reseau-entreprendre.org\\\/normandie-seine-et-eure\\\/#\\\/schema\\\/person\\\/ea1544adaf33e8b3159c122d4c5c6c69\"},\"description\":\"Pierre RIGAUDIERE, Accompagnement Parcours reprise d'entreprise, SAMPIC'GAZ, Seine-Maritime (76)\",\"breadcrumb\":{\"@id\":\"https:\\\/\\\/www.reseau-entreprendre.org\\\/normandie-seine-et-eure\\\/2026\\\/04\\\/13\\\/accompagnement-reprise-d-entreprise-seine-maritime-7-2\\\/#breadcrumb\"},\"inLanguage\":\"fr-FR\",\"potentialAction\":[{\"@type\":\"ReadAction\",\"target\":[\"https:\\\/\\\/www.reseau-entreprendre.org\\\/normandie-seine-et-eure\\\/2026\\\/04\\\/13\\\/accompagnement-reprise-d-entreprise-seine-maritime-7-2\\\/\"]}]},{\"@type\":\"ImageObject\",\"inLanguage\":\"fr-FR\",\"@id\":\"https:\\\/\\\/www.reseau-entreprendre.org\\\/normandie-seine-et-eure\\\/2026\\\/04\\\/13\\\/accompagnement-reprise-d-entreprise-seine-maritime-7-2\\\/#primaryimage\",\"url\":\"https:\\\/\\\/www.reseau-entreprendre.org\\\/normandie-seine-et-eure\\\/wp-content\\\/uploads\\\/sites\\\/53\\\/2026\\\/02\\\/RIGAUDIERE-P_SAMPIC-GAZ_Photo-scaled.jpg\",\"contentUrl\":\"https:\\\/\\\/www.reseau-entreprendre.org\\\/normandie-seine-et-eure\\\/wp-content\\\/uploads\\\/sites\\\/53\\\/2026\\\/02\\\/RIGAUDIERE-P_SAMPIC-GAZ_Photo-scaled.jpg\",\"width\":855,\"height\":1140},{\"@type\":\"BreadcrumbList\",\"@id\":\"https:\\\/\\\/www.reseau-entreprendre.org\\\/normandie-seine-et-eure\\\/2026\\\/04\\\/13\\\/accompagnement-reprise-d-entreprise-seine-maritime-7-2\\\/#breadcrumb\",\"itemListElement\":[{\"@type\":\"ListItem\",\"position\":1,\"name\":\"Accueil\",\"item\":\"https:\\\/\\\/www.reseau-entreprendre.org\\\/normandie-seine-et-eure\\\/\"},{\"@type\":\"ListItem\",\"position\":2,\"name\":\"Pierre RIGAUDIERE\"}]},{\"@type\":\"WebSite\",\"@id\":\"https:\\\/\\\/www.reseau-entreprendre.org\\\/normandie-seine-et-eure\\\/#website\",\"url\":\"https:\\\/\\\/www.reseau-entreprendre.org\\\/normandie-seine-et-eure\\\/\",\"name\":\"R\u00e9seau Entreprendre Normandie Seine et Eure\",\"description\":\"Un site utilisant Les sites de R\u00e9seau Entreprendre\",\"potentialAction\":[{\"@type\":\"SearchAction\",\"target\":{\"@type\":\"EntryPoint\",\"urlTemplate\":\"https:\\\/\\\/www.reseau-entreprendre.org\\\/normandie-seine-et-eure\\\/?s={search_term_string}\"},\"query-input\":{\"@type\":\"PropertyValueSpecification\",\"valueRequired\":true,\"valueName\":\"search_term_string\"}}],\"inLanguage\":\"fr-FR\"},{\"@type\":\"Person\",\"@id\":\"https:\\\/\\\/www.reseau-entreprendre.org\\\/normandie-seine-et-eure\\\/#\\\/schema\\\/person\\\/ea1544adaf33e8b3159c122d4c5c6c69\",\"name\":\"normandie-seine-et-eure\",\"image\":{\"@type\":\"ImageObject\",\"inLanguage\":\"fr-FR\",\"@id\":\"https:\\\/\\\/secure.gravatar.com\\\/avatar\\\/571e4acc2babe39cfd029045142dd70bef453b3d1a83b1031c158a470fc311b1?s=96&d=mm&r=g\",\"url\":\"https:\\\/\\\/secure.gravatar.com\\\/avatar\\\/571e4acc2babe39cfd029045142dd70bef453b3d1a83b1031c158a470fc311b1?s=96&d=mm&r=g\",\"contentUrl\":\"https:\\\/\\\/secure.gravatar.com\\\/avatar\\\/571e4acc2babe39cfd029045142dd70bef453b3d1a83b1031c158a470fc311b1?s=96&d=mm&r=g\",\"caption\":\"normandie-seine-et-eure\"},\"url\":\"https:\\\/\\\/www.reseau-entreprendre.org\\\/normandie-seine-et-eure\\\/author\\\/normandie-seine-et-eure\\\/\"}]}<\/script>\n<!-- \/ Yoast SEO plugin. -->","yoast_head_json":{"title":"Accompagnement Parcours reprise d'entreprise - Seine-Maritime","description":"Pierre RIGAUDIERE, Accompagnement Parcours reprise d'entreprise, SAMPIC'GAZ, Seine-Maritime (76)","robots":{"index":"index","follow":"follow","max-snippet":"max-snippet:-1","max-image-preview":"max-image-preview:large","max-video-preview":"max-video-preview:-1"},"canonical":"https:\/\/www.reseau-entreprendre.org\/normandie-seine-et-eure\/2026\/04\/13\/accompagnement-reprise-d-entreprise-seine-maritime-7-2\/","og_locale":"fr_FR","og_type":"article","og_title":"Accompagnement Parcours reprise d'entreprise - Seine-Maritime","og_description":"Pierre RIGAUDIERE, Accompagnement Parcours reprise d'entreprise, SAMPIC'GAZ, Seine-Maritime (76)","og_url":"https:\/\/www.reseau-entreprendre.org\/normandie-seine-et-eure\/2026\/04\/13\/accompagnement-reprise-d-entreprise-seine-maritime-7-2\/","og_site_name":"R\u00e9seau Entreprendre Normandie Seine et Eure","article_published_time":"2026-04-13T10:25:53+00:00","og_image":[{"width":855,"height":1140,"url":"https:\/\/www.reseau-entreprendre.org\/normandie-seine-et-eure\/wp-content\/uploads\/sites\/53\/2026\/02\/RIGAUDIERE-P_SAMPIC-GAZ_Photo-scaled.jpg","type":"image\/jpeg"}],"author":"normandie-seine-et-eure","twitter_card":"summary_large_image","twitter_misc":{"\u00c9crit par":"normandie-seine-et-eure","Dur\u00e9e de lecture estim\u00e9e":"2 minutes"},"schema":{"@context":"https:\/\/schema.org","@graph":[{"@type":"Article","@id":"https:\/\/www.reseau-entreprendre.org\/normandie-seine-et-eure\/2026\/04\/13\/accompagnement-reprise-d-entreprise-seine-maritime-7-2\/#article","isPartOf":{"@id":"https:\/\/www.reseau-entreprendre.org\/normandie-seine-et-eure\/2026\/04\/13\/accompagnement-reprise-d-entreprise-seine-maritime-7-2\/"},"author":{"name":"normandie-seine-et-eure","@id":"https:\/\/www.reseau-entreprendre.org\/normandie-seine-et-eure\/#\/schema\/person\/ea1544adaf33e8b3159c122d4c5c6c69"},"headline":"Pierre RIGAUDIERE","datePublished":"2026-04-13T10:25:53+00:00","mainEntityOfPage":{"@id":"https:\/\/www.reseau-entreprendre.org\/normandie-seine-et-eure\/2026\/04\/13\/accompagnement-reprise-d-entreprise-seine-maritime-7-2\/"},"wordCount":186,"image":{"@id":"https:\/\/www.reseau-entreprendre.org\/normandie-seine-et-eure\/2026\/04\/13\/accompagnement-reprise-d-entreprise-seine-maritime-7-2\/#primaryimage"},"thumbnailUrl":"https:\/\/www.reseau-entreprendre.org\/normandie-seine-et-eure\/wp-content\/uploads\/sites\/53\/2026\/02\/RIGAUDIERE-P_SAMPIC-GAZ_Photo-scaled.jpg","keywords":["accompagnement","accompagnement reprise d&#039;entreprise","normandie","r\u00e9seau entreprendre","seine-maritime"],"articleSection":["T\u00e9moignages laur\u00e9ats"],"inLanguage":"fr-FR"},{"@type":"WebPage","@id":"https:\/\/www.reseau-entreprendre.org\/normandie-seine-et-eure\/2026\/04\/13\/accompagnement-reprise-d-entreprise-seine-maritime-7-2\/","url":"https:\/\/www.reseau-entreprendre.org\/normandie-seine-et-eure\/2026\/04\/13\/accompagnement-reprise-d-entreprise-seine-maritime-7-2\/","name":"Accompagnement Parcours reprise d'entreprise - Seine-Maritime","isPartOf":{"@id":"https:\/\/www.reseau-entreprendre.org\/normandie-seine-et-eure\/#website"},"primaryImageOfPage":{"@id":"https:\/\/www.reseau-entreprendre.org\/normandie-seine-et-eure\/2026\/04\/13\/accompagnement-reprise-d-entreprise-seine-maritime-7-2\/#primaryimage"},"image":{"@id":"https:\/\/www.reseau-entreprendre.org\/normandie-seine-et-eure\/2026\/04\/13\/accompagnement-reprise-d-entreprise-seine-maritime-7-2\/#primaryimage"},"thumbnailUrl":"https:\/\/www.reseau-entreprendre.org\/normandie-seine-et-eure\/wp-content\/uploads\/sites\/53\/2026\/02\/RIGAUDIERE-P_SAMPIC-GAZ_Photo-scaled.jpg","datePublished":"2026-04-13T10:25:53+00:00","author":{"@id":"https:\/\/www.reseau-entreprendre.org\/normandie-seine-et-eure\/#\/schema\/person\/ea1544adaf33e8b3159c122d4c5c6c69"},"description":"Pierre RIGAUDIERE, Accompagnement Parcours reprise d'entreprise, SAMPIC'GAZ, Seine-Maritime (76)","breadcrumb":{"@id":"https:\/\/www.reseau-entreprendre.org\/normandie-seine-et-eure\/2026\/04\/13\/accompagnement-reprise-d-entreprise-seine-maritime-7-2\/#breadcrumb"},"inLanguage":"fr-FR","potentialAction":[{"@type":"ReadAction","target":["https:\/\/www.reseau-entreprendre.org\/normandie-seine-et-eure\/2026\/04\/13\/accompagnement-reprise-d-entreprise-seine-maritime-7-2\/"]}]},{"@type":"ImageObject","inLanguage":"fr-FR","@id":"https:\/\/www.reseau-entreprendre.org\/normandie-seine-et-eure\/2026\/04\/13\/accompagnement-reprise-d-entreprise-seine-maritime-7-2\/#primaryimage","url":"https:\/\/www.reseau-entreprendre.org\/normandie-seine-et-eure\/wp-content\/uploads\/sites\/53\/2026\/02\/RIGAUDIERE-P_SAMPIC-GAZ_Photo-scaled.jpg","contentUrl":"https:\/\/www.reseau-entreprendre.org\/normandie-seine-et-eure\/wp-content\/uploads\/sites\/53\/2026\/02\/RIGAUDIERE-P_SAMPIC-GAZ_Photo-scaled.jpg","width":855,"height":1140},{"@type":"BreadcrumbList","@id":"https:\/\/www.reseau-entreprendre.org\/normandie-seine-et-eure\/2026\/04\/13\/accompagnement-reprise-d-entreprise-seine-maritime-7-2\/#breadcrumb","itemListElement":[{"@type":"ListItem","position":1,"name":"Accueil","item":"https:\/\/www.reseau-entreprendre.org\/normandie-seine-et-eure\/"},{"@type":"ListItem","position":2,"name":"Pierre RIGAUDIERE"}]},{"@type":"WebSite","@id":"https:\/\/www.reseau-entreprendre.org\/normandie-seine-et-eure\/#website","url":"https:\/\/www.reseau-entreprendre.org\/normandie-seine-et-eure\/","name":"R\u00e9seau Entreprendre Normandie Seine et Eure","description":"Un site utilisant Les sites de R\u00e9seau Entreprendre","potentialAction":[{"@type":"SearchAction","target":{"@type":"EntryPoint","urlTemplate":"https:\/\/www.reseau-entreprendre.org\/normandie-seine-et-eure\/?s={search_term_string}"},"query-input":{"@type":"PropertyValueSpecification","valueRequired":true,"valueName":"search_term_string"}}],"inLanguage":"fr-FR"},{"@type":"Person","@id":"https:\/\/www.reseau-entreprendre.org\/normandie-seine-et-eure\/#\/schema\/person\/ea1544adaf33e8b3159c122d4c5c6c69","name":"normandie-seine-et-eure","image":{"@type":"ImageObject","inLanguage":"fr-FR","@id":"https:\/\/secure.gravatar.com\/avatar\/571e4acc2babe39cfd029045142dd70bef453b3d1a83b1031c158a470fc311b1?s=96&d=mm&r=g","url":"https:\/\/secure.gravatar.com\/avatar\/571e4acc2babe39cfd029045142dd70bef453b3d1a83b1031c158a470fc311b1?s=96&d=mm&r=g","contentUrl":"https:\/\/secure.gravatar.com\/avatar\/571e4acc2babe39cfd029045142dd70bef453b3d1a83b1031c158a470fc311b1?s=96&d=mm&r=g","caption":"normandie-seine-et-eure"},"url":"https:\/\/www.reseau-entreprendre.org\/normandie-seine-et-eure\/author\/normandie-seine-et-eure\/"}]}},"_links":{"self":[{"href":"https:\/\/www.reseau-entreprendre.org\/normandie-seine-et-eure\/wp-json\/wp\/v2\/posts\/4371","targetHints":{"allow":["GET"]}}],"collection":[{"href":"https:\/\/www.reseau-entreprendre.org\/normandie-seine-et-eure\/wp-json\/wp\/v2\/posts"}],"about":[{"href":"https:\/\/www.reseau-entreprendre.org\/normandie-seine-et-eure\/wp-json\/wp\/v2\/types\/post"}],"author":[{"embeddable":true,"href":"https:\/\/www.reseau-entreprendre.org\/normandie-seine-et-eure\/wp-json\/wp\/v2\/users\/54"}],"replies":[{"embeddable":true,"href":"https:\/\/www.reseau-entreprendre.org\/normandie-seine-et-eure\/wp-json\/wp\/v2\/comments?post=4371"}],"version-history":[{"count":0,"href":"https:\/\/www.reseau-entreprendre.org\/normandie-seine-et-eure\/wp-json\/wp\/v2\/posts\/4371\/revisions"}],"wp:featuredmedia":[{"embeddable":true,"href":"https:\/\/www.reseau-entreprendre.org\/normandie-seine-et-eure\/wp-json\/wp\/v2\/media\/4352"}],"wp:attachment":[{"href":"https:\/\/www.reseau-entreprendre.org\/normandie-seine-et-eure\/wp-json\/wp\/v2\/media?parent=4371"}],"wp:term":[{"taxonomy":"category","embeddable":true,"href":"https:\/\/www.reseau-entreprendre.org\/normandie-seine-et-eure\/wp-json\/wp\/v2\/categories?post=4371"},{"taxonomy":"post_tag","embeddable":true,"href":"https:\/\/www.reseau-entreprendre.org\/normandie-seine-et-eure\/wp-json\/wp\/v2\/tags?post=4371"}],"curies":[{"name":"wp","href":"https:\/\/api.w.org\/{rel}","templated":true}]}}