{"id":3997,"date":"2022-04-07T15:01:40","date_gmt":"2022-04-07T13:01:40","guid":{"rendered":"https:\/\/www.reseau-entreprendre.org\/occitanie-garonne\/?p=3997"},"modified":"2022-04-12T12:04:34","modified_gmt":"2022-04-12T10:04:34","slug":"ag2022","status":"publish","type":"post","link":"https:\/\/www.reseau-entreprendre.org\/occitanie-garonne\/2022\/04\/07\/ag2022\/","title":{"rendered":"ASSEMBLEE GENERALE DE R\u00e9seau Entreprendre Occitanie Garonne : S-2 !"},"content":{"rendered":"\n<div class=\"wp-block-image is-style-default\"><figure class=\"alignleft size-full\"><img loading=\"lazy\" decoding=\"async\" width=\"300\" height=\"300\" src=\"https:\/\/www.reseau-entreprendre.org\/occitanie-garonne\/wp-content\/uploads\/sites\/69\/2022\/04\/Visuel-AG-pour-site-web.png\" alt=\"\" class=\"wp-image-3998\" srcset=\"https:\/\/www.reseau-entreprendre.org\/occitanie-garonne\/wp-content\/uploads\/sites\/69\/2022\/04\/Visuel-AG-pour-site-web.png 300w, https:\/\/www.reseau-entreprendre.org\/occitanie-garonne\/wp-content\/uploads\/sites\/69\/2022\/04\/Visuel-AG-pour-site-web-150x150.png 150w, https:\/\/www.reseau-entreprendre.org\/occitanie-garonne\/wp-content\/uploads\/sites\/69\/2022\/04\/Visuel-AG-pour-site-web-130x130.png 130w\" sizes=\"auto, (max-width: 300px) 100vw, 300px\" \/><\/figure><\/div>\n\n\n\n<p class=\"Default\">La &#8220;traditionnelle&#8221; Assembl\u00e9e G\u00e9n\u00e9rale de l&#8217;association aura lieu le jeudi 21 avril prochain.<br>Mais pas si traditionnelle que \u00e7a puisqu&#8217;elle se tiendra au Palais des sports de Toulouse pour un format in\u00e9dit.<\/p>\n\n\n\n<p>En effet, apr\u00e8s 2 ans d&#8217;AG organis\u00e9e en visio puis en format hybride l&#8217;an dernier, l&#8217;\u00e9v\u00e9nement renoue avec le format pr\u00e9sentiel et l&#8217;\u00e9quipe de l&#8217;association concocte \u00e0 cette occasion des surprises \u00e0 ses invit\u00e9s.<\/p>\n\n\n\n<p><strong>Un d\u00e9roul\u00e9 d&#8217;AG<\/strong> <strong>all\u00e9chant<\/strong><\/p>\n\n\n\n<p>La manifestation, ouverte uniquement aux membres, laur\u00e9ats et partenaires de l&#8217;association, proposera ainsi un encha\u00eenement original puisqu&#8217;apr\u00e8s la pr\u00e9sentation de l&#8217;ann\u00e9e \u00e9coul\u00e9e par Jean-Fran\u00e7ois BATTESTI, pr\u00e9sident de l&#8217;association, Laurence ARNOULD, directrice et Sylvie FALSON, tr\u00e9sori\u00e8re, les participants seront mis \u00e0 l&#8217;\u00e9preuve (pour celles et ceux qui le souhaitent !)\u2026<br>Un cocktail d\u00e9jeunatoire viendra clore cette rencontre.<\/p>\n\n\n\n<p>R\u00e9seau Entreprendre Occitanie Garonne donne rdv \u00e0 sa communaut\u00e9 le 21 avril !<\/p>\n\n\n\n<p><strong>Infos pratiques :<\/strong><\/p>\n\n\n\n<p><strong>Jeudi 21 avril, Palais des sports de Toulouse, \u00e0 partir de 11h<\/strong> <strong>&#8211; entr\u00e9e sur invitation<\/strong><\/p>\n\n\n\n<p><strong>Programme :<\/strong><br><strong>11h : Assembl\u00e9e G\u00e9n\u00e9rale : rapport moral, d&#8217;activit\u00e9, financier et perspectives,<br>12h :<\/strong> <strong>Animation,<br>12h30 : Cocktail<\/strong><\/p>\n\n\n\n<p><strong>Contact :<\/strong> <strong>ctrastet@reseau-entreprendre.org<\/strong><\/p>\n","protected":false},"excerpt":{"rendered":"<p>La &#8220;traditionnelle&#8221; Assembl\u00e9e G\u00e9n\u00e9rale de l&#8217;association aura lieu le jeudi<\/p>\n","protected":false},"author":75,"featured_media":3998,"comment_status":"closed","ping_status":"open","sticky":false,"template":"","format":"standard","meta":{"_acf_changed":false,"_monsterinsights_skip_tracking":false,"_monsterinsights_sitenote_active":false,"_monsterinsights_sitenote_note":"","_monsterinsights_sitenote_category":0,"footnotes":""},"categories":[4],"tags":[],"class_list":["post-3997","post","type-post","status-publish","format-standard","has-post-thumbnail","hentry","category-actualites","news"],"acf":[],"yoast_head":"<!-- This site is optimized with the Yoast SEO plugin v27.4 - https:\/\/yoast.com\/product\/yoast-seo-wordpress\/ -->\n<title>ASSEMBLEE GENERALE DE R\u00e9seau Entreprendre Occitanie Garonne : S-2 ! - R\u00e9seau Entreprendre Occitanie-Garonne<\/title>\n<meta name=\"robots\" content=\"index, follow, max-snippet:-1, max-image-preview:large, max-video-preview:-1\" \/>\n<link rel=\"canonical\" href=\"https:\/\/www.reseau-entreprendre.org\/occitanie-garonne\/2022\/04\/07\/ag2022\/\" \/>\n<meta property=\"og:locale\" content=\"fr_FR\" \/>\n<meta property=\"og:type\" content=\"article\" \/>\n<meta property=\"og:title\" content=\"ASSEMBLEE GENERALE DE R\u00e9seau Entreprendre Occitanie Garonne : S-2 ! - R\u00e9seau Entreprendre Occitanie-Garonne\" \/>\n<meta property=\"og:description\" content=\"La &#8220;traditionnelle&#8221; Assembl\u00e9e G\u00e9n\u00e9rale de l&#8217;association aura lieu le jeudi\" \/>\n<meta property=\"og:url\" content=\"https:\/\/www.reseau-entreprendre.org\/occitanie-garonne\/2022\/04\/07\/ag2022\/\" \/>\n<meta property=\"og:site_name\" content=\"R\u00e9seau Entreprendre Occitanie-Garonne\" \/>\n<meta property=\"article:publisher\" content=\"https:\/\/www.facebook.com\/R%c3%a9seau-Entreprendre-Occitanie-Garonne-1459398670993843\/?ref=bookmarks\" \/>\n<meta property=\"article:author\" content=\"https:\/\/www.facebook.com\/ReseauEntreprendreOccitanieGaronne\/\" \/>\n<meta property=\"article:published_time\" content=\"2022-04-07T13:01:40+00:00\" \/>\n<meta property=\"article:modified_time\" content=\"2022-04-12T10:04:34+00:00\" \/>\n<meta property=\"og:image\" content=\"https:\/\/www.reseau-entreprendre.org\/occitanie-garonne\/wp-content\/uploads\/sites\/69\/2022\/04\/Visuel-AG-pour-site-web.png\" \/>\n\t<meta property=\"og:image:width\" content=\"300\" \/>\n\t<meta property=\"og:image:height\" content=\"300\" \/>\n\t<meta property=\"og:image:type\" content=\"image\/png\" \/>\n<meta name=\"author\" content=\"REOG\" \/>\n<meta name=\"twitter:card\" content=\"summary_large_image\" \/>\n<meta name=\"twitter:creator\" content=\"@https:\/\/twitter.com\/RE_OccitanieGar\" \/>\n<meta name=\"twitter:label1\" content=\"\u00c9crit par\" \/>\n\t<meta name=\"twitter:data1\" content=\"REOG\" \/>\n\t<meta name=\"twitter:label2\" content=\"Dur\u00e9e de lecture estim\u00e9e\" \/>\n\t<meta name=\"twitter:data2\" content=\"2 minutes\" \/>\n<script type=\"application\/ld+json\" class=\"yoast-schema-graph\">{\"@context\":\"https:\\\/\\\/schema.org\",\"@graph\":[{\"@type\":\"Article\",\"@id\":\"https:\\\/\\\/www.reseau-entreprendre.org\\\/occitanie-garonne\\\/2022\\\/04\\\/07\\\/ag2022\\\/#article\",\"isPartOf\":{\"@id\":\"https:\\\/\\\/www.reseau-entreprendre.org\\\/occitanie-garonne\\\/2022\\\/04\\\/07\\\/ag2022\\\/\"},\"author\":{\"name\":\"REOG\",\"@id\":\"https:\\\/\\\/www.reseau-entreprendre.org\\\/occitanie-garonne\\\/#\\\/schema\\\/person\\\/2c64ce52f920fe9afbdd67dc2b592526\"},\"headline\":\"ASSEMBLEE GENERALE DE R\u00e9seau Entreprendre Occitanie Garonne : S-2 !\",\"datePublished\":\"2022-04-07T13:01:40+00:00\",\"dateModified\":\"2022-04-12T10:04:34+00:00\",\"mainEntityOfPage\":{\"@id\":\"https:\\\/\\\/www.reseau-entreprendre.org\\\/occitanie-garonne\\\/2022\\\/04\\\/07\\\/ag2022\\\/\"},\"wordCount\":214,\"image\":{\"@id\":\"https:\\\/\\\/www.reseau-entreprendre.org\\\/occitanie-garonne\\\/2022\\\/04\\\/07\\\/ag2022\\\/#primaryimage\"},\"thumbnailUrl\":\"https:\\\/\\\/www.reseau-entreprendre.org\\\/occitanie-garonne\\\/wp-content\\\/uploads\\\/sites\\\/69\\\/2022\\\/04\\\/Visuel-AG-pour-site-web.png\",\"articleSection\":[\"Actualit\u00e9s\"],\"inLanguage\":\"fr-FR\"},{\"@type\":\"WebPage\",\"@id\":\"https:\\\/\\\/www.reseau-entreprendre.org\\\/occitanie-garonne\\\/2022\\\/04\\\/07\\\/ag2022\\\/\",\"url\":\"https:\\\/\\\/www.reseau-entreprendre.org\\\/occitanie-garonne\\\/2022\\\/04\\\/07\\\/ag2022\\\/\",\"name\":\"ASSEMBLEE GENERALE DE R\u00e9seau Entreprendre Occitanie Garonne : S-2 ! - R\u00e9seau Entreprendre Occitanie-Garonne\",\"isPartOf\":{\"@id\":\"https:\\\/\\\/www.reseau-entreprendre.org\\\/occitanie-garonne\\\/#website\"},\"primaryImageOfPage\":{\"@id\":\"https:\\\/\\\/www.reseau-entreprendre.org\\\/occitanie-garonne\\\/2022\\\/04\\\/07\\\/ag2022\\\/#primaryimage\"},\"image\":{\"@id\":\"https:\\\/\\\/www.reseau-entreprendre.org\\\/occitanie-garonne\\\/2022\\\/04\\\/07\\\/ag2022\\\/#primaryimage\"},\"thumbnailUrl\":\"https:\\\/\\\/www.reseau-entreprendre.org\\\/occitanie-garonne\\\/wp-content\\\/uploads\\\/sites\\\/69\\\/2022\\\/04\\\/Visuel-AG-pour-site-web.png\",\"datePublished\":\"2022-04-07T13:01:40+00:00\",\"dateModified\":\"2022-04-12T10:04:34+00:00\",\"author\":{\"@id\":\"https:\\\/\\\/www.reseau-entreprendre.org\\\/occitanie-garonne\\\/#\\\/schema\\\/person\\\/2c64ce52f920fe9afbdd67dc2b592526\"},\"breadcrumb\":{\"@id\":\"https:\\\/\\\/www.reseau-entreprendre.org\\\/occitanie-garonne\\\/2022\\\/04\\\/07\\\/ag2022\\\/#breadcrumb\"},\"inLanguage\":\"fr-FR\",\"potentialAction\":[{\"@type\":\"ReadAction\",\"target\":[\"https:\\\/\\\/www.reseau-entreprendre.org\\\/occitanie-garonne\\\/2022\\\/04\\\/07\\\/ag2022\\\/\"]}]},{\"@type\":\"ImageObject\",\"inLanguage\":\"fr-FR\",\"@id\":\"https:\\\/\\\/www.reseau-entreprendre.org\\\/occitanie-garonne\\\/2022\\\/04\\\/07\\\/ag2022\\\/#primaryimage\",\"url\":\"https:\\\/\\\/www.reseau-entreprendre.org\\\/occitanie-garonne\\\/wp-content\\\/uploads\\\/sites\\\/69\\\/2022\\\/04\\\/Visuel-AG-pour-site-web.png\",\"contentUrl\":\"https:\\\/\\\/www.reseau-entreprendre.org\\\/occitanie-garonne\\\/wp-content\\\/uploads\\\/sites\\\/69\\\/2022\\\/04\\\/Visuel-AG-pour-site-web.png\",\"width\":300,\"height\":300},{\"@type\":\"BreadcrumbList\",\"@id\":\"https:\\\/\\\/www.reseau-entreprendre.org\\\/occitanie-garonne\\\/2022\\\/04\\\/07\\\/ag2022\\\/#breadcrumb\",\"itemListElement\":[{\"@type\":\"ListItem\",\"position\":1,\"name\":\"Accueil\",\"item\":\"https:\\\/\\\/www.reseau-entreprendre.org\\\/occitanie-garonne\\\/\"},{\"@type\":\"ListItem\",\"position\":2,\"name\":\"ASSEMBLEE GENERALE DE R\u00e9seau Entreprendre Occitanie Garonne : S-2 !\"}]},{\"@type\":\"WebSite\",\"@id\":\"https:\\\/\\\/www.reseau-entreprendre.org\\\/occitanie-garonne\\\/#website\",\"url\":\"https:\\\/\\\/www.reseau-entreprendre.org\\\/occitanie-garonne\\\/\",\"name\":\"R\u00e9seau Entreprendre Occitanie-Garonne\",\"description\":\"Un site de R\u00e9seau Entreprendre\",\"potentialAction\":[{\"@type\":\"SearchAction\",\"target\":{\"@type\":\"EntryPoint\",\"urlTemplate\":\"https:\\\/\\\/www.reseau-entreprendre.org\\\/occitanie-garonne\\\/?s={search_term_string}\"},\"query-input\":{\"@type\":\"PropertyValueSpecification\",\"valueRequired\":true,\"valueName\":\"search_term_string\"}}],\"inLanguage\":\"fr-FR\"},{\"@type\":\"Person\",\"@id\":\"https:\\\/\\\/www.reseau-entreprendre.org\\\/occitanie-garonne\\\/#\\\/schema\\\/person\\\/2c64ce52f920fe9afbdd67dc2b592526\",\"name\":\"REOG\",\"image\":{\"@type\":\"ImageObject\",\"inLanguage\":\"fr-FR\",\"@id\":\"https:\\\/\\\/secure.gravatar.com\\\/avatar\\\/916b79c7fceebf1c4fa4d274e5a7947bd1a01baa64ac634dd0eeb63bcb82e8ce?s=96&d=mm&r=g\",\"url\":\"https:\\\/\\\/secure.gravatar.com\\\/avatar\\\/916b79c7fceebf1c4fa4d274e5a7947bd1a01baa64ac634dd0eeb63bcb82e8ce?s=96&d=mm&r=g\",\"contentUrl\":\"https:\\\/\\\/secure.gravatar.com\\\/avatar\\\/916b79c7fceebf1c4fa4d274e5a7947bd1a01baa64ac634dd0eeb63bcb82e8ce?s=96&d=mm&r=g\",\"caption\":\"REOG\"},\"sameAs\":[\"https:\\\/\\\/www.reseau-entreprendre.org\\\/occitanie-garonne\\\/\",\"https:\\\/\\\/www.facebook.com\\\/ReseauEntreprendreOccitanieGaronne\\\/\",\"https:\\\/\\\/www.linkedin.com\\\/company\\\/reseau-entreprendre-occitanie-garonne\\\/?viewAsMember=true\",\"https:\\\/\\\/x.com\\\/https:\\\/\\\/twitter.com\\\/RE_OccitanieGar\",\"https:\\\/\\\/www.youtube.com\\\/channel\\\/UCm8DOenWExwEKLIRPYAZP_A?view_as=subscriber\"],\"url\":\"https:\\\/\\\/www.reseau-entreprendre.org\\\/occitanie-garonne\\\/author\\\/reog\\\/\"}]}<\/script>\n<!-- \/ Yoast SEO plugin. -->","yoast_head_json":{"title":"ASSEMBLEE GENERALE DE R\u00e9seau Entreprendre Occitanie Garonne : S-2 ! - R\u00e9seau Entreprendre Occitanie-Garonne","robots":{"index":"index","follow":"follow","max-snippet":"max-snippet:-1","max-image-preview":"max-image-preview:large","max-video-preview":"max-video-preview:-1"},"canonical":"https:\/\/www.reseau-entreprendre.org\/occitanie-garonne\/2022\/04\/07\/ag2022\/","og_locale":"fr_FR","og_type":"article","og_title":"ASSEMBLEE GENERALE DE R\u00e9seau Entreprendre Occitanie Garonne : S-2 ! - R\u00e9seau Entreprendre Occitanie-Garonne","og_description":"La &#8220;traditionnelle&#8221; Assembl\u00e9e G\u00e9n\u00e9rale de l&#8217;association aura lieu le jeudi","og_url":"https:\/\/www.reseau-entreprendre.org\/occitanie-garonne\/2022\/04\/07\/ag2022\/","og_site_name":"R\u00e9seau Entreprendre Occitanie-Garonne","article_publisher":"https:\/\/www.facebook.com\/R%c3%a9seau-Entreprendre-Occitanie-Garonne-1459398670993843\/?ref=bookmarks","article_author":"https:\/\/www.facebook.com\/ReseauEntreprendreOccitanieGaronne\/","article_published_time":"2022-04-07T13:01:40+00:00","article_modified_time":"2022-04-12T10:04:34+00:00","og_image":[{"width":300,"height":300,"url":"https:\/\/www.reseau-entreprendre.org\/occitanie-garonne\/wp-content\/uploads\/sites\/69\/2022\/04\/Visuel-AG-pour-site-web.png","type":"image\/png"}],"author":"REOG","twitter_card":"summary_large_image","twitter_creator":"@https:\/\/twitter.com\/RE_OccitanieGar","twitter_misc":{"\u00c9crit par":"REOG","Dur\u00e9e de lecture estim\u00e9e":"2 minutes"},"schema":{"@context":"https:\/\/schema.org","@graph":[{"@type":"Article","@id":"https:\/\/www.reseau-entreprendre.org\/occitanie-garonne\/2022\/04\/07\/ag2022\/#article","isPartOf":{"@id":"https:\/\/www.reseau-entreprendre.org\/occitanie-garonne\/2022\/04\/07\/ag2022\/"},"author":{"name":"REOG","@id":"https:\/\/www.reseau-entreprendre.org\/occitanie-garonne\/#\/schema\/person\/2c64ce52f920fe9afbdd67dc2b592526"},"headline":"ASSEMBLEE GENERALE DE R\u00e9seau Entreprendre Occitanie Garonne : S-2 !","datePublished":"2022-04-07T13:01:40+00:00","dateModified":"2022-04-12T10:04:34+00:00","mainEntityOfPage":{"@id":"https:\/\/www.reseau-entreprendre.org\/occitanie-garonne\/2022\/04\/07\/ag2022\/"},"wordCount":214,"image":{"@id":"https:\/\/www.reseau-entreprendre.org\/occitanie-garonne\/2022\/04\/07\/ag2022\/#primaryimage"},"thumbnailUrl":"https:\/\/www.reseau-entreprendre.org\/occitanie-garonne\/wp-content\/uploads\/sites\/69\/2022\/04\/Visuel-AG-pour-site-web.png","articleSection":["Actualit\u00e9s"],"inLanguage":"fr-FR"},{"@type":"WebPage","@id":"https:\/\/www.reseau-entreprendre.org\/occitanie-garonne\/2022\/04\/07\/ag2022\/","url":"https:\/\/www.reseau-entreprendre.org\/occitanie-garonne\/2022\/04\/07\/ag2022\/","name":"ASSEMBLEE GENERALE DE R\u00e9seau Entreprendre Occitanie Garonne : S-2 ! - R\u00e9seau Entreprendre Occitanie-Garonne","isPartOf":{"@id":"https:\/\/www.reseau-entreprendre.org\/occitanie-garonne\/#website"},"primaryImageOfPage":{"@id":"https:\/\/www.reseau-entreprendre.org\/occitanie-garonne\/2022\/04\/07\/ag2022\/#primaryimage"},"image":{"@id":"https:\/\/www.reseau-entreprendre.org\/occitanie-garonne\/2022\/04\/07\/ag2022\/#primaryimage"},"thumbnailUrl":"https:\/\/www.reseau-entreprendre.org\/occitanie-garonne\/wp-content\/uploads\/sites\/69\/2022\/04\/Visuel-AG-pour-site-web.png","datePublished":"2022-04-07T13:01:40+00:00","dateModified":"2022-04-12T10:04:34+00:00","author":{"@id":"https:\/\/www.reseau-entreprendre.org\/occitanie-garonne\/#\/schema\/person\/2c64ce52f920fe9afbdd67dc2b592526"},"breadcrumb":{"@id":"https:\/\/www.reseau-entreprendre.org\/occitanie-garonne\/2022\/04\/07\/ag2022\/#breadcrumb"},"inLanguage":"fr-FR","potentialAction":[{"@type":"ReadAction","target":["https:\/\/www.reseau-entreprendre.org\/occitanie-garonne\/2022\/04\/07\/ag2022\/"]}]},{"@type":"ImageObject","inLanguage":"fr-FR","@id":"https:\/\/www.reseau-entreprendre.org\/occitanie-garonne\/2022\/04\/07\/ag2022\/#primaryimage","url":"https:\/\/www.reseau-entreprendre.org\/occitanie-garonne\/wp-content\/uploads\/sites\/69\/2022\/04\/Visuel-AG-pour-site-web.png","contentUrl":"https:\/\/www.reseau-entreprendre.org\/occitanie-garonne\/wp-content\/uploads\/sites\/69\/2022\/04\/Visuel-AG-pour-site-web.png","width":300,"height":300},{"@type":"BreadcrumbList","@id":"https:\/\/www.reseau-entreprendre.org\/occitanie-garonne\/2022\/04\/07\/ag2022\/#breadcrumb","itemListElement":[{"@type":"ListItem","position":1,"name":"Accueil","item":"https:\/\/www.reseau-entreprendre.org\/occitanie-garonne\/"},{"@type":"ListItem","position":2,"name":"ASSEMBLEE GENERALE DE R\u00e9seau Entreprendre Occitanie Garonne : S-2 !"}]},{"@type":"WebSite","@id":"https:\/\/www.reseau-entreprendre.org\/occitanie-garonne\/#website","url":"https:\/\/www.reseau-entreprendre.org\/occitanie-garonne\/","name":"R\u00e9seau Entreprendre Occitanie-Garonne","description":"Un site de R\u00e9seau Entreprendre","potentialAction":[{"@type":"SearchAction","target":{"@type":"EntryPoint","urlTemplate":"https:\/\/www.reseau-entreprendre.org\/occitanie-garonne\/?s={search_term_string}"},"query-input":{"@type":"PropertyValueSpecification","valueRequired":true,"valueName":"search_term_string"}}],"inLanguage":"fr-FR"},{"@type":"Person","@id":"https:\/\/www.reseau-entreprendre.org\/occitanie-garonne\/#\/schema\/person\/2c64ce52f920fe9afbdd67dc2b592526","name":"REOG","image":{"@type":"ImageObject","inLanguage":"fr-FR","@id":"https:\/\/secure.gravatar.com\/avatar\/916b79c7fceebf1c4fa4d274e5a7947bd1a01baa64ac634dd0eeb63bcb82e8ce?s=96&d=mm&r=g","url":"https:\/\/secure.gravatar.com\/avatar\/916b79c7fceebf1c4fa4d274e5a7947bd1a01baa64ac634dd0eeb63bcb82e8ce?s=96&d=mm&r=g","contentUrl":"https:\/\/secure.gravatar.com\/avatar\/916b79c7fceebf1c4fa4d274e5a7947bd1a01baa64ac634dd0eeb63bcb82e8ce?s=96&d=mm&r=g","caption":"REOG"},"sameAs":["https:\/\/www.reseau-entreprendre.org\/occitanie-garonne\/","https:\/\/www.facebook.com\/ReseauEntreprendreOccitanieGaronne\/","https:\/\/www.linkedin.com\/company\/reseau-entreprendre-occitanie-garonne\/?viewAsMember=true","https:\/\/x.com\/https:\/\/twitter.com\/RE_OccitanieGar","https:\/\/www.youtube.com\/channel\/UCm8DOenWExwEKLIRPYAZP_A?view_as=subscriber"],"url":"https:\/\/www.reseau-entreprendre.org\/occitanie-garonne\/author\/reog\/"}]}},"_links":{"self":[{"href":"https:\/\/www.reseau-entreprendre.org\/occitanie-garonne\/wp-json\/wp\/v2\/posts\/3997","targetHints":{"allow":["GET"]}}],"collection":[{"href":"https:\/\/www.reseau-entreprendre.org\/occitanie-garonne\/wp-json\/wp\/v2\/posts"}],"about":[{"href":"https:\/\/www.reseau-entreprendre.org\/occitanie-garonne\/wp-json\/wp\/v2\/types\/post"}],"author":[{"embeddable":true,"href":"https:\/\/www.reseau-entreprendre.org\/occitanie-garonne\/wp-json\/wp\/v2\/users\/75"}],"replies":[{"embeddable":true,"href":"https:\/\/www.reseau-entreprendre.org\/occitanie-garonne\/wp-json\/wp\/v2\/comments?post=3997"}],"version-history":[{"count":0,"href":"https:\/\/www.reseau-entreprendre.org\/occitanie-garonne\/wp-json\/wp\/v2\/posts\/3997\/revisions"}],"wp:featuredmedia":[{"embeddable":true,"href":"https:\/\/www.reseau-entreprendre.org\/occitanie-garonne\/wp-json\/wp\/v2\/media\/3998"}],"wp:attachment":[{"href":"https:\/\/www.reseau-entreprendre.org\/occitanie-garonne\/wp-json\/wp\/v2\/media?parent=3997"}],"wp:term":[{"taxonomy":"category","embeddable":true,"href":"https:\/\/www.reseau-entreprendre.org\/occitanie-garonne\/wp-json\/wp\/v2\/categories?post=3997"},{"taxonomy":"post_tag","embeddable":true,"href":"https:\/\/www.reseau-entreprendre.org\/occitanie-garonne\/wp-json\/wp\/v2\/tags?post=3997"}],"curies":[{"name":"wp","href":"https:\/\/api.w.org\/{rel}","templated":true}]}}