{"id":4808,"date":"2023-05-03T11:16:27","date_gmt":"2023-05-03T09:16:27","guid":{"rendered":"https:\/\/www.reseau-entreprendre.org\/occitanie-garonne\/?p=4808"},"modified":"2024-06-03T16:37:46","modified_gmt":"2024-06-03T14:37:46","slug":"valentin-conshumeur-laureat2023","status":"publish","type":"post","link":"https:\/\/www.reseau-entreprendre.org\/occitanie-garonne\/2023\/05\/03\/valentin-conshumeur-laureat2023\/","title":{"rendered":"Valentin Meric, cr\u00e9ateur de la soci\u00e9t\u00e9 CONSHUMEUR"},"content":{"rendered":"\n<div class=\"wp-block-columns is-layout-flex wp-container-core-columns-is-layout-9d6595d7 wp-block-columns-is-layout-flex\">\n<div class=\"wp-block-column is-layout-flow wp-block-column-is-layout-flow\" style=\"flex-basis:33.33%\">\n<figure class=\"wp-block-image size-full\"><img loading=\"lazy\" decoding=\"async\" width=\"370\" height=\"250\" src=\"https:\/\/www.reseau-entreprendre.org\/occitanie-garonne\/wp-content\/uploads\/sites\/69\/2023\/05\/conshumeur.png\" alt=\"\" class=\"wp-image-4809\" srcset=\"https:\/\/www.reseau-entreprendre.org\/occitanie-garonne\/wp-content\/uploads\/sites\/69\/2023\/05\/conshumeur.png 370w, https:\/\/www.reseau-entreprendre.org\/occitanie-garonne\/wp-content\/uploads\/sites\/69\/2023\/05\/conshumeur-300x203.png 300w, https:\/\/www.reseau-entreprendre.org\/occitanie-garonne\/wp-content\/uploads\/sites\/69\/2023\/05\/conshumeur-192x130.png 192w\" sizes=\"auto, (max-width: 370px) 100vw, 370px\" \/><figcaption class=\"wp-element-caption\">Valentin Meric, nouveau laur\u00e9at de l&#8217;association R\u00e9seau Entreprendre Occitanie Garonne<\/figcaption><\/figure>\n<\/div>\n\n\n\n<div class=\"wp-block-column is-layout-flow wp-block-column-is-layout-flow\" style=\"flex-basis:66.66%\">\n<p>Bienvenue \u00e0 <a href=\"https:\/\/www.linkedin.com\/in\/valentin-meric\/\" target=\"_blank\" rel=\"noreferrer noopener\">Valentin Meric<\/a>, cr\u00e9ateur de la soci\u00e9t\u00e9 <a href=\"https:\/\/www.linkedin.com\/in\/valentin-meric\/\" target=\"_blank\" rel=\"noreferrer noopener\">CONSHUMEUR<\/a>, plateforme de relation client, offrant un mod\u00e8le in\u00e9dit a\u0300 savoir la r\u00e9mun\u00e9ration des avis consommateurs, permettant d&#8217;augmenter le taux de retour d&#8217;exp\u00e9rience et garantissant aux \u00e9tablissements physiques des avis quantitatifs et qualitatifs.<\/p>\n\n\n\n<p>Valentin a un parcours dans le commerce et la grande distribution en particulier.<br><br>Valentin et ses deux associ\u00e9s, Hugo Cadene et Anthony Libet, ambitionnent par ailleurs de cr\u00e9er 5 emplois dans les 3 ans \u00e0 venir.<br>Bravo et bienvenue \u00e0 lui.<strong>&nbsp;<\/strong><\/p>\n<\/div>\n<\/div>\n\n\n\n<div class=\"wp-block-columns is-layout-flex wp-container-core-columns-is-layout-9d6595d7 wp-block-columns-is-layout-flex\">\n<div class=\"wp-block-column is-layout-flow wp-block-column-is-layout-flow\" style=\"flex-basis:66.66%\">\n<h4 class=\"wp-block-heading has-re-blue-color has-text-color\"><strong>Philippe Gorse (Novapage) accompagnera Valentin pendant deux ans .<\/strong><\/h4>\n<\/div>\n\n\n\n<div class=\"wp-block-column is-layout-flow wp-block-column-is-layout-flow\" style=\"flex-basis:33.33%\">\n<figure class=\"wp-block-image size-full\"><img loading=\"lazy\" decoding=\"async\" width=\"300\" height=\"300\" src=\"https:\/\/www.reseau-entreprendre.org\/occitanie-garonne\/wp-content\/uploads\/sites\/69\/2023\/07\/Maquette-accompagnateur-site-web.png\" alt=\"\" class=\"wp-image-4982\" srcset=\"https:\/\/www.reseau-entreprendre.org\/occitanie-garonne\/wp-content\/uploads\/sites\/69\/2023\/07\/Maquette-accompagnateur-site-web.png 300w, https:\/\/www.reseau-entreprendre.org\/occitanie-garonne\/wp-content\/uploads\/sites\/69\/2023\/07\/Maquette-accompagnateur-site-web-150x150.png 150w, https:\/\/www.reseau-entreprendre.org\/occitanie-garonne\/wp-content\/uploads\/sites\/69\/2023\/07\/Maquette-accompagnateur-site-web-130x130.png 130w\" sizes=\"auto, (max-width: 300px) 100vw, 300px\" \/><\/figure>\n<\/div>\n<\/div>\n\n\n\n<div class=\"wp-block-columns is-layout-flex wp-container-core-columns-is-layout-9d6595d7 wp-block-columns-is-layout-flex\">\n<div class=\"wp-block-column is-layout-flow wp-block-column-is-layout-flow\">\n<p>Retrouvez \u00e9galement les t\u00e9moignages des laur\u00e9ats de l&#8217;association <a href=\"https:\/\/www.reseau-entreprendre.org\/occitanie-garonne\/ils-temoignent\/?filter=laureate\" target=\"_blank\" rel=\"noreferrer noopener\">ICI<\/a>.<\/p>\n<\/div>\n<\/div>\n","protected":false},"excerpt":{"rendered":"<p>Bienvenue \u00e0 Valentin Meric, cr\u00e9ateur de la soci\u00e9t\u00e9 CONSHUMEUR, plateforme<\/p>\n","protected":false},"author":75,"featured_media":4809,"comment_status":"closed","ping_status":"open","sticky":false,"template":"","format":"standard","meta":{"_acf_changed":false,"_monsterinsights_skip_tracking":false,"_monsterinsights_sitenote_active":false,"_monsterinsights_sitenote_note":"","_monsterinsights_sitenote_category":0,"footnotes":""},"categories":[81,73],"tags":[],"class_list":["post-4808","post","type-post","status-publish","format-standard","has-post-thumbnail","hentry","category-antenne-tarn-et-garonne","category-dernierslaureats",""],"acf":[],"yoast_head":"<!-- This site is optimized with the Yoast SEO plugin v27.4 - https:\/\/yoast.com\/product\/yoast-seo-wordpress\/ -->\n<title>Valentin Meric, cr\u00e9ateur de la soci\u00e9t\u00e9 CONSHUMEUR - R\u00e9seau Entreprendre Occitanie-Garonne<\/title>\n<meta name=\"robots\" content=\"index, follow, max-snippet:-1, max-image-preview:large, max-video-preview:-1\" \/>\n<link rel=\"canonical\" href=\"https:\/\/www.reseau-entreprendre.org\/occitanie-garonne\/2023\/05\/03\/valentin-conshumeur-laureat2023\/\" \/>\n<meta property=\"og:locale\" content=\"fr_FR\" \/>\n<meta property=\"og:type\" content=\"article\" \/>\n<meta property=\"og:title\" content=\"Valentin Meric, cr\u00e9ateur de la soci\u00e9t\u00e9 CONSHUMEUR - R\u00e9seau Entreprendre Occitanie-Garonne\" \/>\n<meta property=\"og:description\" content=\"Bienvenue \u00e0 Valentin Meric, cr\u00e9ateur de la soci\u00e9t\u00e9 CONSHUMEUR, plateforme\" \/>\n<meta property=\"og:url\" content=\"https:\/\/www.reseau-entreprendre.org\/occitanie-garonne\/2023\/05\/03\/valentin-conshumeur-laureat2023\/\" \/>\n<meta property=\"og:site_name\" content=\"R\u00e9seau Entreprendre Occitanie-Garonne\" \/>\n<meta property=\"article:publisher\" content=\"https:\/\/www.facebook.com\/R%c3%a9seau-Entreprendre-Occitanie-Garonne-1459398670993843\/?ref=bookmarks\" \/>\n<meta property=\"article:author\" content=\"https:\/\/www.facebook.com\/ReseauEntreprendreOccitanieGaronne\/\" \/>\n<meta property=\"article:published_time\" content=\"2023-05-03T09:16:27+00:00\" \/>\n<meta property=\"article:modified_time\" content=\"2024-06-03T14:37:46+00:00\" \/>\n<meta property=\"og:image\" content=\"https:\/\/www.reseau-entreprendre.org\/occitanie-garonne\/wp-content\/uploads\/sites\/69\/2023\/05\/conshumeur.png\" \/>\n\t<meta property=\"og:image:width\" content=\"370\" \/>\n\t<meta property=\"og:image:height\" content=\"250\" \/>\n\t<meta property=\"og:image:type\" content=\"image\/png\" \/>\n<meta name=\"author\" content=\"REOG\" \/>\n<meta name=\"twitter:card\" content=\"summary_large_image\" \/>\n<meta name=\"twitter:creator\" content=\"@https:\/\/twitter.com\/RE_OccitanieGar\" \/>\n<meta name=\"twitter:label1\" content=\"\u00c9crit par\" \/>\n\t<meta name=\"twitter:data1\" content=\"REOG\" \/>\n\t<meta name=\"twitter:label2\" content=\"Dur\u00e9e de lecture estim\u00e9e\" \/>\n\t<meta name=\"twitter:data2\" content=\"2 minutes\" \/>\n<script type=\"application\/ld+json\" class=\"yoast-schema-graph\">{\"@context\":\"https:\\\/\\\/schema.org\",\"@graph\":[{\"@type\":\"Article\",\"@id\":\"https:\\\/\\\/www.reseau-entreprendre.org\\\/occitanie-garonne\\\/2023\\\/05\\\/03\\\/valentin-conshumeur-laureat2023\\\/#article\",\"isPartOf\":{\"@id\":\"https:\\\/\\\/www.reseau-entreprendre.org\\\/occitanie-garonne\\\/2023\\\/05\\\/03\\\/valentin-conshumeur-laureat2023\\\/\"},\"author\":{\"name\":\"REOG\",\"@id\":\"https:\\\/\\\/www.reseau-entreprendre.org\\\/occitanie-garonne\\\/#\\\/schema\\\/person\\\/2c64ce52f920fe9afbdd67dc2b592526\"},\"headline\":\"Valentin Meric, cr\u00e9ateur de la soci\u00e9t\u00e9 CONSHUMEUR\",\"datePublished\":\"2023-05-03T09:16:27+00:00\",\"dateModified\":\"2024-06-03T14:37:46+00:00\",\"mainEntityOfPage\":{\"@id\":\"https:\\\/\\\/www.reseau-entreprendre.org\\\/occitanie-garonne\\\/2023\\\/05\\\/03\\\/valentin-conshumeur-laureat2023\\\/\"},\"wordCount\":131,\"image\":{\"@id\":\"https:\\\/\\\/www.reseau-entreprendre.org\\\/occitanie-garonne\\\/2023\\\/05\\\/03\\\/valentin-conshumeur-laureat2023\\\/#primaryimage\"},\"thumbnailUrl\":\"https:\\\/\\\/www.reseau-entreprendre.org\\\/occitanie-garonne\\\/wp-content\\\/uploads\\\/sites\\\/69\\\/2023\\\/05\\\/conshumeur.png\",\"articleSection\":[\"L'Antenne du Tarn-et-Garonne\",\"Nos derniers laur\u00e9ats\"],\"inLanguage\":\"fr-FR\"},{\"@type\":\"WebPage\",\"@id\":\"https:\\\/\\\/www.reseau-entreprendre.org\\\/occitanie-garonne\\\/2023\\\/05\\\/03\\\/valentin-conshumeur-laureat2023\\\/\",\"url\":\"https:\\\/\\\/www.reseau-entreprendre.org\\\/occitanie-garonne\\\/2023\\\/05\\\/03\\\/valentin-conshumeur-laureat2023\\\/\",\"name\":\"Valentin Meric, cr\u00e9ateur de la soci\u00e9t\u00e9 CONSHUMEUR - R\u00e9seau Entreprendre Occitanie-Garonne\",\"isPartOf\":{\"@id\":\"https:\\\/\\\/www.reseau-entreprendre.org\\\/occitanie-garonne\\\/#website\"},\"primaryImageOfPage\":{\"@id\":\"https:\\\/\\\/www.reseau-entreprendre.org\\\/occitanie-garonne\\\/2023\\\/05\\\/03\\\/valentin-conshumeur-laureat2023\\\/#primaryimage\"},\"image\":{\"@id\":\"https:\\\/\\\/www.reseau-entreprendre.org\\\/occitanie-garonne\\\/2023\\\/05\\\/03\\\/valentin-conshumeur-laureat2023\\\/#primaryimage\"},\"thumbnailUrl\":\"https:\\\/\\\/www.reseau-entreprendre.org\\\/occitanie-garonne\\\/wp-content\\\/uploads\\\/sites\\\/69\\\/2023\\\/05\\\/conshumeur.png\",\"datePublished\":\"2023-05-03T09:16:27+00:00\",\"dateModified\":\"2024-06-03T14:37:46+00:00\",\"author\":{\"@id\":\"https:\\\/\\\/www.reseau-entreprendre.org\\\/occitanie-garonne\\\/#\\\/schema\\\/person\\\/2c64ce52f920fe9afbdd67dc2b592526\"},\"breadcrumb\":{\"@id\":\"https:\\\/\\\/www.reseau-entreprendre.org\\\/occitanie-garonne\\\/2023\\\/05\\\/03\\\/valentin-conshumeur-laureat2023\\\/#breadcrumb\"},\"inLanguage\":\"fr-FR\",\"potentialAction\":[{\"@type\":\"ReadAction\",\"target\":[\"https:\\\/\\\/www.reseau-entreprendre.org\\\/occitanie-garonne\\\/2023\\\/05\\\/03\\\/valentin-conshumeur-laureat2023\\\/\"]}]},{\"@type\":\"ImageObject\",\"inLanguage\":\"fr-FR\",\"@id\":\"https:\\\/\\\/www.reseau-entreprendre.org\\\/occitanie-garonne\\\/2023\\\/05\\\/03\\\/valentin-conshumeur-laureat2023\\\/#primaryimage\",\"url\":\"https:\\\/\\\/www.reseau-entreprendre.org\\\/occitanie-garonne\\\/wp-content\\\/uploads\\\/sites\\\/69\\\/2023\\\/05\\\/conshumeur.png\",\"contentUrl\":\"https:\\\/\\\/www.reseau-entreprendre.org\\\/occitanie-garonne\\\/wp-content\\\/uploads\\\/sites\\\/69\\\/2023\\\/05\\\/conshumeur.png\",\"width\":370,\"height\":250},{\"@type\":\"BreadcrumbList\",\"@id\":\"https:\\\/\\\/www.reseau-entreprendre.org\\\/occitanie-garonne\\\/2023\\\/05\\\/03\\\/valentin-conshumeur-laureat2023\\\/#breadcrumb\",\"itemListElement\":[{\"@type\":\"ListItem\",\"position\":1,\"name\":\"Accueil\",\"item\":\"https:\\\/\\\/www.reseau-entreprendre.org\\\/occitanie-garonne\\\/\"},{\"@type\":\"ListItem\",\"position\":2,\"name\":\"Valentin Meric, cr\u00e9ateur de la soci\u00e9t\u00e9 CONSHUMEUR\"}]},{\"@type\":\"WebSite\",\"@id\":\"https:\\\/\\\/www.reseau-entreprendre.org\\\/occitanie-garonne\\\/#website\",\"url\":\"https:\\\/\\\/www.reseau-entreprendre.org\\\/occitanie-garonne\\\/\",\"name\":\"R\u00e9seau Entreprendre Occitanie-Garonne\",\"description\":\"Un site de R\u00e9seau Entreprendre\",\"potentialAction\":[{\"@type\":\"SearchAction\",\"target\":{\"@type\":\"EntryPoint\",\"urlTemplate\":\"https:\\\/\\\/www.reseau-entreprendre.org\\\/occitanie-garonne\\\/?s={search_term_string}\"},\"query-input\":{\"@type\":\"PropertyValueSpecification\",\"valueRequired\":true,\"valueName\":\"search_term_string\"}}],\"inLanguage\":\"fr-FR\"},{\"@type\":\"Person\",\"@id\":\"https:\\\/\\\/www.reseau-entreprendre.org\\\/occitanie-garonne\\\/#\\\/schema\\\/person\\\/2c64ce52f920fe9afbdd67dc2b592526\",\"name\":\"REOG\",\"image\":{\"@type\":\"ImageObject\",\"inLanguage\":\"fr-FR\",\"@id\":\"https:\\\/\\\/secure.gravatar.com\\\/avatar\\\/916b79c7fceebf1c4fa4d274e5a7947bd1a01baa64ac634dd0eeb63bcb82e8ce?s=96&d=mm&r=g\",\"url\":\"https:\\\/\\\/secure.gravatar.com\\\/avatar\\\/916b79c7fceebf1c4fa4d274e5a7947bd1a01baa64ac634dd0eeb63bcb82e8ce?s=96&d=mm&r=g\",\"contentUrl\":\"https:\\\/\\\/secure.gravatar.com\\\/avatar\\\/916b79c7fceebf1c4fa4d274e5a7947bd1a01baa64ac634dd0eeb63bcb82e8ce?s=96&d=mm&r=g\",\"caption\":\"REOG\"},\"sameAs\":[\"https:\\\/\\\/www.reseau-entreprendre.org\\\/occitanie-garonne\\\/\",\"https:\\\/\\\/www.facebook.com\\\/ReseauEntreprendreOccitanieGaronne\\\/\",\"https:\\\/\\\/www.linkedin.com\\\/company\\\/reseau-entreprendre-occitanie-garonne\\\/?viewAsMember=true\",\"https:\\\/\\\/x.com\\\/https:\\\/\\\/twitter.com\\\/RE_OccitanieGar\",\"https:\\\/\\\/www.youtube.com\\\/channel\\\/UCm8DOenWExwEKLIRPYAZP_A?view_as=subscriber\"],\"url\":\"https:\\\/\\\/www.reseau-entreprendre.org\\\/occitanie-garonne\\\/author\\\/reog\\\/\"}]}<\/script>\n<!-- \/ Yoast SEO plugin. -->","yoast_head_json":{"title":"Valentin Meric, cr\u00e9ateur de la soci\u00e9t\u00e9 CONSHUMEUR - R\u00e9seau Entreprendre Occitanie-Garonne","robots":{"index":"index","follow":"follow","max-snippet":"max-snippet:-1","max-image-preview":"max-image-preview:large","max-video-preview":"max-video-preview:-1"},"canonical":"https:\/\/www.reseau-entreprendre.org\/occitanie-garonne\/2023\/05\/03\/valentin-conshumeur-laureat2023\/","og_locale":"fr_FR","og_type":"article","og_title":"Valentin Meric, cr\u00e9ateur de la soci\u00e9t\u00e9 CONSHUMEUR - R\u00e9seau Entreprendre Occitanie-Garonne","og_description":"Bienvenue \u00e0 Valentin Meric, cr\u00e9ateur de la soci\u00e9t\u00e9 CONSHUMEUR, plateforme","og_url":"https:\/\/www.reseau-entreprendre.org\/occitanie-garonne\/2023\/05\/03\/valentin-conshumeur-laureat2023\/","og_site_name":"R\u00e9seau Entreprendre Occitanie-Garonne","article_publisher":"https:\/\/www.facebook.com\/R%c3%a9seau-Entreprendre-Occitanie-Garonne-1459398670993843\/?ref=bookmarks","article_author":"https:\/\/www.facebook.com\/ReseauEntreprendreOccitanieGaronne\/","article_published_time":"2023-05-03T09:16:27+00:00","article_modified_time":"2024-06-03T14:37:46+00:00","og_image":[{"width":370,"height":250,"url":"https:\/\/www.reseau-entreprendre.org\/occitanie-garonne\/wp-content\/uploads\/sites\/69\/2023\/05\/conshumeur.png","type":"image\/png"}],"author":"REOG","twitter_card":"summary_large_image","twitter_creator":"@https:\/\/twitter.com\/RE_OccitanieGar","twitter_misc":{"\u00c9crit par":"REOG","Dur\u00e9e de lecture estim\u00e9e":"2 minutes"},"schema":{"@context":"https:\/\/schema.org","@graph":[{"@type":"Article","@id":"https:\/\/www.reseau-entreprendre.org\/occitanie-garonne\/2023\/05\/03\/valentin-conshumeur-laureat2023\/#article","isPartOf":{"@id":"https:\/\/www.reseau-entreprendre.org\/occitanie-garonne\/2023\/05\/03\/valentin-conshumeur-laureat2023\/"},"author":{"name":"REOG","@id":"https:\/\/www.reseau-entreprendre.org\/occitanie-garonne\/#\/schema\/person\/2c64ce52f920fe9afbdd67dc2b592526"},"headline":"Valentin Meric, cr\u00e9ateur de la soci\u00e9t\u00e9 CONSHUMEUR","datePublished":"2023-05-03T09:16:27+00:00","dateModified":"2024-06-03T14:37:46+00:00","mainEntityOfPage":{"@id":"https:\/\/www.reseau-entreprendre.org\/occitanie-garonne\/2023\/05\/03\/valentin-conshumeur-laureat2023\/"},"wordCount":131,"image":{"@id":"https:\/\/www.reseau-entreprendre.org\/occitanie-garonne\/2023\/05\/03\/valentin-conshumeur-laureat2023\/#primaryimage"},"thumbnailUrl":"https:\/\/www.reseau-entreprendre.org\/occitanie-garonne\/wp-content\/uploads\/sites\/69\/2023\/05\/conshumeur.png","articleSection":["L'Antenne du Tarn-et-Garonne","Nos derniers laur\u00e9ats"],"inLanguage":"fr-FR"},{"@type":"WebPage","@id":"https:\/\/www.reseau-entreprendre.org\/occitanie-garonne\/2023\/05\/03\/valentin-conshumeur-laureat2023\/","url":"https:\/\/www.reseau-entreprendre.org\/occitanie-garonne\/2023\/05\/03\/valentin-conshumeur-laureat2023\/","name":"Valentin Meric, cr\u00e9ateur de la soci\u00e9t\u00e9 CONSHUMEUR - R\u00e9seau Entreprendre Occitanie-Garonne","isPartOf":{"@id":"https:\/\/www.reseau-entreprendre.org\/occitanie-garonne\/#website"},"primaryImageOfPage":{"@id":"https:\/\/www.reseau-entreprendre.org\/occitanie-garonne\/2023\/05\/03\/valentin-conshumeur-laureat2023\/#primaryimage"},"image":{"@id":"https:\/\/www.reseau-entreprendre.org\/occitanie-garonne\/2023\/05\/03\/valentin-conshumeur-laureat2023\/#primaryimage"},"thumbnailUrl":"https:\/\/www.reseau-entreprendre.org\/occitanie-garonne\/wp-content\/uploads\/sites\/69\/2023\/05\/conshumeur.png","datePublished":"2023-05-03T09:16:27+00:00","dateModified":"2024-06-03T14:37:46+00:00","author":{"@id":"https:\/\/www.reseau-entreprendre.org\/occitanie-garonne\/#\/schema\/person\/2c64ce52f920fe9afbdd67dc2b592526"},"breadcrumb":{"@id":"https:\/\/www.reseau-entreprendre.org\/occitanie-garonne\/2023\/05\/03\/valentin-conshumeur-laureat2023\/#breadcrumb"},"inLanguage":"fr-FR","potentialAction":[{"@type":"ReadAction","target":["https:\/\/www.reseau-entreprendre.org\/occitanie-garonne\/2023\/05\/03\/valentin-conshumeur-laureat2023\/"]}]},{"@type":"ImageObject","inLanguage":"fr-FR","@id":"https:\/\/www.reseau-entreprendre.org\/occitanie-garonne\/2023\/05\/03\/valentin-conshumeur-laureat2023\/#primaryimage","url":"https:\/\/www.reseau-entreprendre.org\/occitanie-garonne\/wp-content\/uploads\/sites\/69\/2023\/05\/conshumeur.png","contentUrl":"https:\/\/www.reseau-entreprendre.org\/occitanie-garonne\/wp-content\/uploads\/sites\/69\/2023\/05\/conshumeur.png","width":370,"height":250},{"@type":"BreadcrumbList","@id":"https:\/\/www.reseau-entreprendre.org\/occitanie-garonne\/2023\/05\/03\/valentin-conshumeur-laureat2023\/#breadcrumb","itemListElement":[{"@type":"ListItem","position":1,"name":"Accueil","item":"https:\/\/www.reseau-entreprendre.org\/occitanie-garonne\/"},{"@type":"ListItem","position":2,"name":"Valentin Meric, cr\u00e9ateur de la soci\u00e9t\u00e9 CONSHUMEUR"}]},{"@type":"WebSite","@id":"https:\/\/www.reseau-entreprendre.org\/occitanie-garonne\/#website","url":"https:\/\/www.reseau-entreprendre.org\/occitanie-garonne\/","name":"R\u00e9seau Entreprendre Occitanie-Garonne","description":"Un site de R\u00e9seau Entreprendre","potentialAction":[{"@type":"SearchAction","target":{"@type":"EntryPoint","urlTemplate":"https:\/\/www.reseau-entreprendre.org\/occitanie-garonne\/?s={search_term_string}"},"query-input":{"@type":"PropertyValueSpecification","valueRequired":true,"valueName":"search_term_string"}}],"inLanguage":"fr-FR"},{"@type":"Person","@id":"https:\/\/www.reseau-entreprendre.org\/occitanie-garonne\/#\/schema\/person\/2c64ce52f920fe9afbdd67dc2b592526","name":"REOG","image":{"@type":"ImageObject","inLanguage":"fr-FR","@id":"https:\/\/secure.gravatar.com\/avatar\/916b79c7fceebf1c4fa4d274e5a7947bd1a01baa64ac634dd0eeb63bcb82e8ce?s=96&d=mm&r=g","url":"https:\/\/secure.gravatar.com\/avatar\/916b79c7fceebf1c4fa4d274e5a7947bd1a01baa64ac634dd0eeb63bcb82e8ce?s=96&d=mm&r=g","contentUrl":"https:\/\/secure.gravatar.com\/avatar\/916b79c7fceebf1c4fa4d274e5a7947bd1a01baa64ac634dd0eeb63bcb82e8ce?s=96&d=mm&r=g","caption":"REOG"},"sameAs":["https:\/\/www.reseau-entreprendre.org\/occitanie-garonne\/","https:\/\/www.facebook.com\/ReseauEntreprendreOccitanieGaronne\/","https:\/\/www.linkedin.com\/company\/reseau-entreprendre-occitanie-garonne\/?viewAsMember=true","https:\/\/x.com\/https:\/\/twitter.com\/RE_OccitanieGar","https:\/\/www.youtube.com\/channel\/UCm8DOenWExwEKLIRPYAZP_A?view_as=subscriber"],"url":"https:\/\/www.reseau-entreprendre.org\/occitanie-garonne\/author\/reog\/"}]}},"_links":{"self":[{"href":"https:\/\/www.reseau-entreprendre.org\/occitanie-garonne\/wp-json\/wp\/v2\/posts\/4808","targetHints":{"allow":["GET"]}}],"collection":[{"href":"https:\/\/www.reseau-entreprendre.org\/occitanie-garonne\/wp-json\/wp\/v2\/posts"}],"about":[{"href":"https:\/\/www.reseau-entreprendre.org\/occitanie-garonne\/wp-json\/wp\/v2\/types\/post"}],"author":[{"embeddable":true,"href":"https:\/\/www.reseau-entreprendre.org\/occitanie-garonne\/wp-json\/wp\/v2\/users\/75"}],"replies":[{"embeddable":true,"href":"https:\/\/www.reseau-entreprendre.org\/occitanie-garonne\/wp-json\/wp\/v2\/comments?post=4808"}],"version-history":[{"count":0,"href":"https:\/\/www.reseau-entreprendre.org\/occitanie-garonne\/wp-json\/wp\/v2\/posts\/4808\/revisions"}],"wp:featuredmedia":[{"embeddable":true,"href":"https:\/\/www.reseau-entreprendre.org\/occitanie-garonne\/wp-json\/wp\/v2\/media\/4809"}],"wp:attachment":[{"href":"https:\/\/www.reseau-entreprendre.org\/occitanie-garonne\/wp-json\/wp\/v2\/media?parent=4808"}],"wp:term":[{"taxonomy":"category","embeddable":true,"href":"https:\/\/www.reseau-entreprendre.org\/occitanie-garonne\/wp-json\/wp\/v2\/categories?post=4808"},{"taxonomy":"post_tag","embeddable":true,"href":"https:\/\/www.reseau-entreprendre.org\/occitanie-garonne\/wp-json\/wp\/v2\/tags?post=4808"}],"curies":[{"name":"wp","href":"https:\/\/api.w.org\/{rel}","templated":true}]}}