{"id":5123,"date":"2023-11-30T10:13:18","date_gmt":"2023-11-30T09:13:18","guid":{"rendered":"https:\/\/www.reseau-entreprendre.org\/occitanie-garonne\/?p=5123"},"modified":"2023-12-14T11:32:25","modified_gmt":"2023-12-14T10:32:25","slug":"marche-de-noel-laureats-membres","status":"publish","type":"post","link":"https:\/\/www.reseau-entreprendre.org\/occitanie-garonne\/2023\/11\/30\/marche-de-noel-laureats-membres\/","title":{"rendered":"Le March\u00e9 de No\u00ebl des Laur\u00e9ats &amp; Membres de R\u00e9seau Entreprendre Occitanie Garonne"},"content":{"rendered":"\n<div class=\"wp-block-columns is-layout-flex wp-container-core-columns-is-layout-9d6595d7 wp-block-columns-is-layout-flex\">\n<div class=\"wp-block-column is-layout-flow wp-block-column-is-layout-flow\">\n<p class=\"has-re-red-color has-text-color\"><strong>\u00c0 l\u2019approche des f\u00eates de fin d\u2019ann\u00e9e, l&#8217;association vous pr\u00e9sente  \u00ab\u202fLe march\u00e9 de No\u00ebl 2023 de ses laur\u00e9ats &amp; de ses membres\u202f\u00bb !<\/strong><br><strong>D\u00e9couvrez leurs offres qui vous donneront de bonnes id\u00e9es de cadeaux.<\/strong><br><strong>C&#8217;est aussi l&#8217;occasion de commander de tr\u00e8s beaux produits et services made in France.&nbsp;<\/strong><\/p>\n<\/div>\n<\/div>\n\n\n\n<div class=\"wp-block-columns is-layout-flex wp-container-core-columns-is-layout-9d6595d7 wp-block-columns-is-layout-flex\">\n<div class=\"wp-block-column is-layout-flow wp-block-column-is-layout-flow\">\n<figure class=\"wp-block-image size-large\"><img loading=\"lazy\" decoding=\"async\" width=\"1024\" height=\"260\" src=\"https:\/\/www.reseau-entreprendre.org\/occitanie-garonne\/wp-content\/uploads\/sites\/69\/2023\/11\/Faites-plaisir-a-vos-proches-avec-LE-MARCHE-DE-NOEL-2023-DES-LAUREATS-1024x260.png\" alt=\"\" class=\"wp-image-5131\" srcset=\"https:\/\/www.reseau-entreprendre.org\/occitanie-garonne\/wp-content\/uploads\/sites\/69\/2023\/11\/Faites-plaisir-a-vos-proches-avec-LE-MARCHE-DE-NOEL-2023-DES-LAUREATS-1024x260.png 1024w, https:\/\/www.reseau-entreprendre.org\/occitanie-garonne\/wp-content\/uploads\/sites\/69\/2023\/11\/Faites-plaisir-a-vos-proches-avec-LE-MARCHE-DE-NOEL-2023-DES-LAUREATS-300x76.png 300w, https:\/\/www.reseau-entreprendre.org\/occitanie-garonne\/wp-content\/uploads\/sites\/69\/2023\/11\/Faites-plaisir-a-vos-proches-avec-LE-MARCHE-DE-NOEL-2023-DES-LAUREATS-768x195.png 768w, https:\/\/www.reseau-entreprendre.org\/occitanie-garonne\/wp-content\/uploads\/sites\/69\/2023\/11\/Faites-plaisir-a-vos-proches-avec-LE-MARCHE-DE-NOEL-2023-DES-LAUREATS-210x53.png 210w, https:\/\/www.reseau-entreprendre.org\/occitanie-garonne\/wp-content\/uploads\/sites\/69\/2023\/11\/Faites-plaisir-a-vos-proches-avec-LE-MARCHE-DE-NOEL-2023-DES-LAUREATS.png 1500w\" sizes=\"auto, (max-width: 1024px) 100vw, 1024px\" \/><\/figure>\n<\/div>\n<\/div>\n\n\n\n<div class=\"wp-block-columns is-layout-flex wp-container-core-columns-is-layout-9d6595d7 wp-block-columns-is-layout-flex\">\n<div class=\"wp-block-column is-layout-flow wp-block-column-is-layout-flow\">\n<p class=\"has-re-blue-color has-text-color has-medium-font-size\">&#x1f416; <strong>Boucherie &amp; Charcuterie de la Cath\u00e9drale<\/strong><br>Dimitri Mazars &amp; Pauline Rigole<br>Laur\u00e9ats Start 2021<br><br>D\u00e9couvrez leur catalogue : <\/p>\n<\/div>\n\n\n\n<div class=\"wp-block-column is-layout-flow wp-block-column-is-layout-flow\">\n<div data-wp-interactive=\"core\/file\" class=\"wp-block-file\"><object data-wp-bind--hidden=\"!state.hasPdfPreview\" hidden class=\"wp-block-file__embed\" data=\"https:\/\/www.reseau-entreprendre.org\/occitanie-garonne\/wp-content\/uploads\/sites\/69\/2023\/11\/CE-Fetes-de-Noel-2023-2024-Ext-boucherie.pdf\" type=\"application\/pdf\" style=\"width:100%;height:600px\" aria-label=\"Contenu embarqu\u00e9 Catalogue Bona Vida.\"><\/object><a id=\"wp-block-file--media-a0ffe3fc-22df-41e1-a342-56dc8564819a\" href=\"https:\/\/www.reseau-entreprendre.org\/occitanie-garonne\/wp-content\/uploads\/sites\/69\/2023\/11\/CE-Fetes-de-Noel-2023-2024-Ext-boucherie.pdf\">Catalogue Bona Vida<\/a><a href=\"https:\/\/www.reseau-entreprendre.org\/occitanie-garonne\/wp-content\/uploads\/sites\/69\/2023\/11\/CE-Fetes-de-Noel-2023-2024-Ext-boucherie.pdf\" class=\"wp-block-file__button wp-element-button\" download aria-describedby=\"wp-block-file--media-a0ffe3fc-22df-41e1-a342-56dc8564819a\">T\u00e9l\u00e9charger<\/a><\/div>\n<\/div>\n<\/div>\n\n\n\n<hr class=\"wp-block-separator has-alpha-channel-opacity\" \/>\n\n\n\n<div class=\"wp-block-columns is-layout-flex wp-container-core-columns-is-layout-9d6595d7 wp-block-columns-is-layout-flex\">\n<div class=\"wp-block-column is-layout-flow wp-block-column-is-layout-flow\">\n<p class=\"has-re-blue-color has-text-color has-medium-font-size\">&#x1f369; <strong>Les Petites Manies<\/strong><br>Julien Blavy<br>Laur\u00e9at Start 2021<br><br>D\u00e9couvrez son catalogue et commandez via le bon ci-joint : <br><\/p>\n<\/div>\n\n\n\n<div class=\"wp-block-column is-layout-flow wp-block-column-is-layout-flow\">\n<div data-wp-interactive=\"core\/file\" class=\"wp-block-file\"><object data-wp-bind--hidden=\"!state.hasPdfPreview\" hidden class=\"wp-block-file__embed\" data=\"https:\/\/www.reseau-entreprendre.org\/occitanie-garonne\/wp-content\/uploads\/sites\/69\/2023\/11\/Petites-Manies-biscuits-bio.pdf\" type=\"application\/pdf\" style=\"width:100%;height:600px\" aria-label=\"Contenu embarqu\u00e9 Petites-Manies-biscuits-bio.\"><\/object><a id=\"wp-block-file--media-cb8e91c0-b417-4c20-a457-780d02388dd9\" href=\"https:\/\/www.reseau-entreprendre.org\/occitanie-garonne\/wp-content\/uploads\/sites\/69\/2023\/11\/Petites-Manies-biscuits-bio.pdf\">Petites-Manies-biscuits-bio<\/a><a href=\"https:\/\/www.reseau-entreprendre.org\/occitanie-garonne\/wp-content\/uploads\/sites\/69\/2023\/11\/Petites-Manies-biscuits-bio.pdf\" class=\"wp-block-file__button wp-element-button\" download aria-describedby=\"wp-block-file--media-cb8e91c0-b417-4c20-a457-780d02388dd9\">T\u00e9l\u00e9charger<\/a><\/div>\n<\/div>\n\n\n\n<div class=\"wp-block-column is-layout-flow wp-block-column-is-layout-flow\">\n<div class=\"wp-block-file\"><a id=\"wp-block-file--media-a1f86e76-e5a7-4cb2-86f9-bab15aaea1e9\" href=\"https:\/\/www.reseau-entreprendre.org\/occitanie-garonne\/wp-content\/uploads\/sites\/69\/2023\/11\/Petites-Manies-Bon-de-commande.xlsx\">Petites-Manies-Bon-de-commande<\/a><a href=\"https:\/\/www.reseau-entreprendre.org\/occitanie-garonne\/wp-content\/uploads\/sites\/69\/2023\/11\/Petites-Manies-Bon-de-commande.xlsx\" class=\"wp-block-file__button wp-element-button\" download aria-describedby=\"wp-block-file--media-a1f86e76-e5a7-4cb2-86f9-bab15aaea1e9\">T\u00e9l\u00e9charger<\/a><\/div>\n<\/div>\n<\/div>\n\n\n\n<hr class=\"wp-block-separator has-alpha-channel-opacity\" \/>\n\n\n\n<div class=\"wp-block-columns is-layout-flex wp-container-core-columns-is-layout-9d6595d7 wp-block-columns-is-layout-flex\">\n<div class=\"wp-block-column is-layout-flow wp-block-column-is-layout-flow\">\n<p class=\"has-re-blue-color has-text-color has-medium-font-size\">&#x1f943; <strong>Les Arrangeurs Fran\u00e7ais<\/strong><br>Joffrey Tristan &amp; Laurent Sicard<br>Laur\u00e9ats Booster camp 2023<br><br>D\u00e9couvrez leur offre ainsi que leurs tarifs de groupes :<br><\/p>\n<\/div>\n\n\n\n<div class=\"wp-block-column is-layout-flow wp-block-column-is-layout-flow\">\n<div data-wp-interactive=\"core\/file\" class=\"wp-block-file\"><object data-wp-bind--hidden=\"!state.hasPdfPreview\" hidden class=\"wp-block-file__embed\" data=\"https:\/\/www.reseau-entreprendre.org\/occitanie-garonne\/wp-content\/uploads\/sites\/69\/2023\/11\/Catalogue-Les-Arrangeurs-Francais-nov-2023_compressed.pdf\" type=\"application\/pdf\" style=\"width:100%;height:600px\" aria-label=\"Contenu embarqu\u00e9 Catalogue-Les-Arrangeurs-Francais-nov-2023_compressed.\"><\/object><a id=\"wp-block-file--media-8a6d9c15-2f6c-4cf1-a3b7-bd16d4a05647\" href=\"https:\/\/www.reseau-entreprendre.org\/occitanie-garonne\/wp-content\/uploads\/sites\/69\/2023\/11\/Catalogue-Les-Arrangeurs-Francais-nov-2023_compressed.pdf\">Catalogue-Les-Arrangeurs-Francais-nov-2023_compressed<\/a><a href=\"https:\/\/www.reseau-entreprendre.org\/occitanie-garonne\/wp-content\/uploads\/sites\/69\/2023\/11\/Catalogue-Les-Arrangeurs-Francais-nov-2023_compressed.pdf\" class=\"wp-block-file__button wp-element-button\" download aria-describedby=\"wp-block-file--media-8a6d9c15-2f6c-4cf1-a3b7-bd16d4a05647\">T\u00e9l\u00e9charger<\/a><\/div>\n<\/div>\n\n\n\n<div class=\"wp-block-column is-layout-flow wp-block-column-is-layout-flow\">\n<div data-wp-interactive=\"core\/file\" class=\"wp-block-file\"><object data-wp-bind--hidden=\"!state.hasPdfPreview\" hidden class=\"wp-block-file__embed\" data=\"https:\/\/www.reseau-entreprendre.org\/occitanie-garonne\/wp-content\/uploads\/sites\/69\/2023\/11\/TARIFS-GROUPE-2023-5E.pdf\" type=\"application\/pdf\" style=\"width:100%;height:600px\" aria-label=\"Contenu embarqu\u00e9 Tarifs groupe.\"><\/object><a id=\"wp-block-file--media-0f7fa425-c006-4f93-a3fe-51364ea72d3e\" href=\"https:\/\/www.reseau-entreprendre.org\/occitanie-garonne\/wp-content\/uploads\/sites\/69\/2023\/11\/TARIFS-GROUPE-2023-5E.pdf\">Tarifs groupe<\/a><a href=\"https:\/\/www.reseau-entreprendre.org\/occitanie-garonne\/wp-content\/uploads\/sites\/69\/2023\/11\/TARIFS-GROUPE-2023-5E.pdf\" class=\"wp-block-file__button wp-element-button\" download aria-describedby=\"wp-block-file--media-0f7fa425-c006-4f93-a3fe-51364ea72d3e\">T\u00e9l\u00e9charger<\/a><\/div>\n<\/div>\n<\/div>\n\n\n\n<hr class=\"wp-block-separator has-alpha-channel-opacity\" \/>\n\n\n\n<div class=\"wp-block-columns is-layout-flex wp-container-core-columns-is-layout-9d6595d7 wp-block-columns-is-layout-flex\">\n<div class=\"wp-block-column is-layout-flow wp-block-column-is-layout-flow\">\n<p class=\"has-re-blue-color has-text-color has-medium-font-size\">&#x1f344; <strong>Maison Truffus Henras<\/strong><br>Laurence Rolland<br>Laur\u00e9ate puis membre &amp; administratrice de l&#8217;association.<br><br>D\u00e9couvrez son offre directement sur le site web.<\/p>\n<\/div>\n\n\n\n<div class=\"wp-block-column is-layout-flow wp-block-column-is-layout-flow\">\n<p><a href=\"https:\/\/eur01.safelinks.protection.outlook.com\/?url=http%3A%2F%2Fwww.truffeshenras.com%2F&amp;data=05%7C01%7Cctrastet%40reseau-entreprendre.org%7C88c3ec0c1be047b1a2cd08dbecd6d966%7Cb896eb6011a34deab025b85b1afea30d%7C0%7C0%7C638364179747222817%7CUnknown%7CTWFpbGZsb3d8eyJWIjoiMC4wLjAwMDAiLCJQIjoiV2luMzIiLCJBTiI6Ik1haWwiLCJXVCI6Mn0%3D%7C3000%7C%7C%7C&amp;sdata=2RW2jVSWo0Q%2BCJuGrJRJziAdxgdLY4JPDCx%2FgNxqcyw%3D&amp;reserved=0\" target=\"_blank\" rel=\"noreferrer noopener\">www.truffeshenras.com<\/a><br>Une remise de 10% avec le code REOG sur tout le mois de d\u00e9cembre<\/p>\n<\/div>\n<\/div>\n\n\n\n<hr class=\"wp-block-separator has-alpha-channel-opacity\" \/>\n\n\n\n<div class=\"wp-block-columns is-layout-flex wp-container-core-columns-is-layout-9d6595d7 wp-block-columns-is-layout-flex\">\n<div class=\"wp-block-column is-layout-flow wp-block-column-is-layout-flow\">\n<p class=\"has-re-blue-color has-text-color has-medium-font-size\">&#x1f96b; <strong>Maison Patignac &#8211;  Maud Deltell Patinier<\/strong><br>Laur\u00e9ate puis membre et administratrice de l&#8217;association.<br><br>D\u00e9couvrez son offre directement sur le site : <br>https:\/\/www.patignac.com\/ <\/p>\n<\/div>\n\n\n\n<div class=\"wp-block-column is-layout-flow wp-block-column-is-layout-flow\">\n<p>&#8220;Notre conserverie propose des <strong>corbeilles cadeaux compos\u00e9s de produits locaux<\/strong>, savoureux et certifi\u00e9s par diff\u00e9rents labels (Sud de France, Coll\u00e8ge Culinaire de France, Concours G\u00e9n\u00e9ral Agricole\u2026).<\/p>\n\n\n\n<figure class=\"wp-block-image size-large\"><img loading=\"lazy\" decoding=\"async\" width=\"1024\" height=\"252\" src=\"https:\/\/www.reseau-entreprendre.org\/occitanie-garonne\/wp-content\/uploads\/sites\/69\/2023\/11\/maison-pat-1024x252.png\" alt=\"\" class=\"wp-image-5129\" srcset=\"https:\/\/www.reseau-entreprendre.org\/occitanie-garonne\/wp-content\/uploads\/sites\/69\/2023\/11\/maison-pat-1024x252.png 1024w, https:\/\/www.reseau-entreprendre.org\/occitanie-garonne\/wp-content\/uploads\/sites\/69\/2023\/11\/maison-pat-300x74.png 300w, https:\/\/www.reseau-entreprendre.org\/occitanie-garonne\/wp-content\/uploads\/sites\/69\/2023\/11\/maison-pat-768x189.png 768w, https:\/\/www.reseau-entreprendre.org\/occitanie-garonne\/wp-content\/uploads\/sites\/69\/2023\/11\/maison-pat-210x52.png 210w, https:\/\/www.reseau-entreprendre.org\/occitanie-garonne\/wp-content\/uploads\/sites\/69\/2023\/11\/maison-pat.png 1407w\" sizes=\"auto, (max-width: 1024px) 100vw, 1024px\" \/><\/figure>\n\n\n\n<p>En plus des conserves que nous fabriquons, nous proposons d\u2019autres produits locaux festifs (<em>chocolats, vins, champagnes, &nbsp;biscuits, confitures<\/em>\u2026).<\/p>\n\n\n\n<p>Des entreprises comme Thal\u00e8s, Enviris, La Poste, SNCF Mobilit\u00e9s et Cr\u00e9dit Agricole nous ont d\u00e9j\u00e0 fait confiance&nbsp;! Et point important&nbsp;: nous nous adaptons aux souhaits &amp; aux budgets de chacun&nbsp;&#x1f60a;&#8221;<\/p>\n<\/div>\n<\/div>\n\n\n\n<hr class=\"wp-block-separator has-alpha-channel-opacity\" \/>\n\n\n\n<div class=\"wp-block-columns is-layout-flex wp-container-core-columns-is-layout-9d6595d7 wp-block-columns-is-layout-flex\">\n<div class=\"wp-block-column is-layout-flow wp-block-column-is-layout-flow\">\n<p class=\"has-re-blue-color has-text-color has-medium-font-size\">&#x1f36b; <strong>Ethiquable<\/strong><br>R\u00e9mi Roux<br>Laur\u00e9at puis membre de l&#8217;association.<br><br>D\u00e9couvrez son offre :<\/p>\n<\/div>\n\n\n\n<div class=\"wp-block-column is-layout-flow wp-block-column-is-layout-flow\">\n<div data-wp-interactive=\"core\/file\" class=\"wp-block-file\"><object data-wp-bind--hidden=\"!state.hasPdfPreview\" hidden class=\"wp-block-file__embed\" data=\"https:\/\/www.reseau-entreprendre.org\/occitanie-garonne\/wp-content\/uploads\/sites\/69\/2023\/11\/coffret-RHF-11-2023-bd-1.pdf\" type=\"application\/pdf\" style=\"width:100%;height:600px\" aria-label=\"Contenu embarqu\u00e9 Coffrets cadeaux Ethiquable.\"><\/object><a id=\"wp-block-file--media-21689fed-21ba-4da2-b2a8-2e6ce8b1873f\" href=\"https:\/\/www.reseau-entreprendre.org\/occitanie-garonne\/wp-content\/uploads\/sites\/69\/2023\/11\/coffret-RHF-11-2023-bd-1.pdf\">Coffrets cadeaux Ethiquable<\/a><a href=\"https:\/\/www.reseau-entreprendre.org\/occitanie-garonne\/wp-content\/uploads\/sites\/69\/2023\/11\/coffret-RHF-11-2023-bd-1.pdf\" class=\"wp-block-file__button wp-element-button\" download aria-describedby=\"wp-block-file--media-21689fed-21ba-4da2-b2a8-2e6ce8b1873f\">T\u00e9l\u00e9charger<\/a><\/div>\n<\/div>\n<\/div>\n\n\n\n<hr class=\"wp-block-separator has-alpha-channel-opacity\" \/>\n\n\n\n<div class=\"wp-block-columns is-layout-flex wp-container-core-columns-is-layout-9d6595d7 wp-block-columns-is-layout-flex\">\n<div class=\"wp-block-column is-layout-flow wp-block-column-is-layout-flow\" style=\"flex-basis:33.33%\">\n<p class=\"has-re-blue-color has-text-color has-medium-font-size\">&#x1f6d2; <strong>Le Drive Tout Nu<\/strong><br>Salom\u00e9 &amp; Pierre G\u00e9raud<br>Laur\u00e9ats puis membres d&#8217;avenir.<br><br>D\u00e9couvrez leur offre sur le site <a href=\"https:\/\/eur01.safelinks.protection.outlook.com\/?url=http%3A%2F%2Fledrivetoutnu.com%2F&amp;data=05%7C01%7Cctrastet%40reseau-entreprendre.org%7C2aaf6704221240f4142408dbf1c2a02a%7Cb896eb6011a34deab025b85b1afea30d%7C0%7C0%7C638369590471156947%7CUnknown%7CTWFpbGZsb3d8eyJWIjoiMC4wLjAwMDAiLCJQIjoiV2luMzIiLCJBTiI6Ik1haWwiLCJXVCI6Mn0%3D%7C3000%7C%7C%7C&amp;sdata=%2FTGiX822jRSBFDnYfAluEYGUvyY5ImTT9ONJ3ZKHl64%3D&amp;reserved=0\" target=\"_blank\" rel=\"noreferrer noopener\"><strong>ledrivetoutnu.com<\/strong><\/a>, o\u00f9 vous pourrez choisir le Drive souhait\u00e9 pour passer leur commande, ou bien opter pour la livraison \u00e0 domicile !<br><br>Et tout particuli\u00e8rement pour vous, voici 3 offres :<\/p>\n<\/div>\n\n\n\n<div class=\"wp-block-column is-layout-flow wp-block-column-is-layout-flow\" style=\"flex-basis:66.66%\">\n<figure class=\"wp-block-image size-large\"><img loading=\"lazy\" decoding=\"async\" width=\"1024\" height=\"722\" src=\"https:\/\/www.reseau-entreprendre.org\/occitanie-garonne\/wp-content\/uploads\/sites\/69\/2023\/12\/drive-ttnu-1024x722.png\" alt=\"\" class=\"wp-image-5141\" srcset=\"https:\/\/www.reseau-entreprendre.org\/occitanie-garonne\/wp-content\/uploads\/sites\/69\/2023\/12\/drive-ttnu-1024x722.png 1024w, https:\/\/www.reseau-entreprendre.org\/occitanie-garonne\/wp-content\/uploads\/sites\/69\/2023\/12\/drive-ttnu-300x212.png 300w, https:\/\/www.reseau-entreprendre.org\/occitanie-garonne\/wp-content\/uploads\/sites\/69\/2023\/12\/drive-ttnu-768x541.png 768w, https:\/\/www.reseau-entreprendre.org\/occitanie-garonne\/wp-content\/uploads\/sites\/69\/2023\/12\/drive-ttnu-1536x1083.png 1536w, https:\/\/www.reseau-entreprendre.org\/occitanie-garonne\/wp-content\/uploads\/sites\/69\/2023\/12\/drive-ttnu-184x130.png 184w, https:\/\/www.reseau-entreprendre.org\/occitanie-garonne\/wp-content\/uploads\/sites\/69\/2023\/12\/drive-ttnu.png 2000w\" sizes=\"auto, (max-width: 1024px) 100vw, 1024px\" \/><\/figure>\n<\/div>\n<\/div>\n","protected":false},"excerpt":{"rendered":"<p>\u00c0 l\u2019approche des f\u00eates de fin d\u2019ann\u00e9e, l&#8217;association vous pr\u00e9sente<\/p>\n","protected":false},"author":75,"featured_media":5131,"comment_status":"closed","ping_status":"closed","sticky":false,"template":"","format":"standard","meta":{"_acf_changed":false,"_monsterinsights_skip_tracking":false,"_monsterinsights_sitenote_active":false,"_monsterinsights_sitenote_note":"","_monsterinsights_sitenote_category":0,"footnotes":""},"categories":[4],"tags":[],"class_list":["post-5123","post","type-post","status-publish","format-standard","has-post-thumbnail","hentry","category-actualites","news"],"acf":[],"yoast_head":"<!-- This site is optimized with the Yoast SEO plugin v27.4 - https:\/\/yoast.com\/product\/yoast-seo-wordpress\/ -->\n<title>Le March\u00e9 de No\u00ebl des Laur\u00e9ats &amp; Membres de R\u00e9seau Entreprendre Occitanie Garonne - R\u00e9seau Entreprendre Occitanie-Garonne<\/title>\n<meta name=\"robots\" content=\"index, follow, max-snippet:-1, max-image-preview:large, max-video-preview:-1\" \/>\n<link rel=\"canonical\" href=\"https:\/\/www.reseau-entreprendre.org\/occitanie-garonne\/2023\/11\/30\/marche-de-noel-laureats-membres\/\" \/>\n<meta property=\"og:locale\" content=\"fr_FR\" \/>\n<meta property=\"og:type\" content=\"article\" \/>\n<meta property=\"og:title\" content=\"Le March\u00e9 de No\u00ebl des Laur\u00e9ats &amp; Membres de R\u00e9seau Entreprendre Occitanie Garonne - R\u00e9seau Entreprendre Occitanie-Garonne\" \/>\n<meta property=\"og:description\" content=\"\u00c0 l\u2019approche des f\u00eates de fin d\u2019ann\u00e9e, l&#8217;association vous pr\u00e9sente\" \/>\n<meta property=\"og:url\" content=\"https:\/\/www.reseau-entreprendre.org\/occitanie-garonne\/2023\/11\/30\/marche-de-noel-laureats-membres\/\" \/>\n<meta property=\"og:site_name\" content=\"R\u00e9seau Entreprendre Occitanie-Garonne\" \/>\n<meta property=\"article:publisher\" content=\"https:\/\/www.facebook.com\/R%c3%a9seau-Entreprendre-Occitanie-Garonne-1459398670993843\/?ref=bookmarks\" \/>\n<meta property=\"article:author\" content=\"https:\/\/www.facebook.com\/ReseauEntreprendreOccitanieGaronne\/\" \/>\n<meta property=\"article:published_time\" content=\"2023-11-30T09:13:18+00:00\" \/>\n<meta property=\"article:modified_time\" content=\"2023-12-14T10:32:25+00:00\" \/>\n<meta property=\"og:image\" content=\"https:\/\/www.reseau-entreprendre.org\/occitanie-garonne\/wp-content\/uploads\/sites\/69\/2023\/11\/Faites-plaisir-a-vos-proches-avec-LE-MARCHE-DE-NOEL-2023-DES-LAUREATS.png\" \/>\n\t<meta property=\"og:image:width\" content=\"1500\" \/>\n\t<meta property=\"og:image:height\" content=\"381\" \/>\n\t<meta property=\"og:image:type\" content=\"image\/png\" \/>\n<meta name=\"author\" content=\"REOG\" \/>\n<meta name=\"twitter:card\" content=\"summary_large_image\" \/>\n<meta name=\"twitter:creator\" content=\"@https:\/\/twitter.com\/RE_OccitanieGar\" \/>\n<meta name=\"twitter:label1\" content=\"\u00c9crit par\" \/>\n\t<meta name=\"twitter:data1\" content=\"REOG\" \/>\n\t<meta name=\"twitter:label2\" content=\"Dur\u00e9e de lecture estim\u00e9e\" \/>\n\t<meta name=\"twitter:data2\" content=\"3 minutes\" \/>\n<script type=\"application\/ld+json\" class=\"yoast-schema-graph\">{\"@context\":\"https:\\\/\\\/schema.org\",\"@graph\":[{\"@type\":\"Article\",\"@id\":\"https:\\\/\\\/www.reseau-entreprendre.org\\\/occitanie-garonne\\\/2023\\\/11\\\/30\\\/marche-de-noel-laureats-membres\\\/#article\",\"isPartOf\":{\"@id\":\"https:\\\/\\\/www.reseau-entreprendre.org\\\/occitanie-garonne\\\/2023\\\/11\\\/30\\\/marche-de-noel-laureats-membres\\\/\"},\"author\":{\"name\":\"REOG\",\"@id\":\"https:\\\/\\\/www.reseau-entreprendre.org\\\/occitanie-garonne\\\/#\\\/schema\\\/person\\\/2c64ce52f920fe9afbdd67dc2b592526\"},\"headline\":\"Le March\u00e9 de No\u00ebl des Laur\u00e9ats &amp; Membres de R\u00e9seau Entreprendre Occitanie Garonne\",\"datePublished\":\"2023-11-30T09:13:18+00:00\",\"dateModified\":\"2023-12-14T10:32:25+00:00\",\"mainEntityOfPage\":{\"@id\":\"https:\\\/\\\/www.reseau-entreprendre.org\\\/occitanie-garonne\\\/2023\\\/11\\\/30\\\/marche-de-noel-laureats-membres\\\/\"},\"wordCount\":400,\"image\":{\"@id\":\"https:\\\/\\\/www.reseau-entreprendre.org\\\/occitanie-garonne\\\/2023\\\/11\\\/30\\\/marche-de-noel-laureats-membres\\\/#primaryimage\"},\"thumbnailUrl\":\"https:\\\/\\\/www.reseau-entreprendre.org\\\/occitanie-garonne\\\/wp-content\\\/uploads\\\/sites\\\/69\\\/2023\\\/11\\\/Faites-plaisir-a-vos-proches-avec-LE-MARCHE-DE-NOEL-2023-DES-LAUREATS.png\",\"articleSection\":[\"Actualit\u00e9s\"],\"inLanguage\":\"fr-FR\"},{\"@type\":\"WebPage\",\"@id\":\"https:\\\/\\\/www.reseau-entreprendre.org\\\/occitanie-garonne\\\/2023\\\/11\\\/30\\\/marche-de-noel-laureats-membres\\\/\",\"url\":\"https:\\\/\\\/www.reseau-entreprendre.org\\\/occitanie-garonne\\\/2023\\\/11\\\/30\\\/marche-de-noel-laureats-membres\\\/\",\"name\":\"Le March\u00e9 de No\u00ebl des Laur\u00e9ats &amp; Membres de R\u00e9seau Entreprendre Occitanie Garonne - R\u00e9seau Entreprendre Occitanie-Garonne\",\"isPartOf\":{\"@id\":\"https:\\\/\\\/www.reseau-entreprendre.org\\\/occitanie-garonne\\\/#website\"},\"primaryImageOfPage\":{\"@id\":\"https:\\\/\\\/www.reseau-entreprendre.org\\\/occitanie-garonne\\\/2023\\\/11\\\/30\\\/marche-de-noel-laureats-membres\\\/#primaryimage\"},\"image\":{\"@id\":\"https:\\\/\\\/www.reseau-entreprendre.org\\\/occitanie-garonne\\\/2023\\\/11\\\/30\\\/marche-de-noel-laureats-membres\\\/#primaryimage\"},\"thumbnailUrl\":\"https:\\\/\\\/www.reseau-entreprendre.org\\\/occitanie-garonne\\\/wp-content\\\/uploads\\\/sites\\\/69\\\/2023\\\/11\\\/Faites-plaisir-a-vos-proches-avec-LE-MARCHE-DE-NOEL-2023-DES-LAUREATS.png\",\"datePublished\":\"2023-11-30T09:13:18+00:00\",\"dateModified\":\"2023-12-14T10:32:25+00:00\",\"author\":{\"@id\":\"https:\\\/\\\/www.reseau-entreprendre.org\\\/occitanie-garonne\\\/#\\\/schema\\\/person\\\/2c64ce52f920fe9afbdd67dc2b592526\"},\"breadcrumb\":{\"@id\":\"https:\\\/\\\/www.reseau-entreprendre.org\\\/occitanie-garonne\\\/2023\\\/11\\\/30\\\/marche-de-noel-laureats-membres\\\/#breadcrumb\"},\"inLanguage\":\"fr-FR\",\"potentialAction\":[{\"@type\":\"ReadAction\",\"target\":[\"https:\\\/\\\/www.reseau-entreprendre.org\\\/occitanie-garonne\\\/2023\\\/11\\\/30\\\/marche-de-noel-laureats-membres\\\/\"]}]},{\"@type\":\"ImageObject\",\"inLanguage\":\"fr-FR\",\"@id\":\"https:\\\/\\\/www.reseau-entreprendre.org\\\/occitanie-garonne\\\/2023\\\/11\\\/30\\\/marche-de-noel-laureats-membres\\\/#primaryimage\",\"url\":\"https:\\\/\\\/www.reseau-entreprendre.org\\\/occitanie-garonne\\\/wp-content\\\/uploads\\\/sites\\\/69\\\/2023\\\/11\\\/Faites-plaisir-a-vos-proches-avec-LE-MARCHE-DE-NOEL-2023-DES-LAUREATS.png\",\"contentUrl\":\"https:\\\/\\\/www.reseau-entreprendre.org\\\/occitanie-garonne\\\/wp-content\\\/uploads\\\/sites\\\/69\\\/2023\\\/11\\\/Faites-plaisir-a-vos-proches-avec-LE-MARCHE-DE-NOEL-2023-DES-LAUREATS.png\",\"width\":1500,\"height\":381},{\"@type\":\"BreadcrumbList\",\"@id\":\"https:\\\/\\\/www.reseau-entreprendre.org\\\/occitanie-garonne\\\/2023\\\/11\\\/30\\\/marche-de-noel-laureats-membres\\\/#breadcrumb\",\"itemListElement\":[{\"@type\":\"ListItem\",\"position\":1,\"name\":\"Accueil\",\"item\":\"https:\\\/\\\/www.reseau-entreprendre.org\\\/occitanie-garonne\\\/\"},{\"@type\":\"ListItem\",\"position\":2,\"name\":\"Le March\u00e9 de No\u00ebl des Laur\u00e9ats &amp; Membres de R\u00e9seau Entreprendre Occitanie Garonne\"}]},{\"@type\":\"WebSite\",\"@id\":\"https:\\\/\\\/www.reseau-entreprendre.org\\\/occitanie-garonne\\\/#website\",\"url\":\"https:\\\/\\\/www.reseau-entreprendre.org\\\/occitanie-garonne\\\/\",\"name\":\"R\u00e9seau Entreprendre Occitanie-Garonne\",\"description\":\"Un site de R\u00e9seau Entreprendre\",\"potentialAction\":[{\"@type\":\"SearchAction\",\"target\":{\"@type\":\"EntryPoint\",\"urlTemplate\":\"https:\\\/\\\/www.reseau-entreprendre.org\\\/occitanie-garonne\\\/?s={search_term_string}\"},\"query-input\":{\"@type\":\"PropertyValueSpecification\",\"valueRequired\":true,\"valueName\":\"search_term_string\"}}],\"inLanguage\":\"fr-FR\"},{\"@type\":\"Person\",\"@id\":\"https:\\\/\\\/www.reseau-entreprendre.org\\\/occitanie-garonne\\\/#\\\/schema\\\/person\\\/2c64ce52f920fe9afbdd67dc2b592526\",\"name\":\"REOG\",\"image\":{\"@type\":\"ImageObject\",\"inLanguage\":\"fr-FR\",\"@id\":\"https:\\\/\\\/secure.gravatar.com\\\/avatar\\\/916b79c7fceebf1c4fa4d274e5a7947bd1a01baa64ac634dd0eeb63bcb82e8ce?s=96&d=mm&r=g\",\"url\":\"https:\\\/\\\/secure.gravatar.com\\\/avatar\\\/916b79c7fceebf1c4fa4d274e5a7947bd1a01baa64ac634dd0eeb63bcb82e8ce?s=96&d=mm&r=g\",\"contentUrl\":\"https:\\\/\\\/secure.gravatar.com\\\/avatar\\\/916b79c7fceebf1c4fa4d274e5a7947bd1a01baa64ac634dd0eeb63bcb82e8ce?s=96&d=mm&r=g\",\"caption\":\"REOG\"},\"sameAs\":[\"https:\\\/\\\/www.reseau-entreprendre.org\\\/occitanie-garonne\\\/\",\"https:\\\/\\\/www.facebook.com\\\/ReseauEntreprendreOccitanieGaronne\\\/\",\"https:\\\/\\\/www.linkedin.com\\\/company\\\/reseau-entreprendre-occitanie-garonne\\\/?viewAsMember=true\",\"https:\\\/\\\/x.com\\\/https:\\\/\\\/twitter.com\\\/RE_OccitanieGar\",\"https:\\\/\\\/www.youtube.com\\\/channel\\\/UCm8DOenWExwEKLIRPYAZP_A?view_as=subscriber\"],\"url\":\"https:\\\/\\\/www.reseau-entreprendre.org\\\/occitanie-garonne\\\/author\\\/reog\\\/\"}]}<\/script>\n<!-- \/ Yoast SEO plugin. -->","yoast_head_json":{"title":"Le March\u00e9 de No\u00ebl des Laur\u00e9ats &amp; Membres de R\u00e9seau Entreprendre Occitanie Garonne - R\u00e9seau Entreprendre Occitanie-Garonne","robots":{"index":"index","follow":"follow","max-snippet":"max-snippet:-1","max-image-preview":"max-image-preview:large","max-video-preview":"max-video-preview:-1"},"canonical":"https:\/\/www.reseau-entreprendre.org\/occitanie-garonne\/2023\/11\/30\/marche-de-noel-laureats-membres\/","og_locale":"fr_FR","og_type":"article","og_title":"Le March\u00e9 de No\u00ebl des Laur\u00e9ats &amp; Membres de R\u00e9seau Entreprendre Occitanie Garonne - R\u00e9seau Entreprendre Occitanie-Garonne","og_description":"\u00c0 l\u2019approche des f\u00eates de fin d\u2019ann\u00e9e, l&#8217;association vous pr\u00e9sente","og_url":"https:\/\/www.reseau-entreprendre.org\/occitanie-garonne\/2023\/11\/30\/marche-de-noel-laureats-membres\/","og_site_name":"R\u00e9seau Entreprendre Occitanie-Garonne","article_publisher":"https:\/\/www.facebook.com\/R%c3%a9seau-Entreprendre-Occitanie-Garonne-1459398670993843\/?ref=bookmarks","article_author":"https:\/\/www.facebook.com\/ReseauEntreprendreOccitanieGaronne\/","article_published_time":"2023-11-30T09:13:18+00:00","article_modified_time":"2023-12-14T10:32:25+00:00","og_image":[{"width":1500,"height":381,"url":"https:\/\/www.reseau-entreprendre.org\/occitanie-garonne\/wp-content\/uploads\/sites\/69\/2023\/11\/Faites-plaisir-a-vos-proches-avec-LE-MARCHE-DE-NOEL-2023-DES-LAUREATS.png","type":"image\/png"}],"author":"REOG","twitter_card":"summary_large_image","twitter_creator":"@https:\/\/twitter.com\/RE_OccitanieGar","twitter_misc":{"\u00c9crit par":"REOG","Dur\u00e9e de lecture estim\u00e9e":"3 minutes"},"schema":{"@context":"https:\/\/schema.org","@graph":[{"@type":"Article","@id":"https:\/\/www.reseau-entreprendre.org\/occitanie-garonne\/2023\/11\/30\/marche-de-noel-laureats-membres\/#article","isPartOf":{"@id":"https:\/\/www.reseau-entreprendre.org\/occitanie-garonne\/2023\/11\/30\/marche-de-noel-laureats-membres\/"},"author":{"name":"REOG","@id":"https:\/\/www.reseau-entreprendre.org\/occitanie-garonne\/#\/schema\/person\/2c64ce52f920fe9afbdd67dc2b592526"},"headline":"Le March\u00e9 de No\u00ebl des Laur\u00e9ats &amp; Membres de R\u00e9seau Entreprendre Occitanie Garonne","datePublished":"2023-11-30T09:13:18+00:00","dateModified":"2023-12-14T10:32:25+00:00","mainEntityOfPage":{"@id":"https:\/\/www.reseau-entreprendre.org\/occitanie-garonne\/2023\/11\/30\/marche-de-noel-laureats-membres\/"},"wordCount":400,"image":{"@id":"https:\/\/www.reseau-entreprendre.org\/occitanie-garonne\/2023\/11\/30\/marche-de-noel-laureats-membres\/#primaryimage"},"thumbnailUrl":"https:\/\/www.reseau-entreprendre.org\/occitanie-garonne\/wp-content\/uploads\/sites\/69\/2023\/11\/Faites-plaisir-a-vos-proches-avec-LE-MARCHE-DE-NOEL-2023-DES-LAUREATS.png","articleSection":["Actualit\u00e9s"],"inLanguage":"fr-FR"},{"@type":"WebPage","@id":"https:\/\/www.reseau-entreprendre.org\/occitanie-garonne\/2023\/11\/30\/marche-de-noel-laureats-membres\/","url":"https:\/\/www.reseau-entreprendre.org\/occitanie-garonne\/2023\/11\/30\/marche-de-noel-laureats-membres\/","name":"Le March\u00e9 de No\u00ebl des Laur\u00e9ats &amp; Membres de R\u00e9seau Entreprendre Occitanie Garonne - R\u00e9seau Entreprendre Occitanie-Garonne","isPartOf":{"@id":"https:\/\/www.reseau-entreprendre.org\/occitanie-garonne\/#website"},"primaryImageOfPage":{"@id":"https:\/\/www.reseau-entreprendre.org\/occitanie-garonne\/2023\/11\/30\/marche-de-noel-laureats-membres\/#primaryimage"},"image":{"@id":"https:\/\/www.reseau-entreprendre.org\/occitanie-garonne\/2023\/11\/30\/marche-de-noel-laureats-membres\/#primaryimage"},"thumbnailUrl":"https:\/\/www.reseau-entreprendre.org\/occitanie-garonne\/wp-content\/uploads\/sites\/69\/2023\/11\/Faites-plaisir-a-vos-proches-avec-LE-MARCHE-DE-NOEL-2023-DES-LAUREATS.png","datePublished":"2023-11-30T09:13:18+00:00","dateModified":"2023-12-14T10:32:25+00:00","author":{"@id":"https:\/\/www.reseau-entreprendre.org\/occitanie-garonne\/#\/schema\/person\/2c64ce52f920fe9afbdd67dc2b592526"},"breadcrumb":{"@id":"https:\/\/www.reseau-entreprendre.org\/occitanie-garonne\/2023\/11\/30\/marche-de-noel-laureats-membres\/#breadcrumb"},"inLanguage":"fr-FR","potentialAction":[{"@type":"ReadAction","target":["https:\/\/www.reseau-entreprendre.org\/occitanie-garonne\/2023\/11\/30\/marche-de-noel-laureats-membres\/"]}]},{"@type":"ImageObject","inLanguage":"fr-FR","@id":"https:\/\/www.reseau-entreprendre.org\/occitanie-garonne\/2023\/11\/30\/marche-de-noel-laureats-membres\/#primaryimage","url":"https:\/\/www.reseau-entreprendre.org\/occitanie-garonne\/wp-content\/uploads\/sites\/69\/2023\/11\/Faites-plaisir-a-vos-proches-avec-LE-MARCHE-DE-NOEL-2023-DES-LAUREATS.png","contentUrl":"https:\/\/www.reseau-entreprendre.org\/occitanie-garonne\/wp-content\/uploads\/sites\/69\/2023\/11\/Faites-plaisir-a-vos-proches-avec-LE-MARCHE-DE-NOEL-2023-DES-LAUREATS.png","width":1500,"height":381},{"@type":"BreadcrumbList","@id":"https:\/\/www.reseau-entreprendre.org\/occitanie-garonne\/2023\/11\/30\/marche-de-noel-laureats-membres\/#breadcrumb","itemListElement":[{"@type":"ListItem","position":1,"name":"Accueil","item":"https:\/\/www.reseau-entreprendre.org\/occitanie-garonne\/"},{"@type":"ListItem","position":2,"name":"Le March\u00e9 de No\u00ebl des Laur\u00e9ats &amp; Membres de R\u00e9seau Entreprendre Occitanie Garonne"}]},{"@type":"WebSite","@id":"https:\/\/www.reseau-entreprendre.org\/occitanie-garonne\/#website","url":"https:\/\/www.reseau-entreprendre.org\/occitanie-garonne\/","name":"R\u00e9seau Entreprendre Occitanie-Garonne","description":"Un site de R\u00e9seau Entreprendre","potentialAction":[{"@type":"SearchAction","target":{"@type":"EntryPoint","urlTemplate":"https:\/\/www.reseau-entreprendre.org\/occitanie-garonne\/?s={search_term_string}"},"query-input":{"@type":"PropertyValueSpecification","valueRequired":true,"valueName":"search_term_string"}}],"inLanguage":"fr-FR"},{"@type":"Person","@id":"https:\/\/www.reseau-entreprendre.org\/occitanie-garonne\/#\/schema\/person\/2c64ce52f920fe9afbdd67dc2b592526","name":"REOG","image":{"@type":"ImageObject","inLanguage":"fr-FR","@id":"https:\/\/secure.gravatar.com\/avatar\/916b79c7fceebf1c4fa4d274e5a7947bd1a01baa64ac634dd0eeb63bcb82e8ce?s=96&d=mm&r=g","url":"https:\/\/secure.gravatar.com\/avatar\/916b79c7fceebf1c4fa4d274e5a7947bd1a01baa64ac634dd0eeb63bcb82e8ce?s=96&d=mm&r=g","contentUrl":"https:\/\/secure.gravatar.com\/avatar\/916b79c7fceebf1c4fa4d274e5a7947bd1a01baa64ac634dd0eeb63bcb82e8ce?s=96&d=mm&r=g","caption":"REOG"},"sameAs":["https:\/\/www.reseau-entreprendre.org\/occitanie-garonne\/","https:\/\/www.facebook.com\/ReseauEntreprendreOccitanieGaronne\/","https:\/\/www.linkedin.com\/company\/reseau-entreprendre-occitanie-garonne\/?viewAsMember=true","https:\/\/x.com\/https:\/\/twitter.com\/RE_OccitanieGar","https:\/\/www.youtube.com\/channel\/UCm8DOenWExwEKLIRPYAZP_A?view_as=subscriber"],"url":"https:\/\/www.reseau-entreprendre.org\/occitanie-garonne\/author\/reog\/"}]}},"_links":{"self":[{"href":"https:\/\/www.reseau-entreprendre.org\/occitanie-garonne\/wp-json\/wp\/v2\/posts\/5123","targetHints":{"allow":["GET"]}}],"collection":[{"href":"https:\/\/www.reseau-entreprendre.org\/occitanie-garonne\/wp-json\/wp\/v2\/posts"}],"about":[{"href":"https:\/\/www.reseau-entreprendre.org\/occitanie-garonne\/wp-json\/wp\/v2\/types\/post"}],"author":[{"embeddable":true,"href":"https:\/\/www.reseau-entreprendre.org\/occitanie-garonne\/wp-json\/wp\/v2\/users\/75"}],"replies":[{"embeddable":true,"href":"https:\/\/www.reseau-entreprendre.org\/occitanie-garonne\/wp-json\/wp\/v2\/comments?post=5123"}],"version-history":[{"count":0,"href":"https:\/\/www.reseau-entreprendre.org\/occitanie-garonne\/wp-json\/wp\/v2\/posts\/5123\/revisions"}],"wp:featuredmedia":[{"embeddable":true,"href":"https:\/\/www.reseau-entreprendre.org\/occitanie-garonne\/wp-json\/wp\/v2\/media\/5131"}],"wp:attachment":[{"href":"https:\/\/www.reseau-entreprendre.org\/occitanie-garonne\/wp-json\/wp\/v2\/media?parent=5123"}],"wp:term":[{"taxonomy":"category","embeddable":true,"href":"https:\/\/www.reseau-entreprendre.org\/occitanie-garonne\/wp-json\/wp\/v2\/categories?post=5123"},{"taxonomy":"post_tag","embeddable":true,"href":"https:\/\/www.reseau-entreprendre.org\/occitanie-garonne\/wp-json\/wp\/v2\/tags?post=5123"}],"curies":[{"name":"wp","href":"https:\/\/api.w.org\/{rel}","templated":true}]}}