{"id":6652,"date":"2025-07-25T17:23:15","date_gmt":"2025-07-25T15:23:15","guid":{"rendered":"https:\/\/www.reseau-entreprendre.org\/occitanie-garonne\/?p=6652"},"modified":"2025-07-25T17:23:17","modified_gmt":"2025-07-25T15:23:17","slug":"melissa-tarrin-ema-muret","status":"publish","type":"post","link":"https:\/\/www.reseau-entreprendre.org\/occitanie-garonne\/2025\/07\/25\/melissa-tarrin-ema-muret\/","title":{"rendered":"M\u00e9lissa Tarrin, repreneuse de EMA"},"content":{"rendered":"\n<div class=\"wp-block-columns is-layout-flex wp-container-core-columns-is-layout-9d6595d7 wp-block-columns-is-layout-flex\">\n<div class=\"wp-block-column is-layout-flow wp-block-column-is-layout-flow\" style=\"flex-basis:33.33%\">\n<figure class=\"wp-block-image size-full\"><img loading=\"lazy\" decoding=\"async\" width=\"370\" height=\"250\" src=\"https:\/\/www.reseau-entreprendre.org\/occitanie-garonne\/wp-content\/uploads\/sites\/69\/2025\/07\/tarrin.png\" alt=\"m\u00e9lissa tarrin, repreneuse de EMA Muret\" class=\"wp-image-6653\" srcset=\"https:\/\/www.reseau-entreprendre.org\/occitanie-garonne\/wp-content\/uploads\/sites\/69\/2025\/07\/tarrin.png 370w, https:\/\/www.reseau-entreprendre.org\/occitanie-garonne\/wp-content\/uploads\/sites\/69\/2025\/07\/tarrin-300x203.png 300w, https:\/\/www.reseau-entreprendre.org\/occitanie-garonne\/wp-content\/uploads\/sites\/69\/2025\/07\/tarrin-192x130.png 192w, https:\/\/www.reseau-entreprendre.org\/occitanie-garonne\/wp-content\/uploads\/sites\/69\/2025\/07\/tarrin-100x68.png 100w\" sizes=\"auto, (max-width: 370px) 100vw, 370px\" \/><figcaption class=\"wp-element-caption\">M\u00e9lissa, laur\u00e9ate 2025 de R\u00e9seau Entreprendre Occitanie Garonne<\/figcaption><\/figure>\n<\/div>\n\n\n\n<div class=\"wp-block-column is-layout-flow wp-block-column-is-layout-flow\" style=\"flex-basis:66.66%\">\n<p>Bienvenue \u00e0 <a href=\"https:\/\/www.linkedin.com\/in\/m%C3%A9lissa-tarrin-9b3b0751\/\" target=\"_blank\" rel=\"noreferrer noopener\">M\u00e9lissa Tarrin<\/a>, repreneuse de <a href=\"https:\/\/www.ema.family\/details-votre+agence+ema+ma+nounou+a+moi+a+muret-240\" target=\"_blank\" rel=\"noreferrer noopener\">EMA Muret<\/a>, une soci\u00e9t\u00e9 de service \u00e0 la personne, sp\u00e9cialis\u00e9e dans la garde d&#8217;enfant \u00e0 domicile.<\/p>\n\n\n\n<p>Cette laur\u00e9ate va b\u00e9n\u00e9ficier du triple accompagnement propos\u00e9 par R\u00e9seau Entreprendre\u00ae :<br>L&#8217;accompagnement humain effectu\u00e9 par un voire deux chefs d&#8217;entreprises exp\u00e9riment\u00e9s, sur la dur\u00e9e, \u00e0 raison d&#8217;une rencontre par mois,<br>L&#8217;accompagnement collectif via les &#8220;clubs de laur\u00e9ats&#8221;, des rencontres mensuelles entre chefs d&#8217;entreprise accompagn\u00e9s, sur des th\u00e9matiques li\u00e9es \u00e0 des probl\u00e9matiques rencontr\u00e9es en commun et enfin,<br>L&#8217;accompagnement financier via l&#8217;octroi d&#8217;un pr\u00eat d&#8217;honneur \u00e0 la personne qui peut notamment permettre de faire effet levier aupr\u00e8s des banques.<br><br>M\u00e9lissa ambitionne de maintenir 15 emplois et d&#8217;en cr\u00e9er 3 nouveaux dans les 3 ans \u00e0 venir ! Bravo \u00e0 elle !<\/p>\n<\/div>\n<\/div>\n\n\n\n<div class=\"wp-block-columns is-layout-flex wp-container-core-columns-is-layout-9d6595d7 wp-block-columns-is-layout-flex\">\n<div class=\"wp-block-column is-layout-flow wp-block-column-is-layout-flow\" style=\"flex-basis:66.66%\">\n<h4 class=\"wp-block-heading has-re-blue-color has-text-color\"><strong>M\u00e9lissa sera accompagn\u00e9e par  <a href=\"https:\/\/www.linkedin.com\/in\/ga%C3%ABl-rayssac-369b0092\/\" target=\"_blank\" rel=\"noreferrer noopener\">Ga\u00ebl Rayssac<\/a> durant son accompagnement de deux ans.<\/strong><\/h4>\n<\/div>\n\n\n\n<div class=\"wp-block-column is-layout-flow wp-block-column-is-layout-flow\" style=\"flex-basis:33.33%\"><\/div>\n<\/div>\n\n\n\n<p><\/p>\n","protected":false},"excerpt":{"rendered":"<p>Bienvenue \u00e0 M\u00e9lissa Tarrin, repreneuse de EMA Muret, une soci\u00e9t\u00e9<\/p>\n","protected":false},"author":75,"featured_media":6653,"comment_status":"closed","ping_status":"open","sticky":false,"template":"","format":"standard","meta":{"_acf_changed":false,"_monsterinsights_skip_tracking":false,"_monsterinsights_sitenote_active":false,"_monsterinsights_sitenote_note":"","_monsterinsights_sitenote_category":0,"footnotes":""},"categories":[73],"tags":[55,18],"class_list":["post-6652","post","type-post","status-publish","format-standard","has-post-thumbnail","hentry","category-dernierslaureats","tag-accompagnement","tag-laureats",""],"acf":[],"yoast_head":"<!-- This site is optimized with the Yoast SEO plugin v27.4 - https:\/\/yoast.com\/product\/yoast-seo-wordpress\/ -->\n<title>M\u00e9lissa Tarrin reprend EMA Muret<\/title>\n<meta name=\"description\" content=\"M\u00e9lissa Tarrin, repreneuse de EMA Muret et laur\u00e9ate 2025 de l&#039;association R\u00e9seau Entreprendre Occitanie Garonne.\" \/>\n<meta name=\"robots\" content=\"index, follow, max-snippet:-1, max-image-preview:large, max-video-preview:-1\" \/>\n<link rel=\"canonical\" href=\"https:\/\/www.reseau-entreprendre.org\/occitanie-garonne\/2025\/07\/25\/melissa-tarrin-ema-muret\/\" \/>\n<meta property=\"og:locale\" content=\"fr_FR\" \/>\n<meta property=\"og:type\" content=\"article\" \/>\n<meta property=\"og:title\" content=\"M\u00e9lissa Tarrin reprend EMA Muret\" \/>\n<meta property=\"og:description\" content=\"M\u00e9lissa Tarrin, repreneuse de EMA Muret et laur\u00e9ate 2025 de l&#039;association R\u00e9seau Entreprendre Occitanie Garonne.\" \/>\n<meta property=\"og:url\" content=\"https:\/\/www.reseau-entreprendre.org\/occitanie-garonne\/2025\/07\/25\/melissa-tarrin-ema-muret\/\" \/>\n<meta property=\"og:site_name\" content=\"R\u00e9seau Entreprendre Occitanie-Garonne\" \/>\n<meta property=\"article:publisher\" content=\"https:\/\/www.facebook.com\/R%c3%a9seau-Entreprendre-Occitanie-Garonne-1459398670993843\/?ref=bookmarks\" \/>\n<meta property=\"article:author\" content=\"https:\/\/www.facebook.com\/ReseauEntreprendreOccitanieGaronne\/\" \/>\n<meta property=\"article:published_time\" content=\"2025-07-25T15:23:15+00:00\" \/>\n<meta property=\"article:modified_time\" content=\"2025-07-25T15:23:17+00:00\" \/>\n<meta property=\"og:image\" content=\"https:\/\/www.reseau-entreprendre.org\/occitanie-garonne\/wp-content\/uploads\/sites\/69\/2025\/07\/tarrin.png\" \/>\n\t<meta property=\"og:image:width\" content=\"370\" \/>\n\t<meta property=\"og:image:height\" content=\"250\" \/>\n\t<meta property=\"og:image:type\" content=\"image\/png\" \/>\n<meta name=\"author\" content=\"REOG\" \/>\n<meta name=\"twitter:card\" content=\"summary_large_image\" \/>\n<meta name=\"twitter:creator\" content=\"@https:\/\/twitter.com\/RE_OccitanieGar\" \/>\n<meta name=\"twitter:label1\" content=\"\u00c9crit par\" \/>\n\t<meta name=\"twitter:data1\" content=\"REOG\" \/>\n\t<meta name=\"twitter:label2\" content=\"Dur\u00e9e de lecture estim\u00e9e\" \/>\n\t<meta name=\"twitter:data2\" content=\"2 minutes\" \/>\n<script type=\"application\/ld+json\" class=\"yoast-schema-graph\">{\"@context\":\"https:\\\/\\\/schema.org\",\"@graph\":[{\"@type\":\"Article\",\"@id\":\"https:\\\/\\\/www.reseau-entreprendre.org\\\/occitanie-garonne\\\/2025\\\/07\\\/25\\\/melissa-tarrin-ema-muret\\\/#article\",\"isPartOf\":{\"@id\":\"https:\\\/\\\/www.reseau-entreprendre.org\\\/occitanie-garonne\\\/2025\\\/07\\\/25\\\/melissa-tarrin-ema-muret\\\/\"},\"author\":{\"name\":\"REOG\",\"@id\":\"https:\\\/\\\/www.reseau-entreprendre.org\\\/occitanie-garonne\\\/#\\\/schema\\\/person\\\/2c64ce52f920fe9afbdd67dc2b592526\"},\"headline\":\"M\u00e9lissa Tarrin, repreneuse de EMA\",\"datePublished\":\"2025-07-25T15:23:15+00:00\",\"dateModified\":\"2025-07-25T15:23:17+00:00\",\"mainEntityOfPage\":{\"@id\":\"https:\\\/\\\/www.reseau-entreprendre.org\\\/occitanie-garonne\\\/2025\\\/07\\\/25\\\/melissa-tarrin-ema-muret\\\/\"},\"wordCount\":171,\"image\":{\"@id\":\"https:\\\/\\\/www.reseau-entreprendre.org\\\/occitanie-garonne\\\/2025\\\/07\\\/25\\\/melissa-tarrin-ema-muret\\\/#primaryimage\"},\"thumbnailUrl\":\"https:\\\/\\\/www.reseau-entreprendre.org\\\/occitanie-garonne\\\/wp-content\\\/uploads\\\/sites\\\/69\\\/2025\\\/07\\\/tarrin.png\",\"keywords\":[\"accompagnement\",\"laur\u00e9ats\"],\"articleSection\":[\"Nos derniers laur\u00e9ats\"],\"inLanguage\":\"fr-FR\"},{\"@type\":\"WebPage\",\"@id\":\"https:\\\/\\\/www.reseau-entreprendre.org\\\/occitanie-garonne\\\/2025\\\/07\\\/25\\\/melissa-tarrin-ema-muret\\\/\",\"url\":\"https:\\\/\\\/www.reseau-entreprendre.org\\\/occitanie-garonne\\\/2025\\\/07\\\/25\\\/melissa-tarrin-ema-muret\\\/\",\"name\":\"M\u00e9lissa Tarrin reprend EMA Muret\",\"isPartOf\":{\"@id\":\"https:\\\/\\\/www.reseau-entreprendre.org\\\/occitanie-garonne\\\/#website\"},\"primaryImageOfPage\":{\"@id\":\"https:\\\/\\\/www.reseau-entreprendre.org\\\/occitanie-garonne\\\/2025\\\/07\\\/25\\\/melissa-tarrin-ema-muret\\\/#primaryimage\"},\"image\":{\"@id\":\"https:\\\/\\\/www.reseau-entreprendre.org\\\/occitanie-garonne\\\/2025\\\/07\\\/25\\\/melissa-tarrin-ema-muret\\\/#primaryimage\"},\"thumbnailUrl\":\"https:\\\/\\\/www.reseau-entreprendre.org\\\/occitanie-garonne\\\/wp-content\\\/uploads\\\/sites\\\/69\\\/2025\\\/07\\\/tarrin.png\",\"datePublished\":\"2025-07-25T15:23:15+00:00\",\"dateModified\":\"2025-07-25T15:23:17+00:00\",\"author\":{\"@id\":\"https:\\\/\\\/www.reseau-entreprendre.org\\\/occitanie-garonne\\\/#\\\/schema\\\/person\\\/2c64ce52f920fe9afbdd67dc2b592526\"},\"description\":\"M\u00e9lissa Tarrin, repreneuse de EMA Muret et laur\u00e9ate 2025 de l'association R\u00e9seau Entreprendre Occitanie Garonne.\",\"breadcrumb\":{\"@id\":\"https:\\\/\\\/www.reseau-entreprendre.org\\\/occitanie-garonne\\\/2025\\\/07\\\/25\\\/melissa-tarrin-ema-muret\\\/#breadcrumb\"},\"inLanguage\":\"fr-FR\",\"potentialAction\":[{\"@type\":\"ReadAction\",\"target\":[\"https:\\\/\\\/www.reseau-entreprendre.org\\\/occitanie-garonne\\\/2025\\\/07\\\/25\\\/melissa-tarrin-ema-muret\\\/\"]}]},{\"@type\":\"ImageObject\",\"inLanguage\":\"fr-FR\",\"@id\":\"https:\\\/\\\/www.reseau-entreprendre.org\\\/occitanie-garonne\\\/2025\\\/07\\\/25\\\/melissa-tarrin-ema-muret\\\/#primaryimage\",\"url\":\"https:\\\/\\\/www.reseau-entreprendre.org\\\/occitanie-garonne\\\/wp-content\\\/uploads\\\/sites\\\/69\\\/2025\\\/07\\\/tarrin.png\",\"contentUrl\":\"https:\\\/\\\/www.reseau-entreprendre.org\\\/occitanie-garonne\\\/wp-content\\\/uploads\\\/sites\\\/69\\\/2025\\\/07\\\/tarrin.png\",\"width\":370,\"height\":250,\"caption\":\"m\u00e9lissa tarrin, repreneuse de EMA Muret\"},{\"@type\":\"BreadcrumbList\",\"@id\":\"https:\\\/\\\/www.reseau-entreprendre.org\\\/occitanie-garonne\\\/2025\\\/07\\\/25\\\/melissa-tarrin-ema-muret\\\/#breadcrumb\",\"itemListElement\":[{\"@type\":\"ListItem\",\"position\":1,\"name\":\"Accueil\",\"item\":\"https:\\\/\\\/www.reseau-entreprendre.org\\\/occitanie-garonne\\\/\"},{\"@type\":\"ListItem\",\"position\":2,\"name\":\"M\u00e9lissa Tarrin, repreneuse de EMA\"}]},{\"@type\":\"WebSite\",\"@id\":\"https:\\\/\\\/www.reseau-entreprendre.org\\\/occitanie-garonne\\\/#website\",\"url\":\"https:\\\/\\\/www.reseau-entreprendre.org\\\/occitanie-garonne\\\/\",\"name\":\"R\u00e9seau Entreprendre Occitanie-Garonne\",\"description\":\"Un site de R\u00e9seau Entreprendre\",\"potentialAction\":[{\"@type\":\"SearchAction\",\"target\":{\"@type\":\"EntryPoint\",\"urlTemplate\":\"https:\\\/\\\/www.reseau-entreprendre.org\\\/occitanie-garonne\\\/?s={search_term_string}\"},\"query-input\":{\"@type\":\"PropertyValueSpecification\",\"valueRequired\":true,\"valueName\":\"search_term_string\"}}],\"inLanguage\":\"fr-FR\"},{\"@type\":\"Person\",\"@id\":\"https:\\\/\\\/www.reseau-entreprendre.org\\\/occitanie-garonne\\\/#\\\/schema\\\/person\\\/2c64ce52f920fe9afbdd67dc2b592526\",\"name\":\"REOG\",\"image\":{\"@type\":\"ImageObject\",\"inLanguage\":\"fr-FR\",\"@id\":\"https:\\\/\\\/secure.gravatar.com\\\/avatar\\\/916b79c7fceebf1c4fa4d274e5a7947bd1a01baa64ac634dd0eeb63bcb82e8ce?s=96&d=mm&r=g\",\"url\":\"https:\\\/\\\/secure.gravatar.com\\\/avatar\\\/916b79c7fceebf1c4fa4d274e5a7947bd1a01baa64ac634dd0eeb63bcb82e8ce?s=96&d=mm&r=g\",\"contentUrl\":\"https:\\\/\\\/secure.gravatar.com\\\/avatar\\\/916b79c7fceebf1c4fa4d274e5a7947bd1a01baa64ac634dd0eeb63bcb82e8ce?s=96&d=mm&r=g\",\"caption\":\"REOG\"},\"sameAs\":[\"https:\\\/\\\/www.reseau-entreprendre.org\\\/occitanie-garonne\\\/\",\"https:\\\/\\\/www.facebook.com\\\/ReseauEntreprendreOccitanieGaronne\\\/\",\"https:\\\/\\\/www.linkedin.com\\\/company\\\/reseau-entreprendre-occitanie-garonne\\\/?viewAsMember=true\",\"https:\\\/\\\/x.com\\\/https:\\\/\\\/twitter.com\\\/RE_OccitanieGar\",\"https:\\\/\\\/www.youtube.com\\\/channel\\\/UCm8DOenWExwEKLIRPYAZP_A?view_as=subscriber\"],\"url\":\"https:\\\/\\\/www.reseau-entreprendre.org\\\/occitanie-garonne\\\/author\\\/reog\\\/\"}]}<\/script>\n<!-- \/ Yoast SEO plugin. -->","yoast_head_json":{"title":"M\u00e9lissa Tarrin reprend EMA Muret","description":"M\u00e9lissa Tarrin, repreneuse de EMA Muret et laur\u00e9ate 2025 de l'association R\u00e9seau Entreprendre Occitanie Garonne.","robots":{"index":"index","follow":"follow","max-snippet":"max-snippet:-1","max-image-preview":"max-image-preview:large","max-video-preview":"max-video-preview:-1"},"canonical":"https:\/\/www.reseau-entreprendre.org\/occitanie-garonne\/2025\/07\/25\/melissa-tarrin-ema-muret\/","og_locale":"fr_FR","og_type":"article","og_title":"M\u00e9lissa Tarrin reprend EMA Muret","og_description":"M\u00e9lissa Tarrin, repreneuse de EMA Muret et laur\u00e9ate 2025 de l'association R\u00e9seau Entreprendre Occitanie Garonne.","og_url":"https:\/\/www.reseau-entreprendre.org\/occitanie-garonne\/2025\/07\/25\/melissa-tarrin-ema-muret\/","og_site_name":"R\u00e9seau Entreprendre Occitanie-Garonne","article_publisher":"https:\/\/www.facebook.com\/R%c3%a9seau-Entreprendre-Occitanie-Garonne-1459398670993843\/?ref=bookmarks","article_author":"https:\/\/www.facebook.com\/ReseauEntreprendreOccitanieGaronne\/","article_published_time":"2025-07-25T15:23:15+00:00","article_modified_time":"2025-07-25T15:23:17+00:00","og_image":[{"width":370,"height":250,"url":"https:\/\/www.reseau-entreprendre.org\/occitanie-garonne\/wp-content\/uploads\/sites\/69\/2025\/07\/tarrin.png","type":"image\/png"}],"author":"REOG","twitter_card":"summary_large_image","twitter_creator":"@https:\/\/twitter.com\/RE_OccitanieGar","twitter_misc":{"\u00c9crit par":"REOG","Dur\u00e9e de lecture estim\u00e9e":"2 minutes"},"schema":{"@context":"https:\/\/schema.org","@graph":[{"@type":"Article","@id":"https:\/\/www.reseau-entreprendre.org\/occitanie-garonne\/2025\/07\/25\/melissa-tarrin-ema-muret\/#article","isPartOf":{"@id":"https:\/\/www.reseau-entreprendre.org\/occitanie-garonne\/2025\/07\/25\/melissa-tarrin-ema-muret\/"},"author":{"name":"REOG","@id":"https:\/\/www.reseau-entreprendre.org\/occitanie-garonne\/#\/schema\/person\/2c64ce52f920fe9afbdd67dc2b592526"},"headline":"M\u00e9lissa Tarrin, repreneuse de EMA","datePublished":"2025-07-25T15:23:15+00:00","dateModified":"2025-07-25T15:23:17+00:00","mainEntityOfPage":{"@id":"https:\/\/www.reseau-entreprendre.org\/occitanie-garonne\/2025\/07\/25\/melissa-tarrin-ema-muret\/"},"wordCount":171,"image":{"@id":"https:\/\/www.reseau-entreprendre.org\/occitanie-garonne\/2025\/07\/25\/melissa-tarrin-ema-muret\/#primaryimage"},"thumbnailUrl":"https:\/\/www.reseau-entreprendre.org\/occitanie-garonne\/wp-content\/uploads\/sites\/69\/2025\/07\/tarrin.png","keywords":["accompagnement","laur\u00e9ats"],"articleSection":["Nos derniers laur\u00e9ats"],"inLanguage":"fr-FR"},{"@type":"WebPage","@id":"https:\/\/www.reseau-entreprendre.org\/occitanie-garonne\/2025\/07\/25\/melissa-tarrin-ema-muret\/","url":"https:\/\/www.reseau-entreprendre.org\/occitanie-garonne\/2025\/07\/25\/melissa-tarrin-ema-muret\/","name":"M\u00e9lissa Tarrin reprend EMA Muret","isPartOf":{"@id":"https:\/\/www.reseau-entreprendre.org\/occitanie-garonne\/#website"},"primaryImageOfPage":{"@id":"https:\/\/www.reseau-entreprendre.org\/occitanie-garonne\/2025\/07\/25\/melissa-tarrin-ema-muret\/#primaryimage"},"image":{"@id":"https:\/\/www.reseau-entreprendre.org\/occitanie-garonne\/2025\/07\/25\/melissa-tarrin-ema-muret\/#primaryimage"},"thumbnailUrl":"https:\/\/www.reseau-entreprendre.org\/occitanie-garonne\/wp-content\/uploads\/sites\/69\/2025\/07\/tarrin.png","datePublished":"2025-07-25T15:23:15+00:00","dateModified":"2025-07-25T15:23:17+00:00","author":{"@id":"https:\/\/www.reseau-entreprendre.org\/occitanie-garonne\/#\/schema\/person\/2c64ce52f920fe9afbdd67dc2b592526"},"description":"M\u00e9lissa Tarrin, repreneuse de EMA Muret et laur\u00e9ate 2025 de l'association R\u00e9seau Entreprendre Occitanie Garonne.","breadcrumb":{"@id":"https:\/\/www.reseau-entreprendre.org\/occitanie-garonne\/2025\/07\/25\/melissa-tarrin-ema-muret\/#breadcrumb"},"inLanguage":"fr-FR","potentialAction":[{"@type":"ReadAction","target":["https:\/\/www.reseau-entreprendre.org\/occitanie-garonne\/2025\/07\/25\/melissa-tarrin-ema-muret\/"]}]},{"@type":"ImageObject","inLanguage":"fr-FR","@id":"https:\/\/www.reseau-entreprendre.org\/occitanie-garonne\/2025\/07\/25\/melissa-tarrin-ema-muret\/#primaryimage","url":"https:\/\/www.reseau-entreprendre.org\/occitanie-garonne\/wp-content\/uploads\/sites\/69\/2025\/07\/tarrin.png","contentUrl":"https:\/\/www.reseau-entreprendre.org\/occitanie-garonne\/wp-content\/uploads\/sites\/69\/2025\/07\/tarrin.png","width":370,"height":250,"caption":"m\u00e9lissa tarrin, repreneuse de EMA Muret"},{"@type":"BreadcrumbList","@id":"https:\/\/www.reseau-entreprendre.org\/occitanie-garonne\/2025\/07\/25\/melissa-tarrin-ema-muret\/#breadcrumb","itemListElement":[{"@type":"ListItem","position":1,"name":"Accueil","item":"https:\/\/www.reseau-entreprendre.org\/occitanie-garonne\/"},{"@type":"ListItem","position":2,"name":"M\u00e9lissa Tarrin, repreneuse de EMA"}]},{"@type":"WebSite","@id":"https:\/\/www.reseau-entreprendre.org\/occitanie-garonne\/#website","url":"https:\/\/www.reseau-entreprendre.org\/occitanie-garonne\/","name":"R\u00e9seau Entreprendre Occitanie-Garonne","description":"Un site de R\u00e9seau Entreprendre","potentialAction":[{"@type":"SearchAction","target":{"@type":"EntryPoint","urlTemplate":"https:\/\/www.reseau-entreprendre.org\/occitanie-garonne\/?s={search_term_string}"},"query-input":{"@type":"PropertyValueSpecification","valueRequired":true,"valueName":"search_term_string"}}],"inLanguage":"fr-FR"},{"@type":"Person","@id":"https:\/\/www.reseau-entreprendre.org\/occitanie-garonne\/#\/schema\/person\/2c64ce52f920fe9afbdd67dc2b592526","name":"REOG","image":{"@type":"ImageObject","inLanguage":"fr-FR","@id":"https:\/\/secure.gravatar.com\/avatar\/916b79c7fceebf1c4fa4d274e5a7947bd1a01baa64ac634dd0eeb63bcb82e8ce?s=96&d=mm&r=g","url":"https:\/\/secure.gravatar.com\/avatar\/916b79c7fceebf1c4fa4d274e5a7947bd1a01baa64ac634dd0eeb63bcb82e8ce?s=96&d=mm&r=g","contentUrl":"https:\/\/secure.gravatar.com\/avatar\/916b79c7fceebf1c4fa4d274e5a7947bd1a01baa64ac634dd0eeb63bcb82e8ce?s=96&d=mm&r=g","caption":"REOG"},"sameAs":["https:\/\/www.reseau-entreprendre.org\/occitanie-garonne\/","https:\/\/www.facebook.com\/ReseauEntreprendreOccitanieGaronne\/","https:\/\/www.linkedin.com\/company\/reseau-entreprendre-occitanie-garonne\/?viewAsMember=true","https:\/\/x.com\/https:\/\/twitter.com\/RE_OccitanieGar","https:\/\/www.youtube.com\/channel\/UCm8DOenWExwEKLIRPYAZP_A?view_as=subscriber"],"url":"https:\/\/www.reseau-entreprendre.org\/occitanie-garonne\/author\/reog\/"}]}},"_links":{"self":[{"href":"https:\/\/www.reseau-entreprendre.org\/occitanie-garonne\/wp-json\/wp\/v2\/posts\/6652","targetHints":{"allow":["GET"]}}],"collection":[{"href":"https:\/\/www.reseau-entreprendre.org\/occitanie-garonne\/wp-json\/wp\/v2\/posts"}],"about":[{"href":"https:\/\/www.reseau-entreprendre.org\/occitanie-garonne\/wp-json\/wp\/v2\/types\/post"}],"author":[{"embeddable":true,"href":"https:\/\/www.reseau-entreprendre.org\/occitanie-garonne\/wp-json\/wp\/v2\/users\/75"}],"replies":[{"embeddable":true,"href":"https:\/\/www.reseau-entreprendre.org\/occitanie-garonne\/wp-json\/wp\/v2\/comments?post=6652"}],"version-history":[{"count":0,"href":"https:\/\/www.reseau-entreprendre.org\/occitanie-garonne\/wp-json\/wp\/v2\/posts\/6652\/revisions"}],"wp:featuredmedia":[{"embeddable":true,"href":"https:\/\/www.reseau-entreprendre.org\/occitanie-garonne\/wp-json\/wp\/v2\/media\/6653"}],"wp:attachment":[{"href":"https:\/\/www.reseau-entreprendre.org\/occitanie-garonne\/wp-json\/wp\/v2\/media?parent=6652"}],"wp:term":[{"taxonomy":"category","embeddable":true,"href":"https:\/\/www.reseau-entreprendre.org\/occitanie-garonne\/wp-json\/wp\/v2\/categories?post=6652"},{"taxonomy":"post_tag","embeddable":true,"href":"https:\/\/www.reseau-entreprendre.org\/occitanie-garonne\/wp-json\/wp\/v2\/tags?post=6652"}],"curies":[{"name":"wp","href":"https:\/\/api.w.org\/{rel}","templated":true}]}}