{"id":4746,"date":"2024-12-12T16:21:31","date_gmt":"2024-12-12T15:21:31","guid":{"rendered":"https:\/\/www.reseau-entreprendre.org\/occitanie-mediterranee\/?p=4746"},"modified":"2024-12-12T16:26:17","modified_gmt":"2024-12-12T15:26:17","slug":"meamembrestephanearnaudet","status":"publish","type":"post","link":"https:\/\/www.reseau-entreprendre.org\/occitanie-mediterranee\/2024\/12\/12\/meamembrestephanearnaudet\/","title":{"rendered":"&#x1f31f; St\u00e9phane Arnaudet : D\u00e9ployer le plein potentiel des entreprises en tant que membre R\u00e9seau Entreprendre Occitanie M\u00e9diterran\u00e9e&#x1f31f;"},"content":{"rendered":"<p><img loading=\"lazy\" decoding=\"async\" class=\"wp-image-4747  alignleft\" src=\"https:\/\/www.reseau-entreprendre.org\/occitanie-mediterranee\/wp-content\/uploads\/sites\/14\/2024\/12\/Genevieve-Motsch-Portraitiste-220-3-Stephane-ARNAUDET-300x300.jpg\" alt=\"\" width=\"320\" height=\"320\" srcset=\"https:\/\/www.reseau-entreprendre.org\/occitanie-mediterranee\/wp-content\/uploads\/sites\/14\/2024\/12\/Genevieve-Motsch-Portraitiste-220-3-Stephane-ARNAUDET-300x300.jpg 300w, https:\/\/www.reseau-entreprendre.org\/occitanie-mediterranee\/wp-content\/uploads\/sites\/14\/2024\/12\/Genevieve-Motsch-Portraitiste-220-3-Stephane-ARNAUDET-150x150.jpg 150w, https:\/\/www.reseau-entreprendre.org\/occitanie-mediterranee\/wp-content\/uploads\/sites\/14\/2024\/12\/Genevieve-Motsch-Portraitiste-220-3-Stephane-ARNAUDET-130x130.jpg 130w, https:\/\/www.reseau-entreprendre.org\/occitanie-mediterranee\/wp-content\/uploads\/sites\/14\/2024\/12\/Genevieve-Motsch-Portraitiste-220-3-Stephane-ARNAUDET-100x100.jpg 100w, https:\/\/www.reseau-entreprendre.org\/occitanie-mediterranee\/wp-content\/uploads\/sites\/14\/2024\/12\/Genevieve-Motsch-Portraitiste-220-3-Stephane-ARNAUDET.jpg 500w\" sizes=\"auto, (max-width: 320px) 100vw, 320px\" \/><\/p>\n<p>Dans l\u2019univers du d\u00e9veloppement commercial et des r\u00e9seaux de distribution, <span style=\"color: #1595bf\"><strong>St\u00e9phane Arnaudet<\/strong><\/span> est une r\u00e9f\u00e9rence incontournable. Fondateur de <span style=\"color: #1595bf\"><strong>Tandem Business Manager<\/strong><\/span>, il accompagne les TPE et PME dans leurs projets de croissance en leur offrant les cl\u00e9s pour maximiser leur impact et atteindre leur pleine envergure.<\/p>\n<h3><span style=\"color: #f34f63\"><strong>Tandem Business Manager : L\u2019art du d\u00e9ploiement commercial<\/strong><\/span><\/h3>\n<p>Que ce soit pour b\u00e2tir une franchise, d\u00e9velopper un r\u00e9seau de prescripteurs ou optimiser la performance de ventes internes, <strong>Tandem Business Manager<\/strong> est l\u2019alli\u00e9 des dirigeants en qu\u00eate de croissance. St\u00e9phane Arnaudet ne se contente pas de donner des conseils : il participe activement \u00e0 la conception et au d\u00e9ploiement de strat\u00e9gies sur mesure, adapt\u00e9es aux ambitions de chaque entreprise.<\/p>\n<p>Son objectif ? Transformer les id\u00e9es en r\u00e9sultats concrets et durables, en s\u2019appuyant sur une exp\u00e9rience riche et diversifi\u00e9e dans des secteurs vari\u00e9s tels que l\u2019immobilier, la finance, le p\u00e9trole et les services aux entreprises.<\/p>\n<h3><span style=\"color: #f34f63\"><strong>Un parcours rythm\u00e9 par l\u2019innovation et le d\u00e9ploiement<\/strong><\/span><\/h3>\n<p>St\u00e9phane est un passionn\u00e9 des projets de d\u00e9veloppement commercial. Ses exp\u00e9riences marquantes t\u00e9moignent de son talent pour transformer des concepts en r\u00e9ussites :<\/p>\n<ul>\n<li>Cr\u00e9ation et lancement d\u2019une <strong>licence de marque<\/strong> dans le courtage ;<\/li>\n<li>D\u00e9ploiement de la <strong>franchise VEGALIS<\/strong> dans le domaine du cr\u00e9dit de restructuration ;<\/li>\n<li>Implantation de <strong>food-shops<\/strong> chez des mandataires p\u00e9troliers pour Shell ;<\/li>\n<li>Mise en place de r\u00e9seaux de prescriptions en pr\u00eats immobiliers pour le Cr\u00e9dit Foncier de France (CFF).<\/li>\n<\/ul>\n<p>C\u2019est ce go\u00fbt pour l\u2019<strong>ivresse des phases de conception et de d\u00e9ploiement<\/strong> qui l\u2019a pouss\u00e9 \u00e0 cr\u00e9er Tandem Business Manager. En collaborant main dans la main avec les dirigeants, St\u00e9phane contribue \u00e0 <strong>l\u2019acc\u00e9l\u00e9ration et \u00e0 l\u2019optimisation du d\u00e9veloppement commercial<\/strong> des entreprises.<\/p>\n<h3><span style=\"color: #f34f63\"><strong>Un engagement local au sein de R\u00e9seau Entreprendre<\/strong><\/span><\/h3>\n<p>St\u00e9phane Arnaudet a rejoint <strong>R\u00e9seau Entreprendre Occitanie M\u00e9diterran\u00e9e<\/strong> pour mettre son expertise au service du d\u00e9veloppement \u00e9conomique local. \u00ab <strong>J\u2019ai \u00e0 c\u0153ur de contribuer \u00e0 la cr\u00e9ation d\u2019emplois et de soutenir les porteurs de projets ambitieux<\/strong> \u00bb, explique-t-il.<\/p>\n<p>Pour St\u00e9phane, adh\u00e9rer \u00e0 ce r\u00e9seau, c\u2019est s\u2019ins\u00e9rer dans un \u00e9cosyst\u00e8me entrepreneurial o\u00f9 l\u2019entraide et le partage d\u2019exp\u00e9rience sont au centre des pr\u00e9occupations. C\u2019est \u00e9galement une formidable opportunit\u00e9 de <strong>transmettre son savoir-faire<\/strong> et d\u2019accompagner d\u2019autres entrepreneurs dans leurs parcours.<\/p>\n<h3><strong><span style=\"color: #f34f63\">Comme St\u00e9phane, rejoignez R\u00e9seau Entreprendre Occitanie M\u00e9diterran\u00e9e<\/span><\/strong><\/h3>\n<p>Avec St\u00e9phane Arnaudet, R\u00e9seau Entreprendre Occitanie M\u00e9diterran\u00e9e compte un membre passionn\u00e9 et engag\u00e9, pr\u00eat \u00e0 booster les projets de croissance des entreprises de la r\u00e9gion. Gr\u00e2ce \u00e0 son expertise et \u00e0 son \u00e9nergie, il inspire une nouvelle dynamique de d\u00e9veloppement commercial.<\/p>\n<p><strong>Vous \u00eates dirigeant ou porteur de projet et souhaitez passer \u00e0 l\u2019\u00e9tape sup\u00e9rieure ?<\/strong> Faites un pas vers l\u2019avenir avec St\u00e9phane Arnaudet et R\u00e9seau Entreprendre en <a href=\"https:\/\/www.reseau-entreprendre.org\/occitanie-mediterranee\/devenez-accompagnateur\/\">cliquant ici<\/a>!<\/p>\n\n<div class=\"wp-block-image\">\n<figure class=\"aligncenter size-full is-resized\"><img loading=\"lazy\" decoding=\"async\" width=\"1000\" height=\"1000\" src=\"https:\/\/www.reseau-entreprendre.org\/occitanie-mediterranee\/wp-content\/uploads\/sites\/14\/2024\/12\/logo-principal_HD-Stephane-ARNAUDET.png\" alt=\"\" class=\"wp-image-4748\" style=\"width:220px;height:auto\" srcset=\"https:\/\/www.reseau-entreprendre.org\/occitanie-mediterranee\/wp-content\/uploads\/sites\/14\/2024\/12\/logo-principal_HD-Stephane-ARNAUDET.png 1000w, https:\/\/www.reseau-entreprendre.org\/occitanie-mediterranee\/wp-content\/uploads\/sites\/14\/2024\/12\/logo-principal_HD-Stephane-ARNAUDET-300x300.png 300w, https:\/\/www.reseau-entreprendre.org\/occitanie-mediterranee\/wp-content\/uploads\/sites\/14\/2024\/12\/logo-principal_HD-Stephane-ARNAUDET-150x150.png 150w, https:\/\/www.reseau-entreprendre.org\/occitanie-mediterranee\/wp-content\/uploads\/sites\/14\/2024\/12\/logo-principal_HD-Stephane-ARNAUDET-768x768.png 768w, https:\/\/www.reseau-entreprendre.org\/occitanie-mediterranee\/wp-content\/uploads\/sites\/14\/2024\/12\/logo-principal_HD-Stephane-ARNAUDET-500x500.png 500w, https:\/\/www.reseau-entreprendre.org\/occitanie-mediterranee\/wp-content\/uploads\/sites\/14\/2024\/12\/logo-principal_HD-Stephane-ARNAUDET-130x130.png 130w, https:\/\/www.reseau-entreprendre.org\/occitanie-mediterranee\/wp-content\/uploads\/sites\/14\/2024\/12\/logo-principal_HD-Stephane-ARNAUDET-100x100.png 100w\" sizes=\"auto, (max-width: 1000px) 100vw, 1000px\" \/><\/figure>\n<\/div>\n\n\n<p><\/p>\n","protected":false},"excerpt":{"rendered":"<p>Dans l\u2019univers du d\u00e9veloppement commercial et des r\u00e9seaux de distribution,<\/p>\n","protected":false},"author":181,"featured_media":4747,"comment_status":"closed","ping_status":"open","sticky":false,"template":"","format":"standard","meta":{"_acf_changed":false,"_monsterinsights_skip_tracking":false,"_monsterinsights_sitenote_active":false,"_monsterinsights_sitenote_note":"","_monsterinsights_sitenote_category":0,"footnotes":""},"categories":[4],"tags":[],"class_list":["post-4746","post","type-post","status-publish","format-standard","has-post-thumbnail","hentry","category-actualites","news"],"acf":[],"yoast_head":"<!-- This site is optimized with the Yoast SEO plugin v27.4 - https:\/\/yoast.com\/product\/yoast-seo-wordpress\/ -->\n<title>&#x1f31f; St\u00e9phane Arnaudet : D\u00e9ployer le plein potentiel des entreprises en tant que membre R\u00e9seau Entreprendre Occitanie M\u00e9diterran\u00e9e&#x1f31f; - R\u00e9seau Entreprendre Occitanie M\u00e9diterran\u00e9e<\/title>\n<meta name=\"robots\" content=\"index, follow, max-snippet:-1, max-image-preview:large, max-video-preview:-1\" \/>\n<link rel=\"canonical\" href=\"https:\/\/www.reseau-entreprendre.org\/occitanie-mediterranee\/2024\/12\/12\/meamembrestephanearnaudet\/\" \/>\n<meta property=\"og:locale\" content=\"fr_FR\" \/>\n<meta property=\"og:type\" content=\"article\" \/>\n<meta property=\"og:title\" content=\"&#x1f31f; St\u00e9phane Arnaudet : D\u00e9ployer le plein potentiel des entreprises en tant que membre R\u00e9seau Entreprendre Occitanie M\u00e9diterran\u00e9e&#x1f31f; - R\u00e9seau Entreprendre Occitanie M\u00e9diterran\u00e9e\" \/>\n<meta property=\"og:description\" content=\"Dans l\u2019univers du d\u00e9veloppement commercial et des r\u00e9seaux de distribution,\" \/>\n<meta property=\"og:url\" content=\"https:\/\/www.reseau-entreprendre.org\/occitanie-mediterranee\/2024\/12\/12\/meamembrestephanearnaudet\/\" \/>\n<meta property=\"og:site_name\" content=\"R\u00e9seau Entreprendre Occitanie M\u00e9diterran\u00e9e\" \/>\n<meta property=\"article:published_time\" content=\"2024-12-12T15:21:31+00:00\" \/>\n<meta property=\"article:modified_time\" content=\"2024-12-12T15:26:17+00:00\" \/>\n<meta property=\"og:image\" content=\"https:\/\/www.reseau-entreprendre.org\/occitanie-mediterranee\/wp-content\/uploads\/sites\/14\/2024\/12\/Genevieve-Motsch-Portraitiste-220-3-Stephane-ARNAUDET.jpg\" \/>\n\t<meta property=\"og:image:width\" content=\"500\" \/>\n\t<meta property=\"og:image:height\" content=\"500\" \/>\n\t<meta property=\"og:image:type\" content=\"image\/jpeg\" \/>\n<meta name=\"author\" content=\"arenard\" \/>\n<meta name=\"twitter:card\" content=\"summary_large_image\" \/>\n<meta name=\"twitter:label1\" content=\"\u00c9crit par\" \/>\n\t<meta name=\"twitter:data1\" content=\"arenard\" \/>\n\t<meta name=\"twitter:label2\" content=\"Dur\u00e9e de lecture estim\u00e9e\" \/>\n\t<meta name=\"twitter:data2\" content=\"3 minutes\" \/>\n<script type=\"application\/ld+json\" class=\"yoast-schema-graph\">{\"@context\":\"https:\\\/\\\/schema.org\",\"@graph\":[{\"@type\":\"Article\",\"@id\":\"https:\\\/\\\/www.reseau-entreprendre.org\\\/occitanie-mediterranee\\\/2024\\\/12\\\/12\\\/meamembrestephanearnaudet\\\/#article\",\"isPartOf\":{\"@id\":\"https:\\\/\\\/www.reseau-entreprendre.org\\\/occitanie-mediterranee\\\/2024\\\/12\\\/12\\\/meamembrestephanearnaudet\\\/\"},\"author\":{\"name\":\"arenard\",\"@id\":\"https:\\\/\\\/www.reseau-entreprendre.org\\\/occitanie-mediterranee\\\/#\\\/schema\\\/person\\\/cf845ce53c81543b3b33508972864720\"},\"headline\":\"&#x1f31f; St\u00e9phane Arnaudet : D\u00e9ployer le plein potentiel des entreprises en tant que membre R\u00e9seau Entreprendre Occitanie M\u00e9diterran\u00e9e&#x1f31f;\",\"datePublished\":\"2024-12-12T15:21:31+00:00\",\"dateModified\":\"2024-12-12T15:26:17+00:00\",\"mainEntityOfPage\":{\"@id\":\"https:\\\/\\\/www.reseau-entreprendre.org\\\/occitanie-mediterranee\\\/2024\\\/12\\\/12\\\/meamembrestephanearnaudet\\\/\"},\"wordCount\":533,\"image\":{\"@id\":\"https:\\\/\\\/www.reseau-entreprendre.org\\\/occitanie-mediterranee\\\/2024\\\/12\\\/12\\\/meamembrestephanearnaudet\\\/#primaryimage\"},\"thumbnailUrl\":\"https:\\\/\\\/www.reseau-entreprendre.org\\\/occitanie-mediterranee\\\/wp-content\\\/uploads\\\/sites\\\/14\\\/2024\\\/12\\\/Genevieve-Motsch-Portraitiste-220-3-Stephane-ARNAUDET.jpg\",\"articleSection\":[\"Actualit\u00e9s\"],\"inLanguage\":\"fr-FR\"},{\"@type\":\"WebPage\",\"@id\":\"https:\\\/\\\/www.reseau-entreprendre.org\\\/occitanie-mediterranee\\\/2024\\\/12\\\/12\\\/meamembrestephanearnaudet\\\/\",\"url\":\"https:\\\/\\\/www.reseau-entreprendre.org\\\/occitanie-mediterranee\\\/2024\\\/12\\\/12\\\/meamembrestephanearnaudet\\\/\",\"name\":\"&#x1f31f; St\u00e9phane Arnaudet : D\u00e9ployer le plein potentiel des entreprises en tant que membre R\u00e9seau Entreprendre Occitanie M\u00e9diterran\u00e9e&#x1f31f; - R\u00e9seau Entreprendre Occitanie M\u00e9diterran\u00e9e\",\"isPartOf\":{\"@id\":\"https:\\\/\\\/www.reseau-entreprendre.org\\\/occitanie-mediterranee\\\/#website\"},\"primaryImageOfPage\":{\"@id\":\"https:\\\/\\\/www.reseau-entreprendre.org\\\/occitanie-mediterranee\\\/2024\\\/12\\\/12\\\/meamembrestephanearnaudet\\\/#primaryimage\"},\"image\":{\"@id\":\"https:\\\/\\\/www.reseau-entreprendre.org\\\/occitanie-mediterranee\\\/2024\\\/12\\\/12\\\/meamembrestephanearnaudet\\\/#primaryimage\"},\"thumbnailUrl\":\"https:\\\/\\\/www.reseau-entreprendre.org\\\/occitanie-mediterranee\\\/wp-content\\\/uploads\\\/sites\\\/14\\\/2024\\\/12\\\/Genevieve-Motsch-Portraitiste-220-3-Stephane-ARNAUDET.jpg\",\"datePublished\":\"2024-12-12T15:21:31+00:00\",\"dateModified\":\"2024-12-12T15:26:17+00:00\",\"author\":{\"@id\":\"https:\\\/\\\/www.reseau-entreprendre.org\\\/occitanie-mediterranee\\\/#\\\/schema\\\/person\\\/cf845ce53c81543b3b33508972864720\"},\"breadcrumb\":{\"@id\":\"https:\\\/\\\/www.reseau-entreprendre.org\\\/occitanie-mediterranee\\\/2024\\\/12\\\/12\\\/meamembrestephanearnaudet\\\/#breadcrumb\"},\"inLanguage\":\"fr-FR\",\"potentialAction\":[{\"@type\":\"ReadAction\",\"target\":[\"https:\\\/\\\/www.reseau-entreprendre.org\\\/occitanie-mediterranee\\\/2024\\\/12\\\/12\\\/meamembrestephanearnaudet\\\/\"]}]},{\"@type\":\"ImageObject\",\"inLanguage\":\"fr-FR\",\"@id\":\"https:\\\/\\\/www.reseau-entreprendre.org\\\/occitanie-mediterranee\\\/2024\\\/12\\\/12\\\/meamembrestephanearnaudet\\\/#primaryimage\",\"url\":\"https:\\\/\\\/www.reseau-entreprendre.org\\\/occitanie-mediterranee\\\/wp-content\\\/uploads\\\/sites\\\/14\\\/2024\\\/12\\\/Genevieve-Motsch-Portraitiste-220-3-Stephane-ARNAUDET.jpg\",\"contentUrl\":\"https:\\\/\\\/www.reseau-entreprendre.org\\\/occitanie-mediterranee\\\/wp-content\\\/uploads\\\/sites\\\/14\\\/2024\\\/12\\\/Genevieve-Motsch-Portraitiste-220-3-Stephane-ARNAUDET.jpg\",\"width\":500,\"height\":500},{\"@type\":\"BreadcrumbList\",\"@id\":\"https:\\\/\\\/www.reseau-entreprendre.org\\\/occitanie-mediterranee\\\/2024\\\/12\\\/12\\\/meamembrestephanearnaudet\\\/#breadcrumb\",\"itemListElement\":[{\"@type\":\"ListItem\",\"position\":1,\"name\":\"Accueil\",\"item\":\"https:\\\/\\\/www.reseau-entreprendre.org\\\/occitanie-mediterranee\\\/\"},{\"@type\":\"ListItem\",\"position\":2,\"name\":\"&#x1f31f; St\u00e9phane Arnaudet : D\u00e9ployer le plein potentiel des entreprises en tant que membre R\u00e9seau Entreprendre Occitanie M\u00e9diterran\u00e9e&#x1f31f;\"}]},{\"@type\":\"WebSite\",\"@id\":\"https:\\\/\\\/www.reseau-entreprendre.org\\\/occitanie-mediterranee\\\/#website\",\"url\":\"https:\\\/\\\/www.reseau-entreprendre.org\\\/occitanie-mediterranee\\\/\",\"name\":\"R\u00e9seau Entreprendre Occitanie M\u00e9diterran\u00e9e\",\"description\":\"Les sites de R\u00e9seau Entreprendre\",\"potentialAction\":[{\"@type\":\"SearchAction\",\"target\":{\"@type\":\"EntryPoint\",\"urlTemplate\":\"https:\\\/\\\/www.reseau-entreprendre.org\\\/occitanie-mediterranee\\\/?s={search_term_string}\"},\"query-input\":{\"@type\":\"PropertyValueSpecification\",\"valueRequired\":true,\"valueName\":\"search_term_string\"}}],\"inLanguage\":\"fr-FR\"},{\"@type\":\"Person\",\"@id\":\"https:\\\/\\\/www.reseau-entreprendre.org\\\/occitanie-mediterranee\\\/#\\\/schema\\\/person\\\/cf845ce53c81543b3b33508972864720\",\"name\":\"arenard\",\"image\":{\"@type\":\"ImageObject\",\"inLanguage\":\"fr-FR\",\"@id\":\"https:\\\/\\\/secure.gravatar.com\\\/avatar\\\/b7f9707643468a7d6b8c5ee6a39a98235eb9354e670531ee748b456f4c68e1bc?s=96&d=mm&r=g\",\"url\":\"https:\\\/\\\/secure.gravatar.com\\\/avatar\\\/b7f9707643468a7d6b8c5ee6a39a98235eb9354e670531ee748b456f4c68e1bc?s=96&d=mm&r=g\",\"contentUrl\":\"https:\\\/\\\/secure.gravatar.com\\\/avatar\\\/b7f9707643468a7d6b8c5ee6a39a98235eb9354e670531ee748b456f4c68e1bc?s=96&d=mm&r=g\",\"caption\":\"arenard\"},\"sameAs\":[\"https:\\\/\\\/www.linkedin.com\\\/in\\\/reseau-entreprendre-occitanie-mditerrane\\\/\"],\"url\":\"https:\\\/\\\/www.reseau-entreprendre.org\\\/occitanie-mediterranee\\\/author\\\/arenard\\\/\"}]}<\/script>\n<!-- \/ Yoast SEO plugin. -->","yoast_head_json":{"title":"&#x1f31f; St\u00e9phane Arnaudet : D\u00e9ployer le plein potentiel des entreprises en tant que membre R\u00e9seau Entreprendre Occitanie M\u00e9diterran\u00e9e&#x1f31f; - R\u00e9seau Entreprendre Occitanie M\u00e9diterran\u00e9e","robots":{"index":"index","follow":"follow","max-snippet":"max-snippet:-1","max-image-preview":"max-image-preview:large","max-video-preview":"max-video-preview:-1"},"canonical":"https:\/\/www.reseau-entreprendre.org\/occitanie-mediterranee\/2024\/12\/12\/meamembrestephanearnaudet\/","og_locale":"fr_FR","og_type":"article","og_title":"&#x1f31f; St\u00e9phane Arnaudet : D\u00e9ployer le plein potentiel des entreprises en tant que membre R\u00e9seau Entreprendre Occitanie M\u00e9diterran\u00e9e&#x1f31f; - R\u00e9seau Entreprendre Occitanie M\u00e9diterran\u00e9e","og_description":"Dans l\u2019univers du d\u00e9veloppement commercial et des r\u00e9seaux de distribution,","og_url":"https:\/\/www.reseau-entreprendre.org\/occitanie-mediterranee\/2024\/12\/12\/meamembrestephanearnaudet\/","og_site_name":"R\u00e9seau Entreprendre Occitanie M\u00e9diterran\u00e9e","article_published_time":"2024-12-12T15:21:31+00:00","article_modified_time":"2024-12-12T15:26:17+00:00","og_image":[{"width":500,"height":500,"url":"https:\/\/www.reseau-entreprendre.org\/occitanie-mediterranee\/wp-content\/uploads\/sites\/14\/2024\/12\/Genevieve-Motsch-Portraitiste-220-3-Stephane-ARNAUDET.jpg","type":"image\/jpeg"}],"author":"arenard","twitter_card":"summary_large_image","twitter_misc":{"\u00c9crit par":"arenard","Dur\u00e9e de lecture estim\u00e9e":"3 minutes"},"schema":{"@context":"https:\/\/schema.org","@graph":[{"@type":"Article","@id":"https:\/\/www.reseau-entreprendre.org\/occitanie-mediterranee\/2024\/12\/12\/meamembrestephanearnaudet\/#article","isPartOf":{"@id":"https:\/\/www.reseau-entreprendre.org\/occitanie-mediterranee\/2024\/12\/12\/meamembrestephanearnaudet\/"},"author":{"name":"arenard","@id":"https:\/\/www.reseau-entreprendre.org\/occitanie-mediterranee\/#\/schema\/person\/cf845ce53c81543b3b33508972864720"},"headline":"&#x1f31f; St\u00e9phane Arnaudet : D\u00e9ployer le plein potentiel des entreprises en tant que membre R\u00e9seau Entreprendre Occitanie M\u00e9diterran\u00e9e&#x1f31f;","datePublished":"2024-12-12T15:21:31+00:00","dateModified":"2024-12-12T15:26:17+00:00","mainEntityOfPage":{"@id":"https:\/\/www.reseau-entreprendre.org\/occitanie-mediterranee\/2024\/12\/12\/meamembrestephanearnaudet\/"},"wordCount":533,"image":{"@id":"https:\/\/www.reseau-entreprendre.org\/occitanie-mediterranee\/2024\/12\/12\/meamembrestephanearnaudet\/#primaryimage"},"thumbnailUrl":"https:\/\/www.reseau-entreprendre.org\/occitanie-mediterranee\/wp-content\/uploads\/sites\/14\/2024\/12\/Genevieve-Motsch-Portraitiste-220-3-Stephane-ARNAUDET.jpg","articleSection":["Actualit\u00e9s"],"inLanguage":"fr-FR"},{"@type":"WebPage","@id":"https:\/\/www.reseau-entreprendre.org\/occitanie-mediterranee\/2024\/12\/12\/meamembrestephanearnaudet\/","url":"https:\/\/www.reseau-entreprendre.org\/occitanie-mediterranee\/2024\/12\/12\/meamembrestephanearnaudet\/","name":"&#x1f31f; St\u00e9phane Arnaudet : D\u00e9ployer le plein potentiel des entreprises en tant que membre R\u00e9seau Entreprendre Occitanie M\u00e9diterran\u00e9e&#x1f31f; - R\u00e9seau Entreprendre Occitanie M\u00e9diterran\u00e9e","isPartOf":{"@id":"https:\/\/www.reseau-entreprendre.org\/occitanie-mediterranee\/#website"},"primaryImageOfPage":{"@id":"https:\/\/www.reseau-entreprendre.org\/occitanie-mediterranee\/2024\/12\/12\/meamembrestephanearnaudet\/#primaryimage"},"image":{"@id":"https:\/\/www.reseau-entreprendre.org\/occitanie-mediterranee\/2024\/12\/12\/meamembrestephanearnaudet\/#primaryimage"},"thumbnailUrl":"https:\/\/www.reseau-entreprendre.org\/occitanie-mediterranee\/wp-content\/uploads\/sites\/14\/2024\/12\/Genevieve-Motsch-Portraitiste-220-3-Stephane-ARNAUDET.jpg","datePublished":"2024-12-12T15:21:31+00:00","dateModified":"2024-12-12T15:26:17+00:00","author":{"@id":"https:\/\/www.reseau-entreprendre.org\/occitanie-mediterranee\/#\/schema\/person\/cf845ce53c81543b3b33508972864720"},"breadcrumb":{"@id":"https:\/\/www.reseau-entreprendre.org\/occitanie-mediterranee\/2024\/12\/12\/meamembrestephanearnaudet\/#breadcrumb"},"inLanguage":"fr-FR","potentialAction":[{"@type":"ReadAction","target":["https:\/\/www.reseau-entreprendre.org\/occitanie-mediterranee\/2024\/12\/12\/meamembrestephanearnaudet\/"]}]},{"@type":"ImageObject","inLanguage":"fr-FR","@id":"https:\/\/www.reseau-entreprendre.org\/occitanie-mediterranee\/2024\/12\/12\/meamembrestephanearnaudet\/#primaryimage","url":"https:\/\/www.reseau-entreprendre.org\/occitanie-mediterranee\/wp-content\/uploads\/sites\/14\/2024\/12\/Genevieve-Motsch-Portraitiste-220-3-Stephane-ARNAUDET.jpg","contentUrl":"https:\/\/www.reseau-entreprendre.org\/occitanie-mediterranee\/wp-content\/uploads\/sites\/14\/2024\/12\/Genevieve-Motsch-Portraitiste-220-3-Stephane-ARNAUDET.jpg","width":500,"height":500},{"@type":"BreadcrumbList","@id":"https:\/\/www.reseau-entreprendre.org\/occitanie-mediterranee\/2024\/12\/12\/meamembrestephanearnaudet\/#breadcrumb","itemListElement":[{"@type":"ListItem","position":1,"name":"Accueil","item":"https:\/\/www.reseau-entreprendre.org\/occitanie-mediterranee\/"},{"@type":"ListItem","position":2,"name":"&#x1f31f; St\u00e9phane Arnaudet : D\u00e9ployer le plein potentiel des entreprises en tant que membre R\u00e9seau Entreprendre Occitanie M\u00e9diterran\u00e9e&#x1f31f;"}]},{"@type":"WebSite","@id":"https:\/\/www.reseau-entreprendre.org\/occitanie-mediterranee\/#website","url":"https:\/\/www.reseau-entreprendre.org\/occitanie-mediterranee\/","name":"R\u00e9seau Entreprendre Occitanie M\u00e9diterran\u00e9e","description":"Les sites de R\u00e9seau Entreprendre","potentialAction":[{"@type":"SearchAction","target":{"@type":"EntryPoint","urlTemplate":"https:\/\/www.reseau-entreprendre.org\/occitanie-mediterranee\/?s={search_term_string}"},"query-input":{"@type":"PropertyValueSpecification","valueRequired":true,"valueName":"search_term_string"}}],"inLanguage":"fr-FR"},{"@type":"Person","@id":"https:\/\/www.reseau-entreprendre.org\/occitanie-mediterranee\/#\/schema\/person\/cf845ce53c81543b3b33508972864720","name":"arenard","image":{"@type":"ImageObject","inLanguage":"fr-FR","@id":"https:\/\/secure.gravatar.com\/avatar\/b7f9707643468a7d6b8c5ee6a39a98235eb9354e670531ee748b456f4c68e1bc?s=96&d=mm&r=g","url":"https:\/\/secure.gravatar.com\/avatar\/b7f9707643468a7d6b8c5ee6a39a98235eb9354e670531ee748b456f4c68e1bc?s=96&d=mm&r=g","contentUrl":"https:\/\/secure.gravatar.com\/avatar\/b7f9707643468a7d6b8c5ee6a39a98235eb9354e670531ee748b456f4c68e1bc?s=96&d=mm&r=g","caption":"arenard"},"sameAs":["https:\/\/www.linkedin.com\/in\/reseau-entreprendre-occitanie-mditerrane\/"],"url":"https:\/\/www.reseau-entreprendre.org\/occitanie-mediterranee\/author\/arenard\/"}]}},"_links":{"self":[{"href":"https:\/\/www.reseau-entreprendre.org\/occitanie-mediterranee\/wp-json\/wp\/v2\/posts\/4746","targetHints":{"allow":["GET"]}}],"collection":[{"href":"https:\/\/www.reseau-entreprendre.org\/occitanie-mediterranee\/wp-json\/wp\/v2\/posts"}],"about":[{"href":"https:\/\/www.reseau-entreprendre.org\/occitanie-mediterranee\/wp-json\/wp\/v2\/types\/post"}],"author":[{"embeddable":true,"href":"https:\/\/www.reseau-entreprendre.org\/occitanie-mediterranee\/wp-json\/wp\/v2\/users\/181"}],"replies":[{"embeddable":true,"href":"https:\/\/www.reseau-entreprendre.org\/occitanie-mediterranee\/wp-json\/wp\/v2\/comments?post=4746"}],"version-history":[{"count":0,"href":"https:\/\/www.reseau-entreprendre.org\/occitanie-mediterranee\/wp-json\/wp\/v2\/posts\/4746\/revisions"}],"wp:featuredmedia":[{"embeddable":true,"href":"https:\/\/www.reseau-entreprendre.org\/occitanie-mediterranee\/wp-json\/wp\/v2\/media\/4747"}],"wp:attachment":[{"href":"https:\/\/www.reseau-entreprendre.org\/occitanie-mediterranee\/wp-json\/wp\/v2\/media?parent=4746"}],"wp:term":[{"taxonomy":"category","embeddable":true,"href":"https:\/\/www.reseau-entreprendre.org\/occitanie-mediterranee\/wp-json\/wp\/v2\/categories?post=4746"},{"taxonomy":"post_tag","embeddable":true,"href":"https:\/\/www.reseau-entreprendre.org\/occitanie-mediterranee\/wp-json\/wp\/v2\/tags?post=4746"}],"curies":[{"name":"wp","href":"https:\/\/api.w.org\/{rel}","templated":true}]}}