{"id":4735,"date":"2025-08-21T10:46:42","date_gmt":"2025-08-21T08:46:42","guid":{"rendered":"https:\/\/www.reseau-entreprendre.org\/picardie\/?p=4735"},"modified":"2025-08-21T14:15:34","modified_gmt":"2025-08-21T12:15:34","slug":"soiree-des-laureats-2025","status":"publish","type":"post","link":"https:\/\/www.reseau-entreprendre.org\/picardie\/2025\/08\/21\/soiree-des-laureats-2025\/","title":{"rendered":"Soir\u00e9e des Laur\u00e9ats 2025"},"content":{"rendered":"\n<figure class=\"wp-block-embed aligncenter is-type-video is-provider-youtube wp-block-embed-youtube wp-embed-aspect-16-9 wp-has-aspect-ratio\"><div class=\"wp-block-embed__wrapper\">\n<iframe loading=\"lazy\" title=\"F\u00eate des Laur\u00e9ats 2025 R\u00e9seau Entreprendre Picardie\" width=\"500\" height=\"281\" src=\"https:\/\/www.youtube.com\/embed\/e7Mm8d8uu6Q?feature=oembed\" frameborder=\"0\" allow=\"accelerometer; autoplay; clipboard-write; encrypted-media; gyroscope; picture-in-picture; web-share\" referrerpolicy=\"strict-origin-when-cross-origin\" allowfullscreen><\/iframe>\n<\/div><\/figure>\n\n\n\n<p class=\"has-text-align-center has-small-font-size\"><em>Merci \u00e0 nos membres <a href=\"https:\/\/drive.google.com\/drive\/folders\/1vbE9W-yViK8Kin1A7J_RlcxLRuMDR1as\" target=\"_blank\" rel=\"noreferrer noopener\">Gr\u00e9gory Portelette pour les photos<\/a> et <a href=\"https:\/\/www.youtube.com\/watch?v=e7Mm8d8uu6Q\" target=\"_blank\" rel=\"noreferrer noopener\">Florine Deranty pour la vid\u00e9o<\/a><\/em><\/p>\n\n\n\n<div style=\"height:62px\" aria-hidden=\"true\" class=\"wp-block-spacer\"><\/div>\n\n\n\n<h1 class=\"wp-block-heading has-re-red-color has-text-color has-link-color has-medium-font-size wp-elements-3c9e5a67a1c85b968d9c185a6fa9706c\"><strong>La Soir\u00e9e des Laur\u00e9ats, c&#8217;est quoi ?<\/strong><\/h1>\n\n\n\n<p>La <strong>Soir\u00e9e des Laur\u00e9ats 2025<\/strong> de R\u00e9seau Entreprendre Picardie, tenue le <strong>5 juin 2025<\/strong>, a marqu\u00e9 un moment fort du dynamisme entrepreneurial r\u00e9gional. En pr\u00e9sence de <strong><a href=\"https:\/\/www.linkedin.com\/in\/florent-delianne\/\" target=\"_blank\" rel=\"noreferrer noopener\">Florent Delianne<\/a><\/strong>, Directeur, de toute l&#8217;\u00e9quipe op\u00e9rationnelle,<strong> <a href=\"https:\/\/www.linkedin.com\/in\/marjorie-trouillet-1ba06714b\/\" target=\"_blank\" rel=\"noreferrer noopener\">Marjorie Trouillet<\/a>, <a href=\"https:\/\/www.linkedin.com\/in\/jessica-brayet\/\" target=\"_blank\" rel=\"noreferrer noopener\">Jessica Brayet<\/a>, <a href=\"https:\/\/www.linkedin.com\/in\/dorine-p-07221a100\/\" target=\"_blank\" rel=\"noreferrer noopener\">Dorine Parmentier<\/a>, <a href=\"https:\/\/www.linkedin.com\/in\/alexiacourrault\/\" target=\"_blank\" rel=\"noreferrer noopener\">Alexia Courrault<\/a>, <a href=\"https:\/\/www.linkedin.com\/in\/emilie-camus-boucly-a2aa7421\/\" target=\"_blank\" rel=\"noreferrer noopener\">Emilie Boucly<\/a><\/strong> et<strong> <a href=\"https:\/\/www.linkedin.com\/in\/maelle-d-hayer-6a617a213\/\" target=\"_blank\" rel=\"noreferrer noopener\">Ma\u00eblle D&#8217;Hayer<\/a><\/strong> et <strong><a href=\"https:\/\/www.linkedin.com\/in\/benoit-huille-22487b17\/\" target=\"_blank\" rel=\"noreferrer noopener\">Beno\u00eet Huille<\/a><\/strong>, Pr\u00e9sident, cette c\u00e9l\u00e9bration a mis \u00e0 l\u2019honneur les valeurs de <strong>transmission<\/strong>, d&#8217;<strong>entraide<\/strong> et d&#8217;<strong>engagement<\/strong> qui animent le R\u00e9seau. L\u2019un des temps forts de la soir\u00e9e a \u00e9t\u00e9 la mise \u00e0 l\u2019honneur des 29 Laur\u00e9ats 2024 pour la cr\u00e9ation, la reprise ou le d\u00e9veloppement de 23 entreprises sur le territoire Picard.<\/p>\n\n\n\n<h2 class=\"wp-block-heading has-re-red-color has-text-color has-link-color has-medium-font-size wp-elements-66e8f097ef97ca2a4acec59c245390e2\"><strong>Apr\u00e8s la remise des prix, une conf\u00e9rence sur la r\u00e9industrialisation<\/strong><\/h2>\n\n\n\n<p>La Soir\u00e9e des Laur\u00e9ats 2025 a \u00e9galement permis de converser sur la r\u00e9industrialisation, avec des intervenants tel que :<\/p>\n\n\n\n<p><a href=\"https:\/\/www.linkedin.com\/in\/zany-michel-a5a3a36\/\" target=\"_blank\" rel=\"noreferrer noopener\"><strong>Michel Zany<\/strong><\/a> &amp; <a href=\"https:\/\/www.linkedin.com\/in\/h%C3%A9l%C3%A8ne-lupette-b0947aba\/\" target=\"_blank\" rel=\"noreferrer noopener\"><strong>H\u00e9l\u00e8ne Lupette<\/strong><\/a>, Pr\u00e9sident depuis 2003 &amp; Directrice G\u00e9n\u00e9rale de chez Cornilleau. Cornilleau, c&#8217;est le sp\u00e9cialiste fran\u00e7ais, pour le loisir et la comp\u00e9tition, du tennis de table. Michel a apport\u00e9 sa vision entrepreneuriale et r\u00e9ussit \u00e0 exporter le savoir-faire de Cornilleau dans le monde entier et sur de nouveaux march\u00e9s avec le Billard ourdoor en 2019, rapidement suivie par d\u2019autres produits comme le trampoline et le baby-foot. H\u00e9l\u00e8ne a rejoint Cornilleau en 2014 pour prendre en main les achats et la supply chain. Elle a progressivement \u00e9largi ses responsabilit\u00e9s et \u00e9volu\u00e9 vers le poste de Directrice des Op\u00e9rations, en int\u00e9grant la R&amp;D, la production, le contr\u00f4le de gestion et l\u2019informatique \u00e0 son p\u00e9rim\u00e8tre. Plus r\u00e9cemment, elle a dirig\u00e9 avec succ\u00e8s la reprise d\u2019un sous-traitant en difficult\u00e9, de transformation de l\u2019acier, Cornilleau Steel, afin de s\u00e9curiser ce domaine strat\u00e9gique pour le groupe.<\/p>\n\n\n\n<p>\u00c9galement<strong> <a href=\"https:\/\/www.linkedin.com\/in\/ana%C3%AFs-voy-gillis\/\" target=\"_blank\" rel=\"noreferrer noopener\">Ana\u00efs Voy-Gillis<\/a><\/strong>, G\u00e9ographe Fran\u00e7aise, Chercheuse et auteure, sp\u00e9cialiste des questions industrielles et plus particuli\u00e8rement de la r\u00e9industrialisation, Ana\u00efs est passionn\u00e9e par les dynamiques industrielles et territoriales. Elle s\u2019attache \u00e0 comprendre les enjeux du made in France et les freins \u00e0 la r\u00e9gionalisation des productions. Directrice strat\u00e9gie et RSE de Humens, elle vient d\u2019\u00eatre nomm\u00e9e dans le classement Choiseul des 200 leaders \u00e9conomiques fran\u00e7ais de moins de 40 ans.<\/p>\n\n\n\n<p>Et<strong> <a href=\"https:\/\/www.linkedin.com\/in\/martin-breuvart-4833a07\/\" target=\"_blank\" rel=\"noreferrer noopener\">Martin Breuvart<\/a><\/strong>, Co-dirigeant de la Maison Lemahieu, Entrepreneur qui croit au local, au circuit-court et \u00e0 l\u2019Homme. Martin est \u00e0 la fois un homme de risque et un homme port\u00e9 par des convictions humanistes chevill\u00e9es au corps. Entreprise militante, Lemahieu est port\u00e9e par une vision : fabriquer le v\u00eatement le plus propre au Monde. Pour y arriver elle favorise l\u2019emploi local et inclusif, permettant ainsi un d\u00e9veloppement \u00e9conomique de notre territoire. Aussi, Lemahieu dispose d\u2019une chaine de fabrication toute int\u00e9gr\u00e9e form\u00e9e par 7 ateliers et un seul site de production, pour minimiser l\u2019impact de ses activit\u00e9s.<\/p>\n\n\n\n<p>Cette soir\u00e9e fut l\u2019occasion de tisser des liens avec des leaders parmi les 300 chefs d&#8217;entreprise pr\u00e9sents, avec lequel les \u00e9changes ont port\u00e9 sur des enjeux cl\u00e9s : <strong>leadership<\/strong>, <strong>vision strat\u00e9gique<\/strong> et <strong>croissance durable<\/strong>. Un \u00e9v\u00e9nement inspirant, r\u00e9solument tourn\u00e9 vers l\u2019avenir de notre territoire.<\/p>\n\n\n\n<p>L&#8217;\u00e9quipe RE Picardie, remercie <strong>Picardie la Gazette<\/strong> pour l&#8217;article de juillet 2025.<\/p>\n\n\n<div class=\"wp-block-image\">\n<figure class=\"aligncenter size-large is-resized\"><img loading=\"lazy\" decoding=\"async\" width=\"730\" height=\"1024\" src=\"https:\/\/www.reseau-entreprendre.org\/picardie\/wp-content\/uploads\/sites\/54\/2025\/08\/article-gazette-juillet-2025-730x1024.jpg\" alt=\"Article Picardie la Gazette\" class=\"wp-image-4736\" style=\"width:1095px;height:auto\" srcset=\"https:\/\/www.reseau-entreprendre.org\/picardie\/wp-content\/uploads\/sites\/54\/2025\/08\/article-gazette-juillet-2025-730x1024.jpg 730w, https:\/\/www.reseau-entreprendre.org\/picardie\/wp-content\/uploads\/sites\/54\/2025\/08\/article-gazette-juillet-2025-214x300.jpg 214w, https:\/\/www.reseau-entreprendre.org\/picardie\/wp-content\/uploads\/sites\/54\/2025\/08\/article-gazette-juillet-2025-768x1077.jpg 768w, https:\/\/www.reseau-entreprendre.org\/picardie\/wp-content\/uploads\/sites\/54\/2025\/08\/article-gazette-juillet-2025-1095x1536.jpg 1095w, https:\/\/www.reseau-entreprendre.org\/picardie\/wp-content\/uploads\/sites\/54\/2025\/08\/article-gazette-juillet-2025-1460x2048.jpg 1460w, https:\/\/www.reseau-entreprendre.org\/picardie\/wp-content\/uploads\/sites\/54\/2025\/08\/article-gazette-juillet-2025-93x130.jpg 93w, https:\/\/www.reseau-entreprendre.org\/picardie\/wp-content\/uploads\/sites\/54\/2025\/08\/article-gazette-juillet-2025-71x100.jpg 71w, https:\/\/www.reseau-entreprendre.org\/picardie\/wp-content\/uploads\/sites\/54\/2025\/08\/article-gazette-juillet-2025-scaled.jpg 813w\" sizes=\"auto, (max-width: 730px) 100vw, 730px\" \/><\/figure>\n<\/div>\n\n\n<div style=\"height:67px\" aria-hidden=\"true\" class=\"wp-block-spacer\"><\/div>\n\n\n\n<p class=\"has-text-align-center has-re-yellow-color has-text-color has-link-color has-large-font-size wp-elements-89342fde159519d0cb317e19289b8eaf\"><strong>Vous aussi vous souhaitez devenir Laur\u00e9ats ? <\/strong><\/p>\n\n\n\n<div class=\"wp-block-buttons is-content-justification-center is-layout-flex wp-container-core-buttons-is-layout-16018d1d wp-block-buttons-is-layout-flex\">\n<div class=\"wp-block-button\"><a class=\"wp-block-button__link has-re-yellow-background-color has-background wp-element-button\" href=\"https:\/\/www.reseau-entreprendre.org\/picardie\/deposer-une-demande\/\"><strong>Remplissez le formulaire de contact<\/strong><\/a><\/div>\n<\/div>\n","protected":false},"excerpt":{"rendered":"<p>Merci \u00e0 nos membres Gr\u00e9gory Portelette pour les photos et<\/p>\n","protected":false},"author":55,"featured_media":4756,"comment_status":"closed","ping_status":"closed","sticky":false,"template":"","format":"standard","meta":{"_acf_changed":false,"_monsterinsights_skip_tracking":false,"_monsterinsights_sitenote_active":false,"_monsterinsights_sitenote_note":"","_monsterinsights_sitenote_category":0,"footnotes":""},"categories":[4],"tags":[],"class_list":["post-4735","post","type-post","status-publish","format-standard","has-post-thumbnail","hentry","category-actualites","news"],"acf":[],"yoast_head":"<!-- This site is optimized with the Yoast SEO plugin v27.4 - https:\/\/yoast.com\/product\/yoast-seo-wordpress\/ -->\n<title>Soir\u00e9e des Laur\u00e9ats 2025 - R\u00e9seau Entreprendre Picardie<\/title>\n<meta name=\"description\" content=\"Retour sur la Soir\u00e9e des Laur\u00e9ats qui s&#039;est tenue le 5 juin 2025 aux Granges du Bel Air.\" \/>\n<meta name=\"robots\" content=\"index, follow, max-snippet:-1, max-image-preview:large, max-video-preview:-1\" \/>\n<link rel=\"canonical\" href=\"https:\/\/www.reseau-entreprendre.org\/picardie\/2025\/08\/21\/soiree-des-laureats-2025\/\" \/>\n<meta property=\"og:locale\" content=\"fr_FR\" \/>\n<meta property=\"og:type\" content=\"article\" \/>\n<meta property=\"og:title\" content=\"Soir\u00e9e des Laur\u00e9ats 2025 - R\u00e9seau Entreprendre Picardie\" \/>\n<meta property=\"og:description\" content=\"Retour sur la Soir\u00e9e des Laur\u00e9ats qui s&#039;est tenue le 5 juin 2025 aux Granges du Bel Air.\" \/>\n<meta property=\"og:url\" content=\"https:\/\/www.reseau-entreprendre.org\/picardie\/2025\/08\/21\/soiree-des-laureats-2025\/\" \/>\n<meta property=\"og:site_name\" content=\"R\u00e9seau Entreprendre Picardie\" \/>\n<meta property=\"article:published_time\" content=\"2025-08-21T08:46:42+00:00\" \/>\n<meta property=\"article:modified_time\" content=\"2025-08-21T12:15:34+00:00\" \/>\n<meta property=\"og:image\" content=\"https:\/\/www.reseau-entreprendre.org\/picardie\/wp-content\/uploads\/sites\/54\/2025\/08\/0009569-scaled.jpg\" \/>\n\t<meta property=\"og:image:width\" content=\"1140\" \/>\n\t<meta property=\"og:image:height\" content=\"760\" \/>\n\t<meta property=\"og:image:type\" content=\"image\/jpeg\" \/>\n<meta name=\"author\" content=\"picardie\" \/>\n<meta name=\"twitter:card\" content=\"summary_large_image\" \/>\n<meta name=\"twitter:label1\" content=\"\u00c9crit par\" \/>\n\t<meta name=\"twitter:data1\" content=\"picardie\" \/>\n\t<meta name=\"twitter:label2\" content=\"Dur\u00e9e de lecture estim\u00e9e\" \/>\n\t<meta name=\"twitter:data2\" content=\"4 minutes\" \/>\n<script type=\"application\/ld+json\" class=\"yoast-schema-graph\">{\"@context\":\"https:\\\/\\\/schema.org\",\"@graph\":[{\"@type\":\"Article\",\"@id\":\"https:\\\/\\\/www.reseau-entreprendre.org\\\/picardie\\\/2025\\\/08\\\/21\\\/soiree-des-laureats-2025\\\/#article\",\"isPartOf\":{\"@id\":\"https:\\\/\\\/www.reseau-entreprendre.org\\\/picardie\\\/2025\\\/08\\\/21\\\/soiree-des-laureats-2025\\\/\"},\"author\":{\"name\":\"picardie\",\"@id\":\"https:\\\/\\\/www.reseau-entreprendre.org\\\/picardie\\\/#\\\/schema\\\/person\\\/1800e2571e530d818fbfeb561bea4ea8\"},\"headline\":\"Soir\u00e9e des Laur\u00e9ats 2025\",\"datePublished\":\"2025-08-21T08:46:42+00:00\",\"dateModified\":\"2025-08-21T12:15:34+00:00\",\"mainEntityOfPage\":{\"@id\":\"https:\\\/\\\/www.reseau-entreprendre.org\\\/picardie\\\/2025\\\/08\\\/21\\\/soiree-des-laureats-2025\\\/\"},\"wordCount\":615,\"image\":{\"@id\":\"https:\\\/\\\/www.reseau-entreprendre.org\\\/picardie\\\/2025\\\/08\\\/21\\\/soiree-des-laureats-2025\\\/#primaryimage\"},\"thumbnailUrl\":\"https:\\\/\\\/www.reseau-entreprendre.org\\\/picardie\\\/wp-content\\\/uploads\\\/sites\\\/54\\\/2025\\\/08\\\/0009569-scaled.jpg\",\"articleSection\":[\"Actualit\u00e9s\"],\"inLanguage\":\"fr-FR\"},{\"@type\":\"WebPage\",\"@id\":\"https:\\\/\\\/www.reseau-entreprendre.org\\\/picardie\\\/2025\\\/08\\\/21\\\/soiree-des-laureats-2025\\\/\",\"url\":\"https:\\\/\\\/www.reseau-entreprendre.org\\\/picardie\\\/2025\\\/08\\\/21\\\/soiree-des-laureats-2025\\\/\",\"name\":\"Soir\u00e9e des Laur\u00e9ats 2025 - R\u00e9seau Entreprendre Picardie\",\"isPartOf\":{\"@id\":\"https:\\\/\\\/www.reseau-entreprendre.org\\\/picardie\\\/#website\"},\"primaryImageOfPage\":{\"@id\":\"https:\\\/\\\/www.reseau-entreprendre.org\\\/picardie\\\/2025\\\/08\\\/21\\\/soiree-des-laureats-2025\\\/#primaryimage\"},\"image\":{\"@id\":\"https:\\\/\\\/www.reseau-entreprendre.org\\\/picardie\\\/2025\\\/08\\\/21\\\/soiree-des-laureats-2025\\\/#primaryimage\"},\"thumbnailUrl\":\"https:\\\/\\\/www.reseau-entreprendre.org\\\/picardie\\\/wp-content\\\/uploads\\\/sites\\\/54\\\/2025\\\/08\\\/0009569-scaled.jpg\",\"datePublished\":\"2025-08-21T08:46:42+00:00\",\"dateModified\":\"2025-08-21T12:15:34+00:00\",\"author\":{\"@id\":\"https:\\\/\\\/www.reseau-entreprendre.org\\\/picardie\\\/#\\\/schema\\\/person\\\/1800e2571e530d818fbfeb561bea4ea8\"},\"description\":\"Retour sur la Soir\u00e9e des Laur\u00e9ats qui s'est tenue le 5 juin 2025 aux Granges du Bel Air.\",\"breadcrumb\":{\"@id\":\"https:\\\/\\\/www.reseau-entreprendre.org\\\/picardie\\\/2025\\\/08\\\/21\\\/soiree-des-laureats-2025\\\/#breadcrumb\"},\"inLanguage\":\"fr-FR\",\"potentialAction\":[{\"@type\":\"ReadAction\",\"target\":[\"https:\\\/\\\/www.reseau-entreprendre.org\\\/picardie\\\/2025\\\/08\\\/21\\\/soiree-des-laureats-2025\\\/\"]}]},{\"@type\":\"ImageObject\",\"inLanguage\":\"fr-FR\",\"@id\":\"https:\\\/\\\/www.reseau-entreprendre.org\\\/picardie\\\/2025\\\/08\\\/21\\\/soiree-des-laureats-2025\\\/#primaryimage\",\"url\":\"https:\\\/\\\/www.reseau-entreprendre.org\\\/picardie\\\/wp-content\\\/uploads\\\/sites\\\/54\\\/2025\\\/08\\\/0009569-scaled.jpg\",\"contentUrl\":\"https:\\\/\\\/www.reseau-entreprendre.org\\\/picardie\\\/wp-content\\\/uploads\\\/sites\\\/54\\\/2025\\\/08\\\/0009569-scaled.jpg\",\"width\":1140,\"height\":760,\"caption\":\"F\u00eate des Laur\u00e9ats 2025\"},{\"@type\":\"BreadcrumbList\",\"@id\":\"https:\\\/\\\/www.reseau-entreprendre.org\\\/picardie\\\/2025\\\/08\\\/21\\\/soiree-des-laureats-2025\\\/#breadcrumb\",\"itemListElement\":[{\"@type\":\"ListItem\",\"position\":1,\"name\":\"Accueil\",\"item\":\"https:\\\/\\\/www.reseau-entreprendre.org\\\/picardie\\\/\"},{\"@type\":\"ListItem\",\"position\":2,\"name\":\"Soir\u00e9e des Laur\u00e9ats 2025\"}]},{\"@type\":\"WebSite\",\"@id\":\"https:\\\/\\\/www.reseau-entreprendre.org\\\/picardie\\\/#website\",\"url\":\"https:\\\/\\\/www.reseau-entreprendre.org\\\/picardie\\\/\",\"name\":\"R\u00e9seau Entreprendre Picardie\",\"description\":\"Un site utilisant Les sites de R\u00e9seau Entreprendre\",\"potentialAction\":[{\"@type\":\"SearchAction\",\"target\":{\"@type\":\"EntryPoint\",\"urlTemplate\":\"https:\\\/\\\/www.reseau-entreprendre.org\\\/picardie\\\/?s={search_term_string}\"},\"query-input\":{\"@type\":\"PropertyValueSpecification\",\"valueRequired\":true,\"valueName\":\"search_term_string\"}}],\"inLanguage\":\"fr-FR\"},{\"@type\":\"Person\",\"@id\":\"https:\\\/\\\/www.reseau-entreprendre.org\\\/picardie\\\/#\\\/schema\\\/person\\\/1800e2571e530d818fbfeb561bea4ea8\",\"name\":\"picardie\",\"image\":{\"@type\":\"ImageObject\",\"inLanguage\":\"fr-FR\",\"@id\":\"https:\\\/\\\/secure.gravatar.com\\\/avatar\\\/8b6053ef66c7b30fff0c59081ebf6d4ec54405a460b6e97109f8a7ecd939a4a9?s=96&d=mm&r=g\",\"url\":\"https:\\\/\\\/secure.gravatar.com\\\/avatar\\\/8b6053ef66c7b30fff0c59081ebf6d4ec54405a460b6e97109f8a7ecd939a4a9?s=96&d=mm&r=g\",\"contentUrl\":\"https:\\\/\\\/secure.gravatar.com\\\/avatar\\\/8b6053ef66c7b30fff0c59081ebf6d4ec54405a460b6e97109f8a7ecd939a4a9?s=96&d=mm&r=g\",\"caption\":\"picardie\"},\"url\":\"https:\\\/\\\/www.reseau-entreprendre.org\\\/picardie\\\/author\\\/re-picardie\\\/\"}]}<\/script>\n<!-- \/ Yoast SEO plugin. -->","yoast_head_json":{"title":"Soir\u00e9e des Laur\u00e9ats 2025 - R\u00e9seau Entreprendre Picardie","description":"Retour sur la Soir\u00e9e des Laur\u00e9ats qui s'est tenue le 5 juin 2025 aux Granges du Bel Air.","robots":{"index":"index","follow":"follow","max-snippet":"max-snippet:-1","max-image-preview":"max-image-preview:large","max-video-preview":"max-video-preview:-1"},"canonical":"https:\/\/www.reseau-entreprendre.org\/picardie\/2025\/08\/21\/soiree-des-laureats-2025\/","og_locale":"fr_FR","og_type":"article","og_title":"Soir\u00e9e des Laur\u00e9ats 2025 - R\u00e9seau Entreprendre Picardie","og_description":"Retour sur la Soir\u00e9e des Laur\u00e9ats qui s'est tenue le 5 juin 2025 aux Granges du Bel Air.","og_url":"https:\/\/www.reseau-entreprendre.org\/picardie\/2025\/08\/21\/soiree-des-laureats-2025\/","og_site_name":"R\u00e9seau Entreprendre Picardie","article_published_time":"2025-08-21T08:46:42+00:00","article_modified_time":"2025-08-21T12:15:34+00:00","og_image":[{"width":1140,"height":760,"url":"https:\/\/www.reseau-entreprendre.org\/picardie\/wp-content\/uploads\/sites\/54\/2025\/08\/0009569-scaled.jpg","type":"image\/jpeg"}],"author":"picardie","twitter_card":"summary_large_image","twitter_misc":{"\u00c9crit par":"picardie","Dur\u00e9e de lecture estim\u00e9e":"4 minutes"},"schema":{"@context":"https:\/\/schema.org","@graph":[{"@type":"Article","@id":"https:\/\/www.reseau-entreprendre.org\/picardie\/2025\/08\/21\/soiree-des-laureats-2025\/#article","isPartOf":{"@id":"https:\/\/www.reseau-entreprendre.org\/picardie\/2025\/08\/21\/soiree-des-laureats-2025\/"},"author":{"name":"picardie","@id":"https:\/\/www.reseau-entreprendre.org\/picardie\/#\/schema\/person\/1800e2571e530d818fbfeb561bea4ea8"},"headline":"Soir\u00e9e des Laur\u00e9ats 2025","datePublished":"2025-08-21T08:46:42+00:00","dateModified":"2025-08-21T12:15:34+00:00","mainEntityOfPage":{"@id":"https:\/\/www.reseau-entreprendre.org\/picardie\/2025\/08\/21\/soiree-des-laureats-2025\/"},"wordCount":615,"image":{"@id":"https:\/\/www.reseau-entreprendre.org\/picardie\/2025\/08\/21\/soiree-des-laureats-2025\/#primaryimage"},"thumbnailUrl":"https:\/\/www.reseau-entreprendre.org\/picardie\/wp-content\/uploads\/sites\/54\/2025\/08\/0009569-scaled.jpg","articleSection":["Actualit\u00e9s"],"inLanguage":"fr-FR"},{"@type":"WebPage","@id":"https:\/\/www.reseau-entreprendre.org\/picardie\/2025\/08\/21\/soiree-des-laureats-2025\/","url":"https:\/\/www.reseau-entreprendre.org\/picardie\/2025\/08\/21\/soiree-des-laureats-2025\/","name":"Soir\u00e9e des Laur\u00e9ats 2025 - R\u00e9seau Entreprendre Picardie","isPartOf":{"@id":"https:\/\/www.reseau-entreprendre.org\/picardie\/#website"},"primaryImageOfPage":{"@id":"https:\/\/www.reseau-entreprendre.org\/picardie\/2025\/08\/21\/soiree-des-laureats-2025\/#primaryimage"},"image":{"@id":"https:\/\/www.reseau-entreprendre.org\/picardie\/2025\/08\/21\/soiree-des-laureats-2025\/#primaryimage"},"thumbnailUrl":"https:\/\/www.reseau-entreprendre.org\/picardie\/wp-content\/uploads\/sites\/54\/2025\/08\/0009569-scaled.jpg","datePublished":"2025-08-21T08:46:42+00:00","dateModified":"2025-08-21T12:15:34+00:00","author":{"@id":"https:\/\/www.reseau-entreprendre.org\/picardie\/#\/schema\/person\/1800e2571e530d818fbfeb561bea4ea8"},"description":"Retour sur la Soir\u00e9e des Laur\u00e9ats qui s'est tenue le 5 juin 2025 aux Granges du Bel Air.","breadcrumb":{"@id":"https:\/\/www.reseau-entreprendre.org\/picardie\/2025\/08\/21\/soiree-des-laureats-2025\/#breadcrumb"},"inLanguage":"fr-FR","potentialAction":[{"@type":"ReadAction","target":["https:\/\/www.reseau-entreprendre.org\/picardie\/2025\/08\/21\/soiree-des-laureats-2025\/"]}]},{"@type":"ImageObject","inLanguage":"fr-FR","@id":"https:\/\/www.reseau-entreprendre.org\/picardie\/2025\/08\/21\/soiree-des-laureats-2025\/#primaryimage","url":"https:\/\/www.reseau-entreprendre.org\/picardie\/wp-content\/uploads\/sites\/54\/2025\/08\/0009569-scaled.jpg","contentUrl":"https:\/\/www.reseau-entreprendre.org\/picardie\/wp-content\/uploads\/sites\/54\/2025\/08\/0009569-scaled.jpg","width":1140,"height":760,"caption":"F\u00eate des Laur\u00e9ats 2025"},{"@type":"BreadcrumbList","@id":"https:\/\/www.reseau-entreprendre.org\/picardie\/2025\/08\/21\/soiree-des-laureats-2025\/#breadcrumb","itemListElement":[{"@type":"ListItem","position":1,"name":"Accueil","item":"https:\/\/www.reseau-entreprendre.org\/picardie\/"},{"@type":"ListItem","position":2,"name":"Soir\u00e9e des Laur\u00e9ats 2025"}]},{"@type":"WebSite","@id":"https:\/\/www.reseau-entreprendre.org\/picardie\/#website","url":"https:\/\/www.reseau-entreprendre.org\/picardie\/","name":"R\u00e9seau Entreprendre Picardie","description":"Un site utilisant Les sites de R\u00e9seau Entreprendre","potentialAction":[{"@type":"SearchAction","target":{"@type":"EntryPoint","urlTemplate":"https:\/\/www.reseau-entreprendre.org\/picardie\/?s={search_term_string}"},"query-input":{"@type":"PropertyValueSpecification","valueRequired":true,"valueName":"search_term_string"}}],"inLanguage":"fr-FR"},{"@type":"Person","@id":"https:\/\/www.reseau-entreprendre.org\/picardie\/#\/schema\/person\/1800e2571e530d818fbfeb561bea4ea8","name":"picardie","image":{"@type":"ImageObject","inLanguage":"fr-FR","@id":"https:\/\/secure.gravatar.com\/avatar\/8b6053ef66c7b30fff0c59081ebf6d4ec54405a460b6e97109f8a7ecd939a4a9?s=96&d=mm&r=g","url":"https:\/\/secure.gravatar.com\/avatar\/8b6053ef66c7b30fff0c59081ebf6d4ec54405a460b6e97109f8a7ecd939a4a9?s=96&d=mm&r=g","contentUrl":"https:\/\/secure.gravatar.com\/avatar\/8b6053ef66c7b30fff0c59081ebf6d4ec54405a460b6e97109f8a7ecd939a4a9?s=96&d=mm&r=g","caption":"picardie"},"url":"https:\/\/www.reseau-entreprendre.org\/picardie\/author\/re-picardie\/"}]}},"_links":{"self":[{"href":"https:\/\/www.reseau-entreprendre.org\/picardie\/wp-json\/wp\/v2\/posts\/4735","targetHints":{"allow":["GET"]}}],"collection":[{"href":"https:\/\/www.reseau-entreprendre.org\/picardie\/wp-json\/wp\/v2\/posts"}],"about":[{"href":"https:\/\/www.reseau-entreprendre.org\/picardie\/wp-json\/wp\/v2\/types\/post"}],"author":[{"embeddable":true,"href":"https:\/\/www.reseau-entreprendre.org\/picardie\/wp-json\/wp\/v2\/users\/55"}],"replies":[{"embeddable":true,"href":"https:\/\/www.reseau-entreprendre.org\/picardie\/wp-json\/wp\/v2\/comments?post=4735"}],"version-history":[{"count":0,"href":"https:\/\/www.reseau-entreprendre.org\/picardie\/wp-json\/wp\/v2\/posts\/4735\/revisions"}],"wp:featuredmedia":[{"embeddable":true,"href":"https:\/\/www.reseau-entreprendre.org\/picardie\/wp-json\/wp\/v2\/media\/4756"}],"wp:attachment":[{"href":"https:\/\/www.reseau-entreprendre.org\/picardie\/wp-json\/wp\/v2\/media?parent=4735"}],"wp:term":[{"taxonomy":"category","embeddable":true,"href":"https:\/\/www.reseau-entreprendre.org\/picardie\/wp-json\/wp\/v2\/categories?post=4735"},{"taxonomy":"post_tag","embeddable":true,"href":"https:\/\/www.reseau-entreprendre.org\/picardie\/wp-json\/wp\/v2\/tags?post=4735"}],"curies":[{"name":"wp","href":"https:\/\/api.w.org\/{rel}","templated":true}]}}