{"id":5358,"date":"2026-03-30T15:24:34","date_gmt":"2026-03-30T13:24:34","guid":{"rendered":"https:\/\/www.reseau-entreprendre.org\/picardie\/?p=5358"},"modified":"2026-03-30T15:26:44","modified_gmt":"2026-03-30T13:26:44","slug":"portrait-de-membre-rencontre-avec-lucie-pellieux","status":"publish","type":"post","link":"https:\/\/www.reseau-entreprendre.org\/picardie\/2026\/03\/30\/portrait-de-membre-rencontre-avec-lucie-pellieux\/","title":{"rendered":"Portrait de membre : Rencontre avec Lucie PELLIEUX"},"content":{"rendered":"\n<p><\/p>\n\n\n\n<p class=\"has-re-red-color has-text-color has-link-color has-large-font-size wp-elements-ef1f9f03614faefc92390d90d592888b\"><strong>Portrait de membre : Rencontre avec Lucie Pellieux, engag\u00e9e aux c\u00f4t\u00e9s des entrepreneurs picards<\/strong><\/p>\n\n\n\n<p><\/p>\n\n\n\n<figure class=\"wp-block-image size-large is-resized\"><img loading=\"lazy\" decoding=\"async\" width=\"819\" height=\"1024\" src=\"https:\/\/www.reseau-entreprendre.org\/picardie\/wp-content\/uploads\/sites\/54\/2026\/03\/Lucie-PELLIEUX--819x1024.jpeg\" alt=\"\" class=\"wp-image-5359\" style=\"width:564px;height:auto\" srcset=\"https:\/\/www.reseau-entreprendre.org\/picardie\/wp-content\/uploads\/sites\/54\/2026\/03\/Lucie-PELLIEUX--819x1024.jpeg 819w, https:\/\/www.reseau-entreprendre.org\/picardie\/wp-content\/uploads\/sites\/54\/2026\/03\/Lucie-PELLIEUX--240x300.jpeg 240w, https:\/\/www.reseau-entreprendre.org\/picardie\/wp-content\/uploads\/sites\/54\/2026\/03\/Lucie-PELLIEUX--768x960.jpeg 768w, https:\/\/www.reseau-entreprendre.org\/picardie\/wp-content\/uploads\/sites\/54\/2026\/03\/Lucie-PELLIEUX--104x130.jpeg 104w, https:\/\/www.reseau-entreprendre.org\/picardie\/wp-content\/uploads\/sites\/54\/2026\/03\/Lucie-PELLIEUX--80x100.jpeg 80w, https:\/\/www.reseau-entreprendre.org\/picardie\/wp-content\/uploads\/sites\/54\/2026\/03\/Lucie-PELLIEUX--scaled.jpeg 912w\" sizes=\"auto, (max-width: 819px) 100vw, 819px\" \/><\/figure>\n\n\n\n<h3 class=\"wp-block-heading\"><\/h3>\n\n\n\n<p>R\u00e9seau Entreprendre Picardie a le plaisir de mettre en lumi\u00e8re <strong>Lucie Pellieux<\/strong>, dirigeante et membre active de notre communaut\u00e9. Anim\u00e9e par la volont\u00e9 de partager son exp\u00e9rience, de soutenir les porteurs de projets et de contribuer au dynamisme \u00e9conomique local, elle d\u00e9voile dans cette interview son parcours, ses motivations et sa vision de l\u2019entrepreneuriat en Picardie.<\/p>\n\n\n\n<p>Entre \u00e9coute, exigence et bienveillance, <strong>Lucie incarne pleinement les valeurs fortes de notre r\u00e9seau<\/strong> : solidarit\u00e9 entrepreneuriale, transmission et conviction que la r\u00e9ussite se construit collectivement, gr\u00e2ce \u00e0 l\u2019entraide et au partage d\u2019expertises.<\/p>\n\n\n\n<p>D\u00e9couvrez son regard sur l\u2019accompagnement des cr\u00e9ateurs et repreneurs d\u2019entreprise, son r\u00f4le au sein du r\u00e9seau, ainsi que les raisons qui l\u2019ont amen\u00e9e \u00e0 rejoindre R\u00e9seau Entreprendre Picardie pour soutenir celles et ceux qui fa\u00e7onnent les entreprises de demain.<\/p>\n\n\n\n<p><\/p>\n\n\n\n<h2 class=\"wp-block-heading has-re-red-color has-text-color has-link-color wp-elements-b7d9b419fad1af8fda59b9acacb88758\"><strong>Interview de Lucie Pellieux <\/strong><\/h2>\n\n\n\n<p><\/p>\n\n\n\n<p>1. Quelle exp\u00e9rience entrepreneuriale a le plus fa\u00e7onn\u00e9 ta mani\u00e8re de travailler aujourd\u2019hui ?<\/p>\n\n\n\n<p>C\u2019est l\u2019entrepreneuriat de mani\u00e8re g\u00e9n\u00e9rale qui m\u2019a appris \u00e0 sortir de ma zone de confort, \u00e0 me concentrer sur les actions plut\u00f4t que sur les r\u00e9sultats et \u00e0 beaucoup l\u00e2cher prise aussi.<\/p>\n\n\n\n<p>2. Comment d\u00e9finirais-tu ton approche lorsqu\u2019il s\u2019agit de prendre des d\u00e9cisions importantes ?<\/p>\n\n\n\n<p>L\u2019analyse du \u00ab&nbsp;risque&nbsp;\u00bb c\u2019est un peu mon m\u00e9tier. Je dirais que je pousse ma r\u00e9flexion au maximum sur les enjeux, puis j\u2019expose mes id\u00e9es \u00e0 plusieurs proches de confiance afin d\u2019avoir leurs points de vue.<\/p>\n\n\n\n<p>Un m\u00e9lange entre analyse et intuition.<\/p>\n\n\n\n<p>3. Quelle habitude te permet de rester concentr\u00e9e, organis\u00e9e et efficace au quotidien ?<\/p>\n\n\n\n<p>Je suis de nature tr\u00e8s organis\u00e9e mais ce qui fonctionne vraiment c\u2019est une to-do list quotidienne avec un temps pour chaque t\u00e2che. Une fois le temps \u00e9coul\u00e9, je passe \u00e0 la suivante. Avec l\u2019exp\u00e9rience, j\u2019\u00e9value assez bien le temps n\u00e9cessaire et \u00e7a me permet de rester bien concentr\u00e9e.<\/p>\n\n\n\n<p>4. Quelles actions mets-tu en place pour continuer \u00e0 progresser et d\u00e9velopper tes comp\u00e9tences ?<\/p>\n\n\n\n<p>Je suis me remets en question tr\u00e8s souvent.<\/p>\n\n\n\n<p>Je r\u00e9fl\u00e9chis sur ma strat\u00e9gie, le d\u00e9veloppement de mon entreprise, ce qui a du sens\u2026 \u00e7a peut \u00eatre fatiguant de ne jamais avoir l\u2019esprit au repos mais c\u2019est finalement moteur pour moi, j\u2019avance comme \u00e7a.<\/p>\n\n\n\n<p>Pour les comp\u00e9tences techniques : formations en lignes. Podcasts&#8230;&nbsp;<\/p>\n\n\n\n<p>5. Si tu pouvais conna\u00eetre la pens\u00e9e r\u00e9elle de tes clients pendant une journ\u00e9e, quelles questions aimerais-tu leur poser ?<\/p>\n\n\n\n<p>\u00ab Qu\u2019attendez-vous exactement de votre courtier et\/ou qu\u2019est-ce qui fait vraiment la diff\u00e9rence pour vous ? \u00bb<\/p>\n\n\n\n<p>La satisfaction de mes clients c\u2019est ce qui me tient.<\/p>\n\n\n\n<p>Mon m\u00e9tier demande beaucoup de r\u00e9silience. Surtout avec les banques aujourd\u2019hui.<\/p>\n\n\n\n<p>C\u2019est parfois \u00e9puisant.<\/p>\n\n\n\n<p>Puis je re\u00e7ois le retour positif de mes clients. Et je suis regonfl\u00e9e.<\/p>\n\n\n\n<p>In fine, c\u2019est tout ce qui compte pour moi.<\/p>\n\n\n\n<p><\/p>\n\n\n\n<p><\/p>\n\n\n\n<p class=\"has-text-align-center has-medium-font-size\">&#x1f449; Une belle illustration de ce que notre r\u00e9seau peut apporter aux entrepreneurs engag\u00e9s du territoire !<\/p>\n\n\n\n<p class=\"has-text-align-center has-re-yellow-color has-text-color has-link-color has-medium-font-size wp-elements-bcbb79f5c8b31778aa3469f8fe4f41f5\"><strong>Vous aussi vous souhaitez devenir Laur\u00e9ats ou Membre R\u00e9seau Entreprendre Picardie ?<\/strong><\/p>\n\n\n\n<div class=\"wp-block-buttons is-content-justification-center is-layout-flex wp-container-core-buttons-is-layout-16018d1d wp-block-buttons-is-layout-flex\">\n<div class=\"wp-block-button\"><a class=\"wp-block-button__link has-re-yellow-background-color has-background wp-element-button\" href=\"https:\/\/www.reseau-entreprendre.org\/picardie\/entreprendre-2\/\">C&#8217;est par ici<\/a><\/div>\n<\/div>\n\n\n\n<p><\/p>\n","protected":false},"excerpt":{"rendered":"<p>Portrait de membre : Rencontre avec Lucie Pellieux, engag\u00e9e aux<\/p>\n","protected":false},"author":55,"featured_media":5359,"comment_status":"closed","ping_status":"closed","sticky":false,"template":"","format":"standard","meta":{"_acf_changed":false,"_monsterinsights_skip_tracking":false,"_monsterinsights_sitenote_active":false,"_monsterinsights_sitenote_note":"","_monsterinsights_sitenote_category":0,"footnotes":""},"categories":[4],"tags":[],"class_list":["post-5358","post","type-post","status-publish","format-standard","has-post-thumbnail","hentry","category-actualites","news"],"acf":[],"yoast_head":"<!-- This site is optimized with the Yoast SEO plugin v27.4 - https:\/\/yoast.com\/product\/yoast-seo-wordpress\/ -->\n<title>Portrait de membre : Rencontre avec Lucie PELLIEUX - R\u00e9seau Entreprendre Picardie<\/title>\n<meta name=\"description\" content=\"Lucie Pellieux, dirigeante et membre active de notre communaut\u00e9. Anim\u00e9e par la volont\u00e9 de partager son exp\u00e9rience,\" \/>\n<meta name=\"robots\" content=\"index, follow, max-snippet:-1, max-image-preview:large, max-video-preview:-1\" \/>\n<link rel=\"canonical\" href=\"https:\/\/www.reseau-entreprendre.org\/picardie\/2026\/03\/30\/portrait-de-membre-rencontre-avec-lucie-pellieux\/\" \/>\n<meta property=\"og:locale\" content=\"fr_FR\" \/>\n<meta property=\"og:type\" content=\"article\" \/>\n<meta property=\"og:title\" content=\"Portrait de membre : Rencontre avec Lucie PELLIEUX - R\u00e9seau Entreprendre Picardie\" \/>\n<meta property=\"og:description\" content=\"Lucie Pellieux, dirigeante et membre active de notre communaut\u00e9. Anim\u00e9e par la volont\u00e9 de partager son exp\u00e9rience,\" \/>\n<meta property=\"og:url\" content=\"https:\/\/www.reseau-entreprendre.org\/picardie\/2026\/03\/30\/portrait-de-membre-rencontre-avec-lucie-pellieux\/\" \/>\n<meta property=\"og:site_name\" content=\"R\u00e9seau Entreprendre Picardie\" \/>\n<meta property=\"article:published_time\" content=\"2026-03-30T13:24:34+00:00\" \/>\n<meta property=\"article:modified_time\" content=\"2026-03-30T13:26:44+00:00\" \/>\n<meta property=\"og:image\" content=\"https:\/\/www.reseau-entreprendre.org\/picardie\/wp-content\/uploads\/sites\/54\/2026\/03\/Lucie-PELLIEUX--scaled.jpeg\" \/>\n\t<meta property=\"og:image:width\" content=\"912\" \/>\n\t<meta property=\"og:image:height\" content=\"1140\" \/>\n\t<meta property=\"og:image:type\" content=\"image\/jpeg\" \/>\n<meta name=\"author\" content=\"picardie\" \/>\n<meta name=\"twitter:card\" content=\"summary_large_image\" \/>\n<meta name=\"twitter:label1\" content=\"\u00c9crit par\" \/>\n\t<meta name=\"twitter:data1\" content=\"picardie\" \/>\n\t<meta name=\"twitter:label2\" content=\"Dur\u00e9e de lecture estim\u00e9e\" \/>\n\t<meta name=\"twitter:data2\" content=\"3 minutes\" \/>\n<script type=\"application\/ld+json\" class=\"yoast-schema-graph\">{\"@context\":\"https:\\\/\\\/schema.org\",\"@graph\":[{\"@type\":\"Article\",\"@id\":\"https:\\\/\\\/www.reseau-entreprendre.org\\\/picardie\\\/2026\\\/03\\\/30\\\/portrait-de-membre-rencontre-avec-lucie-pellieux\\\/#article\",\"isPartOf\":{\"@id\":\"https:\\\/\\\/www.reseau-entreprendre.org\\\/picardie\\\/2026\\\/03\\\/30\\\/portrait-de-membre-rencontre-avec-lucie-pellieux\\\/\"},\"author\":{\"name\":\"picardie\",\"@id\":\"https:\\\/\\\/www.reseau-entreprendre.org\\\/picardie\\\/#\\\/schema\\\/person\\\/1800e2571e530d818fbfeb561bea4ea8\"},\"headline\":\"Portrait de membre : Rencontre avec Lucie PELLIEUX\",\"datePublished\":\"2026-03-30T13:24:34+00:00\",\"dateModified\":\"2026-03-30T13:26:44+00:00\",\"mainEntityOfPage\":{\"@id\":\"https:\\\/\\\/www.reseau-entreprendre.org\\\/picardie\\\/2026\\\/03\\\/30\\\/portrait-de-membre-rencontre-avec-lucie-pellieux\\\/\"},\"wordCount\":567,\"image\":{\"@id\":\"https:\\\/\\\/www.reseau-entreprendre.org\\\/picardie\\\/2026\\\/03\\\/30\\\/portrait-de-membre-rencontre-avec-lucie-pellieux\\\/#primaryimage\"},\"thumbnailUrl\":\"https:\\\/\\\/www.reseau-entreprendre.org\\\/picardie\\\/wp-content\\\/uploads\\\/sites\\\/54\\\/2026\\\/03\\\/Lucie-PELLIEUX--scaled.jpeg\",\"articleSection\":[\"Actualit\u00e9s\"],\"inLanguage\":\"fr-FR\"},{\"@type\":\"WebPage\",\"@id\":\"https:\\\/\\\/www.reseau-entreprendre.org\\\/picardie\\\/2026\\\/03\\\/30\\\/portrait-de-membre-rencontre-avec-lucie-pellieux\\\/\",\"url\":\"https:\\\/\\\/www.reseau-entreprendre.org\\\/picardie\\\/2026\\\/03\\\/30\\\/portrait-de-membre-rencontre-avec-lucie-pellieux\\\/\",\"name\":\"Portrait de membre : Rencontre avec Lucie PELLIEUX - R\u00e9seau Entreprendre Picardie\",\"isPartOf\":{\"@id\":\"https:\\\/\\\/www.reseau-entreprendre.org\\\/picardie\\\/#website\"},\"primaryImageOfPage\":{\"@id\":\"https:\\\/\\\/www.reseau-entreprendre.org\\\/picardie\\\/2026\\\/03\\\/30\\\/portrait-de-membre-rencontre-avec-lucie-pellieux\\\/#primaryimage\"},\"image\":{\"@id\":\"https:\\\/\\\/www.reseau-entreprendre.org\\\/picardie\\\/2026\\\/03\\\/30\\\/portrait-de-membre-rencontre-avec-lucie-pellieux\\\/#primaryimage\"},\"thumbnailUrl\":\"https:\\\/\\\/www.reseau-entreprendre.org\\\/picardie\\\/wp-content\\\/uploads\\\/sites\\\/54\\\/2026\\\/03\\\/Lucie-PELLIEUX--scaled.jpeg\",\"datePublished\":\"2026-03-30T13:24:34+00:00\",\"dateModified\":\"2026-03-30T13:26:44+00:00\",\"author\":{\"@id\":\"https:\\\/\\\/www.reseau-entreprendre.org\\\/picardie\\\/#\\\/schema\\\/person\\\/1800e2571e530d818fbfeb561bea4ea8\"},\"description\":\"Lucie Pellieux, dirigeante et membre active de notre communaut\u00e9. Anim\u00e9e par la volont\u00e9 de partager son exp\u00e9rience,\",\"breadcrumb\":{\"@id\":\"https:\\\/\\\/www.reseau-entreprendre.org\\\/picardie\\\/2026\\\/03\\\/30\\\/portrait-de-membre-rencontre-avec-lucie-pellieux\\\/#breadcrumb\"},\"inLanguage\":\"fr-FR\",\"potentialAction\":[{\"@type\":\"ReadAction\",\"target\":[\"https:\\\/\\\/www.reseau-entreprendre.org\\\/picardie\\\/2026\\\/03\\\/30\\\/portrait-de-membre-rencontre-avec-lucie-pellieux\\\/\"]}]},{\"@type\":\"ImageObject\",\"inLanguage\":\"fr-FR\",\"@id\":\"https:\\\/\\\/www.reseau-entreprendre.org\\\/picardie\\\/2026\\\/03\\\/30\\\/portrait-de-membre-rencontre-avec-lucie-pellieux\\\/#primaryimage\",\"url\":\"https:\\\/\\\/www.reseau-entreprendre.org\\\/picardie\\\/wp-content\\\/uploads\\\/sites\\\/54\\\/2026\\\/03\\\/Lucie-PELLIEUX--scaled.jpeg\",\"contentUrl\":\"https:\\\/\\\/www.reseau-entreprendre.org\\\/picardie\\\/wp-content\\\/uploads\\\/sites\\\/54\\\/2026\\\/03\\\/Lucie-PELLIEUX--scaled.jpeg\",\"width\":912,\"height\":1140},{\"@type\":\"BreadcrumbList\",\"@id\":\"https:\\\/\\\/www.reseau-entreprendre.org\\\/picardie\\\/2026\\\/03\\\/30\\\/portrait-de-membre-rencontre-avec-lucie-pellieux\\\/#breadcrumb\",\"itemListElement\":[{\"@type\":\"ListItem\",\"position\":1,\"name\":\"Accueil\",\"item\":\"https:\\\/\\\/www.reseau-entreprendre.org\\\/picardie\\\/\"},{\"@type\":\"ListItem\",\"position\":2,\"name\":\"Portrait de membre : Rencontre avec Lucie PELLIEUX\"}]},{\"@type\":\"WebSite\",\"@id\":\"https:\\\/\\\/www.reseau-entreprendre.org\\\/picardie\\\/#website\",\"url\":\"https:\\\/\\\/www.reseau-entreprendre.org\\\/picardie\\\/\",\"name\":\"R\u00e9seau Entreprendre Picardie\",\"description\":\"Un site utilisant Les sites de R\u00e9seau Entreprendre\",\"potentialAction\":[{\"@type\":\"SearchAction\",\"target\":{\"@type\":\"EntryPoint\",\"urlTemplate\":\"https:\\\/\\\/www.reseau-entreprendre.org\\\/picardie\\\/?s={search_term_string}\"},\"query-input\":{\"@type\":\"PropertyValueSpecification\",\"valueRequired\":true,\"valueName\":\"search_term_string\"}}],\"inLanguage\":\"fr-FR\"},{\"@type\":\"Person\",\"@id\":\"https:\\\/\\\/www.reseau-entreprendre.org\\\/picardie\\\/#\\\/schema\\\/person\\\/1800e2571e530d818fbfeb561bea4ea8\",\"name\":\"picardie\",\"image\":{\"@type\":\"ImageObject\",\"inLanguage\":\"fr-FR\",\"@id\":\"https:\\\/\\\/secure.gravatar.com\\\/avatar\\\/8b6053ef66c7b30fff0c59081ebf6d4ec54405a460b6e97109f8a7ecd939a4a9?s=96&d=mm&r=g\",\"url\":\"https:\\\/\\\/secure.gravatar.com\\\/avatar\\\/8b6053ef66c7b30fff0c59081ebf6d4ec54405a460b6e97109f8a7ecd939a4a9?s=96&d=mm&r=g\",\"contentUrl\":\"https:\\\/\\\/secure.gravatar.com\\\/avatar\\\/8b6053ef66c7b30fff0c59081ebf6d4ec54405a460b6e97109f8a7ecd939a4a9?s=96&d=mm&r=g\",\"caption\":\"picardie\"},\"url\":\"https:\\\/\\\/www.reseau-entreprendre.org\\\/picardie\\\/author\\\/re-picardie\\\/\"}]}<\/script>\n<!-- \/ Yoast SEO plugin. -->","yoast_head_json":{"title":"Portrait de membre : Rencontre avec Lucie PELLIEUX - R\u00e9seau Entreprendre Picardie","description":"Lucie Pellieux, dirigeante et membre active de notre communaut\u00e9. Anim\u00e9e par la volont\u00e9 de partager son exp\u00e9rience,","robots":{"index":"index","follow":"follow","max-snippet":"max-snippet:-1","max-image-preview":"max-image-preview:large","max-video-preview":"max-video-preview:-1"},"canonical":"https:\/\/www.reseau-entreprendre.org\/picardie\/2026\/03\/30\/portrait-de-membre-rencontre-avec-lucie-pellieux\/","og_locale":"fr_FR","og_type":"article","og_title":"Portrait de membre : Rencontre avec Lucie PELLIEUX - R\u00e9seau Entreprendre Picardie","og_description":"Lucie Pellieux, dirigeante et membre active de notre communaut\u00e9. Anim\u00e9e par la volont\u00e9 de partager son exp\u00e9rience,","og_url":"https:\/\/www.reseau-entreprendre.org\/picardie\/2026\/03\/30\/portrait-de-membre-rencontre-avec-lucie-pellieux\/","og_site_name":"R\u00e9seau Entreprendre Picardie","article_published_time":"2026-03-30T13:24:34+00:00","article_modified_time":"2026-03-30T13:26:44+00:00","og_image":[{"width":912,"height":1140,"url":"https:\/\/www.reseau-entreprendre.org\/picardie\/wp-content\/uploads\/sites\/54\/2026\/03\/Lucie-PELLIEUX--scaled.jpeg","type":"image\/jpeg"}],"author":"picardie","twitter_card":"summary_large_image","twitter_misc":{"\u00c9crit par":"picardie","Dur\u00e9e de lecture estim\u00e9e":"3 minutes"},"schema":{"@context":"https:\/\/schema.org","@graph":[{"@type":"Article","@id":"https:\/\/www.reseau-entreprendre.org\/picardie\/2026\/03\/30\/portrait-de-membre-rencontre-avec-lucie-pellieux\/#article","isPartOf":{"@id":"https:\/\/www.reseau-entreprendre.org\/picardie\/2026\/03\/30\/portrait-de-membre-rencontre-avec-lucie-pellieux\/"},"author":{"name":"picardie","@id":"https:\/\/www.reseau-entreprendre.org\/picardie\/#\/schema\/person\/1800e2571e530d818fbfeb561bea4ea8"},"headline":"Portrait de membre : Rencontre avec Lucie PELLIEUX","datePublished":"2026-03-30T13:24:34+00:00","dateModified":"2026-03-30T13:26:44+00:00","mainEntityOfPage":{"@id":"https:\/\/www.reseau-entreprendre.org\/picardie\/2026\/03\/30\/portrait-de-membre-rencontre-avec-lucie-pellieux\/"},"wordCount":567,"image":{"@id":"https:\/\/www.reseau-entreprendre.org\/picardie\/2026\/03\/30\/portrait-de-membre-rencontre-avec-lucie-pellieux\/#primaryimage"},"thumbnailUrl":"https:\/\/www.reseau-entreprendre.org\/picardie\/wp-content\/uploads\/sites\/54\/2026\/03\/Lucie-PELLIEUX--scaled.jpeg","articleSection":["Actualit\u00e9s"],"inLanguage":"fr-FR"},{"@type":"WebPage","@id":"https:\/\/www.reseau-entreprendre.org\/picardie\/2026\/03\/30\/portrait-de-membre-rencontre-avec-lucie-pellieux\/","url":"https:\/\/www.reseau-entreprendre.org\/picardie\/2026\/03\/30\/portrait-de-membre-rencontre-avec-lucie-pellieux\/","name":"Portrait de membre : Rencontre avec Lucie PELLIEUX - R\u00e9seau Entreprendre Picardie","isPartOf":{"@id":"https:\/\/www.reseau-entreprendre.org\/picardie\/#website"},"primaryImageOfPage":{"@id":"https:\/\/www.reseau-entreprendre.org\/picardie\/2026\/03\/30\/portrait-de-membre-rencontre-avec-lucie-pellieux\/#primaryimage"},"image":{"@id":"https:\/\/www.reseau-entreprendre.org\/picardie\/2026\/03\/30\/portrait-de-membre-rencontre-avec-lucie-pellieux\/#primaryimage"},"thumbnailUrl":"https:\/\/www.reseau-entreprendre.org\/picardie\/wp-content\/uploads\/sites\/54\/2026\/03\/Lucie-PELLIEUX--scaled.jpeg","datePublished":"2026-03-30T13:24:34+00:00","dateModified":"2026-03-30T13:26:44+00:00","author":{"@id":"https:\/\/www.reseau-entreprendre.org\/picardie\/#\/schema\/person\/1800e2571e530d818fbfeb561bea4ea8"},"description":"Lucie Pellieux, dirigeante et membre active de notre communaut\u00e9. Anim\u00e9e par la volont\u00e9 de partager son exp\u00e9rience,","breadcrumb":{"@id":"https:\/\/www.reseau-entreprendre.org\/picardie\/2026\/03\/30\/portrait-de-membre-rencontre-avec-lucie-pellieux\/#breadcrumb"},"inLanguage":"fr-FR","potentialAction":[{"@type":"ReadAction","target":["https:\/\/www.reseau-entreprendre.org\/picardie\/2026\/03\/30\/portrait-de-membre-rencontre-avec-lucie-pellieux\/"]}]},{"@type":"ImageObject","inLanguage":"fr-FR","@id":"https:\/\/www.reseau-entreprendre.org\/picardie\/2026\/03\/30\/portrait-de-membre-rencontre-avec-lucie-pellieux\/#primaryimage","url":"https:\/\/www.reseau-entreprendre.org\/picardie\/wp-content\/uploads\/sites\/54\/2026\/03\/Lucie-PELLIEUX--scaled.jpeg","contentUrl":"https:\/\/www.reseau-entreprendre.org\/picardie\/wp-content\/uploads\/sites\/54\/2026\/03\/Lucie-PELLIEUX--scaled.jpeg","width":912,"height":1140},{"@type":"BreadcrumbList","@id":"https:\/\/www.reseau-entreprendre.org\/picardie\/2026\/03\/30\/portrait-de-membre-rencontre-avec-lucie-pellieux\/#breadcrumb","itemListElement":[{"@type":"ListItem","position":1,"name":"Accueil","item":"https:\/\/www.reseau-entreprendre.org\/picardie\/"},{"@type":"ListItem","position":2,"name":"Portrait de membre : Rencontre avec Lucie PELLIEUX"}]},{"@type":"WebSite","@id":"https:\/\/www.reseau-entreprendre.org\/picardie\/#website","url":"https:\/\/www.reseau-entreprendre.org\/picardie\/","name":"R\u00e9seau Entreprendre Picardie","description":"Un site utilisant Les sites de R\u00e9seau Entreprendre","potentialAction":[{"@type":"SearchAction","target":{"@type":"EntryPoint","urlTemplate":"https:\/\/www.reseau-entreprendre.org\/picardie\/?s={search_term_string}"},"query-input":{"@type":"PropertyValueSpecification","valueRequired":true,"valueName":"search_term_string"}}],"inLanguage":"fr-FR"},{"@type":"Person","@id":"https:\/\/www.reseau-entreprendre.org\/picardie\/#\/schema\/person\/1800e2571e530d818fbfeb561bea4ea8","name":"picardie","image":{"@type":"ImageObject","inLanguage":"fr-FR","@id":"https:\/\/secure.gravatar.com\/avatar\/8b6053ef66c7b30fff0c59081ebf6d4ec54405a460b6e97109f8a7ecd939a4a9?s=96&d=mm&r=g","url":"https:\/\/secure.gravatar.com\/avatar\/8b6053ef66c7b30fff0c59081ebf6d4ec54405a460b6e97109f8a7ecd939a4a9?s=96&d=mm&r=g","contentUrl":"https:\/\/secure.gravatar.com\/avatar\/8b6053ef66c7b30fff0c59081ebf6d4ec54405a460b6e97109f8a7ecd939a4a9?s=96&d=mm&r=g","caption":"picardie"},"url":"https:\/\/www.reseau-entreprendre.org\/picardie\/author\/re-picardie\/"}]}},"_links":{"self":[{"href":"https:\/\/www.reseau-entreprendre.org\/picardie\/wp-json\/wp\/v2\/posts\/5358","targetHints":{"allow":["GET"]}}],"collection":[{"href":"https:\/\/www.reseau-entreprendre.org\/picardie\/wp-json\/wp\/v2\/posts"}],"about":[{"href":"https:\/\/www.reseau-entreprendre.org\/picardie\/wp-json\/wp\/v2\/types\/post"}],"author":[{"embeddable":true,"href":"https:\/\/www.reseau-entreprendre.org\/picardie\/wp-json\/wp\/v2\/users\/55"}],"replies":[{"embeddable":true,"href":"https:\/\/www.reseau-entreprendre.org\/picardie\/wp-json\/wp\/v2\/comments?post=5358"}],"version-history":[{"count":0,"href":"https:\/\/www.reseau-entreprendre.org\/picardie\/wp-json\/wp\/v2\/posts\/5358\/revisions"}],"wp:featuredmedia":[{"embeddable":true,"href":"https:\/\/www.reseau-entreprendre.org\/picardie\/wp-json\/wp\/v2\/media\/5359"}],"wp:attachment":[{"href":"https:\/\/www.reseau-entreprendre.org\/picardie\/wp-json\/wp\/v2\/media?parent=5358"}],"wp:term":[{"taxonomy":"category","embeddable":true,"href":"https:\/\/www.reseau-entreprendre.org\/picardie\/wp-json\/wp\/v2\/categories?post=5358"},{"taxonomy":"post_tag","embeddable":true,"href":"https:\/\/www.reseau-entreprendre.org\/picardie\/wp-json\/wp\/v2\/tags?post=5358"}],"curies":[{"name":"wp","href":"https:\/\/api.w.org\/{rel}","templated":true}]}}