{"id":4674,"date":"2018-01-11T09:58:55","date_gmt":"2018-01-11T08:58:55","guid":{"rendered":"https:\/\/re-preprod-entreprendre.fr\/piemonte\/?p=4674"},"modified":"2024-05-22T11:54:08","modified_gmt":"2024-05-22T09:54:08","slug":"carmine-de-simone","status":"publish","type":"post","link":"https:\/\/www.reseau-entreprendre.org\/piemonte\/2018\/01\/11\/carmine-de-simone\/","title":{"rendered":"Carmine de Simone"},"content":{"rendered":"<h4>Il professionista<\/h4>\n<p>&nbsp;<\/p>\n<p style=\"text-align: justify\">Carmine de Simone \u00e8 Associato R\u00e9seau Entreprendre Piemonte dal 2019.<\/p>\n<p>&nbsp;<\/p>\n<p>Di seguito la sua presentazione:<\/p>\n<p style=\"text-align: justify\">&#8221;\u00a0<em>La mia esperienza professionale \u201cnasce\u201d con gli incarichi di supporto al Responsabile Unico del Procedimento del progetto \u201cCittadella Politecnica\u201d di Torino, che \u2013 in forza dello stage precedente alla Laurea magistrale in Ingegneria Edile del Luglio 2002 \u2013 caratterizzano il periodo 2000\u00f72007, fortemente incentrato sullo studio dell\u2019evoluzione e l\u2019analisi dell\u2019ambito \u201cLavori Pubblici\u201d nel panorama nazionale.<\/em><\/p>\n<p style=\"text-align: justify\"><em>Oltre alla gestione tecnico-amministrativa degli appalti, nello stesso periodo ho avuto il privilegio di poter operare (quale interfaccia tecnica) a contatto con lo studio legale incaricato dalla Stazione Appaltante della gestione contrattuale dei procedimenti.<\/em><\/p>\n<p style=\"text-align: justify\"><em>Questa attivit\u00e0 mi ha permesso di \u201csondare\u201d gli ambiti operativi relativi alle fasi di affidamento di servizi e di lavori, quelli relativi all\u2019esecuzione delle opere (tipicamente in relazione agli approfondimenti giuridici in situazioni di dubbia interpretazione normativa), nonch\u00e9 quelli relativi alle fasi di contenzioso e di procedure di accordo bonario.<\/em><\/p>\n<p style=\"text-align: justify\"><em>A partire dal 2004 ed in parallelo alle attivit\u00e0 sopra descritte, ho prestato assistenza alle funzioni di Progettista, Direttore dei Lavori Operativo e Collaudatore delle opere strutturali sia in ambito pubblico che privato, per oltre 30 commesse di rilevante interesse.<\/em><\/p>\n<p style=\"text-align: justify\"><em>Mentre l\u2019esperienza di cantiere veniva completata con l\u2019esercizio \u2013 sia in assistenza ad altro professionista \u201csenior\u201d che in forza di acquisizione di incarichi diretti \u2013 delle funzioni nell\u2019ambito della gestione della sicurezza (Responsabile dei Lavori, Coordinatore per la Progettazione e per l\u2019Esecuzione), quella di natura tecnico-amministrativa veniva arricchita dall\u2019assistenza agli incarichi di Collaudatore per il perfezionamento del collaudo tecnico-amministrativo, anche relativi alle opere realizzate per le \u201cOlimpiadi Invernali Torino 2006\u201d.<\/em><\/p>\n<p style=\"text-align: justify\"><em>L\u2019apertura (Ottobre 2006) dell\u2019attuale sede di Via Vigone ha consentito un progressivo sviluppo dell\u2019attivit\u00e0 professionale anche negli ambiti di prevenzione incendi, di sicurezza nei luoghi di lavoro e di consulenza tecnica per contenziosi in ambito civile (sia in qualit\u00e0 di CTU che di CTP), attualmente settori di ordinaria operativit\u00e0.<\/em><\/p>\n<p style=\"text-align: justify\"><em>Fermo il proseguire delle attivit\u00e0 di Studio sopra delineate, il periodo 2009\u00f72017 \u00e8 stato inoltre caratterizzato dall\u2019operato presso la Direzione del Centro Agro-Alimentare di Torino con funzione di Responsabile dell\u2019Ufficio Tecnico.<\/em><\/p>\n<p style=\"text-align: justify\"><em>La tecnostruttura del Centro, nel suo ruolo statutario di provvedere alla gestione di un patrimonio immobiliare distribuito su un\u2019area di propriet\u00e0 di circa 440.000 mq e con una consistenza di 12 gruppi di fabbricati, ha consentito giornalmente di apprezzare \u201cla sfida\u201d che le fasi di progettazione e realizzazione dei componenti di un manufatto edilizio lanciano agli addetti alla gestione e manutenzione delle opere compiute.<\/em><\/p>\n<p style=\"text-align: justify\"><em>Con la pubblicazione dell\u2019articolo \u201cProgettazione sismica di componenti industriali con approccio Risk-Based\u201d al SAFAP \u2013 INAIL 2016 (seguita dalla pi\u00f9 recente partecipazione all\u2019edizione del 2018) si \u00e8 inoltre dato il \u201cvia\u201d ad un percorso \u2013 che include anche l\u2019ottenimento delle certificazioni delle competenze professionali ai sensi delle norme UNI 11648:2016 ed UNI 11656:2016 \u2013 finalizzato a compendiare le esperienze maturate nei settori pubblico e privato con la gestione del processo edilizio e dei rischi connessi alle calamit\u00e0 naturali.<\/em><\/p>\n<p style=\"text-align: justify\"><em>Ne scaturisce una prospettiva estremamente motivante, se considerata in seno ai pi\u00f9 attuali impegni intrapresi: da un lato di esperienza attiva in Protezione Civile, dall\u2019altro di consulenza specialistica rivolta alla gestione e manutenzione dei grandi compendi immobiliari.&#8221;<\/em><\/p>\n","protected":false},"excerpt":{"rendered":"<p>Il professionista &nbsp; Carmine de Simone \u00e8 Associato R\u00e9seau Entreprendre<\/p>\n","protected":false},"author":43,"featured_media":4675,"comment_status":"closed","ping_status":"open","sticky":false,"template":"","format":"standard","meta":{"_acf_changed":false,"_monsterinsights_skip_tracking":false,"_monsterinsights_sitenote_active":false,"_monsterinsights_sitenote_note":"","_monsterinsights_sitenote_category":0,"footnotes":""},"categories":[6,60],"tags":[641,31,656,410,655,657,658],"class_list":["post-4674","post","type-post","status-publish","format-standard","has-post-thumbnail","hentry","category-associati","category-i-nostri-associati","tag-641","tag-associatorep","tag-carmine-de-simone","tag-consulente","tag-ingegnere","tag-professionista","tag-protezione-civile","testimonials",""],"acf":[],"yoast_head":"<!-- This site is optimized with the Yoast SEO plugin v27.4 - https:\/\/yoast.com\/product\/yoast-seo-wordpress\/ -->\n<title>Carmine de Simone - R\u00e9seau Entreprendre Piemonte<\/title>\n<meta name=\"robots\" content=\"index, follow, max-snippet:-1, max-image-preview:large, max-video-preview:-1\" \/>\n<link rel=\"canonical\" href=\"https:\/\/www.reseau-entreprendre.org\/piemonte\/2018\/01\/11\/carmine-de-simone\/\" \/>\n<meta property=\"og:locale\" content=\"it_IT\" \/>\n<meta property=\"og:type\" content=\"article\" \/>\n<meta property=\"og:title\" content=\"Carmine de Simone - R\u00e9seau Entreprendre Piemonte\" \/>\n<meta property=\"og:description\" content=\"Il professionista &nbsp; Carmine de Simone \u00e8 Associato R\u00e9seau Entreprendre\" \/>\n<meta property=\"og:url\" content=\"https:\/\/www.reseau-entreprendre.org\/piemonte\/2018\/01\/11\/carmine-de-simone\/\" \/>\n<meta property=\"og:site_name\" content=\"R\u00e9seau Entreprendre Piemonte\" \/>\n<meta property=\"article:publisher\" content=\"https:\/\/www.facebook.com\/RePiemonte\/\" \/>\n<meta property=\"article:author\" content=\"https:\/\/www.facebook.com\/ReR\u00e9seau\/\" \/>\n<meta property=\"article:published_time\" content=\"2018-01-11T08:58:55+00:00\" \/>\n<meta property=\"article:modified_time\" content=\"2024-05-22T09:54:08+00:00\" \/>\n<meta property=\"og:image\" content=\"https:\/\/www.reseau-entreprendre.org\/piemonte\/wp-content\/uploads\/sites\/41\/2019\/03\/REP_-MEMBRE_-carmine-de-simone.jpg\" \/>\n\t<meta property=\"og:image:width\" content=\"2323\" \/>\n\t<meta property=\"og:image:height\" content=\"2575\" \/>\n\t<meta property=\"og:image:type\" content=\"image\/jpeg\" \/>\n<meta name=\"author\" content=\"R\u00e9seau\" \/>\n<meta name=\"twitter:card\" content=\"summary_large_image\" \/>\n<meta name=\"twitter:creator\" content=\"@Re_Piemonte\" \/>\n<meta name=\"twitter:site\" content=\"@Re_Piemonte\" \/>\n<meta name=\"twitter:label1\" content=\"Scritto da\" \/>\n\t<meta name=\"twitter:data1\" content=\"R\u00e9seau\" \/>\n\t<meta name=\"twitter:label2\" content=\"Tempo di lettura stimato\" \/>\n\t<meta name=\"twitter:data2\" content=\"3 minuti\" \/>\n<script type=\"application\/ld+json\" class=\"yoast-schema-graph\">{\"@context\":\"https:\\\/\\\/schema.org\",\"@graph\":[{\"@type\":\"Article\",\"@id\":\"https:\\\/\\\/www.reseau-entreprendre.org\\\/piemonte\\\/2018\\\/01\\\/11\\\/carmine-de-simone\\\/#article\",\"isPartOf\":{\"@id\":\"https:\\\/\\\/www.reseau-entreprendre.org\\\/piemonte\\\/2018\\\/01\\\/11\\\/carmine-de-simone\\\/\"},\"author\":{\"name\":\"R\u00e9seau\",\"@id\":\"https:\\\/\\\/www.reseau-entreprendre.org\\\/piemonte\\\/#\\\/schema\\\/person\\\/07d592fbfc0fa0217b0140f4549b2c2d\"},\"headline\":\"Carmine de Simone\",\"datePublished\":\"2018-01-11T08:58:55+00:00\",\"dateModified\":\"2024-05-22T09:54:08+00:00\",\"mainEntityOfPage\":{\"@id\":\"https:\\\/\\\/www.reseau-entreprendre.org\\\/piemonte\\\/2018\\\/01\\\/11\\\/carmine-de-simone\\\/\"},\"wordCount\":526,\"publisher\":{\"@id\":\"https:\\\/\\\/www.reseau-entreprendre.org\\\/piemonte\\\/#organization\"},\"image\":{\"@id\":\"https:\\\/\\\/www.reseau-entreprendre.org\\\/piemonte\\\/2018\\\/01\\\/11\\\/carmine-de-simone\\\/#primaryimage\"},\"thumbnailUrl\":\"https:\\\/\\\/www.reseau-entreprendre.org\\\/piemonte\\\/wp-content\\\/uploads\\\/sites\\\/41\\\/2019\\\/03\\\/REP_-MEMBRE_-carmine-de-simone.jpg\",\"keywords\":[\"2019\",\"AssociatoREP\",\"carmine de simone\",\"consulente\",\"ingegnere\",\"professionista\",\"protezione civile\"],\"articleSection\":[\"Gli associati\",\"I nostri Associati\"],\"inLanguage\":\"it-IT\"},{\"@type\":\"WebPage\",\"@id\":\"https:\\\/\\\/www.reseau-entreprendre.org\\\/piemonte\\\/2018\\\/01\\\/11\\\/carmine-de-simone\\\/\",\"url\":\"https:\\\/\\\/www.reseau-entreprendre.org\\\/piemonte\\\/2018\\\/01\\\/11\\\/carmine-de-simone\\\/\",\"name\":\"Carmine de Simone - R\u00e9seau Entreprendre Piemonte\",\"isPartOf\":{\"@id\":\"https:\\\/\\\/www.reseau-entreprendre.org\\\/piemonte\\\/#website\"},\"primaryImageOfPage\":{\"@id\":\"https:\\\/\\\/www.reseau-entreprendre.org\\\/piemonte\\\/2018\\\/01\\\/11\\\/carmine-de-simone\\\/#primaryimage\"},\"image\":{\"@id\":\"https:\\\/\\\/www.reseau-entreprendre.org\\\/piemonte\\\/2018\\\/01\\\/11\\\/carmine-de-simone\\\/#primaryimage\"},\"thumbnailUrl\":\"https:\\\/\\\/www.reseau-entreprendre.org\\\/piemonte\\\/wp-content\\\/uploads\\\/sites\\\/41\\\/2019\\\/03\\\/REP_-MEMBRE_-carmine-de-simone.jpg\",\"datePublished\":\"2018-01-11T08:58:55+00:00\",\"dateModified\":\"2024-05-22T09:54:08+00:00\",\"breadcrumb\":{\"@id\":\"https:\\\/\\\/www.reseau-entreprendre.org\\\/piemonte\\\/2018\\\/01\\\/11\\\/carmine-de-simone\\\/#breadcrumb\"},\"inLanguage\":\"it-IT\",\"potentialAction\":[{\"@type\":\"ReadAction\",\"target\":[\"https:\\\/\\\/www.reseau-entreprendre.org\\\/piemonte\\\/2018\\\/01\\\/11\\\/carmine-de-simone\\\/\"]}]},{\"@type\":\"ImageObject\",\"inLanguage\":\"it-IT\",\"@id\":\"https:\\\/\\\/www.reseau-entreprendre.org\\\/piemonte\\\/2018\\\/01\\\/11\\\/carmine-de-simone\\\/#primaryimage\",\"url\":\"https:\\\/\\\/www.reseau-entreprendre.org\\\/piemonte\\\/wp-content\\\/uploads\\\/sites\\\/41\\\/2019\\\/03\\\/REP_-MEMBRE_-carmine-de-simone.jpg\",\"contentUrl\":\"https:\\\/\\\/www.reseau-entreprendre.org\\\/piemonte\\\/wp-content\\\/uploads\\\/sites\\\/41\\\/2019\\\/03\\\/REP_-MEMBRE_-carmine-de-simone.jpg\",\"width\":2323,\"height\":2575},{\"@type\":\"BreadcrumbList\",\"@id\":\"https:\\\/\\\/www.reseau-entreprendre.org\\\/piemonte\\\/2018\\\/01\\\/11\\\/carmine-de-simone\\\/#breadcrumb\",\"itemListElement\":[{\"@type\":\"ListItem\",\"position\":1,\"name\":\"Accueil\",\"item\":\"https:\\\/\\\/www.reseau-entreprendre.org\\\/piemonte\\\/\"},{\"@type\":\"ListItem\",\"position\":2,\"name\":\"Carmine de Simone\"}]},{\"@type\":\"WebSite\",\"@id\":\"https:\\\/\\\/www.reseau-entreprendre.org\\\/piemonte\\\/#website\",\"url\":\"https:\\\/\\\/www.reseau-entreprendre.org\\\/piemonte\\\/\",\"name\":\"R\u00e9seau Entreprendre Piemonte\",\"description\":\"Creiamo imprenditori per creare posti di lavoro\",\"publisher\":{\"@id\":\"https:\\\/\\\/www.reseau-entreprendre.org\\\/piemonte\\\/#organization\"},\"potentialAction\":[{\"@type\":\"SearchAction\",\"target\":{\"@type\":\"EntryPoint\",\"urlTemplate\":\"https:\\\/\\\/www.reseau-entreprendre.org\\\/piemonte\\\/?s={search_term_string}\"},\"query-input\":{\"@type\":\"PropertyValueSpecification\",\"valueRequired\":true,\"valueName\":\"search_term_string\"}}],\"inLanguage\":\"it-IT\"},{\"@type\":\"Organization\",\"@id\":\"https:\\\/\\\/www.reseau-entreprendre.org\\\/piemonte\\\/#organization\",\"name\":\"R\u00e9seau Entreprendre Piemonte\",\"url\":\"https:\\\/\\\/www.reseau-entreprendre.org\\\/piemonte\\\/\",\"logo\":{\"@type\":\"ImageObject\",\"inLanguage\":\"it-IT\",\"@id\":\"https:\\\/\\\/www.reseau-entreprendre.org\\\/piemonte\\\/#\\\/schema\\\/logo\\\/image\\\/\",\"url\":\"https:\\\/\\\/www.reseau-entreprendre.org\\\/piemonte\\\/wp-content\\\/uploads\\\/sites\\\/41\\\/2018\\\/02\\\/logo_horizontal_re_couleur_piemonte.png\",\"contentUrl\":\"https:\\\/\\\/www.reseau-entreprendre.org\\\/piemonte\\\/wp-content\\\/uploads\\\/sites\\\/41\\\/2018\\\/02\\\/logo_horizontal_re_couleur_piemonte.png\",\"width\":216,\"height\":56,\"caption\":\"R\u00e9seau Entreprendre Piemonte\"},\"image\":{\"@id\":\"https:\\\/\\\/www.reseau-entreprendre.org\\\/piemonte\\\/#\\\/schema\\\/logo\\\/image\\\/\"},\"sameAs\":[\"https:\\\/\\\/www.facebook.com\\\/RePiemonte\\\/\",\"https:\\\/\\\/x.com\\\/Re_Piemonte\",\"https:\\\/\\\/www.linkedin.com\\\/showcase\\\/reseauentreprendrepiemonte\"]},{\"@type\":\"Person\",\"@id\":\"https:\\\/\\\/www.reseau-entreprendre.org\\\/piemonte\\\/#\\\/schema\\\/person\\\/07d592fbfc0fa0217b0140f4549b2c2d\",\"name\":\"R\u00e9seau\",\"image\":{\"@type\":\"ImageObject\",\"inLanguage\":\"it-IT\",\"@id\":\"https:\\\/\\\/secure.gravatar.com\\\/avatar\\\/4610ba8c215c2c36a25824df094a90e373d0cf94eb49daf0dd32ab65db32edf9?s=96&d=mm&r=g\",\"url\":\"https:\\\/\\\/secure.gravatar.com\\\/avatar\\\/4610ba8c215c2c36a25824df094a90e373d0cf94eb49daf0dd32ab65db32edf9?s=96&d=mm&r=g\",\"contentUrl\":\"https:\\\/\\\/secure.gravatar.com\\\/avatar\\\/4610ba8c215c2c36a25824df094a90e373d0cf94eb49daf0dd32ab65db32edf9?s=96&d=mm&r=g\",\"caption\":\"R\u00e9seau\"},\"sameAs\":[\"https:\\\/\\\/www.facebook.com\\\/ReR\u00e9seau\\\/\"],\"url\":\"https:\\\/\\\/www.reseau-entreprendre.org\\\/piemonte\\\/author\\\/reseau\\\/\"}]}<\/script>\n<!-- \/ Yoast SEO plugin. -->","yoast_head_json":{"title":"Carmine de Simone - R\u00e9seau Entreprendre Piemonte","robots":{"index":"index","follow":"follow","max-snippet":"max-snippet:-1","max-image-preview":"max-image-preview:large","max-video-preview":"max-video-preview:-1"},"canonical":"https:\/\/www.reseau-entreprendre.org\/piemonte\/2018\/01\/11\/carmine-de-simone\/","og_locale":"it_IT","og_type":"article","og_title":"Carmine de Simone - R\u00e9seau Entreprendre Piemonte","og_description":"Il professionista &nbsp; Carmine de Simone \u00e8 Associato R\u00e9seau Entreprendre","og_url":"https:\/\/www.reseau-entreprendre.org\/piemonte\/2018\/01\/11\/carmine-de-simone\/","og_site_name":"R\u00e9seau Entreprendre Piemonte","article_publisher":"https:\/\/www.facebook.com\/RePiemonte\/","article_author":"https:\/\/www.facebook.com\/ReR\u00e9seau\/","article_published_time":"2018-01-11T08:58:55+00:00","article_modified_time":"2024-05-22T09:54:08+00:00","og_image":[{"width":2323,"height":2575,"url":"https:\/\/www.reseau-entreprendre.org\/piemonte\/wp-content\/uploads\/sites\/41\/2019\/03\/REP_-MEMBRE_-carmine-de-simone.jpg","type":"image\/jpeg"}],"author":"R\u00e9seau","twitter_card":"summary_large_image","twitter_creator":"@Re_Piemonte","twitter_site":"@Re_Piemonte","twitter_misc":{"Scritto da":"R\u00e9seau","Tempo di lettura stimato":"3 minuti"},"schema":{"@context":"https:\/\/schema.org","@graph":[{"@type":"Article","@id":"https:\/\/www.reseau-entreprendre.org\/piemonte\/2018\/01\/11\/carmine-de-simone\/#article","isPartOf":{"@id":"https:\/\/www.reseau-entreprendre.org\/piemonte\/2018\/01\/11\/carmine-de-simone\/"},"author":{"name":"R\u00e9seau","@id":"https:\/\/www.reseau-entreprendre.org\/piemonte\/#\/schema\/person\/07d592fbfc0fa0217b0140f4549b2c2d"},"headline":"Carmine de Simone","datePublished":"2018-01-11T08:58:55+00:00","dateModified":"2024-05-22T09:54:08+00:00","mainEntityOfPage":{"@id":"https:\/\/www.reseau-entreprendre.org\/piemonte\/2018\/01\/11\/carmine-de-simone\/"},"wordCount":526,"publisher":{"@id":"https:\/\/www.reseau-entreprendre.org\/piemonte\/#organization"},"image":{"@id":"https:\/\/www.reseau-entreprendre.org\/piemonte\/2018\/01\/11\/carmine-de-simone\/#primaryimage"},"thumbnailUrl":"https:\/\/www.reseau-entreprendre.org\/piemonte\/wp-content\/uploads\/sites\/41\/2019\/03\/REP_-MEMBRE_-carmine-de-simone.jpg","keywords":["2019","AssociatoREP","carmine de simone","consulente","ingegnere","professionista","protezione civile"],"articleSection":["Gli associati","I nostri Associati"],"inLanguage":"it-IT"},{"@type":"WebPage","@id":"https:\/\/www.reseau-entreprendre.org\/piemonte\/2018\/01\/11\/carmine-de-simone\/","url":"https:\/\/www.reseau-entreprendre.org\/piemonte\/2018\/01\/11\/carmine-de-simone\/","name":"Carmine de Simone - R\u00e9seau Entreprendre Piemonte","isPartOf":{"@id":"https:\/\/www.reseau-entreprendre.org\/piemonte\/#website"},"primaryImageOfPage":{"@id":"https:\/\/www.reseau-entreprendre.org\/piemonte\/2018\/01\/11\/carmine-de-simone\/#primaryimage"},"image":{"@id":"https:\/\/www.reseau-entreprendre.org\/piemonte\/2018\/01\/11\/carmine-de-simone\/#primaryimage"},"thumbnailUrl":"https:\/\/www.reseau-entreprendre.org\/piemonte\/wp-content\/uploads\/sites\/41\/2019\/03\/REP_-MEMBRE_-carmine-de-simone.jpg","datePublished":"2018-01-11T08:58:55+00:00","dateModified":"2024-05-22T09:54:08+00:00","breadcrumb":{"@id":"https:\/\/www.reseau-entreprendre.org\/piemonte\/2018\/01\/11\/carmine-de-simone\/#breadcrumb"},"inLanguage":"it-IT","potentialAction":[{"@type":"ReadAction","target":["https:\/\/www.reseau-entreprendre.org\/piemonte\/2018\/01\/11\/carmine-de-simone\/"]}]},{"@type":"ImageObject","inLanguage":"it-IT","@id":"https:\/\/www.reseau-entreprendre.org\/piemonte\/2018\/01\/11\/carmine-de-simone\/#primaryimage","url":"https:\/\/www.reseau-entreprendre.org\/piemonte\/wp-content\/uploads\/sites\/41\/2019\/03\/REP_-MEMBRE_-carmine-de-simone.jpg","contentUrl":"https:\/\/www.reseau-entreprendre.org\/piemonte\/wp-content\/uploads\/sites\/41\/2019\/03\/REP_-MEMBRE_-carmine-de-simone.jpg","width":2323,"height":2575},{"@type":"BreadcrumbList","@id":"https:\/\/www.reseau-entreprendre.org\/piemonte\/2018\/01\/11\/carmine-de-simone\/#breadcrumb","itemListElement":[{"@type":"ListItem","position":1,"name":"Accueil","item":"https:\/\/www.reseau-entreprendre.org\/piemonte\/"},{"@type":"ListItem","position":2,"name":"Carmine de Simone"}]},{"@type":"WebSite","@id":"https:\/\/www.reseau-entreprendre.org\/piemonte\/#website","url":"https:\/\/www.reseau-entreprendre.org\/piemonte\/","name":"R\u00e9seau Entreprendre Piemonte","description":"Creiamo imprenditori per creare posti di lavoro","publisher":{"@id":"https:\/\/www.reseau-entreprendre.org\/piemonte\/#organization"},"potentialAction":[{"@type":"SearchAction","target":{"@type":"EntryPoint","urlTemplate":"https:\/\/www.reseau-entreprendre.org\/piemonte\/?s={search_term_string}"},"query-input":{"@type":"PropertyValueSpecification","valueRequired":true,"valueName":"search_term_string"}}],"inLanguage":"it-IT"},{"@type":"Organization","@id":"https:\/\/www.reseau-entreprendre.org\/piemonte\/#organization","name":"R\u00e9seau Entreprendre Piemonte","url":"https:\/\/www.reseau-entreprendre.org\/piemonte\/","logo":{"@type":"ImageObject","inLanguage":"it-IT","@id":"https:\/\/www.reseau-entreprendre.org\/piemonte\/#\/schema\/logo\/image\/","url":"https:\/\/www.reseau-entreprendre.org\/piemonte\/wp-content\/uploads\/sites\/41\/2018\/02\/logo_horizontal_re_couleur_piemonte.png","contentUrl":"https:\/\/www.reseau-entreprendre.org\/piemonte\/wp-content\/uploads\/sites\/41\/2018\/02\/logo_horizontal_re_couleur_piemonte.png","width":216,"height":56,"caption":"R\u00e9seau Entreprendre Piemonte"},"image":{"@id":"https:\/\/www.reseau-entreprendre.org\/piemonte\/#\/schema\/logo\/image\/"},"sameAs":["https:\/\/www.facebook.com\/RePiemonte\/","https:\/\/x.com\/Re_Piemonte","https:\/\/www.linkedin.com\/showcase\/reseauentreprendrepiemonte"]},{"@type":"Person","@id":"https:\/\/www.reseau-entreprendre.org\/piemonte\/#\/schema\/person\/07d592fbfc0fa0217b0140f4549b2c2d","name":"R\u00e9seau","image":{"@type":"ImageObject","inLanguage":"it-IT","@id":"https:\/\/secure.gravatar.com\/avatar\/4610ba8c215c2c36a25824df094a90e373d0cf94eb49daf0dd32ab65db32edf9?s=96&d=mm&r=g","url":"https:\/\/secure.gravatar.com\/avatar\/4610ba8c215c2c36a25824df094a90e373d0cf94eb49daf0dd32ab65db32edf9?s=96&d=mm&r=g","contentUrl":"https:\/\/secure.gravatar.com\/avatar\/4610ba8c215c2c36a25824df094a90e373d0cf94eb49daf0dd32ab65db32edf9?s=96&d=mm&r=g","caption":"R\u00e9seau"},"sameAs":["https:\/\/www.facebook.com\/ReR\u00e9seau\/"],"url":"https:\/\/www.reseau-entreprendre.org\/piemonte\/author\/reseau\/"}]}},"_links":{"self":[{"href":"https:\/\/www.reseau-entreprendre.org\/piemonte\/wp-json\/wp\/v2\/posts\/4674","targetHints":{"allow":["GET"]}}],"collection":[{"href":"https:\/\/www.reseau-entreprendre.org\/piemonte\/wp-json\/wp\/v2\/posts"}],"about":[{"href":"https:\/\/www.reseau-entreprendre.org\/piemonte\/wp-json\/wp\/v2\/types\/post"}],"author":[{"embeddable":true,"href":"https:\/\/www.reseau-entreprendre.org\/piemonte\/wp-json\/wp\/v2\/users\/43"}],"replies":[{"embeddable":true,"href":"https:\/\/www.reseau-entreprendre.org\/piemonte\/wp-json\/wp\/v2\/comments?post=4674"}],"version-history":[{"count":0,"href":"https:\/\/www.reseau-entreprendre.org\/piemonte\/wp-json\/wp\/v2\/posts\/4674\/revisions"}],"wp:featuredmedia":[{"embeddable":true,"href":"https:\/\/www.reseau-entreprendre.org\/piemonte\/wp-json\/wp\/v2\/media\/4675"}],"wp:attachment":[{"href":"https:\/\/www.reseau-entreprendre.org\/piemonte\/wp-json\/wp\/v2\/media?parent=4674"}],"wp:term":[{"taxonomy":"category","embeddable":true,"href":"https:\/\/www.reseau-entreprendre.org\/piemonte\/wp-json\/wp\/v2\/categories?post=4674"},{"taxonomy":"post_tag","embeddable":true,"href":"https:\/\/www.reseau-entreprendre.org\/piemonte\/wp-json\/wp\/v2\/tags?post=4674"}],"curies":[{"name":"wp","href":"https:\/\/api.w.org\/{rel}","templated":true}]}}