{"id":5094,"date":"2021-12-22T16:42:31","date_gmt":"2021-12-22T15:42:31","guid":{"rendered":"https:\/\/www.reseau-entreprendre.org\/rhone\/?p=5094"},"modified":"2022-04-13T10:53:32","modified_gmt":"2022-04-13T08:53:32","slug":"fin-daccompagnement-pour-fretly-3","status":"publish","type":"post","link":"https:\/\/www.reseau-entreprendre.org\/rhone\/2021\/12\/22\/fin-daccompagnement-pour-fretly-3\/","title":{"rendered":"3 ans plus tard, o\u00f9 en est COSMOZ ?"},"content":{"rendered":"\n<div class=\"wp-block-columns is-layout-flex wp-container-core-columns-is-layout-9d6595d7 wp-block-columns-is-layout-flex\">\n<div class=\"wp-block-column has-background is-layout-flow wp-block-column-is-layout-flow\" style=\"background-color:#ffffff\">\n<div class=\"wp-block-image is-style-rounded\"><figure class=\"aligncenter size-large is-resized\"><img loading=\"lazy\" decoding=\"async\" src=\"https:\/\/www.reseau-entreprendre.org\/rhone\/wp-content\/uploads\/sites\/32\/2021\/12\/la-cloture-d-Louis-Brauer-de-Cosmoz-1024x953.jpg\" alt=\"\" class=\"wp-image-5095\" width=\"415\" height=\"386\" srcset=\"https:\/\/www.reseau-entreprendre.org\/rhone\/wp-content\/uploads\/sites\/32\/2021\/12\/la-cloture-d-Louis-Brauer-de-Cosmoz-1024x953.jpg 1024w, https:\/\/www.reseau-entreprendre.org\/rhone\/wp-content\/uploads\/sites\/32\/2021\/12\/la-cloture-d-Louis-Brauer-de-Cosmoz-300x279.jpg 300w, https:\/\/www.reseau-entreprendre.org\/rhone\/wp-content\/uploads\/sites\/32\/2021\/12\/la-cloture-d-Louis-Brauer-de-Cosmoz-768x714.jpg 768w, https:\/\/www.reseau-entreprendre.org\/rhone\/wp-content\/uploads\/sites\/32\/2021\/12\/la-cloture-d-Louis-Brauer-de-Cosmoz-1536x1429.jpg 1536w, https:\/\/www.reseau-entreprendre.org\/rhone\/wp-content\/uploads\/sites\/32\/2021\/12\/la-cloture-d-Louis-Brauer-de-Cosmoz-2048x1905.jpg 2048w, https:\/\/www.reseau-entreprendre.org\/rhone\/wp-content\/uploads\/sites\/32\/2021\/12\/la-cloture-d-Louis-Brauer-de-Cosmoz-140x130.jpg 140w\" sizes=\"auto, (max-width: 415px) 100vw, 415px\" \/><\/figure><\/div>\n\n\n\n<p><\/p>\n<\/div>\n\n\n\n<div class=\"wp-block-column is-layout-flow wp-block-column-is-layout-flow\">\n<div style=\"height:48px\" aria-hidden=\"true\" class=\"wp-block-spacer\"><\/div>\n\n\n\n<figure class=\"wp-block-pullquote alignwide is-style-default\" style=\"border-color:#1595bf\"><blockquote><p><strong><em>\u00ab&nbsp;Ce regard ext\u00e9rieur nous a \u00e9t\u00e9 prolifique dans des moments d\u2019entreprise o\u00f9 une aide ext\u00e9rieure est requise.\u00bb<\/em><\/strong><\/p><cite>Louis BRAUER<\/cite><\/blockquote><\/figure>\n<\/div>\n<\/div>\n\n\n\n<div class=\"wp-block-image is-style-default\"><figure class=\"aligncenter size-full is-resized\"><a href=\"https:\/\/cosmoz.bio\/\"><img loading=\"lazy\" decoding=\"async\" src=\"https:\/\/www.reseau-entreprendre.org\/rhone\/wp-content\/uploads\/sites\/32\/2021\/12\/logo-cosmoz.png\" alt=\"\" class=\"wp-image-5096\" width=\"256\" height=\"58\" srcset=\"https:\/\/www.reseau-entreprendre.org\/rhone\/wp-content\/uploads\/sites\/32\/2021\/12\/logo-cosmoz.png 1024w, https:\/\/www.reseau-entreprendre.org\/rhone\/wp-content\/uploads\/sites\/32\/2021\/12\/logo-cosmoz-300x68.png 300w, https:\/\/www.reseau-entreprendre.org\/rhone\/wp-content\/uploads\/sites\/32\/2021\/12\/logo-cosmoz-768x175.png 768w, https:\/\/www.reseau-entreprendre.org\/rhone\/wp-content\/uploads\/sites\/32\/2021\/12\/logo-cosmoz-210x48.png 210w\" sizes=\"auto, (max-width: 256px) 100vw, 256px\" \/><\/a><\/figure><\/div>\n\n\n\n<div style=\"height:49px\" aria-hidden=\"true\" class=\"wp-block-spacer\"><\/div>\n\n\n\n<div class=\"wp-block-columns is-layout-flex wp-container-core-columns-is-layout-9d6595d7 wp-block-columns-is-layout-flex\">\n<div class=\"wp-block-column is-layout-flow wp-block-column-is-layout-flow\">\n<div style=\"height:30px\" aria-hidden=\"true\" class=\"wp-block-spacer\"><\/div>\n\n\n\n<h4 class=\"has-text-align-left has-re-red-color has-text-color wp-block-heading\"><em><strong>Le projet \u00e0 ton arriv\u00e9e au R\u00e9seau <\/strong><\/em><\/h4>\n\n\n\n<div style=\"height:61px\" aria-hidden=\"true\" class=\"wp-block-spacer\"><\/div>\n\n\n\n<p>Le projet initial a \u00e9t\u00e9 de proposer une gamme dermo-cosm\u00e9tique bio luttant contre l\u2019acn\u00e9 et plus g\u00e9n\u00e9ralement contre les imperfections de la peau.<br>La gamme \u00e9tait \u00e0 destination des pharmacies et magasins bio mais aussi avec une volont\u00e9 d\u2019\u00eatre pr\u00e9sent sur le Web.<\/p>\n\n\n\n<div style=\"height:45px\" aria-hidden=\"true\" class=\"wp-block-spacer\"><\/div>\n\n\n\n<figure class=\"wp-block-image size-large is-style-default\"><img loading=\"lazy\" decoding=\"async\" width=\"1024\" height=\"678\" src=\"https:\/\/www.reseau-entreprendre.org\/rhone\/wp-content\/uploads\/sites\/32\/2021\/12\/DSC0009-1024x678.jpg\" alt=\"\" class=\"wp-image-5103\" srcset=\"https:\/\/www.reseau-entreprendre.org\/rhone\/wp-content\/uploads\/sites\/32\/2021\/12\/DSC0009-1024x678.jpg 1024w, https:\/\/www.reseau-entreprendre.org\/rhone\/wp-content\/uploads\/sites\/32\/2021\/12\/DSC0009-300x199.jpg 300w, https:\/\/www.reseau-entreprendre.org\/rhone\/wp-content\/uploads\/sites\/32\/2021\/12\/DSC0009-768x509.jpg 768w, https:\/\/www.reseau-entreprendre.org\/rhone\/wp-content\/uploads\/sites\/32\/2021\/12\/DSC0009-391x260.jpg 391w, https:\/\/www.reseau-entreprendre.org\/rhone\/wp-content\/uploads\/sites\/32\/2021\/12\/DSC0009-1536x1017.jpg 1536w, https:\/\/www.reseau-entreprendre.org\/rhone\/wp-content\/uploads\/sites\/32\/2021\/12\/DSC0009-2048x1356.jpg 2048w, https:\/\/www.reseau-entreprendre.org\/rhone\/wp-content\/uploads\/sites\/32\/2021\/12\/DSC0009-196x130.jpg 196w\" sizes=\"auto, (max-width: 1024px) 100vw, 1024px\" \/><\/figure>\n\n\n\n<div style=\"height:83px\" aria-hidden=\"true\" class=\"wp-block-spacer\"><\/div>\n\n\n\n<h4 class=\"has-text-align-left has-re-red-color has-text-color wp-block-heading\"><em><strong>O\u00f9 en es-tu aujourd&#8217;hui ?<\/strong><\/em><\/h4>\n\n\n\n<div style=\"height:28px\" aria-hidden=\"true\" class=\"wp-block-spacer\"><\/div>\n\n\n\n<p>Aujourd\u2019hui Cosmoz est une \u00e9quipe de 4 personnes avec un portefeuille de plus de 350 distributeurs en France mais aussi dans les pays Francophones.<\/p>\n\n\n\n<p>C\u2019est une gamme de 5 produits avec un best-seller qui ont fait la renomm\u00e9e de Cosmoz, le S\u00e9rum bio \u00ab&nbsp;la guerre aux boutons&nbsp;\u00bb qui permet de lutter contre l\u2019acn\u00e9 sous 48h sans second produit.<\/p>\n\n\n\n<p>Cosmoz a plusieurs ambitions futures sur le d\u00e9veloppement de nouveaux produits \u00e0 destination des traitements de peaux mais uniquement en bio mais aussi des projets agricoles pour recr\u00e9er des fili\u00e8res sur le territoire fran\u00e7ais.<\/p>\n<\/div>\n\n\n\n<div class=\"wp-block-column is-layout-flow wp-block-column-is-layout-flow\">\n<div style=\"height:28px\" aria-hidden=\"true\" class=\"wp-block-spacer\"><\/div>\n\n\n\n<h4 class=\"has-text-align-left has-re-red-color has-text-color wp-block-heading\"><em><strong>Qu&#8217;est ce qu<\/strong><\/em><strong><em>e ton accompagnement t<\/em>&#8216;as apport\u00e9 ?<\/strong><\/h4>\n\n\n\n<div style=\"height:30px\" aria-hidden=\"true\" class=\"wp-block-spacer\"><\/div>\n\n\n\n<p>Le choix d\u2019Eric en accompagnement a \u00e9t\u00e9 tr\u00e8s simple car nous avions une r\u00e9elle synergie humaine et entrepreneuriale.<br>Eric nous a beaucoup accompagn\u00e9s sur notre strat\u00e9gie commerciale ainsi que le d\u00e9veloppement du Sell in et sell out dans les diff\u00e9rents r\u00e9seaux de distribution.<br>Eric a aussi apport\u00e9 une r\u00e9elle expertise et aide sur la fonction de dirigeant. Ce regard ext\u00e9rieur nous a \u00e9t\u00e9 prolifique dans des moments d\u2019entreprise o\u00f9 une aide ext\u00e9rieure est requise.<\/p>\n\n\n\n<figure class=\"wp-block-pullquote alignright\" style=\"border-color:#bb6d28\"><blockquote><p>&#8220;<em><strong>Aujourd\u2019hui Cosmoz est une \u00e9quipe de 4 personnes avec un portefeuille de plus de 350 distributeurs en France mais aussi dans les pays Francophones&#8221;<\/strong><\/em><\/p><\/blockquote><\/figure>\n\n\n\n<div style=\"height:30px\" aria-hidden=\"true\" class=\"wp-block-spacer\"><\/div>\n\n\n\n<div class=\"wp-block-image is-style-default\"><figure class=\"aligncenter size-large is-resized\"><img loading=\"lazy\" decoding=\"async\" src=\"https:\/\/www.reseau-entreprendre.org\/rhone\/wp-content\/uploads\/sites\/32\/2021\/12\/DSC04506-2-1024x684.jpg\" alt=\"\" class=\"wp-image-5107\" width=\"484\" height=\"323\" srcset=\"https:\/\/www.reseau-entreprendre.org\/rhone\/wp-content\/uploads\/sites\/32\/2021\/12\/DSC04506-2-1024x684.jpg 1024w, https:\/\/www.reseau-entreprendre.org\/rhone\/wp-content\/uploads\/sites\/32\/2021\/12\/DSC04506-2-300x200.jpg 300w, https:\/\/www.reseau-entreprendre.org\/rhone\/wp-content\/uploads\/sites\/32\/2021\/12\/DSC04506-2-768x513.jpg 768w, https:\/\/www.reseau-entreprendre.org\/rhone\/wp-content\/uploads\/sites\/32\/2021\/12\/DSC04506-2-391x260.jpg 391w, https:\/\/www.reseau-entreprendre.org\/rhone\/wp-content\/uploads\/sites\/32\/2021\/12\/DSC04506-2-1536x1026.jpg 1536w, https:\/\/www.reseau-entreprendre.org\/rhone\/wp-content\/uploads\/sites\/32\/2021\/12\/DSC04506-2-2048x1368.jpg 2048w, https:\/\/www.reseau-entreprendre.org\/rhone\/wp-content\/uploads\/sites\/32\/2021\/12\/DSC04506-2-195x130.jpg 195w\" sizes=\"auto, (max-width: 484px) 100vw, 484px\" \/><figcaption>Equipe COSMOZ<\/figcaption><\/figure><\/div>\n<\/div>\n<\/div>\n\n\n\n<div class=\"wp-block-cover aligncenter has-background-dim\" style=\"min-height:116px;aspect-ratio:unset;\"><img loading=\"lazy\" decoding=\"async\" width=\"1117\" height=\"625\" class=\"wp-block-cover__image-background wp-image-4682\" alt=\"\" src=\"https:\/\/www.reseau-entreprendre.org\/rhone\/wp-content\/uploads\/sites\/32\/2021\/12\/Capture.png\" style=\"object-position:61% 83%\" data-object-fit=\"cover\" data-object-position=\"61% 83%\" srcset=\"https:\/\/www.reseau-entreprendre.org\/rhone\/wp-content\/uploads\/sites\/32\/2021\/12\/Capture.png 1117w, https:\/\/www.reseau-entreprendre.org\/rhone\/wp-content\/uploads\/sites\/32\/2021\/12\/Capture-300x168.png 300w, https:\/\/www.reseau-entreprendre.org\/rhone\/wp-content\/uploads\/sites\/32\/2021\/12\/Capture-1024x573.png 1024w, https:\/\/www.reseau-entreprendre.org\/rhone\/wp-content\/uploads\/sites\/32\/2021\/12\/Capture-768x430.png 768w, https:\/\/www.reseau-entreprendre.org\/rhone\/wp-content\/uploads\/sites\/32\/2021\/12\/Capture-210x118.png 210w\" sizes=\"auto, (max-width: 1117px) 100vw, 1117px\" \/><div class=\"wp-block-cover__inner-container is-layout-flow wp-block-cover-is-layout-flow\">\n<p class=\"has-text-align-center has-text-color has-medium-font-size\" style=\"color:#ffffff\">Vous aussi vous vous souhaitez <strong>\u00eatre accompagn\u00e9<\/strong> ? D\u00e9couvrez nos diff\u00e9rents <strong>parcours d\u2019accompagnement<\/strong> !<\/p>\n<\/div><\/div>\n\n\n\n<div class=\"wp-block-buttons is-content-justification-center is-layout-flex wp-block-buttons-is-layout-flex\">\n<div class=\"wp-block-button has-custom-font-size has-medium-font-size\"><a class=\"wp-block-button__link has-re-red-background-color has-background\" href=\"https:\/\/www.reseau-entreprendre.org\/rhone\/entreprendre\/\" style=\"border-radius:50px\" target=\"_blank\" rel=\"noreferrer noopener\"><strong>NOS PARCOURS<\/strong><\/a><\/div>\n<\/div>\n\n\n\n<p><\/p>\n","protected":false},"excerpt":{"rendered":"<p>\u00ab&nbsp;Ce regard ext\u00e9rieur nous a \u00e9t\u00e9 prolifique dans des moments<\/p>\n","protected":false},"author":33,"featured_media":5095,"comment_status":"closed","ping_status":"open","sticky":false,"template":"","format":"standard","meta":{"_acf_changed":false,"_monsterinsights_skip_tracking":false,"_monsterinsights_sitenote_active":false,"_monsterinsights_sitenote_note":"","_monsterinsights_sitenote_category":0,"footnotes":""},"categories":[4],"tags":[],"class_list":["post-5094","post","type-post","status-publish","format-standard","has-post-thumbnail","hentry","category-actualites","news"],"acf":[],"yoast_head":"<!-- This site is optimized with the Yoast SEO plugin v27.4 - https:\/\/yoast.com\/product\/yoast-seo-wordpress\/ -->\n<title>3 ans plus tard, o\u00f9 en est COSMOZ ? - R\u00e9seau Entreprendre Rh\u00f4ne<\/title>\n<meta name=\"description\" content=\"Laur\u00e9ats Reseau Entreprendre Rhone, Felicia GRUNER et J\u00e9r\u00e9my VILLEVIEILLE vous raconte leur parcours et la cr\u00e9ation de NATUCO.\" \/>\n<meta name=\"robots\" content=\"index, follow, max-snippet:-1, max-image-preview:large, max-video-preview:-1\" \/>\n<link rel=\"canonical\" href=\"https:\/\/www.reseau-entreprendre.org\/rhone\/2021\/12\/22\/fin-daccompagnement-pour-fretly-3\/\" \/>\n<meta property=\"og:locale\" content=\"fr_FR\" \/>\n<meta property=\"og:type\" content=\"article\" \/>\n<meta property=\"og:title\" content=\"3 ans plus tard, o\u00f9 en est COSMOZ ? - R\u00e9seau Entreprendre Rh\u00f4ne\" \/>\n<meta property=\"og:description\" content=\"Laur\u00e9ats Reseau Entreprendre Rhone, Felicia GRUNER et J\u00e9r\u00e9my VILLEVIEILLE vous raconte leur parcours et la cr\u00e9ation de NATUCO.\" \/>\n<meta property=\"og:url\" content=\"https:\/\/www.reseau-entreprendre.org\/rhone\/2021\/12\/22\/fin-daccompagnement-pour-fretly-3\/\" \/>\n<meta property=\"og:site_name\" content=\"R\u00e9seau Entreprendre Rh\u00f4ne\" \/>\n<meta property=\"article:publisher\" content=\"https:\/\/www.facebook.com\/R%c3%a9seau-Entreprendre-Rh%c3%b4ne-1929780440581177\/?ref=bookmarks\" \/>\n<meta property=\"article:published_time\" content=\"2021-12-22T15:42:31+00:00\" \/>\n<meta property=\"article:modified_time\" content=\"2022-04-13T08:53:32+00:00\" \/>\n<meta property=\"og:image\" content=\"https:\/\/www.reseau-entreprendre.org\/rhone\/wp-content\/uploads\/sites\/32\/2021\/12\/la-cloture-d-Louis-Brauer-de-Cosmoz-scaled.jpg\" \/>\n\t<meta property=\"og:image:width\" content=\"2560\" \/>\n\t<meta property=\"og:image:height\" content=\"2381\" \/>\n\t<meta property=\"og:image:type\" content=\"image\/jpeg\" \/>\n<meta name=\"author\" content=\"rhone\" \/>\n<meta name=\"twitter:card\" content=\"summary_large_image\" \/>\n<meta name=\"twitter:label1\" content=\"\u00c9crit par\" \/>\n\t<meta name=\"twitter:data1\" content=\"rhone\" \/>\n\t<meta name=\"twitter:label2\" content=\"Dur\u00e9e de lecture estim\u00e9e\" \/>\n\t<meta name=\"twitter:data2\" content=\"3 minutes\" \/>\n<script type=\"application\/ld+json\" class=\"yoast-schema-graph\">{\"@context\":\"https:\\\/\\\/schema.org\",\"@graph\":[{\"@type\":\"Article\",\"@id\":\"https:\\\/\\\/www.reseau-entreprendre.org\\\/rhone\\\/2021\\\/12\\\/22\\\/fin-daccompagnement-pour-fretly-3\\\/#article\",\"isPartOf\":{\"@id\":\"https:\\\/\\\/www.reseau-entreprendre.org\\\/rhone\\\/2021\\\/12\\\/22\\\/fin-daccompagnement-pour-fretly-3\\\/\"},\"author\":{\"name\":\"rhone\",\"@id\":\"https:\\\/\\\/www.reseau-entreprendre.org\\\/rhone\\\/#\\\/schema\\\/person\\\/916bb726dec268f263d60147933931f9\"},\"headline\":\"3 ans plus tard, o\u00f9 en est COSMOZ ?\",\"datePublished\":\"2021-12-22T15:42:31+00:00\",\"dateModified\":\"2022-04-13T08:53:32+00:00\",\"mainEntityOfPage\":{\"@id\":\"https:\\\/\\\/www.reseau-entreprendre.org\\\/rhone\\\/2021\\\/12\\\/22\\\/fin-daccompagnement-pour-fretly-3\\\/\"},\"wordCount\":328,\"publisher\":{\"@id\":\"https:\\\/\\\/www.reseau-entreprendre.org\\\/rhone\\\/#organization\"},\"image\":{\"@id\":\"https:\\\/\\\/www.reseau-entreprendre.org\\\/rhone\\\/2021\\\/12\\\/22\\\/fin-daccompagnement-pour-fretly-3\\\/#primaryimage\"},\"thumbnailUrl\":\"https:\\\/\\\/www.reseau-entreprendre.org\\\/rhone\\\/wp-content\\\/uploads\\\/sites\\\/32\\\/2021\\\/12\\\/la-cloture-d-Louis-Brauer-de-Cosmoz-scaled.jpg\",\"articleSection\":[\"Actualit\u00e9s\"],\"inLanguage\":\"fr-FR\"},{\"@type\":\"WebPage\",\"@id\":\"https:\\\/\\\/www.reseau-entreprendre.org\\\/rhone\\\/2021\\\/12\\\/22\\\/fin-daccompagnement-pour-fretly-3\\\/\",\"url\":\"https:\\\/\\\/www.reseau-entreprendre.org\\\/rhone\\\/2021\\\/12\\\/22\\\/fin-daccompagnement-pour-fretly-3\\\/\",\"name\":\"3 ans plus tard, o\u00f9 en est COSMOZ ? - R\u00e9seau Entreprendre Rh\u00f4ne\",\"isPartOf\":{\"@id\":\"https:\\\/\\\/www.reseau-entreprendre.org\\\/rhone\\\/#website\"},\"primaryImageOfPage\":{\"@id\":\"https:\\\/\\\/www.reseau-entreprendre.org\\\/rhone\\\/2021\\\/12\\\/22\\\/fin-daccompagnement-pour-fretly-3\\\/#primaryimage\"},\"image\":{\"@id\":\"https:\\\/\\\/www.reseau-entreprendre.org\\\/rhone\\\/2021\\\/12\\\/22\\\/fin-daccompagnement-pour-fretly-3\\\/#primaryimage\"},\"thumbnailUrl\":\"https:\\\/\\\/www.reseau-entreprendre.org\\\/rhone\\\/wp-content\\\/uploads\\\/sites\\\/32\\\/2021\\\/12\\\/la-cloture-d-Louis-Brauer-de-Cosmoz-scaled.jpg\",\"datePublished\":\"2021-12-22T15:42:31+00:00\",\"dateModified\":\"2022-04-13T08:53:32+00:00\",\"description\":\"Laur\u00e9ats Reseau Entreprendre Rhone, Felicia GRUNER et J\u00e9r\u00e9my VILLEVIEILLE vous raconte leur parcours et la cr\u00e9ation de NATUCO.\",\"breadcrumb\":{\"@id\":\"https:\\\/\\\/www.reseau-entreprendre.org\\\/rhone\\\/2021\\\/12\\\/22\\\/fin-daccompagnement-pour-fretly-3\\\/#breadcrumb\"},\"inLanguage\":\"fr-FR\",\"potentialAction\":[{\"@type\":\"ReadAction\",\"target\":[\"https:\\\/\\\/www.reseau-entreprendre.org\\\/rhone\\\/2021\\\/12\\\/22\\\/fin-daccompagnement-pour-fretly-3\\\/\"]}]},{\"@type\":\"ImageObject\",\"inLanguage\":\"fr-FR\",\"@id\":\"https:\\\/\\\/www.reseau-entreprendre.org\\\/rhone\\\/2021\\\/12\\\/22\\\/fin-daccompagnement-pour-fretly-3\\\/#primaryimage\",\"url\":\"https:\\\/\\\/www.reseau-entreprendre.org\\\/rhone\\\/wp-content\\\/uploads\\\/sites\\\/32\\\/2021\\\/12\\\/la-cloture-d-Louis-Brauer-de-Cosmoz-scaled.jpg\",\"contentUrl\":\"https:\\\/\\\/www.reseau-entreprendre.org\\\/rhone\\\/wp-content\\\/uploads\\\/sites\\\/32\\\/2021\\\/12\\\/la-cloture-d-Louis-Brauer-de-Cosmoz-scaled.jpg\",\"width\":2560,\"height\":2381},{\"@type\":\"BreadcrumbList\",\"@id\":\"https:\\\/\\\/www.reseau-entreprendre.org\\\/rhone\\\/2021\\\/12\\\/22\\\/fin-daccompagnement-pour-fretly-3\\\/#breadcrumb\",\"itemListElement\":[{\"@type\":\"ListItem\",\"position\":1,\"name\":\"Accueil\",\"item\":\"https:\\\/\\\/www.reseau-entreprendre.org\\\/rhone\\\/\"},{\"@type\":\"ListItem\",\"position\":2,\"name\":\"3 ans plus tard, o\u00f9 en est COSMOZ ?\"}]},{\"@type\":\"WebSite\",\"@id\":\"https:\\\/\\\/www.reseau-entreprendre.org\\\/rhone\\\/#website\",\"url\":\"https:\\\/\\\/www.reseau-entreprendre.org\\\/rhone\\\/\",\"name\":\"R\u00e9seau Entreprendre Rh\u00f4ne\",\"description\":\"Un site utilisant Les sites de R\u00e9seau Entreprendre\",\"publisher\":{\"@id\":\"https:\\\/\\\/www.reseau-entreprendre.org\\\/rhone\\\/#organization\"},\"potentialAction\":[{\"@type\":\"SearchAction\",\"target\":{\"@type\":\"EntryPoint\",\"urlTemplate\":\"https:\\\/\\\/www.reseau-entreprendre.org\\\/rhone\\\/?s={search_term_string}\"},\"query-input\":{\"@type\":\"PropertyValueSpecification\",\"valueRequired\":true,\"valueName\":\"search_term_string\"}}],\"inLanguage\":\"fr-FR\"},{\"@type\":\"Organization\",\"@id\":\"https:\\\/\\\/www.reseau-entreprendre.org\\\/rhone\\\/#organization\",\"name\":\"R\u00e9seau Entreprendre Rh\u00f4ne\",\"url\":\"https:\\\/\\\/www.reseau-entreprendre.org\\\/rhone\\\/\",\"logo\":{\"@type\":\"ImageObject\",\"inLanguage\":\"fr-FR\",\"@id\":\"https:\\\/\\\/www.reseau-entreprendre.org\\\/rhone\\\/#\\\/schema\\\/logo\\\/image\\\/\",\"url\":\"https:\\\/\\\/www.reseau-entreprendre.org\\\/rhone\\\/wp-content\\\/uploads\\\/sites\\\/32\\\/2018\\\/11\\\/logo_horizontal_re_couleur_rhone-Copie.png\",\"contentUrl\":\"https:\\\/\\\/www.reseau-entreprendre.org\\\/rhone\\\/wp-content\\\/uploads\\\/sites\\\/32\\\/2018\\\/11\\\/logo_horizontal_re_couleur_rhone-Copie.png\",\"width\":1446,\"height\":376,\"caption\":\"R\u00e9seau Entreprendre Rh\u00f4ne\"},\"image\":{\"@id\":\"https:\\\/\\\/www.reseau-entreprendre.org\\\/rhone\\\/#\\\/schema\\\/logo\\\/image\\\/\"},\"sameAs\":[\"https:\\\/\\\/www.facebook.com\\\/R\u00e9seau-Entreprendre-Rh\u00f4ne-1929780440581177\\\/?ref=bookmarks\",\"https:\\\/\\\/www.linkedin.com\\\/in\\\/reseau-entreprendre-rhone\\\/\"]},{\"@type\":\"Person\",\"@id\":\"https:\\\/\\\/www.reseau-entreprendre.org\\\/rhone\\\/#\\\/schema\\\/person\\\/916bb726dec268f263d60147933931f9\",\"name\":\"rhone\",\"image\":{\"@type\":\"ImageObject\",\"inLanguage\":\"fr-FR\",\"@id\":\"https:\\\/\\\/secure.gravatar.com\\\/avatar\\\/055f1788681f23f75b29e2b66a44c04a6f4ab4840030e7c6ecab112d11b14a61?s=96&d=mm&r=g\",\"url\":\"https:\\\/\\\/secure.gravatar.com\\\/avatar\\\/055f1788681f23f75b29e2b66a44c04a6f4ab4840030e7c6ecab112d11b14a61?s=96&d=mm&r=g\",\"contentUrl\":\"https:\\\/\\\/secure.gravatar.com\\\/avatar\\\/055f1788681f23f75b29e2b66a44c04a6f4ab4840030e7c6ecab112d11b14a61?s=96&d=mm&r=g\",\"caption\":\"rhone\"}}]}<\/script>\n<!-- \/ Yoast SEO plugin. -->","yoast_head_json":{"title":"3 ans plus tard, o\u00f9 en est COSMOZ ? - R\u00e9seau Entreprendre Rh\u00f4ne","description":"Laur\u00e9ats Reseau Entreprendre Rhone, Felicia GRUNER et J\u00e9r\u00e9my VILLEVIEILLE vous raconte leur parcours et la cr\u00e9ation de NATUCO.","robots":{"index":"index","follow":"follow","max-snippet":"max-snippet:-1","max-image-preview":"max-image-preview:large","max-video-preview":"max-video-preview:-1"},"canonical":"https:\/\/www.reseau-entreprendre.org\/rhone\/2021\/12\/22\/fin-daccompagnement-pour-fretly-3\/","og_locale":"fr_FR","og_type":"article","og_title":"3 ans plus tard, o\u00f9 en est COSMOZ ? - R\u00e9seau Entreprendre Rh\u00f4ne","og_description":"Laur\u00e9ats Reseau Entreprendre Rhone, Felicia GRUNER et J\u00e9r\u00e9my VILLEVIEILLE vous raconte leur parcours et la cr\u00e9ation de NATUCO.","og_url":"https:\/\/www.reseau-entreprendre.org\/rhone\/2021\/12\/22\/fin-daccompagnement-pour-fretly-3\/","og_site_name":"R\u00e9seau Entreprendre Rh\u00f4ne","article_publisher":"https:\/\/www.facebook.com\/R%c3%a9seau-Entreprendre-Rh%c3%b4ne-1929780440581177\/?ref=bookmarks","article_published_time":"2021-12-22T15:42:31+00:00","article_modified_time":"2022-04-13T08:53:32+00:00","og_image":[{"width":2560,"height":2381,"url":"https:\/\/www.reseau-entreprendre.org\/rhone\/wp-content\/uploads\/sites\/32\/2021\/12\/la-cloture-d-Louis-Brauer-de-Cosmoz-scaled.jpg","type":"image\/jpeg"}],"author":"rhone","twitter_card":"summary_large_image","twitter_misc":{"\u00c9crit par":"rhone","Dur\u00e9e de lecture estim\u00e9e":"3 minutes"},"schema":{"@context":"https:\/\/schema.org","@graph":[{"@type":"Article","@id":"https:\/\/www.reseau-entreprendre.org\/rhone\/2021\/12\/22\/fin-daccompagnement-pour-fretly-3\/#article","isPartOf":{"@id":"https:\/\/www.reseau-entreprendre.org\/rhone\/2021\/12\/22\/fin-daccompagnement-pour-fretly-3\/"},"author":{"name":"rhone","@id":"https:\/\/www.reseau-entreprendre.org\/rhone\/#\/schema\/person\/916bb726dec268f263d60147933931f9"},"headline":"3 ans plus tard, o\u00f9 en est COSMOZ ?","datePublished":"2021-12-22T15:42:31+00:00","dateModified":"2022-04-13T08:53:32+00:00","mainEntityOfPage":{"@id":"https:\/\/www.reseau-entreprendre.org\/rhone\/2021\/12\/22\/fin-daccompagnement-pour-fretly-3\/"},"wordCount":328,"publisher":{"@id":"https:\/\/www.reseau-entreprendre.org\/rhone\/#organization"},"image":{"@id":"https:\/\/www.reseau-entreprendre.org\/rhone\/2021\/12\/22\/fin-daccompagnement-pour-fretly-3\/#primaryimage"},"thumbnailUrl":"https:\/\/www.reseau-entreprendre.org\/rhone\/wp-content\/uploads\/sites\/32\/2021\/12\/la-cloture-d-Louis-Brauer-de-Cosmoz-scaled.jpg","articleSection":["Actualit\u00e9s"],"inLanguage":"fr-FR"},{"@type":"WebPage","@id":"https:\/\/www.reseau-entreprendre.org\/rhone\/2021\/12\/22\/fin-daccompagnement-pour-fretly-3\/","url":"https:\/\/www.reseau-entreprendre.org\/rhone\/2021\/12\/22\/fin-daccompagnement-pour-fretly-3\/","name":"3 ans plus tard, o\u00f9 en est COSMOZ ? - R\u00e9seau Entreprendre Rh\u00f4ne","isPartOf":{"@id":"https:\/\/www.reseau-entreprendre.org\/rhone\/#website"},"primaryImageOfPage":{"@id":"https:\/\/www.reseau-entreprendre.org\/rhone\/2021\/12\/22\/fin-daccompagnement-pour-fretly-3\/#primaryimage"},"image":{"@id":"https:\/\/www.reseau-entreprendre.org\/rhone\/2021\/12\/22\/fin-daccompagnement-pour-fretly-3\/#primaryimage"},"thumbnailUrl":"https:\/\/www.reseau-entreprendre.org\/rhone\/wp-content\/uploads\/sites\/32\/2021\/12\/la-cloture-d-Louis-Brauer-de-Cosmoz-scaled.jpg","datePublished":"2021-12-22T15:42:31+00:00","dateModified":"2022-04-13T08:53:32+00:00","description":"Laur\u00e9ats Reseau Entreprendre Rhone, Felicia GRUNER et J\u00e9r\u00e9my VILLEVIEILLE vous raconte leur parcours et la cr\u00e9ation de NATUCO.","breadcrumb":{"@id":"https:\/\/www.reseau-entreprendre.org\/rhone\/2021\/12\/22\/fin-daccompagnement-pour-fretly-3\/#breadcrumb"},"inLanguage":"fr-FR","potentialAction":[{"@type":"ReadAction","target":["https:\/\/www.reseau-entreprendre.org\/rhone\/2021\/12\/22\/fin-daccompagnement-pour-fretly-3\/"]}]},{"@type":"ImageObject","inLanguage":"fr-FR","@id":"https:\/\/www.reseau-entreprendre.org\/rhone\/2021\/12\/22\/fin-daccompagnement-pour-fretly-3\/#primaryimage","url":"https:\/\/www.reseau-entreprendre.org\/rhone\/wp-content\/uploads\/sites\/32\/2021\/12\/la-cloture-d-Louis-Brauer-de-Cosmoz-scaled.jpg","contentUrl":"https:\/\/www.reseau-entreprendre.org\/rhone\/wp-content\/uploads\/sites\/32\/2021\/12\/la-cloture-d-Louis-Brauer-de-Cosmoz-scaled.jpg","width":2560,"height":2381},{"@type":"BreadcrumbList","@id":"https:\/\/www.reseau-entreprendre.org\/rhone\/2021\/12\/22\/fin-daccompagnement-pour-fretly-3\/#breadcrumb","itemListElement":[{"@type":"ListItem","position":1,"name":"Accueil","item":"https:\/\/www.reseau-entreprendre.org\/rhone\/"},{"@type":"ListItem","position":2,"name":"3 ans plus tard, o\u00f9 en est COSMOZ ?"}]},{"@type":"WebSite","@id":"https:\/\/www.reseau-entreprendre.org\/rhone\/#website","url":"https:\/\/www.reseau-entreprendre.org\/rhone\/","name":"R\u00e9seau Entreprendre Rh\u00f4ne","description":"Un site utilisant Les sites de R\u00e9seau Entreprendre","publisher":{"@id":"https:\/\/www.reseau-entreprendre.org\/rhone\/#organization"},"potentialAction":[{"@type":"SearchAction","target":{"@type":"EntryPoint","urlTemplate":"https:\/\/www.reseau-entreprendre.org\/rhone\/?s={search_term_string}"},"query-input":{"@type":"PropertyValueSpecification","valueRequired":true,"valueName":"search_term_string"}}],"inLanguage":"fr-FR"},{"@type":"Organization","@id":"https:\/\/www.reseau-entreprendre.org\/rhone\/#organization","name":"R\u00e9seau Entreprendre Rh\u00f4ne","url":"https:\/\/www.reseau-entreprendre.org\/rhone\/","logo":{"@type":"ImageObject","inLanguage":"fr-FR","@id":"https:\/\/www.reseau-entreprendre.org\/rhone\/#\/schema\/logo\/image\/","url":"https:\/\/www.reseau-entreprendre.org\/rhone\/wp-content\/uploads\/sites\/32\/2018\/11\/logo_horizontal_re_couleur_rhone-Copie.png","contentUrl":"https:\/\/www.reseau-entreprendre.org\/rhone\/wp-content\/uploads\/sites\/32\/2018\/11\/logo_horizontal_re_couleur_rhone-Copie.png","width":1446,"height":376,"caption":"R\u00e9seau Entreprendre Rh\u00f4ne"},"image":{"@id":"https:\/\/www.reseau-entreprendre.org\/rhone\/#\/schema\/logo\/image\/"},"sameAs":["https:\/\/www.facebook.com\/R\u00e9seau-Entreprendre-Rh\u00f4ne-1929780440581177\/?ref=bookmarks","https:\/\/www.linkedin.com\/in\/reseau-entreprendre-rhone\/"]},{"@type":"Person","@id":"https:\/\/www.reseau-entreprendre.org\/rhone\/#\/schema\/person\/916bb726dec268f263d60147933931f9","name":"rhone","image":{"@type":"ImageObject","inLanguage":"fr-FR","@id":"https:\/\/secure.gravatar.com\/avatar\/055f1788681f23f75b29e2b66a44c04a6f4ab4840030e7c6ecab112d11b14a61?s=96&d=mm&r=g","url":"https:\/\/secure.gravatar.com\/avatar\/055f1788681f23f75b29e2b66a44c04a6f4ab4840030e7c6ecab112d11b14a61?s=96&d=mm&r=g","contentUrl":"https:\/\/secure.gravatar.com\/avatar\/055f1788681f23f75b29e2b66a44c04a6f4ab4840030e7c6ecab112d11b14a61?s=96&d=mm&r=g","caption":"rhone"}}]}},"_links":{"self":[{"href":"https:\/\/www.reseau-entreprendre.org\/rhone\/wp-json\/wp\/v2\/posts\/5094","targetHints":{"allow":["GET"]}}],"collection":[{"href":"https:\/\/www.reseau-entreprendre.org\/rhone\/wp-json\/wp\/v2\/posts"}],"about":[{"href":"https:\/\/www.reseau-entreprendre.org\/rhone\/wp-json\/wp\/v2\/types\/post"}],"author":[{"embeddable":true,"href":"https:\/\/www.reseau-entreprendre.org\/rhone\/wp-json\/wp\/v2\/users\/33"}],"replies":[{"embeddable":true,"href":"https:\/\/www.reseau-entreprendre.org\/rhone\/wp-json\/wp\/v2\/comments?post=5094"}],"version-history":[{"count":0,"href":"https:\/\/www.reseau-entreprendre.org\/rhone\/wp-json\/wp\/v2\/posts\/5094\/revisions"}],"wp:featuredmedia":[{"embeddable":true,"href":"https:\/\/www.reseau-entreprendre.org\/rhone\/wp-json\/wp\/v2\/media\/5095"}],"wp:attachment":[{"href":"https:\/\/www.reseau-entreprendre.org\/rhone\/wp-json\/wp\/v2\/media?parent=5094"}],"wp:term":[{"taxonomy":"category","embeddable":true,"href":"https:\/\/www.reseau-entreprendre.org\/rhone\/wp-json\/wp\/v2\/categories?post=5094"},{"taxonomy":"post_tag","embeddable":true,"href":"https:\/\/www.reseau-entreprendre.org\/rhone\/wp-json\/wp\/v2\/tags?post=5094"}],"curies":[{"name":"wp","href":"https:\/\/api.w.org\/{rel}","templated":true}]}}