{"id":8842,"date":"2025-10-20T15:29:37","date_gmt":"2025-10-20T13:29:37","guid":{"rendered":"https:\/\/www.reseau-entreprendre.org\/rhone\/?p=8842"},"modified":"2025-10-20T15:29:39","modified_gmt":"2025-10-20T13:29:39","slug":"pierre-francois-candidat-du-booster-camp-2024","status":"publish","type":"post","link":"https:\/\/www.reseau-entreprendre.org\/rhone\/2025\/10\/20\/pierre-francois-candidat-du-booster-camp-2024\/","title":{"rendered":"Pierre Fran\u00e7ois de Catan\u00e9o, candidat du BoosterCamp 2024"},"content":{"rendered":"\n<div class=\"wp-block-columns is-layout-flex wp-container-core-columns-is-layout-9d6595d7 wp-block-columns-is-layout-flex\">\n<div class=\"wp-block-column has-background is-layout-flow wp-block-column-is-layout-flow\" style=\"background-color:#ffffff\"><div class=\"wp-block-image is-style-rounded\">\n<figure class=\"aligncenter size-full is-resized\"><img loading=\"lazy\" decoding=\"async\" width=\"385\" height=\"386\" src=\"https:\/\/www.reseau-entreprendre.org\/rhone\/wp-content\/uploads\/sites\/32\/2025\/10\/Pierre-Francois-Cataneo.png\" alt=\"\" class=\"wp-image-8848\" style=\"aspect-ratio:1;object-fit:cover;width:373px;height:auto\" srcset=\"https:\/\/www.reseau-entreprendre.org\/rhone\/wp-content\/uploads\/sites\/32\/2025\/10\/Pierre-Francois-Cataneo.png 385w, https:\/\/www.reseau-entreprendre.org\/rhone\/wp-content\/uploads\/sites\/32\/2025\/10\/Pierre-Francois-Cataneo-300x300.png 300w, https:\/\/www.reseau-entreprendre.org\/rhone\/wp-content\/uploads\/sites\/32\/2025\/10\/Pierre-Francois-Cataneo-150x150.png 150w, https:\/\/www.reseau-entreprendre.org\/rhone\/wp-content\/uploads\/sites\/32\/2025\/10\/Pierre-Francois-Cataneo-130x130.png 130w, https:\/\/www.reseau-entreprendre.org\/rhone\/wp-content\/uploads\/sites\/32\/2025\/10\/Pierre-Francois-Cataneo-100x100.png 100w\" sizes=\"auto, (max-width: 385px) 100vw, 385px\" \/><\/figure>\n<\/div><\/div>\n\n\n\n<div class=\"wp-block-column is-layout-flow wp-block-column-is-layout-flow\">\n<div style=\"height:30px\" aria-hidden=\"true\" class=\"wp-block-spacer\"><\/div>\n\n\n\n<figure class=\"wp-block-gallery has-nested-images columns-default wp-block-gallery-1 is-layout-flex wp-block-gallery-is-layout-flex\">\n<figure class=\"wp-block-image size-medium\"><img loading=\"lazy\" decoding=\"async\" width=\"300\" height=\"229\" data-id=\"8852\" src=\"https:\/\/www.reseau-entreprendre.org\/rhone\/wp-content\/uploads\/sites\/32\/2025\/10\/LOGO-300x229.png\" alt=\"\" class=\"wp-image-8852\" srcset=\"https:\/\/www.reseau-entreprendre.org\/rhone\/wp-content\/uploads\/sites\/32\/2025\/10\/LOGO-300x229.png 300w, https:\/\/www.reseau-entreprendre.org\/rhone\/wp-content\/uploads\/sites\/32\/2025\/10\/LOGO-768x587.png 768w, https:\/\/www.reseau-entreprendre.org\/rhone\/wp-content\/uploads\/sites\/32\/2025\/10\/LOGO-170x130.png 170w, https:\/\/www.reseau-entreprendre.org\/rhone\/wp-content\/uploads\/sites\/32\/2025\/10\/LOGO-100x76.png 100w, https:\/\/www.reseau-entreprendre.org\/rhone\/wp-content\/uploads\/sites\/32\/2025\/10\/LOGO.png 1024w\" sizes=\"auto, (max-width: 300px) 100vw, 300px\" \/><\/figure>\n<\/figure>\n\n\n\n<div style=\"height:54px\" aria-hidden=\"true\" class=\"wp-block-spacer\"><\/div>\n<\/div>\n<\/div>\n\n\n\n<blockquote class=\"wp-block-quote is-layout-flow wp-block-quote-is-layout-flow\">\n<figure class=\"wp-block-pullquote has-text-color has-background has-link-color wp-elements-03d505af32e4bc90917c084ff4ada828\" style=\"color:#f6f4f4;background-color:#1d3e06\"><blockquote><p><strong>Catan\u00e9o est un acc\u00e9l\u00e9rateur immobilier cr\u00e9\u00e9 en 2017 qui internalise 4 m\u00e9tiers : investissement, r\u00e9novation, gestion et vente.<\/strong><\/p><\/blockquote><\/figure>\n<\/blockquote>\n\n\n\n<div style=\"height:22px\" aria-hidden=\"true\" class=\"wp-block-spacer\"><\/div>\n\n\n\n<div class=\"wp-block-columns is-layout-flex wp-container-core-columns-is-layout-9d6595d7 wp-block-columns-is-layout-flex\">\n<div class=\"wp-block-column is-layout-flow wp-block-column-is-layout-flow\">\n<h3 class=\"wp-block-heading has-text-align-left has-text-color\" id=\"pourquoi-te-faire-accompagner-par-le-reseau\" style=\"color:#1d3e06\"><em><strong>Pierre Fran\u00e7ois de <a href=\"https:\/\/cataneo-investissement-immobilier.fr\/\">Catan\u00e9o<\/a> &#8211; &#8220;Avec le R\u00e9seau Entreprendre Rh\u00f4ne, on ne se sent jamais seul pour avancer&#8221;<\/strong><\/em><\/h3>\n\n\n\n<div style=\"height:18px\" aria-hidden=\"true\" class=\"wp-block-spacer\"><\/div>\n\n\n\n<p class=\"has-text-align-left has-medium-font-size\">Co-fondateur de Catan\u00e9o, Pierre Fran\u00e7ois de Catan\u00e9o fait partie de ces dirigeants anim\u00e9s par une vision claire : construire durablement, humainement, et avec sens. Apr\u00e8s avoir particip\u00e9 au Booster Camp 2024, il a choisi de rejoindre le R\u00e9seau Entreprendre Rh\u00f4ne pour poursuivre son d\u00e9veloppement dans la dur\u00e9e \u2014 et ne plus avancer seul.<\/p>\n<\/div>\n<\/div>\n\n\n\n<h3 class=\"wp-block-heading has-text-align-left has-text-color has-link-color wp-elements-2706cc36ff45da6490ebf46756358755\" style=\"color:#1d3e06\"><strong>Catan\u00e9o, un acc\u00e9l\u00e9rateur immobilier au service de projets sur mesure<\/strong><\/h3>\n\n\n\n<div style=\"height:22px\" aria-hidden=\"true\" class=\"wp-block-spacer\"><\/div>\n\n\n\n<p class=\"has-medium-font-size\">Cr\u00e9\u00e9e en 2017, <strong>Catan\u00e9o<\/strong> est un <strong>acc\u00e9l\u00e9rateur immobilier<\/strong> qui internalise quatre m\u00e9tiers : <strong>investissement, r\u00e9novation, gestion et vente<\/strong>. L&#8217;entreprise accompagne ses clients dans la r\u00e9alisation de projets immobiliers, avec une approche cl\u00e9 en main ou \u00e0 la carte, selon les besoins. <\/p>\n\n\n\n<p class=\"has-medium-font-size\">En pleine croissance, Catan\u00e9o compte aujourd\u2019hui <strong>41 collaborateurs<\/strong> pour un <strong>chiffre d\u2019affaires de 5 M\u20ac<\/strong>, contre 30 salari\u00e9s et 3,5 M\u20ac un an plus t\u00f4t.<\/p>\n\n\n\n<div style=\"height:22px\" aria-hidden=\"true\" class=\"wp-block-spacer\"><\/div>\n\n\n\n<h3 class=\"wp-block-heading has-text-align-left has-text-color has-link-color wp-elements-0059febe20d511ec8c8f1458fa4af718\" style=\"color:#1d3e06\"><strong><em>&#8220;L&#8217;accompagnement m&#8217;a permis de passer d&#8217;une logique d&#8217;op\u00e9rationnel \u00e0 une logique de vision&#8221;<\/em><\/strong><\/h3>\n\n\n\n<div style=\"height:22px\" aria-hidden=\"true\" class=\"wp-block-spacer\"><\/div>\n\n\n\n<p class=\"has-medium-font-size\">Apr\u00e8s avoir v\u00e9cu l&#8217;intensit\u00e9 du Booster Camp, Pierre Fran\u00e7ois a souhait\u00e9 poursuivre l&#8217;aventure au sein du R\u00e9seau Entreprendre Rh\u00f4ne.<\/p>\n\n\n\n<p class=\"has-medium-font-size\">Ce qui l\u2019a convaincu ? La qualit\u00e9 des \u00e9changes et la sinc\u00e9rit\u00e9 des dirigeants qu\u2019il y a rencontr\u00e9s.<\/p>\n\n\n\n<figure class=\"wp-block-pullquote\"><blockquote><p>\u201cLes membres ont une vraie envie de partager. On sent une bienveillance sinc\u00e8re, mais aussi une exigence positive. Ils m\u2019ont aid\u00e9 \u00e0 prendre du recul et \u00e0 structurer un plan strat\u00e9gique clair pour accompagner notre croissance sur les cinq prochaines ann\u00e9es.\u201d<\/p><\/blockquote><\/figure>\n\n\n\n<p class=\"has-medium-font-size\">Accompagn\u00e9 par un trin\u00f4me de chefs d\u2019entreprise b\u00e9n\u00e9voles (<a href=\"https:\/\/www.linkedin.com\/in\/agn%C3%A8s-sarrazin-millet-3015954a\/?lipi=urn%3Ali%3Apage%3Ad_flagship3_people%3BCCxjydBARRa8cNz7WEEV2A%3D%3D\">Agn\u00e8s Sarrazin Millet<\/a> et <a href=\"https:\/\/www.linkedin.com\/in\/louis-bonduelle\/\">Louis Bonduelle<\/a> et <a href=\"https:\/\/www.linkedin.com\/in\/cl%C3%A9ment-filleux-pommerol-891297105\/\">Cl\u00e9ment Filleux-Pommerol<\/a>), il b\u00e9n\u00e9ficie d\u2019un regard ext\u00e9rieur r\u00e9gulier pour nourrir sa r\u00e9flexion, ajuster ses d\u00e9cisions et consolider la vision de Catan\u00e9o \u00e0 long terme.<\/p>\n\n\n\n<div style=\"height:22px\" aria-hidden=\"true\" class=\"wp-block-spacer\"><\/div>\n\n\n\n<h3 class=\"wp-block-heading has-text-align-left has-text-color has-link-color wp-elements-17c7682e0612dbd543d8debaefda23ab\" style=\"color:#1d3e06\"><strong><em>&#8220;Le R\u00e9seau, c&#8217;est une aventure humaine avant tout&#8221;<\/em><\/strong><\/h3>\n\n\n\n<figure class=\"wp-block-pullquote\"><blockquote><p>\u201cCe que j&#8217;aime dans le R\u00e9seau Entreprendre, c&#8217;est cette logique de partage entre pairs. On avance ensemble, on s&#8217;inspire mutuellement, et on se rappelle pourquoi on a choisi d&#8217;entreprendre. Cet accompagnement, c&#8217;est une bouff\u00e9e d&#8217;air dans le quotidien d&#8217;un dirigeant.\u201d<\/p><\/blockquote><\/figure>\n\n\n\n<p class=\"has-medium-font-size\">Fort de cette dynamique collective, Pierre Fran\u00e7ois envisage d\u00e9sormais l\u2019avenir avec confiance. Son objectif : faire de Catan\u00e9o l\u2019acteur de r\u00e9f\u00e9rence de l\u2019immobilier lyonnais d\u2019ici 2030, en continuant \u00e0 conjuguer performance et valeurs humaines.<\/p>\n\n\n\n<div style=\"height:57px\" aria-hidden=\"true\" class=\"wp-block-spacer\"><\/div>\n\n\n\n<div class=\"wp-block-cover aligncenter is-light\" style=\"min-height:116px;aspect-ratio:unset;\"><img loading=\"lazy\" decoding=\"async\" width=\"1117\" height=\"625\" class=\"wp-block-cover__image-background wp-image-4682\" alt=\"\" src=\"https:\/\/www.reseau-entreprendre.org\/rhone\/wp-content\/uploads\/sites\/32\/2021\/12\/Capture.png\" style=\"object-position:47% 34%\" data-object-fit=\"cover\" data-object-position=\"47% 34%\" srcset=\"https:\/\/www.reseau-entreprendre.org\/rhone\/wp-content\/uploads\/sites\/32\/2021\/12\/Capture.png 1117w, https:\/\/www.reseau-entreprendre.org\/rhone\/wp-content\/uploads\/sites\/32\/2021\/12\/Capture-300x168.png 300w, https:\/\/www.reseau-entreprendre.org\/rhone\/wp-content\/uploads\/sites\/32\/2021\/12\/Capture-1024x573.png 1024w, https:\/\/www.reseau-entreprendre.org\/rhone\/wp-content\/uploads\/sites\/32\/2021\/12\/Capture-768x430.png 768w, https:\/\/www.reseau-entreprendre.org\/rhone\/wp-content\/uploads\/sites\/32\/2021\/12\/Capture-210x118.png 210w\" sizes=\"auto, (max-width: 1117px) 100vw, 1117px\" \/><span aria-hidden=\"true\" class=\"wp-block-cover__background has-background-dim\"><\/span><div class=\"wp-block-cover__inner-container is-layout-flow wp-block-cover-is-layout-flow\">\n<p class=\"has-text-align-center has-text-color has-medium-font-size\" style=\"color:#ffffff\">Vous aussi vous vous souhaitez <strong>\u00eatre accompagn\u00e9<\/strong> ? D\u00e9couvrez nos <strong>diff\u00e9rents parcours<\/strong> d&#8217;accompagnement !<\/p>\n<\/div><\/div>\n\n\n\n<div class=\"wp-block-buttons is-horizontal is-content-justification-center is-layout-flex wp-container-core-buttons-is-layout-499968f5 wp-block-buttons-is-layout-flex\">\n<div class=\"wp-block-button\"><a class=\"wp-block-button__link has-background has-medium-font-size has-custom-font-size wp-element-button\" href=\"https:\/\/www.reseau-entreprendre.org\/rhone\/entreprendre\/\" style=\"border-radius:50px;background-color:#131c40\"><strong>NOS PARCOURS<\/strong><\/a><\/div>\n<\/div>\n","protected":false},"excerpt":{"rendered":"<p>Catan\u00e9o est un acc\u00e9l\u00e9rateur immobilier cr\u00e9\u00e9 en 2017 qui internalise<\/p>\n","protected":false},"author":33,"featured_media":8844,"comment_status":"closed","ping_status":"closed","sticky":false,"template":"","format":"standard","meta":{"_acf_changed":false,"_monsterinsights_skip_tracking":false,"_monsterinsights_sitenote_active":false,"_monsterinsights_sitenote_note":"","_monsterinsights_sitenote_category":0,"footnotes":""},"categories":[4],"tags":[40,23,24],"class_list":["post-8842","post","type-post","status-publish","format-standard","has-post-thumbnail","hentry","category-actualites","tag-booster-camp","tag-entrepreneuriat","tag-reseau","news"],"acf":[],"yoast_head":"<!-- This site is optimized with the Yoast SEO plugin v27.4 - https:\/\/yoast.com\/product\/yoast-seo-wordpress\/ -->\n<title>Pierre Fran\u00e7ois de Catan\u00e9o, candidat du BoosterCamp 2024 - R\u00e9seau Entreprendre Rh\u00f4ne<\/title>\n<meta name=\"description\" content=\"Apr\u00e8s sa participation au BoosterCamp, Pierre Fran\u00e7ois a choisi de rejoindre le R\u00e9seau pour poursuivre son d\u00e9veloppement dans la dur\u00e9e.\" \/>\n<meta name=\"robots\" content=\"index, follow, max-snippet:-1, max-image-preview:large, max-video-preview:-1\" \/>\n<link rel=\"canonical\" href=\"https:\/\/www.reseau-entreprendre.org\/rhone\/2025\/10\/20\/pierre-francois-candidat-du-booster-camp-2024\/\" \/>\n<meta property=\"og:locale\" content=\"fr_FR\" \/>\n<meta property=\"og:type\" content=\"article\" \/>\n<meta property=\"og:title\" content=\"Pierre Fran\u00e7ois de Catan\u00e9o, candidat du BoosterCamp 2024 - R\u00e9seau Entreprendre Rh\u00f4ne\" \/>\n<meta property=\"og:description\" content=\"Apr\u00e8s sa participation au BoosterCamp, Pierre Fran\u00e7ois a choisi de rejoindre le R\u00e9seau pour poursuivre son d\u00e9veloppement dans la dur\u00e9e.\" \/>\n<meta property=\"og:url\" content=\"https:\/\/www.reseau-entreprendre.org\/rhone\/2025\/10\/20\/pierre-francois-candidat-du-booster-camp-2024\/\" \/>\n<meta property=\"og:site_name\" content=\"R\u00e9seau Entreprendre Rh\u00f4ne\" \/>\n<meta property=\"article:publisher\" content=\"https:\/\/www.facebook.com\/R%c3%a9seau-Entreprendre-Rh%c3%b4ne-1929780440581177\/?ref=bookmarks\" \/>\n<meta property=\"article:published_time\" content=\"2025-10-20T13:29:37+00:00\" \/>\n<meta property=\"article:modified_time\" content=\"2025-10-20T13:29:39+00:00\" \/>\n<meta property=\"og:image\" content=\"https:\/\/www.reseau-entreprendre.org\/rhone\/wp-content\/uploads\/sites\/32\/2025\/10\/Temoignage-Pierre-Cataneo-BoosterCamp-4.png\" \/>\n\t<meta property=\"og:image:width\" content=\"1200\" \/>\n\t<meta property=\"og:image:height\" content=\"1200\" \/>\n\t<meta property=\"og:image:type\" content=\"image\/png\" \/>\n<meta name=\"author\" content=\"rhone\" \/>\n<meta name=\"twitter:card\" content=\"summary_large_image\" \/>\n<meta name=\"twitter:label1\" content=\"\u00c9crit par\" \/>\n\t<meta name=\"twitter:data1\" content=\"rhone\" \/>\n\t<meta name=\"twitter:label2\" content=\"Dur\u00e9e de lecture estim\u00e9e\" \/>\n\t<meta name=\"twitter:data2\" content=\"3 minutes\" \/>\n<script type=\"application\/ld+json\" class=\"yoast-schema-graph\">{\"@context\":\"https:\\\/\\\/schema.org\",\"@graph\":[{\"@type\":\"Article\",\"@id\":\"https:\\\/\\\/www.reseau-entreprendre.org\\\/rhone\\\/2025\\\/10\\\/20\\\/pierre-francois-candidat-du-booster-camp-2024\\\/#article\",\"isPartOf\":{\"@id\":\"https:\\\/\\\/www.reseau-entreprendre.org\\\/rhone\\\/2025\\\/10\\\/20\\\/pierre-francois-candidat-du-booster-camp-2024\\\/\"},\"author\":{\"name\":\"rhone\",\"@id\":\"https:\\\/\\\/www.reseau-entreprendre.org\\\/rhone\\\/#\\\/schema\\\/person\\\/916bb726dec268f263d60147933931f9\"},\"headline\":\"Pierre Fran\u00e7ois de Catan\u00e9o, candidat du BoosterCamp 2024\",\"datePublished\":\"2025-10-20T13:29:37+00:00\",\"dateModified\":\"2025-10-20T13:29:39+00:00\",\"mainEntityOfPage\":{\"@id\":\"https:\\\/\\\/www.reseau-entreprendre.org\\\/rhone\\\/2025\\\/10\\\/20\\\/pierre-francois-candidat-du-booster-camp-2024\\\/\"},\"wordCount\":470,\"publisher\":{\"@id\":\"https:\\\/\\\/www.reseau-entreprendre.org\\\/rhone\\\/#organization\"},\"image\":{\"@id\":\"https:\\\/\\\/www.reseau-entreprendre.org\\\/rhone\\\/2025\\\/10\\\/20\\\/pierre-francois-candidat-du-booster-camp-2024\\\/#primaryimage\"},\"thumbnailUrl\":\"https:\\\/\\\/www.reseau-entreprendre.org\\\/rhone\\\/wp-content\\\/uploads\\\/sites\\\/32\\\/2025\\\/10\\\/Temoignage-Pierre-Cataneo-BoosterCamp-4.png\",\"keywords\":[\"Booster Camp\",\"entrepreneuriat\",\"r\u00e9seau\"],\"articleSection\":[\"Actualit\u00e9s\"],\"inLanguage\":\"fr-FR\"},{\"@type\":\"WebPage\",\"@id\":\"https:\\\/\\\/www.reseau-entreprendre.org\\\/rhone\\\/2025\\\/10\\\/20\\\/pierre-francois-candidat-du-booster-camp-2024\\\/\",\"url\":\"https:\\\/\\\/www.reseau-entreprendre.org\\\/rhone\\\/2025\\\/10\\\/20\\\/pierre-francois-candidat-du-booster-camp-2024\\\/\",\"name\":\"Pierre Fran\u00e7ois de Catan\u00e9o, candidat du BoosterCamp 2024 - R\u00e9seau Entreprendre Rh\u00f4ne\",\"isPartOf\":{\"@id\":\"https:\\\/\\\/www.reseau-entreprendre.org\\\/rhone\\\/#website\"},\"primaryImageOfPage\":{\"@id\":\"https:\\\/\\\/www.reseau-entreprendre.org\\\/rhone\\\/2025\\\/10\\\/20\\\/pierre-francois-candidat-du-booster-camp-2024\\\/#primaryimage\"},\"image\":{\"@id\":\"https:\\\/\\\/www.reseau-entreprendre.org\\\/rhone\\\/2025\\\/10\\\/20\\\/pierre-francois-candidat-du-booster-camp-2024\\\/#primaryimage\"},\"thumbnailUrl\":\"https:\\\/\\\/www.reseau-entreprendre.org\\\/rhone\\\/wp-content\\\/uploads\\\/sites\\\/32\\\/2025\\\/10\\\/Temoignage-Pierre-Cataneo-BoosterCamp-4.png\",\"datePublished\":\"2025-10-20T13:29:37+00:00\",\"dateModified\":\"2025-10-20T13:29:39+00:00\",\"description\":\"Apr\u00e8s sa participation au BoosterCamp, Pierre Fran\u00e7ois a choisi de rejoindre le R\u00e9seau pour poursuivre son d\u00e9veloppement dans la dur\u00e9e.\",\"breadcrumb\":{\"@id\":\"https:\\\/\\\/www.reseau-entreprendre.org\\\/rhone\\\/2025\\\/10\\\/20\\\/pierre-francois-candidat-du-booster-camp-2024\\\/#breadcrumb\"},\"inLanguage\":\"fr-FR\",\"potentialAction\":[{\"@type\":\"ReadAction\",\"target\":[\"https:\\\/\\\/www.reseau-entreprendre.org\\\/rhone\\\/2025\\\/10\\\/20\\\/pierre-francois-candidat-du-booster-camp-2024\\\/\"]}]},{\"@type\":\"ImageObject\",\"inLanguage\":\"fr-FR\",\"@id\":\"https:\\\/\\\/www.reseau-entreprendre.org\\\/rhone\\\/2025\\\/10\\\/20\\\/pierre-francois-candidat-du-booster-camp-2024\\\/#primaryimage\",\"url\":\"https:\\\/\\\/www.reseau-entreprendre.org\\\/rhone\\\/wp-content\\\/uploads\\\/sites\\\/32\\\/2025\\\/10\\\/Temoignage-Pierre-Cataneo-BoosterCamp-4.png\",\"contentUrl\":\"https:\\\/\\\/www.reseau-entreprendre.org\\\/rhone\\\/wp-content\\\/uploads\\\/sites\\\/32\\\/2025\\\/10\\\/Temoignage-Pierre-Cataneo-BoosterCamp-4.png\",\"width\":1200,\"height\":1200},{\"@type\":\"BreadcrumbList\",\"@id\":\"https:\\\/\\\/www.reseau-entreprendre.org\\\/rhone\\\/2025\\\/10\\\/20\\\/pierre-francois-candidat-du-booster-camp-2024\\\/#breadcrumb\",\"itemListElement\":[{\"@type\":\"ListItem\",\"position\":1,\"name\":\"Accueil\",\"item\":\"https:\\\/\\\/www.reseau-entreprendre.org\\\/rhone\\\/\"},{\"@type\":\"ListItem\",\"position\":2,\"name\":\"Pierre Fran\u00e7ois de Catan\u00e9o, candidat du BoosterCamp 2024\"}]},{\"@type\":\"WebSite\",\"@id\":\"https:\\\/\\\/www.reseau-entreprendre.org\\\/rhone\\\/#website\",\"url\":\"https:\\\/\\\/www.reseau-entreprendre.org\\\/rhone\\\/\",\"name\":\"R\u00e9seau Entreprendre Rh\u00f4ne\",\"description\":\"Un site utilisant Les sites de R\u00e9seau Entreprendre\",\"publisher\":{\"@id\":\"https:\\\/\\\/www.reseau-entreprendre.org\\\/rhone\\\/#organization\"},\"potentialAction\":[{\"@type\":\"SearchAction\",\"target\":{\"@type\":\"EntryPoint\",\"urlTemplate\":\"https:\\\/\\\/www.reseau-entreprendre.org\\\/rhone\\\/?s={search_term_string}\"},\"query-input\":{\"@type\":\"PropertyValueSpecification\",\"valueRequired\":true,\"valueName\":\"search_term_string\"}}],\"inLanguage\":\"fr-FR\"},{\"@type\":\"Organization\",\"@id\":\"https:\\\/\\\/www.reseau-entreprendre.org\\\/rhone\\\/#organization\",\"name\":\"R\u00e9seau Entreprendre Rh\u00f4ne\",\"url\":\"https:\\\/\\\/www.reseau-entreprendre.org\\\/rhone\\\/\",\"logo\":{\"@type\":\"ImageObject\",\"inLanguage\":\"fr-FR\",\"@id\":\"https:\\\/\\\/www.reseau-entreprendre.org\\\/rhone\\\/#\\\/schema\\\/logo\\\/image\\\/\",\"url\":\"https:\\\/\\\/www.reseau-entreprendre.org\\\/rhone\\\/wp-content\\\/uploads\\\/sites\\\/32\\\/2018\\\/11\\\/logo_horizontal_re_couleur_rhone-Copie.png\",\"contentUrl\":\"https:\\\/\\\/www.reseau-entreprendre.org\\\/rhone\\\/wp-content\\\/uploads\\\/sites\\\/32\\\/2018\\\/11\\\/logo_horizontal_re_couleur_rhone-Copie.png\",\"width\":1446,\"height\":376,\"caption\":\"R\u00e9seau Entreprendre Rh\u00f4ne\"},\"image\":{\"@id\":\"https:\\\/\\\/www.reseau-entreprendre.org\\\/rhone\\\/#\\\/schema\\\/logo\\\/image\\\/\"},\"sameAs\":[\"https:\\\/\\\/www.facebook.com\\\/R\u00e9seau-Entreprendre-Rh\u00f4ne-1929780440581177\\\/?ref=bookmarks\",\"https:\\\/\\\/www.linkedin.com\\\/in\\\/reseau-entreprendre-rhone\\\/\"]},{\"@type\":\"Person\",\"@id\":\"https:\\\/\\\/www.reseau-entreprendre.org\\\/rhone\\\/#\\\/schema\\\/person\\\/916bb726dec268f263d60147933931f9\",\"name\":\"rhone\",\"image\":{\"@type\":\"ImageObject\",\"inLanguage\":\"fr-FR\",\"@id\":\"https:\\\/\\\/secure.gravatar.com\\\/avatar\\\/055f1788681f23f75b29e2b66a44c04a6f4ab4840030e7c6ecab112d11b14a61?s=96&d=mm&r=g\",\"url\":\"https:\\\/\\\/secure.gravatar.com\\\/avatar\\\/055f1788681f23f75b29e2b66a44c04a6f4ab4840030e7c6ecab112d11b14a61?s=96&d=mm&r=g\",\"contentUrl\":\"https:\\\/\\\/secure.gravatar.com\\\/avatar\\\/055f1788681f23f75b29e2b66a44c04a6f4ab4840030e7c6ecab112d11b14a61?s=96&d=mm&r=g\",\"caption\":\"rhone\"}}]}<\/script>\n<!-- \/ Yoast SEO plugin. -->","yoast_head_json":{"title":"Pierre Fran\u00e7ois de Catan\u00e9o, candidat du BoosterCamp 2024 - R\u00e9seau Entreprendre Rh\u00f4ne","description":"Apr\u00e8s sa participation au BoosterCamp, Pierre Fran\u00e7ois a choisi de rejoindre le R\u00e9seau pour poursuivre son d\u00e9veloppement dans la dur\u00e9e.","robots":{"index":"index","follow":"follow","max-snippet":"max-snippet:-1","max-image-preview":"max-image-preview:large","max-video-preview":"max-video-preview:-1"},"canonical":"https:\/\/www.reseau-entreprendre.org\/rhone\/2025\/10\/20\/pierre-francois-candidat-du-booster-camp-2024\/","og_locale":"fr_FR","og_type":"article","og_title":"Pierre Fran\u00e7ois de Catan\u00e9o, candidat du BoosterCamp 2024 - R\u00e9seau Entreprendre Rh\u00f4ne","og_description":"Apr\u00e8s sa participation au BoosterCamp, Pierre Fran\u00e7ois a choisi de rejoindre le R\u00e9seau pour poursuivre son d\u00e9veloppement dans la dur\u00e9e.","og_url":"https:\/\/www.reseau-entreprendre.org\/rhone\/2025\/10\/20\/pierre-francois-candidat-du-booster-camp-2024\/","og_site_name":"R\u00e9seau Entreprendre Rh\u00f4ne","article_publisher":"https:\/\/www.facebook.com\/R%c3%a9seau-Entreprendre-Rh%c3%b4ne-1929780440581177\/?ref=bookmarks","article_published_time":"2025-10-20T13:29:37+00:00","article_modified_time":"2025-10-20T13:29:39+00:00","og_image":[{"width":1200,"height":1200,"url":"https:\/\/www.reseau-entreprendre.org\/rhone\/wp-content\/uploads\/sites\/32\/2025\/10\/Temoignage-Pierre-Cataneo-BoosterCamp-4.png","type":"image\/png"}],"author":"rhone","twitter_card":"summary_large_image","twitter_misc":{"\u00c9crit par":"rhone","Dur\u00e9e de lecture estim\u00e9e":"3 minutes"},"schema":{"@context":"https:\/\/schema.org","@graph":[{"@type":"Article","@id":"https:\/\/www.reseau-entreprendre.org\/rhone\/2025\/10\/20\/pierre-francois-candidat-du-booster-camp-2024\/#article","isPartOf":{"@id":"https:\/\/www.reseau-entreprendre.org\/rhone\/2025\/10\/20\/pierre-francois-candidat-du-booster-camp-2024\/"},"author":{"name":"rhone","@id":"https:\/\/www.reseau-entreprendre.org\/rhone\/#\/schema\/person\/916bb726dec268f263d60147933931f9"},"headline":"Pierre Fran\u00e7ois de Catan\u00e9o, candidat du BoosterCamp 2024","datePublished":"2025-10-20T13:29:37+00:00","dateModified":"2025-10-20T13:29:39+00:00","mainEntityOfPage":{"@id":"https:\/\/www.reseau-entreprendre.org\/rhone\/2025\/10\/20\/pierre-francois-candidat-du-booster-camp-2024\/"},"wordCount":470,"publisher":{"@id":"https:\/\/www.reseau-entreprendre.org\/rhone\/#organization"},"image":{"@id":"https:\/\/www.reseau-entreprendre.org\/rhone\/2025\/10\/20\/pierre-francois-candidat-du-booster-camp-2024\/#primaryimage"},"thumbnailUrl":"https:\/\/www.reseau-entreprendre.org\/rhone\/wp-content\/uploads\/sites\/32\/2025\/10\/Temoignage-Pierre-Cataneo-BoosterCamp-4.png","keywords":["Booster Camp","entrepreneuriat","r\u00e9seau"],"articleSection":["Actualit\u00e9s"],"inLanguage":"fr-FR"},{"@type":"WebPage","@id":"https:\/\/www.reseau-entreprendre.org\/rhone\/2025\/10\/20\/pierre-francois-candidat-du-booster-camp-2024\/","url":"https:\/\/www.reseau-entreprendre.org\/rhone\/2025\/10\/20\/pierre-francois-candidat-du-booster-camp-2024\/","name":"Pierre Fran\u00e7ois de Catan\u00e9o, candidat du BoosterCamp 2024 - R\u00e9seau Entreprendre Rh\u00f4ne","isPartOf":{"@id":"https:\/\/www.reseau-entreprendre.org\/rhone\/#website"},"primaryImageOfPage":{"@id":"https:\/\/www.reseau-entreprendre.org\/rhone\/2025\/10\/20\/pierre-francois-candidat-du-booster-camp-2024\/#primaryimage"},"image":{"@id":"https:\/\/www.reseau-entreprendre.org\/rhone\/2025\/10\/20\/pierre-francois-candidat-du-booster-camp-2024\/#primaryimage"},"thumbnailUrl":"https:\/\/www.reseau-entreprendre.org\/rhone\/wp-content\/uploads\/sites\/32\/2025\/10\/Temoignage-Pierre-Cataneo-BoosterCamp-4.png","datePublished":"2025-10-20T13:29:37+00:00","dateModified":"2025-10-20T13:29:39+00:00","description":"Apr\u00e8s sa participation au BoosterCamp, Pierre Fran\u00e7ois a choisi de rejoindre le R\u00e9seau pour poursuivre son d\u00e9veloppement dans la dur\u00e9e.","breadcrumb":{"@id":"https:\/\/www.reseau-entreprendre.org\/rhone\/2025\/10\/20\/pierre-francois-candidat-du-booster-camp-2024\/#breadcrumb"},"inLanguage":"fr-FR","potentialAction":[{"@type":"ReadAction","target":["https:\/\/www.reseau-entreprendre.org\/rhone\/2025\/10\/20\/pierre-francois-candidat-du-booster-camp-2024\/"]}]},{"@type":"ImageObject","inLanguage":"fr-FR","@id":"https:\/\/www.reseau-entreprendre.org\/rhone\/2025\/10\/20\/pierre-francois-candidat-du-booster-camp-2024\/#primaryimage","url":"https:\/\/www.reseau-entreprendre.org\/rhone\/wp-content\/uploads\/sites\/32\/2025\/10\/Temoignage-Pierre-Cataneo-BoosterCamp-4.png","contentUrl":"https:\/\/www.reseau-entreprendre.org\/rhone\/wp-content\/uploads\/sites\/32\/2025\/10\/Temoignage-Pierre-Cataneo-BoosterCamp-4.png","width":1200,"height":1200},{"@type":"BreadcrumbList","@id":"https:\/\/www.reseau-entreprendre.org\/rhone\/2025\/10\/20\/pierre-francois-candidat-du-booster-camp-2024\/#breadcrumb","itemListElement":[{"@type":"ListItem","position":1,"name":"Accueil","item":"https:\/\/www.reseau-entreprendre.org\/rhone\/"},{"@type":"ListItem","position":2,"name":"Pierre Fran\u00e7ois de Catan\u00e9o, candidat du BoosterCamp 2024"}]},{"@type":"WebSite","@id":"https:\/\/www.reseau-entreprendre.org\/rhone\/#website","url":"https:\/\/www.reseau-entreprendre.org\/rhone\/","name":"R\u00e9seau Entreprendre Rh\u00f4ne","description":"Un site utilisant Les sites de R\u00e9seau Entreprendre","publisher":{"@id":"https:\/\/www.reseau-entreprendre.org\/rhone\/#organization"},"potentialAction":[{"@type":"SearchAction","target":{"@type":"EntryPoint","urlTemplate":"https:\/\/www.reseau-entreprendre.org\/rhone\/?s={search_term_string}"},"query-input":{"@type":"PropertyValueSpecification","valueRequired":true,"valueName":"search_term_string"}}],"inLanguage":"fr-FR"},{"@type":"Organization","@id":"https:\/\/www.reseau-entreprendre.org\/rhone\/#organization","name":"R\u00e9seau Entreprendre Rh\u00f4ne","url":"https:\/\/www.reseau-entreprendre.org\/rhone\/","logo":{"@type":"ImageObject","inLanguage":"fr-FR","@id":"https:\/\/www.reseau-entreprendre.org\/rhone\/#\/schema\/logo\/image\/","url":"https:\/\/www.reseau-entreprendre.org\/rhone\/wp-content\/uploads\/sites\/32\/2018\/11\/logo_horizontal_re_couleur_rhone-Copie.png","contentUrl":"https:\/\/www.reseau-entreprendre.org\/rhone\/wp-content\/uploads\/sites\/32\/2018\/11\/logo_horizontal_re_couleur_rhone-Copie.png","width":1446,"height":376,"caption":"R\u00e9seau Entreprendre Rh\u00f4ne"},"image":{"@id":"https:\/\/www.reseau-entreprendre.org\/rhone\/#\/schema\/logo\/image\/"},"sameAs":["https:\/\/www.facebook.com\/R\u00e9seau-Entreprendre-Rh\u00f4ne-1929780440581177\/?ref=bookmarks","https:\/\/www.linkedin.com\/in\/reseau-entreprendre-rhone\/"]},{"@type":"Person","@id":"https:\/\/www.reseau-entreprendre.org\/rhone\/#\/schema\/person\/916bb726dec268f263d60147933931f9","name":"rhone","image":{"@type":"ImageObject","inLanguage":"fr-FR","@id":"https:\/\/secure.gravatar.com\/avatar\/055f1788681f23f75b29e2b66a44c04a6f4ab4840030e7c6ecab112d11b14a61?s=96&d=mm&r=g","url":"https:\/\/secure.gravatar.com\/avatar\/055f1788681f23f75b29e2b66a44c04a6f4ab4840030e7c6ecab112d11b14a61?s=96&d=mm&r=g","contentUrl":"https:\/\/secure.gravatar.com\/avatar\/055f1788681f23f75b29e2b66a44c04a6f4ab4840030e7c6ecab112d11b14a61?s=96&d=mm&r=g","caption":"rhone"}}]}},"_links":{"self":[{"href":"https:\/\/www.reseau-entreprendre.org\/rhone\/wp-json\/wp\/v2\/posts\/8842","targetHints":{"allow":["GET"]}}],"collection":[{"href":"https:\/\/www.reseau-entreprendre.org\/rhone\/wp-json\/wp\/v2\/posts"}],"about":[{"href":"https:\/\/www.reseau-entreprendre.org\/rhone\/wp-json\/wp\/v2\/types\/post"}],"author":[{"embeddable":true,"href":"https:\/\/www.reseau-entreprendre.org\/rhone\/wp-json\/wp\/v2\/users\/33"}],"replies":[{"embeddable":true,"href":"https:\/\/www.reseau-entreprendre.org\/rhone\/wp-json\/wp\/v2\/comments?post=8842"}],"version-history":[{"count":0,"href":"https:\/\/www.reseau-entreprendre.org\/rhone\/wp-json\/wp\/v2\/posts\/8842\/revisions"}],"wp:featuredmedia":[{"embeddable":true,"href":"https:\/\/www.reseau-entreprendre.org\/rhone\/wp-json\/wp\/v2\/media\/8844"}],"wp:attachment":[{"href":"https:\/\/www.reseau-entreprendre.org\/rhone\/wp-json\/wp\/v2\/media?parent=8842"}],"wp:term":[{"taxonomy":"category","embeddable":true,"href":"https:\/\/www.reseau-entreprendre.org\/rhone\/wp-json\/wp\/v2\/categories?post=8842"},{"taxonomy":"post_tag","embeddable":true,"href":"https:\/\/www.reseau-entreprendre.org\/rhone\/wp-json\/wp\/v2\/tags?post=8842"}],"curies":[{"name":"wp","href":"https:\/\/api.w.org\/{rel}","templated":true}]}}