{"id":81,"date":"2017-05-16T13:07:29","date_gmt":"2017-05-16T11:07:29","guid":{"rendered":"https:\/\/www.reseau-entreprendre.org\/savoie\/?p=81"},"modified":"2022-04-12T15:00:10","modified_gmt":"2022-04-12T13:00:10","slug":"actu-5-bretagne","status":"publish","type":"post","link":"https:\/\/www.reseau-entreprendre.org\/savoie\/2017\/05\/16\/actu-5-bretagne\/","title":{"rendered":"Finist\u00e8re : L&#8217;entreprise CARENECOLO dirig\u00e9e par GAETAN FOUQUET"},"content":{"rendered":"<p>45000 euros de Pr\u00eat d&#8217;Honneur remis \u00e0 Gaetan Fouquet dans le cadre du Pr\u00eat d&#8217;Honneur.<\/p>\n<p>Nathalie Bellion de la soci\u00e9t\u00e9 Opportunit.biz accompagnera pendant 2 an le nouveau chef d&#8217;entreprise.<\/p>\n<p>La soci\u00e9t\u00e9 Carenecolo d\u00e9veloppe un syst\u00e8me mobile de car\u00e9nage de bateaux de plaisance. Cr\u00e9e \u00e0 Briec par Gaetan Fouquet, Carenecolo innove en permettant une mise en \u0153uvre facile et rapide de stations de car\u00e9nage.<\/p>\n<p>Ceci permet de respecter les normes environnementales li\u00e9es \u00e0 l&#8217;eau et \u00e0 son traitement.<\/p>\n","protected":false},"excerpt":{"rendered":"<p>45000 euros de Pr\u00eat d&#8217;Honneur remis \u00e0 Gaetan Fouquet dans<\/p>\n","protected":false},"author":1,"featured_media":131,"comment_status":"closed","ping_status":"open","sticky":false,"template":"","format":"standard","meta":{"_acf_changed":false,"_monsterinsights_skip_tracking":false,"_monsterinsights_sitenote_active":false,"_monsterinsights_sitenote_note":"","_monsterinsights_sitenote_category":0,"footnotes":""},"categories":[4],"tags":[],"class_list":["post-81","post","type-post","status-publish","format-standard","has-post-thumbnail","hentry","category-actualites","news"],"acf":[],"yoast_head":"<!-- This site is optimized with the Yoast SEO plugin v27.4 - https:\/\/yoast.com\/product\/yoast-seo-wordpress\/ -->\n<title>Finist\u00e8re : L&#039;entreprise CARENECOLO dirig\u00e9e par GAETAN FOUQUET - R\u00e9seau Entreprendre Savoie<\/title>\n<meta name=\"robots\" content=\"index, follow, max-snippet:-1, max-image-preview:large, max-video-preview:-1\" \/>\n<link rel=\"canonical\" href=\"https:\/\/www.reseau-entreprendre.org\/savoie\/2017\/05\/16\/actu-5-bretagne\/\" \/>\n<meta property=\"og:locale\" content=\"fr_FR\" \/>\n<meta property=\"og:type\" content=\"article\" \/>\n<meta property=\"og:title\" content=\"Finist\u00e8re : L&#039;entreprise CARENECOLO dirig\u00e9e par GAETAN FOUQUET - R\u00e9seau Entreprendre Savoie\" \/>\n<meta property=\"og:description\" content=\"45000 euros de Pr\u00eat d&#8217;Honneur remis \u00e0 Gaetan Fouquet dans\" \/>\n<meta property=\"og:url\" content=\"https:\/\/www.reseau-entreprendre.org\/savoie\/2017\/05\/16\/actu-5-bretagne\/\" \/>\n<meta property=\"og:site_name\" content=\"R\u00e9seau Entreprendre Savoie\" \/>\n<meta property=\"article:published_time\" content=\"2017-05-16T11:07:29+00:00\" \/>\n<meta property=\"article:modified_time\" content=\"2022-04-12T13:00:10+00:00\" \/>\n<meta property=\"og:image\" content=\"https:\/\/www.reseau-entreprendre.org\/savoie\/wp-content\/uploads\/sites\/64\/2017\/05\/CARENECOLO-.jpg\" \/>\n\t<meta property=\"og:image:width\" content=\"370\" \/>\n\t<meta property=\"og:image:height\" content=\"250\" \/>\n\t<meta property=\"og:image:type\" content=\"image\/jpeg\" \/>\n<meta name=\"twitter:card\" content=\"summary_large_image\" \/>\n<meta name=\"twitter:label1\" content=\"\u00c9crit par\" \/>\n\t<meta name=\"twitter:data1\" content=\"\" \/>\n<script type=\"application\/ld+json\" class=\"yoast-schema-graph\">{\"@context\":\"https:\\\/\\\/schema.org\",\"@graph\":[{\"@type\":\"Article\",\"@id\":\"https:\\\/\\\/www.reseau-entreprendre.org\\\/savoie\\\/2017\\\/05\\\/16\\\/actu-5-bretagne\\\/#article\",\"isPartOf\":{\"@id\":\"https:\\\/\\\/www.reseau-entreprendre.org\\\/savoie\\\/2017\\\/05\\\/16\\\/actu-5-bretagne\\\/\"},\"author\":{\"name\":\"\",\"@id\":\"\"},\"headline\":\"Finist\u00e8re : L&#8217;entreprise CARENECOLO dirig\u00e9e par GAETAN FOUQUET\",\"datePublished\":\"2017-05-16T11:07:29+00:00\",\"dateModified\":\"2022-04-12T13:00:10+00:00\",\"mainEntityOfPage\":{\"@id\":\"https:\\\/\\\/www.reseau-entreprendre.org\\\/savoie\\\/2017\\\/05\\\/16\\\/actu-5-bretagne\\\/\"},\"wordCount\":96,\"image\":{\"@id\":\"https:\\\/\\\/www.reseau-entreprendre.org\\\/savoie\\\/2017\\\/05\\\/16\\\/actu-5-bretagne\\\/#primaryimage\"},\"thumbnailUrl\":\"https:\\\/\\\/www.reseau-entreprendre.org\\\/savoie\\\/wp-content\\\/uploads\\\/sites\\\/64\\\/2017\\\/05\\\/CARENECOLO-.jpg\",\"articleSection\":[\"Actualit\u00e9s\"],\"inLanguage\":\"fr-FR\"},{\"@type\":\"WebPage\",\"@id\":\"https:\\\/\\\/www.reseau-entreprendre.org\\\/savoie\\\/2017\\\/05\\\/16\\\/actu-5-bretagne\\\/\",\"url\":\"https:\\\/\\\/www.reseau-entreprendre.org\\\/savoie\\\/2017\\\/05\\\/16\\\/actu-5-bretagne\\\/\",\"name\":\"Finist\u00e8re : L'entreprise CARENECOLO dirig\u00e9e par GAETAN FOUQUET - R\u00e9seau Entreprendre Savoie\",\"isPartOf\":{\"@id\":\"https:\\\/\\\/www.reseau-entreprendre.org\\\/savoie\\\/#website\"},\"primaryImageOfPage\":{\"@id\":\"https:\\\/\\\/www.reseau-entreprendre.org\\\/savoie\\\/2017\\\/05\\\/16\\\/actu-5-bretagne\\\/#primaryimage\"},\"image\":{\"@id\":\"https:\\\/\\\/www.reseau-entreprendre.org\\\/savoie\\\/2017\\\/05\\\/16\\\/actu-5-bretagne\\\/#primaryimage\"},\"thumbnailUrl\":\"https:\\\/\\\/www.reseau-entreprendre.org\\\/savoie\\\/wp-content\\\/uploads\\\/sites\\\/64\\\/2017\\\/05\\\/CARENECOLO-.jpg\",\"datePublished\":\"2017-05-16T11:07:29+00:00\",\"dateModified\":\"2022-04-12T13:00:10+00:00\",\"author\":{\"@id\":\"\"},\"breadcrumb\":{\"@id\":\"https:\\\/\\\/www.reseau-entreprendre.org\\\/savoie\\\/2017\\\/05\\\/16\\\/actu-5-bretagne\\\/#breadcrumb\"},\"inLanguage\":\"fr-FR\",\"potentialAction\":[{\"@type\":\"ReadAction\",\"target\":[\"https:\\\/\\\/www.reseau-entreprendre.org\\\/savoie\\\/2017\\\/05\\\/16\\\/actu-5-bretagne\\\/\"]}]},{\"@type\":\"ImageObject\",\"inLanguage\":\"fr-FR\",\"@id\":\"https:\\\/\\\/www.reseau-entreprendre.org\\\/savoie\\\/2017\\\/05\\\/16\\\/actu-5-bretagne\\\/#primaryimage\",\"url\":\"https:\\\/\\\/www.reseau-entreprendre.org\\\/savoie\\\/wp-content\\\/uploads\\\/sites\\\/64\\\/2017\\\/05\\\/CARENECOLO-.jpg\",\"contentUrl\":\"https:\\\/\\\/www.reseau-entreprendre.org\\\/savoie\\\/wp-content\\\/uploads\\\/sites\\\/64\\\/2017\\\/05\\\/CARENECOLO-.jpg\",\"width\":370,\"height\":250,\"caption\":\"CARENECOLO\"},{\"@type\":\"BreadcrumbList\",\"@id\":\"https:\\\/\\\/www.reseau-entreprendre.org\\\/savoie\\\/2017\\\/05\\\/16\\\/actu-5-bretagne\\\/#breadcrumb\",\"itemListElement\":[{\"@type\":\"ListItem\",\"position\":1,\"name\":\"Accueil\",\"item\":\"https:\\\/\\\/www.reseau-entreprendre.org\\\/savoie\\\/\"},{\"@type\":\"ListItem\",\"position\":2,\"name\":\"Finist\u00e8re : L&rsquo;entreprise CARENECOLO dirig\u00e9e par GAETAN FOUQUET\"}]},{\"@type\":\"WebSite\",\"@id\":\"https:\\\/\\\/www.reseau-entreprendre.org\\\/savoie\\\/#website\",\"url\":\"https:\\\/\\\/www.reseau-entreprendre.org\\\/savoie\\\/\",\"name\":\"R\u00e9seau Entreprendre Savoie\",\"description\":\"Pour cr\u00e9er des emplois, cr\u00e9ons des employeurs !\",\"potentialAction\":[{\"@type\":\"SearchAction\",\"target\":{\"@type\":\"EntryPoint\",\"urlTemplate\":\"https:\\\/\\\/www.reseau-entreprendre.org\\\/savoie\\\/?s={search_term_string}\"},\"query-input\":{\"@type\":\"PropertyValueSpecification\",\"valueRequired\":true,\"valueName\":\"search_term_string\"}}],\"inLanguage\":\"fr-FR\"},{\"@type\":\"Person\",\"@id\":\"\",\"url\":\"https:\\\/\\\/www.reseau-entreprendre.org\\\/savoie\\\/author\\\/\"}]}<\/script>\n<!-- \/ Yoast SEO plugin. -->","yoast_head_json":{"title":"Finist\u00e8re : L'entreprise CARENECOLO dirig\u00e9e par GAETAN FOUQUET - R\u00e9seau Entreprendre Savoie","robots":{"index":"index","follow":"follow","max-snippet":"max-snippet:-1","max-image-preview":"max-image-preview:large","max-video-preview":"max-video-preview:-1"},"canonical":"https:\/\/www.reseau-entreprendre.org\/savoie\/2017\/05\/16\/actu-5-bretagne\/","og_locale":"fr_FR","og_type":"article","og_title":"Finist\u00e8re : L'entreprise CARENECOLO dirig\u00e9e par GAETAN FOUQUET - R\u00e9seau Entreprendre Savoie","og_description":"45000 euros de Pr\u00eat d&#8217;Honneur remis \u00e0 Gaetan Fouquet dans","og_url":"https:\/\/www.reseau-entreprendre.org\/savoie\/2017\/05\/16\/actu-5-bretagne\/","og_site_name":"R\u00e9seau Entreprendre Savoie","article_published_time":"2017-05-16T11:07:29+00:00","article_modified_time":"2022-04-12T13:00:10+00:00","og_image":[{"width":370,"height":250,"url":"https:\/\/www.reseau-entreprendre.org\/savoie\/wp-content\/uploads\/sites\/64\/2017\/05\/CARENECOLO-.jpg","type":"image\/jpeg"}],"twitter_card":"summary_large_image","twitter_misc":{"\u00c9crit par":""},"schema":{"@context":"https:\/\/schema.org","@graph":[{"@type":"Article","@id":"https:\/\/www.reseau-entreprendre.org\/savoie\/2017\/05\/16\/actu-5-bretagne\/#article","isPartOf":{"@id":"https:\/\/www.reseau-entreprendre.org\/savoie\/2017\/05\/16\/actu-5-bretagne\/"},"author":{"name":"","@id":""},"headline":"Finist\u00e8re : L&#8217;entreprise CARENECOLO dirig\u00e9e par GAETAN FOUQUET","datePublished":"2017-05-16T11:07:29+00:00","dateModified":"2022-04-12T13:00:10+00:00","mainEntityOfPage":{"@id":"https:\/\/www.reseau-entreprendre.org\/savoie\/2017\/05\/16\/actu-5-bretagne\/"},"wordCount":96,"image":{"@id":"https:\/\/www.reseau-entreprendre.org\/savoie\/2017\/05\/16\/actu-5-bretagne\/#primaryimage"},"thumbnailUrl":"https:\/\/www.reseau-entreprendre.org\/savoie\/wp-content\/uploads\/sites\/64\/2017\/05\/CARENECOLO-.jpg","articleSection":["Actualit\u00e9s"],"inLanguage":"fr-FR"},{"@type":"WebPage","@id":"https:\/\/www.reseau-entreprendre.org\/savoie\/2017\/05\/16\/actu-5-bretagne\/","url":"https:\/\/www.reseau-entreprendre.org\/savoie\/2017\/05\/16\/actu-5-bretagne\/","name":"Finist\u00e8re : L'entreprise CARENECOLO dirig\u00e9e par GAETAN FOUQUET - R\u00e9seau Entreprendre Savoie","isPartOf":{"@id":"https:\/\/www.reseau-entreprendre.org\/savoie\/#website"},"primaryImageOfPage":{"@id":"https:\/\/www.reseau-entreprendre.org\/savoie\/2017\/05\/16\/actu-5-bretagne\/#primaryimage"},"image":{"@id":"https:\/\/www.reseau-entreprendre.org\/savoie\/2017\/05\/16\/actu-5-bretagne\/#primaryimage"},"thumbnailUrl":"https:\/\/www.reseau-entreprendre.org\/savoie\/wp-content\/uploads\/sites\/64\/2017\/05\/CARENECOLO-.jpg","datePublished":"2017-05-16T11:07:29+00:00","dateModified":"2022-04-12T13:00:10+00:00","author":{"@id":""},"breadcrumb":{"@id":"https:\/\/www.reseau-entreprendre.org\/savoie\/2017\/05\/16\/actu-5-bretagne\/#breadcrumb"},"inLanguage":"fr-FR","potentialAction":[{"@type":"ReadAction","target":["https:\/\/www.reseau-entreprendre.org\/savoie\/2017\/05\/16\/actu-5-bretagne\/"]}]},{"@type":"ImageObject","inLanguage":"fr-FR","@id":"https:\/\/www.reseau-entreprendre.org\/savoie\/2017\/05\/16\/actu-5-bretagne\/#primaryimage","url":"https:\/\/www.reseau-entreprendre.org\/savoie\/wp-content\/uploads\/sites\/64\/2017\/05\/CARENECOLO-.jpg","contentUrl":"https:\/\/www.reseau-entreprendre.org\/savoie\/wp-content\/uploads\/sites\/64\/2017\/05\/CARENECOLO-.jpg","width":370,"height":250,"caption":"CARENECOLO"},{"@type":"BreadcrumbList","@id":"https:\/\/www.reseau-entreprendre.org\/savoie\/2017\/05\/16\/actu-5-bretagne\/#breadcrumb","itemListElement":[{"@type":"ListItem","position":1,"name":"Accueil","item":"https:\/\/www.reseau-entreprendre.org\/savoie\/"},{"@type":"ListItem","position":2,"name":"Finist\u00e8re : L&rsquo;entreprise CARENECOLO dirig\u00e9e par GAETAN FOUQUET"}]},{"@type":"WebSite","@id":"https:\/\/www.reseau-entreprendre.org\/savoie\/#website","url":"https:\/\/www.reseau-entreprendre.org\/savoie\/","name":"R\u00e9seau Entreprendre Savoie","description":"Pour cr\u00e9er des emplois, cr\u00e9ons des employeurs !","potentialAction":[{"@type":"SearchAction","target":{"@type":"EntryPoint","urlTemplate":"https:\/\/www.reseau-entreprendre.org\/savoie\/?s={search_term_string}"},"query-input":{"@type":"PropertyValueSpecification","valueRequired":true,"valueName":"search_term_string"}}],"inLanguage":"fr-FR"},{"@type":"Person","@id":"","url":"https:\/\/www.reseau-entreprendre.org\/savoie\/author\/"}]}},"_links":{"self":[{"href":"https:\/\/www.reseau-entreprendre.org\/savoie\/wp-json\/wp\/v2\/posts\/81","targetHints":{"allow":["GET"]}}],"collection":[{"href":"https:\/\/www.reseau-entreprendre.org\/savoie\/wp-json\/wp\/v2\/posts"}],"about":[{"href":"https:\/\/www.reseau-entreprendre.org\/savoie\/wp-json\/wp\/v2\/types\/post"}],"author":[{"embeddable":true,"href":"https:\/\/www.reseau-entreprendre.org\/savoie\/wp-json\/wp\/v2\/users\/1"}],"replies":[{"embeddable":true,"href":"https:\/\/www.reseau-entreprendre.org\/savoie\/wp-json\/wp\/v2\/comments?post=81"}],"version-history":[{"count":0,"href":"https:\/\/www.reseau-entreprendre.org\/savoie\/wp-json\/wp\/v2\/posts\/81\/revisions"}],"wp:featuredmedia":[{"embeddable":true,"href":"https:\/\/www.reseau-entreprendre.org\/savoie\/wp-json\/wp\/v2\/media\/131"}],"wp:attachment":[{"href":"https:\/\/www.reseau-entreprendre.org\/savoie\/wp-json\/wp\/v2\/media?parent=81"}],"wp:term":[{"taxonomy":"category","embeddable":true,"href":"https:\/\/www.reseau-entreprendre.org\/savoie\/wp-json\/wp\/v2\/categories?post=81"},{"taxonomy":"post_tag","embeddable":true,"href":"https:\/\/www.reseau-entreprendre.org\/savoie\/wp-json\/wp\/v2\/tags?post=81"}],"curies":[{"name":"wp","href":"https:\/\/api.w.org\/{rel}","templated":true}]}}