{"id":83,"date":"2017-05-22T13:09:51","date_gmt":"2017-05-22T11:09:51","guid":{"rendered":"https:\/\/www.reseau-entreprendre.org\/savoie\/?p=83"},"modified":"2022-04-12T15:00:10","modified_gmt":"2022-04-12T13:00:10","slug":"actu-6-bretagne","status":"publish","type":"post","link":"https:\/\/www.reseau-entreprendre.org\/savoie\/2017\/05\/22\/actu-6-bretagne\/","title":{"rendered":"Finist\u00e8re : conviviale mai 2017"},"content":{"rendered":"<div class=\"zoneTexte\">\n<p>Sur plus d&#8217;1 hectare et demi, Arnaud exploite une serre chauff\u00e9e assurant la production de tomates cerises, tomates grappes notamment. Cette visite anim\u00e9e avec brio, nous a fait comprendre les m\u00e9canismes de cet \u00e9cosyst\u00e8me et les contraintes li\u00e9es \u00e0 cette production exigeante.<\/p>\n<p>Ainsi des innovations mise en \u0153uvre par la coop\u00e9rative pour assurer le contr\u00f4le des parasites et la pollinisation par des bourdons.<\/p>\n<p>Au terme de la pr\u00e9sentation nous avons eu le plaisir de partager un ap\u00e9ritif mis en place sur le site et je remer\u00e7ie vivement Eliane et Arnaud pour ce chaleureux acceuil.<\/p>\n<p>Prochain RDV le 13 juin pour l a visite de la soci\u00e9t\u00e9 NOVATECH \u00e0 Pont de Buis.<\/p>\n<\/div>\n","protected":false},"excerpt":{"rendered":"<p>Sur plus d&#8217;1 hectare et demi, Arnaud exploite une serre<\/p>\n","protected":false},"author":1,"featured_media":132,"comment_status":"closed","ping_status":"open","sticky":false,"template":"","format":"standard","meta":{"_acf_changed":false,"_monsterinsights_skip_tracking":false,"_monsterinsights_sitenote_active":false,"_monsterinsights_sitenote_note":"","_monsterinsights_sitenote_category":0,"footnotes":""},"categories":[4],"tags":[],"class_list":["post-83","post","type-post","status-publish","format-standard","has-post-thumbnail","hentry","category-actualites","news"],"acf":[],"yoast_head":"<!-- This site is optimized with the Yoast SEO plugin v27.4 - https:\/\/yoast.com\/product\/yoast-seo-wordpress\/ -->\n<title>Finist\u00e8re : conviviale mai 2017 - R\u00e9seau Entreprendre Savoie<\/title>\n<meta name=\"robots\" content=\"index, follow, max-snippet:-1, max-image-preview:large, max-video-preview:-1\" \/>\n<link rel=\"canonical\" href=\"https:\/\/www.reseau-entreprendre.org\/savoie\/2017\/05\/22\/actu-6-bretagne\/\" \/>\n<meta property=\"og:locale\" content=\"fr_FR\" \/>\n<meta property=\"og:type\" content=\"article\" \/>\n<meta property=\"og:title\" content=\"Finist\u00e8re : conviviale mai 2017 - R\u00e9seau Entreprendre Savoie\" \/>\n<meta property=\"og:description\" content=\"Sur plus d&#8217;1 hectare et demi, Arnaud exploite une serre\" \/>\n<meta property=\"og:url\" content=\"https:\/\/www.reseau-entreprendre.org\/savoie\/2017\/05\/22\/actu-6-bretagne\/\" \/>\n<meta property=\"og:site_name\" content=\"R\u00e9seau Entreprendre Savoie\" \/>\n<meta property=\"article:published_time\" content=\"2017-05-22T11:09:51+00:00\" \/>\n<meta property=\"article:modified_time\" content=\"2022-04-12T13:00:10+00:00\" \/>\n<meta property=\"og:image\" content=\"https:\/\/www.reseau-entreprendre.org\/savoie\/wp-content\/uploads\/sites\/64\/2017\/05\/conviviale-mai.jpg\" \/>\n\t<meta property=\"og:image:width\" content=\"370\" \/>\n\t<meta property=\"og:image:height\" content=\"250\" \/>\n\t<meta property=\"og:image:type\" content=\"image\/jpeg\" \/>\n<meta name=\"twitter:card\" content=\"summary_large_image\" \/>\n<meta name=\"twitter:label1\" content=\"\u00c9crit par\" \/>\n\t<meta name=\"twitter:data1\" content=\"\" \/>\n\t<meta name=\"twitter:label2\" content=\"Dur\u00e9e de lecture estim\u00e9e\" \/>\n\t<meta name=\"twitter:data2\" content=\"1 minute\" \/>\n<script type=\"application\/ld+json\" class=\"yoast-schema-graph\">{\"@context\":\"https:\\\/\\\/schema.org\",\"@graph\":[{\"@type\":\"Article\",\"@id\":\"https:\\\/\\\/www.reseau-entreprendre.org\\\/savoie\\\/2017\\\/05\\\/22\\\/actu-6-bretagne\\\/#article\",\"isPartOf\":{\"@id\":\"https:\\\/\\\/www.reseau-entreprendre.org\\\/savoie\\\/2017\\\/05\\\/22\\\/actu-6-bretagne\\\/\"},\"author\":{\"name\":\"\",\"@id\":\"\"},\"headline\":\"Finist\u00e8re : conviviale mai 2017\",\"datePublished\":\"2017-05-22T11:09:51+00:00\",\"dateModified\":\"2022-04-12T13:00:10+00:00\",\"mainEntityOfPage\":{\"@id\":\"https:\\\/\\\/www.reseau-entreprendre.org\\\/savoie\\\/2017\\\/05\\\/22\\\/actu-6-bretagne\\\/\"},\"wordCount\":123,\"image\":{\"@id\":\"https:\\\/\\\/www.reseau-entreprendre.org\\\/savoie\\\/2017\\\/05\\\/22\\\/actu-6-bretagne\\\/#primaryimage\"},\"thumbnailUrl\":\"https:\\\/\\\/www.reseau-entreprendre.org\\\/savoie\\\/wp-content\\\/uploads\\\/sites\\\/64\\\/2017\\\/05\\\/conviviale-mai.jpg\",\"articleSection\":[\"Actualit\u00e9s\"],\"inLanguage\":\"fr-FR\"},{\"@type\":\"WebPage\",\"@id\":\"https:\\\/\\\/www.reseau-entreprendre.org\\\/savoie\\\/2017\\\/05\\\/22\\\/actu-6-bretagne\\\/\",\"url\":\"https:\\\/\\\/www.reseau-entreprendre.org\\\/savoie\\\/2017\\\/05\\\/22\\\/actu-6-bretagne\\\/\",\"name\":\"Finist\u00e8re : conviviale mai 2017 - R\u00e9seau Entreprendre Savoie\",\"isPartOf\":{\"@id\":\"https:\\\/\\\/www.reseau-entreprendre.org\\\/savoie\\\/#website\"},\"primaryImageOfPage\":{\"@id\":\"https:\\\/\\\/www.reseau-entreprendre.org\\\/savoie\\\/2017\\\/05\\\/22\\\/actu-6-bretagne\\\/#primaryimage\"},\"image\":{\"@id\":\"https:\\\/\\\/www.reseau-entreprendre.org\\\/savoie\\\/2017\\\/05\\\/22\\\/actu-6-bretagne\\\/#primaryimage\"},\"thumbnailUrl\":\"https:\\\/\\\/www.reseau-entreprendre.org\\\/savoie\\\/wp-content\\\/uploads\\\/sites\\\/64\\\/2017\\\/05\\\/conviviale-mai.jpg\",\"datePublished\":\"2017-05-22T11:09:51+00:00\",\"dateModified\":\"2022-04-12T13:00:10+00:00\",\"author\":{\"@id\":\"\"},\"breadcrumb\":{\"@id\":\"https:\\\/\\\/www.reseau-entreprendre.org\\\/savoie\\\/2017\\\/05\\\/22\\\/actu-6-bretagne\\\/#breadcrumb\"},\"inLanguage\":\"fr-FR\",\"potentialAction\":[{\"@type\":\"ReadAction\",\"target\":[\"https:\\\/\\\/www.reseau-entreprendre.org\\\/savoie\\\/2017\\\/05\\\/22\\\/actu-6-bretagne\\\/\"]}]},{\"@type\":\"ImageObject\",\"inLanguage\":\"fr-FR\",\"@id\":\"https:\\\/\\\/www.reseau-entreprendre.org\\\/savoie\\\/2017\\\/05\\\/22\\\/actu-6-bretagne\\\/#primaryimage\",\"url\":\"https:\\\/\\\/www.reseau-entreprendre.org\\\/savoie\\\/wp-content\\\/uploads\\\/sites\\\/64\\\/2017\\\/05\\\/conviviale-mai.jpg\",\"contentUrl\":\"https:\\\/\\\/www.reseau-entreprendre.org\\\/savoie\\\/wp-content\\\/uploads\\\/sites\\\/64\\\/2017\\\/05\\\/conviviale-mai.jpg\",\"width\":370,\"height\":250,\"caption\":\"conviviale mai\"},{\"@type\":\"BreadcrumbList\",\"@id\":\"https:\\\/\\\/www.reseau-entreprendre.org\\\/savoie\\\/2017\\\/05\\\/22\\\/actu-6-bretagne\\\/#breadcrumb\",\"itemListElement\":[{\"@type\":\"ListItem\",\"position\":1,\"name\":\"Accueil\",\"item\":\"https:\\\/\\\/www.reseau-entreprendre.org\\\/savoie\\\/\"},{\"@type\":\"ListItem\",\"position\":2,\"name\":\"Finist\u00e8re : conviviale mai 2017\"}]},{\"@type\":\"WebSite\",\"@id\":\"https:\\\/\\\/www.reseau-entreprendre.org\\\/savoie\\\/#website\",\"url\":\"https:\\\/\\\/www.reseau-entreprendre.org\\\/savoie\\\/\",\"name\":\"R\u00e9seau Entreprendre Savoie\",\"description\":\"Pour cr\u00e9er des emplois, cr\u00e9ons des employeurs !\",\"potentialAction\":[{\"@type\":\"SearchAction\",\"target\":{\"@type\":\"EntryPoint\",\"urlTemplate\":\"https:\\\/\\\/www.reseau-entreprendre.org\\\/savoie\\\/?s={search_term_string}\"},\"query-input\":{\"@type\":\"PropertyValueSpecification\",\"valueRequired\":true,\"valueName\":\"search_term_string\"}}],\"inLanguage\":\"fr-FR\"},{\"@type\":\"Person\",\"@id\":\"\",\"url\":\"https:\\\/\\\/www.reseau-entreprendre.org\\\/savoie\\\/author\\\/\"}]}<\/script>\n<!-- \/ Yoast SEO plugin. -->","yoast_head_json":{"title":"Finist\u00e8re : conviviale mai 2017 - R\u00e9seau Entreprendre Savoie","robots":{"index":"index","follow":"follow","max-snippet":"max-snippet:-1","max-image-preview":"max-image-preview:large","max-video-preview":"max-video-preview:-1"},"canonical":"https:\/\/www.reseau-entreprendre.org\/savoie\/2017\/05\/22\/actu-6-bretagne\/","og_locale":"fr_FR","og_type":"article","og_title":"Finist\u00e8re : conviviale mai 2017 - R\u00e9seau Entreprendre Savoie","og_description":"Sur plus d&#8217;1 hectare et demi, Arnaud exploite une serre","og_url":"https:\/\/www.reseau-entreprendre.org\/savoie\/2017\/05\/22\/actu-6-bretagne\/","og_site_name":"R\u00e9seau Entreprendre Savoie","article_published_time":"2017-05-22T11:09:51+00:00","article_modified_time":"2022-04-12T13:00:10+00:00","og_image":[{"width":370,"height":250,"url":"https:\/\/www.reseau-entreprendre.org\/savoie\/wp-content\/uploads\/sites\/64\/2017\/05\/conviviale-mai.jpg","type":"image\/jpeg"}],"twitter_card":"summary_large_image","twitter_misc":{"\u00c9crit par":"","Dur\u00e9e de lecture estim\u00e9e":"1 minute"},"schema":{"@context":"https:\/\/schema.org","@graph":[{"@type":"Article","@id":"https:\/\/www.reseau-entreprendre.org\/savoie\/2017\/05\/22\/actu-6-bretagne\/#article","isPartOf":{"@id":"https:\/\/www.reseau-entreprendre.org\/savoie\/2017\/05\/22\/actu-6-bretagne\/"},"author":{"name":"","@id":""},"headline":"Finist\u00e8re : conviviale mai 2017","datePublished":"2017-05-22T11:09:51+00:00","dateModified":"2022-04-12T13:00:10+00:00","mainEntityOfPage":{"@id":"https:\/\/www.reseau-entreprendre.org\/savoie\/2017\/05\/22\/actu-6-bretagne\/"},"wordCount":123,"image":{"@id":"https:\/\/www.reseau-entreprendre.org\/savoie\/2017\/05\/22\/actu-6-bretagne\/#primaryimage"},"thumbnailUrl":"https:\/\/www.reseau-entreprendre.org\/savoie\/wp-content\/uploads\/sites\/64\/2017\/05\/conviviale-mai.jpg","articleSection":["Actualit\u00e9s"],"inLanguage":"fr-FR"},{"@type":"WebPage","@id":"https:\/\/www.reseau-entreprendre.org\/savoie\/2017\/05\/22\/actu-6-bretagne\/","url":"https:\/\/www.reseau-entreprendre.org\/savoie\/2017\/05\/22\/actu-6-bretagne\/","name":"Finist\u00e8re : conviviale mai 2017 - R\u00e9seau Entreprendre Savoie","isPartOf":{"@id":"https:\/\/www.reseau-entreprendre.org\/savoie\/#website"},"primaryImageOfPage":{"@id":"https:\/\/www.reseau-entreprendre.org\/savoie\/2017\/05\/22\/actu-6-bretagne\/#primaryimage"},"image":{"@id":"https:\/\/www.reseau-entreprendre.org\/savoie\/2017\/05\/22\/actu-6-bretagne\/#primaryimage"},"thumbnailUrl":"https:\/\/www.reseau-entreprendre.org\/savoie\/wp-content\/uploads\/sites\/64\/2017\/05\/conviviale-mai.jpg","datePublished":"2017-05-22T11:09:51+00:00","dateModified":"2022-04-12T13:00:10+00:00","author":{"@id":""},"breadcrumb":{"@id":"https:\/\/www.reseau-entreprendre.org\/savoie\/2017\/05\/22\/actu-6-bretagne\/#breadcrumb"},"inLanguage":"fr-FR","potentialAction":[{"@type":"ReadAction","target":["https:\/\/www.reseau-entreprendre.org\/savoie\/2017\/05\/22\/actu-6-bretagne\/"]}]},{"@type":"ImageObject","inLanguage":"fr-FR","@id":"https:\/\/www.reseau-entreprendre.org\/savoie\/2017\/05\/22\/actu-6-bretagne\/#primaryimage","url":"https:\/\/www.reseau-entreprendre.org\/savoie\/wp-content\/uploads\/sites\/64\/2017\/05\/conviviale-mai.jpg","contentUrl":"https:\/\/www.reseau-entreprendre.org\/savoie\/wp-content\/uploads\/sites\/64\/2017\/05\/conviviale-mai.jpg","width":370,"height":250,"caption":"conviviale mai"},{"@type":"BreadcrumbList","@id":"https:\/\/www.reseau-entreprendre.org\/savoie\/2017\/05\/22\/actu-6-bretagne\/#breadcrumb","itemListElement":[{"@type":"ListItem","position":1,"name":"Accueil","item":"https:\/\/www.reseau-entreprendre.org\/savoie\/"},{"@type":"ListItem","position":2,"name":"Finist\u00e8re : conviviale mai 2017"}]},{"@type":"WebSite","@id":"https:\/\/www.reseau-entreprendre.org\/savoie\/#website","url":"https:\/\/www.reseau-entreprendre.org\/savoie\/","name":"R\u00e9seau Entreprendre Savoie","description":"Pour cr\u00e9er des emplois, cr\u00e9ons des employeurs !","potentialAction":[{"@type":"SearchAction","target":{"@type":"EntryPoint","urlTemplate":"https:\/\/www.reseau-entreprendre.org\/savoie\/?s={search_term_string}"},"query-input":{"@type":"PropertyValueSpecification","valueRequired":true,"valueName":"search_term_string"}}],"inLanguage":"fr-FR"},{"@type":"Person","@id":"","url":"https:\/\/www.reseau-entreprendre.org\/savoie\/author\/"}]}},"_links":{"self":[{"href":"https:\/\/www.reseau-entreprendre.org\/savoie\/wp-json\/wp\/v2\/posts\/83","targetHints":{"allow":["GET"]}}],"collection":[{"href":"https:\/\/www.reseau-entreprendre.org\/savoie\/wp-json\/wp\/v2\/posts"}],"about":[{"href":"https:\/\/www.reseau-entreprendre.org\/savoie\/wp-json\/wp\/v2\/types\/post"}],"author":[{"embeddable":true,"href":"https:\/\/www.reseau-entreprendre.org\/savoie\/wp-json\/wp\/v2\/users\/1"}],"replies":[{"embeddable":true,"href":"https:\/\/www.reseau-entreprendre.org\/savoie\/wp-json\/wp\/v2\/comments?post=83"}],"version-history":[{"count":0,"href":"https:\/\/www.reseau-entreprendre.org\/savoie\/wp-json\/wp\/v2\/posts\/83\/revisions"}],"wp:featuredmedia":[{"embeddable":true,"href":"https:\/\/www.reseau-entreprendre.org\/savoie\/wp-json\/wp\/v2\/media\/132"}],"wp:attachment":[{"href":"https:\/\/www.reseau-entreprendre.org\/savoie\/wp-json\/wp\/v2\/media?parent=83"}],"wp:term":[{"taxonomy":"category","embeddable":true,"href":"https:\/\/www.reseau-entreprendre.org\/savoie\/wp-json\/wp\/v2\/categories?post=83"},{"taxonomy":"post_tag","embeddable":true,"href":"https:\/\/www.reseau-entreprendre.org\/savoie\/wp-json\/wp\/v2\/tags?post=83"}],"curies":[{"name":"wp","href":"https:\/\/api.w.org\/{rel}","templated":true}]}}