{"id":1005,"date":"2018-05-04T15:38:24","date_gmt":"2018-05-04T13:38:24","guid":{"rendered":"https:\/\/www.reseau-entreprendre.org\/seine-et-marne\/?p=1005"},"modified":"2022-04-12T16:12:13","modified_gmt":"2022-04-12T14:12:13","slug":"entrepreneurs-tentez-votre-chance-en-participant-au-concours-talents-bge","status":"publish","type":"post","link":"https:\/\/www.reseau-entreprendre.org\/seine-et-marne\/2018\/05\/04\/entrepreneurs-tentez-votre-chance-en-participant-au-concours-talents-bge\/","title":{"rendered":"Entrepreneurs, tentez votre chance en participant au Concours Talents BGE  !"},"content":{"rendered":"<p>R\u00e9seau Entreprendre Seine &amp; Marne soutient le concours organis\u00e9 par la BGE !<\/p>\n<p>Entrepreneurs de Seine-et-Marne, vous \u00eates accompagn\u00e9s par un r\u00e9seau financi\u00e8rement (via un pr\u00eat d&#8217;honneur) et de mani\u00e8re individuel et collective, tentez votre chance en candidatant !!<\/p>\n<p>Chaque ann\u00e9e, la Boutique de Gestion d&#8217;Entreprise (BGE) organise le Concours Talents BGE de la cr\u00e9ation et reprise d&#8217;entreprise, qui r\u00e9compense chaque ann\u00e9e 100 cr\u00e9ateurs d&#8217;entreprises partout en France, sur plus de 10 cat\u00e9gories diff\u00e9rentes.<\/p>\n<p>Ce concours est ouvert \u00e0 tous les nouveaux cr\u00e9ateurs d&#8217;entreprise, quels que soient leur \u00e2ge et leur activit\u00e9, accompagn\u00e9s par un organise d&#8217;aide \u00e0 la cr\u00e9ation d&#8217;entreprise !<\/p>\n<p><img loading=\"lazy\" decoding=\"async\" class=\" wp-image-1006 aligncenter\" src=\"https:\/\/www.reseau-entreprendre.org\/seine-et-marne\/wp-content\/uploads\/sites\/20\/2018\/05\/vignette_BGE_concours_talents_712x363-300x153.png\" alt=\"\" width=\"451\" height=\"230\" srcset=\"https:\/\/www.reseau-entreprendre.org\/seine-et-marne\/wp-content\/uploads\/sites\/20\/2018\/05\/vignette_BGE_concours_talents_712x363-300x153.png 300w, https:\/\/www.reseau-entreprendre.org\/seine-et-marne\/wp-content\/uploads\/sites\/20\/2018\/05\/vignette_BGE_concours_talents_712x363.png 712w\" sizes=\"auto, (max-width: 451px) 100vw, 451px\" \/><\/p>\n<p>&nbsp;<\/p>\n<p><span style=\"color: #268597;font-size: 18px\"><strong><em>Des crit\u00e8res en particuliers pour participer ?<\/em><\/strong><\/span><\/p>\n<ul>\n<li>Vous devez <strong>avoir cr\u00e9\u00e9 votre entreprise entre le <span style=\"color: #d70635\">1er janvier 2017 et le 31 mars 2018<\/span><\/strong><span style=\"color: #d70635\">\u00a0<\/span><br \/>\n* depuis plus de 3 ans pour \u00ab Talents \u00bb D\u00e9veloppement : avant le 1er janvier 2015<\/li>\n<li>Vous devez avoir <strong>b\u00e9n\u00e9fici\u00e9 d&#8217;un accompagnement<\/strong> (BGE, R\u00e9seau Entreprendre Seine-et-Marne, etc&#8230;)<\/li>\n<\/ul>\n<p class=\"titre2orange\"><span style=\"color: #268597;font-size: 18px\"><em><strong>Chaque cat\u00e9gorie en d\u00e9tail :\u00a0<\/strong><\/em><\/span><\/p>\n<p><strong>\u00ab Talents \u00bb de l&#8217;Innovation<\/strong>\u00a0<img loading=\"lazy\" decoding=\"async\" src=\"http:\/\/www.concours-talents.com\/css\/images\/bullet-orange.png\" alt=\"#\" width=\"10\" height=\"9\" \/>\u00a0<a href=\"http:\/\/www.concours-talents.com\/talents\/pages\/TELECHARG\/dossier\/Def_Talents_Innovation.pdf\" target=\"_blank\" rel=\"noopener\">+ en d\u00e9tail (pdf)\u00a0<\/a><br \/>\n<span class=\"textbleu-gris-edito2\">Cette cat\u00e9gorie concerne tout type d&#8217;entreprise dont l&#8217;activit\u00e9 pr\u00e9sente une innovation technique, technologique ou digitale.<\/span><\/p>\n<p><strong>\u00ab Talents \u00bb de l&#8217;Artisanat<\/strong>\u00a0<img loading=\"lazy\" decoding=\"async\" src=\"http:\/\/www.concours-talents.com\/css\/images\/bullet-orange.png\" alt=\"#\" width=\"10\" height=\"9\" \/>\u00a0<a href=\"http:\/\/www.concours-talents.com\/talents\/pages\/TELECHARG\/dossier\/Def_Talents_Artisanat.pdf\" target=\"_blank\" rel=\"noopener\">+ en d\u00e9tail (pdf)\u00a0<\/a><br \/>\n<span class=\"textbleu-gris-edito2\">Cette cat\u00e9gorie concerne les activit\u00e9s artisanales : m\u00e9tiers d\u2019art, m\u00e9tiers de la culture, m\u00e9tiers traditionnels, etc.<\/span><\/p>\n<p><strong>\u00ab Talents \u00bb du Commerce<\/strong>\u00a0<img loading=\"lazy\" decoding=\"async\" src=\"http:\/\/www.concours-talents.com\/css\/images\/bullet-orange.png\" alt=\"#\" width=\"10\" height=\"9\" \/>\u00a0<a href=\"http:\/\/www.concours-talents.com\/talents\/pages\/TELECHARG\/dossier\/Def_Talents_Commerce.pdf\" target=\"_blank\" rel=\"noopener\">+ en d\u00e9tail (pdf)\u00a0<\/a><br \/>\n<span class=\"textbleu-gris-edito2\">Cette cat\u00e9gorie concerne les activit\u00e9s commer\u00e7antes \u00ab classiques \u00bb : commerces de proximit\u00e9, etc.<\/span><\/p>\n<p><strong>\u00ab Talents \u00bb des Dynamiques Rurales<\/strong>\u00a0<img loading=\"lazy\" decoding=\"async\" src=\"http:\/\/www.concours-talents.com\/css\/images\/bullet-orange.png\" alt=\"#\" width=\"10\" height=\"9\" \/>\u00a0<a href=\"http:\/\/www.concours-talents.com\/talents\/pages\/TELECHARG\/dossier\/Def_Talents_des_Dynamiques_Rurales.pdf\" target=\"_blank\" rel=\"noopener\">+ en d\u00e9tail (pdf)\u00a0<\/a><br \/>\n<span class=\"textbleu-gris-edito2\">Cette cat\u00e9gorie concerne les activit\u00e9s qui contribuent \u00e0 la diversification ou l&#8217;\u00e9quilibre \u00e9conomique des territoires ruraux.<\/span><\/p>\n<p><strong>\u00ab Talents \u00bb de l&#8217;Economie Sociale et Solidaire<\/strong>\u00a0<img loading=\"lazy\" decoding=\"async\" src=\"http:\/\/www.concours-talents.com\/css\/images\/bullet-orange.png\" alt=\"#\" width=\"10\" height=\"9\" \/>\u00a0<a href=\"http:\/\/www.concours-talents.com\/talents\/pages\/TELECHARG\/dossier\/Def_Talents_Economie_sociale_et_solidaire.pdf\" target=\"_blank\" rel=\"noopener\">+ en d\u00e9tail (pdf)\u00a0<\/a><br \/>\n<span class=\"textbleu-gris-edito2\">Cette cat\u00e9gorie concerne les activit\u00e9s \u00e9conomiques dans le cadre d\u2019une structure de l\u2019\u00e9conomie sociale et solidaire : coop\u00e9ratives, mutuelles, soci\u00e9t\u00e9s commerciales d\u2019utilit\u00e9 sociale, associations et fondations.<\/span><\/p>\n<p><strong>\u00ab Talents \u00bb des Services<\/strong>\u00a0<img loading=\"lazy\" decoding=\"async\" src=\"http:\/\/www.concours-talents.com\/css\/images\/bullet-orange.png\" alt=\"#\" width=\"10\" height=\"9\" \/>\u00a0<a href=\"http:\/\/www.concours-talents.com\/talents\/pages\/TELECHARG\/dossier\/Def_Talents_des_Services.pdf\" target=\"_blank\" rel=\"noopener\">+ en d\u00e9tail (pdf)\u00a0<\/a><br \/>\n<span class=\"textbleu-gris-edito2\">Cette cat\u00e9gorie concerne les entreprises du secteur tertiaire, qui interviennent dans l&#8217;offre et la vente de services<\/span>.<\/p>\n<p><strong>\u00ab Talents \u00bb de la Transmission<\/strong>\u00a0<img loading=\"lazy\" decoding=\"async\" src=\"http:\/\/www.concours-talents.com\/css\/images\/bullet-orange.png\" alt=\"#\" width=\"10\" height=\"9\" \/>\u00a0<a href=\"http:\/\/www.concours-talents.com\/talents\/pages\/TELECHARG\/dossier\/Def_Talents_Transmission.pdf\" target=\"_blank\" rel=\"noopener\">+ en d\u00e9tail (pdf)<\/a><br \/>\n<span class=\"textbleu-gris-edito2\">Cette cat\u00e9gorie concerne tous les entrepreneurs ayant finalis\u00e9 le rachat d\u2019une entreprise<\/span>.<\/p>\n<p><strong>\u00ab Talents \u00bb D\u00e9veloppement<\/strong>\u00a0<img loading=\"lazy\" decoding=\"async\" src=\"http:\/\/www.concours-talents.com\/css\/images\/bullet-orange.png\" alt=\"#\" width=\"10\" height=\"9\" \/>\u00a0<a href=\"http:\/\/www.concours-talents.com\/talents\/pages\/TELECHARG\/dossier\/Def_Talents_Developpement.pdf\" target=\"_blank\" rel=\"noopener\">+ en d\u00e9tail (pdf)\u00a0<\/a><br \/>\n<span class=\"textbleu-gris-edito2\">Le prix \u00ab Talents D\u00e9veloppement \u00bb s\u2019adresse \u00e0 tout porteur de projet dont l\u2019entreprise est en activit\u00e9 depuis plus de 3 ans.<br \/>\n<\/span><\/p>\n<p class=\"text\"><span class=\"textorange\"><strong>\u00ab Talents de l\u2019Encouragement\u00a0<\/strong><strong>\u00bb<\/strong><\/span>\u00a0<img loading=\"lazy\" decoding=\"async\" src=\"http:\/\/www.concours-talents.com\/css\/images\/bullet-orange.png\" alt=\"#\" width=\"10\" height=\"9\" \/>\u00a0<a href=\"http:\/\/www.concours-talents.com\/talents\/pages\/TELECHARG\/dossier\/Def_Talents_Prix_Encouragement.pdf\" target=\"_blank\" rel=\"noopener\">+ en d\u00e9tail (pdf<\/a>)<br \/>\nCe prix national met en valeur les parcours r\u00e9ussis de cr\u00e9ateurs handicap\u00e9s.<span class=\"textbleu-gris-edito2\">\u00a0L&#8217;Agefiph parraine le Prix de l&#8217;Encouragement.<\/span><\/p>\n<p>La remise des prix a lieu au Minist\u00e8re de l\u2019Economie et des Finances \u00e0 Paris.<\/p>\n","protected":false},"excerpt":{"rendered":"<p>R\u00e9seau Entreprendre Seine &amp; Marne soutient le concours organis\u00e9 par<\/p>\n","protected":false},"author":20,"featured_media":1010,"comment_status":"closed","ping_status":"open","sticky":false,"template":"","format":"standard","meta":{"_acf_changed":false,"_monsterinsights_skip_tracking":false,"_monsterinsights_sitenote_active":false,"_monsterinsights_sitenote_note":"","_monsterinsights_sitenote_category":0,"footnotes":""},"categories":[4],"tags":[],"class_list":["post-1005","post","type-post","status-publish","format-standard","has-post-thumbnail","hentry","category-actualites","news"],"acf":[],"yoast_head":"<!-- This site is optimized with the Yoast SEO plugin v27.4 - https:\/\/yoast.com\/product\/yoast-seo-wordpress\/ -->\n<title>Entrepreneurs, tentez votre chance en participant au Concours Talents BGE ! - R\u00e9seau Entreprendre Seine et Marne<\/title>\n<meta name=\"robots\" content=\"index, follow, max-snippet:-1, max-image-preview:large, max-video-preview:-1\" \/>\n<link rel=\"canonical\" href=\"https:\/\/www.reseau-entreprendre.org\/seine-et-marne\/2018\/05\/04\/entrepreneurs-tentez-votre-chance-en-participant-au-concours-talents-bge\/\" \/>\n<meta property=\"og:locale\" content=\"fr_FR\" \/>\n<meta property=\"og:type\" content=\"article\" \/>\n<meta property=\"og:title\" content=\"Entrepreneurs, tentez votre chance en participant au Concours Talents BGE ! - R\u00e9seau Entreprendre Seine et Marne\" \/>\n<meta property=\"og:description\" content=\"R\u00e9seau Entreprendre Seine &amp; Marne soutient le concours organis\u00e9 par\" \/>\n<meta property=\"og:url\" content=\"https:\/\/www.reseau-entreprendre.org\/seine-et-marne\/2018\/05\/04\/entrepreneurs-tentez-votre-chance-en-participant-au-concours-talents-bge\/\" \/>\n<meta property=\"og:site_name\" content=\"R\u00e9seau Entreprendre Seine et Marne\" \/>\n<meta property=\"article:publisher\" content=\"https:\/\/www.facebook.com\/RESeineetMarne\/\" \/>\n<meta property=\"article:published_time\" content=\"2018-05-04T13:38:24+00:00\" \/>\n<meta property=\"article:modified_time\" content=\"2022-04-12T14:12:13+00:00\" \/>\n<meta property=\"og:image\" content=\"https:\/\/www.reseau-entreprendre.org\/seine-et-marne\/wp-content\/uploads\/sites\/20\/2018\/05\/t\u00e9l\u00e9chargement-1.jpg\" \/>\n\t<meta property=\"og:image:width\" content=\"344\" \/>\n\t<meta property=\"og:image:height\" content=\"147\" \/>\n\t<meta property=\"og:image:type\" content=\"image\/jpeg\" \/>\n<meta name=\"author\" content=\"seine-et-marne\" \/>\n<meta name=\"twitter:card\" content=\"summary_large_image\" \/>\n<meta name=\"twitter:creator\" content=\"@RE_SeineetMarne\" \/>\n<meta name=\"twitter:site\" content=\"@RE_SeineetMarne\" \/>\n<meta name=\"twitter:label1\" content=\"\u00c9crit par\" \/>\n\t<meta name=\"twitter:data1\" content=\"seine-et-marne\" \/>\n\t<meta name=\"twitter:label2\" content=\"Dur\u00e9e de lecture estim\u00e9e\" \/>\n\t<meta name=\"twitter:data2\" content=\"2 minutes\" \/>\n<script type=\"application\/ld+json\" class=\"yoast-schema-graph\">{\"@context\":\"https:\\\/\\\/schema.org\",\"@graph\":[{\"@type\":\"Article\",\"@id\":\"https:\\\/\\\/www.reseau-entreprendre.org\\\/seine-et-marne\\\/2018\\\/05\\\/04\\\/entrepreneurs-tentez-votre-chance-en-participant-au-concours-talents-bge\\\/#article\",\"isPartOf\":{\"@id\":\"https:\\\/\\\/www.reseau-entreprendre.org\\\/seine-et-marne\\\/2018\\\/05\\\/04\\\/entrepreneurs-tentez-votre-chance-en-participant-au-concours-talents-bge\\\/\"},\"author\":{\"name\":\"seine-et-marne\",\"@id\":\"https:\\\/\\\/www.reseau-entreprendre.org\\\/seine-et-marne\\\/#\\\/schema\\\/person\\\/1ff4b10be647581136fcab76240d052b\"},\"headline\":\"Entrepreneurs, tentez votre chance en participant au Concours Talents BGE !\",\"datePublished\":\"2018-05-04T13:38:24+00:00\",\"dateModified\":\"2022-04-12T14:12:13+00:00\",\"mainEntityOfPage\":{\"@id\":\"https:\\\/\\\/www.reseau-entreprendre.org\\\/seine-et-marne\\\/2018\\\/05\\\/04\\\/entrepreneurs-tentez-votre-chance-en-participant-au-concours-talents-bge\\\/\"},\"wordCount\":452,\"image\":{\"@id\":\"https:\\\/\\\/www.reseau-entreprendre.org\\\/seine-et-marne\\\/2018\\\/05\\\/04\\\/entrepreneurs-tentez-votre-chance-en-participant-au-concours-talents-bge\\\/#primaryimage\"},\"thumbnailUrl\":\"https:\\\/\\\/www.reseau-entreprendre.org\\\/seine-et-marne\\\/wp-content\\\/uploads\\\/sites\\\/20\\\/2018\\\/05\\\/t\u00e9l\u00e9chargement-1.jpg\",\"articleSection\":[\"Actualit\u00e9s\"],\"inLanguage\":\"fr-FR\"},{\"@type\":\"WebPage\",\"@id\":\"https:\\\/\\\/www.reseau-entreprendre.org\\\/seine-et-marne\\\/2018\\\/05\\\/04\\\/entrepreneurs-tentez-votre-chance-en-participant-au-concours-talents-bge\\\/\",\"url\":\"https:\\\/\\\/www.reseau-entreprendre.org\\\/seine-et-marne\\\/2018\\\/05\\\/04\\\/entrepreneurs-tentez-votre-chance-en-participant-au-concours-talents-bge\\\/\",\"name\":\"Entrepreneurs, tentez votre chance en participant au Concours Talents BGE ! - R\u00e9seau Entreprendre Seine et Marne\",\"isPartOf\":{\"@id\":\"https:\\\/\\\/www.reseau-entreprendre.org\\\/seine-et-marne\\\/#website\"},\"primaryImageOfPage\":{\"@id\":\"https:\\\/\\\/www.reseau-entreprendre.org\\\/seine-et-marne\\\/2018\\\/05\\\/04\\\/entrepreneurs-tentez-votre-chance-en-participant-au-concours-talents-bge\\\/#primaryimage\"},\"image\":{\"@id\":\"https:\\\/\\\/www.reseau-entreprendre.org\\\/seine-et-marne\\\/2018\\\/05\\\/04\\\/entrepreneurs-tentez-votre-chance-en-participant-au-concours-talents-bge\\\/#primaryimage\"},\"thumbnailUrl\":\"https:\\\/\\\/www.reseau-entreprendre.org\\\/seine-et-marne\\\/wp-content\\\/uploads\\\/sites\\\/20\\\/2018\\\/05\\\/t\u00e9l\u00e9chargement-1.jpg\",\"datePublished\":\"2018-05-04T13:38:24+00:00\",\"dateModified\":\"2022-04-12T14:12:13+00:00\",\"author\":{\"@id\":\"https:\\\/\\\/www.reseau-entreprendre.org\\\/seine-et-marne\\\/#\\\/schema\\\/person\\\/1ff4b10be647581136fcab76240d052b\"},\"breadcrumb\":{\"@id\":\"https:\\\/\\\/www.reseau-entreprendre.org\\\/seine-et-marne\\\/2018\\\/05\\\/04\\\/entrepreneurs-tentez-votre-chance-en-participant-au-concours-talents-bge\\\/#breadcrumb\"},\"inLanguage\":\"fr-FR\",\"potentialAction\":[{\"@type\":\"ReadAction\",\"target\":[\"https:\\\/\\\/www.reseau-entreprendre.org\\\/seine-et-marne\\\/2018\\\/05\\\/04\\\/entrepreneurs-tentez-votre-chance-en-participant-au-concours-talents-bge\\\/\"]}]},{\"@type\":\"ImageObject\",\"inLanguage\":\"fr-FR\",\"@id\":\"https:\\\/\\\/www.reseau-entreprendre.org\\\/seine-et-marne\\\/2018\\\/05\\\/04\\\/entrepreneurs-tentez-votre-chance-en-participant-au-concours-talents-bge\\\/#primaryimage\",\"url\":\"https:\\\/\\\/www.reseau-entreprendre.org\\\/seine-et-marne\\\/wp-content\\\/uploads\\\/sites\\\/20\\\/2018\\\/05\\\/t\u00e9l\u00e9chargement-1.jpg\",\"contentUrl\":\"https:\\\/\\\/www.reseau-entreprendre.org\\\/seine-et-marne\\\/wp-content\\\/uploads\\\/sites\\\/20\\\/2018\\\/05\\\/t\u00e9l\u00e9chargement-1.jpg\",\"width\":344,\"height\":147},{\"@type\":\"BreadcrumbList\",\"@id\":\"https:\\\/\\\/www.reseau-entreprendre.org\\\/seine-et-marne\\\/2018\\\/05\\\/04\\\/entrepreneurs-tentez-votre-chance-en-participant-au-concours-talents-bge\\\/#breadcrumb\",\"itemListElement\":[{\"@type\":\"ListItem\",\"position\":1,\"name\":\"Accueil\",\"item\":\"https:\\\/\\\/www.reseau-entreprendre.org\\\/seine-et-marne\\\/\"},{\"@type\":\"ListItem\",\"position\":2,\"name\":\"Entrepreneurs, tentez votre chance en participant au Concours Talents BGE !\"}]},{\"@type\":\"WebSite\",\"@id\":\"https:\\\/\\\/www.reseau-entreprendre.org\\\/seine-et-marne\\\/#website\",\"url\":\"https:\\\/\\\/www.reseau-entreprendre.org\\\/seine-et-marne\\\/\",\"name\":\"R\u00e9seau Entreprendre Seine et Marne\",\"description\":\"Un site utilisant Les sites de R\u00e9seau Entreprendre\",\"potentialAction\":[{\"@type\":\"SearchAction\",\"target\":{\"@type\":\"EntryPoint\",\"urlTemplate\":\"https:\\\/\\\/www.reseau-entreprendre.org\\\/seine-et-marne\\\/?s={search_term_string}\"},\"query-input\":{\"@type\":\"PropertyValueSpecification\",\"valueRequired\":true,\"valueName\":\"search_term_string\"}}],\"inLanguage\":\"fr-FR\"},{\"@type\":\"Person\",\"@id\":\"https:\\\/\\\/www.reseau-entreprendre.org\\\/seine-et-marne\\\/#\\\/schema\\\/person\\\/1ff4b10be647581136fcab76240d052b\",\"name\":\"seine-et-marne\",\"image\":{\"@type\":\"ImageObject\",\"inLanguage\":\"fr-FR\",\"@id\":\"https:\\\/\\\/secure.gravatar.com\\\/avatar\\\/1f07f1687ca7b16e8937e05606c8d815614bf5c884a8cf863c733c97bc1a8828?s=96&d=mm&r=g\",\"url\":\"https:\\\/\\\/secure.gravatar.com\\\/avatar\\\/1f07f1687ca7b16e8937e05606c8d815614bf5c884a8cf863c733c97bc1a8828?s=96&d=mm&r=g\",\"contentUrl\":\"https:\\\/\\\/secure.gravatar.com\\\/avatar\\\/1f07f1687ca7b16e8937e05606c8d815614bf5c884a8cf863c733c97bc1a8828?s=96&d=mm&r=g\",\"caption\":\"seine-et-marne\"},\"url\":\"https:\\\/\\\/www.reseau-entreprendre.org\\\/seine-et-marne\\\/author\\\/seine-et-marne\\\/\"}]}<\/script>\n<!-- \/ Yoast SEO plugin. -->","yoast_head_json":{"title":"Entrepreneurs, tentez votre chance en participant au Concours Talents BGE ! - R\u00e9seau Entreprendre Seine et Marne","robots":{"index":"index","follow":"follow","max-snippet":"max-snippet:-1","max-image-preview":"max-image-preview:large","max-video-preview":"max-video-preview:-1"},"canonical":"https:\/\/www.reseau-entreprendre.org\/seine-et-marne\/2018\/05\/04\/entrepreneurs-tentez-votre-chance-en-participant-au-concours-talents-bge\/","og_locale":"fr_FR","og_type":"article","og_title":"Entrepreneurs, tentez votre chance en participant au Concours Talents BGE ! - R\u00e9seau Entreprendre Seine et Marne","og_description":"R\u00e9seau Entreprendre Seine &amp; Marne soutient le concours organis\u00e9 par","og_url":"https:\/\/www.reseau-entreprendre.org\/seine-et-marne\/2018\/05\/04\/entrepreneurs-tentez-votre-chance-en-participant-au-concours-talents-bge\/","og_site_name":"R\u00e9seau Entreprendre Seine et Marne","article_publisher":"https:\/\/www.facebook.com\/RESeineetMarne\/","article_published_time":"2018-05-04T13:38:24+00:00","article_modified_time":"2022-04-12T14:12:13+00:00","og_image":[{"width":344,"height":147,"url":"https:\/\/www.reseau-entreprendre.org\/seine-et-marne\/wp-content\/uploads\/sites\/20\/2018\/05\/t\u00e9l\u00e9chargement-1.jpg","type":"image\/jpeg"}],"author":"seine-et-marne","twitter_card":"summary_large_image","twitter_creator":"@RE_SeineetMarne","twitter_site":"@RE_SeineetMarne","twitter_misc":{"\u00c9crit par":"seine-et-marne","Dur\u00e9e de lecture estim\u00e9e":"2 minutes"},"schema":{"@context":"https:\/\/schema.org","@graph":[{"@type":"Article","@id":"https:\/\/www.reseau-entreprendre.org\/seine-et-marne\/2018\/05\/04\/entrepreneurs-tentez-votre-chance-en-participant-au-concours-talents-bge\/#article","isPartOf":{"@id":"https:\/\/www.reseau-entreprendre.org\/seine-et-marne\/2018\/05\/04\/entrepreneurs-tentez-votre-chance-en-participant-au-concours-talents-bge\/"},"author":{"name":"seine-et-marne","@id":"https:\/\/www.reseau-entreprendre.org\/seine-et-marne\/#\/schema\/person\/1ff4b10be647581136fcab76240d052b"},"headline":"Entrepreneurs, tentez votre chance en participant au Concours Talents BGE !","datePublished":"2018-05-04T13:38:24+00:00","dateModified":"2022-04-12T14:12:13+00:00","mainEntityOfPage":{"@id":"https:\/\/www.reseau-entreprendre.org\/seine-et-marne\/2018\/05\/04\/entrepreneurs-tentez-votre-chance-en-participant-au-concours-talents-bge\/"},"wordCount":452,"image":{"@id":"https:\/\/www.reseau-entreprendre.org\/seine-et-marne\/2018\/05\/04\/entrepreneurs-tentez-votre-chance-en-participant-au-concours-talents-bge\/#primaryimage"},"thumbnailUrl":"https:\/\/www.reseau-entreprendre.org\/seine-et-marne\/wp-content\/uploads\/sites\/20\/2018\/05\/t\u00e9l\u00e9chargement-1.jpg","articleSection":["Actualit\u00e9s"],"inLanguage":"fr-FR"},{"@type":"WebPage","@id":"https:\/\/www.reseau-entreprendre.org\/seine-et-marne\/2018\/05\/04\/entrepreneurs-tentez-votre-chance-en-participant-au-concours-talents-bge\/","url":"https:\/\/www.reseau-entreprendre.org\/seine-et-marne\/2018\/05\/04\/entrepreneurs-tentez-votre-chance-en-participant-au-concours-talents-bge\/","name":"Entrepreneurs, tentez votre chance en participant au Concours Talents BGE ! - R\u00e9seau Entreprendre Seine et Marne","isPartOf":{"@id":"https:\/\/www.reseau-entreprendre.org\/seine-et-marne\/#website"},"primaryImageOfPage":{"@id":"https:\/\/www.reseau-entreprendre.org\/seine-et-marne\/2018\/05\/04\/entrepreneurs-tentez-votre-chance-en-participant-au-concours-talents-bge\/#primaryimage"},"image":{"@id":"https:\/\/www.reseau-entreprendre.org\/seine-et-marne\/2018\/05\/04\/entrepreneurs-tentez-votre-chance-en-participant-au-concours-talents-bge\/#primaryimage"},"thumbnailUrl":"https:\/\/www.reseau-entreprendre.org\/seine-et-marne\/wp-content\/uploads\/sites\/20\/2018\/05\/t\u00e9l\u00e9chargement-1.jpg","datePublished":"2018-05-04T13:38:24+00:00","dateModified":"2022-04-12T14:12:13+00:00","author":{"@id":"https:\/\/www.reseau-entreprendre.org\/seine-et-marne\/#\/schema\/person\/1ff4b10be647581136fcab76240d052b"},"breadcrumb":{"@id":"https:\/\/www.reseau-entreprendre.org\/seine-et-marne\/2018\/05\/04\/entrepreneurs-tentez-votre-chance-en-participant-au-concours-talents-bge\/#breadcrumb"},"inLanguage":"fr-FR","potentialAction":[{"@type":"ReadAction","target":["https:\/\/www.reseau-entreprendre.org\/seine-et-marne\/2018\/05\/04\/entrepreneurs-tentez-votre-chance-en-participant-au-concours-talents-bge\/"]}]},{"@type":"ImageObject","inLanguage":"fr-FR","@id":"https:\/\/www.reseau-entreprendre.org\/seine-et-marne\/2018\/05\/04\/entrepreneurs-tentez-votre-chance-en-participant-au-concours-talents-bge\/#primaryimage","url":"https:\/\/www.reseau-entreprendre.org\/seine-et-marne\/wp-content\/uploads\/sites\/20\/2018\/05\/t\u00e9l\u00e9chargement-1.jpg","contentUrl":"https:\/\/www.reseau-entreprendre.org\/seine-et-marne\/wp-content\/uploads\/sites\/20\/2018\/05\/t\u00e9l\u00e9chargement-1.jpg","width":344,"height":147},{"@type":"BreadcrumbList","@id":"https:\/\/www.reseau-entreprendre.org\/seine-et-marne\/2018\/05\/04\/entrepreneurs-tentez-votre-chance-en-participant-au-concours-talents-bge\/#breadcrumb","itemListElement":[{"@type":"ListItem","position":1,"name":"Accueil","item":"https:\/\/www.reseau-entreprendre.org\/seine-et-marne\/"},{"@type":"ListItem","position":2,"name":"Entrepreneurs, tentez votre chance en participant au Concours Talents BGE !"}]},{"@type":"WebSite","@id":"https:\/\/www.reseau-entreprendre.org\/seine-et-marne\/#website","url":"https:\/\/www.reseau-entreprendre.org\/seine-et-marne\/","name":"R\u00e9seau Entreprendre Seine et Marne","description":"Un site utilisant Les sites de R\u00e9seau Entreprendre","potentialAction":[{"@type":"SearchAction","target":{"@type":"EntryPoint","urlTemplate":"https:\/\/www.reseau-entreprendre.org\/seine-et-marne\/?s={search_term_string}"},"query-input":{"@type":"PropertyValueSpecification","valueRequired":true,"valueName":"search_term_string"}}],"inLanguage":"fr-FR"},{"@type":"Person","@id":"https:\/\/www.reseau-entreprendre.org\/seine-et-marne\/#\/schema\/person\/1ff4b10be647581136fcab76240d052b","name":"seine-et-marne","image":{"@type":"ImageObject","inLanguage":"fr-FR","@id":"https:\/\/secure.gravatar.com\/avatar\/1f07f1687ca7b16e8937e05606c8d815614bf5c884a8cf863c733c97bc1a8828?s=96&d=mm&r=g","url":"https:\/\/secure.gravatar.com\/avatar\/1f07f1687ca7b16e8937e05606c8d815614bf5c884a8cf863c733c97bc1a8828?s=96&d=mm&r=g","contentUrl":"https:\/\/secure.gravatar.com\/avatar\/1f07f1687ca7b16e8937e05606c8d815614bf5c884a8cf863c733c97bc1a8828?s=96&d=mm&r=g","caption":"seine-et-marne"},"url":"https:\/\/www.reseau-entreprendre.org\/seine-et-marne\/author\/seine-et-marne\/"}]}},"_links":{"self":[{"href":"https:\/\/www.reseau-entreprendre.org\/seine-et-marne\/wp-json\/wp\/v2\/posts\/1005","targetHints":{"allow":["GET"]}}],"collection":[{"href":"https:\/\/www.reseau-entreprendre.org\/seine-et-marne\/wp-json\/wp\/v2\/posts"}],"about":[{"href":"https:\/\/www.reseau-entreprendre.org\/seine-et-marne\/wp-json\/wp\/v2\/types\/post"}],"author":[{"embeddable":true,"href":"https:\/\/www.reseau-entreprendre.org\/seine-et-marne\/wp-json\/wp\/v2\/users\/20"}],"replies":[{"embeddable":true,"href":"https:\/\/www.reseau-entreprendre.org\/seine-et-marne\/wp-json\/wp\/v2\/comments?post=1005"}],"version-history":[{"count":0,"href":"https:\/\/www.reseau-entreprendre.org\/seine-et-marne\/wp-json\/wp\/v2\/posts\/1005\/revisions"}],"wp:featuredmedia":[{"embeddable":true,"href":"https:\/\/www.reseau-entreprendre.org\/seine-et-marne\/wp-json\/wp\/v2\/media\/1010"}],"wp:attachment":[{"href":"https:\/\/www.reseau-entreprendre.org\/seine-et-marne\/wp-json\/wp\/v2\/media?parent=1005"}],"wp:term":[{"taxonomy":"category","embeddable":true,"href":"https:\/\/www.reseau-entreprendre.org\/seine-et-marne\/wp-json\/wp\/v2\/categories?post=1005"},{"taxonomy":"post_tag","embeddable":true,"href":"https:\/\/www.reseau-entreprendre.org\/seine-et-marne\/wp-json\/wp\/v2\/tags?post=1005"}],"curies":[{"name":"wp","href":"https:\/\/api.w.org\/{rel}","templated":true}]}}