{"id":1375,"date":"2019-05-06T16:45:10","date_gmt":"2019-05-06T14:45:10","guid":{"rendered":"https:\/\/www.reseau-entreprendre.org\/seine-et-marne\/?p=1375"},"modified":"2022-04-12T16:12:12","modified_gmt":"2022-04-12T14:12:12","slug":"portrait-chef-dentreprise-jean-jacques-durante","status":"publish","type":"post","link":"https:\/\/www.reseau-entreprendre.org\/seine-et-marne\/2019\/05\/06\/portrait-chef-dentreprise-jean-jacques-durante\/","title":{"rendered":"Portrait chef d&#8217;entreprise : Jean-Jacques DURANTE"},"content":{"rendered":"<p style=\"text-align: justify\"><strong><span style=\"color: #268597;font-size: 16px\">Afin de mettre \u00e0 l\u2019honneur les adh\u00e9rents de l\u2019association, nous vous proposons de d\u00e9couvrir ensemble le portrait d\u2019un chef\u00a0d\u2019entreprise qui s\u2019engage avec R\u00e9seau Entreprendre Seine&amp;Marne. Aujourd\u2019hui, Jean-Jacques DURANTE, manager de transition et co-fondateur de Skills-Alliance. \u00a0<img loading=\"lazy\" decoding=\"async\" class=\"size-medium wp-image-1376 alignright\" src=\"https:\/\/www.reseau-entreprendre.org\/seine-et-marne\/wp-content\/uploads\/sites\/20\/2019\/05\/DURANTE-300x300.jpg\" alt=\"\" width=\"300\" height=\"300\" srcset=\"https:\/\/www.reseau-entreprendre.org\/seine-et-marne\/wp-content\/uploads\/sites\/20\/2019\/05\/DURANTE-300x300.jpg 300w, https:\/\/www.reseau-entreprendre.org\/seine-et-marne\/wp-content\/uploads\/sites\/20\/2019\/05\/DURANTE-150x150.jpg 150w, https:\/\/www.reseau-entreprendre.org\/seine-et-marne\/wp-content\/uploads\/sites\/20\/2019\/05\/DURANTE.jpg 454w\" sizes=\"auto, (max-width: 300px) 100vw, 300px\" \/><\/span><\/strong><\/p>\n<p><span style=\"color: #268597\">\u2022 Bonjour Jean-Jacques, qu\u2019est-ce qui te caract\u00e9rise le plus ?\u00a0<\/span><\/p>\n<p>Sans doute un caract\u00e8re curieux, cr\u00e9atif et convivial, qui permet de f\u00e9d\u00e9rer rapidement une \u00e9quipe autour d\u2019objectifs partag\u00e9s.<\/p>\n<p><span style=\"color: #268597\">\u2022 Peux-tu nous parler de ton activit\u00e9 ?<\/span><\/p>\n<p style=\"text-align: justify\">Ces caract\u00e9ristiques, appuy\u00e9es sur une formation d\u2019Ing\u00e9nieur Arts &amp; M\u00e9tiers et une large exp\u00e9rience industrielle dans des fonctions et secteurs nombreux et vari\u00e9s m\u2019ont amen\u00e9 \u00e0 mener des &#8220;missions de transition&#8221; depuis maintenant 12 ann\u00e9es, dans des entreprises en situation &#8220;sp\u00e9ciale&#8221;.<br \/>\nDe quoi s\u2019agit-il ? De remplacer au pied lev\u00e9 un dirigeant d\u2019entreprise qui n\u2019est plus en mesure de r\u00e9pondre au d\u00e9fi auquel il fait face :<br \/>\n&#8211; Soit que l\u2019entreprise est en crise, et que des actions vigoureuses de reprise en main, \u00e0 commencer par la tr\u00e9sorerie, doivent \u00eatre men\u00e9es selon des priorit\u00e9s bien \u00e9tablies,<br \/>\n&#8211; Soit qu\u2019un \u00e9tat de sous performance m\u00e8ne l\u2019entreprise en situation de vuln\u00e9rabilit\u00e9, notamment vis \u00e0 vis de ses concurrents et clients, et qu\u2019un plan de red\u00e9ploiement doit \u00eatre ex\u00e9cut\u00e9, infl\u00e9chissant ainsi la trajectoire actuelle.<\/p>\n<p style=\"text-align: justify\">Quel que soit l\u2019aspect de la situation \u00ab sp\u00e9ciale \u00bb, celle-ci est irr\u00e9m\u00e9diablement caract\u00e9ris\u00e9e par :<br \/>\n&#8211; La rupture de la transparence et de la confiance entre salari\u00e9s et actionnaires en passant par le dirigeant,<br \/>\n&#8211; Un certain d\u00e9ni de la situation au niveau des dirigeants et actionnaires,<br \/>\n&#8211; De mani\u00e8re pratique (et ceci explique cela), l\u2019absence de suivi en temps r\u00e9el de la performance (\u00e0 commencer par la tr\u00e9sorerie) et la pauvret\u00e9 des syst\u00e8mes d\u2019information (ERP mal configur\u00e9 ou absent)<br \/>\n&#8211; L\u2019inefficience des op\u00e9rations qui en r\u00e9sulte,<br \/>\n&#8211; Mais toujours, et c\u2019est la condition du succ\u00e8s, une volont\u00e9 des salari\u00e9s de &#8220;retrousser les manches&#8221; et de d\u00e9ployer les actions correctives envisag\u00e9es pour autant que la transparence et la confiance leur soit redonn\u00e9es.<br \/>\nLe Manager de transition n\u2019est \u00e9videmment pas un super h\u00e9ros, mais il apporte une rapidit\u00e9 dans la compr\u00e9hension et l\u2019\u00e9valuation de la situation en cours, l\u2019absence de pr\u00e9jug\u00e9s et de d\u00e9ni dans l\u2019\u00e9laboration de son plan d\u2019action, et une totale implication dans sa mise en \u0153uvre, en veillant \u00e0 garder actionnaires et salari\u00e9s sur la m\u00eame ligne de transparence et de communication.<\/p>\n<p>J\u2019\u0153uvre depuis 10 ans au sein de \u00ab Skills-Alliance \u00bb, regroupant une dizaine d\u2019Associ\u00e9s du m\u00eame profil, qui apporte le b\u00e9n\u00e9fice d\u2019une encore plus grande disponibilit\u00e9 et comp\u00e9tence, gr\u00e2ce \u00e0 une forte coll\u00e9gialit\u00e9 et un r\u00e9el partage d\u2019exp\u00e9rience.<\/p>\n<p style=\"text-align: justify\"><span style=\"color: #268597\">\u2022 Quelles comp\u00e9tences pourraient tu partager avec les membres du R\u00e9seau ?<\/span><\/p>\n<p>Depuis ces quelques ann\u00e9es au sein du R\u00e9seau, je me suis impliqu\u00e9 dans l\u2019\u00e9valuation et la validation de dossiers de candidatures. Je suis de m\u00eame disponible pour venir en aide \u00e0 des candidats faisant face \u00e0 des situations complexes n\u00e9cessitant un \u00e9clairage et un appui ext\u00e9rieurs.<\/p>\n<p style=\"text-align: justify\"><strong><span style=\"color: #268597\">Portrait chinois : <\/span><\/strong><br \/>\n<span style=\"color: #268597\">Quel est ton livre\/film pr\u00e9f\u00e9r\u00e9 ?<\/span><\/p>\n<ul>\n<li style=\"text-align: justify\">Livre : les m\u00e9moires de Berlioz, un esprit rebelle et un g\u00e9nie innovateur<\/li>\n<li style=\"text-align: justify\">Film : \u00ab Les Producteurs \u00bb de Mel Brooks, car il faut travailler s\u00e9rieusement sans toutefois se prendre au s\u00e9rieux !<\/li>\n<\/ul>\n<p><span style=\"color: #268597\">Quelle est ta destination pr\u00e9f\u00e9r\u00e9e ?<\/span><\/p>\n<p style=\"text-align: justify\">Los Angeles, d\u2019o\u00f9 j\u2019\u00e9cris ces quelques lignes, et o\u00f9 une de mes filles s\u2019est \u00e9tablie et d\u00e9veloppe son art dans les effets sp\u00e9ciaux pour le cin\u00e9ma.<\/p>\n<p style=\"text-align: justify\"><span style=\"color: #268597\">Quel est ton hobby pr\u00e9f\u00e9r\u00e9 ?<\/span><br \/>\nLe farniente !<\/p>\n<p>&nbsp;<\/p>\n<p>&nbsp;<\/p>\n<p style=\"text-align: center\">Pour d\u00e9couvrir Skills-Alliance cliquez <a href=\"http:\/\/www.skills-alliance.fr\">ici<\/a><\/p>\n","protected":false},"excerpt":{"rendered":"<p>Afin de mettre \u00e0 l\u2019honneur les adh\u00e9rents de l\u2019association, nous<\/p>\n","protected":false},"author":20,"featured_media":1376,"comment_status":"closed","ping_status":"open","sticky":false,"template":"","format":"standard","meta":{"_acf_changed":false,"_monsterinsights_skip_tracking":false,"_monsterinsights_sitenote_active":false,"_monsterinsights_sitenote_note":"","_monsterinsights_sitenote_category":0,"footnotes":""},"categories":[4],"tags":[13],"class_list":["post-1375","post","type-post","status-publish","format-standard","has-post-thumbnail","hentry","category-actualites","tag-portrait","news"],"acf":[],"yoast_head":"<!-- This site is optimized with the Yoast SEO plugin v27.4 - https:\/\/yoast.com\/product\/yoast-seo-wordpress\/ -->\n<title>Portrait chef d&#039;entreprise : Jean-Jacques DURANTE - R\u00e9seau Entreprendre Seine et Marne<\/title>\n<meta name=\"description\" content=\"Portrait de Jean-Jacques DURANTE, adh\u00e9rent de R\u00e9seau Entreprendre Seine &amp; Marne, manager de transition et co-fondateur de Skills-Alliance.\" \/>\n<meta name=\"robots\" content=\"index, follow, max-snippet:-1, max-image-preview:large, max-video-preview:-1\" \/>\n<link rel=\"canonical\" href=\"https:\/\/www.reseau-entreprendre.org\/seine-et-marne\/2019\/05\/06\/portrait-chef-dentreprise-jean-jacques-durante\/\" \/>\n<meta property=\"og:locale\" content=\"fr_FR\" \/>\n<meta property=\"og:type\" content=\"article\" \/>\n<meta property=\"og:title\" content=\"Portrait chef d&#039;entreprise : Jean-Jacques DURANTE - R\u00e9seau Entreprendre Seine et Marne\" \/>\n<meta property=\"og:description\" content=\"Portrait de Jean-Jacques DURANTE, adh\u00e9rent de R\u00e9seau Entreprendre Seine &amp; Marne, manager de transition et co-fondateur de Skills-Alliance.\" \/>\n<meta property=\"og:url\" content=\"https:\/\/www.reseau-entreprendre.org\/seine-et-marne\/2019\/05\/06\/portrait-chef-dentreprise-jean-jacques-durante\/\" \/>\n<meta property=\"og:site_name\" content=\"R\u00e9seau Entreprendre Seine et Marne\" \/>\n<meta property=\"article:publisher\" content=\"https:\/\/www.facebook.com\/RESeineetMarne\/\" \/>\n<meta property=\"article:published_time\" content=\"2019-05-06T14:45:10+00:00\" \/>\n<meta property=\"article:modified_time\" content=\"2022-04-12T14:12:12+00:00\" \/>\n<meta property=\"og:image\" content=\"https:\/\/www.reseau-entreprendre.org\/seine-et-marne\/wp-content\/uploads\/sites\/20\/2019\/05\/DURANTE.jpg\" \/>\n\t<meta property=\"og:image:width\" content=\"454\" \/>\n\t<meta property=\"og:image:height\" content=\"454\" \/>\n\t<meta property=\"og:image:type\" content=\"image\/jpeg\" \/>\n<meta name=\"author\" content=\"seine-et-marne\" \/>\n<meta name=\"twitter:card\" content=\"summary_large_image\" \/>\n<meta name=\"twitter:creator\" content=\"@RE_SeineetMarne\" \/>\n<meta name=\"twitter:site\" content=\"@RE_SeineetMarne\" \/>\n<meta name=\"twitter:label1\" content=\"\u00c9crit par\" \/>\n\t<meta name=\"twitter:data1\" content=\"seine-et-marne\" \/>\n\t<meta name=\"twitter:label2\" content=\"Dur\u00e9e de lecture estim\u00e9e\" \/>\n\t<meta name=\"twitter:data2\" content=\"3 minutes\" \/>\n<script type=\"application\/ld+json\" class=\"yoast-schema-graph\">{\"@context\":\"https:\\\/\\\/schema.org\",\"@graph\":[{\"@type\":\"Article\",\"@id\":\"https:\\\/\\\/www.reseau-entreprendre.org\\\/seine-et-marne\\\/2019\\\/05\\\/06\\\/portrait-chef-dentreprise-jean-jacques-durante\\\/#article\",\"isPartOf\":{\"@id\":\"https:\\\/\\\/www.reseau-entreprendre.org\\\/seine-et-marne\\\/2019\\\/05\\\/06\\\/portrait-chef-dentreprise-jean-jacques-durante\\\/\"},\"author\":{\"name\":\"seine-et-marne\",\"@id\":\"https:\\\/\\\/www.reseau-entreprendre.org\\\/seine-et-marne\\\/#\\\/schema\\\/person\\\/1ff4b10be647581136fcab76240d052b\"},\"headline\":\"Portrait chef d&#8217;entreprise : Jean-Jacques DURANTE\",\"datePublished\":\"2019-05-06T14:45:10+00:00\",\"dateModified\":\"2022-04-12T14:12:12+00:00\",\"mainEntityOfPage\":{\"@id\":\"https:\\\/\\\/www.reseau-entreprendre.org\\\/seine-et-marne\\\/2019\\\/05\\\/06\\\/portrait-chef-dentreprise-jean-jacques-durante\\\/\"},\"wordCount\":668,\"image\":{\"@id\":\"https:\\\/\\\/www.reseau-entreprendre.org\\\/seine-et-marne\\\/2019\\\/05\\\/06\\\/portrait-chef-dentreprise-jean-jacques-durante\\\/#primaryimage\"},\"thumbnailUrl\":\"https:\\\/\\\/www.reseau-entreprendre.org\\\/seine-et-marne\\\/wp-content\\\/uploads\\\/sites\\\/20\\\/2019\\\/05\\\/DURANTE.jpg\",\"keywords\":[\"portrait\"],\"articleSection\":[\"Actualit\u00e9s\"],\"inLanguage\":\"fr-FR\"},{\"@type\":\"WebPage\",\"@id\":\"https:\\\/\\\/www.reseau-entreprendre.org\\\/seine-et-marne\\\/2019\\\/05\\\/06\\\/portrait-chef-dentreprise-jean-jacques-durante\\\/\",\"url\":\"https:\\\/\\\/www.reseau-entreprendre.org\\\/seine-et-marne\\\/2019\\\/05\\\/06\\\/portrait-chef-dentreprise-jean-jacques-durante\\\/\",\"name\":\"Portrait chef d'entreprise : Jean-Jacques DURANTE - R\u00e9seau Entreprendre Seine et Marne\",\"isPartOf\":{\"@id\":\"https:\\\/\\\/www.reseau-entreprendre.org\\\/seine-et-marne\\\/#website\"},\"primaryImageOfPage\":{\"@id\":\"https:\\\/\\\/www.reseau-entreprendre.org\\\/seine-et-marne\\\/2019\\\/05\\\/06\\\/portrait-chef-dentreprise-jean-jacques-durante\\\/#primaryimage\"},\"image\":{\"@id\":\"https:\\\/\\\/www.reseau-entreprendre.org\\\/seine-et-marne\\\/2019\\\/05\\\/06\\\/portrait-chef-dentreprise-jean-jacques-durante\\\/#primaryimage\"},\"thumbnailUrl\":\"https:\\\/\\\/www.reseau-entreprendre.org\\\/seine-et-marne\\\/wp-content\\\/uploads\\\/sites\\\/20\\\/2019\\\/05\\\/DURANTE.jpg\",\"datePublished\":\"2019-05-06T14:45:10+00:00\",\"dateModified\":\"2022-04-12T14:12:12+00:00\",\"author\":{\"@id\":\"https:\\\/\\\/www.reseau-entreprendre.org\\\/seine-et-marne\\\/#\\\/schema\\\/person\\\/1ff4b10be647581136fcab76240d052b\"},\"description\":\"Portrait de Jean-Jacques DURANTE, adh\u00e9rent de R\u00e9seau Entreprendre Seine & Marne, manager de transition et co-fondateur de Skills-Alliance.\",\"breadcrumb\":{\"@id\":\"https:\\\/\\\/www.reseau-entreprendre.org\\\/seine-et-marne\\\/2019\\\/05\\\/06\\\/portrait-chef-dentreprise-jean-jacques-durante\\\/#breadcrumb\"},\"inLanguage\":\"fr-FR\",\"potentialAction\":[{\"@type\":\"ReadAction\",\"target\":[\"https:\\\/\\\/www.reseau-entreprendre.org\\\/seine-et-marne\\\/2019\\\/05\\\/06\\\/portrait-chef-dentreprise-jean-jacques-durante\\\/\"]}]},{\"@type\":\"ImageObject\",\"inLanguage\":\"fr-FR\",\"@id\":\"https:\\\/\\\/www.reseau-entreprendre.org\\\/seine-et-marne\\\/2019\\\/05\\\/06\\\/portrait-chef-dentreprise-jean-jacques-durante\\\/#primaryimage\",\"url\":\"https:\\\/\\\/www.reseau-entreprendre.org\\\/seine-et-marne\\\/wp-content\\\/uploads\\\/sites\\\/20\\\/2019\\\/05\\\/DURANTE.jpg\",\"contentUrl\":\"https:\\\/\\\/www.reseau-entreprendre.org\\\/seine-et-marne\\\/wp-content\\\/uploads\\\/sites\\\/20\\\/2019\\\/05\\\/DURANTE.jpg\",\"width\":454,\"height\":454},{\"@type\":\"BreadcrumbList\",\"@id\":\"https:\\\/\\\/www.reseau-entreprendre.org\\\/seine-et-marne\\\/2019\\\/05\\\/06\\\/portrait-chef-dentreprise-jean-jacques-durante\\\/#breadcrumb\",\"itemListElement\":[{\"@type\":\"ListItem\",\"position\":1,\"name\":\"Accueil\",\"item\":\"https:\\\/\\\/www.reseau-entreprendre.org\\\/seine-et-marne\\\/\"},{\"@type\":\"ListItem\",\"position\":2,\"name\":\"Portrait chef d&rsquo;entreprise : Jean-Jacques DURANTE\"}]},{\"@type\":\"WebSite\",\"@id\":\"https:\\\/\\\/www.reseau-entreprendre.org\\\/seine-et-marne\\\/#website\",\"url\":\"https:\\\/\\\/www.reseau-entreprendre.org\\\/seine-et-marne\\\/\",\"name\":\"R\u00e9seau Entreprendre Seine et Marne\",\"description\":\"Un site utilisant Les sites de R\u00e9seau Entreprendre\",\"potentialAction\":[{\"@type\":\"SearchAction\",\"target\":{\"@type\":\"EntryPoint\",\"urlTemplate\":\"https:\\\/\\\/www.reseau-entreprendre.org\\\/seine-et-marne\\\/?s={search_term_string}\"},\"query-input\":{\"@type\":\"PropertyValueSpecification\",\"valueRequired\":true,\"valueName\":\"search_term_string\"}}],\"inLanguage\":\"fr-FR\"},{\"@type\":\"Person\",\"@id\":\"https:\\\/\\\/www.reseau-entreprendre.org\\\/seine-et-marne\\\/#\\\/schema\\\/person\\\/1ff4b10be647581136fcab76240d052b\",\"name\":\"seine-et-marne\",\"image\":{\"@type\":\"ImageObject\",\"inLanguage\":\"fr-FR\",\"@id\":\"https:\\\/\\\/secure.gravatar.com\\\/avatar\\\/1f07f1687ca7b16e8937e05606c8d815614bf5c884a8cf863c733c97bc1a8828?s=96&d=mm&r=g\",\"url\":\"https:\\\/\\\/secure.gravatar.com\\\/avatar\\\/1f07f1687ca7b16e8937e05606c8d815614bf5c884a8cf863c733c97bc1a8828?s=96&d=mm&r=g\",\"contentUrl\":\"https:\\\/\\\/secure.gravatar.com\\\/avatar\\\/1f07f1687ca7b16e8937e05606c8d815614bf5c884a8cf863c733c97bc1a8828?s=96&d=mm&r=g\",\"caption\":\"seine-et-marne\"},\"url\":\"https:\\\/\\\/www.reseau-entreprendre.org\\\/seine-et-marne\\\/author\\\/seine-et-marne\\\/\"}]}<\/script>\n<!-- \/ Yoast SEO plugin. -->","yoast_head_json":{"title":"Portrait chef d'entreprise : Jean-Jacques DURANTE - R\u00e9seau Entreprendre Seine et Marne","description":"Portrait de Jean-Jacques DURANTE, adh\u00e9rent de R\u00e9seau Entreprendre Seine & Marne, manager de transition et co-fondateur de Skills-Alliance.","robots":{"index":"index","follow":"follow","max-snippet":"max-snippet:-1","max-image-preview":"max-image-preview:large","max-video-preview":"max-video-preview:-1"},"canonical":"https:\/\/www.reseau-entreprendre.org\/seine-et-marne\/2019\/05\/06\/portrait-chef-dentreprise-jean-jacques-durante\/","og_locale":"fr_FR","og_type":"article","og_title":"Portrait chef d'entreprise : Jean-Jacques DURANTE - R\u00e9seau Entreprendre Seine et Marne","og_description":"Portrait de Jean-Jacques DURANTE, adh\u00e9rent de R\u00e9seau Entreprendre Seine & Marne, manager de transition et co-fondateur de Skills-Alliance.","og_url":"https:\/\/www.reseau-entreprendre.org\/seine-et-marne\/2019\/05\/06\/portrait-chef-dentreprise-jean-jacques-durante\/","og_site_name":"R\u00e9seau Entreprendre Seine et Marne","article_publisher":"https:\/\/www.facebook.com\/RESeineetMarne\/","article_published_time":"2019-05-06T14:45:10+00:00","article_modified_time":"2022-04-12T14:12:12+00:00","og_image":[{"width":454,"height":454,"url":"https:\/\/www.reseau-entreprendre.org\/seine-et-marne\/wp-content\/uploads\/sites\/20\/2019\/05\/DURANTE.jpg","type":"image\/jpeg"}],"author":"seine-et-marne","twitter_card":"summary_large_image","twitter_creator":"@RE_SeineetMarne","twitter_site":"@RE_SeineetMarne","twitter_misc":{"\u00c9crit par":"seine-et-marne","Dur\u00e9e de lecture estim\u00e9e":"3 minutes"},"schema":{"@context":"https:\/\/schema.org","@graph":[{"@type":"Article","@id":"https:\/\/www.reseau-entreprendre.org\/seine-et-marne\/2019\/05\/06\/portrait-chef-dentreprise-jean-jacques-durante\/#article","isPartOf":{"@id":"https:\/\/www.reseau-entreprendre.org\/seine-et-marne\/2019\/05\/06\/portrait-chef-dentreprise-jean-jacques-durante\/"},"author":{"name":"seine-et-marne","@id":"https:\/\/www.reseau-entreprendre.org\/seine-et-marne\/#\/schema\/person\/1ff4b10be647581136fcab76240d052b"},"headline":"Portrait chef d&#8217;entreprise : Jean-Jacques DURANTE","datePublished":"2019-05-06T14:45:10+00:00","dateModified":"2022-04-12T14:12:12+00:00","mainEntityOfPage":{"@id":"https:\/\/www.reseau-entreprendre.org\/seine-et-marne\/2019\/05\/06\/portrait-chef-dentreprise-jean-jacques-durante\/"},"wordCount":668,"image":{"@id":"https:\/\/www.reseau-entreprendre.org\/seine-et-marne\/2019\/05\/06\/portrait-chef-dentreprise-jean-jacques-durante\/#primaryimage"},"thumbnailUrl":"https:\/\/www.reseau-entreprendre.org\/seine-et-marne\/wp-content\/uploads\/sites\/20\/2019\/05\/DURANTE.jpg","keywords":["portrait"],"articleSection":["Actualit\u00e9s"],"inLanguage":"fr-FR"},{"@type":"WebPage","@id":"https:\/\/www.reseau-entreprendre.org\/seine-et-marne\/2019\/05\/06\/portrait-chef-dentreprise-jean-jacques-durante\/","url":"https:\/\/www.reseau-entreprendre.org\/seine-et-marne\/2019\/05\/06\/portrait-chef-dentreprise-jean-jacques-durante\/","name":"Portrait chef d'entreprise : Jean-Jacques DURANTE - R\u00e9seau Entreprendre Seine et Marne","isPartOf":{"@id":"https:\/\/www.reseau-entreprendre.org\/seine-et-marne\/#website"},"primaryImageOfPage":{"@id":"https:\/\/www.reseau-entreprendre.org\/seine-et-marne\/2019\/05\/06\/portrait-chef-dentreprise-jean-jacques-durante\/#primaryimage"},"image":{"@id":"https:\/\/www.reseau-entreprendre.org\/seine-et-marne\/2019\/05\/06\/portrait-chef-dentreprise-jean-jacques-durante\/#primaryimage"},"thumbnailUrl":"https:\/\/www.reseau-entreprendre.org\/seine-et-marne\/wp-content\/uploads\/sites\/20\/2019\/05\/DURANTE.jpg","datePublished":"2019-05-06T14:45:10+00:00","dateModified":"2022-04-12T14:12:12+00:00","author":{"@id":"https:\/\/www.reseau-entreprendre.org\/seine-et-marne\/#\/schema\/person\/1ff4b10be647581136fcab76240d052b"},"description":"Portrait de Jean-Jacques DURANTE, adh\u00e9rent de R\u00e9seau Entreprendre Seine & Marne, manager de transition et co-fondateur de Skills-Alliance.","breadcrumb":{"@id":"https:\/\/www.reseau-entreprendre.org\/seine-et-marne\/2019\/05\/06\/portrait-chef-dentreprise-jean-jacques-durante\/#breadcrumb"},"inLanguage":"fr-FR","potentialAction":[{"@type":"ReadAction","target":["https:\/\/www.reseau-entreprendre.org\/seine-et-marne\/2019\/05\/06\/portrait-chef-dentreprise-jean-jacques-durante\/"]}]},{"@type":"ImageObject","inLanguage":"fr-FR","@id":"https:\/\/www.reseau-entreprendre.org\/seine-et-marne\/2019\/05\/06\/portrait-chef-dentreprise-jean-jacques-durante\/#primaryimage","url":"https:\/\/www.reseau-entreprendre.org\/seine-et-marne\/wp-content\/uploads\/sites\/20\/2019\/05\/DURANTE.jpg","contentUrl":"https:\/\/www.reseau-entreprendre.org\/seine-et-marne\/wp-content\/uploads\/sites\/20\/2019\/05\/DURANTE.jpg","width":454,"height":454},{"@type":"BreadcrumbList","@id":"https:\/\/www.reseau-entreprendre.org\/seine-et-marne\/2019\/05\/06\/portrait-chef-dentreprise-jean-jacques-durante\/#breadcrumb","itemListElement":[{"@type":"ListItem","position":1,"name":"Accueil","item":"https:\/\/www.reseau-entreprendre.org\/seine-et-marne\/"},{"@type":"ListItem","position":2,"name":"Portrait chef d&rsquo;entreprise : Jean-Jacques DURANTE"}]},{"@type":"WebSite","@id":"https:\/\/www.reseau-entreprendre.org\/seine-et-marne\/#website","url":"https:\/\/www.reseau-entreprendre.org\/seine-et-marne\/","name":"R\u00e9seau Entreprendre Seine et Marne","description":"Un site utilisant Les sites de R\u00e9seau Entreprendre","potentialAction":[{"@type":"SearchAction","target":{"@type":"EntryPoint","urlTemplate":"https:\/\/www.reseau-entreprendre.org\/seine-et-marne\/?s={search_term_string}"},"query-input":{"@type":"PropertyValueSpecification","valueRequired":true,"valueName":"search_term_string"}}],"inLanguage":"fr-FR"},{"@type":"Person","@id":"https:\/\/www.reseau-entreprendre.org\/seine-et-marne\/#\/schema\/person\/1ff4b10be647581136fcab76240d052b","name":"seine-et-marne","image":{"@type":"ImageObject","inLanguage":"fr-FR","@id":"https:\/\/secure.gravatar.com\/avatar\/1f07f1687ca7b16e8937e05606c8d815614bf5c884a8cf863c733c97bc1a8828?s=96&d=mm&r=g","url":"https:\/\/secure.gravatar.com\/avatar\/1f07f1687ca7b16e8937e05606c8d815614bf5c884a8cf863c733c97bc1a8828?s=96&d=mm&r=g","contentUrl":"https:\/\/secure.gravatar.com\/avatar\/1f07f1687ca7b16e8937e05606c8d815614bf5c884a8cf863c733c97bc1a8828?s=96&d=mm&r=g","caption":"seine-et-marne"},"url":"https:\/\/www.reseau-entreprendre.org\/seine-et-marne\/author\/seine-et-marne\/"}]}},"_links":{"self":[{"href":"https:\/\/www.reseau-entreprendre.org\/seine-et-marne\/wp-json\/wp\/v2\/posts\/1375","targetHints":{"allow":["GET"]}}],"collection":[{"href":"https:\/\/www.reseau-entreprendre.org\/seine-et-marne\/wp-json\/wp\/v2\/posts"}],"about":[{"href":"https:\/\/www.reseau-entreprendre.org\/seine-et-marne\/wp-json\/wp\/v2\/types\/post"}],"author":[{"embeddable":true,"href":"https:\/\/www.reseau-entreprendre.org\/seine-et-marne\/wp-json\/wp\/v2\/users\/20"}],"replies":[{"embeddable":true,"href":"https:\/\/www.reseau-entreprendre.org\/seine-et-marne\/wp-json\/wp\/v2\/comments?post=1375"}],"version-history":[{"count":0,"href":"https:\/\/www.reseau-entreprendre.org\/seine-et-marne\/wp-json\/wp\/v2\/posts\/1375\/revisions"}],"wp:featuredmedia":[{"embeddable":true,"href":"https:\/\/www.reseau-entreprendre.org\/seine-et-marne\/wp-json\/wp\/v2\/media\/1376"}],"wp:attachment":[{"href":"https:\/\/www.reseau-entreprendre.org\/seine-et-marne\/wp-json\/wp\/v2\/media?parent=1375"}],"wp:term":[{"taxonomy":"category","embeddable":true,"href":"https:\/\/www.reseau-entreprendre.org\/seine-et-marne\/wp-json\/wp\/v2\/categories?post=1375"},{"taxonomy":"post_tag","embeddable":true,"href":"https:\/\/www.reseau-entreprendre.org\/seine-et-marne\/wp-json\/wp\/v2\/tags?post=1375"}],"curies":[{"name":"wp","href":"https:\/\/api.w.org\/{rel}","templated":true}]}}