{"id":1381,"date":"2019-05-17T16:37:52","date_gmt":"2019-05-17T14:37:52","guid":{"rendered":"https:\/\/www.reseau-entreprendre.org\/seine-et-marne\/?p=1381"},"modified":"2022-04-12T16:12:12","modified_gmt":"2022-04-12T14:12:12","slug":"portraits-creatrices-juliette-sabatier-et-lise-mailliard","status":"publish","type":"post","link":"https:\/\/www.reseau-entreprendre.org\/seine-et-marne\/2019\/05\/17\/portraits-creatrices-juliette-sabatier-et-lise-mailliard\/","title":{"rendered":"Portraits cr\u00e9atrices : Juliette SABATIER et Lise MAILLIARD"},"content":{"rendered":"<p style=\"text-align: justify\"><strong><span style=\"color: #268597\">R\u00e9seau Entreprendre Seine &amp; Marne accompagne deux nouvelles entrepreneuses Laur\u00e9ates, Juliette SABATIER et Lise MAILLIARD, cr\u00e9atrices de la confiserie TinyBird. Nous leur avons pos\u00e9 quelques questions afin de vous permettre de mieux conna\u00eetre les porteurs de projets et entreprises du r\u00e9seau ! <img loading=\"lazy\" decoding=\"async\" class=\"size-medium wp-image-1396 alignright\" src=\"https:\/\/www.reseau-entreprendre.org\/seine-et-marne\/wp-content\/uploads\/sites\/20\/2019\/05\/POST-TINY-BIRD-site-web-300x300.jpg\" alt=\"\" width=\"300\" height=\"300\" srcset=\"https:\/\/www.reseau-entreprendre.org\/seine-et-marne\/wp-content\/uploads\/sites\/20\/2019\/05\/POST-TINY-BIRD-site-web-300x300.jpg 300w, https:\/\/www.reseau-entreprendre.org\/seine-et-marne\/wp-content\/uploads\/sites\/20\/2019\/05\/POST-TINY-BIRD-site-web-150x150.jpg 150w, https:\/\/www.reseau-entreprendre.org\/seine-et-marne\/wp-content\/uploads\/sites\/20\/2019\/05\/POST-TINY-BIRD-site-web-768x768.jpg 768w, https:\/\/www.reseau-entreprendre.org\/seine-et-marne\/wp-content\/uploads\/sites\/20\/2019\/05\/POST-TINY-BIRD-site-web-1024x1024.jpg 1024w, https:\/\/www.reseau-entreprendre.org\/seine-et-marne\/wp-content\/uploads\/sites\/20\/2019\/05\/POST-TINY-BIRD-site-web.jpg 1080w\" sizes=\"auto, (max-width: 300px) 100vw, 300px\" \/><\/span><\/strong><\/p>\n<ul>\n<li style=\"text-align: justify\"><strong><span style=\"color: #268597\">Pouvez-vous pr\u00e9senter votre projet ?<\/span><\/strong><\/li>\n<\/ul>\n<p style=\"text-align: justify\">Chez TinyBird nous voulons rendre accessible des alternatives saines aux produits habituellement tr\u00e8s transform\u00e9s et sans int\u00e9r\u00eat nutritif. Pour cela nous d\u00e9veloppons nos produits selon un cahier des charges strict. Nous voulons donc proposer des produits 100% naturels, sans ajouter ni colorant, ni ar\u00f4me, ni conservateur, des produits o\u00f9 le go\u00fbt et la simplicit\u00e9\u0301 doivent \u00eatre les seuls mots d\u2019ordre. Notre premi\u00e8re gamme r\u00e9invente les bonbons de notre enfance en respectant cette vision d\u2019une alimentation alliant plaisir et bien-\u00eatre.<\/p>\n<ul>\n<li style=\"text-align: justify\"><span style=\"color: #268597\"><strong>Comment l\u2019id\u00e9e d\u2019entreprendre vous est venue ?<\/strong><\/span><\/li>\n<\/ul>\n<p style=\"text-align: justify\">Nous nous sommes rencontr\u00e9es en 2016, sur les bancs de l\u2019\u00e9cole. Suivant toutes les deux le module d\u2019entrepreneuriat \u00e0 Chimie ParisTech, c\u2019est alors que l\u2019envie de cr\u00e9er des bonbons est n\u00e9e. Apr\u00e8s notre dipl\u00f4me en 2017, nous nous sommes lanc\u00e9es ensemble dans l\u2019aventure TinyBird par envie et par passion, en mettant nos comp\u00e9tences techniques au service de la gourmandise.<\/p>\n<p style=\"text-align: justify\">De plus en plus sensibilis\u00e9e \u00e0 l\u2019importance d\u2019un mode de vie sain (qui passe aussi par une alimentation saine) nous avons voulu contribuer \u00e0 changer les (mauvaises) habitudes des consommateurs. Avec TinyBird, nous apprenons tous les jours, progressons constamment et nous nous d\u00e9veloppons tant sur le plan personnel que sur le plan professionnel. Faire un travail qui nous pla\u00eet vraiment, qui a du sens et qui est en accord avec nos valeurs personnelle est d\u2019une tr\u00e8s grande importance. Nous voulons propager nos valeurs, aupr\u00e8s de nos consommateurs mais aussi aupr\u00e8s de nos partenaires et de nos futurs employ\u00e9s. Promouvoir le travail d\u2019artisan, le made in France et les entreprises fran\u00e7aises sont au c\u0153ur de nos r\u00e9flexions et de nos motivations.<\/p>\n<ul>\n<li style=\"text-align: justify\"><span style=\"color: #268597\"><strong>Pourquoi se faire accompagner par R\u00e9seau Entreprendre et que pensez-vous apporter \u00e0 l\u2019association ?<\/strong><\/span><\/li>\n<\/ul>\n<p style=\"text-align: justify\">R\u00e9seau Entreprendre est plus qu\u2019un organisme de pr\u00eat d\u2019honneur. Le r\u00e9seau \u00e0 pour valeurs l\u2019humain et le partage : il permet l\u2019accompagnement d\u2019un projet dans la dur\u00e9e. \u00catre mis en relation avec un mentor, avoir une promotion de porteurs de projet est un grand avantage. Je suis persuad\u00e9e qu\u2019on a tous \u00e0 apprendre des autres, notamment de ceux avec plus d\u2019exp\u00e9rience et c\u2019est cela que propose r\u00e9seau entreprendre. Selon moi, le succ\u00e8s d\u2019une entreprise est intimement lie\u0301 aux porteurs du projet et \u00e0 leur capacite\u0301 \u00e0 s\u2019entourer intelligemment. C\u2019est pour ces raison que nous venons au r\u00e9seau entreprendre, dans l\u2019optique d\u2019\u00e9changer avec d\u2019autres porteurs de projet, d\u2019\u00eatre conseill\u00e9es par un mentor qui poss\u00e8de une r\u00e9elle exp\u00e9rience entrepreneuriale et dans le futur de pouvoir nous m\u00eame mettre notre exp\u00e9rience \u00e0 disposition du r\u00e9seau. Dans quelques ann\u00e9es, quand TinyBird aura grandi, j\u2019esp\u00e8re que nous pourrons \u00e0 notre tour nous investir dans le r\u00e9seau entreprendre et accompagner et aider d\u2019autres porteurs de projet, comme nous aurons \u00e9t\u00e9 aid\u00e9es.<\/p>\n","protected":false},"excerpt":{"rendered":"<p>R\u00e9seau Entreprendre Seine &amp; Marne accompagne deux nouvelles entrepreneuses Laur\u00e9ates,<\/p>\n","protected":false},"author":20,"featured_media":1382,"comment_status":"closed","ping_status":"open","sticky":false,"template":"","format":"standard","meta":{"_acf_changed":false,"_monsterinsights_skip_tracking":false,"_monsterinsights_sitenote_active":false,"_monsterinsights_sitenote_note":"","_monsterinsights_sitenote_category":0,"footnotes":""},"categories":[4],"tags":[13],"class_list":["post-1381","post","type-post","status-publish","format-standard","has-post-thumbnail","hentry","category-actualites","tag-portrait","news"],"acf":[],"yoast_head":"<!-- This site is optimized with the Yoast SEO plugin v27.4 - https:\/\/yoast.com\/product\/yoast-seo-wordpress\/ -->\n<title>Portraits cr\u00e9atrices : Juliette SABATIER et Lise MAILLIARD - R\u00e9seau Entreprendre Seine et Marne<\/title>\n<meta name=\"description\" content=\"R\u00e9seau Entreprendre Seine &amp; Marne accompagne deux nouvelles Laur\u00e9ates, Juliette SABATIER et Lise MAILLIARD, cr\u00e9atrices de la confiserie TinyBird.\" \/>\n<meta name=\"robots\" content=\"index, follow, max-snippet:-1, max-image-preview:large, max-video-preview:-1\" \/>\n<link rel=\"canonical\" href=\"https:\/\/www.reseau-entreprendre.org\/seine-et-marne\/2019\/05\/17\/portraits-creatrices-juliette-sabatier-et-lise-mailliard\/\" \/>\n<meta property=\"og:locale\" content=\"fr_FR\" \/>\n<meta property=\"og:type\" content=\"article\" \/>\n<meta property=\"og:title\" content=\"Portraits cr\u00e9atrices : Juliette SABATIER et Lise MAILLIARD - R\u00e9seau Entreprendre Seine et Marne\" \/>\n<meta property=\"og:description\" content=\"R\u00e9seau Entreprendre Seine &amp; Marne accompagne deux nouvelles Laur\u00e9ates, Juliette SABATIER et Lise MAILLIARD, cr\u00e9atrices de la confiserie TinyBird.\" \/>\n<meta property=\"og:url\" content=\"https:\/\/www.reseau-entreprendre.org\/seine-et-marne\/2019\/05\/17\/portraits-creatrices-juliette-sabatier-et-lise-mailliard\/\" \/>\n<meta property=\"og:site_name\" content=\"R\u00e9seau Entreprendre Seine et Marne\" \/>\n<meta property=\"article:publisher\" content=\"https:\/\/www.facebook.com\/RESeineetMarne\/\" \/>\n<meta property=\"article:published_time\" content=\"2019-05-17T14:37:52+00:00\" \/>\n<meta property=\"article:modified_time\" content=\"2022-04-12T14:12:12+00:00\" \/>\n<meta property=\"og:image\" content=\"https:\/\/www.reseau-entreprendre.org\/seine-et-marne\/wp-content\/uploads\/sites\/20\/2019\/05\/IMAGE-APERCU-ARTICLE-LAUREATES-TINY-BIRD.jpg\" \/>\n\t<meta property=\"og:image:width\" content=\"2409\" \/>\n\t<meta property=\"og:image:height\" content=\"1370\" \/>\n\t<meta property=\"og:image:type\" content=\"image\/jpeg\" \/>\n<meta name=\"author\" content=\"seine-et-marne\" \/>\n<meta name=\"twitter:card\" content=\"summary_large_image\" \/>\n<meta name=\"twitter:creator\" content=\"@RE_SeineetMarne\" \/>\n<meta name=\"twitter:site\" content=\"@RE_SeineetMarne\" \/>\n<meta name=\"twitter:label1\" content=\"\u00c9crit par\" \/>\n\t<meta name=\"twitter:data1\" content=\"seine-et-marne\" \/>\n\t<meta name=\"twitter:label2\" content=\"Dur\u00e9e de lecture estim\u00e9e\" \/>\n\t<meta name=\"twitter:data2\" content=\"3 minutes\" \/>\n<script type=\"application\/ld+json\" class=\"yoast-schema-graph\">{\"@context\":\"https:\\\/\\\/schema.org\",\"@graph\":[{\"@type\":\"Article\",\"@id\":\"https:\\\/\\\/www.reseau-entreprendre.org\\\/seine-et-marne\\\/2019\\\/05\\\/17\\\/portraits-creatrices-juliette-sabatier-et-lise-mailliard\\\/#article\",\"isPartOf\":{\"@id\":\"https:\\\/\\\/www.reseau-entreprendre.org\\\/seine-et-marne\\\/2019\\\/05\\\/17\\\/portraits-creatrices-juliette-sabatier-et-lise-mailliard\\\/\"},\"author\":{\"name\":\"seine-et-marne\",\"@id\":\"https:\\\/\\\/www.reseau-entreprendre.org\\\/seine-et-marne\\\/#\\\/schema\\\/person\\\/1ff4b10be647581136fcab76240d052b\"},\"headline\":\"Portraits cr\u00e9atrices : Juliette SABATIER et Lise MAILLIARD\",\"datePublished\":\"2019-05-17T14:37:52+00:00\",\"dateModified\":\"2022-04-12T14:12:12+00:00\",\"mainEntityOfPage\":{\"@id\":\"https:\\\/\\\/www.reseau-entreprendre.org\\\/seine-et-marne\\\/2019\\\/05\\\/17\\\/portraits-creatrices-juliette-sabatier-et-lise-mailliard\\\/\"},\"wordCount\":567,\"image\":{\"@id\":\"https:\\\/\\\/www.reseau-entreprendre.org\\\/seine-et-marne\\\/2019\\\/05\\\/17\\\/portraits-creatrices-juliette-sabatier-et-lise-mailliard\\\/#primaryimage\"},\"thumbnailUrl\":\"https:\\\/\\\/www.reseau-entreprendre.org\\\/seine-et-marne\\\/wp-content\\\/uploads\\\/sites\\\/20\\\/2019\\\/05\\\/IMAGE-APERCU-ARTICLE-LAUREATES-TINY-BIRD.jpg\",\"keywords\":[\"portrait\"],\"articleSection\":[\"Actualit\u00e9s\"],\"inLanguage\":\"fr-FR\"},{\"@type\":\"WebPage\",\"@id\":\"https:\\\/\\\/www.reseau-entreprendre.org\\\/seine-et-marne\\\/2019\\\/05\\\/17\\\/portraits-creatrices-juliette-sabatier-et-lise-mailliard\\\/\",\"url\":\"https:\\\/\\\/www.reseau-entreprendre.org\\\/seine-et-marne\\\/2019\\\/05\\\/17\\\/portraits-creatrices-juliette-sabatier-et-lise-mailliard\\\/\",\"name\":\"Portraits cr\u00e9atrices : Juliette SABATIER et Lise MAILLIARD - R\u00e9seau Entreprendre Seine et Marne\",\"isPartOf\":{\"@id\":\"https:\\\/\\\/www.reseau-entreprendre.org\\\/seine-et-marne\\\/#website\"},\"primaryImageOfPage\":{\"@id\":\"https:\\\/\\\/www.reseau-entreprendre.org\\\/seine-et-marne\\\/2019\\\/05\\\/17\\\/portraits-creatrices-juliette-sabatier-et-lise-mailliard\\\/#primaryimage\"},\"image\":{\"@id\":\"https:\\\/\\\/www.reseau-entreprendre.org\\\/seine-et-marne\\\/2019\\\/05\\\/17\\\/portraits-creatrices-juliette-sabatier-et-lise-mailliard\\\/#primaryimage\"},\"thumbnailUrl\":\"https:\\\/\\\/www.reseau-entreprendre.org\\\/seine-et-marne\\\/wp-content\\\/uploads\\\/sites\\\/20\\\/2019\\\/05\\\/IMAGE-APERCU-ARTICLE-LAUREATES-TINY-BIRD.jpg\",\"datePublished\":\"2019-05-17T14:37:52+00:00\",\"dateModified\":\"2022-04-12T14:12:12+00:00\",\"author\":{\"@id\":\"https:\\\/\\\/www.reseau-entreprendre.org\\\/seine-et-marne\\\/#\\\/schema\\\/person\\\/1ff4b10be647581136fcab76240d052b\"},\"description\":\"R\u00e9seau Entreprendre Seine & Marne accompagne deux nouvelles Laur\u00e9ates, Juliette SABATIER et Lise MAILLIARD, cr\u00e9atrices de la confiserie TinyBird.\",\"breadcrumb\":{\"@id\":\"https:\\\/\\\/www.reseau-entreprendre.org\\\/seine-et-marne\\\/2019\\\/05\\\/17\\\/portraits-creatrices-juliette-sabatier-et-lise-mailliard\\\/#breadcrumb\"},\"inLanguage\":\"fr-FR\",\"potentialAction\":[{\"@type\":\"ReadAction\",\"target\":[\"https:\\\/\\\/www.reseau-entreprendre.org\\\/seine-et-marne\\\/2019\\\/05\\\/17\\\/portraits-creatrices-juliette-sabatier-et-lise-mailliard\\\/\"]}]},{\"@type\":\"ImageObject\",\"inLanguage\":\"fr-FR\",\"@id\":\"https:\\\/\\\/www.reseau-entreprendre.org\\\/seine-et-marne\\\/2019\\\/05\\\/17\\\/portraits-creatrices-juliette-sabatier-et-lise-mailliard\\\/#primaryimage\",\"url\":\"https:\\\/\\\/www.reseau-entreprendre.org\\\/seine-et-marne\\\/wp-content\\\/uploads\\\/sites\\\/20\\\/2019\\\/05\\\/IMAGE-APERCU-ARTICLE-LAUREATES-TINY-BIRD.jpg\",\"contentUrl\":\"https:\\\/\\\/www.reseau-entreprendre.org\\\/seine-et-marne\\\/wp-content\\\/uploads\\\/sites\\\/20\\\/2019\\\/05\\\/IMAGE-APERCU-ARTICLE-LAUREATES-TINY-BIRD.jpg\",\"width\":2409,\"height\":1370},{\"@type\":\"BreadcrumbList\",\"@id\":\"https:\\\/\\\/www.reseau-entreprendre.org\\\/seine-et-marne\\\/2019\\\/05\\\/17\\\/portraits-creatrices-juliette-sabatier-et-lise-mailliard\\\/#breadcrumb\",\"itemListElement\":[{\"@type\":\"ListItem\",\"position\":1,\"name\":\"Accueil\",\"item\":\"https:\\\/\\\/www.reseau-entreprendre.org\\\/seine-et-marne\\\/\"},{\"@type\":\"ListItem\",\"position\":2,\"name\":\"Portraits cr\u00e9atrices : Juliette SABATIER et Lise MAILLIARD\"}]},{\"@type\":\"WebSite\",\"@id\":\"https:\\\/\\\/www.reseau-entreprendre.org\\\/seine-et-marne\\\/#website\",\"url\":\"https:\\\/\\\/www.reseau-entreprendre.org\\\/seine-et-marne\\\/\",\"name\":\"R\u00e9seau Entreprendre Seine et Marne\",\"description\":\"Un site utilisant Les sites de R\u00e9seau Entreprendre\",\"potentialAction\":[{\"@type\":\"SearchAction\",\"target\":{\"@type\":\"EntryPoint\",\"urlTemplate\":\"https:\\\/\\\/www.reseau-entreprendre.org\\\/seine-et-marne\\\/?s={search_term_string}\"},\"query-input\":{\"@type\":\"PropertyValueSpecification\",\"valueRequired\":true,\"valueName\":\"search_term_string\"}}],\"inLanguage\":\"fr-FR\"},{\"@type\":\"Person\",\"@id\":\"https:\\\/\\\/www.reseau-entreprendre.org\\\/seine-et-marne\\\/#\\\/schema\\\/person\\\/1ff4b10be647581136fcab76240d052b\",\"name\":\"seine-et-marne\",\"image\":{\"@type\":\"ImageObject\",\"inLanguage\":\"fr-FR\",\"@id\":\"https:\\\/\\\/secure.gravatar.com\\\/avatar\\\/1f07f1687ca7b16e8937e05606c8d815614bf5c884a8cf863c733c97bc1a8828?s=96&d=mm&r=g\",\"url\":\"https:\\\/\\\/secure.gravatar.com\\\/avatar\\\/1f07f1687ca7b16e8937e05606c8d815614bf5c884a8cf863c733c97bc1a8828?s=96&d=mm&r=g\",\"contentUrl\":\"https:\\\/\\\/secure.gravatar.com\\\/avatar\\\/1f07f1687ca7b16e8937e05606c8d815614bf5c884a8cf863c733c97bc1a8828?s=96&d=mm&r=g\",\"caption\":\"seine-et-marne\"},\"url\":\"https:\\\/\\\/www.reseau-entreprendre.org\\\/seine-et-marne\\\/author\\\/seine-et-marne\\\/\"}]}<\/script>\n<!-- \/ Yoast SEO plugin. -->","yoast_head_json":{"title":"Portraits cr\u00e9atrices : Juliette SABATIER et Lise MAILLIARD - R\u00e9seau Entreprendre Seine et Marne","description":"R\u00e9seau Entreprendre Seine & Marne accompagne deux nouvelles Laur\u00e9ates, Juliette SABATIER et Lise MAILLIARD, cr\u00e9atrices de la confiserie TinyBird.","robots":{"index":"index","follow":"follow","max-snippet":"max-snippet:-1","max-image-preview":"max-image-preview:large","max-video-preview":"max-video-preview:-1"},"canonical":"https:\/\/www.reseau-entreprendre.org\/seine-et-marne\/2019\/05\/17\/portraits-creatrices-juliette-sabatier-et-lise-mailliard\/","og_locale":"fr_FR","og_type":"article","og_title":"Portraits cr\u00e9atrices : Juliette SABATIER et Lise MAILLIARD - R\u00e9seau Entreprendre Seine et Marne","og_description":"R\u00e9seau Entreprendre Seine & Marne accompagne deux nouvelles Laur\u00e9ates, Juliette SABATIER et Lise MAILLIARD, cr\u00e9atrices de la confiserie TinyBird.","og_url":"https:\/\/www.reseau-entreprendre.org\/seine-et-marne\/2019\/05\/17\/portraits-creatrices-juliette-sabatier-et-lise-mailliard\/","og_site_name":"R\u00e9seau Entreprendre Seine et Marne","article_publisher":"https:\/\/www.facebook.com\/RESeineetMarne\/","article_published_time":"2019-05-17T14:37:52+00:00","article_modified_time":"2022-04-12T14:12:12+00:00","og_image":[{"width":2409,"height":1370,"url":"https:\/\/www.reseau-entreprendre.org\/seine-et-marne\/wp-content\/uploads\/sites\/20\/2019\/05\/IMAGE-APERCU-ARTICLE-LAUREATES-TINY-BIRD.jpg","type":"image\/jpeg"}],"author":"seine-et-marne","twitter_card":"summary_large_image","twitter_creator":"@RE_SeineetMarne","twitter_site":"@RE_SeineetMarne","twitter_misc":{"\u00c9crit par":"seine-et-marne","Dur\u00e9e de lecture estim\u00e9e":"3 minutes"},"schema":{"@context":"https:\/\/schema.org","@graph":[{"@type":"Article","@id":"https:\/\/www.reseau-entreprendre.org\/seine-et-marne\/2019\/05\/17\/portraits-creatrices-juliette-sabatier-et-lise-mailliard\/#article","isPartOf":{"@id":"https:\/\/www.reseau-entreprendre.org\/seine-et-marne\/2019\/05\/17\/portraits-creatrices-juliette-sabatier-et-lise-mailliard\/"},"author":{"name":"seine-et-marne","@id":"https:\/\/www.reseau-entreprendre.org\/seine-et-marne\/#\/schema\/person\/1ff4b10be647581136fcab76240d052b"},"headline":"Portraits cr\u00e9atrices : Juliette SABATIER et Lise MAILLIARD","datePublished":"2019-05-17T14:37:52+00:00","dateModified":"2022-04-12T14:12:12+00:00","mainEntityOfPage":{"@id":"https:\/\/www.reseau-entreprendre.org\/seine-et-marne\/2019\/05\/17\/portraits-creatrices-juliette-sabatier-et-lise-mailliard\/"},"wordCount":567,"image":{"@id":"https:\/\/www.reseau-entreprendre.org\/seine-et-marne\/2019\/05\/17\/portraits-creatrices-juliette-sabatier-et-lise-mailliard\/#primaryimage"},"thumbnailUrl":"https:\/\/www.reseau-entreprendre.org\/seine-et-marne\/wp-content\/uploads\/sites\/20\/2019\/05\/IMAGE-APERCU-ARTICLE-LAUREATES-TINY-BIRD.jpg","keywords":["portrait"],"articleSection":["Actualit\u00e9s"],"inLanguage":"fr-FR"},{"@type":"WebPage","@id":"https:\/\/www.reseau-entreprendre.org\/seine-et-marne\/2019\/05\/17\/portraits-creatrices-juliette-sabatier-et-lise-mailliard\/","url":"https:\/\/www.reseau-entreprendre.org\/seine-et-marne\/2019\/05\/17\/portraits-creatrices-juliette-sabatier-et-lise-mailliard\/","name":"Portraits cr\u00e9atrices : Juliette SABATIER et Lise MAILLIARD - R\u00e9seau Entreprendre Seine et Marne","isPartOf":{"@id":"https:\/\/www.reseau-entreprendre.org\/seine-et-marne\/#website"},"primaryImageOfPage":{"@id":"https:\/\/www.reseau-entreprendre.org\/seine-et-marne\/2019\/05\/17\/portraits-creatrices-juliette-sabatier-et-lise-mailliard\/#primaryimage"},"image":{"@id":"https:\/\/www.reseau-entreprendre.org\/seine-et-marne\/2019\/05\/17\/portraits-creatrices-juliette-sabatier-et-lise-mailliard\/#primaryimage"},"thumbnailUrl":"https:\/\/www.reseau-entreprendre.org\/seine-et-marne\/wp-content\/uploads\/sites\/20\/2019\/05\/IMAGE-APERCU-ARTICLE-LAUREATES-TINY-BIRD.jpg","datePublished":"2019-05-17T14:37:52+00:00","dateModified":"2022-04-12T14:12:12+00:00","author":{"@id":"https:\/\/www.reseau-entreprendre.org\/seine-et-marne\/#\/schema\/person\/1ff4b10be647581136fcab76240d052b"},"description":"R\u00e9seau Entreprendre Seine & Marne accompagne deux nouvelles Laur\u00e9ates, Juliette SABATIER et Lise MAILLIARD, cr\u00e9atrices de la confiserie TinyBird.","breadcrumb":{"@id":"https:\/\/www.reseau-entreprendre.org\/seine-et-marne\/2019\/05\/17\/portraits-creatrices-juliette-sabatier-et-lise-mailliard\/#breadcrumb"},"inLanguage":"fr-FR","potentialAction":[{"@type":"ReadAction","target":["https:\/\/www.reseau-entreprendre.org\/seine-et-marne\/2019\/05\/17\/portraits-creatrices-juliette-sabatier-et-lise-mailliard\/"]}]},{"@type":"ImageObject","inLanguage":"fr-FR","@id":"https:\/\/www.reseau-entreprendre.org\/seine-et-marne\/2019\/05\/17\/portraits-creatrices-juliette-sabatier-et-lise-mailliard\/#primaryimage","url":"https:\/\/www.reseau-entreprendre.org\/seine-et-marne\/wp-content\/uploads\/sites\/20\/2019\/05\/IMAGE-APERCU-ARTICLE-LAUREATES-TINY-BIRD.jpg","contentUrl":"https:\/\/www.reseau-entreprendre.org\/seine-et-marne\/wp-content\/uploads\/sites\/20\/2019\/05\/IMAGE-APERCU-ARTICLE-LAUREATES-TINY-BIRD.jpg","width":2409,"height":1370},{"@type":"BreadcrumbList","@id":"https:\/\/www.reseau-entreprendre.org\/seine-et-marne\/2019\/05\/17\/portraits-creatrices-juliette-sabatier-et-lise-mailliard\/#breadcrumb","itemListElement":[{"@type":"ListItem","position":1,"name":"Accueil","item":"https:\/\/www.reseau-entreprendre.org\/seine-et-marne\/"},{"@type":"ListItem","position":2,"name":"Portraits cr\u00e9atrices : Juliette SABATIER et Lise MAILLIARD"}]},{"@type":"WebSite","@id":"https:\/\/www.reseau-entreprendre.org\/seine-et-marne\/#website","url":"https:\/\/www.reseau-entreprendre.org\/seine-et-marne\/","name":"R\u00e9seau Entreprendre Seine et Marne","description":"Un site utilisant Les sites de R\u00e9seau Entreprendre","potentialAction":[{"@type":"SearchAction","target":{"@type":"EntryPoint","urlTemplate":"https:\/\/www.reseau-entreprendre.org\/seine-et-marne\/?s={search_term_string}"},"query-input":{"@type":"PropertyValueSpecification","valueRequired":true,"valueName":"search_term_string"}}],"inLanguage":"fr-FR"},{"@type":"Person","@id":"https:\/\/www.reseau-entreprendre.org\/seine-et-marne\/#\/schema\/person\/1ff4b10be647581136fcab76240d052b","name":"seine-et-marne","image":{"@type":"ImageObject","inLanguage":"fr-FR","@id":"https:\/\/secure.gravatar.com\/avatar\/1f07f1687ca7b16e8937e05606c8d815614bf5c884a8cf863c733c97bc1a8828?s=96&d=mm&r=g","url":"https:\/\/secure.gravatar.com\/avatar\/1f07f1687ca7b16e8937e05606c8d815614bf5c884a8cf863c733c97bc1a8828?s=96&d=mm&r=g","contentUrl":"https:\/\/secure.gravatar.com\/avatar\/1f07f1687ca7b16e8937e05606c8d815614bf5c884a8cf863c733c97bc1a8828?s=96&d=mm&r=g","caption":"seine-et-marne"},"url":"https:\/\/www.reseau-entreprendre.org\/seine-et-marne\/author\/seine-et-marne\/"}]}},"_links":{"self":[{"href":"https:\/\/www.reseau-entreprendre.org\/seine-et-marne\/wp-json\/wp\/v2\/posts\/1381","targetHints":{"allow":["GET"]}}],"collection":[{"href":"https:\/\/www.reseau-entreprendre.org\/seine-et-marne\/wp-json\/wp\/v2\/posts"}],"about":[{"href":"https:\/\/www.reseau-entreprendre.org\/seine-et-marne\/wp-json\/wp\/v2\/types\/post"}],"author":[{"embeddable":true,"href":"https:\/\/www.reseau-entreprendre.org\/seine-et-marne\/wp-json\/wp\/v2\/users\/20"}],"replies":[{"embeddable":true,"href":"https:\/\/www.reseau-entreprendre.org\/seine-et-marne\/wp-json\/wp\/v2\/comments?post=1381"}],"version-history":[{"count":0,"href":"https:\/\/www.reseau-entreprendre.org\/seine-et-marne\/wp-json\/wp\/v2\/posts\/1381\/revisions"}],"wp:featuredmedia":[{"embeddable":true,"href":"https:\/\/www.reseau-entreprendre.org\/seine-et-marne\/wp-json\/wp\/v2\/media\/1382"}],"wp:attachment":[{"href":"https:\/\/www.reseau-entreprendre.org\/seine-et-marne\/wp-json\/wp\/v2\/media?parent=1381"}],"wp:term":[{"taxonomy":"category","embeddable":true,"href":"https:\/\/www.reseau-entreprendre.org\/seine-et-marne\/wp-json\/wp\/v2\/categories?post=1381"},{"taxonomy":"post_tag","embeddable":true,"href":"https:\/\/www.reseau-entreprendre.org\/seine-et-marne\/wp-json\/wp\/v2\/tags?post=1381"}],"curies":[{"name":"wp","href":"https:\/\/api.w.org\/{rel}","templated":true}]}}