{"id":1494,"date":"2019-06-26T11:39:47","date_gmt":"2019-06-26T09:39:47","guid":{"rendered":"https:\/\/www.reseau-entreprendre.org\/seine-et-marne\/?p=1494"},"modified":"2022-04-12T16:12:11","modified_gmt":"2022-04-12T14:12:11","slug":"portraits-createurs-geoffrey-taieb-et-yoann-maire","status":"publish","type":"post","link":"https:\/\/www.reseau-entreprendre.org\/seine-et-marne\/2019\/06\/26\/portraits-createurs-geoffrey-taieb-et-yoann-maire\/","title":{"rendered":"Portraits cr\u00e9ateurs : Geoffrey TAIEB et Yoann MAIRE"},"content":{"rendered":"<p style=\"text-align: justify\"><span style=\"color: #268597\"><strong>R\u00e9seau Entreprendre Seine &amp; Marne accompagne deux nouveaux entrepreneurs Laur\u00e9ats, Geoffrey TAIEB et Yoann MAIRE, cr\u00e9ateurs de la start-up Mokaya, qui con\u00e7oit des chocolats uniques gr\u00e2ce \u00e0 la technologie de l&#8217;imprimante 3D. Nous leur avons pos\u00e9 quelques questions afin de vous permettre de mieux conna\u00eetre les porteurs de projets et entreprises du r\u00e9seau !<\/strong> <\/span><\/p>\n<ul>\n<li><span style=\"color: #268597\"><b>Pouvez-vous pr\u00e9senter votre projet ?<\/b><img loading=\"lazy\" decoding=\"async\" class=\"size-medium wp-image-1498 alignright\" style=\"color: #666666;float: right;font-family: Raleway,sans-serif;font-size: 16px;font-style: normal;font-variant: normal;font-weight: 400;height: auto;letter-spacing: normal;max-width: 100%;text-align: left;text-decoration: none;text-indent: 0px;text-transform: none;vertical-align: middle;border-style: none;margin: 0.5em 0px 1.5rem 1.5rem\" src=\"https:\/\/www.reseau-entreprendre.org\/seine-et-marne\/wp-content\/uploads\/sites\/20\/2019\/06\/POST-MOKAYA-300x300.jpg\" alt=\"\" width=\"300\" height=\"300\" srcset=\"https:\/\/www.reseau-entreprendre.org\/seine-et-marne\/wp-content\/uploads\/sites\/20\/2019\/06\/POST-MOKAYA-300x300.jpg 300w, https:\/\/www.reseau-entreprendre.org\/seine-et-marne\/wp-content\/uploads\/sites\/20\/2019\/06\/POST-MOKAYA-150x150.jpg 150w, https:\/\/www.reseau-entreprendre.org\/seine-et-marne\/wp-content\/uploads\/sites\/20\/2019\/06\/POST-MOKAYA-768x768.jpg 768w, https:\/\/www.reseau-entreprendre.org\/seine-et-marne\/wp-content\/uploads\/sites\/20\/2019\/06\/POST-MOKAYA-1024x1024.jpg 1024w, https:\/\/www.reseau-entreprendre.org\/seine-et-marne\/wp-content\/uploads\/sites\/20\/2019\/06\/POST-MOKAYA.jpg 1080w\" sizes=\"auto, (max-width: 300px) 100vw, 300px\" \/><\/span><\/li>\n<\/ul>\n<p style=\"text-align: justify\">MOKAYA est une solution cl\u00e9 en main pour la cr\u00e9ation de moules sur-mesure imprim\u00e9s en 3D \u00e0 destination d\u2019industriels. Notre technologie de design et d\u2019impression 3D innovante nous permet de repousser les limites du moulage et de r\u00e9pondre \u00e0 un besoin d\u2019hyper personnalisation sans contraintes et de fa\u00e7on abordable.<\/p>\n<ul>\n<li><strong><span style=\"color: #268597\">Comment l\u2019id\u00e9e d&#8217;entreprendre vous est venue ?<\/span><\/strong><\/li>\n<\/ul>\n<p style=\"text-align: justify\">Entreprendre a toujours fait partie de nos plans de carri\u00e8re. Lorsque nous faisions nos \u00e9tudes d\u2019ing\u00e9nierie nous imaginions travailler quelques ann\u00e9es en industrie avant de lancer une entreprise. Cependant, notre rencontre, l\u2019id\u00e9e de Mokaya et l\u2019\u00e9cosyst\u00e8me fran\u00e7ais tr\u00e8s favorable nous ont pouss\u00e9 \u00e0 entreprendre plus t\u00f4t que pr\u00e9vu.<\/p>\n<ul>\n<li style=\"text-align: justify\"><strong><span style=\"color: #268597\">Pourquoi se faire accompagner par R\u00e9seau Entreprendre et que pensez-vous apporter \u00e0 l\u2019association ?<\/span><\/strong><\/li>\n<\/ul>\n<p style=\"text-align: justify\">Nous avons toujours \u00e9t\u00e9 conscients que cr\u00e9er une entreprise industrielle sans d\u2019importants moyens financiers et sans exp\u00e9rience pr\u00e9sentait un risque d\u2019\u00e9chec important. Cependant, apr\u00e8s 2 ans d\u2019existence, nous sommes fiers d\u2019avoir r\u00e9ussi \u00e0 construire une marque unique et reconnaissable qui r\u00e9pond \u00e0 un besoin sur un march\u00e9 cibl\u00e9.<\/p>\n<p style=\"text-align: justify\">A la veille d\u2019une acc\u00e9l\u00e9ration drastique de notre d\u00e9veloppement, nous sommes tr\u00e8s heureux d\u2019\u00eatre accompagn\u00e9s par le R\u00e9seau Entreprendre qui nous aidera \u00e0 g\u00e9rer notre croissance ainsi qu\u2019\u00e0 \u00e9viter un grand nombre d\u2019erreurs. Nous sommes certains que l\u2019exp\u00e9rience et la bienveillance des membres sauront nous aider \u00e0 nous d\u00e9velopper sereinement et de fa\u00e7on p\u00e9renne. Le pr\u00eat d\u2019honneur propos\u00e9 nous permettrait \u00e9galement d\u2019investir, de cr\u00e9er de la valeur et de l\u2019emploi dans le 77 tout en gardant nos libert\u00e9s. Lors des deux derni\u00e8res ann\u00e9es, nous avons eu plusieurs r\u00e9ussites visibles mais aussi un grand nombre d\u2019\u00e9checs moins visibles. Nous serions ravis d\u2019\u00e9changer sur nos retours d\u2019exp\u00e9rience avec les autres entrepreneurs du r\u00e9seau afin d\u2019alimenter la dynamique de r\u00e9ussite commune.<\/p>\n","protected":false},"excerpt":{"rendered":"<p>R\u00e9seau Entreprendre Seine &amp; Marne accompagne deux nouveaux entrepreneurs Laur\u00e9ats,<\/p>\n","protected":false},"author":20,"featured_media":1497,"comment_status":"closed","ping_status":"open","sticky":false,"template":"","format":"standard","meta":{"_acf_changed":false,"_monsterinsights_skip_tracking":false,"_monsterinsights_sitenote_active":false,"_monsterinsights_sitenote_note":"","_monsterinsights_sitenote_category":0,"footnotes":""},"categories":[4],"tags":[13],"class_list":["post-1494","post","type-post","status-publish","format-standard","has-post-thumbnail","hentry","category-actualites","tag-portrait","news"],"acf":[],"yoast_head":"<!-- This site is optimized with the Yoast SEO plugin v27.4 - https:\/\/yoast.com\/product\/yoast-seo-wordpress\/ -->\n<title>Portraits cr\u00e9ateurs : Geoffrey TAIEB et Yoann MAIRE - R\u00e9seau Entreprendre Seine et Marne<\/title>\n<meta name=\"description\" content=\"R\u00e9seau Entreprendre Seine &amp; Marne accompagne deux nouveaux entrepreneurs Laur\u00e9ats, Geoffrey TAIEB et Yoann MAIRE, cr\u00e9ateurs de la start-up Mokaya\" \/>\n<meta name=\"robots\" content=\"index, follow, max-snippet:-1, max-image-preview:large, max-video-preview:-1\" \/>\n<link rel=\"canonical\" href=\"https:\/\/www.reseau-entreprendre.org\/seine-et-marne\/2019\/06\/26\/portraits-createurs-geoffrey-taieb-et-yoann-maire\/\" \/>\n<meta property=\"og:locale\" content=\"fr_FR\" \/>\n<meta property=\"og:type\" content=\"article\" \/>\n<meta property=\"og:title\" content=\"Portraits cr\u00e9ateurs : Geoffrey TAIEB et Yoann MAIRE - R\u00e9seau Entreprendre Seine et Marne\" \/>\n<meta property=\"og:description\" content=\"R\u00e9seau Entreprendre Seine &amp; Marne accompagne deux nouveaux entrepreneurs Laur\u00e9ats, Geoffrey TAIEB et Yoann MAIRE, cr\u00e9ateurs de la start-up Mokaya\" \/>\n<meta property=\"og:url\" content=\"https:\/\/www.reseau-entreprendre.org\/seine-et-marne\/2019\/06\/26\/portraits-createurs-geoffrey-taieb-et-yoann-maire\/\" \/>\n<meta property=\"og:site_name\" content=\"R\u00e9seau Entreprendre Seine et Marne\" \/>\n<meta property=\"article:publisher\" content=\"https:\/\/www.facebook.com\/RESeineetMarne\/\" \/>\n<meta property=\"article:published_time\" content=\"2019-06-26T09:39:47+00:00\" \/>\n<meta property=\"article:modified_time\" content=\"2022-04-12T14:12:11+00:00\" \/>\n<meta property=\"og:image\" content=\"https:\/\/www.reseau-entreprendre.org\/seine-et-marne\/wp-content\/uploads\/sites\/20\/2019\/06\/IMAGE-APERCU-ARTICLE-MOKAYA.jpg\" \/>\n\t<meta property=\"og:image:width\" content=\"2409\" \/>\n\t<meta property=\"og:image:height\" content=\"1370\" \/>\n\t<meta property=\"og:image:type\" content=\"image\/jpeg\" \/>\n<meta name=\"author\" content=\"seine-et-marne\" \/>\n<meta name=\"twitter:card\" content=\"summary_large_image\" \/>\n<meta name=\"twitter:creator\" content=\"@RE_SeineetMarne\" \/>\n<meta name=\"twitter:site\" content=\"@RE_SeineetMarne\" \/>\n<meta name=\"twitter:label1\" content=\"\u00c9crit par\" \/>\n\t<meta name=\"twitter:data1\" content=\"seine-et-marne\" \/>\n\t<meta name=\"twitter:label2\" content=\"Dur\u00e9e de lecture estim\u00e9e\" \/>\n\t<meta name=\"twitter:data2\" content=\"2 minutes\" \/>\n<script type=\"application\/ld+json\" class=\"yoast-schema-graph\">{\"@context\":\"https:\\\/\\\/schema.org\",\"@graph\":[{\"@type\":\"Article\",\"@id\":\"https:\\\/\\\/www.reseau-entreprendre.org\\\/seine-et-marne\\\/2019\\\/06\\\/26\\\/portraits-createurs-geoffrey-taieb-et-yoann-maire\\\/#article\",\"isPartOf\":{\"@id\":\"https:\\\/\\\/www.reseau-entreprendre.org\\\/seine-et-marne\\\/2019\\\/06\\\/26\\\/portraits-createurs-geoffrey-taieb-et-yoann-maire\\\/\"},\"author\":{\"name\":\"seine-et-marne\",\"@id\":\"https:\\\/\\\/www.reseau-entreprendre.org\\\/seine-et-marne\\\/#\\\/schema\\\/person\\\/1ff4b10be647581136fcab76240d052b\"},\"headline\":\"Portraits cr\u00e9ateurs : Geoffrey TAIEB et Yoann MAIRE\",\"datePublished\":\"2019-06-26T09:39:47+00:00\",\"dateModified\":\"2022-04-12T14:12:11+00:00\",\"mainEntityOfPage\":{\"@id\":\"https:\\\/\\\/www.reseau-entreprendre.org\\\/seine-et-marne\\\/2019\\\/06\\\/26\\\/portraits-createurs-geoffrey-taieb-et-yoann-maire\\\/\"},\"wordCount\":410,\"image\":{\"@id\":\"https:\\\/\\\/www.reseau-entreprendre.org\\\/seine-et-marne\\\/2019\\\/06\\\/26\\\/portraits-createurs-geoffrey-taieb-et-yoann-maire\\\/#primaryimage\"},\"thumbnailUrl\":\"https:\\\/\\\/www.reseau-entreprendre.org\\\/seine-et-marne\\\/wp-content\\\/uploads\\\/sites\\\/20\\\/2019\\\/06\\\/IMAGE-APERCU-ARTICLE-MOKAYA.jpg\",\"keywords\":[\"portrait\"],\"articleSection\":[\"Actualit\u00e9s\"],\"inLanguage\":\"fr-FR\"},{\"@type\":\"WebPage\",\"@id\":\"https:\\\/\\\/www.reseau-entreprendre.org\\\/seine-et-marne\\\/2019\\\/06\\\/26\\\/portraits-createurs-geoffrey-taieb-et-yoann-maire\\\/\",\"url\":\"https:\\\/\\\/www.reseau-entreprendre.org\\\/seine-et-marne\\\/2019\\\/06\\\/26\\\/portraits-createurs-geoffrey-taieb-et-yoann-maire\\\/\",\"name\":\"Portraits cr\u00e9ateurs : Geoffrey TAIEB et Yoann MAIRE - R\u00e9seau Entreprendre Seine et Marne\",\"isPartOf\":{\"@id\":\"https:\\\/\\\/www.reseau-entreprendre.org\\\/seine-et-marne\\\/#website\"},\"primaryImageOfPage\":{\"@id\":\"https:\\\/\\\/www.reseau-entreprendre.org\\\/seine-et-marne\\\/2019\\\/06\\\/26\\\/portraits-createurs-geoffrey-taieb-et-yoann-maire\\\/#primaryimage\"},\"image\":{\"@id\":\"https:\\\/\\\/www.reseau-entreprendre.org\\\/seine-et-marne\\\/2019\\\/06\\\/26\\\/portraits-createurs-geoffrey-taieb-et-yoann-maire\\\/#primaryimage\"},\"thumbnailUrl\":\"https:\\\/\\\/www.reseau-entreprendre.org\\\/seine-et-marne\\\/wp-content\\\/uploads\\\/sites\\\/20\\\/2019\\\/06\\\/IMAGE-APERCU-ARTICLE-MOKAYA.jpg\",\"datePublished\":\"2019-06-26T09:39:47+00:00\",\"dateModified\":\"2022-04-12T14:12:11+00:00\",\"author\":{\"@id\":\"https:\\\/\\\/www.reseau-entreprendre.org\\\/seine-et-marne\\\/#\\\/schema\\\/person\\\/1ff4b10be647581136fcab76240d052b\"},\"description\":\"R\u00e9seau Entreprendre Seine & Marne accompagne deux nouveaux entrepreneurs Laur\u00e9ats, Geoffrey TAIEB et Yoann MAIRE, cr\u00e9ateurs de la start-up Mokaya\",\"breadcrumb\":{\"@id\":\"https:\\\/\\\/www.reseau-entreprendre.org\\\/seine-et-marne\\\/2019\\\/06\\\/26\\\/portraits-createurs-geoffrey-taieb-et-yoann-maire\\\/#breadcrumb\"},\"inLanguage\":\"fr-FR\",\"potentialAction\":[{\"@type\":\"ReadAction\",\"target\":[\"https:\\\/\\\/www.reseau-entreprendre.org\\\/seine-et-marne\\\/2019\\\/06\\\/26\\\/portraits-createurs-geoffrey-taieb-et-yoann-maire\\\/\"]}]},{\"@type\":\"ImageObject\",\"inLanguage\":\"fr-FR\",\"@id\":\"https:\\\/\\\/www.reseau-entreprendre.org\\\/seine-et-marne\\\/2019\\\/06\\\/26\\\/portraits-createurs-geoffrey-taieb-et-yoann-maire\\\/#primaryimage\",\"url\":\"https:\\\/\\\/www.reseau-entreprendre.org\\\/seine-et-marne\\\/wp-content\\\/uploads\\\/sites\\\/20\\\/2019\\\/06\\\/IMAGE-APERCU-ARTICLE-MOKAYA.jpg\",\"contentUrl\":\"https:\\\/\\\/www.reseau-entreprendre.org\\\/seine-et-marne\\\/wp-content\\\/uploads\\\/sites\\\/20\\\/2019\\\/06\\\/IMAGE-APERCU-ARTICLE-MOKAYA.jpg\",\"width\":2409,\"height\":1370},{\"@type\":\"BreadcrumbList\",\"@id\":\"https:\\\/\\\/www.reseau-entreprendre.org\\\/seine-et-marne\\\/2019\\\/06\\\/26\\\/portraits-createurs-geoffrey-taieb-et-yoann-maire\\\/#breadcrumb\",\"itemListElement\":[{\"@type\":\"ListItem\",\"position\":1,\"name\":\"Accueil\",\"item\":\"https:\\\/\\\/www.reseau-entreprendre.org\\\/seine-et-marne\\\/\"},{\"@type\":\"ListItem\",\"position\":2,\"name\":\"Portraits cr\u00e9ateurs : Geoffrey TAIEB et Yoann MAIRE\"}]},{\"@type\":\"WebSite\",\"@id\":\"https:\\\/\\\/www.reseau-entreprendre.org\\\/seine-et-marne\\\/#website\",\"url\":\"https:\\\/\\\/www.reseau-entreprendre.org\\\/seine-et-marne\\\/\",\"name\":\"R\u00e9seau Entreprendre Seine et Marne\",\"description\":\"Un site utilisant Les sites de R\u00e9seau Entreprendre\",\"potentialAction\":[{\"@type\":\"SearchAction\",\"target\":{\"@type\":\"EntryPoint\",\"urlTemplate\":\"https:\\\/\\\/www.reseau-entreprendre.org\\\/seine-et-marne\\\/?s={search_term_string}\"},\"query-input\":{\"@type\":\"PropertyValueSpecification\",\"valueRequired\":true,\"valueName\":\"search_term_string\"}}],\"inLanguage\":\"fr-FR\"},{\"@type\":\"Person\",\"@id\":\"https:\\\/\\\/www.reseau-entreprendre.org\\\/seine-et-marne\\\/#\\\/schema\\\/person\\\/1ff4b10be647581136fcab76240d052b\",\"name\":\"seine-et-marne\",\"image\":{\"@type\":\"ImageObject\",\"inLanguage\":\"fr-FR\",\"@id\":\"https:\\\/\\\/secure.gravatar.com\\\/avatar\\\/1f07f1687ca7b16e8937e05606c8d815614bf5c884a8cf863c733c97bc1a8828?s=96&d=mm&r=g\",\"url\":\"https:\\\/\\\/secure.gravatar.com\\\/avatar\\\/1f07f1687ca7b16e8937e05606c8d815614bf5c884a8cf863c733c97bc1a8828?s=96&d=mm&r=g\",\"contentUrl\":\"https:\\\/\\\/secure.gravatar.com\\\/avatar\\\/1f07f1687ca7b16e8937e05606c8d815614bf5c884a8cf863c733c97bc1a8828?s=96&d=mm&r=g\",\"caption\":\"seine-et-marne\"},\"url\":\"https:\\\/\\\/www.reseau-entreprendre.org\\\/seine-et-marne\\\/author\\\/seine-et-marne\\\/\"}]}<\/script>\n<!-- \/ Yoast SEO plugin. -->","yoast_head_json":{"title":"Portraits cr\u00e9ateurs : Geoffrey TAIEB et Yoann MAIRE - R\u00e9seau Entreprendre Seine et Marne","description":"R\u00e9seau Entreprendre Seine & Marne accompagne deux nouveaux entrepreneurs Laur\u00e9ats, Geoffrey TAIEB et Yoann MAIRE, cr\u00e9ateurs de la start-up Mokaya","robots":{"index":"index","follow":"follow","max-snippet":"max-snippet:-1","max-image-preview":"max-image-preview:large","max-video-preview":"max-video-preview:-1"},"canonical":"https:\/\/www.reseau-entreprendre.org\/seine-et-marne\/2019\/06\/26\/portraits-createurs-geoffrey-taieb-et-yoann-maire\/","og_locale":"fr_FR","og_type":"article","og_title":"Portraits cr\u00e9ateurs : Geoffrey TAIEB et Yoann MAIRE - R\u00e9seau Entreprendre Seine et Marne","og_description":"R\u00e9seau Entreprendre Seine & Marne accompagne deux nouveaux entrepreneurs Laur\u00e9ats, Geoffrey TAIEB et Yoann MAIRE, cr\u00e9ateurs de la start-up Mokaya","og_url":"https:\/\/www.reseau-entreprendre.org\/seine-et-marne\/2019\/06\/26\/portraits-createurs-geoffrey-taieb-et-yoann-maire\/","og_site_name":"R\u00e9seau Entreprendre Seine et Marne","article_publisher":"https:\/\/www.facebook.com\/RESeineetMarne\/","article_published_time":"2019-06-26T09:39:47+00:00","article_modified_time":"2022-04-12T14:12:11+00:00","og_image":[{"width":2409,"height":1370,"url":"https:\/\/www.reseau-entreprendre.org\/seine-et-marne\/wp-content\/uploads\/sites\/20\/2019\/06\/IMAGE-APERCU-ARTICLE-MOKAYA.jpg","type":"image\/jpeg"}],"author":"seine-et-marne","twitter_card":"summary_large_image","twitter_creator":"@RE_SeineetMarne","twitter_site":"@RE_SeineetMarne","twitter_misc":{"\u00c9crit par":"seine-et-marne","Dur\u00e9e de lecture estim\u00e9e":"2 minutes"},"schema":{"@context":"https:\/\/schema.org","@graph":[{"@type":"Article","@id":"https:\/\/www.reseau-entreprendre.org\/seine-et-marne\/2019\/06\/26\/portraits-createurs-geoffrey-taieb-et-yoann-maire\/#article","isPartOf":{"@id":"https:\/\/www.reseau-entreprendre.org\/seine-et-marne\/2019\/06\/26\/portraits-createurs-geoffrey-taieb-et-yoann-maire\/"},"author":{"name":"seine-et-marne","@id":"https:\/\/www.reseau-entreprendre.org\/seine-et-marne\/#\/schema\/person\/1ff4b10be647581136fcab76240d052b"},"headline":"Portraits cr\u00e9ateurs : Geoffrey TAIEB et Yoann MAIRE","datePublished":"2019-06-26T09:39:47+00:00","dateModified":"2022-04-12T14:12:11+00:00","mainEntityOfPage":{"@id":"https:\/\/www.reseau-entreprendre.org\/seine-et-marne\/2019\/06\/26\/portraits-createurs-geoffrey-taieb-et-yoann-maire\/"},"wordCount":410,"image":{"@id":"https:\/\/www.reseau-entreprendre.org\/seine-et-marne\/2019\/06\/26\/portraits-createurs-geoffrey-taieb-et-yoann-maire\/#primaryimage"},"thumbnailUrl":"https:\/\/www.reseau-entreprendre.org\/seine-et-marne\/wp-content\/uploads\/sites\/20\/2019\/06\/IMAGE-APERCU-ARTICLE-MOKAYA.jpg","keywords":["portrait"],"articleSection":["Actualit\u00e9s"],"inLanguage":"fr-FR"},{"@type":"WebPage","@id":"https:\/\/www.reseau-entreprendre.org\/seine-et-marne\/2019\/06\/26\/portraits-createurs-geoffrey-taieb-et-yoann-maire\/","url":"https:\/\/www.reseau-entreprendre.org\/seine-et-marne\/2019\/06\/26\/portraits-createurs-geoffrey-taieb-et-yoann-maire\/","name":"Portraits cr\u00e9ateurs : Geoffrey TAIEB et Yoann MAIRE - R\u00e9seau Entreprendre Seine et Marne","isPartOf":{"@id":"https:\/\/www.reseau-entreprendre.org\/seine-et-marne\/#website"},"primaryImageOfPage":{"@id":"https:\/\/www.reseau-entreprendre.org\/seine-et-marne\/2019\/06\/26\/portraits-createurs-geoffrey-taieb-et-yoann-maire\/#primaryimage"},"image":{"@id":"https:\/\/www.reseau-entreprendre.org\/seine-et-marne\/2019\/06\/26\/portraits-createurs-geoffrey-taieb-et-yoann-maire\/#primaryimage"},"thumbnailUrl":"https:\/\/www.reseau-entreprendre.org\/seine-et-marne\/wp-content\/uploads\/sites\/20\/2019\/06\/IMAGE-APERCU-ARTICLE-MOKAYA.jpg","datePublished":"2019-06-26T09:39:47+00:00","dateModified":"2022-04-12T14:12:11+00:00","author":{"@id":"https:\/\/www.reseau-entreprendre.org\/seine-et-marne\/#\/schema\/person\/1ff4b10be647581136fcab76240d052b"},"description":"R\u00e9seau Entreprendre Seine & Marne accompagne deux nouveaux entrepreneurs Laur\u00e9ats, Geoffrey TAIEB et Yoann MAIRE, cr\u00e9ateurs de la start-up Mokaya","breadcrumb":{"@id":"https:\/\/www.reseau-entreprendre.org\/seine-et-marne\/2019\/06\/26\/portraits-createurs-geoffrey-taieb-et-yoann-maire\/#breadcrumb"},"inLanguage":"fr-FR","potentialAction":[{"@type":"ReadAction","target":["https:\/\/www.reseau-entreprendre.org\/seine-et-marne\/2019\/06\/26\/portraits-createurs-geoffrey-taieb-et-yoann-maire\/"]}]},{"@type":"ImageObject","inLanguage":"fr-FR","@id":"https:\/\/www.reseau-entreprendre.org\/seine-et-marne\/2019\/06\/26\/portraits-createurs-geoffrey-taieb-et-yoann-maire\/#primaryimage","url":"https:\/\/www.reseau-entreprendre.org\/seine-et-marne\/wp-content\/uploads\/sites\/20\/2019\/06\/IMAGE-APERCU-ARTICLE-MOKAYA.jpg","contentUrl":"https:\/\/www.reseau-entreprendre.org\/seine-et-marne\/wp-content\/uploads\/sites\/20\/2019\/06\/IMAGE-APERCU-ARTICLE-MOKAYA.jpg","width":2409,"height":1370},{"@type":"BreadcrumbList","@id":"https:\/\/www.reseau-entreprendre.org\/seine-et-marne\/2019\/06\/26\/portraits-createurs-geoffrey-taieb-et-yoann-maire\/#breadcrumb","itemListElement":[{"@type":"ListItem","position":1,"name":"Accueil","item":"https:\/\/www.reseau-entreprendre.org\/seine-et-marne\/"},{"@type":"ListItem","position":2,"name":"Portraits cr\u00e9ateurs : Geoffrey TAIEB et Yoann MAIRE"}]},{"@type":"WebSite","@id":"https:\/\/www.reseau-entreprendre.org\/seine-et-marne\/#website","url":"https:\/\/www.reseau-entreprendre.org\/seine-et-marne\/","name":"R\u00e9seau Entreprendre Seine et Marne","description":"Un site utilisant Les sites de R\u00e9seau Entreprendre","potentialAction":[{"@type":"SearchAction","target":{"@type":"EntryPoint","urlTemplate":"https:\/\/www.reseau-entreprendre.org\/seine-et-marne\/?s={search_term_string}"},"query-input":{"@type":"PropertyValueSpecification","valueRequired":true,"valueName":"search_term_string"}}],"inLanguage":"fr-FR"},{"@type":"Person","@id":"https:\/\/www.reseau-entreprendre.org\/seine-et-marne\/#\/schema\/person\/1ff4b10be647581136fcab76240d052b","name":"seine-et-marne","image":{"@type":"ImageObject","inLanguage":"fr-FR","@id":"https:\/\/secure.gravatar.com\/avatar\/1f07f1687ca7b16e8937e05606c8d815614bf5c884a8cf863c733c97bc1a8828?s=96&d=mm&r=g","url":"https:\/\/secure.gravatar.com\/avatar\/1f07f1687ca7b16e8937e05606c8d815614bf5c884a8cf863c733c97bc1a8828?s=96&d=mm&r=g","contentUrl":"https:\/\/secure.gravatar.com\/avatar\/1f07f1687ca7b16e8937e05606c8d815614bf5c884a8cf863c733c97bc1a8828?s=96&d=mm&r=g","caption":"seine-et-marne"},"url":"https:\/\/www.reseau-entreprendre.org\/seine-et-marne\/author\/seine-et-marne\/"}]}},"_links":{"self":[{"href":"https:\/\/www.reseau-entreprendre.org\/seine-et-marne\/wp-json\/wp\/v2\/posts\/1494","targetHints":{"allow":["GET"]}}],"collection":[{"href":"https:\/\/www.reseau-entreprendre.org\/seine-et-marne\/wp-json\/wp\/v2\/posts"}],"about":[{"href":"https:\/\/www.reseau-entreprendre.org\/seine-et-marne\/wp-json\/wp\/v2\/types\/post"}],"author":[{"embeddable":true,"href":"https:\/\/www.reseau-entreprendre.org\/seine-et-marne\/wp-json\/wp\/v2\/users\/20"}],"replies":[{"embeddable":true,"href":"https:\/\/www.reseau-entreprendre.org\/seine-et-marne\/wp-json\/wp\/v2\/comments?post=1494"}],"version-history":[{"count":0,"href":"https:\/\/www.reseau-entreprendre.org\/seine-et-marne\/wp-json\/wp\/v2\/posts\/1494\/revisions"}],"wp:featuredmedia":[{"embeddable":true,"href":"https:\/\/www.reseau-entreprendre.org\/seine-et-marne\/wp-json\/wp\/v2\/media\/1497"}],"wp:attachment":[{"href":"https:\/\/www.reseau-entreprendre.org\/seine-et-marne\/wp-json\/wp\/v2\/media?parent=1494"}],"wp:term":[{"taxonomy":"category","embeddable":true,"href":"https:\/\/www.reseau-entreprendre.org\/seine-et-marne\/wp-json\/wp\/v2\/categories?post=1494"},{"taxonomy":"post_tag","embeddable":true,"href":"https:\/\/www.reseau-entreprendre.org\/seine-et-marne\/wp-json\/wp\/v2\/tags?post=1494"}],"curies":[{"name":"wp","href":"https:\/\/api.w.org\/{rel}","templated":true}]}}