{"id":1520,"date":"2019-07-12T16:35:39","date_gmt":"2019-07-12T14:35:39","guid":{"rendered":"https:\/\/www.reseau-entreprendre.org\/seine-et-marne\/?p=1520"},"modified":"2022-04-12T16:12:11","modified_gmt":"2022-04-12T14:12:11","slug":"portraits-creatrices-amandine-de-kesling-et-nathalie-samyn","status":"publish","type":"post","link":"https:\/\/www.reseau-entreprendre.org\/seine-et-marne\/2019\/07\/12\/portraits-creatrices-amandine-de-kesling-et-nathalie-samyn\/","title":{"rendered":"Portraits cr\u00e9atrices : Amandine de Kesling et Nathalie Samyn"},"content":{"rendered":"<p style=\"text-align: justify\"><strong><span style=\"color: #268597\">R\u00e9seau Entreprendre Seine &amp; Marne accompagne deux nouvelles entrepreneuses Laur\u00e9ates, Amandine de Kesling et Nathalie Samyn, cr\u00e9atrices de Bel Honor\u00e9, qui con\u00e7oit des emballages cadeaux originaux puisqu&#8217;ils sont en tissu ! Nous leur avons pos\u00e9 quelques questions afin de vous permettre de mieux conna\u00eetre les porteurs de projets et entreprises du r\u00e9seau ! <\/span><\/strong><\/p>\n<ul>\n<li style=\"text-align: justify\"><strong><span style=\"color: #268597\">Pouvez-vous pr\u00e9senter votre projet ?<\/span><\/strong><\/li>\n<\/ul>\n<p style=\"text-align: justify\">Bel Honor\u00e9 propose de r\u00e9-enchanter l\u2019art d\u2019offrir en proposant aux marques une alternative \u00e9thique et esth\u00e9tique aux emballages cadeaux traditionnels en papier ou carton \u00e0 usage unique. Nous avons d\u00e9velopp\u00e9 un mod\u00e8le unique et d\u00e9pos\u00e9, d\u2019emballages cadeaux en tissu premium (et cuir pour leur d\u00e9clinaison luxe), avec des signes distinctifs forts reprenant les codes de la papeterie. Leur forme unique, d\u00e9clin\u00e9e en 3 tailles permet d&#8217;emballer tr\u00e8s facilement n&#8217;importe quel objet du plus petit au plus grand, avec un r\u00e9sultat esth\u00e9tique garanti.<img loading=\"lazy\" decoding=\"async\" class=\"size-medium wp-image-1521 alignright\" src=\"https:\/\/www.reseau-entreprendre.org\/seine-et-marne\/wp-content\/uploads\/sites\/20\/2019\/07\/POST-BEL-HONORE-V2-300x300.jpg\" alt=\"\" width=\"300\" height=\"300\" srcset=\"https:\/\/www.reseau-entreprendre.org\/seine-et-marne\/wp-content\/uploads\/sites\/20\/2019\/07\/POST-BEL-HONORE-V2-300x300.jpg 300w, https:\/\/www.reseau-entreprendre.org\/seine-et-marne\/wp-content\/uploads\/sites\/20\/2019\/07\/POST-BEL-HONORE-V2-150x150.jpg 150w, https:\/\/www.reseau-entreprendre.org\/seine-et-marne\/wp-content\/uploads\/sites\/20\/2019\/07\/POST-BEL-HONORE-V2-768x768.jpg 768w, https:\/\/www.reseau-entreprendre.org\/seine-et-marne\/wp-content\/uploads\/sites\/20\/2019\/07\/POST-BEL-HONORE-V2-1024x1024.jpg 1024w, https:\/\/www.reseau-entreprendre.org\/seine-et-marne\/wp-content\/uploads\/sites\/20\/2019\/07\/POST-BEL-HONORE-V2.jpg 1080w\" sizes=\"auto, (max-width: 300px) 100vw, 300px\" \/><\/p>\n<p style=\"text-align: justify\">Nous avons imagin\u00e9 notre propre collection mais souhaitons aussi d\u00e9velopper les &#8220;honor\u00e9s&#8221; en marque blanche afin de permettre aux enseignes d&#8217;exprimer leur univers : ce, afin de permettre \u00e0 nos clients de proposer Bel Honor\u00e9 soit en produit final, soit l\u2019assimiler au mat\u00e9riel de vente en alternative aux emballages cadeaux traditionnels.<\/p>\n<p style=\"text-align: justify\">Avec notre produit nous vous proposons aux enseignes d\u2019apporter \u00e0 leurs clients, un dernier apport de qualit\u00e9 et de diff\u00e9renciation esth\u00e9tique et \u00e9thique \u00e0 leur exp\u00e9rience d\u2019achat notamment pour les prochaines f\u00eates de fin d\u2019ann\u00e9e.<\/p>\n<ul>\n<li><strong><span style=\"color: #268597\">Comment l\u2019id\u00e9e d&#8217;entreprendre vous est venue ?<\/span><\/strong><\/li>\n<\/ul>\n<p style=\"text-align: justify\">Toutes les deux passionn\u00e9es par le commerce, nous nous sommes aper\u00e7ues que si de plus en plus de marques affichent une d\u00e9marche responsable (transparence quant aux processus de fabrication, au choix des mati\u00e8res premi\u00e8res, respect et valorisation des employ\u00e9s), le point final de l\u2019acte d\u2019achat &#8211; mat\u00e9rialis\u00e9 par l\u2019emballage cadeau- est lui oubli\u00e9 ! Encore 20 000 tonnes de papier cadeau gaspill\u00e9s encore No\u00ebl dernier en France. Une raison simple : pas ou peu d\u2019alternatives \u00e0 l\u2019emballage traditionnel, \u00e0 l\u2019exception du furoshiki, carr\u00e9 de tissu qui permet d\u2019emballer par un syst\u00e8me de n\u0153ud. Ce produit qui commence \u00e0 se d\u00e9mocratiser pr\u00e9sente n\u00e9anmoins un c\u00f4t\u00e9 \u00e9cologique, presque trop militant z\u00e9ro d\u00e9chet. Avec Bel Honor\u00e9, nous avons souhaitons apporter une r\u00e9ponse \u00e9thique certes, mais aussi et surtout esth\u00e9tique avec des produits baignant dans un univers de marque fort, pour accompagner les enseignes et les marques dans leur d\u00e9marches pour un commerce respectueux de la plan\u00e8te.<\/p>\n<ul>\n<li><strong><span style=\"color: #268597\">Pourquoi se faire accompagner par R\u00e9seau Entreprendre et que pensez-vous apporter \u00e0 l\u2019association ?<\/span><\/strong><\/li>\n<\/ul>\n<p style=\"text-align: justify\">Nous avons d\u00e9couvert le R\u00e9seau Entreprendre \u00e0 travers l\u2019exp\u00e9rience r\u00e9ussie des propri\u00e9taires du coffee shop Lion\u2019s caf\u00e9 \u00e0 Meaux qui ont compt\u00e9 parmi les premiers laur\u00e9ats en Seine-et-Marne. Nous avons aussi \u00e9t\u00e9 convaincues via des r\u00e9cits stimulants d\u2019entrepreneurs anciens laur\u00e9ats du R\u00e9seau Entreprendre : Anti caf\u00e9, Good Gout, etc puis lors du Salon des Entrepreneurs de F\u00e9vrier 2019.<\/p>\n<p style=\"text-align: justify\">Le mois et demi de parcours d\u2019entretiens pr\u00e9alable a confirm\u00e9 l\u2019\u00e9tat d\u2019esprit affich\u00e9 du r\u00e9seau et a \u00e9t\u00e9 v\u00e9ritablement clef pour notre entreprise : c\u2019est une chance incroyable de pouvoir confronter son id\u00e9e, son business plan \u00e0 des chefs d\u2019entreprises aguerris et aux profils si vari\u00e9s et en sommes ressorties grandies. Nous avons h\u00e2te de d\u00e9buter aujourd\u2019hui les accompagnements individuels et collectifs.<\/p>\n<p style=\"text-align: justify\">Notre d\u00e9marche aujourd\u2019hui est de nous investir en local et nous positionner comme \u00e9l\u00e9ment moteur pour l\u2019entrepreneuriat meldois afin de :<br \/>\n&#8211; Faire rayonner l\u2019esprit du r\u00e9seau sur le bassin meldois aujourd\u2019hui peu repr\u00e9sent\u00e9 : 2 laur\u00e9ats meldois seulement \u00e0 ce jour !<br \/>\n&#8211; Encourager les jeunes entrepreneurs locaux \u00e0 int\u00e9grer le R\u00e9seau Entreprendre, les conseiller \u00e0 la lumi\u00e8re de notre exp\u00e9rience.<br \/>\n&#8211; Coopter de nouveaux membres parmi notre r\u00e9seau d\u2019aspirants \u00e0 l&#8217;entrepreneuriat<br \/>\n&#8211; Participer activement aux rencontres et \u00e0 la cr\u00e9ation d\u2019\u00e9mulation entre laur\u00e9ats<\/p>\n","protected":false},"excerpt":{"rendered":"<p>R\u00e9seau Entreprendre Seine &amp; Marne accompagne deux nouvelles entrepreneuses Laur\u00e9ates,<\/p>\n","protected":false},"author":20,"featured_media":1522,"comment_status":"closed","ping_status":"open","sticky":false,"template":"","format":"standard","meta":{"_acf_changed":false,"_monsterinsights_skip_tracking":false,"_monsterinsights_sitenote_active":false,"_monsterinsights_sitenote_note":"","_monsterinsights_sitenote_category":0,"footnotes":""},"categories":[4],"tags":[13],"class_list":["post-1520","post","type-post","status-publish","format-standard","has-post-thumbnail","hentry","category-actualites","tag-portrait","news"],"acf":[],"yoast_head":"<!-- This site is optimized with the Yoast SEO plugin v27.4 - https:\/\/yoast.com\/product\/yoast-seo-wordpress\/ -->\n<title>Portraits cr\u00e9atrices : Amandine de Kesling et Nathalie Samyn - R\u00e9seau Entreprendre Seine et Marne<\/title>\n<meta name=\"description\" content=\"L&#039;association accompagne deux Laur\u00e9ates, Amandine de Kesling et Nathalie Samyn, cr\u00e9atrices de Bel Honor\u00e9, qui con\u00e7oit des emballages cadeaux originaux.\" \/>\n<meta name=\"robots\" content=\"index, follow, max-snippet:-1, max-image-preview:large, max-video-preview:-1\" \/>\n<link rel=\"canonical\" href=\"https:\/\/www.reseau-entreprendre.org\/seine-et-marne\/2019\/07\/12\/portraits-creatrices-amandine-de-kesling-et-nathalie-samyn\/\" \/>\n<meta property=\"og:locale\" content=\"fr_FR\" \/>\n<meta property=\"og:type\" content=\"article\" \/>\n<meta property=\"og:title\" content=\"Portraits cr\u00e9atrices : Amandine de Kesling et Nathalie Samyn - R\u00e9seau Entreprendre Seine et Marne\" \/>\n<meta property=\"og:description\" content=\"L&#039;association accompagne deux Laur\u00e9ates, Amandine de Kesling et Nathalie Samyn, cr\u00e9atrices de Bel Honor\u00e9, qui con\u00e7oit des emballages cadeaux originaux.\" \/>\n<meta property=\"og:url\" content=\"https:\/\/www.reseau-entreprendre.org\/seine-et-marne\/2019\/07\/12\/portraits-creatrices-amandine-de-kesling-et-nathalie-samyn\/\" \/>\n<meta property=\"og:site_name\" content=\"R\u00e9seau Entreprendre Seine et Marne\" \/>\n<meta property=\"article:publisher\" content=\"https:\/\/www.facebook.com\/RESeineetMarne\/\" \/>\n<meta property=\"article:published_time\" content=\"2019-07-12T14:35:39+00:00\" \/>\n<meta property=\"article:modified_time\" content=\"2022-04-12T14:12:11+00:00\" \/>\n<meta property=\"og:image\" content=\"https:\/\/www.reseau-entreprendre.org\/seine-et-marne\/wp-content\/uploads\/sites\/20\/2019\/07\/IMAGE-APERCU-ARTICLE-bel-honore.jpg\" \/>\n\t<meta property=\"og:image:width\" content=\"2409\" \/>\n\t<meta property=\"og:image:height\" content=\"1370\" \/>\n\t<meta property=\"og:image:type\" content=\"image\/jpeg\" \/>\n<meta name=\"author\" content=\"seine-et-marne\" \/>\n<meta name=\"twitter:card\" content=\"summary_large_image\" \/>\n<meta name=\"twitter:creator\" content=\"@RE_SeineetMarne\" \/>\n<meta name=\"twitter:site\" content=\"@RE_SeineetMarne\" \/>\n<meta name=\"twitter:label1\" content=\"\u00c9crit par\" \/>\n\t<meta name=\"twitter:data1\" content=\"seine-et-marne\" \/>\n\t<meta name=\"twitter:label2\" content=\"Dur\u00e9e de lecture estim\u00e9e\" \/>\n\t<meta name=\"twitter:data2\" content=\"3 minutes\" \/>\n<script type=\"application\/ld+json\" class=\"yoast-schema-graph\">{\"@context\":\"https:\\\/\\\/schema.org\",\"@graph\":[{\"@type\":\"Article\",\"@id\":\"https:\\\/\\\/www.reseau-entreprendre.org\\\/seine-et-marne\\\/2019\\\/07\\\/12\\\/portraits-creatrices-amandine-de-kesling-et-nathalie-samyn\\\/#article\",\"isPartOf\":{\"@id\":\"https:\\\/\\\/www.reseau-entreprendre.org\\\/seine-et-marne\\\/2019\\\/07\\\/12\\\/portraits-creatrices-amandine-de-kesling-et-nathalie-samyn\\\/\"},\"author\":{\"name\":\"seine-et-marne\",\"@id\":\"https:\\\/\\\/www.reseau-entreprendre.org\\\/seine-et-marne\\\/#\\\/schema\\\/person\\\/1ff4b10be647581136fcab76240d052b\"},\"headline\":\"Portraits cr\u00e9atrices : Amandine de Kesling et Nathalie Samyn\",\"datePublished\":\"2019-07-12T14:35:39+00:00\",\"dateModified\":\"2022-04-12T14:12:11+00:00\",\"mainEntityOfPage\":{\"@id\":\"https:\\\/\\\/www.reseau-entreprendre.org\\\/seine-et-marne\\\/2019\\\/07\\\/12\\\/portraits-creatrices-amandine-de-kesling-et-nathalie-samyn\\\/\"},\"wordCount\":695,\"image\":{\"@id\":\"https:\\\/\\\/www.reseau-entreprendre.org\\\/seine-et-marne\\\/2019\\\/07\\\/12\\\/portraits-creatrices-amandine-de-kesling-et-nathalie-samyn\\\/#primaryimage\"},\"thumbnailUrl\":\"https:\\\/\\\/www.reseau-entreprendre.org\\\/seine-et-marne\\\/wp-content\\\/uploads\\\/sites\\\/20\\\/2019\\\/07\\\/IMAGE-APERCU-ARTICLE-bel-honore.jpg\",\"keywords\":[\"portrait\"],\"articleSection\":[\"Actualit\u00e9s\"],\"inLanguage\":\"fr-FR\"},{\"@type\":\"WebPage\",\"@id\":\"https:\\\/\\\/www.reseau-entreprendre.org\\\/seine-et-marne\\\/2019\\\/07\\\/12\\\/portraits-creatrices-amandine-de-kesling-et-nathalie-samyn\\\/\",\"url\":\"https:\\\/\\\/www.reseau-entreprendre.org\\\/seine-et-marne\\\/2019\\\/07\\\/12\\\/portraits-creatrices-amandine-de-kesling-et-nathalie-samyn\\\/\",\"name\":\"Portraits cr\u00e9atrices : Amandine de Kesling et Nathalie Samyn - R\u00e9seau Entreprendre Seine et Marne\",\"isPartOf\":{\"@id\":\"https:\\\/\\\/www.reseau-entreprendre.org\\\/seine-et-marne\\\/#website\"},\"primaryImageOfPage\":{\"@id\":\"https:\\\/\\\/www.reseau-entreprendre.org\\\/seine-et-marne\\\/2019\\\/07\\\/12\\\/portraits-creatrices-amandine-de-kesling-et-nathalie-samyn\\\/#primaryimage\"},\"image\":{\"@id\":\"https:\\\/\\\/www.reseau-entreprendre.org\\\/seine-et-marne\\\/2019\\\/07\\\/12\\\/portraits-creatrices-amandine-de-kesling-et-nathalie-samyn\\\/#primaryimage\"},\"thumbnailUrl\":\"https:\\\/\\\/www.reseau-entreprendre.org\\\/seine-et-marne\\\/wp-content\\\/uploads\\\/sites\\\/20\\\/2019\\\/07\\\/IMAGE-APERCU-ARTICLE-bel-honore.jpg\",\"datePublished\":\"2019-07-12T14:35:39+00:00\",\"dateModified\":\"2022-04-12T14:12:11+00:00\",\"author\":{\"@id\":\"https:\\\/\\\/www.reseau-entreprendre.org\\\/seine-et-marne\\\/#\\\/schema\\\/person\\\/1ff4b10be647581136fcab76240d052b\"},\"description\":\"L'association accompagne deux Laur\u00e9ates, Amandine de Kesling et Nathalie Samyn, cr\u00e9atrices de Bel Honor\u00e9, qui con\u00e7oit des emballages cadeaux originaux.\",\"breadcrumb\":{\"@id\":\"https:\\\/\\\/www.reseau-entreprendre.org\\\/seine-et-marne\\\/2019\\\/07\\\/12\\\/portraits-creatrices-amandine-de-kesling-et-nathalie-samyn\\\/#breadcrumb\"},\"inLanguage\":\"fr-FR\",\"potentialAction\":[{\"@type\":\"ReadAction\",\"target\":[\"https:\\\/\\\/www.reseau-entreprendre.org\\\/seine-et-marne\\\/2019\\\/07\\\/12\\\/portraits-creatrices-amandine-de-kesling-et-nathalie-samyn\\\/\"]}]},{\"@type\":\"ImageObject\",\"inLanguage\":\"fr-FR\",\"@id\":\"https:\\\/\\\/www.reseau-entreprendre.org\\\/seine-et-marne\\\/2019\\\/07\\\/12\\\/portraits-creatrices-amandine-de-kesling-et-nathalie-samyn\\\/#primaryimage\",\"url\":\"https:\\\/\\\/www.reseau-entreprendre.org\\\/seine-et-marne\\\/wp-content\\\/uploads\\\/sites\\\/20\\\/2019\\\/07\\\/IMAGE-APERCU-ARTICLE-bel-honore.jpg\",\"contentUrl\":\"https:\\\/\\\/www.reseau-entreprendre.org\\\/seine-et-marne\\\/wp-content\\\/uploads\\\/sites\\\/20\\\/2019\\\/07\\\/IMAGE-APERCU-ARTICLE-bel-honore.jpg\",\"width\":2409,\"height\":1370},{\"@type\":\"BreadcrumbList\",\"@id\":\"https:\\\/\\\/www.reseau-entreprendre.org\\\/seine-et-marne\\\/2019\\\/07\\\/12\\\/portraits-creatrices-amandine-de-kesling-et-nathalie-samyn\\\/#breadcrumb\",\"itemListElement\":[{\"@type\":\"ListItem\",\"position\":1,\"name\":\"Accueil\",\"item\":\"https:\\\/\\\/www.reseau-entreprendre.org\\\/seine-et-marne\\\/\"},{\"@type\":\"ListItem\",\"position\":2,\"name\":\"Portraits cr\u00e9atrices : Amandine de Kesling et Nathalie Samyn\"}]},{\"@type\":\"WebSite\",\"@id\":\"https:\\\/\\\/www.reseau-entreprendre.org\\\/seine-et-marne\\\/#website\",\"url\":\"https:\\\/\\\/www.reseau-entreprendre.org\\\/seine-et-marne\\\/\",\"name\":\"R\u00e9seau Entreprendre Seine et Marne\",\"description\":\"Un site utilisant Les sites de R\u00e9seau Entreprendre\",\"potentialAction\":[{\"@type\":\"SearchAction\",\"target\":{\"@type\":\"EntryPoint\",\"urlTemplate\":\"https:\\\/\\\/www.reseau-entreprendre.org\\\/seine-et-marne\\\/?s={search_term_string}\"},\"query-input\":{\"@type\":\"PropertyValueSpecification\",\"valueRequired\":true,\"valueName\":\"search_term_string\"}}],\"inLanguage\":\"fr-FR\"},{\"@type\":\"Person\",\"@id\":\"https:\\\/\\\/www.reseau-entreprendre.org\\\/seine-et-marne\\\/#\\\/schema\\\/person\\\/1ff4b10be647581136fcab76240d052b\",\"name\":\"seine-et-marne\",\"image\":{\"@type\":\"ImageObject\",\"inLanguage\":\"fr-FR\",\"@id\":\"https:\\\/\\\/secure.gravatar.com\\\/avatar\\\/1f07f1687ca7b16e8937e05606c8d815614bf5c884a8cf863c733c97bc1a8828?s=96&d=mm&r=g\",\"url\":\"https:\\\/\\\/secure.gravatar.com\\\/avatar\\\/1f07f1687ca7b16e8937e05606c8d815614bf5c884a8cf863c733c97bc1a8828?s=96&d=mm&r=g\",\"contentUrl\":\"https:\\\/\\\/secure.gravatar.com\\\/avatar\\\/1f07f1687ca7b16e8937e05606c8d815614bf5c884a8cf863c733c97bc1a8828?s=96&d=mm&r=g\",\"caption\":\"seine-et-marne\"},\"url\":\"https:\\\/\\\/www.reseau-entreprendre.org\\\/seine-et-marne\\\/author\\\/seine-et-marne\\\/\"}]}<\/script>\n<!-- \/ Yoast SEO plugin. -->","yoast_head_json":{"title":"Portraits cr\u00e9atrices : Amandine de Kesling et Nathalie Samyn - R\u00e9seau Entreprendre Seine et Marne","description":"L'association accompagne deux Laur\u00e9ates, Amandine de Kesling et Nathalie Samyn, cr\u00e9atrices de Bel Honor\u00e9, qui con\u00e7oit des emballages cadeaux originaux.","robots":{"index":"index","follow":"follow","max-snippet":"max-snippet:-1","max-image-preview":"max-image-preview:large","max-video-preview":"max-video-preview:-1"},"canonical":"https:\/\/www.reseau-entreprendre.org\/seine-et-marne\/2019\/07\/12\/portraits-creatrices-amandine-de-kesling-et-nathalie-samyn\/","og_locale":"fr_FR","og_type":"article","og_title":"Portraits cr\u00e9atrices : Amandine de Kesling et Nathalie Samyn - R\u00e9seau Entreprendre Seine et Marne","og_description":"L'association accompagne deux Laur\u00e9ates, Amandine de Kesling et Nathalie Samyn, cr\u00e9atrices de Bel Honor\u00e9, qui con\u00e7oit des emballages cadeaux originaux.","og_url":"https:\/\/www.reseau-entreprendre.org\/seine-et-marne\/2019\/07\/12\/portraits-creatrices-amandine-de-kesling-et-nathalie-samyn\/","og_site_name":"R\u00e9seau Entreprendre Seine et Marne","article_publisher":"https:\/\/www.facebook.com\/RESeineetMarne\/","article_published_time":"2019-07-12T14:35:39+00:00","article_modified_time":"2022-04-12T14:12:11+00:00","og_image":[{"width":2409,"height":1370,"url":"https:\/\/www.reseau-entreprendre.org\/seine-et-marne\/wp-content\/uploads\/sites\/20\/2019\/07\/IMAGE-APERCU-ARTICLE-bel-honore.jpg","type":"image\/jpeg"}],"author":"seine-et-marne","twitter_card":"summary_large_image","twitter_creator":"@RE_SeineetMarne","twitter_site":"@RE_SeineetMarne","twitter_misc":{"\u00c9crit par":"seine-et-marne","Dur\u00e9e de lecture estim\u00e9e":"3 minutes"},"schema":{"@context":"https:\/\/schema.org","@graph":[{"@type":"Article","@id":"https:\/\/www.reseau-entreprendre.org\/seine-et-marne\/2019\/07\/12\/portraits-creatrices-amandine-de-kesling-et-nathalie-samyn\/#article","isPartOf":{"@id":"https:\/\/www.reseau-entreprendre.org\/seine-et-marne\/2019\/07\/12\/portraits-creatrices-amandine-de-kesling-et-nathalie-samyn\/"},"author":{"name":"seine-et-marne","@id":"https:\/\/www.reseau-entreprendre.org\/seine-et-marne\/#\/schema\/person\/1ff4b10be647581136fcab76240d052b"},"headline":"Portraits cr\u00e9atrices : Amandine de Kesling et Nathalie Samyn","datePublished":"2019-07-12T14:35:39+00:00","dateModified":"2022-04-12T14:12:11+00:00","mainEntityOfPage":{"@id":"https:\/\/www.reseau-entreprendre.org\/seine-et-marne\/2019\/07\/12\/portraits-creatrices-amandine-de-kesling-et-nathalie-samyn\/"},"wordCount":695,"image":{"@id":"https:\/\/www.reseau-entreprendre.org\/seine-et-marne\/2019\/07\/12\/portraits-creatrices-amandine-de-kesling-et-nathalie-samyn\/#primaryimage"},"thumbnailUrl":"https:\/\/www.reseau-entreprendre.org\/seine-et-marne\/wp-content\/uploads\/sites\/20\/2019\/07\/IMAGE-APERCU-ARTICLE-bel-honore.jpg","keywords":["portrait"],"articleSection":["Actualit\u00e9s"],"inLanguage":"fr-FR"},{"@type":"WebPage","@id":"https:\/\/www.reseau-entreprendre.org\/seine-et-marne\/2019\/07\/12\/portraits-creatrices-amandine-de-kesling-et-nathalie-samyn\/","url":"https:\/\/www.reseau-entreprendre.org\/seine-et-marne\/2019\/07\/12\/portraits-creatrices-amandine-de-kesling-et-nathalie-samyn\/","name":"Portraits cr\u00e9atrices : Amandine de Kesling et Nathalie Samyn - R\u00e9seau Entreprendre Seine et Marne","isPartOf":{"@id":"https:\/\/www.reseau-entreprendre.org\/seine-et-marne\/#website"},"primaryImageOfPage":{"@id":"https:\/\/www.reseau-entreprendre.org\/seine-et-marne\/2019\/07\/12\/portraits-creatrices-amandine-de-kesling-et-nathalie-samyn\/#primaryimage"},"image":{"@id":"https:\/\/www.reseau-entreprendre.org\/seine-et-marne\/2019\/07\/12\/portraits-creatrices-amandine-de-kesling-et-nathalie-samyn\/#primaryimage"},"thumbnailUrl":"https:\/\/www.reseau-entreprendre.org\/seine-et-marne\/wp-content\/uploads\/sites\/20\/2019\/07\/IMAGE-APERCU-ARTICLE-bel-honore.jpg","datePublished":"2019-07-12T14:35:39+00:00","dateModified":"2022-04-12T14:12:11+00:00","author":{"@id":"https:\/\/www.reseau-entreprendre.org\/seine-et-marne\/#\/schema\/person\/1ff4b10be647581136fcab76240d052b"},"description":"L'association accompagne deux Laur\u00e9ates, Amandine de Kesling et Nathalie Samyn, cr\u00e9atrices de Bel Honor\u00e9, qui con\u00e7oit des emballages cadeaux originaux.","breadcrumb":{"@id":"https:\/\/www.reseau-entreprendre.org\/seine-et-marne\/2019\/07\/12\/portraits-creatrices-amandine-de-kesling-et-nathalie-samyn\/#breadcrumb"},"inLanguage":"fr-FR","potentialAction":[{"@type":"ReadAction","target":["https:\/\/www.reseau-entreprendre.org\/seine-et-marne\/2019\/07\/12\/portraits-creatrices-amandine-de-kesling-et-nathalie-samyn\/"]}]},{"@type":"ImageObject","inLanguage":"fr-FR","@id":"https:\/\/www.reseau-entreprendre.org\/seine-et-marne\/2019\/07\/12\/portraits-creatrices-amandine-de-kesling-et-nathalie-samyn\/#primaryimage","url":"https:\/\/www.reseau-entreprendre.org\/seine-et-marne\/wp-content\/uploads\/sites\/20\/2019\/07\/IMAGE-APERCU-ARTICLE-bel-honore.jpg","contentUrl":"https:\/\/www.reseau-entreprendre.org\/seine-et-marne\/wp-content\/uploads\/sites\/20\/2019\/07\/IMAGE-APERCU-ARTICLE-bel-honore.jpg","width":2409,"height":1370},{"@type":"BreadcrumbList","@id":"https:\/\/www.reseau-entreprendre.org\/seine-et-marne\/2019\/07\/12\/portraits-creatrices-amandine-de-kesling-et-nathalie-samyn\/#breadcrumb","itemListElement":[{"@type":"ListItem","position":1,"name":"Accueil","item":"https:\/\/www.reseau-entreprendre.org\/seine-et-marne\/"},{"@type":"ListItem","position":2,"name":"Portraits cr\u00e9atrices : Amandine de Kesling et Nathalie Samyn"}]},{"@type":"WebSite","@id":"https:\/\/www.reseau-entreprendre.org\/seine-et-marne\/#website","url":"https:\/\/www.reseau-entreprendre.org\/seine-et-marne\/","name":"R\u00e9seau Entreprendre Seine et Marne","description":"Un site utilisant Les sites de R\u00e9seau Entreprendre","potentialAction":[{"@type":"SearchAction","target":{"@type":"EntryPoint","urlTemplate":"https:\/\/www.reseau-entreprendre.org\/seine-et-marne\/?s={search_term_string}"},"query-input":{"@type":"PropertyValueSpecification","valueRequired":true,"valueName":"search_term_string"}}],"inLanguage":"fr-FR"},{"@type":"Person","@id":"https:\/\/www.reseau-entreprendre.org\/seine-et-marne\/#\/schema\/person\/1ff4b10be647581136fcab76240d052b","name":"seine-et-marne","image":{"@type":"ImageObject","inLanguage":"fr-FR","@id":"https:\/\/secure.gravatar.com\/avatar\/1f07f1687ca7b16e8937e05606c8d815614bf5c884a8cf863c733c97bc1a8828?s=96&d=mm&r=g","url":"https:\/\/secure.gravatar.com\/avatar\/1f07f1687ca7b16e8937e05606c8d815614bf5c884a8cf863c733c97bc1a8828?s=96&d=mm&r=g","contentUrl":"https:\/\/secure.gravatar.com\/avatar\/1f07f1687ca7b16e8937e05606c8d815614bf5c884a8cf863c733c97bc1a8828?s=96&d=mm&r=g","caption":"seine-et-marne"},"url":"https:\/\/www.reseau-entreprendre.org\/seine-et-marne\/author\/seine-et-marne\/"}]}},"_links":{"self":[{"href":"https:\/\/www.reseau-entreprendre.org\/seine-et-marne\/wp-json\/wp\/v2\/posts\/1520","targetHints":{"allow":["GET"]}}],"collection":[{"href":"https:\/\/www.reseau-entreprendre.org\/seine-et-marne\/wp-json\/wp\/v2\/posts"}],"about":[{"href":"https:\/\/www.reseau-entreprendre.org\/seine-et-marne\/wp-json\/wp\/v2\/types\/post"}],"author":[{"embeddable":true,"href":"https:\/\/www.reseau-entreprendre.org\/seine-et-marne\/wp-json\/wp\/v2\/users\/20"}],"replies":[{"embeddable":true,"href":"https:\/\/www.reseau-entreprendre.org\/seine-et-marne\/wp-json\/wp\/v2\/comments?post=1520"}],"version-history":[{"count":0,"href":"https:\/\/www.reseau-entreprendre.org\/seine-et-marne\/wp-json\/wp\/v2\/posts\/1520\/revisions"}],"wp:featuredmedia":[{"embeddable":true,"href":"https:\/\/www.reseau-entreprendre.org\/seine-et-marne\/wp-json\/wp\/v2\/media\/1522"}],"wp:attachment":[{"href":"https:\/\/www.reseau-entreprendre.org\/seine-et-marne\/wp-json\/wp\/v2\/media?parent=1520"}],"wp:term":[{"taxonomy":"category","embeddable":true,"href":"https:\/\/www.reseau-entreprendre.org\/seine-et-marne\/wp-json\/wp\/v2\/categories?post=1520"},{"taxonomy":"post_tag","embeddable":true,"href":"https:\/\/www.reseau-entreprendre.org\/seine-et-marne\/wp-json\/wp\/v2\/tags?post=1520"}],"curies":[{"name":"wp","href":"https:\/\/api.w.org\/{rel}","templated":true}]}}