{"id":1541,"date":"2019-07-18T16:51:09","date_gmt":"2019-07-18T14:51:09","guid":{"rendered":"https:\/\/www.reseau-entreprendre.org\/seine-et-marne\/?p=1541"},"modified":"2022-04-12T16:12:11","modified_gmt":"2022-04-12T14:12:11","slug":"celine-romain-et-audrey-marques-avec-les-entreprises-de-demain","status":"publish","type":"post","link":"https:\/\/www.reseau-entreprendre.org\/seine-et-marne\/2019\/07\/18\/celine-romain-et-audrey-marques-avec-les-entreprises-de-demain\/","title":{"rendered":"C\u00e9line Romain et Audrey Marques, engag\u00e9es pour les entreprises de demain."},"content":{"rendered":"<p style=\"text-align: justify\"><span style=\"color: #268597\"><strong>Audrey Marques et C\u00e9line Romain, adh\u00e9rentes de R\u00e9seau Entreprendre Seine-et-Marne sont engag\u00e9es dans l&#8217;accompagnement des entreprises de demain. Elles<\/strong><\/span><span style=\"color: #268597\"><strong> ont t\u00e9moign\u00e9 dans les presses institutionnelles.<br \/>\n<\/strong><\/span><\/p>\n<p style=\"text-align: justify\"><strong>C\u00e9line Romain<\/strong>, fondatrice de RurBan Coop, s&#8217;est confi\u00e9e sur sa Coop\u00e9rative d&#8217;activit\u00e9 et d&#8217;emploi (CAE) dans le magazine de Melun Val de Seine, <em>Mon agglo <\/em>(n\u00b050).<\/p>\n<p style=\"text-align: justify;padding-left: 40px\"><strong><span style=\"color: #d70635\">&#8220;Il s&#8217;agit d&#8217;une structure qui permet \u00e0 des entrepreneurs individuels de cr\u00e9er leur activit\u00e9, en conservant leur statut de salari\u00e9.&#8221;<\/span><\/strong><\/p>\n<p style=\"text-align: justify\">Accompagner des porteurs de projets, c&#8217;est le c\u0153ur de m\u00e9tier de l&#8217;entrepreneuse aux valeurs humanistes, tout comme R\u00e9seau Entreprendre. Soucieuse de l&#8217;activit\u00e9 sur le territoire la coop\u00e9rative s&#8217;implique dans les zones rurales et urbaines (d&#8217;o\u00f9 le nom &#8220;Rurban&#8221;). Pour en savoir plus, d\u00e9couvrez l&#8217;article complet ci-dessous.<\/p>\n<p style=\"text-align: justify\"><strong>Audrey Marques<\/strong>, directrice g\u00e9n\u00e9rale d&#8217;EOZ, est marraine des <em>Mini-entreprises, <\/em>dont notre association fait partie du jury. Elle fait part de l&#8217;importance de la passerelle entre le monde professionnel et l&#8217;\u00e9cole.<\/p>\n<p style=\"padding-left: 40px\"><span style=\"color: #d70635\"><strong>&#8220;Il en est de la responsabilit\u00e9\u00a0 des entrepreneurs de cr\u00e9er le lien avec leurs futurs salari\u00e9s et ce, d\u00e8s le plus jeune \u00e2ge&#8221;<\/strong><\/span><\/p>\n<p style=\"text-align: justify\">D\u00e9couvrez son point de vue dans l&#8217;article ci-dessous, issu de <em>Cap&#8217;IDF<\/em>, le magazine du MEDEF Ile-de-France (n\u00b067).<\/p>\n<p>&nbsp;<\/p>\n<p><img loading=\"lazy\" decoding=\"async\" class=\"aligncenter wp-image-1543 size-full\" src=\"https:\/\/www.reseau-entreprendre.org\/seine-et-marne\/wp-content\/uploads\/sites\/20\/2019\/07\/C\u00e9line-ROMAIN-RURBAN-COOP-ARTICLE-MON-AGGLO.jpg\" alt=\"\" width=\"1055\" height=\"1295\" srcset=\"https:\/\/www.reseau-entreprendre.org\/seine-et-marne\/wp-content\/uploads\/sites\/20\/2019\/07\/C\u00e9line-ROMAIN-RURBAN-COOP-ARTICLE-MON-AGGLO.jpg 1055w, https:\/\/www.reseau-entreprendre.org\/seine-et-marne\/wp-content\/uploads\/sites\/20\/2019\/07\/C\u00e9line-ROMAIN-RURBAN-COOP-ARTICLE-MON-AGGLO-244x300.jpg 244w, https:\/\/www.reseau-entreprendre.org\/seine-et-marne\/wp-content\/uploads\/sites\/20\/2019\/07\/C\u00e9line-ROMAIN-RURBAN-COOP-ARTICLE-MON-AGGLO-768x943.jpg 768w, https:\/\/www.reseau-entreprendre.org\/seine-et-marne\/wp-content\/uploads\/sites\/20\/2019\/07\/C\u00e9line-ROMAIN-RURBAN-COOP-ARTICLE-MON-AGGLO-834x1024.jpg 834w\" sizes=\"auto, (max-width: 1055px) 100vw, 1055px\" \/><\/p>\n<p><img loading=\"lazy\" decoding=\"async\" class=\"aligncenter wp-image-1542 size-full\" src=\"https:\/\/www.reseau-entreprendre.org\/seine-et-marne\/wp-content\/uploads\/sites\/20\/2019\/07\/Article-Audrey-Marques-cap-idf.jpg\" alt=\"\" width=\"974\" height=\"1133\" srcset=\"https:\/\/www.reseau-entreprendre.org\/seine-et-marne\/wp-content\/uploads\/sites\/20\/2019\/07\/Article-Audrey-Marques-cap-idf.jpg 974w, https:\/\/www.reseau-entreprendre.org\/seine-et-marne\/wp-content\/uploads\/sites\/20\/2019\/07\/Article-Audrey-Marques-cap-idf-258x300.jpg 258w, https:\/\/www.reseau-entreprendre.org\/seine-et-marne\/wp-content\/uploads\/sites\/20\/2019\/07\/Article-Audrey-Marques-cap-idf-768x893.jpg 768w, https:\/\/www.reseau-entreprendre.org\/seine-et-marne\/wp-content\/uploads\/sites\/20\/2019\/07\/Article-Audrey-Marques-cap-idf-880x1024.jpg 880w\" sizes=\"auto, (max-width: 974px) 100vw, 974px\" \/><\/p>\n","protected":false},"excerpt":{"rendered":"<p>Audrey Marques et C\u00e9line Romain, adh\u00e9rentes de R\u00e9seau Entreprendre Seine-et-Marne<\/p>\n","protected":false},"author":20,"featured_media":1546,"comment_status":"closed","ping_status":"open","sticky":false,"template":"","format":"standard","meta":{"_acf_changed":false,"_monsterinsights_skip_tracking":false,"_monsterinsights_sitenote_active":false,"_monsterinsights_sitenote_note":"","_monsterinsights_sitenote_category":0,"footnotes":""},"categories":[4],"tags":[],"class_list":["post-1541","post","type-post","status-publish","format-standard","has-post-thumbnail","hentry","category-actualites","news"],"acf":[],"yoast_head":"<!-- This site is optimized with the Yoast SEO plugin v27.4 - https:\/\/yoast.com\/product\/yoast-seo-wordpress\/ -->\n<title>C\u00e9line Romain et Audrey Marques, engag\u00e9es pour les entreprises de demain. - R\u00e9seau Entreprendre Seine et Marne<\/title>\n<meta name=\"description\" content=\"Audrey Marques et C\u00e9line Romain, adh\u00e9rentes de R\u00e9seau Entreprendre 77 sont engag\u00e9es dans l&#039;accompagnement des entreprises de demain.\" \/>\n<meta name=\"robots\" content=\"index, follow, max-snippet:-1, max-image-preview:large, max-video-preview:-1\" \/>\n<link rel=\"canonical\" href=\"https:\/\/www.reseau-entreprendre.org\/seine-et-marne\/2019\/07\/18\/celine-romain-et-audrey-marques-avec-les-entreprises-de-demain\/\" \/>\n<meta property=\"og:locale\" content=\"fr_FR\" \/>\n<meta property=\"og:type\" content=\"article\" \/>\n<meta property=\"og:title\" content=\"C\u00e9line Romain et Audrey Marques, engag\u00e9es pour les entreprises de demain. - R\u00e9seau Entreprendre Seine et Marne\" \/>\n<meta property=\"og:description\" content=\"Audrey Marques et C\u00e9line Romain, adh\u00e9rentes de R\u00e9seau Entreprendre 77 sont engag\u00e9es dans l&#039;accompagnement des entreprises de demain.\" \/>\n<meta property=\"og:url\" content=\"https:\/\/www.reseau-entreprendre.org\/seine-et-marne\/2019\/07\/18\/celine-romain-et-audrey-marques-avec-les-entreprises-de-demain\/\" \/>\n<meta property=\"og:site_name\" content=\"R\u00e9seau Entreprendre Seine et Marne\" \/>\n<meta property=\"article:publisher\" content=\"https:\/\/www.facebook.com\/RESeineetMarne\/\" \/>\n<meta property=\"article:published_time\" content=\"2019-07-18T14:51:09+00:00\" \/>\n<meta property=\"article:modified_time\" content=\"2022-04-12T14:12:11+00:00\" \/>\n<meta property=\"og:image\" content=\"https:\/\/www.reseau-entreprendre.org\/seine-et-marne\/wp-content\/uploads\/sites\/20\/2019\/07\/APERCU-ARTICLE-ADHERENTES.jpg\" \/>\n\t<meta property=\"og:image:width\" content=\"2409\" \/>\n\t<meta property=\"og:image:height\" content=\"1370\" \/>\n\t<meta property=\"og:image:type\" content=\"image\/jpeg\" \/>\n<meta name=\"author\" content=\"seine-et-marne\" \/>\n<meta name=\"twitter:card\" content=\"summary_large_image\" \/>\n<meta name=\"twitter:creator\" content=\"@RE_SeineetMarne\" \/>\n<meta name=\"twitter:site\" content=\"@RE_SeineetMarne\" \/>\n<meta name=\"twitter:label1\" content=\"\u00c9crit par\" \/>\n\t<meta name=\"twitter:data1\" content=\"seine-et-marne\" \/>\n\t<meta name=\"twitter:label2\" content=\"Dur\u00e9e de lecture estim\u00e9e\" \/>\n\t<meta name=\"twitter:data2\" content=\"1 minute\" \/>\n<script type=\"application\/ld+json\" class=\"yoast-schema-graph\">{\"@context\":\"https:\\\/\\\/schema.org\",\"@graph\":[{\"@type\":\"Article\",\"@id\":\"https:\\\/\\\/www.reseau-entreprendre.org\\\/seine-et-marne\\\/2019\\\/07\\\/18\\\/celine-romain-et-audrey-marques-avec-les-entreprises-de-demain\\\/#article\",\"isPartOf\":{\"@id\":\"https:\\\/\\\/www.reseau-entreprendre.org\\\/seine-et-marne\\\/2019\\\/07\\\/18\\\/celine-romain-et-audrey-marques-avec-les-entreprises-de-demain\\\/\"},\"author\":{\"name\":\"seine-et-marne\",\"@id\":\"https:\\\/\\\/www.reseau-entreprendre.org\\\/seine-et-marne\\\/#\\\/schema\\\/person\\\/1ff4b10be647581136fcab76240d052b\"},\"headline\":\"C\u00e9line Romain et Audrey Marques, engag\u00e9es pour les entreprises de demain.\",\"datePublished\":\"2019-07-18T14:51:09+00:00\",\"dateModified\":\"2022-04-12T14:12:11+00:00\",\"mainEntityOfPage\":{\"@id\":\"https:\\\/\\\/www.reseau-entreprendre.org\\\/seine-et-marne\\\/2019\\\/07\\\/18\\\/celine-romain-et-audrey-marques-avec-les-entreprises-de-demain\\\/\"},\"wordCount\":237,\"image\":{\"@id\":\"https:\\\/\\\/www.reseau-entreprendre.org\\\/seine-et-marne\\\/2019\\\/07\\\/18\\\/celine-romain-et-audrey-marques-avec-les-entreprises-de-demain\\\/#primaryimage\"},\"thumbnailUrl\":\"https:\\\/\\\/www.reseau-entreprendre.org\\\/seine-et-marne\\\/wp-content\\\/uploads\\\/sites\\\/20\\\/2019\\\/07\\\/APERCU-ARTICLE-ADHERENTES.jpg\",\"articleSection\":[\"Actualit\u00e9s\"],\"inLanguage\":\"fr-FR\"},{\"@type\":\"WebPage\",\"@id\":\"https:\\\/\\\/www.reseau-entreprendre.org\\\/seine-et-marne\\\/2019\\\/07\\\/18\\\/celine-romain-et-audrey-marques-avec-les-entreprises-de-demain\\\/\",\"url\":\"https:\\\/\\\/www.reseau-entreprendre.org\\\/seine-et-marne\\\/2019\\\/07\\\/18\\\/celine-romain-et-audrey-marques-avec-les-entreprises-de-demain\\\/\",\"name\":\"C\u00e9line Romain et Audrey Marques, engag\u00e9es pour les entreprises de demain. - R\u00e9seau Entreprendre Seine et Marne\",\"isPartOf\":{\"@id\":\"https:\\\/\\\/www.reseau-entreprendre.org\\\/seine-et-marne\\\/#website\"},\"primaryImageOfPage\":{\"@id\":\"https:\\\/\\\/www.reseau-entreprendre.org\\\/seine-et-marne\\\/2019\\\/07\\\/18\\\/celine-romain-et-audrey-marques-avec-les-entreprises-de-demain\\\/#primaryimage\"},\"image\":{\"@id\":\"https:\\\/\\\/www.reseau-entreprendre.org\\\/seine-et-marne\\\/2019\\\/07\\\/18\\\/celine-romain-et-audrey-marques-avec-les-entreprises-de-demain\\\/#primaryimage\"},\"thumbnailUrl\":\"https:\\\/\\\/www.reseau-entreprendre.org\\\/seine-et-marne\\\/wp-content\\\/uploads\\\/sites\\\/20\\\/2019\\\/07\\\/APERCU-ARTICLE-ADHERENTES.jpg\",\"datePublished\":\"2019-07-18T14:51:09+00:00\",\"dateModified\":\"2022-04-12T14:12:11+00:00\",\"author\":{\"@id\":\"https:\\\/\\\/www.reseau-entreprendre.org\\\/seine-et-marne\\\/#\\\/schema\\\/person\\\/1ff4b10be647581136fcab76240d052b\"},\"description\":\"Audrey Marques et C\u00e9line Romain, adh\u00e9rentes de R\u00e9seau Entreprendre 77 sont engag\u00e9es dans l'accompagnement des entreprises de demain.\",\"breadcrumb\":{\"@id\":\"https:\\\/\\\/www.reseau-entreprendre.org\\\/seine-et-marne\\\/2019\\\/07\\\/18\\\/celine-romain-et-audrey-marques-avec-les-entreprises-de-demain\\\/#breadcrumb\"},\"inLanguage\":\"fr-FR\",\"potentialAction\":[{\"@type\":\"ReadAction\",\"target\":[\"https:\\\/\\\/www.reseau-entreprendre.org\\\/seine-et-marne\\\/2019\\\/07\\\/18\\\/celine-romain-et-audrey-marques-avec-les-entreprises-de-demain\\\/\"]}]},{\"@type\":\"ImageObject\",\"inLanguage\":\"fr-FR\",\"@id\":\"https:\\\/\\\/www.reseau-entreprendre.org\\\/seine-et-marne\\\/2019\\\/07\\\/18\\\/celine-romain-et-audrey-marques-avec-les-entreprises-de-demain\\\/#primaryimage\",\"url\":\"https:\\\/\\\/www.reseau-entreprendre.org\\\/seine-et-marne\\\/wp-content\\\/uploads\\\/sites\\\/20\\\/2019\\\/07\\\/APERCU-ARTICLE-ADHERENTES.jpg\",\"contentUrl\":\"https:\\\/\\\/www.reseau-entreprendre.org\\\/seine-et-marne\\\/wp-content\\\/uploads\\\/sites\\\/20\\\/2019\\\/07\\\/APERCU-ARTICLE-ADHERENTES.jpg\",\"width\":2409,\"height\":1370},{\"@type\":\"BreadcrumbList\",\"@id\":\"https:\\\/\\\/www.reseau-entreprendre.org\\\/seine-et-marne\\\/2019\\\/07\\\/18\\\/celine-romain-et-audrey-marques-avec-les-entreprises-de-demain\\\/#breadcrumb\",\"itemListElement\":[{\"@type\":\"ListItem\",\"position\":1,\"name\":\"Accueil\",\"item\":\"https:\\\/\\\/www.reseau-entreprendre.org\\\/seine-et-marne\\\/\"},{\"@type\":\"ListItem\",\"position\":2,\"name\":\"C\u00e9line Romain et Audrey Marques, engag\u00e9es pour les entreprises de demain.\"}]},{\"@type\":\"WebSite\",\"@id\":\"https:\\\/\\\/www.reseau-entreprendre.org\\\/seine-et-marne\\\/#website\",\"url\":\"https:\\\/\\\/www.reseau-entreprendre.org\\\/seine-et-marne\\\/\",\"name\":\"R\u00e9seau Entreprendre Seine et Marne\",\"description\":\"Un site utilisant Les sites de R\u00e9seau Entreprendre\",\"potentialAction\":[{\"@type\":\"SearchAction\",\"target\":{\"@type\":\"EntryPoint\",\"urlTemplate\":\"https:\\\/\\\/www.reseau-entreprendre.org\\\/seine-et-marne\\\/?s={search_term_string}\"},\"query-input\":{\"@type\":\"PropertyValueSpecification\",\"valueRequired\":true,\"valueName\":\"search_term_string\"}}],\"inLanguage\":\"fr-FR\"},{\"@type\":\"Person\",\"@id\":\"https:\\\/\\\/www.reseau-entreprendre.org\\\/seine-et-marne\\\/#\\\/schema\\\/person\\\/1ff4b10be647581136fcab76240d052b\",\"name\":\"seine-et-marne\",\"image\":{\"@type\":\"ImageObject\",\"inLanguage\":\"fr-FR\",\"@id\":\"https:\\\/\\\/secure.gravatar.com\\\/avatar\\\/1f07f1687ca7b16e8937e05606c8d815614bf5c884a8cf863c733c97bc1a8828?s=96&d=mm&r=g\",\"url\":\"https:\\\/\\\/secure.gravatar.com\\\/avatar\\\/1f07f1687ca7b16e8937e05606c8d815614bf5c884a8cf863c733c97bc1a8828?s=96&d=mm&r=g\",\"contentUrl\":\"https:\\\/\\\/secure.gravatar.com\\\/avatar\\\/1f07f1687ca7b16e8937e05606c8d815614bf5c884a8cf863c733c97bc1a8828?s=96&d=mm&r=g\",\"caption\":\"seine-et-marne\"},\"url\":\"https:\\\/\\\/www.reseau-entreprendre.org\\\/seine-et-marne\\\/author\\\/seine-et-marne\\\/\"}]}<\/script>\n<!-- \/ Yoast SEO plugin. -->","yoast_head_json":{"title":"C\u00e9line Romain et Audrey Marques, engag\u00e9es pour les entreprises de demain. - R\u00e9seau Entreprendre Seine et Marne","description":"Audrey Marques et C\u00e9line Romain, adh\u00e9rentes de R\u00e9seau Entreprendre 77 sont engag\u00e9es dans l'accompagnement des entreprises de demain.","robots":{"index":"index","follow":"follow","max-snippet":"max-snippet:-1","max-image-preview":"max-image-preview:large","max-video-preview":"max-video-preview:-1"},"canonical":"https:\/\/www.reseau-entreprendre.org\/seine-et-marne\/2019\/07\/18\/celine-romain-et-audrey-marques-avec-les-entreprises-de-demain\/","og_locale":"fr_FR","og_type":"article","og_title":"C\u00e9line Romain et Audrey Marques, engag\u00e9es pour les entreprises de demain. - R\u00e9seau Entreprendre Seine et Marne","og_description":"Audrey Marques et C\u00e9line Romain, adh\u00e9rentes de R\u00e9seau Entreprendre 77 sont engag\u00e9es dans l'accompagnement des entreprises de demain.","og_url":"https:\/\/www.reseau-entreprendre.org\/seine-et-marne\/2019\/07\/18\/celine-romain-et-audrey-marques-avec-les-entreprises-de-demain\/","og_site_name":"R\u00e9seau Entreprendre Seine et Marne","article_publisher":"https:\/\/www.facebook.com\/RESeineetMarne\/","article_published_time":"2019-07-18T14:51:09+00:00","article_modified_time":"2022-04-12T14:12:11+00:00","og_image":[{"width":2409,"height":1370,"url":"https:\/\/www.reseau-entreprendre.org\/seine-et-marne\/wp-content\/uploads\/sites\/20\/2019\/07\/APERCU-ARTICLE-ADHERENTES.jpg","type":"image\/jpeg"}],"author":"seine-et-marne","twitter_card":"summary_large_image","twitter_creator":"@RE_SeineetMarne","twitter_site":"@RE_SeineetMarne","twitter_misc":{"\u00c9crit par":"seine-et-marne","Dur\u00e9e de lecture estim\u00e9e":"1 minute"},"schema":{"@context":"https:\/\/schema.org","@graph":[{"@type":"Article","@id":"https:\/\/www.reseau-entreprendre.org\/seine-et-marne\/2019\/07\/18\/celine-romain-et-audrey-marques-avec-les-entreprises-de-demain\/#article","isPartOf":{"@id":"https:\/\/www.reseau-entreprendre.org\/seine-et-marne\/2019\/07\/18\/celine-romain-et-audrey-marques-avec-les-entreprises-de-demain\/"},"author":{"name":"seine-et-marne","@id":"https:\/\/www.reseau-entreprendre.org\/seine-et-marne\/#\/schema\/person\/1ff4b10be647581136fcab76240d052b"},"headline":"C\u00e9line Romain et Audrey Marques, engag\u00e9es pour les entreprises de demain.","datePublished":"2019-07-18T14:51:09+00:00","dateModified":"2022-04-12T14:12:11+00:00","mainEntityOfPage":{"@id":"https:\/\/www.reseau-entreprendre.org\/seine-et-marne\/2019\/07\/18\/celine-romain-et-audrey-marques-avec-les-entreprises-de-demain\/"},"wordCount":237,"image":{"@id":"https:\/\/www.reseau-entreprendre.org\/seine-et-marne\/2019\/07\/18\/celine-romain-et-audrey-marques-avec-les-entreprises-de-demain\/#primaryimage"},"thumbnailUrl":"https:\/\/www.reseau-entreprendre.org\/seine-et-marne\/wp-content\/uploads\/sites\/20\/2019\/07\/APERCU-ARTICLE-ADHERENTES.jpg","articleSection":["Actualit\u00e9s"],"inLanguage":"fr-FR"},{"@type":"WebPage","@id":"https:\/\/www.reseau-entreprendre.org\/seine-et-marne\/2019\/07\/18\/celine-romain-et-audrey-marques-avec-les-entreprises-de-demain\/","url":"https:\/\/www.reseau-entreprendre.org\/seine-et-marne\/2019\/07\/18\/celine-romain-et-audrey-marques-avec-les-entreprises-de-demain\/","name":"C\u00e9line Romain et Audrey Marques, engag\u00e9es pour les entreprises de demain. - R\u00e9seau Entreprendre Seine et Marne","isPartOf":{"@id":"https:\/\/www.reseau-entreprendre.org\/seine-et-marne\/#website"},"primaryImageOfPage":{"@id":"https:\/\/www.reseau-entreprendre.org\/seine-et-marne\/2019\/07\/18\/celine-romain-et-audrey-marques-avec-les-entreprises-de-demain\/#primaryimage"},"image":{"@id":"https:\/\/www.reseau-entreprendre.org\/seine-et-marne\/2019\/07\/18\/celine-romain-et-audrey-marques-avec-les-entreprises-de-demain\/#primaryimage"},"thumbnailUrl":"https:\/\/www.reseau-entreprendre.org\/seine-et-marne\/wp-content\/uploads\/sites\/20\/2019\/07\/APERCU-ARTICLE-ADHERENTES.jpg","datePublished":"2019-07-18T14:51:09+00:00","dateModified":"2022-04-12T14:12:11+00:00","author":{"@id":"https:\/\/www.reseau-entreprendre.org\/seine-et-marne\/#\/schema\/person\/1ff4b10be647581136fcab76240d052b"},"description":"Audrey Marques et C\u00e9line Romain, adh\u00e9rentes de R\u00e9seau Entreprendre 77 sont engag\u00e9es dans l'accompagnement des entreprises de demain.","breadcrumb":{"@id":"https:\/\/www.reseau-entreprendre.org\/seine-et-marne\/2019\/07\/18\/celine-romain-et-audrey-marques-avec-les-entreprises-de-demain\/#breadcrumb"},"inLanguage":"fr-FR","potentialAction":[{"@type":"ReadAction","target":["https:\/\/www.reseau-entreprendre.org\/seine-et-marne\/2019\/07\/18\/celine-romain-et-audrey-marques-avec-les-entreprises-de-demain\/"]}]},{"@type":"ImageObject","inLanguage":"fr-FR","@id":"https:\/\/www.reseau-entreprendre.org\/seine-et-marne\/2019\/07\/18\/celine-romain-et-audrey-marques-avec-les-entreprises-de-demain\/#primaryimage","url":"https:\/\/www.reseau-entreprendre.org\/seine-et-marne\/wp-content\/uploads\/sites\/20\/2019\/07\/APERCU-ARTICLE-ADHERENTES.jpg","contentUrl":"https:\/\/www.reseau-entreprendre.org\/seine-et-marne\/wp-content\/uploads\/sites\/20\/2019\/07\/APERCU-ARTICLE-ADHERENTES.jpg","width":2409,"height":1370},{"@type":"BreadcrumbList","@id":"https:\/\/www.reseau-entreprendre.org\/seine-et-marne\/2019\/07\/18\/celine-romain-et-audrey-marques-avec-les-entreprises-de-demain\/#breadcrumb","itemListElement":[{"@type":"ListItem","position":1,"name":"Accueil","item":"https:\/\/www.reseau-entreprendre.org\/seine-et-marne\/"},{"@type":"ListItem","position":2,"name":"C\u00e9line Romain et Audrey Marques, engag\u00e9es pour les entreprises de demain."}]},{"@type":"WebSite","@id":"https:\/\/www.reseau-entreprendre.org\/seine-et-marne\/#website","url":"https:\/\/www.reseau-entreprendre.org\/seine-et-marne\/","name":"R\u00e9seau Entreprendre Seine et Marne","description":"Un site utilisant Les sites de R\u00e9seau Entreprendre","potentialAction":[{"@type":"SearchAction","target":{"@type":"EntryPoint","urlTemplate":"https:\/\/www.reseau-entreprendre.org\/seine-et-marne\/?s={search_term_string}"},"query-input":{"@type":"PropertyValueSpecification","valueRequired":true,"valueName":"search_term_string"}}],"inLanguage":"fr-FR"},{"@type":"Person","@id":"https:\/\/www.reseau-entreprendre.org\/seine-et-marne\/#\/schema\/person\/1ff4b10be647581136fcab76240d052b","name":"seine-et-marne","image":{"@type":"ImageObject","inLanguage":"fr-FR","@id":"https:\/\/secure.gravatar.com\/avatar\/1f07f1687ca7b16e8937e05606c8d815614bf5c884a8cf863c733c97bc1a8828?s=96&d=mm&r=g","url":"https:\/\/secure.gravatar.com\/avatar\/1f07f1687ca7b16e8937e05606c8d815614bf5c884a8cf863c733c97bc1a8828?s=96&d=mm&r=g","contentUrl":"https:\/\/secure.gravatar.com\/avatar\/1f07f1687ca7b16e8937e05606c8d815614bf5c884a8cf863c733c97bc1a8828?s=96&d=mm&r=g","caption":"seine-et-marne"},"url":"https:\/\/www.reseau-entreprendre.org\/seine-et-marne\/author\/seine-et-marne\/"}]}},"_links":{"self":[{"href":"https:\/\/www.reseau-entreprendre.org\/seine-et-marne\/wp-json\/wp\/v2\/posts\/1541","targetHints":{"allow":["GET"]}}],"collection":[{"href":"https:\/\/www.reseau-entreprendre.org\/seine-et-marne\/wp-json\/wp\/v2\/posts"}],"about":[{"href":"https:\/\/www.reseau-entreprendre.org\/seine-et-marne\/wp-json\/wp\/v2\/types\/post"}],"author":[{"embeddable":true,"href":"https:\/\/www.reseau-entreprendre.org\/seine-et-marne\/wp-json\/wp\/v2\/users\/20"}],"replies":[{"embeddable":true,"href":"https:\/\/www.reseau-entreprendre.org\/seine-et-marne\/wp-json\/wp\/v2\/comments?post=1541"}],"version-history":[{"count":0,"href":"https:\/\/www.reseau-entreprendre.org\/seine-et-marne\/wp-json\/wp\/v2\/posts\/1541\/revisions"}],"wp:featuredmedia":[{"embeddable":true,"href":"https:\/\/www.reseau-entreprendre.org\/seine-et-marne\/wp-json\/wp\/v2\/media\/1546"}],"wp:attachment":[{"href":"https:\/\/www.reseau-entreprendre.org\/seine-et-marne\/wp-json\/wp\/v2\/media?parent=1541"}],"wp:term":[{"taxonomy":"category","embeddable":true,"href":"https:\/\/www.reseau-entreprendre.org\/seine-et-marne\/wp-json\/wp\/v2\/categories?post=1541"},{"taxonomy":"post_tag","embeddable":true,"href":"https:\/\/www.reseau-entreprendre.org\/seine-et-marne\/wp-json\/wp\/v2\/tags?post=1541"}],"curies":[{"name":"wp","href":"https:\/\/api.w.org\/{rel}","templated":true}]}}