{"id":4572,"date":"2026-01-28T12:56:00","date_gmt":"2026-01-28T11:56:00","guid":{"rendered":"https:\/\/www.reseau-entreprendre.org\/val-d-oise\/?p=4572"},"modified":"2026-02-16T12:57:16","modified_gmt":"2026-02-16T11:57:16","slug":"voeux-communs-2026-de-reseau-entreprendre-val-doise","status":"publish","type":"post","link":"https:\/\/www.reseau-entreprendre.org\/val-d-oise\/2026\/01\/28\/voeux-communs-2026-de-reseau-entreprendre-val-doise\/","title":{"rendered":"V\u0153ux Communs 2026 de R\u00e9seau Entreprendre Val d&#8217;Oise"},"content":{"rendered":"\n<p>Hier soir, nous \u00e9tions \u00e0 nouveau r\u00e9unis aux c\u00f4t\u00e9s de nos partenaires <a href=\"https:\/\/www.linkedin.com\/feed\/update\/urn:li:activity:7422322655954997250\/?actorCompanyId=51503545#\">Initiactive<\/a> et <a href=\"https:\/\/www.linkedin.com\/feed\/update\/urn:li:activity:7422322655954997250\/?actorCompanyId=51503545#\">IDFM RADIO<\/a> pour c\u00e9l\u00e9brer nos v\u0153ux 2026 autour d\u2019une conviviale galette des rois.&#x1f451;<\/p>\n\n\n\n<p>Ce moment a permis \u00e0 nos Co-pr\u00e9sidents, <a href=\"https:\/\/www.linkedin.com\/feed\/update\/urn:li:activity:7422322655954997250\/?actorCompanyId=51503545#\">Anne Le Gagneux<\/a> et <a href=\"https:\/\/www.linkedin.com\/feed\/update\/urn:li:activity:7422322655954997250\/?actorCompanyId=51503545#\">Michel MARSEILLAN<\/a>, de remercier chaleureusement nos partenaires financiers :<\/p>\n\n\n\n<p>&#x1f537;<a href=\"https:\/\/www.linkedin.com\/feed\/update\/urn:li:activity:7422322655954997250\/?actorCompanyId=51503545#\">Bpifrance<\/a><\/p>\n\n\n\n<p>&#x1f537;<a href=\"https:\/\/www.linkedin.com\/feed\/update\/urn:li:activity:7422322655954997250\/?actorCompanyId=51503545#\">Banque Populaire Rives de Paris<\/a><\/p>\n\n\n\n<p>&#x1f537;<a href=\"https:\/\/www.linkedin.com\/feed\/update\/urn:li:activity:7422322655954997250\/?actorCompanyId=51503545#\">Cr\u00e9dit Agricole d&#8217;Ile-de-France<\/a><\/p>\n\n\n\n<p>&#x1f537;<a href=\"https:\/\/www.linkedin.com\/feed\/update\/urn:li:activity:7422322655954997250\/?actorCompanyId=51503545#\">Cr\u00e9dit Mutuel<\/a><\/p>\n\n\n\n<p>&#x1f537;<a href=\"https:\/\/www.linkedin.com\/feed\/update\/urn:li:activity:7422322655954997250\/?actorCompanyId=51503545#\">CIC<\/a><\/p>\n\n\n\n<p>Ils ont \u00e9galement rappel\u00e9 les valeurs fondatrices de <a href=\"https:\/\/www.linkedin.com\/feed\/update\/urn:li:activity:7422322655954997250\/?actorCompanyId=51503545#\">R\u00e9seau Entreprendre<\/a>, \u00ab Pour cr\u00e9er de l\u2019emploi, cr\u00e9ons des employeurs \u00bb (Andr\u00e9 Mulliez) et sont revenus sur les belles r\u00e9ussites de l\u2019ann\u00e9e 2025.&#x2728;<\/p>\n\n\n\n<p>Un grand merci \u00e0 l\u2019ensemble de nos Partenaires, Soutiens, Membres et Laur\u00e9ats pour leur pr\u00e9sence et leur engagement tout au long de l\u2019ann\u00e9e 2025. &#x1f4aa;<\/p>\n\n\n\n<div class=\"wp-block-columns is-layout-flex wp-container-core-columns-is-layout-9d6595d7 wp-block-columns-is-layout-flex\">\n<div class=\"wp-block-column is-layout-flow wp-block-column-is-layout-flow\">\n<figure class=\"wp-block-gallery has-nested-images columns-default is-cropped wp-block-gallery-1 is-layout-flex wp-block-gallery-is-layout-flex\">\n<figure class=\"wp-block-image size-large\"><img loading=\"lazy\" decoding=\"async\" width=\"800\" height=\"599\" data-id=\"4574\" src=\"https:\/\/www.reseau-entreprendre.org\/val-d-oise\/wp-content\/uploads\/sites\/27\/2026\/02\/1769617013521.jpg\" alt=\"\" class=\"wp-image-4574\" srcset=\"https:\/\/www.reseau-entreprendre.org\/val-d-oise\/wp-content\/uploads\/sites\/27\/2026\/02\/1769617013521.jpg 800w, https:\/\/www.reseau-entreprendre.org\/val-d-oise\/wp-content\/uploads\/sites\/27\/2026\/02\/1769617013521-300x225.jpg 300w, https:\/\/www.reseau-entreprendre.org\/val-d-oise\/wp-content\/uploads\/sites\/27\/2026\/02\/1769617013521-768x575.jpg 768w, https:\/\/www.reseau-entreprendre.org\/val-d-oise\/wp-content\/uploads\/sites\/27\/2026\/02\/1769617013521-174x130.jpg 174w, https:\/\/www.reseau-entreprendre.org\/val-d-oise\/wp-content\/uploads\/sites\/27\/2026\/02\/1769617013521-100x75.jpg 100w\" sizes=\"auto, (max-width: 800px) 100vw, 800px\" \/><\/figure>\n<\/figure>\n<\/div>\n\n\n\n<div class=\"wp-block-column is-layout-flow wp-block-column-is-layout-flow\">\n<figure class=\"wp-block-image size-large\"><img loading=\"lazy\" decoding=\"async\" width=\"1024\" height=\"768\" src=\"https:\/\/www.reseau-entreprendre.org\/val-d-oise\/wp-content\/uploads\/sites\/27\/2026\/02\/1769617015390-1024x768.jpg\" alt=\"\" class=\"wp-image-4575\" srcset=\"https:\/\/www.reseau-entreprendre.org\/val-d-oise\/wp-content\/uploads\/sites\/27\/2026\/02\/1769617015390-1024x768.jpg 1024w, https:\/\/www.reseau-entreprendre.org\/val-d-oise\/wp-content\/uploads\/sites\/27\/2026\/02\/1769617015390-300x225.jpg 300w, https:\/\/www.reseau-entreprendre.org\/val-d-oise\/wp-content\/uploads\/sites\/27\/2026\/02\/1769617015390-768x576.jpg 768w, https:\/\/www.reseau-entreprendre.org\/val-d-oise\/wp-content\/uploads\/sites\/27\/2026\/02\/1769617015390-1536x1151.jpg 1536w, https:\/\/www.reseau-entreprendre.org\/val-d-oise\/wp-content\/uploads\/sites\/27\/2026\/02\/1769617015390-173x130.jpg 173w, https:\/\/www.reseau-entreprendre.org\/val-d-oise\/wp-content\/uploads\/sites\/27\/2026\/02\/1769617015390-100x75.jpg 100w, https:\/\/www.reseau-entreprendre.org\/val-d-oise\/wp-content\/uploads\/sites\/27\/2026\/02\/1769617015390.jpg 2048w\" sizes=\"auto, (max-width: 1024px) 100vw, 1024px\" \/><\/figure>\n<\/div>\n\n\n\n<div class=\"wp-block-column is-layout-flow wp-block-column-is-layout-flow\">\n<figure class=\"wp-block-image size-large\"><img loading=\"lazy\" decoding=\"async\" width=\"1024\" height=\"768\" src=\"https:\/\/www.reseau-entreprendre.org\/val-d-oise\/wp-content\/uploads\/sites\/27\/2026\/02\/1769617016091-1024x768.jpg\" alt=\"\" class=\"wp-image-4576\" srcset=\"https:\/\/www.reseau-entreprendre.org\/val-d-oise\/wp-content\/uploads\/sites\/27\/2026\/02\/1769617016091-1024x768.jpg 1024w, https:\/\/www.reseau-entreprendre.org\/val-d-oise\/wp-content\/uploads\/sites\/27\/2026\/02\/1769617016091-300x225.jpg 300w, https:\/\/www.reseau-entreprendre.org\/val-d-oise\/wp-content\/uploads\/sites\/27\/2026\/02\/1769617016091-768x576.jpg 768w, https:\/\/www.reseau-entreprendre.org\/val-d-oise\/wp-content\/uploads\/sites\/27\/2026\/02\/1769617016091-1536x1152.jpg 1536w, https:\/\/www.reseau-entreprendre.org\/val-d-oise\/wp-content\/uploads\/sites\/27\/2026\/02\/1769617016091-173x130.jpg 173w, https:\/\/www.reseau-entreprendre.org\/val-d-oise\/wp-content\/uploads\/sites\/27\/2026\/02\/1769617016091-100x75.jpg 100w, https:\/\/www.reseau-entreprendre.org\/val-d-oise\/wp-content\/uploads\/sites\/27\/2026\/02\/1769617016091.jpg 2048w\" sizes=\"auto, (max-width: 1024px) 100vw, 1024px\" \/><\/figure>\n<\/div>\n<\/div>\n","protected":false},"excerpt":{"rendered":"<p>Hier soir, nous \u00e9tions \u00e0 nouveau r\u00e9unis aux c\u00f4t\u00e9s de<\/p>\n","protected":false},"author":28,"featured_media":4574,"comment_status":"closed","ping_status":"closed","sticky":false,"template":"","format":"standard","meta":{"_acf_changed":false,"_monsterinsights_skip_tracking":false,"_monsterinsights_sitenote_active":false,"_monsterinsights_sitenote_note":"","_monsterinsights_sitenote_category":0,"footnotes":""},"categories":[4],"tags":[],"class_list":["post-4572","post","type-post","status-publish","format-standard","has-post-thumbnail","hentry","category-actualites","news"],"acf":[],"yoast_head":"<!-- This site is optimized with the Yoast SEO plugin v27.4 - https:\/\/yoast.com\/product\/yoast-seo-wordpress\/ -->\n<title>V\u0153ux Communs 2026 de R\u00e9seau Entreprendre Val d&#039;Oise - R\u00e9seau Entreprendre Val d&#039;Oise<\/title>\n<meta name=\"robots\" content=\"index, follow, max-snippet:-1, max-image-preview:large, max-video-preview:-1\" \/>\n<link rel=\"canonical\" href=\"https:\/\/www.reseau-entreprendre.org\/val-d-oise\/2026\/01\/28\/voeux-communs-2026-de-reseau-entreprendre-val-doise\/\" \/>\n<meta property=\"og:locale\" content=\"fr_FR\" \/>\n<meta property=\"og:type\" content=\"article\" \/>\n<meta property=\"og:title\" content=\"V\u0153ux Communs 2026 de R\u00e9seau Entreprendre Val d&#039;Oise - R\u00e9seau Entreprendre Val d&#039;Oise\" \/>\n<meta property=\"og:description\" content=\"Hier soir, nous \u00e9tions \u00e0 nouveau r\u00e9unis aux c\u00f4t\u00e9s de\" \/>\n<meta property=\"og:url\" content=\"https:\/\/www.reseau-entreprendre.org\/val-d-oise\/2026\/01\/28\/voeux-communs-2026-de-reseau-entreprendre-val-doise\/\" \/>\n<meta property=\"og:site_name\" content=\"R\u00e9seau Entreprendre Val d&#039;Oise\" \/>\n<meta property=\"article:author\" content=\"https:\/\/www.facebook.com\/Rseau-Entreprendre-Val-dOise-359753044200554\" \/>\n<meta property=\"article:published_time\" content=\"2026-01-28T11:56:00+00:00\" \/>\n<meta property=\"article:modified_time\" content=\"2026-02-16T11:57:16+00:00\" \/>\n<meta property=\"og:image\" content=\"https:\/\/www.reseau-entreprendre.org\/val-d-oise\/wp-content\/uploads\/sites\/27\/2026\/02\/1769617013521.jpg\" \/>\n\t<meta property=\"og:image:width\" content=\"800\" \/>\n\t<meta property=\"og:image:height\" content=\"599\" \/>\n\t<meta property=\"og:image:type\" content=\"image\/jpeg\" \/>\n<meta name=\"author\" content=\"val-d-oise\" \/>\n<meta name=\"twitter:card\" content=\"summary_large_image\" \/>\n<meta name=\"twitter:creator\" content=\"@RE_Valdoise\" \/>\n<meta name=\"twitter:label1\" content=\"\u00c9crit par\" \/>\n\t<meta name=\"twitter:data1\" content=\"val-d-oise\" \/>\n\t<meta name=\"twitter:label2\" content=\"Dur\u00e9e de lecture estim\u00e9e\" \/>\n\t<meta name=\"twitter:data2\" content=\"2 minutes\" \/>\n<script type=\"application\/ld+json\" class=\"yoast-schema-graph\">{\"@context\":\"https:\\\/\\\/schema.org\",\"@graph\":[{\"@type\":\"Article\",\"@id\":\"https:\\\/\\\/www.reseau-entreprendre.org\\\/val-d-oise\\\/2026\\\/01\\\/28\\\/voeux-communs-2026-de-reseau-entreprendre-val-doise\\\/#article\",\"isPartOf\":{\"@id\":\"https:\\\/\\\/www.reseau-entreprendre.org\\\/val-d-oise\\\/2026\\\/01\\\/28\\\/voeux-communs-2026-de-reseau-entreprendre-val-doise\\\/\"},\"author\":{\"name\":\"val-d-oise\",\"@id\":\"https:\\\/\\\/www.reseau-entreprendre.org\\\/val-d-oise\\\/#\\\/schema\\\/person\\\/6758f470c1ffc8ecb5a52e1fc628e009\"},\"headline\":\"V\u0153ux Communs 2026 de R\u00e9seau Entreprendre Val d&#8217;Oise\",\"datePublished\":\"2026-01-28T11:56:00+00:00\",\"dateModified\":\"2026-02-16T11:57:16+00:00\",\"mainEntityOfPage\":{\"@id\":\"https:\\\/\\\/www.reseau-entreprendre.org\\\/val-d-oise\\\/2026\\\/01\\\/28\\\/voeux-communs-2026-de-reseau-entreprendre-val-doise\\\/\"},\"wordCount\":154,\"image\":{\"@id\":\"https:\\\/\\\/www.reseau-entreprendre.org\\\/val-d-oise\\\/2026\\\/01\\\/28\\\/voeux-communs-2026-de-reseau-entreprendre-val-doise\\\/#primaryimage\"},\"thumbnailUrl\":\"https:\\\/\\\/www.reseau-entreprendre.org\\\/val-d-oise\\\/wp-content\\\/uploads\\\/sites\\\/27\\\/2026\\\/02\\\/1769617013521.jpg\",\"articleSection\":[\"Actualit\u00e9s\"],\"inLanguage\":\"fr-FR\"},{\"@type\":\"WebPage\",\"@id\":\"https:\\\/\\\/www.reseau-entreprendre.org\\\/val-d-oise\\\/2026\\\/01\\\/28\\\/voeux-communs-2026-de-reseau-entreprendre-val-doise\\\/\",\"url\":\"https:\\\/\\\/www.reseau-entreprendre.org\\\/val-d-oise\\\/2026\\\/01\\\/28\\\/voeux-communs-2026-de-reseau-entreprendre-val-doise\\\/\",\"name\":\"V\u0153ux Communs 2026 de R\u00e9seau Entreprendre Val d'Oise - R\u00e9seau Entreprendre Val d&#039;Oise\",\"isPartOf\":{\"@id\":\"https:\\\/\\\/www.reseau-entreprendre.org\\\/val-d-oise\\\/#website\"},\"primaryImageOfPage\":{\"@id\":\"https:\\\/\\\/www.reseau-entreprendre.org\\\/val-d-oise\\\/2026\\\/01\\\/28\\\/voeux-communs-2026-de-reseau-entreprendre-val-doise\\\/#primaryimage\"},\"image\":{\"@id\":\"https:\\\/\\\/www.reseau-entreprendre.org\\\/val-d-oise\\\/2026\\\/01\\\/28\\\/voeux-communs-2026-de-reseau-entreprendre-val-doise\\\/#primaryimage\"},\"thumbnailUrl\":\"https:\\\/\\\/www.reseau-entreprendre.org\\\/val-d-oise\\\/wp-content\\\/uploads\\\/sites\\\/27\\\/2026\\\/02\\\/1769617013521.jpg\",\"datePublished\":\"2026-01-28T11:56:00+00:00\",\"dateModified\":\"2026-02-16T11:57:16+00:00\",\"author\":{\"@id\":\"https:\\\/\\\/www.reseau-entreprendre.org\\\/val-d-oise\\\/#\\\/schema\\\/person\\\/6758f470c1ffc8ecb5a52e1fc628e009\"},\"breadcrumb\":{\"@id\":\"https:\\\/\\\/www.reseau-entreprendre.org\\\/val-d-oise\\\/2026\\\/01\\\/28\\\/voeux-communs-2026-de-reseau-entreprendre-val-doise\\\/#breadcrumb\"},\"inLanguage\":\"fr-FR\",\"potentialAction\":[{\"@type\":\"ReadAction\",\"target\":[\"https:\\\/\\\/www.reseau-entreprendre.org\\\/val-d-oise\\\/2026\\\/01\\\/28\\\/voeux-communs-2026-de-reseau-entreprendre-val-doise\\\/\"]}]},{\"@type\":\"ImageObject\",\"inLanguage\":\"fr-FR\",\"@id\":\"https:\\\/\\\/www.reseau-entreprendre.org\\\/val-d-oise\\\/2026\\\/01\\\/28\\\/voeux-communs-2026-de-reseau-entreprendre-val-doise\\\/#primaryimage\",\"url\":\"https:\\\/\\\/www.reseau-entreprendre.org\\\/val-d-oise\\\/wp-content\\\/uploads\\\/sites\\\/27\\\/2026\\\/02\\\/1769617013521.jpg\",\"contentUrl\":\"https:\\\/\\\/www.reseau-entreprendre.org\\\/val-d-oise\\\/wp-content\\\/uploads\\\/sites\\\/27\\\/2026\\\/02\\\/1769617013521.jpg\",\"width\":800,\"height\":599},{\"@type\":\"BreadcrumbList\",\"@id\":\"https:\\\/\\\/www.reseau-entreprendre.org\\\/val-d-oise\\\/2026\\\/01\\\/28\\\/voeux-communs-2026-de-reseau-entreprendre-val-doise\\\/#breadcrumb\",\"itemListElement\":[{\"@type\":\"ListItem\",\"position\":1,\"name\":\"Accueil\",\"item\":\"https:\\\/\\\/www.reseau-entreprendre.org\\\/val-d-oise\\\/\"},{\"@type\":\"ListItem\",\"position\":2,\"name\":\"V\u0153ux Communs 2026 de R\u00e9seau Entreprendre Val d&#8217;Oise\"}]},{\"@type\":\"WebSite\",\"@id\":\"https:\\\/\\\/www.reseau-entreprendre.org\\\/val-d-oise\\\/#website\",\"url\":\"https:\\\/\\\/www.reseau-entreprendre.org\\\/val-d-oise\\\/\",\"name\":\"R\u00e9seau Entreprendre Val d&#039;Oise\",\"description\":\"\",\"potentialAction\":[{\"@type\":\"SearchAction\",\"target\":{\"@type\":\"EntryPoint\",\"urlTemplate\":\"https:\\\/\\\/www.reseau-entreprendre.org\\\/val-d-oise\\\/?s={search_term_string}\"},\"query-input\":{\"@type\":\"PropertyValueSpecification\",\"valueRequired\":true,\"valueName\":\"search_term_string\"}}],\"inLanguage\":\"fr-FR\"},{\"@type\":\"Person\",\"@id\":\"https:\\\/\\\/www.reseau-entreprendre.org\\\/val-d-oise\\\/#\\\/schema\\\/person\\\/6758f470c1ffc8ecb5a52e1fc628e009\",\"name\":\"val-d-oise\",\"image\":{\"@type\":\"ImageObject\",\"inLanguage\":\"fr-FR\",\"@id\":\"https:\\\/\\\/secure.gravatar.com\\\/avatar\\\/245d1a673b5fb38c73a06a0f55616e3cd681a8a5351854f123401f6b14d69972?s=96&d=mm&r=g\",\"url\":\"https:\\\/\\\/secure.gravatar.com\\\/avatar\\\/245d1a673b5fb38c73a06a0f55616e3cd681a8a5351854f123401f6b14d69972?s=96&d=mm&r=g\",\"contentUrl\":\"https:\\\/\\\/secure.gravatar.com\\\/avatar\\\/245d1a673b5fb38c73a06a0f55616e3cd681a8a5351854f123401f6b14d69972?s=96&d=mm&r=g\",\"caption\":\"val-d-oise\"},\"sameAs\":[\"https:\\\/\\\/www.reseau-entreprendre.org\\\/val-d-oise\\\/\",\"https:\\\/\\\/www.facebook.com\\\/Rseau-Entreprendre-Val-dOise-359753044200554\",\"https:\\\/\\\/www.instagram.com\\\/reseauentreprendre95\\\/\",\"https:\\\/\\\/www.linkedin.com\\\/company\\\/reseau-entreprendre-val-d-oise\\\/\",\"https:\\\/\\\/x.com\\\/RE_Valdoise\"],\"url\":\"https:\\\/\\\/www.reseau-entreprendre.org\\\/val-d-oise\\\/author\\\/val-d-oise\\\/\"}]}<\/script>\n<!-- \/ Yoast SEO plugin. -->","yoast_head_json":{"title":"V\u0153ux Communs 2026 de R\u00e9seau Entreprendre Val d'Oise - R\u00e9seau Entreprendre Val d&#039;Oise","robots":{"index":"index","follow":"follow","max-snippet":"max-snippet:-1","max-image-preview":"max-image-preview:large","max-video-preview":"max-video-preview:-1"},"canonical":"https:\/\/www.reseau-entreprendre.org\/val-d-oise\/2026\/01\/28\/voeux-communs-2026-de-reseau-entreprendre-val-doise\/","og_locale":"fr_FR","og_type":"article","og_title":"V\u0153ux Communs 2026 de R\u00e9seau Entreprendre Val d'Oise - R\u00e9seau Entreprendre Val d&#039;Oise","og_description":"Hier soir, nous \u00e9tions \u00e0 nouveau r\u00e9unis aux c\u00f4t\u00e9s de","og_url":"https:\/\/www.reseau-entreprendre.org\/val-d-oise\/2026\/01\/28\/voeux-communs-2026-de-reseau-entreprendre-val-doise\/","og_site_name":"R\u00e9seau Entreprendre Val d&#039;Oise","article_author":"https:\/\/www.facebook.com\/Rseau-Entreprendre-Val-dOise-359753044200554","article_published_time":"2026-01-28T11:56:00+00:00","article_modified_time":"2026-02-16T11:57:16+00:00","og_image":[{"width":800,"height":599,"url":"https:\/\/www.reseau-entreprendre.org\/val-d-oise\/wp-content\/uploads\/sites\/27\/2026\/02\/1769617013521.jpg","type":"image\/jpeg"}],"author":"val-d-oise","twitter_card":"summary_large_image","twitter_creator":"@RE_Valdoise","twitter_misc":{"\u00c9crit par":"val-d-oise","Dur\u00e9e de lecture estim\u00e9e":"2 minutes"},"schema":{"@context":"https:\/\/schema.org","@graph":[{"@type":"Article","@id":"https:\/\/www.reseau-entreprendre.org\/val-d-oise\/2026\/01\/28\/voeux-communs-2026-de-reseau-entreprendre-val-doise\/#article","isPartOf":{"@id":"https:\/\/www.reseau-entreprendre.org\/val-d-oise\/2026\/01\/28\/voeux-communs-2026-de-reseau-entreprendre-val-doise\/"},"author":{"name":"val-d-oise","@id":"https:\/\/www.reseau-entreprendre.org\/val-d-oise\/#\/schema\/person\/6758f470c1ffc8ecb5a52e1fc628e009"},"headline":"V\u0153ux Communs 2026 de R\u00e9seau Entreprendre Val d&#8217;Oise","datePublished":"2026-01-28T11:56:00+00:00","dateModified":"2026-02-16T11:57:16+00:00","mainEntityOfPage":{"@id":"https:\/\/www.reseau-entreprendre.org\/val-d-oise\/2026\/01\/28\/voeux-communs-2026-de-reseau-entreprendre-val-doise\/"},"wordCount":154,"image":{"@id":"https:\/\/www.reseau-entreprendre.org\/val-d-oise\/2026\/01\/28\/voeux-communs-2026-de-reseau-entreprendre-val-doise\/#primaryimage"},"thumbnailUrl":"https:\/\/www.reseau-entreprendre.org\/val-d-oise\/wp-content\/uploads\/sites\/27\/2026\/02\/1769617013521.jpg","articleSection":["Actualit\u00e9s"],"inLanguage":"fr-FR"},{"@type":"WebPage","@id":"https:\/\/www.reseau-entreprendre.org\/val-d-oise\/2026\/01\/28\/voeux-communs-2026-de-reseau-entreprendre-val-doise\/","url":"https:\/\/www.reseau-entreprendre.org\/val-d-oise\/2026\/01\/28\/voeux-communs-2026-de-reseau-entreprendre-val-doise\/","name":"V\u0153ux Communs 2026 de R\u00e9seau Entreprendre Val d'Oise - R\u00e9seau Entreprendre Val d&#039;Oise","isPartOf":{"@id":"https:\/\/www.reseau-entreprendre.org\/val-d-oise\/#website"},"primaryImageOfPage":{"@id":"https:\/\/www.reseau-entreprendre.org\/val-d-oise\/2026\/01\/28\/voeux-communs-2026-de-reseau-entreprendre-val-doise\/#primaryimage"},"image":{"@id":"https:\/\/www.reseau-entreprendre.org\/val-d-oise\/2026\/01\/28\/voeux-communs-2026-de-reseau-entreprendre-val-doise\/#primaryimage"},"thumbnailUrl":"https:\/\/www.reseau-entreprendre.org\/val-d-oise\/wp-content\/uploads\/sites\/27\/2026\/02\/1769617013521.jpg","datePublished":"2026-01-28T11:56:00+00:00","dateModified":"2026-02-16T11:57:16+00:00","author":{"@id":"https:\/\/www.reseau-entreprendre.org\/val-d-oise\/#\/schema\/person\/6758f470c1ffc8ecb5a52e1fc628e009"},"breadcrumb":{"@id":"https:\/\/www.reseau-entreprendre.org\/val-d-oise\/2026\/01\/28\/voeux-communs-2026-de-reseau-entreprendre-val-doise\/#breadcrumb"},"inLanguage":"fr-FR","potentialAction":[{"@type":"ReadAction","target":["https:\/\/www.reseau-entreprendre.org\/val-d-oise\/2026\/01\/28\/voeux-communs-2026-de-reseau-entreprendre-val-doise\/"]}]},{"@type":"ImageObject","inLanguage":"fr-FR","@id":"https:\/\/www.reseau-entreprendre.org\/val-d-oise\/2026\/01\/28\/voeux-communs-2026-de-reseau-entreprendre-val-doise\/#primaryimage","url":"https:\/\/www.reseau-entreprendre.org\/val-d-oise\/wp-content\/uploads\/sites\/27\/2026\/02\/1769617013521.jpg","contentUrl":"https:\/\/www.reseau-entreprendre.org\/val-d-oise\/wp-content\/uploads\/sites\/27\/2026\/02\/1769617013521.jpg","width":800,"height":599},{"@type":"BreadcrumbList","@id":"https:\/\/www.reseau-entreprendre.org\/val-d-oise\/2026\/01\/28\/voeux-communs-2026-de-reseau-entreprendre-val-doise\/#breadcrumb","itemListElement":[{"@type":"ListItem","position":1,"name":"Accueil","item":"https:\/\/www.reseau-entreprendre.org\/val-d-oise\/"},{"@type":"ListItem","position":2,"name":"V\u0153ux Communs 2026 de R\u00e9seau Entreprendre Val d&#8217;Oise"}]},{"@type":"WebSite","@id":"https:\/\/www.reseau-entreprendre.org\/val-d-oise\/#website","url":"https:\/\/www.reseau-entreprendre.org\/val-d-oise\/","name":"R\u00e9seau Entreprendre Val d&#039;Oise","description":"","potentialAction":[{"@type":"SearchAction","target":{"@type":"EntryPoint","urlTemplate":"https:\/\/www.reseau-entreprendre.org\/val-d-oise\/?s={search_term_string}"},"query-input":{"@type":"PropertyValueSpecification","valueRequired":true,"valueName":"search_term_string"}}],"inLanguage":"fr-FR"},{"@type":"Person","@id":"https:\/\/www.reseau-entreprendre.org\/val-d-oise\/#\/schema\/person\/6758f470c1ffc8ecb5a52e1fc628e009","name":"val-d-oise","image":{"@type":"ImageObject","inLanguage":"fr-FR","@id":"https:\/\/secure.gravatar.com\/avatar\/245d1a673b5fb38c73a06a0f55616e3cd681a8a5351854f123401f6b14d69972?s=96&d=mm&r=g","url":"https:\/\/secure.gravatar.com\/avatar\/245d1a673b5fb38c73a06a0f55616e3cd681a8a5351854f123401f6b14d69972?s=96&d=mm&r=g","contentUrl":"https:\/\/secure.gravatar.com\/avatar\/245d1a673b5fb38c73a06a0f55616e3cd681a8a5351854f123401f6b14d69972?s=96&d=mm&r=g","caption":"val-d-oise"},"sameAs":["https:\/\/www.reseau-entreprendre.org\/val-d-oise\/","https:\/\/www.facebook.com\/Rseau-Entreprendre-Val-dOise-359753044200554","https:\/\/www.instagram.com\/reseauentreprendre95\/","https:\/\/www.linkedin.com\/company\/reseau-entreprendre-val-d-oise\/","https:\/\/x.com\/RE_Valdoise"],"url":"https:\/\/www.reseau-entreprendre.org\/val-d-oise\/author\/val-d-oise\/"}]}},"_links":{"self":[{"href":"https:\/\/www.reseau-entreprendre.org\/val-d-oise\/wp-json\/wp\/v2\/posts\/4572","targetHints":{"allow":["GET"]}}],"collection":[{"href":"https:\/\/www.reseau-entreprendre.org\/val-d-oise\/wp-json\/wp\/v2\/posts"}],"about":[{"href":"https:\/\/www.reseau-entreprendre.org\/val-d-oise\/wp-json\/wp\/v2\/types\/post"}],"author":[{"embeddable":true,"href":"https:\/\/www.reseau-entreprendre.org\/val-d-oise\/wp-json\/wp\/v2\/users\/28"}],"replies":[{"embeddable":true,"href":"https:\/\/www.reseau-entreprendre.org\/val-d-oise\/wp-json\/wp\/v2\/comments?post=4572"}],"version-history":[{"count":0,"href":"https:\/\/www.reseau-entreprendre.org\/val-d-oise\/wp-json\/wp\/v2\/posts\/4572\/revisions"}],"wp:featuredmedia":[{"embeddable":true,"href":"https:\/\/www.reseau-entreprendre.org\/val-d-oise\/wp-json\/wp\/v2\/media\/4574"}],"wp:attachment":[{"href":"https:\/\/www.reseau-entreprendre.org\/val-d-oise\/wp-json\/wp\/v2\/media?parent=4572"}],"wp:term":[{"taxonomy":"category","embeddable":true,"href":"https:\/\/www.reseau-entreprendre.org\/val-d-oise\/wp-json\/wp\/v2\/categories?post=4572"},{"taxonomy":"post_tag","embeddable":true,"href":"https:\/\/www.reseau-entreprendre.org\/val-d-oise\/wp-json\/wp\/v2\/tags?post=4572"}],"curies":[{"name":"wp","href":"https:\/\/api.w.org\/{rel}","templated":true}]}}