{"id":4647,"date":"2026-03-23T12:33:13","date_gmt":"2026-03-23T11:33:13","guid":{"rendered":"https:\/\/www.reseau-entreprendre.org\/val-d-oise\/?p=4647"},"modified":"2026-04-07T12:34:53","modified_gmt":"2026-04-07T10:34:53","slug":"petit-dejeuner-de-decouverte-de-reseau-entreprendre-val-doise","status":"publish","type":"post","link":"https:\/\/www.reseau-entreprendre.org\/val-d-oise\/2026\/03\/23\/petit-dejeuner-de-decouverte-de-reseau-entreprendre-val-doise\/","title":{"rendered":"Petit-d\u00e9jeuner de d\u00e9couverte de R\u00e9seau Entreprendre Val d&#8217;Oise."},"content":{"rendered":"\n<p><br>&#x2615;&#x2728; Lundi 13 mars, nous avons eu le plaisir d\u2019accueillir nos nouveaux Membres et Laur\u00e9ats pour un petit-d\u00e9jeuner de d\u00e9couverte de <a href=\"https:\/\/www.linkedin.com\/company\/reseau-entreprendre-val-d-oise\/\" target=\"_blank\" rel=\"noreferrer noopener\">R\u00e9seau Entreprendre Val d&#8217;Oise<\/a>.<\/p>\n\n\n\n<p>Un moment convivial et enrichissant, en pr\u00e9sence de notre co-pr\u00e9sident <a href=\"https:\/\/www.linkedin.com\/in\/michel-marseillan-a51aab45\/\" target=\"_blank\" rel=\"noreferrer noopener\">Michel MARSEILLAN<\/a>, pour \u00e9changer, cr\u00e9er du lien et d\u00e9couvrir notre communaut\u00e9.<\/p>\n\n\n\n<p>Bienvenue \u00e0 nos nouveaux Membres accompagnateurs <a href=\"https:\/\/www.linkedin.com\/in\/joachim-de-almeida\/\" target=\"_blank\" rel=\"noreferrer noopener\">Joachim de Almeida<\/a> <a href=\"https:\/\/www.linkedin.com\/in\/bruno-hindr%C3%A9-989a211\/\" target=\"_blank\" rel=\"noreferrer noopener\">Bruno Hindr\u00e9<\/a> <a href=\"https:\/\/www.linkedin.com\/in\/ghaemi-massoud-969075aa\/\" target=\"_blank\" rel=\"noreferrer noopener\">GHAEMI Massoud<\/a> et notre premier Laur\u00e9at en Reprise 2026 <a href=\"https:\/\/www.linkedin.com\/in\/fabrice-gourguechon-391339146\/\" target=\"_blank\" rel=\"noreferrer noopener\">Fabrice GOURGUECHON<\/a> ! &#x1f680;<\/p>\n\n\n\n<div style=\"height:43px\" aria-hidden=\"true\" class=\"wp-block-spacer\"><\/div>\n\n\n\n<div class=\"wp-block-columns is-layout-flex wp-container-core-columns-is-layout-9d6595d7 wp-block-columns-is-layout-flex\">\n<div class=\"wp-block-column is-layout-flow wp-block-column-is-layout-flow\" style=\"flex-basis:25%\"><\/div>\n\n\n\n<div class=\"wp-block-column is-layout-flow wp-block-column-is-layout-flow\" style=\"flex-basis:50%\">\n<figure class=\"wp-block-image size-large\"><img loading=\"lazy\" decoding=\"async\" width=\"1024\" height=\"768\" src=\"https:\/\/www.reseau-entreprendre.org\/val-d-oise\/wp-content\/uploads\/sites\/27\/2026\/04\/1774879619495-2-1024x768.jpg\" alt=\"\" class=\"wp-image-4652\" srcset=\"https:\/\/www.reseau-entreprendre.org\/val-d-oise\/wp-content\/uploads\/sites\/27\/2026\/04\/1774879619495-2-1024x768.jpg 1024w, https:\/\/www.reseau-entreprendre.org\/val-d-oise\/wp-content\/uploads\/sites\/27\/2026\/04\/1774879619495-2-300x225.jpg 300w, https:\/\/www.reseau-entreprendre.org\/val-d-oise\/wp-content\/uploads\/sites\/27\/2026\/04\/1774879619495-2-768x576.jpg 768w, https:\/\/www.reseau-entreprendre.org\/val-d-oise\/wp-content\/uploads\/sites\/27\/2026\/04\/1774879619495-2-1536x1152.jpg 1536w, https:\/\/www.reseau-entreprendre.org\/val-d-oise\/wp-content\/uploads\/sites\/27\/2026\/04\/1774879619495-2-173x130.jpg 173w, https:\/\/www.reseau-entreprendre.org\/val-d-oise\/wp-content\/uploads\/sites\/27\/2026\/04\/1774879619495-2-100x75.jpg 100w, https:\/\/www.reseau-entreprendre.org\/val-d-oise\/wp-content\/uploads\/sites\/27\/2026\/04\/1774879619495-2.jpg 2048w\" sizes=\"auto, (max-width: 1024px) 100vw, 1024px\" \/><\/figure>\n<\/div>\n\n\n\n<div class=\"wp-block-column is-layout-flow wp-block-column-is-layout-flow\" style=\"flex-basis:25%\"><\/div>\n<\/div>\n","protected":false},"excerpt":{"rendered":"<p>&#x2615;&#x2728; Lundi 13 mars, nous avons eu le plaisir d\u2019accueillir<\/p>\n","protected":false},"author":28,"featured_media":4652,"comment_status":"closed","ping_status":"closed","sticky":false,"template":"","format":"standard","meta":{"_acf_changed":false,"_monsterinsights_skip_tracking":false,"_monsterinsights_sitenote_active":false,"_monsterinsights_sitenote_note":"","_monsterinsights_sitenote_category":0,"footnotes":""},"categories":[4],"tags":[],"class_list":["post-4647","post","type-post","status-publish","format-standard","has-post-thumbnail","hentry","category-actualites","news"],"acf":[],"yoast_head":"<!-- This site is optimized with the Yoast SEO plugin v27.4 - https:\/\/yoast.com\/product\/yoast-seo-wordpress\/ -->\n<title>Petit-d\u00e9jeuner de d\u00e9couverte de R\u00e9seau Entreprendre Val d&#039;Oise. - R\u00e9seau Entreprendre Val d&#039;Oise<\/title>\n<meta name=\"robots\" content=\"index, follow, max-snippet:-1, max-image-preview:large, max-video-preview:-1\" \/>\n<link rel=\"canonical\" href=\"https:\/\/www.reseau-entreprendre.org\/val-d-oise\/2026\/03\/23\/petit-dejeuner-de-decouverte-de-reseau-entreprendre-val-doise\/\" \/>\n<meta property=\"og:locale\" content=\"fr_FR\" \/>\n<meta property=\"og:type\" content=\"article\" \/>\n<meta property=\"og:title\" content=\"Petit-d\u00e9jeuner de d\u00e9couverte de R\u00e9seau Entreprendre Val d&#039;Oise. - R\u00e9seau Entreprendre Val d&#039;Oise\" \/>\n<meta property=\"og:description\" content=\"&#x2615;&#x2728; Lundi 13 mars, nous avons eu le plaisir d\u2019accueillir\" \/>\n<meta property=\"og:url\" content=\"https:\/\/www.reseau-entreprendre.org\/val-d-oise\/2026\/03\/23\/petit-dejeuner-de-decouverte-de-reseau-entreprendre-val-doise\/\" \/>\n<meta property=\"og:site_name\" content=\"R\u00e9seau Entreprendre Val d&#039;Oise\" \/>\n<meta property=\"article:author\" content=\"https:\/\/www.facebook.com\/Rseau-Entreprendre-Val-dOise-359753044200554\" \/>\n<meta property=\"article:published_time\" content=\"2026-03-23T11:33:13+00:00\" \/>\n<meta property=\"article:modified_time\" content=\"2026-04-07T10:34:53+00:00\" \/>\n<meta property=\"og:image\" content=\"https:\/\/www.reseau-entreprendre.org\/val-d-oise\/wp-content\/uploads\/sites\/27\/2026\/04\/1774879619495-2.jpg\" \/>\n\t<meta property=\"og:image:width\" content=\"2048\" \/>\n\t<meta property=\"og:image:height\" content=\"1536\" \/>\n\t<meta property=\"og:image:type\" content=\"image\/jpeg\" \/>\n<meta name=\"author\" content=\"val-d-oise\" \/>\n<meta name=\"twitter:card\" content=\"summary_large_image\" \/>\n<meta name=\"twitter:creator\" content=\"@RE_Valdoise\" \/>\n<meta name=\"twitter:label1\" content=\"\u00c9crit par\" \/>\n\t<meta name=\"twitter:data1\" content=\"val-d-oise\" \/>\n\t<meta name=\"twitter:label2\" content=\"Dur\u00e9e de lecture estim\u00e9e\" \/>\n\t<meta name=\"twitter:data2\" content=\"1 minute\" \/>\n<script type=\"application\/ld+json\" class=\"yoast-schema-graph\">{\"@context\":\"https:\\\/\\\/schema.org\",\"@graph\":[{\"@type\":\"Article\",\"@id\":\"https:\\\/\\\/www.reseau-entreprendre.org\\\/val-d-oise\\\/2026\\\/03\\\/23\\\/petit-dejeuner-de-decouverte-de-reseau-entreprendre-val-doise\\\/#article\",\"isPartOf\":{\"@id\":\"https:\\\/\\\/www.reseau-entreprendre.org\\\/val-d-oise\\\/2026\\\/03\\\/23\\\/petit-dejeuner-de-decouverte-de-reseau-entreprendre-val-doise\\\/\"},\"author\":{\"name\":\"val-d-oise\",\"@id\":\"https:\\\/\\\/www.reseau-entreprendre.org\\\/val-d-oise\\\/#\\\/schema\\\/person\\\/6758f470c1ffc8ecb5a52e1fc628e009\"},\"headline\":\"Petit-d\u00e9jeuner de d\u00e9couverte de R\u00e9seau Entreprendre Val d&#8217;Oise.\",\"datePublished\":\"2026-03-23T11:33:13+00:00\",\"dateModified\":\"2026-04-07T10:34:53+00:00\",\"mainEntityOfPage\":{\"@id\":\"https:\\\/\\\/www.reseau-entreprendre.org\\\/val-d-oise\\\/2026\\\/03\\\/23\\\/petit-dejeuner-de-decouverte-de-reseau-entreprendre-val-doise\\\/\"},\"wordCount\":91,\"image\":{\"@id\":\"https:\\\/\\\/www.reseau-entreprendre.org\\\/val-d-oise\\\/2026\\\/03\\\/23\\\/petit-dejeuner-de-decouverte-de-reseau-entreprendre-val-doise\\\/#primaryimage\"},\"thumbnailUrl\":\"https:\\\/\\\/www.reseau-entreprendre.org\\\/val-d-oise\\\/wp-content\\\/uploads\\\/sites\\\/27\\\/2026\\\/04\\\/1774879619495-2.jpg\",\"articleSection\":[\"Actualit\u00e9s\"],\"inLanguage\":\"fr-FR\"},{\"@type\":\"WebPage\",\"@id\":\"https:\\\/\\\/www.reseau-entreprendre.org\\\/val-d-oise\\\/2026\\\/03\\\/23\\\/petit-dejeuner-de-decouverte-de-reseau-entreprendre-val-doise\\\/\",\"url\":\"https:\\\/\\\/www.reseau-entreprendre.org\\\/val-d-oise\\\/2026\\\/03\\\/23\\\/petit-dejeuner-de-decouverte-de-reseau-entreprendre-val-doise\\\/\",\"name\":\"Petit-d\u00e9jeuner de d\u00e9couverte de R\u00e9seau Entreprendre Val d'Oise. - R\u00e9seau Entreprendre Val d&#039;Oise\",\"isPartOf\":{\"@id\":\"https:\\\/\\\/www.reseau-entreprendre.org\\\/val-d-oise\\\/#website\"},\"primaryImageOfPage\":{\"@id\":\"https:\\\/\\\/www.reseau-entreprendre.org\\\/val-d-oise\\\/2026\\\/03\\\/23\\\/petit-dejeuner-de-decouverte-de-reseau-entreprendre-val-doise\\\/#primaryimage\"},\"image\":{\"@id\":\"https:\\\/\\\/www.reseau-entreprendre.org\\\/val-d-oise\\\/2026\\\/03\\\/23\\\/petit-dejeuner-de-decouverte-de-reseau-entreprendre-val-doise\\\/#primaryimage\"},\"thumbnailUrl\":\"https:\\\/\\\/www.reseau-entreprendre.org\\\/val-d-oise\\\/wp-content\\\/uploads\\\/sites\\\/27\\\/2026\\\/04\\\/1774879619495-2.jpg\",\"datePublished\":\"2026-03-23T11:33:13+00:00\",\"dateModified\":\"2026-04-07T10:34:53+00:00\",\"author\":{\"@id\":\"https:\\\/\\\/www.reseau-entreprendre.org\\\/val-d-oise\\\/#\\\/schema\\\/person\\\/6758f470c1ffc8ecb5a52e1fc628e009\"},\"breadcrumb\":{\"@id\":\"https:\\\/\\\/www.reseau-entreprendre.org\\\/val-d-oise\\\/2026\\\/03\\\/23\\\/petit-dejeuner-de-decouverte-de-reseau-entreprendre-val-doise\\\/#breadcrumb\"},\"inLanguage\":\"fr-FR\",\"potentialAction\":[{\"@type\":\"ReadAction\",\"target\":[\"https:\\\/\\\/www.reseau-entreprendre.org\\\/val-d-oise\\\/2026\\\/03\\\/23\\\/petit-dejeuner-de-decouverte-de-reseau-entreprendre-val-doise\\\/\"]}]},{\"@type\":\"ImageObject\",\"inLanguage\":\"fr-FR\",\"@id\":\"https:\\\/\\\/www.reseau-entreprendre.org\\\/val-d-oise\\\/2026\\\/03\\\/23\\\/petit-dejeuner-de-decouverte-de-reseau-entreprendre-val-doise\\\/#primaryimage\",\"url\":\"https:\\\/\\\/www.reseau-entreprendre.org\\\/val-d-oise\\\/wp-content\\\/uploads\\\/sites\\\/27\\\/2026\\\/04\\\/1774879619495-2.jpg\",\"contentUrl\":\"https:\\\/\\\/www.reseau-entreprendre.org\\\/val-d-oise\\\/wp-content\\\/uploads\\\/sites\\\/27\\\/2026\\\/04\\\/1774879619495-2.jpg\",\"width\":2048,\"height\":1536},{\"@type\":\"BreadcrumbList\",\"@id\":\"https:\\\/\\\/www.reseau-entreprendre.org\\\/val-d-oise\\\/2026\\\/03\\\/23\\\/petit-dejeuner-de-decouverte-de-reseau-entreprendre-val-doise\\\/#breadcrumb\",\"itemListElement\":[{\"@type\":\"ListItem\",\"position\":1,\"name\":\"Accueil\",\"item\":\"https:\\\/\\\/www.reseau-entreprendre.org\\\/val-d-oise\\\/\"},{\"@type\":\"ListItem\",\"position\":2,\"name\":\"Petit-d\u00e9jeuner de d\u00e9couverte de R\u00e9seau Entreprendre Val d&#8217;Oise.\"}]},{\"@type\":\"WebSite\",\"@id\":\"https:\\\/\\\/www.reseau-entreprendre.org\\\/val-d-oise\\\/#website\",\"url\":\"https:\\\/\\\/www.reseau-entreprendre.org\\\/val-d-oise\\\/\",\"name\":\"R\u00e9seau Entreprendre Val d&#039;Oise\",\"description\":\"\",\"potentialAction\":[{\"@type\":\"SearchAction\",\"target\":{\"@type\":\"EntryPoint\",\"urlTemplate\":\"https:\\\/\\\/www.reseau-entreprendre.org\\\/val-d-oise\\\/?s={search_term_string}\"},\"query-input\":{\"@type\":\"PropertyValueSpecification\",\"valueRequired\":true,\"valueName\":\"search_term_string\"}}],\"inLanguage\":\"fr-FR\"},{\"@type\":\"Person\",\"@id\":\"https:\\\/\\\/www.reseau-entreprendre.org\\\/val-d-oise\\\/#\\\/schema\\\/person\\\/6758f470c1ffc8ecb5a52e1fc628e009\",\"name\":\"val-d-oise\",\"image\":{\"@type\":\"ImageObject\",\"inLanguage\":\"fr-FR\",\"@id\":\"https:\\\/\\\/secure.gravatar.com\\\/avatar\\\/245d1a673b5fb38c73a06a0f55616e3cd681a8a5351854f123401f6b14d69972?s=96&d=mm&r=g\",\"url\":\"https:\\\/\\\/secure.gravatar.com\\\/avatar\\\/245d1a673b5fb38c73a06a0f55616e3cd681a8a5351854f123401f6b14d69972?s=96&d=mm&r=g\",\"contentUrl\":\"https:\\\/\\\/secure.gravatar.com\\\/avatar\\\/245d1a673b5fb38c73a06a0f55616e3cd681a8a5351854f123401f6b14d69972?s=96&d=mm&r=g\",\"caption\":\"val-d-oise\"},\"sameAs\":[\"https:\\\/\\\/www.reseau-entreprendre.org\\\/val-d-oise\\\/\",\"https:\\\/\\\/www.facebook.com\\\/Rseau-Entreprendre-Val-dOise-359753044200554\",\"https:\\\/\\\/www.instagram.com\\\/reseauentreprendre95\\\/\",\"https:\\\/\\\/www.linkedin.com\\\/company\\\/reseau-entreprendre-val-d-oise\\\/\",\"https:\\\/\\\/x.com\\\/RE_Valdoise\"],\"url\":\"https:\\\/\\\/www.reseau-entreprendre.org\\\/val-d-oise\\\/author\\\/val-d-oise\\\/\"}]}<\/script>\n<!-- \/ Yoast SEO plugin. -->","yoast_head_json":{"title":"Petit-d\u00e9jeuner de d\u00e9couverte de R\u00e9seau Entreprendre Val d'Oise. - R\u00e9seau Entreprendre Val d&#039;Oise","robots":{"index":"index","follow":"follow","max-snippet":"max-snippet:-1","max-image-preview":"max-image-preview:large","max-video-preview":"max-video-preview:-1"},"canonical":"https:\/\/www.reseau-entreprendre.org\/val-d-oise\/2026\/03\/23\/petit-dejeuner-de-decouverte-de-reseau-entreprendre-val-doise\/","og_locale":"fr_FR","og_type":"article","og_title":"Petit-d\u00e9jeuner de d\u00e9couverte de R\u00e9seau Entreprendre Val d'Oise. - R\u00e9seau Entreprendre Val d&#039;Oise","og_description":"&#x2615;&#x2728; Lundi 13 mars, nous avons eu le plaisir d\u2019accueillir","og_url":"https:\/\/www.reseau-entreprendre.org\/val-d-oise\/2026\/03\/23\/petit-dejeuner-de-decouverte-de-reseau-entreprendre-val-doise\/","og_site_name":"R\u00e9seau Entreprendre Val d&#039;Oise","article_author":"https:\/\/www.facebook.com\/Rseau-Entreprendre-Val-dOise-359753044200554","article_published_time":"2026-03-23T11:33:13+00:00","article_modified_time":"2026-04-07T10:34:53+00:00","og_image":[{"width":2048,"height":1536,"url":"https:\/\/www.reseau-entreprendre.org\/val-d-oise\/wp-content\/uploads\/sites\/27\/2026\/04\/1774879619495-2.jpg","type":"image\/jpeg"}],"author":"val-d-oise","twitter_card":"summary_large_image","twitter_creator":"@RE_Valdoise","twitter_misc":{"\u00c9crit par":"val-d-oise","Dur\u00e9e de lecture estim\u00e9e":"1 minute"},"schema":{"@context":"https:\/\/schema.org","@graph":[{"@type":"Article","@id":"https:\/\/www.reseau-entreprendre.org\/val-d-oise\/2026\/03\/23\/petit-dejeuner-de-decouverte-de-reseau-entreprendre-val-doise\/#article","isPartOf":{"@id":"https:\/\/www.reseau-entreprendre.org\/val-d-oise\/2026\/03\/23\/petit-dejeuner-de-decouverte-de-reseau-entreprendre-val-doise\/"},"author":{"name":"val-d-oise","@id":"https:\/\/www.reseau-entreprendre.org\/val-d-oise\/#\/schema\/person\/6758f470c1ffc8ecb5a52e1fc628e009"},"headline":"Petit-d\u00e9jeuner de d\u00e9couverte de R\u00e9seau Entreprendre Val d&#8217;Oise.","datePublished":"2026-03-23T11:33:13+00:00","dateModified":"2026-04-07T10:34:53+00:00","mainEntityOfPage":{"@id":"https:\/\/www.reseau-entreprendre.org\/val-d-oise\/2026\/03\/23\/petit-dejeuner-de-decouverte-de-reseau-entreprendre-val-doise\/"},"wordCount":91,"image":{"@id":"https:\/\/www.reseau-entreprendre.org\/val-d-oise\/2026\/03\/23\/petit-dejeuner-de-decouverte-de-reseau-entreprendre-val-doise\/#primaryimage"},"thumbnailUrl":"https:\/\/www.reseau-entreprendre.org\/val-d-oise\/wp-content\/uploads\/sites\/27\/2026\/04\/1774879619495-2.jpg","articleSection":["Actualit\u00e9s"],"inLanguage":"fr-FR"},{"@type":"WebPage","@id":"https:\/\/www.reseau-entreprendre.org\/val-d-oise\/2026\/03\/23\/petit-dejeuner-de-decouverte-de-reseau-entreprendre-val-doise\/","url":"https:\/\/www.reseau-entreprendre.org\/val-d-oise\/2026\/03\/23\/petit-dejeuner-de-decouverte-de-reseau-entreprendre-val-doise\/","name":"Petit-d\u00e9jeuner de d\u00e9couverte de R\u00e9seau Entreprendre Val d'Oise. - R\u00e9seau Entreprendre Val d&#039;Oise","isPartOf":{"@id":"https:\/\/www.reseau-entreprendre.org\/val-d-oise\/#website"},"primaryImageOfPage":{"@id":"https:\/\/www.reseau-entreprendre.org\/val-d-oise\/2026\/03\/23\/petit-dejeuner-de-decouverte-de-reseau-entreprendre-val-doise\/#primaryimage"},"image":{"@id":"https:\/\/www.reseau-entreprendre.org\/val-d-oise\/2026\/03\/23\/petit-dejeuner-de-decouverte-de-reseau-entreprendre-val-doise\/#primaryimage"},"thumbnailUrl":"https:\/\/www.reseau-entreprendre.org\/val-d-oise\/wp-content\/uploads\/sites\/27\/2026\/04\/1774879619495-2.jpg","datePublished":"2026-03-23T11:33:13+00:00","dateModified":"2026-04-07T10:34:53+00:00","author":{"@id":"https:\/\/www.reseau-entreprendre.org\/val-d-oise\/#\/schema\/person\/6758f470c1ffc8ecb5a52e1fc628e009"},"breadcrumb":{"@id":"https:\/\/www.reseau-entreprendre.org\/val-d-oise\/2026\/03\/23\/petit-dejeuner-de-decouverte-de-reseau-entreprendre-val-doise\/#breadcrumb"},"inLanguage":"fr-FR","potentialAction":[{"@type":"ReadAction","target":["https:\/\/www.reseau-entreprendre.org\/val-d-oise\/2026\/03\/23\/petit-dejeuner-de-decouverte-de-reseau-entreprendre-val-doise\/"]}]},{"@type":"ImageObject","inLanguage":"fr-FR","@id":"https:\/\/www.reseau-entreprendre.org\/val-d-oise\/2026\/03\/23\/petit-dejeuner-de-decouverte-de-reseau-entreprendre-val-doise\/#primaryimage","url":"https:\/\/www.reseau-entreprendre.org\/val-d-oise\/wp-content\/uploads\/sites\/27\/2026\/04\/1774879619495-2.jpg","contentUrl":"https:\/\/www.reseau-entreprendre.org\/val-d-oise\/wp-content\/uploads\/sites\/27\/2026\/04\/1774879619495-2.jpg","width":2048,"height":1536},{"@type":"BreadcrumbList","@id":"https:\/\/www.reseau-entreprendre.org\/val-d-oise\/2026\/03\/23\/petit-dejeuner-de-decouverte-de-reseau-entreprendre-val-doise\/#breadcrumb","itemListElement":[{"@type":"ListItem","position":1,"name":"Accueil","item":"https:\/\/www.reseau-entreprendre.org\/val-d-oise\/"},{"@type":"ListItem","position":2,"name":"Petit-d\u00e9jeuner de d\u00e9couverte de R\u00e9seau Entreprendre Val d&#8217;Oise."}]},{"@type":"WebSite","@id":"https:\/\/www.reseau-entreprendre.org\/val-d-oise\/#website","url":"https:\/\/www.reseau-entreprendre.org\/val-d-oise\/","name":"R\u00e9seau Entreprendre Val d&#039;Oise","description":"","potentialAction":[{"@type":"SearchAction","target":{"@type":"EntryPoint","urlTemplate":"https:\/\/www.reseau-entreprendre.org\/val-d-oise\/?s={search_term_string}"},"query-input":{"@type":"PropertyValueSpecification","valueRequired":true,"valueName":"search_term_string"}}],"inLanguage":"fr-FR"},{"@type":"Person","@id":"https:\/\/www.reseau-entreprendre.org\/val-d-oise\/#\/schema\/person\/6758f470c1ffc8ecb5a52e1fc628e009","name":"val-d-oise","image":{"@type":"ImageObject","inLanguage":"fr-FR","@id":"https:\/\/secure.gravatar.com\/avatar\/245d1a673b5fb38c73a06a0f55616e3cd681a8a5351854f123401f6b14d69972?s=96&d=mm&r=g","url":"https:\/\/secure.gravatar.com\/avatar\/245d1a673b5fb38c73a06a0f55616e3cd681a8a5351854f123401f6b14d69972?s=96&d=mm&r=g","contentUrl":"https:\/\/secure.gravatar.com\/avatar\/245d1a673b5fb38c73a06a0f55616e3cd681a8a5351854f123401f6b14d69972?s=96&d=mm&r=g","caption":"val-d-oise"},"sameAs":["https:\/\/www.reseau-entreprendre.org\/val-d-oise\/","https:\/\/www.facebook.com\/Rseau-Entreprendre-Val-dOise-359753044200554","https:\/\/www.instagram.com\/reseauentreprendre95\/","https:\/\/www.linkedin.com\/company\/reseau-entreprendre-val-d-oise\/","https:\/\/x.com\/RE_Valdoise"],"url":"https:\/\/www.reseau-entreprendre.org\/val-d-oise\/author\/val-d-oise\/"}]}},"_links":{"self":[{"href":"https:\/\/www.reseau-entreprendre.org\/val-d-oise\/wp-json\/wp\/v2\/posts\/4647","targetHints":{"allow":["GET"]}}],"collection":[{"href":"https:\/\/www.reseau-entreprendre.org\/val-d-oise\/wp-json\/wp\/v2\/posts"}],"about":[{"href":"https:\/\/www.reseau-entreprendre.org\/val-d-oise\/wp-json\/wp\/v2\/types\/post"}],"author":[{"embeddable":true,"href":"https:\/\/www.reseau-entreprendre.org\/val-d-oise\/wp-json\/wp\/v2\/users\/28"}],"replies":[{"embeddable":true,"href":"https:\/\/www.reseau-entreprendre.org\/val-d-oise\/wp-json\/wp\/v2\/comments?post=4647"}],"version-history":[{"count":1,"href":"https:\/\/www.reseau-entreprendre.org\/val-d-oise\/wp-json\/wp\/v2\/posts\/4647\/revisions"}],"predecessor-version":[{"id":4653,"href":"https:\/\/www.reseau-entreprendre.org\/val-d-oise\/wp-json\/wp\/v2\/posts\/4647\/revisions\/4653"}],"wp:featuredmedia":[{"embeddable":true,"href":"https:\/\/www.reseau-entreprendre.org\/val-d-oise\/wp-json\/wp\/v2\/media\/4652"}],"wp:attachment":[{"href":"https:\/\/www.reseau-entreprendre.org\/val-d-oise\/wp-json\/wp\/v2\/media?parent=4647"}],"wp:term":[{"taxonomy":"category","embeddable":true,"href":"https:\/\/www.reseau-entreprendre.org\/val-d-oise\/wp-json\/wp\/v2\/categories?post=4647"},{"taxonomy":"post_tag","embeddable":true,"href":"https:\/\/www.reseau-entreprendre.org\/val-d-oise\/wp-json\/wp\/v2\/tags?post=4647"}],"curies":[{"name":"wp","href":"https:\/\/api.w.org\/{rel}","templated":true}]}}