{"id":4654,"date":"2026-04-01T12:40:41","date_gmt":"2026-04-01T10:40:41","guid":{"rendered":"https:\/\/www.reseau-entreprendre.org\/val-d-oise\/?p=4654"},"modified":"2026-04-07T12:51:20","modified_gmt":"2026-04-07T10:51:20","slug":"reseau-entreprendre-val-doise-au-forum-des-createurs","status":"publish","type":"post","link":"https:\/\/www.reseau-entreprendre.org\/val-d-oise\/2026\/04\/01\/reseau-entreprendre-val-doise-au-forum-des-createurs\/","title":{"rendered":"R\u00e9seau Entreprendre Val d&#8217;Oise au Forum des Cr\u00e9ateurs"},"content":{"rendered":"\n<p><\/p>\n\n\n\n<p><a href=\"https:\/\/www.linkedin.com\/company\/reseau-entreprendre-val-d-oise\/\">R\u00e9seau Entreprendre Val d&#8217;Oise<\/a> \u00e9tait pr\u00e9sent mardi 17 au Forum des Cr\u00e9ateurs organis\u00e9 par la <a href=\"https:\/\/www.linkedin.com\/company\/cci-95\/\">CCI Val-d&#8217;Oise<\/a> ! &#x1f680;<br><br>Cet \u00e9v\u00e9nement a permis \u00e0 de nombreux porteurs de projet de d\u00e9couvrir les diff\u00e9rents dispositifs d\u2019accompagnement et de financement, ainsi que les parcours que nous proposons pour soutenir leur d\u00e9veloppement entrepreneurial.<br><br>Un moment riche en \u00e9changes, en rencontres et en perspectives pour celles et ceux qui souhaitent se lancer ou structurer leur projet &#x2705;<br><br>&#x1f64f; Merci \u00e0 la CCI Val-d\u2019Oise pour l\u2019organisation de cet \u00e9v\u00e9nement et \u00e0 tous les participants pour la qualit\u00e9 des \u00e9changes !<\/p>\n\n\n\n<div class=\"wp-block-columns is-layout-flex wp-container-core-columns-is-layout-9d6595d7 wp-block-columns-is-layout-flex\">\n<div class=\"wp-block-column is-layout-flow wp-block-column-is-layout-flow\" style=\"flex-basis:25%\"><\/div>\n\n\n\n<div class=\"wp-block-column is-layout-flow wp-block-column-is-layout-flow\" style=\"flex-basis:50%\">\n<figure class=\"wp-block-image size-large\"><img loading=\"lazy\" decoding=\"async\" width=\"1024\" height=\"768\" src=\"https:\/\/www.reseau-entreprendre.org\/val-d-oise\/wp-content\/uploads\/sites\/27\/2026\/04\/WhatsApp-Image-2026-03-24-at-14.21.03-1024x768.jpeg\" alt=\"\" class=\"wp-image-4655\" srcset=\"https:\/\/www.reseau-entreprendre.org\/val-d-oise\/wp-content\/uploads\/sites\/27\/2026\/04\/WhatsApp-Image-2026-03-24-at-14.21.03-1024x768.jpeg 1024w, https:\/\/www.reseau-entreprendre.org\/val-d-oise\/wp-content\/uploads\/sites\/27\/2026\/04\/WhatsApp-Image-2026-03-24-at-14.21.03-300x225.jpeg 300w, https:\/\/www.reseau-entreprendre.org\/val-d-oise\/wp-content\/uploads\/sites\/27\/2026\/04\/WhatsApp-Image-2026-03-24-at-14.21.03-768x576.jpeg 768w, https:\/\/www.reseau-entreprendre.org\/val-d-oise\/wp-content\/uploads\/sites\/27\/2026\/04\/WhatsApp-Image-2026-03-24-at-14.21.03-1536x1152.jpeg 1536w, https:\/\/www.reseau-entreprendre.org\/val-d-oise\/wp-content\/uploads\/sites\/27\/2026\/04\/WhatsApp-Image-2026-03-24-at-14.21.03-173x130.jpeg 173w, https:\/\/www.reseau-entreprendre.org\/val-d-oise\/wp-content\/uploads\/sites\/27\/2026\/04\/WhatsApp-Image-2026-03-24-at-14.21.03-100x75.jpeg 100w, https:\/\/www.reseau-entreprendre.org\/val-d-oise\/wp-content\/uploads\/sites\/27\/2026\/04\/WhatsApp-Image-2026-03-24-at-14.21.03.jpeg 2000w\" sizes=\"auto, (max-width: 1024px) 100vw, 1024px\" \/><\/figure>\n<\/div>\n\n\n\n<div class=\"wp-block-column is-layout-flow wp-block-column-is-layout-flow\" style=\"flex-basis:25%\"><\/div>\n<\/div>\n","protected":false},"excerpt":{"rendered":"<p>R\u00e9seau Entreprendre Val d&#8217;Oise \u00e9tait pr\u00e9sent mardi 17 au Forum<\/p>\n","protected":false},"author":28,"featured_media":4655,"comment_status":"closed","ping_status":"closed","sticky":false,"template":"","format":"standard","meta":{"_acf_changed":false,"_monsterinsights_skip_tracking":false,"_monsterinsights_sitenote_active":false,"_monsterinsights_sitenote_note":"","_monsterinsights_sitenote_category":0,"footnotes":""},"categories":[4],"tags":[],"class_list":["post-4654","post","type-post","status-publish","format-standard","has-post-thumbnail","hentry","category-actualites","news"],"acf":[],"yoast_head":"<!-- This site is optimized with the Yoast SEO plugin v27.4 - https:\/\/yoast.com\/product\/yoast-seo-wordpress\/ -->\n<title>R\u00e9seau Entreprendre Val d&#039;Oise au Forum des Cr\u00e9ateurs - R\u00e9seau Entreprendre Val d&#039;Oise<\/title>\n<meta name=\"robots\" content=\"index, follow, max-snippet:-1, max-image-preview:large, max-video-preview:-1\" \/>\n<link rel=\"canonical\" href=\"https:\/\/www.reseau-entreprendre.org\/val-d-oise\/2026\/04\/01\/reseau-entreprendre-val-doise-au-forum-des-createurs\/\" \/>\n<meta property=\"og:locale\" content=\"fr_FR\" \/>\n<meta property=\"og:type\" content=\"article\" \/>\n<meta property=\"og:title\" content=\"R\u00e9seau Entreprendre Val d&#039;Oise au Forum des Cr\u00e9ateurs - R\u00e9seau Entreprendre Val d&#039;Oise\" \/>\n<meta property=\"og:description\" content=\"R\u00e9seau Entreprendre Val d&#8217;Oise \u00e9tait pr\u00e9sent mardi 17 au Forum\" \/>\n<meta property=\"og:url\" content=\"https:\/\/www.reseau-entreprendre.org\/val-d-oise\/2026\/04\/01\/reseau-entreprendre-val-doise-au-forum-des-createurs\/\" \/>\n<meta property=\"og:site_name\" content=\"R\u00e9seau Entreprendre Val d&#039;Oise\" \/>\n<meta property=\"article:author\" content=\"https:\/\/www.facebook.com\/Rseau-Entreprendre-Val-dOise-359753044200554\" \/>\n<meta property=\"article:published_time\" content=\"2026-04-01T10:40:41+00:00\" \/>\n<meta property=\"article:modified_time\" content=\"2026-04-07T10:51:20+00:00\" \/>\n<meta property=\"og:image\" content=\"https:\/\/www.reseau-entreprendre.org\/val-d-oise\/wp-content\/uploads\/sites\/27\/2026\/04\/WhatsApp-Image-2026-03-24-at-14.21.03.jpeg\" \/>\n\t<meta property=\"og:image:width\" content=\"2000\" \/>\n\t<meta property=\"og:image:height\" content=\"1500\" \/>\n\t<meta property=\"og:image:type\" content=\"image\/jpeg\" \/>\n<meta name=\"author\" content=\"val-d-oise\" \/>\n<meta name=\"twitter:card\" content=\"summary_large_image\" \/>\n<meta name=\"twitter:creator\" content=\"@RE_Valdoise\" \/>\n<meta name=\"twitter:label1\" content=\"\u00c9crit par\" \/>\n\t<meta name=\"twitter:data1\" content=\"val-d-oise\" \/>\n\t<meta name=\"twitter:label2\" content=\"Dur\u00e9e de lecture estim\u00e9e\" \/>\n\t<meta name=\"twitter:data2\" content=\"1 minute\" \/>\n<script type=\"application\/ld+json\" class=\"yoast-schema-graph\">{\"@context\":\"https:\\\/\\\/schema.org\",\"@graph\":[{\"@type\":\"Article\",\"@id\":\"https:\\\/\\\/www.reseau-entreprendre.org\\\/val-d-oise\\\/2026\\\/04\\\/01\\\/reseau-entreprendre-val-doise-au-forum-des-createurs\\\/#article\",\"isPartOf\":{\"@id\":\"https:\\\/\\\/www.reseau-entreprendre.org\\\/val-d-oise\\\/2026\\\/04\\\/01\\\/reseau-entreprendre-val-doise-au-forum-des-createurs\\\/\"},\"author\":{\"name\":\"val-d-oise\",\"@id\":\"https:\\\/\\\/www.reseau-entreprendre.org\\\/val-d-oise\\\/#\\\/schema\\\/person\\\/6758f470c1ffc8ecb5a52e1fc628e009\"},\"headline\":\"R\u00e9seau Entreprendre Val d&#8217;Oise au Forum des Cr\u00e9ateurs\",\"datePublished\":\"2026-04-01T10:40:41+00:00\",\"dateModified\":\"2026-04-07T10:51:20+00:00\",\"mainEntityOfPage\":{\"@id\":\"https:\\\/\\\/www.reseau-entreprendre.org\\\/val-d-oise\\\/2026\\\/04\\\/01\\\/reseau-entreprendre-val-doise-au-forum-des-createurs\\\/\"},\"wordCount\":116,\"image\":{\"@id\":\"https:\\\/\\\/www.reseau-entreprendre.org\\\/val-d-oise\\\/2026\\\/04\\\/01\\\/reseau-entreprendre-val-doise-au-forum-des-createurs\\\/#primaryimage\"},\"thumbnailUrl\":\"https:\\\/\\\/www.reseau-entreprendre.org\\\/val-d-oise\\\/wp-content\\\/uploads\\\/sites\\\/27\\\/2026\\\/04\\\/WhatsApp-Image-2026-03-24-at-14.21.03.jpeg\",\"articleSection\":[\"Actualit\u00e9s\"],\"inLanguage\":\"fr-FR\"},{\"@type\":\"WebPage\",\"@id\":\"https:\\\/\\\/www.reseau-entreprendre.org\\\/val-d-oise\\\/2026\\\/04\\\/01\\\/reseau-entreprendre-val-doise-au-forum-des-createurs\\\/\",\"url\":\"https:\\\/\\\/www.reseau-entreprendre.org\\\/val-d-oise\\\/2026\\\/04\\\/01\\\/reseau-entreprendre-val-doise-au-forum-des-createurs\\\/\",\"name\":\"R\u00e9seau Entreprendre Val d'Oise au Forum des Cr\u00e9ateurs - R\u00e9seau Entreprendre Val d&#039;Oise\",\"isPartOf\":{\"@id\":\"https:\\\/\\\/www.reseau-entreprendre.org\\\/val-d-oise\\\/#website\"},\"primaryImageOfPage\":{\"@id\":\"https:\\\/\\\/www.reseau-entreprendre.org\\\/val-d-oise\\\/2026\\\/04\\\/01\\\/reseau-entreprendre-val-doise-au-forum-des-createurs\\\/#primaryimage\"},\"image\":{\"@id\":\"https:\\\/\\\/www.reseau-entreprendre.org\\\/val-d-oise\\\/2026\\\/04\\\/01\\\/reseau-entreprendre-val-doise-au-forum-des-createurs\\\/#primaryimage\"},\"thumbnailUrl\":\"https:\\\/\\\/www.reseau-entreprendre.org\\\/val-d-oise\\\/wp-content\\\/uploads\\\/sites\\\/27\\\/2026\\\/04\\\/WhatsApp-Image-2026-03-24-at-14.21.03.jpeg\",\"datePublished\":\"2026-04-01T10:40:41+00:00\",\"dateModified\":\"2026-04-07T10:51:20+00:00\",\"author\":{\"@id\":\"https:\\\/\\\/www.reseau-entreprendre.org\\\/val-d-oise\\\/#\\\/schema\\\/person\\\/6758f470c1ffc8ecb5a52e1fc628e009\"},\"breadcrumb\":{\"@id\":\"https:\\\/\\\/www.reseau-entreprendre.org\\\/val-d-oise\\\/2026\\\/04\\\/01\\\/reseau-entreprendre-val-doise-au-forum-des-createurs\\\/#breadcrumb\"},\"inLanguage\":\"fr-FR\",\"potentialAction\":[{\"@type\":\"ReadAction\",\"target\":[\"https:\\\/\\\/www.reseau-entreprendre.org\\\/val-d-oise\\\/2026\\\/04\\\/01\\\/reseau-entreprendre-val-doise-au-forum-des-createurs\\\/\"]}]},{\"@type\":\"ImageObject\",\"inLanguage\":\"fr-FR\",\"@id\":\"https:\\\/\\\/www.reseau-entreprendre.org\\\/val-d-oise\\\/2026\\\/04\\\/01\\\/reseau-entreprendre-val-doise-au-forum-des-createurs\\\/#primaryimage\",\"url\":\"https:\\\/\\\/www.reseau-entreprendre.org\\\/val-d-oise\\\/wp-content\\\/uploads\\\/sites\\\/27\\\/2026\\\/04\\\/WhatsApp-Image-2026-03-24-at-14.21.03.jpeg\",\"contentUrl\":\"https:\\\/\\\/www.reseau-entreprendre.org\\\/val-d-oise\\\/wp-content\\\/uploads\\\/sites\\\/27\\\/2026\\\/04\\\/WhatsApp-Image-2026-03-24-at-14.21.03.jpeg\",\"width\":2000,\"height\":1500},{\"@type\":\"BreadcrumbList\",\"@id\":\"https:\\\/\\\/www.reseau-entreprendre.org\\\/val-d-oise\\\/2026\\\/04\\\/01\\\/reseau-entreprendre-val-doise-au-forum-des-createurs\\\/#breadcrumb\",\"itemListElement\":[{\"@type\":\"ListItem\",\"position\":1,\"name\":\"Accueil\",\"item\":\"https:\\\/\\\/www.reseau-entreprendre.org\\\/val-d-oise\\\/\"},{\"@type\":\"ListItem\",\"position\":2,\"name\":\"R\u00e9seau Entreprendre Val d&#8217;Oise au Forum des Cr\u00e9ateurs\"}]},{\"@type\":\"WebSite\",\"@id\":\"https:\\\/\\\/www.reseau-entreprendre.org\\\/val-d-oise\\\/#website\",\"url\":\"https:\\\/\\\/www.reseau-entreprendre.org\\\/val-d-oise\\\/\",\"name\":\"R\u00e9seau Entreprendre Val d&#039;Oise\",\"description\":\"\",\"potentialAction\":[{\"@type\":\"SearchAction\",\"target\":{\"@type\":\"EntryPoint\",\"urlTemplate\":\"https:\\\/\\\/www.reseau-entreprendre.org\\\/val-d-oise\\\/?s={search_term_string}\"},\"query-input\":{\"@type\":\"PropertyValueSpecification\",\"valueRequired\":true,\"valueName\":\"search_term_string\"}}],\"inLanguage\":\"fr-FR\"},{\"@type\":\"Person\",\"@id\":\"https:\\\/\\\/www.reseau-entreprendre.org\\\/val-d-oise\\\/#\\\/schema\\\/person\\\/6758f470c1ffc8ecb5a52e1fc628e009\",\"name\":\"val-d-oise\",\"image\":{\"@type\":\"ImageObject\",\"inLanguage\":\"fr-FR\",\"@id\":\"https:\\\/\\\/secure.gravatar.com\\\/avatar\\\/245d1a673b5fb38c73a06a0f55616e3cd681a8a5351854f123401f6b14d69972?s=96&d=mm&r=g\",\"url\":\"https:\\\/\\\/secure.gravatar.com\\\/avatar\\\/245d1a673b5fb38c73a06a0f55616e3cd681a8a5351854f123401f6b14d69972?s=96&d=mm&r=g\",\"contentUrl\":\"https:\\\/\\\/secure.gravatar.com\\\/avatar\\\/245d1a673b5fb38c73a06a0f55616e3cd681a8a5351854f123401f6b14d69972?s=96&d=mm&r=g\",\"caption\":\"val-d-oise\"},\"sameAs\":[\"https:\\\/\\\/www.reseau-entreprendre.org\\\/val-d-oise\\\/\",\"https:\\\/\\\/www.facebook.com\\\/Rseau-Entreprendre-Val-dOise-359753044200554\",\"https:\\\/\\\/www.instagram.com\\\/reseauentreprendre95\\\/\",\"https:\\\/\\\/www.linkedin.com\\\/company\\\/reseau-entreprendre-val-d-oise\\\/\",\"https:\\\/\\\/x.com\\\/RE_Valdoise\"],\"url\":\"https:\\\/\\\/www.reseau-entreprendre.org\\\/val-d-oise\\\/author\\\/val-d-oise\\\/\"}]}<\/script>\n<!-- \/ Yoast SEO plugin. -->","yoast_head_json":{"title":"R\u00e9seau Entreprendre Val d'Oise au Forum des Cr\u00e9ateurs - R\u00e9seau Entreprendre Val d&#039;Oise","robots":{"index":"index","follow":"follow","max-snippet":"max-snippet:-1","max-image-preview":"max-image-preview:large","max-video-preview":"max-video-preview:-1"},"canonical":"https:\/\/www.reseau-entreprendre.org\/val-d-oise\/2026\/04\/01\/reseau-entreprendre-val-doise-au-forum-des-createurs\/","og_locale":"fr_FR","og_type":"article","og_title":"R\u00e9seau Entreprendre Val d'Oise au Forum des Cr\u00e9ateurs - R\u00e9seau Entreprendre Val d&#039;Oise","og_description":"R\u00e9seau Entreprendre Val d&#8217;Oise \u00e9tait pr\u00e9sent mardi 17 au Forum","og_url":"https:\/\/www.reseau-entreprendre.org\/val-d-oise\/2026\/04\/01\/reseau-entreprendre-val-doise-au-forum-des-createurs\/","og_site_name":"R\u00e9seau Entreprendre Val d&#039;Oise","article_author":"https:\/\/www.facebook.com\/Rseau-Entreprendre-Val-dOise-359753044200554","article_published_time":"2026-04-01T10:40:41+00:00","article_modified_time":"2026-04-07T10:51:20+00:00","og_image":[{"width":2000,"height":1500,"url":"https:\/\/www.reseau-entreprendre.org\/val-d-oise\/wp-content\/uploads\/sites\/27\/2026\/04\/WhatsApp-Image-2026-03-24-at-14.21.03.jpeg","type":"image\/jpeg"}],"author":"val-d-oise","twitter_card":"summary_large_image","twitter_creator":"@RE_Valdoise","twitter_misc":{"\u00c9crit par":"val-d-oise","Dur\u00e9e de lecture estim\u00e9e":"1 minute"},"schema":{"@context":"https:\/\/schema.org","@graph":[{"@type":"Article","@id":"https:\/\/www.reseau-entreprendre.org\/val-d-oise\/2026\/04\/01\/reseau-entreprendre-val-doise-au-forum-des-createurs\/#article","isPartOf":{"@id":"https:\/\/www.reseau-entreprendre.org\/val-d-oise\/2026\/04\/01\/reseau-entreprendre-val-doise-au-forum-des-createurs\/"},"author":{"name":"val-d-oise","@id":"https:\/\/www.reseau-entreprendre.org\/val-d-oise\/#\/schema\/person\/6758f470c1ffc8ecb5a52e1fc628e009"},"headline":"R\u00e9seau Entreprendre Val d&#8217;Oise au Forum des Cr\u00e9ateurs","datePublished":"2026-04-01T10:40:41+00:00","dateModified":"2026-04-07T10:51:20+00:00","mainEntityOfPage":{"@id":"https:\/\/www.reseau-entreprendre.org\/val-d-oise\/2026\/04\/01\/reseau-entreprendre-val-doise-au-forum-des-createurs\/"},"wordCount":116,"image":{"@id":"https:\/\/www.reseau-entreprendre.org\/val-d-oise\/2026\/04\/01\/reseau-entreprendre-val-doise-au-forum-des-createurs\/#primaryimage"},"thumbnailUrl":"https:\/\/www.reseau-entreprendre.org\/val-d-oise\/wp-content\/uploads\/sites\/27\/2026\/04\/WhatsApp-Image-2026-03-24-at-14.21.03.jpeg","articleSection":["Actualit\u00e9s"],"inLanguage":"fr-FR"},{"@type":"WebPage","@id":"https:\/\/www.reseau-entreprendre.org\/val-d-oise\/2026\/04\/01\/reseau-entreprendre-val-doise-au-forum-des-createurs\/","url":"https:\/\/www.reseau-entreprendre.org\/val-d-oise\/2026\/04\/01\/reseau-entreprendre-val-doise-au-forum-des-createurs\/","name":"R\u00e9seau Entreprendre Val d'Oise au Forum des Cr\u00e9ateurs - R\u00e9seau Entreprendre Val d&#039;Oise","isPartOf":{"@id":"https:\/\/www.reseau-entreprendre.org\/val-d-oise\/#website"},"primaryImageOfPage":{"@id":"https:\/\/www.reseau-entreprendre.org\/val-d-oise\/2026\/04\/01\/reseau-entreprendre-val-doise-au-forum-des-createurs\/#primaryimage"},"image":{"@id":"https:\/\/www.reseau-entreprendre.org\/val-d-oise\/2026\/04\/01\/reseau-entreprendre-val-doise-au-forum-des-createurs\/#primaryimage"},"thumbnailUrl":"https:\/\/www.reseau-entreprendre.org\/val-d-oise\/wp-content\/uploads\/sites\/27\/2026\/04\/WhatsApp-Image-2026-03-24-at-14.21.03.jpeg","datePublished":"2026-04-01T10:40:41+00:00","dateModified":"2026-04-07T10:51:20+00:00","author":{"@id":"https:\/\/www.reseau-entreprendre.org\/val-d-oise\/#\/schema\/person\/6758f470c1ffc8ecb5a52e1fc628e009"},"breadcrumb":{"@id":"https:\/\/www.reseau-entreprendre.org\/val-d-oise\/2026\/04\/01\/reseau-entreprendre-val-doise-au-forum-des-createurs\/#breadcrumb"},"inLanguage":"fr-FR","potentialAction":[{"@type":"ReadAction","target":["https:\/\/www.reseau-entreprendre.org\/val-d-oise\/2026\/04\/01\/reseau-entreprendre-val-doise-au-forum-des-createurs\/"]}]},{"@type":"ImageObject","inLanguage":"fr-FR","@id":"https:\/\/www.reseau-entreprendre.org\/val-d-oise\/2026\/04\/01\/reseau-entreprendre-val-doise-au-forum-des-createurs\/#primaryimage","url":"https:\/\/www.reseau-entreprendre.org\/val-d-oise\/wp-content\/uploads\/sites\/27\/2026\/04\/WhatsApp-Image-2026-03-24-at-14.21.03.jpeg","contentUrl":"https:\/\/www.reseau-entreprendre.org\/val-d-oise\/wp-content\/uploads\/sites\/27\/2026\/04\/WhatsApp-Image-2026-03-24-at-14.21.03.jpeg","width":2000,"height":1500},{"@type":"BreadcrumbList","@id":"https:\/\/www.reseau-entreprendre.org\/val-d-oise\/2026\/04\/01\/reseau-entreprendre-val-doise-au-forum-des-createurs\/#breadcrumb","itemListElement":[{"@type":"ListItem","position":1,"name":"Accueil","item":"https:\/\/www.reseau-entreprendre.org\/val-d-oise\/"},{"@type":"ListItem","position":2,"name":"R\u00e9seau Entreprendre Val d&#8217;Oise au Forum des Cr\u00e9ateurs"}]},{"@type":"WebSite","@id":"https:\/\/www.reseau-entreprendre.org\/val-d-oise\/#website","url":"https:\/\/www.reseau-entreprendre.org\/val-d-oise\/","name":"R\u00e9seau Entreprendre Val d&#039;Oise","description":"","potentialAction":[{"@type":"SearchAction","target":{"@type":"EntryPoint","urlTemplate":"https:\/\/www.reseau-entreprendre.org\/val-d-oise\/?s={search_term_string}"},"query-input":{"@type":"PropertyValueSpecification","valueRequired":true,"valueName":"search_term_string"}}],"inLanguage":"fr-FR"},{"@type":"Person","@id":"https:\/\/www.reseau-entreprendre.org\/val-d-oise\/#\/schema\/person\/6758f470c1ffc8ecb5a52e1fc628e009","name":"val-d-oise","image":{"@type":"ImageObject","inLanguage":"fr-FR","@id":"https:\/\/secure.gravatar.com\/avatar\/245d1a673b5fb38c73a06a0f55616e3cd681a8a5351854f123401f6b14d69972?s=96&d=mm&r=g","url":"https:\/\/secure.gravatar.com\/avatar\/245d1a673b5fb38c73a06a0f55616e3cd681a8a5351854f123401f6b14d69972?s=96&d=mm&r=g","contentUrl":"https:\/\/secure.gravatar.com\/avatar\/245d1a673b5fb38c73a06a0f55616e3cd681a8a5351854f123401f6b14d69972?s=96&d=mm&r=g","caption":"val-d-oise"},"sameAs":["https:\/\/www.reseau-entreprendre.org\/val-d-oise\/","https:\/\/www.facebook.com\/Rseau-Entreprendre-Val-dOise-359753044200554","https:\/\/www.instagram.com\/reseauentreprendre95\/","https:\/\/www.linkedin.com\/company\/reseau-entreprendre-val-d-oise\/","https:\/\/x.com\/RE_Valdoise"],"url":"https:\/\/www.reseau-entreprendre.org\/val-d-oise\/author\/val-d-oise\/"}]}},"_links":{"self":[{"href":"https:\/\/www.reseau-entreprendre.org\/val-d-oise\/wp-json\/wp\/v2\/posts\/4654","targetHints":{"allow":["GET"]}}],"collection":[{"href":"https:\/\/www.reseau-entreprendre.org\/val-d-oise\/wp-json\/wp\/v2\/posts"}],"about":[{"href":"https:\/\/www.reseau-entreprendre.org\/val-d-oise\/wp-json\/wp\/v2\/types\/post"}],"author":[{"embeddable":true,"href":"https:\/\/www.reseau-entreprendre.org\/val-d-oise\/wp-json\/wp\/v2\/users\/28"}],"replies":[{"embeddable":true,"href":"https:\/\/www.reseau-entreprendre.org\/val-d-oise\/wp-json\/wp\/v2\/comments?post=4654"}],"version-history":[{"count":1,"href":"https:\/\/www.reseau-entreprendre.org\/val-d-oise\/wp-json\/wp\/v2\/posts\/4654\/revisions"}],"predecessor-version":[{"id":4656,"href":"https:\/\/www.reseau-entreprendre.org\/val-d-oise\/wp-json\/wp\/v2\/posts\/4654\/revisions\/4656"}],"wp:featuredmedia":[{"embeddable":true,"href":"https:\/\/www.reseau-entreprendre.org\/val-d-oise\/wp-json\/wp\/v2\/media\/4655"}],"wp:attachment":[{"href":"https:\/\/www.reseau-entreprendre.org\/val-d-oise\/wp-json\/wp\/v2\/media?parent=4654"}],"wp:term":[{"taxonomy":"category","embeddable":true,"href":"https:\/\/www.reseau-entreprendre.org\/val-d-oise\/wp-json\/wp\/v2\/categories?post=4654"},{"taxonomy":"post_tag","embeddable":true,"href":"https:\/\/www.reseau-entreprendre.org\/val-d-oise\/wp-json\/wp\/v2\/tags?post=4654"}],"curies":[{"name":"wp","href":"https:\/\/api.w.org\/{rel}","templated":true}]}}