{"id":4657,"date":"2026-04-03T12:47:01","date_gmt":"2026-04-03T10:47:01","guid":{"rendered":"https:\/\/www.reseau-entreprendre.org\/val-d-oise\/?p=4657"},"modified":"2026-04-07T12:49:36","modified_gmt":"2026-04-07T10:49:36","slug":"comite-dengagement-locwatt","status":"publish","type":"post","link":"https:\/\/www.reseau-entreprendre.org\/val-d-oise\/2026\/04\/03\/comite-dengagement-locwatt\/","title":{"rendered":"Comit\u00e9 d&#8217;engagement : Locwatt"},"content":{"rendered":"\n<p>F\u00e9licitations \u00e0 <a href=\"https:\/\/www.linkedin.com\/in\/antoine-petitpre\/\">Antoine PETITPRE<\/a> et Bastien Pourcelle (<a href=\"https:\/\/www.linkedin.com\/company\/locwatt\/\">LOCWATT<\/a>) pour la validation de leur comit\u00e9 d&#8217;engagement !<br><br>&#x26a1;<a href=\"https:\/\/www.linkedin.com\/company\/locwatt\/\">LOCWATT<\/a> con\u00e7oit et r\u00e9alise des installations photovolta\u00efques, au sol comme sur ombri\u00e8res, au service de la transition \u00e9nerg\u00e9tique.<br><br>Nous sommes ravis de les accueillir au sein de la communaut\u00e9 R\u00e9seau Entreprendre Val d\u2019Oise et de les accompagner dans le d\u00e9veloppement de leur projet &#x1f680;<br><br>&#x1f64f;Merci \u00e0 <a href=\"https:\/\/www.linkedin.com\/in\/xaviermenuet\/\">Xavier Menuet<\/a>, <a href=\"https:\/\/www.linkedin.com\/in\/begad-mohamed-6b33b312a\/\">Begad MOHAMED<\/a>, <a href=\"https:\/\/www.linkedin.com\/in\/sylvain-parmentier-3026182\/\">Sylvain PARMENTIER<\/a> et <a href=\"https:\/\/www.linkedin.com\/in\/jennifer-terrones\/\">Jennifer Terrones<\/a> pour leur accompagnement en amont du comit\u00e9!<br><\/p>\n\n\n\n<div class=\"wp-block-columns is-layout-flex wp-container-core-columns-is-layout-9d6595d7 wp-block-columns-is-layout-flex\">\n<div class=\"wp-block-column is-layout-flow wp-block-column-is-layout-flow\">\n<figure class=\"wp-block-image size-large\"><img loading=\"lazy\" decoding=\"async\" width=\"1024\" height=\"768\" src=\"https:\/\/www.reseau-entreprendre.org\/val-d-oise\/wp-content\/uploads\/sites\/27\/2026\/04\/1774969183658-1024x768.jpg\" alt=\"\" class=\"wp-image-4658\" srcset=\"https:\/\/www.reseau-entreprendre.org\/val-d-oise\/wp-content\/uploads\/sites\/27\/2026\/04\/1774969183658-1024x768.jpg 1024w, https:\/\/www.reseau-entreprendre.org\/val-d-oise\/wp-content\/uploads\/sites\/27\/2026\/04\/1774969183658-300x225.jpg 300w, https:\/\/www.reseau-entreprendre.org\/val-d-oise\/wp-content\/uploads\/sites\/27\/2026\/04\/1774969183658-768x576.jpg 768w, https:\/\/www.reseau-entreprendre.org\/val-d-oise\/wp-content\/uploads\/sites\/27\/2026\/04\/1774969183658-1536x1152.jpg 1536w, https:\/\/www.reseau-entreprendre.org\/val-d-oise\/wp-content\/uploads\/sites\/27\/2026\/04\/1774969183658-173x130.jpg 173w, https:\/\/www.reseau-entreprendre.org\/val-d-oise\/wp-content\/uploads\/sites\/27\/2026\/04\/1774969183658-100x75.jpg 100w, https:\/\/www.reseau-entreprendre.org\/val-d-oise\/wp-content\/uploads\/sites\/27\/2026\/04\/1774969183658.jpg 2000w\" sizes=\"auto, (max-width: 1024px) 100vw, 1024px\" \/><\/figure>\n<\/div>\n\n\n\n<div class=\"wp-block-column is-layout-flow wp-block-column-is-layout-flow\">\n<figure class=\"wp-block-image size-large\"><img loading=\"lazy\" decoding=\"async\" width=\"1024\" height=\"768\" src=\"https:\/\/www.reseau-entreprendre.org\/val-d-oise\/wp-content\/uploads\/sites\/27\/2026\/04\/1774969184065-1024x768.jpg\" alt=\"\" class=\"wp-image-4659\" srcset=\"https:\/\/www.reseau-entreprendre.org\/val-d-oise\/wp-content\/uploads\/sites\/27\/2026\/04\/1774969184065-1024x768.jpg 1024w, https:\/\/www.reseau-entreprendre.org\/val-d-oise\/wp-content\/uploads\/sites\/27\/2026\/04\/1774969184065-300x225.jpg 300w, https:\/\/www.reseau-entreprendre.org\/val-d-oise\/wp-content\/uploads\/sites\/27\/2026\/04\/1774969184065-768x576.jpg 768w, https:\/\/www.reseau-entreprendre.org\/val-d-oise\/wp-content\/uploads\/sites\/27\/2026\/04\/1774969184065-1536x1152.jpg 1536w, https:\/\/www.reseau-entreprendre.org\/val-d-oise\/wp-content\/uploads\/sites\/27\/2026\/04\/1774969184065-173x130.jpg 173w, https:\/\/www.reseau-entreprendre.org\/val-d-oise\/wp-content\/uploads\/sites\/27\/2026\/04\/1774969184065-100x75.jpg 100w, https:\/\/www.reseau-entreprendre.org\/val-d-oise\/wp-content\/uploads\/sites\/27\/2026\/04\/1774969184065.jpg 2048w\" sizes=\"auto, (max-width: 1024px) 100vw, 1024px\" \/><\/figure>\n<\/div>\n<\/div>\n","protected":false},"excerpt":{"rendered":"<p>F\u00e9licitations \u00e0 Antoine PETITPRE et Bastien Pourcelle (LOCWATT) pour la<\/p>\n","protected":false},"author":28,"featured_media":4659,"comment_status":"closed","ping_status":"closed","sticky":false,"template":"","format":"standard","meta":{"_acf_changed":false,"_monsterinsights_skip_tracking":false,"_monsterinsights_sitenote_active":false,"_monsterinsights_sitenote_note":"","_monsterinsights_sitenote_category":0,"footnotes":""},"categories":[4],"tags":[],"class_list":["post-4657","post","type-post","status-publish","format-standard","has-post-thumbnail","hentry","category-actualites","news"],"acf":[],"yoast_head":"<!-- This site is optimized with the Yoast SEO plugin v27.4 - https:\/\/yoast.com\/product\/yoast-seo-wordpress\/ -->\n<title>Comit\u00e9 d&#039;engagement : Locwatt - R\u00e9seau Entreprendre Val d&#039;Oise<\/title>\n<meta name=\"robots\" content=\"index, follow, max-snippet:-1, max-image-preview:large, max-video-preview:-1\" \/>\n<link rel=\"canonical\" href=\"https:\/\/www.reseau-entreprendre.org\/val-d-oise\/2026\/04\/03\/comite-dengagement-locwatt\/\" \/>\n<meta property=\"og:locale\" content=\"fr_FR\" \/>\n<meta property=\"og:type\" content=\"article\" \/>\n<meta property=\"og:title\" content=\"Comit\u00e9 d&#039;engagement : Locwatt - R\u00e9seau Entreprendre Val d&#039;Oise\" \/>\n<meta property=\"og:description\" content=\"F\u00e9licitations \u00e0 Antoine PETITPRE et Bastien Pourcelle (LOCWATT) pour la\" \/>\n<meta property=\"og:url\" content=\"https:\/\/www.reseau-entreprendre.org\/val-d-oise\/2026\/04\/03\/comite-dengagement-locwatt\/\" \/>\n<meta property=\"og:site_name\" content=\"R\u00e9seau Entreprendre Val d&#039;Oise\" \/>\n<meta property=\"article:author\" content=\"https:\/\/www.facebook.com\/Rseau-Entreprendre-Val-dOise-359753044200554\" \/>\n<meta property=\"article:published_time\" content=\"2026-04-03T10:47:01+00:00\" \/>\n<meta property=\"article:modified_time\" content=\"2026-04-07T10:49:36+00:00\" \/>\n<meta property=\"og:image\" content=\"https:\/\/www.reseau-entreprendre.org\/val-d-oise\/wp-content\/uploads\/sites\/27\/2026\/04\/1774969184065.jpg\" \/>\n\t<meta property=\"og:image:width\" content=\"2048\" \/>\n\t<meta property=\"og:image:height\" content=\"1536\" \/>\n\t<meta property=\"og:image:type\" content=\"image\/jpeg\" \/>\n<meta name=\"author\" content=\"val-d-oise\" \/>\n<meta name=\"twitter:card\" content=\"summary_large_image\" \/>\n<meta name=\"twitter:creator\" content=\"@RE_Valdoise\" \/>\n<meta name=\"twitter:label1\" content=\"\u00c9crit par\" \/>\n\t<meta name=\"twitter:data1\" content=\"val-d-oise\" \/>\n\t<meta name=\"twitter:label2\" content=\"Dur\u00e9e de lecture estim\u00e9e\" \/>\n\t<meta name=\"twitter:data2\" content=\"1 minute\" \/>\n<script type=\"application\/ld+json\" class=\"yoast-schema-graph\">{\"@context\":\"https:\\\/\\\/schema.org\",\"@graph\":[{\"@type\":\"Article\",\"@id\":\"https:\\\/\\\/www.reseau-entreprendre.org\\\/val-d-oise\\\/2026\\\/04\\\/03\\\/comite-dengagement-locwatt\\\/#article\",\"isPartOf\":{\"@id\":\"https:\\\/\\\/www.reseau-entreprendre.org\\\/val-d-oise\\\/2026\\\/04\\\/03\\\/comite-dengagement-locwatt\\\/\"},\"author\":{\"name\":\"val-d-oise\",\"@id\":\"https:\\\/\\\/www.reseau-entreprendre.org\\\/val-d-oise\\\/#\\\/schema\\\/person\\\/6758f470c1ffc8ecb5a52e1fc628e009\"},\"headline\":\"Comit\u00e9 d&#8217;engagement : Locwatt\",\"datePublished\":\"2026-04-03T10:47:01+00:00\",\"dateModified\":\"2026-04-07T10:49:36+00:00\",\"mainEntityOfPage\":{\"@id\":\"https:\\\/\\\/www.reseau-entreprendre.org\\\/val-d-oise\\\/2026\\\/04\\\/03\\\/comite-dengagement-locwatt\\\/\"},\"wordCount\":95,\"image\":{\"@id\":\"https:\\\/\\\/www.reseau-entreprendre.org\\\/val-d-oise\\\/2026\\\/04\\\/03\\\/comite-dengagement-locwatt\\\/#primaryimage\"},\"thumbnailUrl\":\"https:\\\/\\\/www.reseau-entreprendre.org\\\/val-d-oise\\\/wp-content\\\/uploads\\\/sites\\\/27\\\/2026\\\/04\\\/1774969184065.jpg\",\"articleSection\":[\"Actualit\u00e9s\"],\"inLanguage\":\"fr-FR\"},{\"@type\":\"WebPage\",\"@id\":\"https:\\\/\\\/www.reseau-entreprendre.org\\\/val-d-oise\\\/2026\\\/04\\\/03\\\/comite-dengagement-locwatt\\\/\",\"url\":\"https:\\\/\\\/www.reseau-entreprendre.org\\\/val-d-oise\\\/2026\\\/04\\\/03\\\/comite-dengagement-locwatt\\\/\",\"name\":\"Comit\u00e9 d'engagement : Locwatt - R\u00e9seau Entreprendre Val d&#039;Oise\",\"isPartOf\":{\"@id\":\"https:\\\/\\\/www.reseau-entreprendre.org\\\/val-d-oise\\\/#website\"},\"primaryImageOfPage\":{\"@id\":\"https:\\\/\\\/www.reseau-entreprendre.org\\\/val-d-oise\\\/2026\\\/04\\\/03\\\/comite-dengagement-locwatt\\\/#primaryimage\"},\"image\":{\"@id\":\"https:\\\/\\\/www.reseau-entreprendre.org\\\/val-d-oise\\\/2026\\\/04\\\/03\\\/comite-dengagement-locwatt\\\/#primaryimage\"},\"thumbnailUrl\":\"https:\\\/\\\/www.reseau-entreprendre.org\\\/val-d-oise\\\/wp-content\\\/uploads\\\/sites\\\/27\\\/2026\\\/04\\\/1774969184065.jpg\",\"datePublished\":\"2026-04-03T10:47:01+00:00\",\"dateModified\":\"2026-04-07T10:49:36+00:00\",\"author\":{\"@id\":\"https:\\\/\\\/www.reseau-entreprendre.org\\\/val-d-oise\\\/#\\\/schema\\\/person\\\/6758f470c1ffc8ecb5a52e1fc628e009\"},\"breadcrumb\":{\"@id\":\"https:\\\/\\\/www.reseau-entreprendre.org\\\/val-d-oise\\\/2026\\\/04\\\/03\\\/comite-dengagement-locwatt\\\/#breadcrumb\"},\"inLanguage\":\"fr-FR\",\"potentialAction\":[{\"@type\":\"ReadAction\",\"target\":[\"https:\\\/\\\/www.reseau-entreprendre.org\\\/val-d-oise\\\/2026\\\/04\\\/03\\\/comite-dengagement-locwatt\\\/\"]}]},{\"@type\":\"ImageObject\",\"inLanguage\":\"fr-FR\",\"@id\":\"https:\\\/\\\/www.reseau-entreprendre.org\\\/val-d-oise\\\/2026\\\/04\\\/03\\\/comite-dengagement-locwatt\\\/#primaryimage\",\"url\":\"https:\\\/\\\/www.reseau-entreprendre.org\\\/val-d-oise\\\/wp-content\\\/uploads\\\/sites\\\/27\\\/2026\\\/04\\\/1774969184065.jpg\",\"contentUrl\":\"https:\\\/\\\/www.reseau-entreprendre.org\\\/val-d-oise\\\/wp-content\\\/uploads\\\/sites\\\/27\\\/2026\\\/04\\\/1774969184065.jpg\",\"width\":2048,\"height\":1536},{\"@type\":\"BreadcrumbList\",\"@id\":\"https:\\\/\\\/www.reseau-entreprendre.org\\\/val-d-oise\\\/2026\\\/04\\\/03\\\/comite-dengagement-locwatt\\\/#breadcrumb\",\"itemListElement\":[{\"@type\":\"ListItem\",\"position\":1,\"name\":\"Accueil\",\"item\":\"https:\\\/\\\/www.reseau-entreprendre.org\\\/val-d-oise\\\/\"},{\"@type\":\"ListItem\",\"position\":2,\"name\":\"Comit\u00e9 d&#8217;engagement : Locwatt\"}]},{\"@type\":\"WebSite\",\"@id\":\"https:\\\/\\\/www.reseau-entreprendre.org\\\/val-d-oise\\\/#website\",\"url\":\"https:\\\/\\\/www.reseau-entreprendre.org\\\/val-d-oise\\\/\",\"name\":\"R\u00e9seau Entreprendre Val d&#039;Oise\",\"description\":\"\",\"potentialAction\":[{\"@type\":\"SearchAction\",\"target\":{\"@type\":\"EntryPoint\",\"urlTemplate\":\"https:\\\/\\\/www.reseau-entreprendre.org\\\/val-d-oise\\\/?s={search_term_string}\"},\"query-input\":{\"@type\":\"PropertyValueSpecification\",\"valueRequired\":true,\"valueName\":\"search_term_string\"}}],\"inLanguage\":\"fr-FR\"},{\"@type\":\"Person\",\"@id\":\"https:\\\/\\\/www.reseau-entreprendre.org\\\/val-d-oise\\\/#\\\/schema\\\/person\\\/6758f470c1ffc8ecb5a52e1fc628e009\",\"name\":\"val-d-oise\",\"image\":{\"@type\":\"ImageObject\",\"inLanguage\":\"fr-FR\",\"@id\":\"https:\\\/\\\/secure.gravatar.com\\\/avatar\\\/245d1a673b5fb38c73a06a0f55616e3cd681a8a5351854f123401f6b14d69972?s=96&d=mm&r=g\",\"url\":\"https:\\\/\\\/secure.gravatar.com\\\/avatar\\\/245d1a673b5fb38c73a06a0f55616e3cd681a8a5351854f123401f6b14d69972?s=96&d=mm&r=g\",\"contentUrl\":\"https:\\\/\\\/secure.gravatar.com\\\/avatar\\\/245d1a673b5fb38c73a06a0f55616e3cd681a8a5351854f123401f6b14d69972?s=96&d=mm&r=g\",\"caption\":\"val-d-oise\"},\"sameAs\":[\"https:\\\/\\\/www.reseau-entreprendre.org\\\/val-d-oise\\\/\",\"https:\\\/\\\/www.facebook.com\\\/Rseau-Entreprendre-Val-dOise-359753044200554\",\"https:\\\/\\\/www.instagram.com\\\/reseauentreprendre95\\\/\",\"https:\\\/\\\/www.linkedin.com\\\/company\\\/reseau-entreprendre-val-d-oise\\\/\",\"https:\\\/\\\/x.com\\\/RE_Valdoise\"],\"url\":\"https:\\\/\\\/www.reseau-entreprendre.org\\\/val-d-oise\\\/author\\\/val-d-oise\\\/\"}]}<\/script>\n<!-- \/ Yoast SEO plugin. -->","yoast_head_json":{"title":"Comit\u00e9 d'engagement : Locwatt - R\u00e9seau Entreprendre Val d&#039;Oise","robots":{"index":"index","follow":"follow","max-snippet":"max-snippet:-1","max-image-preview":"max-image-preview:large","max-video-preview":"max-video-preview:-1"},"canonical":"https:\/\/www.reseau-entreprendre.org\/val-d-oise\/2026\/04\/03\/comite-dengagement-locwatt\/","og_locale":"fr_FR","og_type":"article","og_title":"Comit\u00e9 d'engagement : Locwatt - R\u00e9seau Entreprendre Val d&#039;Oise","og_description":"F\u00e9licitations \u00e0 Antoine PETITPRE et Bastien Pourcelle (LOCWATT) pour la","og_url":"https:\/\/www.reseau-entreprendre.org\/val-d-oise\/2026\/04\/03\/comite-dengagement-locwatt\/","og_site_name":"R\u00e9seau Entreprendre Val d&#039;Oise","article_author":"https:\/\/www.facebook.com\/Rseau-Entreprendre-Val-dOise-359753044200554","article_published_time":"2026-04-03T10:47:01+00:00","article_modified_time":"2026-04-07T10:49:36+00:00","og_image":[{"width":2048,"height":1536,"url":"https:\/\/www.reseau-entreprendre.org\/val-d-oise\/wp-content\/uploads\/sites\/27\/2026\/04\/1774969184065.jpg","type":"image\/jpeg"}],"author":"val-d-oise","twitter_card":"summary_large_image","twitter_creator":"@RE_Valdoise","twitter_misc":{"\u00c9crit par":"val-d-oise","Dur\u00e9e de lecture estim\u00e9e":"1 minute"},"schema":{"@context":"https:\/\/schema.org","@graph":[{"@type":"Article","@id":"https:\/\/www.reseau-entreprendre.org\/val-d-oise\/2026\/04\/03\/comite-dengagement-locwatt\/#article","isPartOf":{"@id":"https:\/\/www.reseau-entreprendre.org\/val-d-oise\/2026\/04\/03\/comite-dengagement-locwatt\/"},"author":{"name":"val-d-oise","@id":"https:\/\/www.reseau-entreprendre.org\/val-d-oise\/#\/schema\/person\/6758f470c1ffc8ecb5a52e1fc628e009"},"headline":"Comit\u00e9 d&#8217;engagement : Locwatt","datePublished":"2026-04-03T10:47:01+00:00","dateModified":"2026-04-07T10:49:36+00:00","mainEntityOfPage":{"@id":"https:\/\/www.reseau-entreprendre.org\/val-d-oise\/2026\/04\/03\/comite-dengagement-locwatt\/"},"wordCount":95,"image":{"@id":"https:\/\/www.reseau-entreprendre.org\/val-d-oise\/2026\/04\/03\/comite-dengagement-locwatt\/#primaryimage"},"thumbnailUrl":"https:\/\/www.reseau-entreprendre.org\/val-d-oise\/wp-content\/uploads\/sites\/27\/2026\/04\/1774969184065.jpg","articleSection":["Actualit\u00e9s"],"inLanguage":"fr-FR"},{"@type":"WebPage","@id":"https:\/\/www.reseau-entreprendre.org\/val-d-oise\/2026\/04\/03\/comite-dengagement-locwatt\/","url":"https:\/\/www.reseau-entreprendre.org\/val-d-oise\/2026\/04\/03\/comite-dengagement-locwatt\/","name":"Comit\u00e9 d'engagement : Locwatt - R\u00e9seau Entreprendre Val d&#039;Oise","isPartOf":{"@id":"https:\/\/www.reseau-entreprendre.org\/val-d-oise\/#website"},"primaryImageOfPage":{"@id":"https:\/\/www.reseau-entreprendre.org\/val-d-oise\/2026\/04\/03\/comite-dengagement-locwatt\/#primaryimage"},"image":{"@id":"https:\/\/www.reseau-entreprendre.org\/val-d-oise\/2026\/04\/03\/comite-dengagement-locwatt\/#primaryimage"},"thumbnailUrl":"https:\/\/www.reseau-entreprendre.org\/val-d-oise\/wp-content\/uploads\/sites\/27\/2026\/04\/1774969184065.jpg","datePublished":"2026-04-03T10:47:01+00:00","dateModified":"2026-04-07T10:49:36+00:00","author":{"@id":"https:\/\/www.reseau-entreprendre.org\/val-d-oise\/#\/schema\/person\/6758f470c1ffc8ecb5a52e1fc628e009"},"breadcrumb":{"@id":"https:\/\/www.reseau-entreprendre.org\/val-d-oise\/2026\/04\/03\/comite-dengagement-locwatt\/#breadcrumb"},"inLanguage":"fr-FR","potentialAction":[{"@type":"ReadAction","target":["https:\/\/www.reseau-entreprendre.org\/val-d-oise\/2026\/04\/03\/comite-dengagement-locwatt\/"]}]},{"@type":"ImageObject","inLanguage":"fr-FR","@id":"https:\/\/www.reseau-entreprendre.org\/val-d-oise\/2026\/04\/03\/comite-dengagement-locwatt\/#primaryimage","url":"https:\/\/www.reseau-entreprendre.org\/val-d-oise\/wp-content\/uploads\/sites\/27\/2026\/04\/1774969184065.jpg","contentUrl":"https:\/\/www.reseau-entreprendre.org\/val-d-oise\/wp-content\/uploads\/sites\/27\/2026\/04\/1774969184065.jpg","width":2048,"height":1536},{"@type":"BreadcrumbList","@id":"https:\/\/www.reseau-entreprendre.org\/val-d-oise\/2026\/04\/03\/comite-dengagement-locwatt\/#breadcrumb","itemListElement":[{"@type":"ListItem","position":1,"name":"Accueil","item":"https:\/\/www.reseau-entreprendre.org\/val-d-oise\/"},{"@type":"ListItem","position":2,"name":"Comit\u00e9 d&#8217;engagement : Locwatt"}]},{"@type":"WebSite","@id":"https:\/\/www.reseau-entreprendre.org\/val-d-oise\/#website","url":"https:\/\/www.reseau-entreprendre.org\/val-d-oise\/","name":"R\u00e9seau Entreprendre Val d&#039;Oise","description":"","potentialAction":[{"@type":"SearchAction","target":{"@type":"EntryPoint","urlTemplate":"https:\/\/www.reseau-entreprendre.org\/val-d-oise\/?s={search_term_string}"},"query-input":{"@type":"PropertyValueSpecification","valueRequired":true,"valueName":"search_term_string"}}],"inLanguage":"fr-FR"},{"@type":"Person","@id":"https:\/\/www.reseau-entreprendre.org\/val-d-oise\/#\/schema\/person\/6758f470c1ffc8ecb5a52e1fc628e009","name":"val-d-oise","image":{"@type":"ImageObject","inLanguage":"fr-FR","@id":"https:\/\/secure.gravatar.com\/avatar\/245d1a673b5fb38c73a06a0f55616e3cd681a8a5351854f123401f6b14d69972?s=96&d=mm&r=g","url":"https:\/\/secure.gravatar.com\/avatar\/245d1a673b5fb38c73a06a0f55616e3cd681a8a5351854f123401f6b14d69972?s=96&d=mm&r=g","contentUrl":"https:\/\/secure.gravatar.com\/avatar\/245d1a673b5fb38c73a06a0f55616e3cd681a8a5351854f123401f6b14d69972?s=96&d=mm&r=g","caption":"val-d-oise"},"sameAs":["https:\/\/www.reseau-entreprendre.org\/val-d-oise\/","https:\/\/www.facebook.com\/Rseau-Entreprendre-Val-dOise-359753044200554","https:\/\/www.instagram.com\/reseauentreprendre95\/","https:\/\/www.linkedin.com\/company\/reseau-entreprendre-val-d-oise\/","https:\/\/x.com\/RE_Valdoise"],"url":"https:\/\/www.reseau-entreprendre.org\/val-d-oise\/author\/val-d-oise\/"}]}},"_links":{"self":[{"href":"https:\/\/www.reseau-entreprendre.org\/val-d-oise\/wp-json\/wp\/v2\/posts\/4657","targetHints":{"allow":["GET"]}}],"collection":[{"href":"https:\/\/www.reseau-entreprendre.org\/val-d-oise\/wp-json\/wp\/v2\/posts"}],"about":[{"href":"https:\/\/www.reseau-entreprendre.org\/val-d-oise\/wp-json\/wp\/v2\/types\/post"}],"author":[{"embeddable":true,"href":"https:\/\/www.reseau-entreprendre.org\/val-d-oise\/wp-json\/wp\/v2\/users\/28"}],"replies":[{"embeddable":true,"href":"https:\/\/www.reseau-entreprendre.org\/val-d-oise\/wp-json\/wp\/v2\/comments?post=4657"}],"version-history":[{"count":1,"href":"https:\/\/www.reseau-entreprendre.org\/val-d-oise\/wp-json\/wp\/v2\/posts\/4657\/revisions"}],"predecessor-version":[{"id":4660,"href":"https:\/\/www.reseau-entreprendre.org\/val-d-oise\/wp-json\/wp\/v2\/posts\/4657\/revisions\/4660"}],"wp:featuredmedia":[{"embeddable":true,"href":"https:\/\/www.reseau-entreprendre.org\/val-d-oise\/wp-json\/wp\/v2\/media\/4659"}],"wp:attachment":[{"href":"https:\/\/www.reseau-entreprendre.org\/val-d-oise\/wp-json\/wp\/v2\/media?parent=4657"}],"wp:term":[{"taxonomy":"category","embeddable":true,"href":"https:\/\/www.reseau-entreprendre.org\/val-d-oise\/wp-json\/wp\/v2\/categories?post=4657"},{"taxonomy":"post_tag","embeddable":true,"href":"https:\/\/www.reseau-entreprendre.org\/val-d-oise\/wp-json\/wp\/v2\/tags?post=4657"}],"curies":[{"name":"wp","href":"https:\/\/api.w.org\/{rel}","templated":true}]}}