{"id":4661,"date":"2026-04-06T13:01:09","date_gmt":"2026-04-06T11:01:09","guid":{"rendered":"https:\/\/www.reseau-entreprendre.org\/val-d-oise\/?p=4661"},"modified":"2026-04-07T14:00:52","modified_gmt":"2026-04-07T12:00:52","slug":"retour-sur-evenement-premier-afterwork-de-2026","status":"publish","type":"post","link":"https:\/\/www.reseau-entreprendre.org\/val-d-oise\/2026\/04\/06\/retour-sur-evenement-premier-afterwork-de-2026\/","title":{"rendered":"Retour sur \u00e9v\u00e8nement : Premier afterwork de 2026"},"content":{"rendered":"\n<p>Jeudi 12 mars, nos Membres, Laur\u00e9ats et Partenaires se sont retrouv\u00e9s <a href=\"https:\/\/www.linkedin.com\/company\/au-bureau\/\">Au Bureau<\/a> \u00e0 \u00c9ragny \u00e0 l\u2019occasion de notre premier afterwork de l\u2019ann\u00e9e &#x1f91d;<br><br>Une soir\u00e9e plac\u00e9e sous le signe des \u00e9changes, du partage d\u2019exp\u00e9riences et des rencontres entre entrepreneurs du territoire. L\u2019occasion de renforcer les liens au sein de notre communaut\u00e9 et de cr\u00e9er de nouvelles synergies.<br><br>Merci \u00e0 toutes celles et ceux pr\u00e9sents pour leur \u00e9nergie et leur bonne humeur &#x1f64c;<br><br>On a h\u00e2te de vous retrouver pour nos prochains \u00e9v\u00e8nements ! &#x2600;&#xfe0f;<\/p>\n\n\n\n<div class=\"wp-block-columns is-layout-flex wp-container-core-columns-is-layout-9d6595d7 wp-block-columns-is-layout-flex\">\n<div class=\"wp-block-column is-layout-flow wp-block-column-is-layout-flow\" style=\"flex-basis:25%\"><\/div>\n\n\n\n<div class=\"wp-block-column is-layout-flow wp-block-column-is-layout-flow\" style=\"flex-basis:50%\">\n<figure class=\"wp-block-image size-full\"><img loading=\"lazy\" decoding=\"async\" width=\"800\" height=\"600\" src=\"https:\/\/www.reseau-entreprendre.org\/val-d-oise\/wp-content\/uploads\/sites\/27\/2026\/04\/1775035739614.jpg\" alt=\"\" class=\"wp-image-4662\" srcset=\"https:\/\/www.reseau-entreprendre.org\/val-d-oise\/wp-content\/uploads\/sites\/27\/2026\/04\/1775035739614.jpg 800w, https:\/\/www.reseau-entreprendre.org\/val-d-oise\/wp-content\/uploads\/sites\/27\/2026\/04\/1775035739614-300x225.jpg 300w, https:\/\/www.reseau-entreprendre.org\/val-d-oise\/wp-content\/uploads\/sites\/27\/2026\/04\/1775035739614-768x576.jpg 768w, https:\/\/www.reseau-entreprendre.org\/val-d-oise\/wp-content\/uploads\/sites\/27\/2026\/04\/1775035739614-173x130.jpg 173w, https:\/\/www.reseau-entreprendre.org\/val-d-oise\/wp-content\/uploads\/sites\/27\/2026\/04\/1775035739614-100x75.jpg 100w\" sizes=\"auto, (max-width: 800px) 100vw, 800px\" \/><\/figure>\n<\/div>\n\n\n\n<div class=\"wp-block-column is-layout-flow wp-block-column-is-layout-flow\" style=\"flex-basis:25%\"><\/div>\n<\/div>\n","protected":false},"excerpt":{"rendered":"<p>Jeudi 12 mars, nos Membres, Laur\u00e9ats et Partenaires se sont<\/p>\n","protected":false},"author":28,"featured_media":4662,"comment_status":"closed","ping_status":"closed","sticky":false,"template":"","format":"standard","meta":{"_acf_changed":false,"_monsterinsights_skip_tracking":false,"_monsterinsights_sitenote_active":false,"_monsterinsights_sitenote_note":"","_monsterinsights_sitenote_category":0,"footnotes":""},"categories":[4],"tags":[],"class_list":["post-4661","post","type-post","status-publish","format-standard","has-post-thumbnail","hentry","category-actualites","news"],"acf":[],"yoast_head":"<!-- This site is optimized with the Yoast SEO plugin v27.4 - https:\/\/yoast.com\/product\/yoast-seo-wordpress\/ -->\n<title>Retour sur \u00e9v\u00e8nement : Premier afterwork de 2026 - R\u00e9seau Entreprendre Val d&#039;Oise<\/title>\n<meta name=\"robots\" content=\"index, follow, max-snippet:-1, max-image-preview:large, max-video-preview:-1\" \/>\n<link rel=\"canonical\" href=\"https:\/\/www.reseau-entreprendre.org\/val-d-oise\/2026\/04\/06\/retour-sur-evenement-premier-afterwork-de-2026\/\" \/>\n<meta property=\"og:locale\" content=\"fr_FR\" \/>\n<meta property=\"og:type\" content=\"article\" \/>\n<meta property=\"og:title\" content=\"Retour sur \u00e9v\u00e8nement : Premier afterwork de 2026 - R\u00e9seau Entreprendre Val d&#039;Oise\" \/>\n<meta property=\"og:description\" content=\"Jeudi 12 mars, nos Membres, Laur\u00e9ats et Partenaires se sont\" \/>\n<meta property=\"og:url\" content=\"https:\/\/www.reseau-entreprendre.org\/val-d-oise\/2026\/04\/06\/retour-sur-evenement-premier-afterwork-de-2026\/\" \/>\n<meta property=\"og:site_name\" content=\"R\u00e9seau Entreprendre Val d&#039;Oise\" \/>\n<meta property=\"article:author\" content=\"https:\/\/www.facebook.com\/Rseau-Entreprendre-Val-dOise-359753044200554\" \/>\n<meta property=\"article:published_time\" content=\"2026-04-06T11:01:09+00:00\" \/>\n<meta property=\"article:modified_time\" content=\"2026-04-07T12:00:52+00:00\" \/>\n<meta property=\"og:image\" content=\"https:\/\/www.reseau-entreprendre.org\/val-d-oise\/wp-content\/uploads\/sites\/27\/2026\/04\/1775035739614.jpg\" \/>\n\t<meta property=\"og:image:width\" content=\"800\" \/>\n\t<meta property=\"og:image:height\" content=\"600\" \/>\n\t<meta property=\"og:image:type\" content=\"image\/jpeg\" \/>\n<meta name=\"author\" content=\"val-d-oise\" \/>\n<meta name=\"twitter:card\" content=\"summary_large_image\" \/>\n<meta name=\"twitter:creator\" content=\"@RE_Valdoise\" \/>\n<meta name=\"twitter:label1\" content=\"\u00c9crit par\" \/>\n\t<meta name=\"twitter:data1\" content=\"val-d-oise\" \/>\n\t<meta name=\"twitter:label2\" content=\"Dur\u00e9e de lecture estim\u00e9e\" \/>\n\t<meta name=\"twitter:data2\" content=\"1 minute\" \/>\n<script type=\"application\/ld+json\" class=\"yoast-schema-graph\">{\"@context\":\"https:\\\/\\\/schema.org\",\"@graph\":[{\"@type\":\"Article\",\"@id\":\"https:\\\/\\\/www.reseau-entreprendre.org\\\/val-d-oise\\\/2026\\\/04\\\/06\\\/retour-sur-evenement-premier-afterwork-de-2026\\\/#article\",\"isPartOf\":{\"@id\":\"https:\\\/\\\/www.reseau-entreprendre.org\\\/val-d-oise\\\/2026\\\/04\\\/06\\\/retour-sur-evenement-premier-afterwork-de-2026\\\/\"},\"author\":{\"name\":\"val-d-oise\",\"@id\":\"https:\\\/\\\/www.reseau-entreprendre.org\\\/val-d-oise\\\/#\\\/schema\\\/person\\\/6758f470c1ffc8ecb5a52e1fc628e009\"},\"headline\":\"Retour sur \u00e9v\u00e8nement : Premier afterwork de 2026\",\"datePublished\":\"2026-04-06T11:01:09+00:00\",\"dateModified\":\"2026-04-07T12:00:52+00:00\",\"mainEntityOfPage\":{\"@id\":\"https:\\\/\\\/www.reseau-entreprendre.org\\\/val-d-oise\\\/2026\\\/04\\\/06\\\/retour-sur-evenement-premier-afterwork-de-2026\\\/\"},\"wordCount\":107,\"image\":{\"@id\":\"https:\\\/\\\/www.reseau-entreprendre.org\\\/val-d-oise\\\/2026\\\/04\\\/06\\\/retour-sur-evenement-premier-afterwork-de-2026\\\/#primaryimage\"},\"thumbnailUrl\":\"https:\\\/\\\/www.reseau-entreprendre.org\\\/val-d-oise\\\/wp-content\\\/uploads\\\/sites\\\/27\\\/2026\\\/04\\\/1775035739614.jpg\",\"articleSection\":[\"Actualit\u00e9s\"],\"inLanguage\":\"fr-FR\"},{\"@type\":\"WebPage\",\"@id\":\"https:\\\/\\\/www.reseau-entreprendre.org\\\/val-d-oise\\\/2026\\\/04\\\/06\\\/retour-sur-evenement-premier-afterwork-de-2026\\\/\",\"url\":\"https:\\\/\\\/www.reseau-entreprendre.org\\\/val-d-oise\\\/2026\\\/04\\\/06\\\/retour-sur-evenement-premier-afterwork-de-2026\\\/\",\"name\":\"Retour sur \u00e9v\u00e8nement : Premier afterwork de 2026 - R\u00e9seau Entreprendre Val d&#039;Oise\",\"isPartOf\":{\"@id\":\"https:\\\/\\\/www.reseau-entreprendre.org\\\/val-d-oise\\\/#website\"},\"primaryImageOfPage\":{\"@id\":\"https:\\\/\\\/www.reseau-entreprendre.org\\\/val-d-oise\\\/2026\\\/04\\\/06\\\/retour-sur-evenement-premier-afterwork-de-2026\\\/#primaryimage\"},\"image\":{\"@id\":\"https:\\\/\\\/www.reseau-entreprendre.org\\\/val-d-oise\\\/2026\\\/04\\\/06\\\/retour-sur-evenement-premier-afterwork-de-2026\\\/#primaryimage\"},\"thumbnailUrl\":\"https:\\\/\\\/www.reseau-entreprendre.org\\\/val-d-oise\\\/wp-content\\\/uploads\\\/sites\\\/27\\\/2026\\\/04\\\/1775035739614.jpg\",\"datePublished\":\"2026-04-06T11:01:09+00:00\",\"dateModified\":\"2026-04-07T12:00:52+00:00\",\"author\":{\"@id\":\"https:\\\/\\\/www.reseau-entreprendre.org\\\/val-d-oise\\\/#\\\/schema\\\/person\\\/6758f470c1ffc8ecb5a52e1fc628e009\"},\"breadcrumb\":{\"@id\":\"https:\\\/\\\/www.reseau-entreprendre.org\\\/val-d-oise\\\/2026\\\/04\\\/06\\\/retour-sur-evenement-premier-afterwork-de-2026\\\/#breadcrumb\"},\"inLanguage\":\"fr-FR\",\"potentialAction\":[{\"@type\":\"ReadAction\",\"target\":[\"https:\\\/\\\/www.reseau-entreprendre.org\\\/val-d-oise\\\/2026\\\/04\\\/06\\\/retour-sur-evenement-premier-afterwork-de-2026\\\/\"]}]},{\"@type\":\"ImageObject\",\"inLanguage\":\"fr-FR\",\"@id\":\"https:\\\/\\\/www.reseau-entreprendre.org\\\/val-d-oise\\\/2026\\\/04\\\/06\\\/retour-sur-evenement-premier-afterwork-de-2026\\\/#primaryimage\",\"url\":\"https:\\\/\\\/www.reseau-entreprendre.org\\\/val-d-oise\\\/wp-content\\\/uploads\\\/sites\\\/27\\\/2026\\\/04\\\/1775035739614.jpg\",\"contentUrl\":\"https:\\\/\\\/www.reseau-entreprendre.org\\\/val-d-oise\\\/wp-content\\\/uploads\\\/sites\\\/27\\\/2026\\\/04\\\/1775035739614.jpg\",\"width\":800,\"height\":600},{\"@type\":\"BreadcrumbList\",\"@id\":\"https:\\\/\\\/www.reseau-entreprendre.org\\\/val-d-oise\\\/2026\\\/04\\\/06\\\/retour-sur-evenement-premier-afterwork-de-2026\\\/#breadcrumb\",\"itemListElement\":[{\"@type\":\"ListItem\",\"position\":1,\"name\":\"Accueil\",\"item\":\"https:\\\/\\\/www.reseau-entreprendre.org\\\/val-d-oise\\\/\"},{\"@type\":\"ListItem\",\"position\":2,\"name\":\"Retour sur \u00e9v\u00e8nement : Premier afterwork de 2026\"}]},{\"@type\":\"WebSite\",\"@id\":\"https:\\\/\\\/www.reseau-entreprendre.org\\\/val-d-oise\\\/#website\",\"url\":\"https:\\\/\\\/www.reseau-entreprendre.org\\\/val-d-oise\\\/\",\"name\":\"R\u00e9seau Entreprendre Val d&#039;Oise\",\"description\":\"\",\"potentialAction\":[{\"@type\":\"SearchAction\",\"target\":{\"@type\":\"EntryPoint\",\"urlTemplate\":\"https:\\\/\\\/www.reseau-entreprendre.org\\\/val-d-oise\\\/?s={search_term_string}\"},\"query-input\":{\"@type\":\"PropertyValueSpecification\",\"valueRequired\":true,\"valueName\":\"search_term_string\"}}],\"inLanguage\":\"fr-FR\"},{\"@type\":\"Person\",\"@id\":\"https:\\\/\\\/www.reseau-entreprendre.org\\\/val-d-oise\\\/#\\\/schema\\\/person\\\/6758f470c1ffc8ecb5a52e1fc628e009\",\"name\":\"val-d-oise\",\"image\":{\"@type\":\"ImageObject\",\"inLanguage\":\"fr-FR\",\"@id\":\"https:\\\/\\\/secure.gravatar.com\\\/avatar\\\/245d1a673b5fb38c73a06a0f55616e3cd681a8a5351854f123401f6b14d69972?s=96&d=mm&r=g\",\"url\":\"https:\\\/\\\/secure.gravatar.com\\\/avatar\\\/245d1a673b5fb38c73a06a0f55616e3cd681a8a5351854f123401f6b14d69972?s=96&d=mm&r=g\",\"contentUrl\":\"https:\\\/\\\/secure.gravatar.com\\\/avatar\\\/245d1a673b5fb38c73a06a0f55616e3cd681a8a5351854f123401f6b14d69972?s=96&d=mm&r=g\",\"caption\":\"val-d-oise\"},\"sameAs\":[\"https:\\\/\\\/www.reseau-entreprendre.org\\\/val-d-oise\\\/\",\"https:\\\/\\\/www.facebook.com\\\/Rseau-Entreprendre-Val-dOise-359753044200554\",\"https:\\\/\\\/www.instagram.com\\\/reseauentreprendre95\\\/\",\"https:\\\/\\\/www.linkedin.com\\\/company\\\/reseau-entreprendre-val-d-oise\\\/\",\"https:\\\/\\\/x.com\\\/RE_Valdoise\"],\"url\":\"https:\\\/\\\/www.reseau-entreprendre.org\\\/val-d-oise\\\/author\\\/val-d-oise\\\/\"}]}<\/script>\n<!-- \/ Yoast SEO plugin. -->","yoast_head_json":{"title":"Retour sur \u00e9v\u00e8nement : Premier afterwork de 2026 - R\u00e9seau Entreprendre Val d&#039;Oise","robots":{"index":"index","follow":"follow","max-snippet":"max-snippet:-1","max-image-preview":"max-image-preview:large","max-video-preview":"max-video-preview:-1"},"canonical":"https:\/\/www.reseau-entreprendre.org\/val-d-oise\/2026\/04\/06\/retour-sur-evenement-premier-afterwork-de-2026\/","og_locale":"fr_FR","og_type":"article","og_title":"Retour sur \u00e9v\u00e8nement : Premier afterwork de 2026 - R\u00e9seau Entreprendre Val d&#039;Oise","og_description":"Jeudi 12 mars, nos Membres, Laur\u00e9ats et Partenaires se sont","og_url":"https:\/\/www.reseau-entreprendre.org\/val-d-oise\/2026\/04\/06\/retour-sur-evenement-premier-afterwork-de-2026\/","og_site_name":"R\u00e9seau Entreprendre Val d&#039;Oise","article_author":"https:\/\/www.facebook.com\/Rseau-Entreprendre-Val-dOise-359753044200554","article_published_time":"2026-04-06T11:01:09+00:00","article_modified_time":"2026-04-07T12:00:52+00:00","og_image":[{"width":800,"height":600,"url":"https:\/\/www.reseau-entreprendre.org\/val-d-oise\/wp-content\/uploads\/sites\/27\/2026\/04\/1775035739614.jpg","type":"image\/jpeg"}],"author":"val-d-oise","twitter_card":"summary_large_image","twitter_creator":"@RE_Valdoise","twitter_misc":{"\u00c9crit par":"val-d-oise","Dur\u00e9e de lecture estim\u00e9e":"1 minute"},"schema":{"@context":"https:\/\/schema.org","@graph":[{"@type":"Article","@id":"https:\/\/www.reseau-entreprendre.org\/val-d-oise\/2026\/04\/06\/retour-sur-evenement-premier-afterwork-de-2026\/#article","isPartOf":{"@id":"https:\/\/www.reseau-entreprendre.org\/val-d-oise\/2026\/04\/06\/retour-sur-evenement-premier-afterwork-de-2026\/"},"author":{"name":"val-d-oise","@id":"https:\/\/www.reseau-entreprendre.org\/val-d-oise\/#\/schema\/person\/6758f470c1ffc8ecb5a52e1fc628e009"},"headline":"Retour sur \u00e9v\u00e8nement : Premier afterwork de 2026","datePublished":"2026-04-06T11:01:09+00:00","dateModified":"2026-04-07T12:00:52+00:00","mainEntityOfPage":{"@id":"https:\/\/www.reseau-entreprendre.org\/val-d-oise\/2026\/04\/06\/retour-sur-evenement-premier-afterwork-de-2026\/"},"wordCount":107,"image":{"@id":"https:\/\/www.reseau-entreprendre.org\/val-d-oise\/2026\/04\/06\/retour-sur-evenement-premier-afterwork-de-2026\/#primaryimage"},"thumbnailUrl":"https:\/\/www.reseau-entreprendre.org\/val-d-oise\/wp-content\/uploads\/sites\/27\/2026\/04\/1775035739614.jpg","articleSection":["Actualit\u00e9s"],"inLanguage":"fr-FR"},{"@type":"WebPage","@id":"https:\/\/www.reseau-entreprendre.org\/val-d-oise\/2026\/04\/06\/retour-sur-evenement-premier-afterwork-de-2026\/","url":"https:\/\/www.reseau-entreprendre.org\/val-d-oise\/2026\/04\/06\/retour-sur-evenement-premier-afterwork-de-2026\/","name":"Retour sur \u00e9v\u00e8nement : Premier afterwork de 2026 - R\u00e9seau Entreprendre Val d&#039;Oise","isPartOf":{"@id":"https:\/\/www.reseau-entreprendre.org\/val-d-oise\/#website"},"primaryImageOfPage":{"@id":"https:\/\/www.reseau-entreprendre.org\/val-d-oise\/2026\/04\/06\/retour-sur-evenement-premier-afterwork-de-2026\/#primaryimage"},"image":{"@id":"https:\/\/www.reseau-entreprendre.org\/val-d-oise\/2026\/04\/06\/retour-sur-evenement-premier-afterwork-de-2026\/#primaryimage"},"thumbnailUrl":"https:\/\/www.reseau-entreprendre.org\/val-d-oise\/wp-content\/uploads\/sites\/27\/2026\/04\/1775035739614.jpg","datePublished":"2026-04-06T11:01:09+00:00","dateModified":"2026-04-07T12:00:52+00:00","author":{"@id":"https:\/\/www.reseau-entreprendre.org\/val-d-oise\/#\/schema\/person\/6758f470c1ffc8ecb5a52e1fc628e009"},"breadcrumb":{"@id":"https:\/\/www.reseau-entreprendre.org\/val-d-oise\/2026\/04\/06\/retour-sur-evenement-premier-afterwork-de-2026\/#breadcrumb"},"inLanguage":"fr-FR","potentialAction":[{"@type":"ReadAction","target":["https:\/\/www.reseau-entreprendre.org\/val-d-oise\/2026\/04\/06\/retour-sur-evenement-premier-afterwork-de-2026\/"]}]},{"@type":"ImageObject","inLanguage":"fr-FR","@id":"https:\/\/www.reseau-entreprendre.org\/val-d-oise\/2026\/04\/06\/retour-sur-evenement-premier-afterwork-de-2026\/#primaryimage","url":"https:\/\/www.reseau-entreprendre.org\/val-d-oise\/wp-content\/uploads\/sites\/27\/2026\/04\/1775035739614.jpg","contentUrl":"https:\/\/www.reseau-entreprendre.org\/val-d-oise\/wp-content\/uploads\/sites\/27\/2026\/04\/1775035739614.jpg","width":800,"height":600},{"@type":"BreadcrumbList","@id":"https:\/\/www.reseau-entreprendre.org\/val-d-oise\/2026\/04\/06\/retour-sur-evenement-premier-afterwork-de-2026\/#breadcrumb","itemListElement":[{"@type":"ListItem","position":1,"name":"Accueil","item":"https:\/\/www.reseau-entreprendre.org\/val-d-oise\/"},{"@type":"ListItem","position":2,"name":"Retour sur \u00e9v\u00e8nement : Premier afterwork de 2026"}]},{"@type":"WebSite","@id":"https:\/\/www.reseau-entreprendre.org\/val-d-oise\/#website","url":"https:\/\/www.reseau-entreprendre.org\/val-d-oise\/","name":"R\u00e9seau Entreprendre Val d&#039;Oise","description":"","potentialAction":[{"@type":"SearchAction","target":{"@type":"EntryPoint","urlTemplate":"https:\/\/www.reseau-entreprendre.org\/val-d-oise\/?s={search_term_string}"},"query-input":{"@type":"PropertyValueSpecification","valueRequired":true,"valueName":"search_term_string"}}],"inLanguage":"fr-FR"},{"@type":"Person","@id":"https:\/\/www.reseau-entreprendre.org\/val-d-oise\/#\/schema\/person\/6758f470c1ffc8ecb5a52e1fc628e009","name":"val-d-oise","image":{"@type":"ImageObject","inLanguage":"fr-FR","@id":"https:\/\/secure.gravatar.com\/avatar\/245d1a673b5fb38c73a06a0f55616e3cd681a8a5351854f123401f6b14d69972?s=96&d=mm&r=g","url":"https:\/\/secure.gravatar.com\/avatar\/245d1a673b5fb38c73a06a0f55616e3cd681a8a5351854f123401f6b14d69972?s=96&d=mm&r=g","contentUrl":"https:\/\/secure.gravatar.com\/avatar\/245d1a673b5fb38c73a06a0f55616e3cd681a8a5351854f123401f6b14d69972?s=96&d=mm&r=g","caption":"val-d-oise"},"sameAs":["https:\/\/www.reseau-entreprendre.org\/val-d-oise\/","https:\/\/www.facebook.com\/Rseau-Entreprendre-Val-dOise-359753044200554","https:\/\/www.instagram.com\/reseauentreprendre95\/","https:\/\/www.linkedin.com\/company\/reseau-entreprendre-val-d-oise\/","https:\/\/x.com\/RE_Valdoise"],"url":"https:\/\/www.reseau-entreprendre.org\/val-d-oise\/author\/val-d-oise\/"}]}},"_links":{"self":[{"href":"https:\/\/www.reseau-entreprendre.org\/val-d-oise\/wp-json\/wp\/v2\/posts\/4661","targetHints":{"allow":["GET"]}}],"collection":[{"href":"https:\/\/www.reseau-entreprendre.org\/val-d-oise\/wp-json\/wp\/v2\/posts"}],"about":[{"href":"https:\/\/www.reseau-entreprendre.org\/val-d-oise\/wp-json\/wp\/v2\/types\/post"}],"author":[{"embeddable":true,"href":"https:\/\/www.reseau-entreprendre.org\/val-d-oise\/wp-json\/wp\/v2\/users\/28"}],"replies":[{"embeddable":true,"href":"https:\/\/www.reseau-entreprendre.org\/val-d-oise\/wp-json\/wp\/v2\/comments?post=4661"}],"version-history":[{"count":1,"href":"https:\/\/www.reseau-entreprendre.org\/val-d-oise\/wp-json\/wp\/v2\/posts\/4661\/revisions"}],"predecessor-version":[{"id":4663,"href":"https:\/\/www.reseau-entreprendre.org\/val-d-oise\/wp-json\/wp\/v2\/posts\/4661\/revisions\/4663"}],"wp:featuredmedia":[{"embeddable":true,"href":"https:\/\/www.reseau-entreprendre.org\/val-d-oise\/wp-json\/wp\/v2\/media\/4662"}],"wp:attachment":[{"href":"https:\/\/www.reseau-entreprendre.org\/val-d-oise\/wp-json\/wp\/v2\/media?parent=4661"}],"wp:term":[{"taxonomy":"category","embeddable":true,"href":"https:\/\/www.reseau-entreprendre.org\/val-d-oise\/wp-json\/wp\/v2\/categories?post=4661"},{"taxonomy":"post_tag","embeddable":true,"href":"https:\/\/www.reseau-entreprendre.org\/val-d-oise\/wp-json\/wp\/v2\/tags?post=4661"}],"curies":[{"name":"wp","href":"https:\/\/api.w.org\/{rel}","templated":true}]}}