{"id":1112,"date":"2020-04-20T16:37:59","date_gmt":"2020-04-20T14:37:59","guid":{"rendered":"https:\/\/www.reseau-entreprendre.org\/var\/?p=1112"},"modified":"2022-04-13T10:52:20","modified_gmt":"2022-04-13T08:52:20","slug":"antoine-jeannin-laureat-reseau-entreprendre-var","status":"publish","type":"post","link":"https:\/\/www.reseau-entreprendre.org\/var\/2020\/04\/20\/antoine-jeannin-laureat-reseau-entreprendre-var\/","title":{"rendered":"Antoine JEANNIN, laur\u00e9at R\u00e9seau Entreprendre Var"},"content":{"rendered":"<h3 style=\"text-align: left\">Le projet<\/h3>\n<p style=\"text-align: justify\">Fond\u00e9e \u00e0 Ollioules en 2015, Boarding Ring a d\u00e9velopp\u00e9 une approche unique pour lutter contre la cin\u00e9tose : mal des transports et mal de la r\u00e9alit\u00e9 virtuelle.<\/p>\n<p style=\"text-align: justify\">Gr\u00e2ce notamment \u00e0 Boarding Glasses, un dispositif m\u00e9dical sous la forme d&#8217;une paire de lunettes. Contenant un liquide color\u00e9, elles apportent un horizon artificiel dans le champ visuel\u00a0de l&#8217;utilisateur et mettent fin aux troubles en quelques minutes. Ces lunettes ont d&#8217;ailleurs fait l&#8217;objet d&#8217;un partenariat avec le constructeur Citro\u00ebn (voir Seetro\u00ebn). Nous avons aussi d\u00e9velopp\u00e9 Seenetic\u00a0VR un accessoire pour casque de r\u00e9alit\u00e9 virtuelle \u00e9vitant les vertiges et naus\u00e9es provoqu\u00e9s par l&#8217;immersion dans un monde virtuel. Enfin Boarding Light est un dispositif lumineux embarqu\u00e9, adapt\u00e9 \u00e0 tous les modes de transports, permettant de cr\u00e9er\u00a0un plan\u00a0d&#8217;horizon dans l&#8217;habitacle et pour tous les passagers.<\/p>\n<h3 style=\"text-align: left\">Votre exp\u00e9rience avec R\u00e9seau Entreprendre Var<\/h3>\n<p style=\"text-align: justify\">Nous avons fait appel \u00e0 R\u00e9seau Entreprendre Var car nous souhaitions renforcer notre tr\u00e9sorerie gr\u00e2ce au pr\u00eat d&#8217;honneur, mais surtout \u00eatre acteur de la dynamique entrepreneuriale au sein de l&#8217;agglom\u00e9ration toulonnaise.<\/p>\n<p style=\"text-align: justify\">En cette p\u00e9riode de crise, R\u00e9seau Entreprendre a pu montrer l&#8217;\u00e9tendue de ses capacit\u00e9s, en mettant \u00e0 disposition quantit\u00e9s de ressources, et en jouant le r\u00f4le de plateforme d&#8217;\u00e9change et de solidarit\u00e9 entre chefs d&#8217;entreprise. Un soutien rassurant et proche.<\/p>\n<p style=\"text-align: justify\"><strong>Pour en savoir plus :\u00a0<\/strong><\/p>\n<p style=\"text-align: justify\"><a href=\"http:\/\/www.boardingglasses.com\">www.boardingglasses.com<\/a><br \/>\n<a href=\"http:\/\/www.seenetic.com\">www.seenetic.com<\/a><br \/>\n<a href=\"http:\/\/www.boardinglight.com\">www.boardinglight.com<\/a><\/p>\n","protected":false},"excerpt":{"rendered":"<p>Le projet Fond\u00e9e \u00e0 Ollioules en 2015, Boarding Ring a<\/p>\n","protected":false},"author":50,"featured_media":1116,"comment_status":"closed","ping_status":"open","sticky":false,"template":"","format":"standard","meta":{"_acf_changed":false,"_monsterinsights_skip_tracking":false,"_monsterinsights_sitenote_active":false,"_monsterinsights_sitenote_note":"","_monsterinsights_sitenote_category":0,"footnotes":""},"categories":[5],"tags":[],"class_list":["post-1112","post","type-post","status-publish","format-standard","has-post-thumbnail","hentry","category-temoignages-laureats","testimonials"],"acf":[],"yoast_head":"<!-- This site is optimized with the Yoast SEO plugin v27.4 - https:\/\/yoast.com\/product\/yoast-seo-wordpress\/ -->\n<title>Antoine JEANNIN, laur\u00e9at R\u00e9seau Entreprendre Var - R\u00e9seau Entreprendre Var<\/title>\n<meta name=\"robots\" content=\"index, follow, max-snippet:-1, max-image-preview:large, max-video-preview:-1\" \/>\n<link rel=\"canonical\" href=\"https:\/\/www.reseau-entreprendre.org\/var\/2020\/04\/20\/antoine-jeannin-laureat-reseau-entreprendre-var\/\" \/>\n<meta property=\"og:locale\" content=\"fr_FR\" \/>\n<meta property=\"og:type\" content=\"article\" \/>\n<meta property=\"og:title\" content=\"Antoine JEANNIN, laur\u00e9at R\u00e9seau Entreprendre Var - R\u00e9seau Entreprendre Var\" \/>\n<meta property=\"og:description\" content=\"Le projet Fond\u00e9e \u00e0 Ollioules en 2015, Boarding Ring a\" \/>\n<meta property=\"og:url\" content=\"https:\/\/www.reseau-entreprendre.org\/var\/2020\/04\/20\/antoine-jeannin-laureat-reseau-entreprendre-var\/\" \/>\n<meta property=\"og:site_name\" content=\"R\u00e9seau Entreprendre Var\" \/>\n<meta property=\"article:published_time\" content=\"2020-04-20T14:37:59+00:00\" \/>\n<meta property=\"article:modified_time\" content=\"2022-04-13T08:52:20+00:00\" \/>\n<meta property=\"og:image\" content=\"https:\/\/www.reseau-entreprendre.org\/var\/wp-content\/uploads\/sites\/49\/2020\/04\/AntoineStationF.jpg\" \/>\n\t<meta property=\"og:image:width\" content=\"400\" \/>\n\t<meta property=\"og:image:height\" content=\"266\" \/>\n\t<meta property=\"og:image:type\" content=\"image\/jpeg\" \/>\n<meta name=\"author\" content=\"var\" \/>\n<meta name=\"twitter:card\" content=\"summary_large_image\" \/>\n<meta name=\"twitter:label1\" content=\"\u00c9crit par\" \/>\n\t<meta name=\"twitter:data1\" content=\"var\" \/>\n\t<meta name=\"twitter:label2\" content=\"Dur\u00e9e de lecture estim\u00e9e\" \/>\n\t<meta name=\"twitter:data2\" content=\"1 minute\" \/>\n<script type=\"application\/ld+json\" class=\"yoast-schema-graph\">{\"@context\":\"https:\\\/\\\/schema.org\",\"@graph\":[{\"@type\":\"Article\",\"@id\":\"https:\\\/\\\/www.reseau-entreprendre.org\\\/var\\\/2020\\\/04\\\/20\\\/antoine-jeannin-laureat-reseau-entreprendre-var\\\/#article\",\"isPartOf\":{\"@id\":\"https:\\\/\\\/www.reseau-entreprendre.org\\\/var\\\/2020\\\/04\\\/20\\\/antoine-jeannin-laureat-reseau-entreprendre-var\\\/\"},\"author\":{\"name\":\"var\",\"@id\":\"https:\\\/\\\/www.reseau-entreprendre.org\\\/var\\\/#\\\/schema\\\/person\\\/0d0e7333e37726d8976f78ff495e5b8b\"},\"headline\":\"Antoine JEANNIN, laur\u00e9at R\u00e9seau Entreprendre Var\",\"datePublished\":\"2020-04-20T14:37:59+00:00\",\"dateModified\":\"2022-04-13T08:52:20+00:00\",\"mainEntityOfPage\":{\"@id\":\"https:\\\/\\\/www.reseau-entreprendre.org\\\/var\\\/2020\\\/04\\\/20\\\/antoine-jeannin-laureat-reseau-entreprendre-var\\\/\"},\"wordCount\":263,\"image\":{\"@id\":\"https:\\\/\\\/www.reseau-entreprendre.org\\\/var\\\/2020\\\/04\\\/20\\\/antoine-jeannin-laureat-reseau-entreprendre-var\\\/#primaryimage\"},\"thumbnailUrl\":\"https:\\\/\\\/www.reseau-entreprendre.org\\\/var\\\/wp-content\\\/uploads\\\/sites\\\/49\\\/2020\\\/04\\\/AntoineStationF.jpg\",\"articleSection\":[\"T\u00e9moignages laur\u00e9ats\"],\"inLanguage\":\"fr-FR\"},{\"@type\":\"WebPage\",\"@id\":\"https:\\\/\\\/www.reseau-entreprendre.org\\\/var\\\/2020\\\/04\\\/20\\\/antoine-jeannin-laureat-reseau-entreprendre-var\\\/\",\"url\":\"https:\\\/\\\/www.reseau-entreprendre.org\\\/var\\\/2020\\\/04\\\/20\\\/antoine-jeannin-laureat-reseau-entreprendre-var\\\/\",\"name\":\"Antoine JEANNIN, laur\u00e9at R\u00e9seau Entreprendre Var - R\u00e9seau Entreprendre Var\",\"isPartOf\":{\"@id\":\"https:\\\/\\\/www.reseau-entreprendre.org\\\/var\\\/#website\"},\"primaryImageOfPage\":{\"@id\":\"https:\\\/\\\/www.reseau-entreprendre.org\\\/var\\\/2020\\\/04\\\/20\\\/antoine-jeannin-laureat-reseau-entreprendre-var\\\/#primaryimage\"},\"image\":{\"@id\":\"https:\\\/\\\/www.reseau-entreprendre.org\\\/var\\\/2020\\\/04\\\/20\\\/antoine-jeannin-laureat-reseau-entreprendre-var\\\/#primaryimage\"},\"thumbnailUrl\":\"https:\\\/\\\/www.reseau-entreprendre.org\\\/var\\\/wp-content\\\/uploads\\\/sites\\\/49\\\/2020\\\/04\\\/AntoineStationF.jpg\",\"datePublished\":\"2020-04-20T14:37:59+00:00\",\"dateModified\":\"2022-04-13T08:52:20+00:00\",\"author\":{\"@id\":\"https:\\\/\\\/www.reseau-entreprendre.org\\\/var\\\/#\\\/schema\\\/person\\\/0d0e7333e37726d8976f78ff495e5b8b\"},\"breadcrumb\":{\"@id\":\"https:\\\/\\\/www.reseau-entreprendre.org\\\/var\\\/2020\\\/04\\\/20\\\/antoine-jeannin-laureat-reseau-entreprendre-var\\\/#breadcrumb\"},\"inLanguage\":\"fr-FR\",\"potentialAction\":[{\"@type\":\"ReadAction\",\"target\":[\"https:\\\/\\\/www.reseau-entreprendre.org\\\/var\\\/2020\\\/04\\\/20\\\/antoine-jeannin-laureat-reseau-entreprendre-var\\\/\"]}]},{\"@type\":\"ImageObject\",\"inLanguage\":\"fr-FR\",\"@id\":\"https:\\\/\\\/www.reseau-entreprendre.org\\\/var\\\/2020\\\/04\\\/20\\\/antoine-jeannin-laureat-reseau-entreprendre-var\\\/#primaryimage\",\"url\":\"https:\\\/\\\/www.reseau-entreprendre.org\\\/var\\\/wp-content\\\/uploads\\\/sites\\\/49\\\/2020\\\/04\\\/AntoineStationF.jpg\",\"contentUrl\":\"https:\\\/\\\/www.reseau-entreprendre.org\\\/var\\\/wp-content\\\/uploads\\\/sites\\\/49\\\/2020\\\/04\\\/AntoineStationF.jpg\",\"width\":400,\"height\":266},{\"@type\":\"BreadcrumbList\",\"@id\":\"https:\\\/\\\/www.reseau-entreprendre.org\\\/var\\\/2020\\\/04\\\/20\\\/antoine-jeannin-laureat-reseau-entreprendre-var\\\/#breadcrumb\",\"itemListElement\":[{\"@type\":\"ListItem\",\"position\":1,\"name\":\"Accueil\",\"item\":\"https:\\\/\\\/www.reseau-entreprendre.org\\\/var\\\/\"},{\"@type\":\"ListItem\",\"position\":2,\"name\":\"Antoine JEANNIN, laur\u00e9at R\u00e9seau Entreprendre Var\"}]},{\"@type\":\"WebSite\",\"@id\":\"https:\\\/\\\/www.reseau-entreprendre.org\\\/var\\\/#website\",\"url\":\"https:\\\/\\\/www.reseau-entreprendre.org\\\/var\\\/\",\"name\":\"R\u00e9seau Entreprendre Var\",\"description\":\"Aucun entrepreneur ne doit rester seul \",\"potentialAction\":[{\"@type\":\"SearchAction\",\"target\":{\"@type\":\"EntryPoint\",\"urlTemplate\":\"https:\\\/\\\/www.reseau-entreprendre.org\\\/var\\\/?s={search_term_string}\"},\"query-input\":{\"@type\":\"PropertyValueSpecification\",\"valueRequired\":true,\"valueName\":\"search_term_string\"}}],\"inLanguage\":\"fr-FR\"},{\"@type\":\"Person\",\"@id\":\"https:\\\/\\\/www.reseau-entreprendre.org\\\/var\\\/#\\\/schema\\\/person\\\/0d0e7333e37726d8976f78ff495e5b8b\",\"name\":\"var\",\"image\":{\"@type\":\"ImageObject\",\"inLanguage\":\"fr-FR\",\"@id\":\"https:\\\/\\\/secure.gravatar.com\\\/avatar\\\/8e06d685baeb2300d7b99b9d383daff34cbe7bd209739a969ce600add70c41d4?s=96&d=mm&r=g\",\"url\":\"https:\\\/\\\/secure.gravatar.com\\\/avatar\\\/8e06d685baeb2300d7b99b9d383daff34cbe7bd209739a969ce600add70c41d4?s=96&d=mm&r=g\",\"contentUrl\":\"https:\\\/\\\/secure.gravatar.com\\\/avatar\\\/8e06d685baeb2300d7b99b9d383daff34cbe7bd209739a969ce600add70c41d4?s=96&d=mm&r=g\",\"caption\":\"var\"},\"url\":\"https:\\\/\\\/www.reseau-entreprendre.org\\\/var\\\/author\\\/var\\\/\"}]}<\/script>\n<!-- \/ Yoast SEO plugin. -->","yoast_head_json":{"title":"Antoine JEANNIN, laur\u00e9at R\u00e9seau Entreprendre Var - R\u00e9seau Entreprendre Var","robots":{"index":"index","follow":"follow","max-snippet":"max-snippet:-1","max-image-preview":"max-image-preview:large","max-video-preview":"max-video-preview:-1"},"canonical":"https:\/\/www.reseau-entreprendre.org\/var\/2020\/04\/20\/antoine-jeannin-laureat-reseau-entreprendre-var\/","og_locale":"fr_FR","og_type":"article","og_title":"Antoine JEANNIN, laur\u00e9at R\u00e9seau Entreprendre Var - R\u00e9seau Entreprendre Var","og_description":"Le projet Fond\u00e9e \u00e0 Ollioules en 2015, Boarding Ring a","og_url":"https:\/\/www.reseau-entreprendre.org\/var\/2020\/04\/20\/antoine-jeannin-laureat-reseau-entreprendre-var\/","og_site_name":"R\u00e9seau Entreprendre Var","article_published_time":"2020-04-20T14:37:59+00:00","article_modified_time":"2022-04-13T08:52:20+00:00","og_image":[{"width":400,"height":266,"url":"https:\/\/www.reseau-entreprendre.org\/var\/wp-content\/uploads\/sites\/49\/2020\/04\/AntoineStationF.jpg","type":"image\/jpeg"}],"author":"var","twitter_card":"summary_large_image","twitter_misc":{"\u00c9crit par":"var","Dur\u00e9e de lecture estim\u00e9e":"1 minute"},"schema":{"@context":"https:\/\/schema.org","@graph":[{"@type":"Article","@id":"https:\/\/www.reseau-entreprendre.org\/var\/2020\/04\/20\/antoine-jeannin-laureat-reseau-entreprendre-var\/#article","isPartOf":{"@id":"https:\/\/www.reseau-entreprendre.org\/var\/2020\/04\/20\/antoine-jeannin-laureat-reseau-entreprendre-var\/"},"author":{"name":"var","@id":"https:\/\/www.reseau-entreprendre.org\/var\/#\/schema\/person\/0d0e7333e37726d8976f78ff495e5b8b"},"headline":"Antoine JEANNIN, laur\u00e9at R\u00e9seau Entreprendre Var","datePublished":"2020-04-20T14:37:59+00:00","dateModified":"2022-04-13T08:52:20+00:00","mainEntityOfPage":{"@id":"https:\/\/www.reseau-entreprendre.org\/var\/2020\/04\/20\/antoine-jeannin-laureat-reseau-entreprendre-var\/"},"wordCount":263,"image":{"@id":"https:\/\/www.reseau-entreprendre.org\/var\/2020\/04\/20\/antoine-jeannin-laureat-reseau-entreprendre-var\/#primaryimage"},"thumbnailUrl":"https:\/\/www.reseau-entreprendre.org\/var\/wp-content\/uploads\/sites\/49\/2020\/04\/AntoineStationF.jpg","articleSection":["T\u00e9moignages laur\u00e9ats"],"inLanguage":"fr-FR"},{"@type":"WebPage","@id":"https:\/\/www.reseau-entreprendre.org\/var\/2020\/04\/20\/antoine-jeannin-laureat-reseau-entreprendre-var\/","url":"https:\/\/www.reseau-entreprendre.org\/var\/2020\/04\/20\/antoine-jeannin-laureat-reseau-entreprendre-var\/","name":"Antoine JEANNIN, laur\u00e9at R\u00e9seau Entreprendre Var - R\u00e9seau Entreprendre Var","isPartOf":{"@id":"https:\/\/www.reseau-entreprendre.org\/var\/#website"},"primaryImageOfPage":{"@id":"https:\/\/www.reseau-entreprendre.org\/var\/2020\/04\/20\/antoine-jeannin-laureat-reseau-entreprendre-var\/#primaryimage"},"image":{"@id":"https:\/\/www.reseau-entreprendre.org\/var\/2020\/04\/20\/antoine-jeannin-laureat-reseau-entreprendre-var\/#primaryimage"},"thumbnailUrl":"https:\/\/www.reseau-entreprendre.org\/var\/wp-content\/uploads\/sites\/49\/2020\/04\/AntoineStationF.jpg","datePublished":"2020-04-20T14:37:59+00:00","dateModified":"2022-04-13T08:52:20+00:00","author":{"@id":"https:\/\/www.reseau-entreprendre.org\/var\/#\/schema\/person\/0d0e7333e37726d8976f78ff495e5b8b"},"breadcrumb":{"@id":"https:\/\/www.reseau-entreprendre.org\/var\/2020\/04\/20\/antoine-jeannin-laureat-reseau-entreprendre-var\/#breadcrumb"},"inLanguage":"fr-FR","potentialAction":[{"@type":"ReadAction","target":["https:\/\/www.reseau-entreprendre.org\/var\/2020\/04\/20\/antoine-jeannin-laureat-reseau-entreprendre-var\/"]}]},{"@type":"ImageObject","inLanguage":"fr-FR","@id":"https:\/\/www.reseau-entreprendre.org\/var\/2020\/04\/20\/antoine-jeannin-laureat-reseau-entreprendre-var\/#primaryimage","url":"https:\/\/www.reseau-entreprendre.org\/var\/wp-content\/uploads\/sites\/49\/2020\/04\/AntoineStationF.jpg","contentUrl":"https:\/\/www.reseau-entreprendre.org\/var\/wp-content\/uploads\/sites\/49\/2020\/04\/AntoineStationF.jpg","width":400,"height":266},{"@type":"BreadcrumbList","@id":"https:\/\/www.reseau-entreprendre.org\/var\/2020\/04\/20\/antoine-jeannin-laureat-reseau-entreprendre-var\/#breadcrumb","itemListElement":[{"@type":"ListItem","position":1,"name":"Accueil","item":"https:\/\/www.reseau-entreprendre.org\/var\/"},{"@type":"ListItem","position":2,"name":"Antoine JEANNIN, laur\u00e9at R\u00e9seau Entreprendre Var"}]},{"@type":"WebSite","@id":"https:\/\/www.reseau-entreprendre.org\/var\/#website","url":"https:\/\/www.reseau-entreprendre.org\/var\/","name":"R\u00e9seau Entreprendre Var","description":"Aucun entrepreneur ne doit rester seul ","potentialAction":[{"@type":"SearchAction","target":{"@type":"EntryPoint","urlTemplate":"https:\/\/www.reseau-entreprendre.org\/var\/?s={search_term_string}"},"query-input":{"@type":"PropertyValueSpecification","valueRequired":true,"valueName":"search_term_string"}}],"inLanguage":"fr-FR"},{"@type":"Person","@id":"https:\/\/www.reseau-entreprendre.org\/var\/#\/schema\/person\/0d0e7333e37726d8976f78ff495e5b8b","name":"var","image":{"@type":"ImageObject","inLanguage":"fr-FR","@id":"https:\/\/secure.gravatar.com\/avatar\/8e06d685baeb2300d7b99b9d383daff34cbe7bd209739a969ce600add70c41d4?s=96&d=mm&r=g","url":"https:\/\/secure.gravatar.com\/avatar\/8e06d685baeb2300d7b99b9d383daff34cbe7bd209739a969ce600add70c41d4?s=96&d=mm&r=g","contentUrl":"https:\/\/secure.gravatar.com\/avatar\/8e06d685baeb2300d7b99b9d383daff34cbe7bd209739a969ce600add70c41d4?s=96&d=mm&r=g","caption":"var"},"url":"https:\/\/www.reseau-entreprendre.org\/var\/author\/var\/"}]}},"_links":{"self":[{"href":"https:\/\/www.reseau-entreprendre.org\/var\/wp-json\/wp\/v2\/posts\/1112","targetHints":{"allow":["GET"]}}],"collection":[{"href":"https:\/\/www.reseau-entreprendre.org\/var\/wp-json\/wp\/v2\/posts"}],"about":[{"href":"https:\/\/www.reseau-entreprendre.org\/var\/wp-json\/wp\/v2\/types\/post"}],"author":[{"embeddable":true,"href":"https:\/\/www.reseau-entreprendre.org\/var\/wp-json\/wp\/v2\/users\/50"}],"replies":[{"embeddable":true,"href":"https:\/\/www.reseau-entreprendre.org\/var\/wp-json\/wp\/v2\/comments?post=1112"}],"version-history":[{"count":0,"href":"https:\/\/www.reseau-entreprendre.org\/var\/wp-json\/wp\/v2\/posts\/1112\/revisions"}],"wp:featuredmedia":[{"embeddable":true,"href":"https:\/\/www.reseau-entreprendre.org\/var\/wp-json\/wp\/v2\/media\/1116"}],"wp:attachment":[{"href":"https:\/\/www.reseau-entreprendre.org\/var\/wp-json\/wp\/v2\/media?parent=1112"}],"wp:term":[{"taxonomy":"category","embeddable":true,"href":"https:\/\/www.reseau-entreprendre.org\/var\/wp-json\/wp\/v2\/categories?post=1112"},{"taxonomy":"post_tag","embeddable":true,"href":"https:\/\/www.reseau-entreprendre.org\/var\/wp-json\/wp\/v2\/tags?post=1112"}],"curies":[{"name":"wp","href":"https:\/\/api.w.org\/{rel}","templated":true}]}}