{"id":1123,"date":"2020-04-20T17:20:32","date_gmt":"2020-04-20T15:20:32","guid":{"rendered":"https:\/\/www.reseau-entreprendre.org\/var\/?p=1123"},"modified":"2022-04-13T10:52:20","modified_gmt":"2022-04-13T08:52:20","slug":"guillaume-terret-et-yohann-coyet-laureats-reseau-entreprendre-var","status":"publish","type":"post","link":"https:\/\/www.reseau-entreprendre.org\/var\/2020\/04\/20\/guillaume-terret-et-yohann-coyet-laureats-reseau-entreprendre-var\/","title":{"rendered":"Guillaume TERRET et Yohann COYET, laur\u00e9ats R\u00e9seau Entreprendre Var"},"content":{"rendered":"<h3 style=\"text-align: justify\">Le projet<\/h3>\n<p style=\"text-align: justify\">Le <a href=\"http:\/\/www.lebistrok.com\">Bistrok<\/a> est un restaurant dont le concept est :<\/p>\n<p style=\"text-align: justify\">Ici tout est A vendre\u2026Sauf le personnel !&#8230;Koi que\u2026<\/p>\n<p style=\"text-align: justify\">Le Bistrok propose une carte de plats \u00e0 la Fran\u00e7aise retravaill\u00e9s aux saveurs du monde, la vente du mobilier pr\u00e9sent sur site (tables, chaises, couverts, verres, luminaires\u2026) et une activit\u00e9 de caviste.<\/p>\n<p style=\"text-align: justify\">Le premier site est implant\u00e9 \u00e0 Toulon depuis Septembre 2018. Et depuis d\u00e9cembre 2019, le premier licenci\u00e9 de marque Le Bistrok a ouvert \u00e0 Montpellier.<\/p>\n<p style=\"text-align: justify\">Nous nous diff\u00e9rencions de la concurrence tant sur le plan gustatif, par des recettes originales imagin\u00e9es par nous, une proposition de vin du monde ou Fran\u00e7ais, que par notre capacit\u00e9 \u00e0 vendre l\u2019ensemble du mobilier pr\u00e9sent\u00e9. Ce mobilier est imagin\u00e9 par nous, fabriqu\u00e9 sur mesure et collant \u00e0 la tendance d\u00e9corative actuelle. Notre offre couvre donc un besoin client de renouvellement de la cuisine propos\u00e9e par nos concurrents et la possibilit\u00e9 de s\u2019\u00e9quiper en mobilier avec des pi\u00e8ces uniques.<\/p>\n<p><iframe loading=\"lazy\" title=\"Le Bistrok, restaurant cave \u00e0 vin et franchise \u00e0 Toulon et Montpellier\" width=\"500\" height=\"281\" src=\"https:\/\/www.youtube.com\/embed\/1MRSUo5MQIY?feature=oembed\" frameborder=\"0\" allow=\"accelerometer; autoplay; clipboard-write; encrypted-media; gyroscope; picture-in-picture; web-share\" referrerpolicy=\"strict-origin-when-cross-origin\" allowfullscreen><\/iframe><\/p>\n<p>&nbsp;<\/p>\n<h3 style=\"text-align: justify\">Notre exp\u00e9rience avec R\u00e9seau Entreprendre Var<\/h3>\n<p style=\"text-align: justify\">Nous avons sollicit\u00e9 l\u2019accompagnement de R\u00e9seau Entreprendre afin de pouvoir profiter de l\u2019accompagnement, des conseils d\u2019entrepreneur chevronn\u00e9 pour le d\u00e9veloppement de notre concept.<\/p>\n<p style=\"text-align: justify\">Nous avons aussi voulu faire parti de ce r\u00e9seau afin de pouvoir \u00e9changer avec d\u2019autres laur\u00e9ats et ce dans le but du partage des exp\u00e9riences. En effet, nous pensons qu\u2019a plusieurs nous avancerons plus loin.<\/p>\n<p style=\"text-align: justify\">Enfin, l\u2019apport du pr\u00eat d\u2019honneur reste non n\u00e9gligeable pour booster notre projet.<\/p>\n<p style=\"text-align: justify\">R\u00e9seau Entreprendre Var nous est utile \u00e0 chaque strate de l\u2019\u00e9volution de notre projet. Ainsi, nous nous appuyons sur les conseils, retours d\u2019exp\u00e9riences des membres de ce r\u00e9seau afin de prendre la bonne voie pour nous d\u00e9velopper.<\/p>\n<p style=\"text-align: justify\">Nous gagnons ainsi du temps et de l\u2019\u00e9nergie en ayant la bonne route.<\/p>\n","protected":false},"excerpt":{"rendered":"<p>Le projet Le Bistrok est un restaurant dont le concept<\/p>\n","protected":false},"author":50,"featured_media":1125,"comment_status":"closed","ping_status":"open","sticky":false,"template":"","format":"standard","meta":{"_acf_changed":false,"_monsterinsights_skip_tracking":false,"_monsterinsights_sitenote_active":false,"_monsterinsights_sitenote_note":"","_monsterinsights_sitenote_category":0,"footnotes":""},"categories":[5],"tags":[],"class_list":["post-1123","post","type-post","status-publish","format-standard","has-post-thumbnail","hentry","category-temoignages-laureats","testimonials"],"acf":[],"yoast_head":"<!-- This site is optimized with the Yoast SEO plugin v27.4 - https:\/\/yoast.com\/product\/yoast-seo-wordpress\/ -->\n<title>Guillaume TERRET et Yohann COYET, laur\u00e9ats R\u00e9seau Entreprendre Var - R\u00e9seau Entreprendre Var<\/title>\n<meta name=\"robots\" content=\"index, follow, max-snippet:-1, max-image-preview:large, max-video-preview:-1\" \/>\n<link rel=\"canonical\" href=\"https:\/\/www.reseau-entreprendre.org\/var\/2020\/04\/20\/guillaume-terret-et-yohann-coyet-laureats-reseau-entreprendre-var\/\" \/>\n<meta property=\"og:locale\" content=\"fr_FR\" \/>\n<meta property=\"og:type\" content=\"article\" \/>\n<meta property=\"og:title\" content=\"Guillaume TERRET et Yohann COYET, laur\u00e9ats R\u00e9seau Entreprendre Var - R\u00e9seau Entreprendre Var\" \/>\n<meta property=\"og:description\" content=\"Le projet Le Bistrok est un restaurant dont le concept\" \/>\n<meta property=\"og:url\" content=\"https:\/\/www.reseau-entreprendre.org\/var\/2020\/04\/20\/guillaume-terret-et-yohann-coyet-laureats-reseau-entreprendre-var\/\" \/>\n<meta property=\"og:site_name\" content=\"R\u00e9seau Entreprendre Var\" \/>\n<meta property=\"article:published_time\" content=\"2020-04-20T15:20:32+00:00\" \/>\n<meta property=\"article:modified_time\" content=\"2022-04-13T08:52:20+00:00\" \/>\n<meta property=\"og:image\" content=\"https:\/\/www.reseau-entreprendre.org\/var\/wp-content\/uploads\/sites\/49\/2020\/04\/Le-Bistrok-e1587395987693.png\" \/>\n\t<meta property=\"og:image:width\" content=\"400\" \/>\n\t<meta property=\"og:image:height\" content=\"228\" \/>\n\t<meta property=\"og:image:type\" content=\"image\/png\" \/>\n<meta name=\"author\" content=\"var\" \/>\n<meta name=\"twitter:card\" content=\"summary_large_image\" \/>\n<meta name=\"twitter:label1\" content=\"\u00c9crit par\" \/>\n\t<meta name=\"twitter:data1\" content=\"var\" \/>\n\t<meta name=\"twitter:label2\" content=\"Dur\u00e9e de lecture estim\u00e9e\" \/>\n\t<meta name=\"twitter:data2\" content=\"2 minutes\" \/>\n<script type=\"application\/ld+json\" class=\"yoast-schema-graph\">{\"@context\":\"https:\\\/\\\/schema.org\",\"@graph\":[{\"@type\":\"Article\",\"@id\":\"https:\\\/\\\/www.reseau-entreprendre.org\\\/var\\\/2020\\\/04\\\/20\\\/guillaume-terret-et-yohann-coyet-laureats-reseau-entreprendre-var\\\/#article\",\"isPartOf\":{\"@id\":\"https:\\\/\\\/www.reseau-entreprendre.org\\\/var\\\/2020\\\/04\\\/20\\\/guillaume-terret-et-yohann-coyet-laureats-reseau-entreprendre-var\\\/\"},\"author\":{\"name\":\"var\",\"@id\":\"https:\\\/\\\/www.reseau-entreprendre.org\\\/var\\\/#\\\/schema\\\/person\\\/0d0e7333e37726d8976f78ff495e5b8b\"},\"headline\":\"Guillaume TERRET et Yohann COYET, laur\u00e9ats R\u00e9seau Entreprendre Var\",\"datePublished\":\"2020-04-20T15:20:32+00:00\",\"dateModified\":\"2022-04-13T08:52:20+00:00\",\"mainEntityOfPage\":{\"@id\":\"https:\\\/\\\/www.reseau-entreprendre.org\\\/var\\\/2020\\\/04\\\/20\\\/guillaume-terret-et-yohann-coyet-laureats-reseau-entreprendre-var\\\/\"},\"wordCount\":328,\"image\":{\"@id\":\"https:\\\/\\\/www.reseau-entreprendre.org\\\/var\\\/2020\\\/04\\\/20\\\/guillaume-terret-et-yohann-coyet-laureats-reseau-entreprendre-var\\\/#primaryimage\"},\"thumbnailUrl\":\"https:\\\/\\\/www.reseau-entreprendre.org\\\/var\\\/wp-content\\\/uploads\\\/sites\\\/49\\\/2020\\\/04\\\/Le-Bistrok-e1587395987693.png\",\"articleSection\":[\"T\u00e9moignages laur\u00e9ats\"],\"inLanguage\":\"fr-FR\"},{\"@type\":\"WebPage\",\"@id\":\"https:\\\/\\\/www.reseau-entreprendre.org\\\/var\\\/2020\\\/04\\\/20\\\/guillaume-terret-et-yohann-coyet-laureats-reseau-entreprendre-var\\\/\",\"url\":\"https:\\\/\\\/www.reseau-entreprendre.org\\\/var\\\/2020\\\/04\\\/20\\\/guillaume-terret-et-yohann-coyet-laureats-reseau-entreprendre-var\\\/\",\"name\":\"Guillaume TERRET et Yohann COYET, laur\u00e9ats R\u00e9seau Entreprendre Var - R\u00e9seau Entreprendre Var\",\"isPartOf\":{\"@id\":\"https:\\\/\\\/www.reseau-entreprendre.org\\\/var\\\/#website\"},\"primaryImageOfPage\":{\"@id\":\"https:\\\/\\\/www.reseau-entreprendre.org\\\/var\\\/2020\\\/04\\\/20\\\/guillaume-terret-et-yohann-coyet-laureats-reseau-entreprendre-var\\\/#primaryimage\"},\"image\":{\"@id\":\"https:\\\/\\\/www.reseau-entreprendre.org\\\/var\\\/2020\\\/04\\\/20\\\/guillaume-terret-et-yohann-coyet-laureats-reseau-entreprendre-var\\\/#primaryimage\"},\"thumbnailUrl\":\"https:\\\/\\\/www.reseau-entreprendre.org\\\/var\\\/wp-content\\\/uploads\\\/sites\\\/49\\\/2020\\\/04\\\/Le-Bistrok-e1587395987693.png\",\"datePublished\":\"2020-04-20T15:20:32+00:00\",\"dateModified\":\"2022-04-13T08:52:20+00:00\",\"author\":{\"@id\":\"https:\\\/\\\/www.reseau-entreprendre.org\\\/var\\\/#\\\/schema\\\/person\\\/0d0e7333e37726d8976f78ff495e5b8b\"},\"breadcrumb\":{\"@id\":\"https:\\\/\\\/www.reseau-entreprendre.org\\\/var\\\/2020\\\/04\\\/20\\\/guillaume-terret-et-yohann-coyet-laureats-reseau-entreprendre-var\\\/#breadcrumb\"},\"inLanguage\":\"fr-FR\",\"potentialAction\":[{\"@type\":\"ReadAction\",\"target\":[\"https:\\\/\\\/www.reseau-entreprendre.org\\\/var\\\/2020\\\/04\\\/20\\\/guillaume-terret-et-yohann-coyet-laureats-reseau-entreprendre-var\\\/\"]}]},{\"@type\":\"ImageObject\",\"inLanguage\":\"fr-FR\",\"@id\":\"https:\\\/\\\/www.reseau-entreprendre.org\\\/var\\\/2020\\\/04\\\/20\\\/guillaume-terret-et-yohann-coyet-laureats-reseau-entreprendre-var\\\/#primaryimage\",\"url\":\"https:\\\/\\\/www.reseau-entreprendre.org\\\/var\\\/wp-content\\\/uploads\\\/sites\\\/49\\\/2020\\\/04\\\/Le-Bistrok-e1587395987693.png\",\"contentUrl\":\"https:\\\/\\\/www.reseau-entreprendre.org\\\/var\\\/wp-content\\\/uploads\\\/sites\\\/49\\\/2020\\\/04\\\/Le-Bistrok-e1587395987693.png\",\"width\":400,\"height\":228},{\"@type\":\"BreadcrumbList\",\"@id\":\"https:\\\/\\\/www.reseau-entreprendre.org\\\/var\\\/2020\\\/04\\\/20\\\/guillaume-terret-et-yohann-coyet-laureats-reseau-entreprendre-var\\\/#breadcrumb\",\"itemListElement\":[{\"@type\":\"ListItem\",\"position\":1,\"name\":\"Accueil\",\"item\":\"https:\\\/\\\/www.reseau-entreprendre.org\\\/var\\\/\"},{\"@type\":\"ListItem\",\"position\":2,\"name\":\"Guillaume TERRET et Yohann COYET, laur\u00e9ats R\u00e9seau Entreprendre Var\"}]},{\"@type\":\"WebSite\",\"@id\":\"https:\\\/\\\/www.reseau-entreprendre.org\\\/var\\\/#website\",\"url\":\"https:\\\/\\\/www.reseau-entreprendre.org\\\/var\\\/\",\"name\":\"R\u00e9seau Entreprendre Var\",\"description\":\"Aucun entrepreneur ne doit rester seul \",\"potentialAction\":[{\"@type\":\"SearchAction\",\"target\":{\"@type\":\"EntryPoint\",\"urlTemplate\":\"https:\\\/\\\/www.reseau-entreprendre.org\\\/var\\\/?s={search_term_string}\"},\"query-input\":{\"@type\":\"PropertyValueSpecification\",\"valueRequired\":true,\"valueName\":\"search_term_string\"}}],\"inLanguage\":\"fr-FR\"},{\"@type\":\"Person\",\"@id\":\"https:\\\/\\\/www.reseau-entreprendre.org\\\/var\\\/#\\\/schema\\\/person\\\/0d0e7333e37726d8976f78ff495e5b8b\",\"name\":\"var\",\"image\":{\"@type\":\"ImageObject\",\"inLanguage\":\"fr-FR\",\"@id\":\"https:\\\/\\\/secure.gravatar.com\\\/avatar\\\/8e06d685baeb2300d7b99b9d383daff34cbe7bd209739a969ce600add70c41d4?s=96&d=mm&r=g\",\"url\":\"https:\\\/\\\/secure.gravatar.com\\\/avatar\\\/8e06d685baeb2300d7b99b9d383daff34cbe7bd209739a969ce600add70c41d4?s=96&d=mm&r=g\",\"contentUrl\":\"https:\\\/\\\/secure.gravatar.com\\\/avatar\\\/8e06d685baeb2300d7b99b9d383daff34cbe7bd209739a969ce600add70c41d4?s=96&d=mm&r=g\",\"caption\":\"var\"},\"url\":\"https:\\\/\\\/www.reseau-entreprendre.org\\\/var\\\/author\\\/var\\\/\"}]}<\/script>\n<!-- \/ Yoast SEO plugin. -->","yoast_head_json":{"title":"Guillaume TERRET et Yohann COYET, laur\u00e9ats R\u00e9seau Entreprendre Var - R\u00e9seau Entreprendre Var","robots":{"index":"index","follow":"follow","max-snippet":"max-snippet:-1","max-image-preview":"max-image-preview:large","max-video-preview":"max-video-preview:-1"},"canonical":"https:\/\/www.reseau-entreprendre.org\/var\/2020\/04\/20\/guillaume-terret-et-yohann-coyet-laureats-reseau-entreprendre-var\/","og_locale":"fr_FR","og_type":"article","og_title":"Guillaume TERRET et Yohann COYET, laur\u00e9ats R\u00e9seau Entreprendre Var - R\u00e9seau Entreprendre Var","og_description":"Le projet Le Bistrok est un restaurant dont le concept","og_url":"https:\/\/www.reseau-entreprendre.org\/var\/2020\/04\/20\/guillaume-terret-et-yohann-coyet-laureats-reseau-entreprendre-var\/","og_site_name":"R\u00e9seau Entreprendre Var","article_published_time":"2020-04-20T15:20:32+00:00","article_modified_time":"2022-04-13T08:52:20+00:00","og_image":[{"width":400,"height":228,"url":"https:\/\/www.reseau-entreprendre.org\/var\/wp-content\/uploads\/sites\/49\/2020\/04\/Le-Bistrok-e1587395987693.png","type":"image\/png"}],"author":"var","twitter_card":"summary_large_image","twitter_misc":{"\u00c9crit par":"var","Dur\u00e9e de lecture estim\u00e9e":"2 minutes"},"schema":{"@context":"https:\/\/schema.org","@graph":[{"@type":"Article","@id":"https:\/\/www.reseau-entreprendre.org\/var\/2020\/04\/20\/guillaume-terret-et-yohann-coyet-laureats-reseau-entreprendre-var\/#article","isPartOf":{"@id":"https:\/\/www.reseau-entreprendre.org\/var\/2020\/04\/20\/guillaume-terret-et-yohann-coyet-laureats-reseau-entreprendre-var\/"},"author":{"name":"var","@id":"https:\/\/www.reseau-entreprendre.org\/var\/#\/schema\/person\/0d0e7333e37726d8976f78ff495e5b8b"},"headline":"Guillaume TERRET et Yohann COYET, laur\u00e9ats R\u00e9seau Entreprendre Var","datePublished":"2020-04-20T15:20:32+00:00","dateModified":"2022-04-13T08:52:20+00:00","mainEntityOfPage":{"@id":"https:\/\/www.reseau-entreprendre.org\/var\/2020\/04\/20\/guillaume-terret-et-yohann-coyet-laureats-reseau-entreprendre-var\/"},"wordCount":328,"image":{"@id":"https:\/\/www.reseau-entreprendre.org\/var\/2020\/04\/20\/guillaume-terret-et-yohann-coyet-laureats-reseau-entreprendre-var\/#primaryimage"},"thumbnailUrl":"https:\/\/www.reseau-entreprendre.org\/var\/wp-content\/uploads\/sites\/49\/2020\/04\/Le-Bistrok-e1587395987693.png","articleSection":["T\u00e9moignages laur\u00e9ats"],"inLanguage":"fr-FR"},{"@type":"WebPage","@id":"https:\/\/www.reseau-entreprendre.org\/var\/2020\/04\/20\/guillaume-terret-et-yohann-coyet-laureats-reseau-entreprendre-var\/","url":"https:\/\/www.reseau-entreprendre.org\/var\/2020\/04\/20\/guillaume-terret-et-yohann-coyet-laureats-reseau-entreprendre-var\/","name":"Guillaume TERRET et Yohann COYET, laur\u00e9ats R\u00e9seau Entreprendre Var - R\u00e9seau Entreprendre Var","isPartOf":{"@id":"https:\/\/www.reseau-entreprendre.org\/var\/#website"},"primaryImageOfPage":{"@id":"https:\/\/www.reseau-entreprendre.org\/var\/2020\/04\/20\/guillaume-terret-et-yohann-coyet-laureats-reseau-entreprendre-var\/#primaryimage"},"image":{"@id":"https:\/\/www.reseau-entreprendre.org\/var\/2020\/04\/20\/guillaume-terret-et-yohann-coyet-laureats-reseau-entreprendre-var\/#primaryimage"},"thumbnailUrl":"https:\/\/www.reseau-entreprendre.org\/var\/wp-content\/uploads\/sites\/49\/2020\/04\/Le-Bistrok-e1587395987693.png","datePublished":"2020-04-20T15:20:32+00:00","dateModified":"2022-04-13T08:52:20+00:00","author":{"@id":"https:\/\/www.reseau-entreprendre.org\/var\/#\/schema\/person\/0d0e7333e37726d8976f78ff495e5b8b"},"breadcrumb":{"@id":"https:\/\/www.reseau-entreprendre.org\/var\/2020\/04\/20\/guillaume-terret-et-yohann-coyet-laureats-reseau-entreprendre-var\/#breadcrumb"},"inLanguage":"fr-FR","potentialAction":[{"@type":"ReadAction","target":["https:\/\/www.reseau-entreprendre.org\/var\/2020\/04\/20\/guillaume-terret-et-yohann-coyet-laureats-reseau-entreprendre-var\/"]}]},{"@type":"ImageObject","inLanguage":"fr-FR","@id":"https:\/\/www.reseau-entreprendre.org\/var\/2020\/04\/20\/guillaume-terret-et-yohann-coyet-laureats-reseau-entreprendre-var\/#primaryimage","url":"https:\/\/www.reseau-entreprendre.org\/var\/wp-content\/uploads\/sites\/49\/2020\/04\/Le-Bistrok-e1587395987693.png","contentUrl":"https:\/\/www.reseau-entreprendre.org\/var\/wp-content\/uploads\/sites\/49\/2020\/04\/Le-Bistrok-e1587395987693.png","width":400,"height":228},{"@type":"BreadcrumbList","@id":"https:\/\/www.reseau-entreprendre.org\/var\/2020\/04\/20\/guillaume-terret-et-yohann-coyet-laureats-reseau-entreprendre-var\/#breadcrumb","itemListElement":[{"@type":"ListItem","position":1,"name":"Accueil","item":"https:\/\/www.reseau-entreprendre.org\/var\/"},{"@type":"ListItem","position":2,"name":"Guillaume TERRET et Yohann COYET, laur\u00e9ats R\u00e9seau Entreprendre Var"}]},{"@type":"WebSite","@id":"https:\/\/www.reseau-entreprendre.org\/var\/#website","url":"https:\/\/www.reseau-entreprendre.org\/var\/","name":"R\u00e9seau Entreprendre Var","description":"Aucun entrepreneur ne doit rester seul ","potentialAction":[{"@type":"SearchAction","target":{"@type":"EntryPoint","urlTemplate":"https:\/\/www.reseau-entreprendre.org\/var\/?s={search_term_string}"},"query-input":{"@type":"PropertyValueSpecification","valueRequired":true,"valueName":"search_term_string"}}],"inLanguage":"fr-FR"},{"@type":"Person","@id":"https:\/\/www.reseau-entreprendre.org\/var\/#\/schema\/person\/0d0e7333e37726d8976f78ff495e5b8b","name":"var","image":{"@type":"ImageObject","inLanguage":"fr-FR","@id":"https:\/\/secure.gravatar.com\/avatar\/8e06d685baeb2300d7b99b9d383daff34cbe7bd209739a969ce600add70c41d4?s=96&d=mm&r=g","url":"https:\/\/secure.gravatar.com\/avatar\/8e06d685baeb2300d7b99b9d383daff34cbe7bd209739a969ce600add70c41d4?s=96&d=mm&r=g","contentUrl":"https:\/\/secure.gravatar.com\/avatar\/8e06d685baeb2300d7b99b9d383daff34cbe7bd209739a969ce600add70c41d4?s=96&d=mm&r=g","caption":"var"},"url":"https:\/\/www.reseau-entreprendre.org\/var\/author\/var\/"}]}},"_links":{"self":[{"href":"https:\/\/www.reseau-entreprendre.org\/var\/wp-json\/wp\/v2\/posts\/1123","targetHints":{"allow":["GET"]}}],"collection":[{"href":"https:\/\/www.reseau-entreprendre.org\/var\/wp-json\/wp\/v2\/posts"}],"about":[{"href":"https:\/\/www.reseau-entreprendre.org\/var\/wp-json\/wp\/v2\/types\/post"}],"author":[{"embeddable":true,"href":"https:\/\/www.reseau-entreprendre.org\/var\/wp-json\/wp\/v2\/users\/50"}],"replies":[{"embeddable":true,"href":"https:\/\/www.reseau-entreprendre.org\/var\/wp-json\/wp\/v2\/comments?post=1123"}],"version-history":[{"count":0,"href":"https:\/\/www.reseau-entreprendre.org\/var\/wp-json\/wp\/v2\/posts\/1123\/revisions"}],"wp:featuredmedia":[{"embeddable":true,"href":"https:\/\/www.reseau-entreprendre.org\/var\/wp-json\/wp\/v2\/media\/1125"}],"wp:attachment":[{"href":"https:\/\/www.reseau-entreprendre.org\/var\/wp-json\/wp\/v2\/media?parent=1123"}],"wp:term":[{"taxonomy":"category","embeddable":true,"href":"https:\/\/www.reseau-entreprendre.org\/var\/wp-json\/wp\/v2\/categories?post=1123"},{"taxonomy":"post_tag","embeddable":true,"href":"https:\/\/www.reseau-entreprendre.org\/var\/wp-json\/wp\/v2\/tags?post=1123"}],"curies":[{"name":"wp","href":"https:\/\/api.w.org\/{rel}","templated":true}]}}