{"id":934,"date":"2019-02-21T17:06:59","date_gmt":"2019-02-21T16:06:59","guid":{"rendered":"https:\/\/www.reseau-entreprendre.org\/var\/?p=934"},"modified":"2022-04-13T10:52:20","modified_gmt":"2022-04-13T08:52:20","slug":"thierry-carron-laureat-reseau-entreprendre-var","status":"publish","type":"post","link":"https:\/\/www.reseau-entreprendre.org\/var\/2019\/02\/21\/thierry-carron-laureat-reseau-entreprendre-var\/","title":{"rendered":"Thierry CARRON, laur\u00e9at R\u00e9seau Entreprendre Var"},"content":{"rendered":"<p><img loading=\"lazy\" decoding=\"async\" class=\"size-medium wp-image-877\" src=\"https:\/\/www.reseau-entreprendre.org\/var\/wp-content\/uploads\/sites\/49\/2019\/02\/2018-CARRON-Thierry-264x300.jpg\" alt=\"\" width=\"264\" height=\"300\" srcset=\"https:\/\/www.reseau-entreprendre.org\/var\/wp-content\/uploads\/sites\/49\/2019\/02\/2018-CARRON-Thierry-264x300.jpg 264w, https:\/\/www.reseau-entreprendre.org\/var\/wp-content\/uploads\/sites\/49\/2019\/02\/2018-CARRON-Thierry-768x871.jpg 768w, https:\/\/www.reseau-entreprendre.org\/var\/wp-content\/uploads\/sites\/49\/2019\/02\/2018-CARRON-Thierry-903x1024.jpg 903w, https:\/\/www.reseau-entreprendre.org\/var\/wp-content\/uploads\/sites\/49\/2019\/02\/2018-CARRON-Thierry.jpg 1220w\" sizes=\"auto, (max-width: 264px) 100vw, 264px\" \/><\/p>\n<p>&nbsp;<\/p>\n<p>L\u2019entreprise est sp\u00e9cialis\u00e9e dans la menuiserie aluminium, la fabrication des portes, fen\u00eatres, portails, v\u00e9randas, baies vitr\u00e9es et autres fermetures au c\u0153ur de son atelier \u00e0 Fr\u00e9jus. La soci\u00e9t\u00e9 Dieudonn\u00e9 est au service des particuliers et des professionnels. C\u2019est gr\u00e2ce \u00e0 la qualit\u00e9 de ses cr\u00e9ations et la durabilit\u00e9 de ses installations qu\u2019elle fait partie du r\u00e9seau C\u00f4t\u00e9 Baies.<\/p>\n<p>En savoir plus :\u00a0<a href=\"http:\/\/www.dieudonne-menuiserie-aluminium.com\/\" target=\"_blank\" rel=\"noopener noreferrer\">http:\/\/www.dieudonne-menuiserie-aluminium.com\/<\/a><\/p>\n","protected":false},"excerpt":{"rendered":"<p>&nbsp; L\u2019entreprise est sp\u00e9cialis\u00e9e dans la menuiserie aluminium, la fabrication<\/p>\n","protected":false},"author":50,"featured_media":907,"comment_status":"closed","ping_status":"open","sticky":false,"template":"","format":"standard","meta":{"_acf_changed":false,"_monsterinsights_skip_tracking":false,"_monsterinsights_sitenote_active":false,"_monsterinsights_sitenote_note":"","_monsterinsights_sitenote_category":0,"footnotes":""},"categories":[4],"tags":[],"class_list":["post-934","post","type-post","status-publish","format-standard","has-post-thumbnail","hentry","category-actualites","news"],"acf":[],"yoast_head":"<!-- This site is optimized with the Yoast SEO plugin v27.4 - https:\/\/yoast.com\/product\/yoast-seo-wordpress\/ -->\n<title>Thierry CARRON, laur\u00e9at R\u00e9seau Entreprendre Var - R\u00e9seau Entreprendre Var<\/title>\n<meta name=\"robots\" content=\"index, follow, max-snippet:-1, max-image-preview:large, max-video-preview:-1\" \/>\n<link rel=\"canonical\" href=\"https:\/\/www.reseau-entreprendre.org\/var\/2019\/02\/21\/thierry-carron-laureat-reseau-entreprendre-var\/\" \/>\n<meta property=\"og:locale\" content=\"fr_FR\" \/>\n<meta property=\"og:type\" content=\"article\" \/>\n<meta property=\"og:title\" content=\"Thierry CARRON, laur\u00e9at R\u00e9seau Entreprendre Var - R\u00e9seau Entreprendre Var\" \/>\n<meta property=\"og:description\" content=\"&nbsp; L\u2019entreprise est sp\u00e9cialis\u00e9e dans la menuiserie aluminium, la fabrication\" \/>\n<meta property=\"og:url\" content=\"https:\/\/www.reseau-entreprendre.org\/var\/2019\/02\/21\/thierry-carron-laureat-reseau-entreprendre-var\/\" \/>\n<meta property=\"og:site_name\" content=\"R\u00e9seau Entreprendre Var\" \/>\n<meta property=\"article:published_time\" content=\"2019-02-21T16:06:59+00:00\" \/>\n<meta property=\"article:modified_time\" content=\"2022-04-13T08:52:20+00:00\" \/>\n<meta property=\"og:image\" content=\"https:\/\/www.reseau-entreprendre.org\/var\/wp-content\/uploads\/sites\/49\/2019\/02\/CARRON-Thierry.jpg\" \/>\n\t<meta property=\"og:image:width\" content=\"1280\" \/>\n\t<meta property=\"og:image:height\" content=\"720\" \/>\n\t<meta property=\"og:image:type\" content=\"image\/jpeg\" \/>\n<meta name=\"author\" content=\"var\" \/>\n<meta name=\"twitter:card\" content=\"summary_large_image\" \/>\n<meta name=\"twitter:label1\" content=\"\u00c9crit par\" \/>\n\t<meta name=\"twitter:data1\" content=\"var\" \/>\n<script type=\"application\/ld+json\" class=\"yoast-schema-graph\">{\"@context\":\"https:\\\/\\\/schema.org\",\"@graph\":[{\"@type\":\"Article\",\"@id\":\"https:\\\/\\\/www.reseau-entreprendre.org\\\/var\\\/2019\\\/02\\\/21\\\/thierry-carron-laureat-reseau-entreprendre-var\\\/#article\",\"isPartOf\":{\"@id\":\"https:\\\/\\\/www.reseau-entreprendre.org\\\/var\\\/2019\\\/02\\\/21\\\/thierry-carron-laureat-reseau-entreprendre-var\\\/\"},\"author\":{\"name\":\"var\",\"@id\":\"https:\\\/\\\/www.reseau-entreprendre.org\\\/var\\\/#\\\/schema\\\/person\\\/0d0e7333e37726d8976f78ff495e5b8b\"},\"headline\":\"Thierry CARRON, laur\u00e9at R\u00e9seau Entreprendre Var\",\"datePublished\":\"2019-02-21T16:06:59+00:00\",\"dateModified\":\"2022-04-13T08:52:20+00:00\",\"mainEntityOfPage\":{\"@id\":\"https:\\\/\\\/www.reseau-entreprendre.org\\\/var\\\/2019\\\/02\\\/21\\\/thierry-carron-laureat-reseau-entreprendre-var\\\/\"},\"wordCount\":87,\"image\":{\"@id\":\"https:\\\/\\\/www.reseau-entreprendre.org\\\/var\\\/2019\\\/02\\\/21\\\/thierry-carron-laureat-reseau-entreprendre-var\\\/#primaryimage\"},\"thumbnailUrl\":\"https:\\\/\\\/www.reseau-entreprendre.org\\\/var\\\/wp-content\\\/uploads\\\/sites\\\/49\\\/2019\\\/02\\\/CARRON-Thierry.jpg\",\"articleSection\":[\"Actus\"],\"inLanguage\":\"fr-FR\"},{\"@type\":\"WebPage\",\"@id\":\"https:\\\/\\\/www.reseau-entreprendre.org\\\/var\\\/2019\\\/02\\\/21\\\/thierry-carron-laureat-reseau-entreprendre-var\\\/\",\"url\":\"https:\\\/\\\/www.reseau-entreprendre.org\\\/var\\\/2019\\\/02\\\/21\\\/thierry-carron-laureat-reseau-entreprendre-var\\\/\",\"name\":\"Thierry CARRON, laur\u00e9at R\u00e9seau Entreprendre Var - R\u00e9seau Entreprendre Var\",\"isPartOf\":{\"@id\":\"https:\\\/\\\/www.reseau-entreprendre.org\\\/var\\\/#website\"},\"primaryImageOfPage\":{\"@id\":\"https:\\\/\\\/www.reseau-entreprendre.org\\\/var\\\/2019\\\/02\\\/21\\\/thierry-carron-laureat-reseau-entreprendre-var\\\/#primaryimage\"},\"image\":{\"@id\":\"https:\\\/\\\/www.reseau-entreprendre.org\\\/var\\\/2019\\\/02\\\/21\\\/thierry-carron-laureat-reseau-entreprendre-var\\\/#primaryimage\"},\"thumbnailUrl\":\"https:\\\/\\\/www.reseau-entreprendre.org\\\/var\\\/wp-content\\\/uploads\\\/sites\\\/49\\\/2019\\\/02\\\/CARRON-Thierry.jpg\",\"datePublished\":\"2019-02-21T16:06:59+00:00\",\"dateModified\":\"2022-04-13T08:52:20+00:00\",\"author\":{\"@id\":\"https:\\\/\\\/www.reseau-entreprendre.org\\\/var\\\/#\\\/schema\\\/person\\\/0d0e7333e37726d8976f78ff495e5b8b\"},\"breadcrumb\":{\"@id\":\"https:\\\/\\\/www.reseau-entreprendre.org\\\/var\\\/2019\\\/02\\\/21\\\/thierry-carron-laureat-reseau-entreprendre-var\\\/#breadcrumb\"},\"inLanguage\":\"fr-FR\",\"potentialAction\":[{\"@type\":\"ReadAction\",\"target\":[\"https:\\\/\\\/www.reseau-entreprendre.org\\\/var\\\/2019\\\/02\\\/21\\\/thierry-carron-laureat-reseau-entreprendre-var\\\/\"]}]},{\"@type\":\"ImageObject\",\"inLanguage\":\"fr-FR\",\"@id\":\"https:\\\/\\\/www.reseau-entreprendre.org\\\/var\\\/2019\\\/02\\\/21\\\/thierry-carron-laureat-reseau-entreprendre-var\\\/#primaryimage\",\"url\":\"https:\\\/\\\/www.reseau-entreprendre.org\\\/var\\\/wp-content\\\/uploads\\\/sites\\\/49\\\/2019\\\/02\\\/CARRON-Thierry.jpg\",\"contentUrl\":\"https:\\\/\\\/www.reseau-entreprendre.org\\\/var\\\/wp-content\\\/uploads\\\/sites\\\/49\\\/2019\\\/02\\\/CARRON-Thierry.jpg\",\"width\":1280,\"height\":720},{\"@type\":\"BreadcrumbList\",\"@id\":\"https:\\\/\\\/www.reseau-entreprendre.org\\\/var\\\/2019\\\/02\\\/21\\\/thierry-carron-laureat-reseau-entreprendre-var\\\/#breadcrumb\",\"itemListElement\":[{\"@type\":\"ListItem\",\"position\":1,\"name\":\"Accueil\",\"item\":\"https:\\\/\\\/www.reseau-entreprendre.org\\\/var\\\/\"},{\"@type\":\"ListItem\",\"position\":2,\"name\":\"Thierry CARRON, laur\u00e9at R\u00e9seau Entreprendre Var\"}]},{\"@type\":\"WebSite\",\"@id\":\"https:\\\/\\\/www.reseau-entreprendre.org\\\/var\\\/#website\",\"url\":\"https:\\\/\\\/www.reseau-entreprendre.org\\\/var\\\/\",\"name\":\"R\u00e9seau Entreprendre Var\",\"description\":\"Aucun entrepreneur ne doit rester seul \",\"potentialAction\":[{\"@type\":\"SearchAction\",\"target\":{\"@type\":\"EntryPoint\",\"urlTemplate\":\"https:\\\/\\\/www.reseau-entreprendre.org\\\/var\\\/?s={search_term_string}\"},\"query-input\":{\"@type\":\"PropertyValueSpecification\",\"valueRequired\":true,\"valueName\":\"search_term_string\"}}],\"inLanguage\":\"fr-FR\"},{\"@type\":\"Person\",\"@id\":\"https:\\\/\\\/www.reseau-entreprendre.org\\\/var\\\/#\\\/schema\\\/person\\\/0d0e7333e37726d8976f78ff495e5b8b\",\"name\":\"var\",\"image\":{\"@type\":\"ImageObject\",\"inLanguage\":\"fr-FR\",\"@id\":\"https:\\\/\\\/secure.gravatar.com\\\/avatar\\\/8e06d685baeb2300d7b99b9d383daff34cbe7bd209739a969ce600add70c41d4?s=96&d=mm&r=g\",\"url\":\"https:\\\/\\\/secure.gravatar.com\\\/avatar\\\/8e06d685baeb2300d7b99b9d383daff34cbe7bd209739a969ce600add70c41d4?s=96&d=mm&r=g\",\"contentUrl\":\"https:\\\/\\\/secure.gravatar.com\\\/avatar\\\/8e06d685baeb2300d7b99b9d383daff34cbe7bd209739a969ce600add70c41d4?s=96&d=mm&r=g\",\"caption\":\"var\"},\"url\":\"https:\\\/\\\/www.reseau-entreprendre.org\\\/var\\\/author\\\/var\\\/\"}]}<\/script>\n<!-- \/ Yoast SEO plugin. -->","yoast_head_json":{"title":"Thierry CARRON, laur\u00e9at R\u00e9seau Entreprendre Var - R\u00e9seau Entreprendre Var","robots":{"index":"index","follow":"follow","max-snippet":"max-snippet:-1","max-image-preview":"max-image-preview:large","max-video-preview":"max-video-preview:-1"},"canonical":"https:\/\/www.reseau-entreprendre.org\/var\/2019\/02\/21\/thierry-carron-laureat-reseau-entreprendre-var\/","og_locale":"fr_FR","og_type":"article","og_title":"Thierry CARRON, laur\u00e9at R\u00e9seau Entreprendre Var - R\u00e9seau Entreprendre Var","og_description":"&nbsp; L\u2019entreprise est sp\u00e9cialis\u00e9e dans la menuiserie aluminium, la fabrication","og_url":"https:\/\/www.reseau-entreprendre.org\/var\/2019\/02\/21\/thierry-carron-laureat-reseau-entreprendre-var\/","og_site_name":"R\u00e9seau Entreprendre Var","article_published_time":"2019-02-21T16:06:59+00:00","article_modified_time":"2022-04-13T08:52:20+00:00","og_image":[{"width":1280,"height":720,"url":"https:\/\/www.reseau-entreprendre.org\/var\/wp-content\/uploads\/sites\/49\/2019\/02\/CARRON-Thierry.jpg","type":"image\/jpeg"}],"author":"var","twitter_card":"summary_large_image","twitter_misc":{"\u00c9crit par":"var"},"schema":{"@context":"https:\/\/schema.org","@graph":[{"@type":"Article","@id":"https:\/\/www.reseau-entreprendre.org\/var\/2019\/02\/21\/thierry-carron-laureat-reseau-entreprendre-var\/#article","isPartOf":{"@id":"https:\/\/www.reseau-entreprendre.org\/var\/2019\/02\/21\/thierry-carron-laureat-reseau-entreprendre-var\/"},"author":{"name":"var","@id":"https:\/\/www.reseau-entreprendre.org\/var\/#\/schema\/person\/0d0e7333e37726d8976f78ff495e5b8b"},"headline":"Thierry CARRON, laur\u00e9at R\u00e9seau Entreprendre Var","datePublished":"2019-02-21T16:06:59+00:00","dateModified":"2022-04-13T08:52:20+00:00","mainEntityOfPage":{"@id":"https:\/\/www.reseau-entreprendre.org\/var\/2019\/02\/21\/thierry-carron-laureat-reseau-entreprendre-var\/"},"wordCount":87,"image":{"@id":"https:\/\/www.reseau-entreprendre.org\/var\/2019\/02\/21\/thierry-carron-laureat-reseau-entreprendre-var\/#primaryimage"},"thumbnailUrl":"https:\/\/www.reseau-entreprendre.org\/var\/wp-content\/uploads\/sites\/49\/2019\/02\/CARRON-Thierry.jpg","articleSection":["Actus"],"inLanguage":"fr-FR"},{"@type":"WebPage","@id":"https:\/\/www.reseau-entreprendre.org\/var\/2019\/02\/21\/thierry-carron-laureat-reseau-entreprendre-var\/","url":"https:\/\/www.reseau-entreprendre.org\/var\/2019\/02\/21\/thierry-carron-laureat-reseau-entreprendre-var\/","name":"Thierry CARRON, laur\u00e9at R\u00e9seau Entreprendre Var - R\u00e9seau Entreprendre Var","isPartOf":{"@id":"https:\/\/www.reseau-entreprendre.org\/var\/#website"},"primaryImageOfPage":{"@id":"https:\/\/www.reseau-entreprendre.org\/var\/2019\/02\/21\/thierry-carron-laureat-reseau-entreprendre-var\/#primaryimage"},"image":{"@id":"https:\/\/www.reseau-entreprendre.org\/var\/2019\/02\/21\/thierry-carron-laureat-reseau-entreprendre-var\/#primaryimage"},"thumbnailUrl":"https:\/\/www.reseau-entreprendre.org\/var\/wp-content\/uploads\/sites\/49\/2019\/02\/CARRON-Thierry.jpg","datePublished":"2019-02-21T16:06:59+00:00","dateModified":"2022-04-13T08:52:20+00:00","author":{"@id":"https:\/\/www.reseau-entreprendre.org\/var\/#\/schema\/person\/0d0e7333e37726d8976f78ff495e5b8b"},"breadcrumb":{"@id":"https:\/\/www.reseau-entreprendre.org\/var\/2019\/02\/21\/thierry-carron-laureat-reseau-entreprendre-var\/#breadcrumb"},"inLanguage":"fr-FR","potentialAction":[{"@type":"ReadAction","target":["https:\/\/www.reseau-entreprendre.org\/var\/2019\/02\/21\/thierry-carron-laureat-reseau-entreprendre-var\/"]}]},{"@type":"ImageObject","inLanguage":"fr-FR","@id":"https:\/\/www.reseau-entreprendre.org\/var\/2019\/02\/21\/thierry-carron-laureat-reseau-entreprendre-var\/#primaryimage","url":"https:\/\/www.reseau-entreprendre.org\/var\/wp-content\/uploads\/sites\/49\/2019\/02\/CARRON-Thierry.jpg","contentUrl":"https:\/\/www.reseau-entreprendre.org\/var\/wp-content\/uploads\/sites\/49\/2019\/02\/CARRON-Thierry.jpg","width":1280,"height":720},{"@type":"BreadcrumbList","@id":"https:\/\/www.reseau-entreprendre.org\/var\/2019\/02\/21\/thierry-carron-laureat-reseau-entreprendre-var\/#breadcrumb","itemListElement":[{"@type":"ListItem","position":1,"name":"Accueil","item":"https:\/\/www.reseau-entreprendre.org\/var\/"},{"@type":"ListItem","position":2,"name":"Thierry CARRON, laur\u00e9at R\u00e9seau Entreprendre Var"}]},{"@type":"WebSite","@id":"https:\/\/www.reseau-entreprendre.org\/var\/#website","url":"https:\/\/www.reseau-entreprendre.org\/var\/","name":"R\u00e9seau Entreprendre Var","description":"Aucun entrepreneur ne doit rester seul ","potentialAction":[{"@type":"SearchAction","target":{"@type":"EntryPoint","urlTemplate":"https:\/\/www.reseau-entreprendre.org\/var\/?s={search_term_string}"},"query-input":{"@type":"PropertyValueSpecification","valueRequired":true,"valueName":"search_term_string"}}],"inLanguage":"fr-FR"},{"@type":"Person","@id":"https:\/\/www.reseau-entreprendre.org\/var\/#\/schema\/person\/0d0e7333e37726d8976f78ff495e5b8b","name":"var","image":{"@type":"ImageObject","inLanguage":"fr-FR","@id":"https:\/\/secure.gravatar.com\/avatar\/8e06d685baeb2300d7b99b9d383daff34cbe7bd209739a969ce600add70c41d4?s=96&d=mm&r=g","url":"https:\/\/secure.gravatar.com\/avatar\/8e06d685baeb2300d7b99b9d383daff34cbe7bd209739a969ce600add70c41d4?s=96&d=mm&r=g","contentUrl":"https:\/\/secure.gravatar.com\/avatar\/8e06d685baeb2300d7b99b9d383daff34cbe7bd209739a969ce600add70c41d4?s=96&d=mm&r=g","caption":"var"},"url":"https:\/\/www.reseau-entreprendre.org\/var\/author\/var\/"}]}},"_links":{"self":[{"href":"https:\/\/www.reseau-entreprendre.org\/var\/wp-json\/wp\/v2\/posts\/934","targetHints":{"allow":["GET"]}}],"collection":[{"href":"https:\/\/www.reseau-entreprendre.org\/var\/wp-json\/wp\/v2\/posts"}],"about":[{"href":"https:\/\/www.reseau-entreprendre.org\/var\/wp-json\/wp\/v2\/types\/post"}],"author":[{"embeddable":true,"href":"https:\/\/www.reseau-entreprendre.org\/var\/wp-json\/wp\/v2\/users\/50"}],"replies":[{"embeddable":true,"href":"https:\/\/www.reseau-entreprendre.org\/var\/wp-json\/wp\/v2\/comments?post=934"}],"version-history":[{"count":0,"href":"https:\/\/www.reseau-entreprendre.org\/var\/wp-json\/wp\/v2\/posts\/934\/revisions"}],"wp:featuredmedia":[{"embeddable":true,"href":"https:\/\/www.reseau-entreprendre.org\/var\/wp-json\/wp\/v2\/media\/907"}],"wp:attachment":[{"href":"https:\/\/www.reseau-entreprendre.org\/var\/wp-json\/wp\/v2\/media?parent=934"}],"wp:term":[{"taxonomy":"category","embeddable":true,"href":"https:\/\/www.reseau-entreprendre.org\/var\/wp-json\/wp\/v2\/categories?post=934"},{"taxonomy":"post_tag","embeddable":true,"href":"https:\/\/www.reseau-entreprendre.org\/var\/wp-json\/wp\/v2\/tags?post=934"}],"curies":[{"name":"wp","href":"https:\/\/api.w.org\/{rel}","templated":true}]}}