{"id":973,"date":"2020-04-20T16:09:33","date_gmt":"2020-04-20T14:09:33","guid":{"rendered":"https:\/\/www.reseau-entreprendre.org\/var\/?p=973"},"modified":"2022-04-13T10:52:20","modified_gmt":"2022-04-13T08:52:20","slug":"adeline-et-thadee-de-slizewicz-laureats-de-reseau-entreprendre-var","status":"publish","type":"post","link":"https:\/\/www.reseau-entreprendre.org\/var\/2020\/04\/20\/adeline-et-thadee-de-slizewicz-laureats-de-reseau-entreprendre-var\/","title":{"rendered":"Adeline et Thad\u00e9e DE SLIZEWICZ, Laur\u00e9ats de R\u00e9seau Entreprendre Var"},"content":{"rendered":"<h3 style=\"text-align: justify\"><strong>Il suffit de quelques minutes d\u2019\u00e9change pour saisir qu\u2019Adeline de Slizewicz est passionn\u00e9e par ses produits et par l\u2019aventure entrepreneuriale ! Rencontre avec cette dirigeante qui allie ambition de croissance et attention \u00e0 la qualit\u00e9.<\/strong><\/h3>\n<p>&nbsp;<\/p>\n<p style=\"text-align: justify\"><strong>R\u00e9seau Entreprendre : Comment est n\u00e9e l\u2019entreprise Tad\u00e9 ?<\/strong><\/p>\n<p style=\"text-align: justify\">L\u2019histoire de Tad\u00e9, c\u2019est au d\u00e9part celle d\u2019une rencontre entre Thadd\u00e9e de Slizewicz, mon mari, et la M\u00e9diterran\u00e9e levantine. Une passion qui c\u00e9l\u00e8bre la cosm\u00e9tique et l\u2019art de vivre m\u00e9diterran\u00e9ens.<\/p>\n<p style=\"text-align: justify\">Son produit phare, le fameux Savon d\u2019Alep, il l\u2019a rapport\u00e9 dans ses bagages, en 1994 apr\u00e8s deux ann\u00e9es pass\u00e9es \u00e0 Alep. Nous l\u2019avons baptis\u00e9 Savon d\u2019Alep, en r\u00e9f\u00e9rence \u00e0 son cousin marseillais. Une d\u00e9nomination devenue gage de qualit\u00e9.<\/p>\n<p style=\"text-align: justify\">Progressivement nous avons \u00e9toff\u00e9 les gammes avec des produits et objets ayant une \u00e2me et une histoire. Ils sont tous \u00e9labor\u00e9s aux c\u00f4t\u00e9s d\u2019artisans locaux et dans le respect des savoir-faire ancestraux.<\/p>\n<p style=\"text-align: justify\"><strong>R.E\u00a0: L\u2019aventure entrepreneuriale a commenc\u00e9 il y a un peu plus de 20 ans. Quel regard portez-vous sur votre parcours\u00a0?<\/strong><\/p>\n<p style=\"text-align: justify\">Nous nous sommes s\u00fbrement lanc\u00e9s avec inconscience dans le d\u00e9fi qui fut le n\u00f4tre. Mais notre aventure a surtout \u00e9t\u00e9 celle d\u2019hommes et de femmes qui ont su traduire notre vision et notre intuition.<\/p>\n<p style=\"text-align: justify\">En effet, nous nous sommes plong\u00e9s, sans mauvais jeu de mot, dans le bain du savon, sans expertise, mais avec un amour du produit vrai et une vision forte. \u00a0La marque a \u00e9t\u00e9 pens\u00e9e pour r\u00e9pondre \u00e0 cette exigence de produits bons pour l\u2019homme et compos\u00e9s d\u2019ingr\u00e9dients naturels.<\/p>\n<p style=\"text-align: justify\">Nous sommes fiers d\u2019avoir particip\u00e9 \u00e0 cette renaissance du savon cuit au chaudron en discontinu qu\u2019il soit de Marseille ou d\u2019Alep. L\u2019engouement est aujourd\u2019hui tr\u00e8s fort et Tad\u00e9, avec son \u00ab Pain d\u2019Alep \u00bb a contribu\u00e9 \u00e0 cette notori\u00e9t\u00e9 retrouv\u00e9e.<\/p>\n<p style=\"text-align: justify\">Pendant les 18 premi\u00e8res ann\u00e9es, Tad\u00e9 a connu une croissance progressive et constante. En 2012, avec une \u00e9quipe de 24 collaborateurs en France et 45 en Syrie, l\u2019entreprise r\u00e9alisait un CA de 3.5 M \u20ac. Mais la guerre en Syrie a stopp\u00e9 nette cette croissance, et l\u2019aventure entrepreneuriale a bien failli \u00eatre arr\u00eat\u00e9e. Nous avons perdu notre entrep\u00f4t \u00e0 Alep, et avec la plupart de nos approvisionnements. Nous avons pu tenir gr\u00e2ce aux stocks importants en France, constitu\u00e9s avec nos fournisseurs pendant toutes ces ann\u00e9es, le temps qu\u2019une nouvelle production soit \u00e0 nouveau possible. Puis, nous avons pu relancer la production sur place et avons toujours gard\u00e9 une fabrication en Syrie de l\u2019authentique Savon d\u2019Alep.<\/p>\n<div class=\"\" style=\"text-align: justify\">\n<div class=\"description re-quotes big\" style=\"text-align: center\">La guerre en Syrie a stopp\u00e9 nette cette croissance, et l\u2019aventure entrepreneuriale a bien failli \u00eatre arr\u00eat\u00e9<\/div>\n<div class=\"tweet\"><\/div>\n<\/div>\n<p style=\"text-align: justify\">Le soutien de chefs d\u2019entreprise qui nous ont fait confiance nous a permis de traverser ces moments tr\u00e8s difficiles.<\/p>\n<p style=\"text-align: justify\">La guerre nous a fait perdre 30% de chiffre d\u2019affaires mais notre passion et volont\u00e9 de soutenir certains de nos anciens partenaires rest\u00e9s sur place, nous a donn\u00e9 l\u2019\u00e9nergie de continuer notre activit\u00e9.<\/p>\n<p style=\"text-align: justify\">La guerre laisse des traces, et des traces tr\u00e8s douloureuses. Au professionnel se m\u00eale l\u2019intime et il n\u2019est pas facile d\u2019en parler. C\u2019est une exp\u00e9rience particuli\u00e8re et unique. Dans ce parcours atypique, nous pouvons constater, avec un recul certain, que le d\u00e9fi humain est toujours le plus complexe \u00e0 relever.<\/p>\n<p style=\"text-align: justify\">Aujourd\u2019hui, Tad\u00e9 c\u2019est presque\u00a0 3 millions de chiffre d\u2019affaires, avec 12 salari\u00e9s.<\/p>\n<div class=\"\" style=\"text-align: justify\">\n<div class=\"description re-quotes big\" style=\"text-align: center\">Aujourd\u2019hui, Tad\u00e9 c\u2019est presque\u00a0 3 millions de chiffre d\u2019affaires, avec 12 salari\u00e9s<\/div>\n<div class=\"tweet\"><\/div>\n<\/div>\n<p style=\"text-align: justify\"><em>\u00a0<\/em><strong>R.E\u00a0: Vous parlez d\u2019aventure entrepreneuriale collective\u00a0; c\u2019est d\u2019abord en couple qu\u2019elle a d\u00e9marr\u00e9. Atout ou difficult\u00e9 ?<\/strong><\/p>\n<p style=\"text-align: justify\">On nous avait conseill\u00e9 il y a quelques ann\u00e9es, de r\u00e9aliser un profil de comportement pour mieux nous conna\u00eetre, tant nos temp\u00e9raments, qualifi\u00e9s de \u00ab\u00a0feu &amp; d\u2019eau\u00a0\u00bb, \u00e9taient divergents. Le r\u00e9sultat ne fut gu\u00e8re surprenant\u00a0: l\u2019un \u00e9tait rouge avec un profil de directeur r\u00e9formateur et l\u2019autre jaune, avec un profil radicalement oppos\u00e9 de cr\u00e9atif.\u00a0 En d\u2019autres termes une \u00ab\u00a0passionn\u00e9e\u00a0\u00bb bien terre \u00e0 terre et un \u00ab\u00a0proph\u00e8te\u00a0\u00bb dans son domaine. Notre compl\u00e9mentarit\u00e9 est le socle de Tad\u00e9, r\u00e9unie dans une vision commune.<\/p>\n<p style=\"text-align: justify\">Assez naturellement l\u2019un embrasse les produits, leurs d\u00e9veloppements, la qualit\u00e9 et la r\u00e9glementation, et l\u2019identit\u00e9, quand l\u2019autre s\u2019occupe des finances, de l\u2019administration et du social.<\/p>\n<p style=\"text-align: justify\">Nous pouvons dire avec tout ce que nous avons travers\u00e9, que Tad\u00e9 a d\u00e9marr\u00e9 en couple, mais a perdur\u00e9 gr\u00e2ce \u00e0 un couple \u00e0 sa t\u00eate.<\/p>\n<p style=\"text-align: justify\">La grande adversit\u00e9 r\u00e9v\u00e8le nos qualit\u00e9s et surtout nos faiblesses. Peut-\u00eatre que sans ce lien, il aurait \u00e9t\u00e9 difficile de les d\u00e9passer. Cette humilit\u00e9 acquise dans le d\u00e9pouillement, si elle ne s\u2019est pas faite simultan\u00e9ment, nous a toujours permis de nous \u00e9pauler mieux que quiconque.<\/p>\n<p style=\"text-align: justify\">Nous avons eu des moments de doute, mais nous sommes convaincus aujourd\u2019hui que c\u2019est bien ensemble, et avec une \u00e9quipe, que nous avons r\u00e9ussi \u00e0 relever ce d\u00e9fi.<\/p>\n<p style=\"text-align: justify\"><strong>R.E\u00a0: Vous avez sollicit\u00e9 l\u2019accompagnement de R\u00e9seau Entreprendre. Pourquoi\u00a0?<\/strong><\/p>\n<p style=\"text-align: justify\">Apr\u00e8s les difficult\u00e9s \u00e9voqu\u00e9es, Tad\u00e9 repartait sur un nouveau plan de croissance, en 2014 avec une n\u00e9cessaire structuration financi\u00e8re. Nous \u00e9tions approch\u00e9s par des fonds,\u00a0mais notre situation plut\u00f4t saine, nous permettait de pouvoir compter sur des fonds bancaires pour notre d\u00e9veloppement.<\/p>\n<p style=\"text-align: justify\">Nous avions besoin d\u2019autre chose et devions trouver des ressources externes qui puissent nous \u00e9couter et conforter notre vision.<\/p>\n<p style=\"text-align: justify\">En d\u00e9couvrant le parcours Ambition de R\u00e9seau Entreprendre, bas\u00e9 sur le partage d\u2019exp\u00e9riences de chefs d\u2019entreprise, l\u2019accompagnement dans la dur\u00e9e (3 ans) je me suis imm\u00e9diatement retrouv\u00e9e dans les valeurs de R\u00e9seau Entreprendre et j\u2019ai su que ce programme \u00e9tait fait pour Tad\u00e9\u00a0:<\/p>\n<ul style=\"text-align: justify\">\n<li>Renforcer notre posture de chef d\u2019entreprise de croissance<\/li>\n<li>Garder align\u00e9es strat\u00e9gie de croissance et ex\u00e9cution op\u00e9rationnelle<\/li>\n<li>Mettre en place une gouvernance d\u2019entreprise choisie et responsable<\/li>\n<\/ul>\n<div class=\"\" style=\"text-align: justify\">\n<div class=\"description re-quotes big\" style=\"text-align: center\">je me suis imm\u00e9diatement retrouv\u00e9e dans les valeurs de R\u00e9seau Entreprendre<\/div>\n<div class=\"tweet\"><\/div>\n<\/div>\n<p style=\"text-align: justify\"><strong>R.E\u00a0: Comment R\u00e9seau Entreprendre vous est-il utile\u00a0?<\/strong><\/p>\n<p style=\"text-align: justify\">Gr\u00e2ce au parcours Ambition de R\u00e9seau Entreprendre, nous r\u00e9alisons un vrai travail sur notre strat\u00e9gie et les r\u00e9ponses \u00e0 apporter \u00e0 nos enjeux de croissance. \u00a0Nous sommes oblig\u00e9s de nous remettre en question, et cela nous permet de piloter avec plus de recul.<\/p>\n<div class=\"\" style=\"text-align: justify\">\n<div class=\"description re-quotes big\" style=\"text-align: center\">Gr\u00e2ce au parcours Ambition de R\u00e9seau Entreprendre, nous r\u00e9alisons un vrai travail sur notre strat\u00e9gie<\/div>\n<div class=\"tweet\"><\/div>\n<\/div>\n<p style=\"text-align: justify\">Nous b\u00e9n\u00e9ficions d\u2019un comit\u00e9 d\u2019accompagnement, compos\u00e9 exclusivement de chefs d\u2019entreprise b\u00e9n\u00e9voles, qui se r\u00e9unit tous les trois mois. Nous sommes extr\u00eamement g\u00e2t\u00e9s des comp\u00e9tences, de l\u2019engagement et de la diversit\u00e9 des profils des quatre chefs d\u2019entreprise accompagnateurs !<\/p>\n<div class=\"\" style=\"text-align: justify\">\n<div class=\"description re-quotes big\" style=\"text-align: center\">Nous b\u00e9n\u00e9ficions d\u2019un comit\u00e9 d\u2019accompagnement, compos\u00e9 exclusivement de chefs d\u2019entreprise b\u00e9n\u00e9voles<\/div>\n<div class=\"tweet\"><\/div>\n<\/div>\n<p style=\"text-align: justify\">Ces dirigeants connaissent la r\u00e9alit\u00e9 du m\u00e9tier\u00a0et savent mettre le doigt sur les vrais sujets, poser les bonnes questions et nous aider \u00e0 accoucher des d\u00e9cisions incontournables. La r\u00e9solution de notre probl\u00e8me de gouvernance, f\u00fbt un point cl\u00e9\u00a0qui nous a permis de poursuivre notre d\u00e9veloppement sereinement.<\/p>\n<p style=\"text-align: justify\">En parall\u00e8le, R\u00e9seau Entreprendre nous a fait travailler sur les valeurs de l\u2019entreprise. Nous avons ainsi confort\u00e9 l\u2019identit\u00e9 de l\u2019entreprise. Ce travail est un bon r\u00e9gulateur et une aide \u00e0 la d\u00e9cision.<\/p>\n<p style=\"text-align: justify\">La mise en r\u00e9seau est \u00e9galement un \u00e9l\u00e9ment tr\u00e8s int\u00e9ressant chez R\u00e9seau Entreprendre. Nous avons trouv\u00e9 des ressources pr\u00e9cieuses au-del\u00e0 de nos accompagnateurs.<\/p>\n<p style=\"text-align: justify\">Nos interlocuteurs ont les m\u00eames probl\u00e9matiques, la relation humaine y est forte\u00a0!<\/p>\n<div class=\"\" style=\"text-align: justify\">\n<div class=\"description re-quotes big\" style=\"text-align: center\">Nos interlocuteurs ont les m\u00eames probl\u00e9matiques, la relation humaine y est forte !<\/div>\n<div class=\"tweet\"><\/div>\n<\/div>\n<p style=\"text-align: justify\"><strong>R.E\u00a0: On \u00e9voque souvent l\u2019accompagnement \u00e0 la cr\u00e9ation\u00a0; beaucoup moins pour le d\u00e9veloppement. Pensez-vous qu\u2019il soit aussi essentiel\u00a0?<\/strong><\/p>\n<p style=\"text-align: justify\">Le cr\u00e9ateur d\u2019entreprise n\u2019est pas forc\u00e9ment un d\u00e9veloppeur. En tant que chef d\u2019entreprise, il faut sans cesse r\u00e9inventer son m\u00e9tier. L\u2019\u0153il externe et d\u00e9sint\u00e9ress\u00e9 du b\u00e9n\u00e9vole accompagnateur est n\u00e9cessaire dans cette p\u00e9riode. D\u2019exp\u00e9rience, nous avons appris que rien ne remplace le conseil gratuit d\u2019un pair qui est pass\u00e9 ou qui passe, par les m\u00eames probl\u00e9matiques, plut\u00f4t que par un conseil, qui n\u2019a pas v\u00e9cu la situation.<\/p>\n<div class=\"\" style=\"text-align: justify\">\n<div class=\"description re-quotes big\" style=\"text-align: center\">L\u2019\u0153il externe et d\u00e9sint\u00e9ress\u00e9 du b\u00e9n\u00e9vole accompagnateur est n\u00e9cessaire<\/div>\n<div class=\"tweet\"><\/div>\n<\/div>\n<p style=\"text-align: justify\">De fa\u00e7on plus g\u00e9n\u00e9rale, l\u2019isolement du chef d\u2019entreprise est toujours un danger, donc l\u2019accompagnement est aussi utile en d\u00e9veloppement, qu\u2019en cr\u00e9ation.<\/p>\n<p style=\"text-align: justify\">Une entreprise, c\u2019est une histoire collective\u00a0: il faut s\u2019entourer\u00a0! Il faut s\u2019entourer aussi de personnes externes, qui portent un regard plus distant et critique, plus \u00e9quilibr\u00e9 et juste.<\/p>\n<div class=\"\" style=\"text-align: justify\">\n<div class=\"description re-quotes big\" style=\"text-align: center\">Une entreprise, c\u2019est une histoire collective : il faut s\u2019entourer !<\/div>\n<div class=\"tweet\"><\/div>\n<\/div>\n<p style=\"text-align: justify\">Nous remercions R\u00e9seau Entreprendre qui correspond \u00e0 une vraie n\u00e9cessit\u00e9 du chef d\u2019entreprise et de l\u2019entreprise !<\/p>\n<h5 style=\"text-align: justify\"><\/h5>\n","protected":false},"excerpt":{"rendered":"<p>Il suffit de quelques minutes d\u2019\u00e9change pour saisir qu\u2019Adeline de<\/p>\n","protected":false},"author":50,"featured_media":1098,"comment_status":"closed","ping_status":"open","sticky":false,"template":"","format":"standard","meta":{"_acf_changed":false,"_monsterinsights_skip_tracking":false,"_monsterinsights_sitenote_active":false,"_monsterinsights_sitenote_note":"","_monsterinsights_sitenote_category":0,"footnotes":""},"categories":[4],"tags":[],"class_list":["post-973","post","type-post","status-publish","format-standard","has-post-thumbnail","hentry","category-actualites","news"],"acf":[],"yoast_head":"<!-- This site is optimized with the Yoast SEO plugin v27.4 - https:\/\/yoast.com\/product\/yoast-seo-wordpress\/ -->\n<title>Adeline et Thad\u00e9e DE SLIZEWICZ, Laur\u00e9ats de R\u00e9seau Entreprendre Var - R\u00e9seau Entreprendre Var<\/title>\n<meta name=\"robots\" content=\"index, follow, max-snippet:-1, max-image-preview:large, max-video-preview:-1\" \/>\n<link rel=\"canonical\" href=\"https:\/\/www.reseau-entreprendre.org\/var\/2020\/04\/20\/adeline-et-thadee-de-slizewicz-laureats-de-reseau-entreprendre-var\/\" \/>\n<meta property=\"og:locale\" content=\"fr_FR\" \/>\n<meta property=\"og:type\" content=\"article\" \/>\n<meta property=\"og:title\" content=\"Adeline et Thad\u00e9e DE SLIZEWICZ, Laur\u00e9ats de R\u00e9seau Entreprendre Var - R\u00e9seau Entreprendre Var\" \/>\n<meta property=\"og:description\" content=\"Il suffit de quelques minutes d\u2019\u00e9change pour saisir qu\u2019Adeline de\" \/>\n<meta property=\"og:url\" content=\"https:\/\/www.reseau-entreprendre.org\/var\/2020\/04\/20\/adeline-et-thadee-de-slizewicz-laureats-de-reseau-entreprendre-var\/\" \/>\n<meta property=\"og:site_name\" content=\"R\u00e9seau Entreprendre Var\" \/>\n<meta property=\"article:published_time\" content=\"2020-04-20T14:09:33+00:00\" \/>\n<meta property=\"article:modified_time\" content=\"2022-04-13T08:52:20+00:00\" \/>\n<meta property=\"og:image\" content=\"https:\/\/www.reseau-entreprendre.org\/var\/wp-content\/uploads\/sites\/49\/2020\/04\/2018-DE-SLIZEWICZ-A-T.jpg\" \/>\n\t<meta property=\"og:image:width\" content=\"1000\" \/>\n\t<meta property=\"og:image:height\" content=\"902\" \/>\n\t<meta property=\"og:image:type\" content=\"image\/jpeg\" \/>\n<meta name=\"author\" content=\"var\" \/>\n<meta name=\"twitter:card\" content=\"summary_large_image\" \/>\n<meta name=\"twitter:label1\" content=\"\u00c9crit par\" \/>\n\t<meta name=\"twitter:data1\" content=\"var\" \/>\n\t<meta name=\"twitter:label2\" content=\"Dur\u00e9e de lecture estim\u00e9e\" \/>\n\t<meta name=\"twitter:data2\" content=\"8 minutes\" \/>\n<script type=\"application\/ld+json\" class=\"yoast-schema-graph\">{\"@context\":\"https:\\\/\\\/schema.org\",\"@graph\":[{\"@type\":\"Article\",\"@id\":\"https:\\\/\\\/www.reseau-entreprendre.org\\\/var\\\/2020\\\/04\\\/20\\\/adeline-et-thadee-de-slizewicz-laureats-de-reseau-entreprendre-var\\\/#article\",\"isPartOf\":{\"@id\":\"https:\\\/\\\/www.reseau-entreprendre.org\\\/var\\\/2020\\\/04\\\/20\\\/adeline-et-thadee-de-slizewicz-laureats-de-reseau-entreprendre-var\\\/\"},\"author\":{\"name\":\"var\",\"@id\":\"https:\\\/\\\/www.reseau-entreprendre.org\\\/var\\\/#\\\/schema\\\/person\\\/0d0e7333e37726d8976f78ff495e5b8b\"},\"headline\":\"Adeline et Thad\u00e9e DE SLIZEWICZ, Laur\u00e9ats de R\u00e9seau Entreprendre Var\",\"datePublished\":\"2020-04-20T14:09:33+00:00\",\"dateModified\":\"2022-04-13T08:52:20+00:00\",\"mainEntityOfPage\":{\"@id\":\"https:\\\/\\\/www.reseau-entreprendre.org\\\/var\\\/2020\\\/04\\\/20\\\/adeline-et-thadee-de-slizewicz-laureats-de-reseau-entreprendre-var\\\/\"},\"wordCount\":1577,\"image\":{\"@id\":\"https:\\\/\\\/www.reseau-entreprendre.org\\\/var\\\/2020\\\/04\\\/20\\\/adeline-et-thadee-de-slizewicz-laureats-de-reseau-entreprendre-var\\\/#primaryimage\"},\"thumbnailUrl\":\"https:\\\/\\\/www.reseau-entreprendre.org\\\/var\\\/wp-content\\\/uploads\\\/sites\\\/49\\\/2020\\\/04\\\/2018-DE-SLIZEWICZ-A-T.jpg\",\"articleSection\":[\"Actus\"],\"inLanguage\":\"fr-FR\"},{\"@type\":\"WebPage\",\"@id\":\"https:\\\/\\\/www.reseau-entreprendre.org\\\/var\\\/2020\\\/04\\\/20\\\/adeline-et-thadee-de-slizewicz-laureats-de-reseau-entreprendre-var\\\/\",\"url\":\"https:\\\/\\\/www.reseau-entreprendre.org\\\/var\\\/2020\\\/04\\\/20\\\/adeline-et-thadee-de-slizewicz-laureats-de-reseau-entreprendre-var\\\/\",\"name\":\"Adeline et Thad\u00e9e DE SLIZEWICZ, Laur\u00e9ats de R\u00e9seau Entreprendre Var - R\u00e9seau Entreprendre Var\",\"isPartOf\":{\"@id\":\"https:\\\/\\\/www.reseau-entreprendre.org\\\/var\\\/#website\"},\"primaryImageOfPage\":{\"@id\":\"https:\\\/\\\/www.reseau-entreprendre.org\\\/var\\\/2020\\\/04\\\/20\\\/adeline-et-thadee-de-slizewicz-laureats-de-reseau-entreprendre-var\\\/#primaryimage\"},\"image\":{\"@id\":\"https:\\\/\\\/www.reseau-entreprendre.org\\\/var\\\/2020\\\/04\\\/20\\\/adeline-et-thadee-de-slizewicz-laureats-de-reseau-entreprendre-var\\\/#primaryimage\"},\"thumbnailUrl\":\"https:\\\/\\\/www.reseau-entreprendre.org\\\/var\\\/wp-content\\\/uploads\\\/sites\\\/49\\\/2020\\\/04\\\/2018-DE-SLIZEWICZ-A-T.jpg\",\"datePublished\":\"2020-04-20T14:09:33+00:00\",\"dateModified\":\"2022-04-13T08:52:20+00:00\",\"author\":{\"@id\":\"https:\\\/\\\/www.reseau-entreprendre.org\\\/var\\\/#\\\/schema\\\/person\\\/0d0e7333e37726d8976f78ff495e5b8b\"},\"breadcrumb\":{\"@id\":\"https:\\\/\\\/www.reseau-entreprendre.org\\\/var\\\/2020\\\/04\\\/20\\\/adeline-et-thadee-de-slizewicz-laureats-de-reseau-entreprendre-var\\\/#breadcrumb\"},\"inLanguage\":\"fr-FR\",\"potentialAction\":[{\"@type\":\"ReadAction\",\"target\":[\"https:\\\/\\\/www.reseau-entreprendre.org\\\/var\\\/2020\\\/04\\\/20\\\/adeline-et-thadee-de-slizewicz-laureats-de-reseau-entreprendre-var\\\/\"]}]},{\"@type\":\"ImageObject\",\"inLanguage\":\"fr-FR\",\"@id\":\"https:\\\/\\\/www.reseau-entreprendre.org\\\/var\\\/2020\\\/04\\\/20\\\/adeline-et-thadee-de-slizewicz-laureats-de-reseau-entreprendre-var\\\/#primaryimage\",\"url\":\"https:\\\/\\\/www.reseau-entreprendre.org\\\/var\\\/wp-content\\\/uploads\\\/sites\\\/49\\\/2020\\\/04\\\/2018-DE-SLIZEWICZ-A-T.jpg\",\"contentUrl\":\"https:\\\/\\\/www.reseau-entreprendre.org\\\/var\\\/wp-content\\\/uploads\\\/sites\\\/49\\\/2020\\\/04\\\/2018-DE-SLIZEWICZ-A-T.jpg\",\"width\":1000,\"height\":902},{\"@type\":\"BreadcrumbList\",\"@id\":\"https:\\\/\\\/www.reseau-entreprendre.org\\\/var\\\/2020\\\/04\\\/20\\\/adeline-et-thadee-de-slizewicz-laureats-de-reseau-entreprendre-var\\\/#breadcrumb\",\"itemListElement\":[{\"@type\":\"ListItem\",\"position\":1,\"name\":\"Accueil\",\"item\":\"https:\\\/\\\/www.reseau-entreprendre.org\\\/var\\\/\"},{\"@type\":\"ListItem\",\"position\":2,\"name\":\"Adeline et Thad\u00e9e DE SLIZEWICZ, Laur\u00e9ats de R\u00e9seau Entreprendre Var\"}]},{\"@type\":\"WebSite\",\"@id\":\"https:\\\/\\\/www.reseau-entreprendre.org\\\/var\\\/#website\",\"url\":\"https:\\\/\\\/www.reseau-entreprendre.org\\\/var\\\/\",\"name\":\"R\u00e9seau Entreprendre Var\",\"description\":\"Aucun entrepreneur ne doit rester seul \",\"potentialAction\":[{\"@type\":\"SearchAction\",\"target\":{\"@type\":\"EntryPoint\",\"urlTemplate\":\"https:\\\/\\\/www.reseau-entreprendre.org\\\/var\\\/?s={search_term_string}\"},\"query-input\":{\"@type\":\"PropertyValueSpecification\",\"valueRequired\":true,\"valueName\":\"search_term_string\"}}],\"inLanguage\":\"fr-FR\"},{\"@type\":\"Person\",\"@id\":\"https:\\\/\\\/www.reseau-entreprendre.org\\\/var\\\/#\\\/schema\\\/person\\\/0d0e7333e37726d8976f78ff495e5b8b\",\"name\":\"var\",\"image\":{\"@type\":\"ImageObject\",\"inLanguage\":\"fr-FR\",\"@id\":\"https:\\\/\\\/secure.gravatar.com\\\/avatar\\\/8e06d685baeb2300d7b99b9d383daff34cbe7bd209739a969ce600add70c41d4?s=96&d=mm&r=g\",\"url\":\"https:\\\/\\\/secure.gravatar.com\\\/avatar\\\/8e06d685baeb2300d7b99b9d383daff34cbe7bd209739a969ce600add70c41d4?s=96&d=mm&r=g\",\"contentUrl\":\"https:\\\/\\\/secure.gravatar.com\\\/avatar\\\/8e06d685baeb2300d7b99b9d383daff34cbe7bd209739a969ce600add70c41d4?s=96&d=mm&r=g\",\"caption\":\"var\"},\"url\":\"https:\\\/\\\/www.reseau-entreprendre.org\\\/var\\\/author\\\/var\\\/\"}]}<\/script>\n<!-- \/ Yoast SEO plugin. -->","yoast_head_json":{"title":"Adeline et Thad\u00e9e DE SLIZEWICZ, Laur\u00e9ats de R\u00e9seau Entreprendre Var - R\u00e9seau Entreprendre Var","robots":{"index":"index","follow":"follow","max-snippet":"max-snippet:-1","max-image-preview":"max-image-preview:large","max-video-preview":"max-video-preview:-1"},"canonical":"https:\/\/www.reseau-entreprendre.org\/var\/2020\/04\/20\/adeline-et-thadee-de-slizewicz-laureats-de-reseau-entreprendre-var\/","og_locale":"fr_FR","og_type":"article","og_title":"Adeline et Thad\u00e9e DE SLIZEWICZ, Laur\u00e9ats de R\u00e9seau Entreprendre Var - R\u00e9seau Entreprendre Var","og_description":"Il suffit de quelques minutes d\u2019\u00e9change pour saisir qu\u2019Adeline de","og_url":"https:\/\/www.reseau-entreprendre.org\/var\/2020\/04\/20\/adeline-et-thadee-de-slizewicz-laureats-de-reseau-entreprendre-var\/","og_site_name":"R\u00e9seau Entreprendre Var","article_published_time":"2020-04-20T14:09:33+00:00","article_modified_time":"2022-04-13T08:52:20+00:00","og_image":[{"width":1000,"height":902,"url":"https:\/\/www.reseau-entreprendre.org\/var\/wp-content\/uploads\/sites\/49\/2020\/04\/2018-DE-SLIZEWICZ-A-T.jpg","type":"image\/jpeg"}],"author":"var","twitter_card":"summary_large_image","twitter_misc":{"\u00c9crit par":"var","Dur\u00e9e de lecture estim\u00e9e":"8 minutes"},"schema":{"@context":"https:\/\/schema.org","@graph":[{"@type":"Article","@id":"https:\/\/www.reseau-entreprendre.org\/var\/2020\/04\/20\/adeline-et-thadee-de-slizewicz-laureats-de-reseau-entreprendre-var\/#article","isPartOf":{"@id":"https:\/\/www.reseau-entreprendre.org\/var\/2020\/04\/20\/adeline-et-thadee-de-slizewicz-laureats-de-reseau-entreprendre-var\/"},"author":{"name":"var","@id":"https:\/\/www.reseau-entreprendre.org\/var\/#\/schema\/person\/0d0e7333e37726d8976f78ff495e5b8b"},"headline":"Adeline et Thad\u00e9e DE SLIZEWICZ, Laur\u00e9ats de R\u00e9seau Entreprendre Var","datePublished":"2020-04-20T14:09:33+00:00","dateModified":"2022-04-13T08:52:20+00:00","mainEntityOfPage":{"@id":"https:\/\/www.reseau-entreprendre.org\/var\/2020\/04\/20\/adeline-et-thadee-de-slizewicz-laureats-de-reseau-entreprendre-var\/"},"wordCount":1577,"image":{"@id":"https:\/\/www.reseau-entreprendre.org\/var\/2020\/04\/20\/adeline-et-thadee-de-slizewicz-laureats-de-reseau-entreprendre-var\/#primaryimage"},"thumbnailUrl":"https:\/\/www.reseau-entreprendre.org\/var\/wp-content\/uploads\/sites\/49\/2020\/04\/2018-DE-SLIZEWICZ-A-T.jpg","articleSection":["Actus"],"inLanguage":"fr-FR"},{"@type":"WebPage","@id":"https:\/\/www.reseau-entreprendre.org\/var\/2020\/04\/20\/adeline-et-thadee-de-slizewicz-laureats-de-reseau-entreprendre-var\/","url":"https:\/\/www.reseau-entreprendre.org\/var\/2020\/04\/20\/adeline-et-thadee-de-slizewicz-laureats-de-reseau-entreprendre-var\/","name":"Adeline et Thad\u00e9e DE SLIZEWICZ, Laur\u00e9ats de R\u00e9seau Entreprendre Var - R\u00e9seau Entreprendre Var","isPartOf":{"@id":"https:\/\/www.reseau-entreprendre.org\/var\/#website"},"primaryImageOfPage":{"@id":"https:\/\/www.reseau-entreprendre.org\/var\/2020\/04\/20\/adeline-et-thadee-de-slizewicz-laureats-de-reseau-entreprendre-var\/#primaryimage"},"image":{"@id":"https:\/\/www.reseau-entreprendre.org\/var\/2020\/04\/20\/adeline-et-thadee-de-slizewicz-laureats-de-reseau-entreprendre-var\/#primaryimage"},"thumbnailUrl":"https:\/\/www.reseau-entreprendre.org\/var\/wp-content\/uploads\/sites\/49\/2020\/04\/2018-DE-SLIZEWICZ-A-T.jpg","datePublished":"2020-04-20T14:09:33+00:00","dateModified":"2022-04-13T08:52:20+00:00","author":{"@id":"https:\/\/www.reseau-entreprendre.org\/var\/#\/schema\/person\/0d0e7333e37726d8976f78ff495e5b8b"},"breadcrumb":{"@id":"https:\/\/www.reseau-entreprendre.org\/var\/2020\/04\/20\/adeline-et-thadee-de-slizewicz-laureats-de-reseau-entreprendre-var\/#breadcrumb"},"inLanguage":"fr-FR","potentialAction":[{"@type":"ReadAction","target":["https:\/\/www.reseau-entreprendre.org\/var\/2020\/04\/20\/adeline-et-thadee-de-slizewicz-laureats-de-reseau-entreprendre-var\/"]}]},{"@type":"ImageObject","inLanguage":"fr-FR","@id":"https:\/\/www.reseau-entreprendre.org\/var\/2020\/04\/20\/adeline-et-thadee-de-slizewicz-laureats-de-reseau-entreprendre-var\/#primaryimage","url":"https:\/\/www.reseau-entreprendre.org\/var\/wp-content\/uploads\/sites\/49\/2020\/04\/2018-DE-SLIZEWICZ-A-T.jpg","contentUrl":"https:\/\/www.reseau-entreprendre.org\/var\/wp-content\/uploads\/sites\/49\/2020\/04\/2018-DE-SLIZEWICZ-A-T.jpg","width":1000,"height":902},{"@type":"BreadcrumbList","@id":"https:\/\/www.reseau-entreprendre.org\/var\/2020\/04\/20\/adeline-et-thadee-de-slizewicz-laureats-de-reseau-entreprendre-var\/#breadcrumb","itemListElement":[{"@type":"ListItem","position":1,"name":"Accueil","item":"https:\/\/www.reseau-entreprendre.org\/var\/"},{"@type":"ListItem","position":2,"name":"Adeline et Thad\u00e9e DE SLIZEWICZ, Laur\u00e9ats de R\u00e9seau Entreprendre Var"}]},{"@type":"WebSite","@id":"https:\/\/www.reseau-entreprendre.org\/var\/#website","url":"https:\/\/www.reseau-entreprendre.org\/var\/","name":"R\u00e9seau Entreprendre Var","description":"Aucun entrepreneur ne doit rester seul ","potentialAction":[{"@type":"SearchAction","target":{"@type":"EntryPoint","urlTemplate":"https:\/\/www.reseau-entreprendre.org\/var\/?s={search_term_string}"},"query-input":{"@type":"PropertyValueSpecification","valueRequired":true,"valueName":"search_term_string"}}],"inLanguage":"fr-FR"},{"@type":"Person","@id":"https:\/\/www.reseau-entreprendre.org\/var\/#\/schema\/person\/0d0e7333e37726d8976f78ff495e5b8b","name":"var","image":{"@type":"ImageObject","inLanguage":"fr-FR","@id":"https:\/\/secure.gravatar.com\/avatar\/8e06d685baeb2300d7b99b9d383daff34cbe7bd209739a969ce600add70c41d4?s=96&d=mm&r=g","url":"https:\/\/secure.gravatar.com\/avatar\/8e06d685baeb2300d7b99b9d383daff34cbe7bd209739a969ce600add70c41d4?s=96&d=mm&r=g","contentUrl":"https:\/\/secure.gravatar.com\/avatar\/8e06d685baeb2300d7b99b9d383daff34cbe7bd209739a969ce600add70c41d4?s=96&d=mm&r=g","caption":"var"},"url":"https:\/\/www.reseau-entreprendre.org\/var\/author\/var\/"}]}},"_links":{"self":[{"href":"https:\/\/www.reseau-entreprendre.org\/var\/wp-json\/wp\/v2\/posts\/973","targetHints":{"allow":["GET"]}}],"collection":[{"href":"https:\/\/www.reseau-entreprendre.org\/var\/wp-json\/wp\/v2\/posts"}],"about":[{"href":"https:\/\/www.reseau-entreprendre.org\/var\/wp-json\/wp\/v2\/types\/post"}],"author":[{"embeddable":true,"href":"https:\/\/www.reseau-entreprendre.org\/var\/wp-json\/wp\/v2\/users\/50"}],"replies":[{"embeddable":true,"href":"https:\/\/www.reseau-entreprendre.org\/var\/wp-json\/wp\/v2\/comments?post=973"}],"version-history":[{"count":0,"href":"https:\/\/www.reseau-entreprendre.org\/var\/wp-json\/wp\/v2\/posts\/973\/revisions"}],"wp:featuredmedia":[{"embeddable":true,"href":"https:\/\/www.reseau-entreprendre.org\/var\/wp-json\/wp\/v2\/media\/1098"}],"wp:attachment":[{"href":"https:\/\/www.reseau-entreprendre.org\/var\/wp-json\/wp\/v2\/media?parent=973"}],"wp:term":[{"taxonomy":"category","embeddable":true,"href":"https:\/\/www.reseau-entreprendre.org\/var\/wp-json\/wp\/v2\/categories?post=973"},{"taxonomy":"post_tag","embeddable":true,"href":"https:\/\/www.reseau-entreprendre.org\/var\/wp-json\/wp\/v2\/tags?post=973"}],"curies":[{"name":"wp","href":"https:\/\/api.w.org\/{rel}","templated":true}]}}