{"id":10313,"date":"2026-04-17T15:06:51","date_gmt":"2026-04-17T13:06:51","guid":{"rendered":"https:\/\/www.reseau-entreprendre.org\/vendee\/?p=10313"},"modified":"2026-04-17T15:06:52","modified_gmt":"2026-04-17T13:06:52","slug":"marionneau-reprise-etienne-et-baptiste-marionneau","status":"publish","type":"post","link":"https:\/\/www.reseau-entreprendre.org\/vendee\/2026\/04\/17\/marionneau-reprise-etienne-et-baptiste-marionneau\/","title":{"rendered":"MARIONNEAU (reprise) : Etienne et Baptiste Marionneau"},"content":{"rendered":"\n<div class=\"wp-block-columns is-layout-flex wp-container-core-columns-is-layout-9d6595d7 wp-block-columns-is-layout-flex\">\n<div class=\"wp-block-column is-layout-flow wp-block-column-is-layout-flow\"><div class=\"wp-block-image\">\n<figure class=\"alignright size-full is-resized\"><img loading=\"lazy\" decoding=\"async\" width=\"374\" height=\"465\" src=\"https:\/\/www.reseau-entreprendre.org\/vendee\/wp-content\/uploads\/sites\/18\/2026\/02\/17690898564382.jpg\" alt=\"\" class=\"wp-image-10314\" style=\"width:385px;height:auto\" srcset=\"https:\/\/www.reseau-entreprendre.org\/vendee\/wp-content\/uploads\/sites\/18\/2026\/02\/17690898564382.jpg 374w, https:\/\/www.reseau-entreprendre.org\/vendee\/wp-content\/uploads\/sites\/18\/2026\/02\/17690898564382-241x300.jpg 241w, https:\/\/www.reseau-entreprendre.org\/vendee\/wp-content\/uploads\/sites\/18\/2026\/02\/17690898564382-105x130.jpg 105w, https:\/\/www.reseau-entreprendre.org\/vendee\/wp-content\/uploads\/sites\/18\/2026\/02\/17690898564382-80x100.jpg 80w\" sizes=\"auto, (max-width: 374px) 100vw, 374px\" \/><\/figure>\n<\/div><\/div>\n\n\n\n<div class=\"wp-block-column is-layout-flow wp-block-column-is-layout-flow\">\n<p class=\"has-re-red-color has-text-color has-link-color has-medium-font-size wp-elements-dd2fcde23130aa0e3b7b117598468dd5\"><strong><a><em>Activit\u00e9\u00a0: <em>transport, d\u00e9m\u00e9nagement et garde-meubles<\/em><\/em><\/a><\/strong><\/p>\n\n\n\n<p class=\"has-re-blue-color has-text-color has-link-color has-medium-font-size wp-elements-b230cf9df1a07dc1f0a060c9db3d965a\"><strong>Etienne, Baptiste, pr\u00e9sentez-nous l\u2019activit\u00e9 de MARIONNEAU SAS :<\/strong><\/p>\n\n\n\n<p class=\"has-medium-font-size\"><strong>Etienne et Baptiste Marionneau<\/strong>\u00a0: <em>\u00ab\u00a0L\u2019entreprise conna\u00eet trois grandes activit\u00e9s : le transport de marchandises g\u00e9n\u00e9rales, la messagerie et le d\u00e9m\u00e9nagement qui est coupl\u00e9 avec le garde-meubles. Le transport consiste \u00e0 acheminer des marchandises ou des mat\u00e9riaux d\u2019un point A \u00e0 un point B. Pour ce qui et de la messagerie, nous r\u00e9alisons des tourn\u00e9es de livraisons de marchandises sp\u00e9cifiques. Enfin le d\u00e9m\u00e9nagement nous fait sillonner la France et les pays limitrophes.<\/em>\u00a0\u00bb<\/p>\n<\/div>\n<\/div>\n\n\n\n<p class=\"has-re-blue-color has-text-color has-link-color has-medium-font-size wp-elements-3795ebbeecdb018eaff2f8155c489daa\"><strong>Quelle est l\u2019histoire de cette entreprise familiale\u00a0?<\/strong><\/p>\n\n\n\n<p class=\"has-medium-font-size\"><em><em>\u00ab\u00a0La soci\u00e9t\u00e9 est cr\u00e9\u00e9e par Marcel MARIONNEAU en 1950. Elle \u00e9tait compos\u00e9e d\u2019une activit\u00e9 auto-\u00e9cole et d\u2019une partie transport. Au fur et \u00e0 mesure des ann\u00e9es, l\u2019activit\u00e9 auto-\u00e9cole a \u00e9t\u00e9 revendue \u00e0 une branche de la famille\u00a0: Les DUBOIS, et l\u2019activit\u00e9 transport s\u2019est d\u00e9velopp\u00e9e. L\u2019entreprise se sp\u00e9cialise peu \u00e0 peu dans le d\u00e9m\u00e9nagement et la messagerie arrive en 1973. Nous sommes la 4<sup>\u00e8me<\/sup> g\u00e9n\u00e9ration \u00e0 diriger l\u2019entreprise MARIONNEAU.\u00a0\u00bb<\/em><\/em><\/p>\n\n\n\n<p class=\"has-re-blue-color has-text-color has-link-color has-medium-font-size wp-elements-ba9357634ccc487a58cce2a0c44c4b5f\"><em> <\/em><strong>Pourquoi avoir choisi de rejoindre puis de reprendre l\u2019entreprise\u00a0?<\/strong><\/p>\n\n\n\n<p class=\"has-medium-font-size\"><em>\u00ab<\/em><strong><em>\u00a0<\/em><\/strong><em>Cela sonnait comme une \u00e9vidence pour nous, nous voyons ici un passage de flambeau, un h\u00e9ritage \u00e0 honorer et \u00e0 p\u00e9renniser. Baptiste a rejoint l\u2019\u00e9quipe de d\u00e9m\u00e9nageurs au sortir de ces \u00e9tudes avec cette id\u00e9e de reprise. Le projet a pris beaucoup d\u2019ampleur lorsque le pr\u00e9sident de la SAS Jean Paul MARIONNEAU a indiqu\u00e9 sa date de retraite. Nous avons pens\u00e9 que c\u2019\u00e9tait l\u2019opportunit\u00e9 de nous lancer dans l\u2019aventure en tant que dirigeants.\u00a0\u00bb<\/em><\/p>\n\n\n\n<p><\/p>\n\n\n\n<p class=\"has-re-blue-color has-text-color has-link-color has-medium-font-size wp-elements-812690fc72e76a9d1b62285c84d4558c\"><strong>Comment avez-vous d\u00e9couvert R\u00e9seau Entreprendre Vend\u00e9e et pourquoi vouloir \u00eatre accompagn\u00e9s dans cette reprise ?<\/strong><\/p>\n\n\n\n<p class=\"has-medium-font-size\"><em>\u00ab\u00a0C\u2019est notre expert-comptable qui nous a inform\u00e9 de l\u2019existence du r\u00e9seau. Nous avons alors compris qu\u2019il s\u2019agissait d\u2019une association de professionnels qui accompagnaient, guidaient et conseillaient les nouveaux entrepreneurs. Nous pensons que ce r\u00e9seau repr\u00e9sente une aide formidable \u00e0 notre d\u00e9veloppement et offre \u00e9norm\u00e9ment de possibilit\u00e9s pour l\u2019avenir.\u00a0\u00bb<\/em><\/p>\n\n\n\n<div class=\"wp-block-columns is-layout-flex wp-container-core-columns-is-layout-9d6595d7 wp-block-columns-is-layout-flex\">\n<div class=\"wp-block-column is-layout-flow wp-block-column-is-layout-flow\">\n<p class=\"has-re-red-color has-text-color has-link-color wp-elements-0f57ec75079a4047ce065f4e2350a9f5\" style=\"font-size:18px\"><strong>Ville : LUCON<br>Pr\u00eat d\u2019Honneur : 25 000 \u20ac + 25 000 \u20ac Fonds TR PDL<\/strong><\/p>\n\n\n\n<p class=\"has-re-yellow-color has-text-color has-link-color has-medium-font-size wp-elements-31e61835f217a0682e3a5307fa9a9ea1\"><a href=\"https:\/\/www.marionneau-sas.com\/\" target=\"_blank\" rel=\"noreferrer noopener\">https:\/\/www.marionneau-sas.com\/<\/a><\/p>\n<\/div>\n<\/div>\n","protected":false},"excerpt":{"rendered":"<p>Activit\u00e9\u00a0: transport, d\u00e9m\u00e9nagement et garde-meubles Etienne, Baptiste, pr\u00e9sentez-nous l\u2019activit\u00e9 de<\/p>\n","protected":false},"author":18,"featured_media":10315,"comment_status":"closed","ping_status":"closed","sticky":false,"template":"","format":"standard","meta":{"_acf_changed":false,"_monsterinsights_skip_tracking":false,"_monsterinsights_sitenote_active":false,"_monsterinsights_sitenote_note":"","_monsterinsights_sitenote_category":0,"footnotes":""},"categories":[4,28],"tags":[],"class_list":["post-10313","post","type-post","status-publish","format-standard","has-post-thumbnail","hentry","category-actualites","category-laureats-2026","news",null],"acf":[],"yoast_head":"<!-- This site is optimized with the Yoast SEO plugin v27.4 - https:\/\/yoast.com\/product\/yoast-seo-wordpress\/ -->\n<title>MARIONNEAU (reprise) : Etienne et Baptiste Marionneau - R\u00e9seau Entreprendre Vend\u00e9e<\/title>\n<meta name=\"robots\" content=\"index, follow, max-snippet:-1, max-image-preview:large, max-video-preview:-1\" \/>\n<link rel=\"canonical\" href=\"https:\/\/www.reseau-entreprendre.org\/vendee\/2026\/04\/17\/marionneau-reprise-etienne-et-baptiste-marionneau\/\" \/>\n<meta property=\"og:locale\" content=\"fr_FR\" \/>\n<meta property=\"og:type\" content=\"article\" \/>\n<meta property=\"og:title\" content=\"MARIONNEAU (reprise) : Etienne et Baptiste Marionneau - R\u00e9seau Entreprendre Vend\u00e9e\" \/>\n<meta property=\"og:description\" content=\"Activit\u00e9\u00a0: transport, d\u00e9m\u00e9nagement et garde-meubles Etienne, Baptiste, pr\u00e9sentez-nous l\u2019activit\u00e9 de\" \/>\n<meta property=\"og:url\" content=\"https:\/\/www.reseau-entreprendre.org\/vendee\/2026\/04\/17\/marionneau-reprise-etienne-et-baptiste-marionneau\/\" \/>\n<meta property=\"og:site_name\" content=\"R\u00e9seau Entreprendre Vend\u00e9e\" \/>\n<meta property=\"article:published_time\" content=\"2026-04-17T13:06:51+00:00\" \/>\n<meta property=\"article:modified_time\" content=\"2026-04-17T13:06:52+00:00\" \/>\n<meta property=\"og:image\" content=\"https:\/\/www.reseau-entreprendre.org\/vendee\/wp-content\/uploads\/sites\/18\/2026\/02\/MARIONNEAU-1024x1024.png\" \/>\n\t<meta property=\"og:image:width\" content=\"1024\" \/>\n\t<meta property=\"og:image:height\" content=\"1024\" \/>\n\t<meta property=\"og:image:type\" content=\"image\/png\" \/>\n<meta name=\"author\" content=\"vendee\" \/>\n<meta name=\"twitter:card\" content=\"summary_large_image\" \/>\n<meta name=\"twitter:label1\" content=\"\u00c9crit par\" \/>\n\t<meta name=\"twitter:data1\" content=\"vendee\" \/>\n\t<meta name=\"twitter:label2\" content=\"Dur\u00e9e de lecture estim\u00e9e\" \/>\n\t<meta name=\"twitter:data2\" content=\"3 minutes\" \/>\n<script type=\"application\/ld+json\" class=\"yoast-schema-graph\">{\"@context\":\"https:\\\/\\\/schema.org\",\"@graph\":[{\"@type\":\"Article\",\"@id\":\"https:\\\/\\\/www.reseau-entreprendre.org\\\/vendee\\\/2026\\\/04\\\/17\\\/marionneau-reprise-etienne-et-baptiste-marionneau\\\/#article\",\"isPartOf\":{\"@id\":\"https:\\\/\\\/www.reseau-entreprendre.org\\\/vendee\\\/2026\\\/04\\\/17\\\/marionneau-reprise-etienne-et-baptiste-marionneau\\\/\"},\"author\":{\"name\":\"vendee\",\"@id\":\"https:\\\/\\\/www.reseau-entreprendre.org\\\/vendee\\\/#\\\/schema\\\/person\\\/97ed4c1b3ba9d2f59bfb33b9ee189f7b\"},\"headline\":\"MARIONNEAU (reprise) : Etienne et Baptiste Marionneau\",\"datePublished\":\"2026-04-17T13:06:51+00:00\",\"dateModified\":\"2026-04-17T13:06:52+00:00\",\"mainEntityOfPage\":{\"@id\":\"https:\\\/\\\/www.reseau-entreprendre.org\\\/vendee\\\/2026\\\/04\\\/17\\\/marionneau-reprise-etienne-et-baptiste-marionneau\\\/\"},\"wordCount\":375,\"image\":{\"@id\":\"https:\\\/\\\/www.reseau-entreprendre.org\\\/vendee\\\/2026\\\/04\\\/17\\\/marionneau-reprise-etienne-et-baptiste-marionneau\\\/#primaryimage\"},\"thumbnailUrl\":\"https:\\\/\\\/www.reseau-entreprendre.org\\\/vendee\\\/wp-content\\\/uploads\\\/sites\\\/18\\\/2026\\\/02\\\/MARIONNEAU.png\",\"articleSection\":[\"Actualit\u00e9s\",\"Laur\u00e9ats 2026\"],\"inLanguage\":\"fr-FR\"},{\"@type\":\"WebPage\",\"@id\":\"https:\\\/\\\/www.reseau-entreprendre.org\\\/vendee\\\/2026\\\/04\\\/17\\\/marionneau-reprise-etienne-et-baptiste-marionneau\\\/\",\"url\":\"https:\\\/\\\/www.reseau-entreprendre.org\\\/vendee\\\/2026\\\/04\\\/17\\\/marionneau-reprise-etienne-et-baptiste-marionneau\\\/\",\"name\":\"MARIONNEAU (reprise) : Etienne et Baptiste Marionneau - R\u00e9seau Entreprendre Vend\u00e9e\",\"isPartOf\":{\"@id\":\"https:\\\/\\\/www.reseau-entreprendre.org\\\/vendee\\\/#website\"},\"primaryImageOfPage\":{\"@id\":\"https:\\\/\\\/www.reseau-entreprendre.org\\\/vendee\\\/2026\\\/04\\\/17\\\/marionneau-reprise-etienne-et-baptiste-marionneau\\\/#primaryimage\"},\"image\":{\"@id\":\"https:\\\/\\\/www.reseau-entreprendre.org\\\/vendee\\\/2026\\\/04\\\/17\\\/marionneau-reprise-etienne-et-baptiste-marionneau\\\/#primaryimage\"},\"thumbnailUrl\":\"https:\\\/\\\/www.reseau-entreprendre.org\\\/vendee\\\/wp-content\\\/uploads\\\/sites\\\/18\\\/2026\\\/02\\\/MARIONNEAU.png\",\"datePublished\":\"2026-04-17T13:06:51+00:00\",\"dateModified\":\"2026-04-17T13:06:52+00:00\",\"author\":{\"@id\":\"https:\\\/\\\/www.reseau-entreprendre.org\\\/vendee\\\/#\\\/schema\\\/person\\\/97ed4c1b3ba9d2f59bfb33b9ee189f7b\"},\"breadcrumb\":{\"@id\":\"https:\\\/\\\/www.reseau-entreprendre.org\\\/vendee\\\/2026\\\/04\\\/17\\\/marionneau-reprise-etienne-et-baptiste-marionneau\\\/#breadcrumb\"},\"inLanguage\":\"fr-FR\",\"potentialAction\":[{\"@type\":\"ReadAction\",\"target\":[\"https:\\\/\\\/www.reseau-entreprendre.org\\\/vendee\\\/2026\\\/04\\\/17\\\/marionneau-reprise-etienne-et-baptiste-marionneau\\\/\"]}]},{\"@type\":\"ImageObject\",\"inLanguage\":\"fr-FR\",\"@id\":\"https:\\\/\\\/www.reseau-entreprendre.org\\\/vendee\\\/2026\\\/04\\\/17\\\/marionneau-reprise-etienne-et-baptiste-marionneau\\\/#primaryimage\",\"url\":\"https:\\\/\\\/www.reseau-entreprendre.org\\\/vendee\\\/wp-content\\\/uploads\\\/sites\\\/18\\\/2026\\\/02\\\/MARIONNEAU.png\",\"contentUrl\":\"https:\\\/\\\/www.reseau-entreprendre.org\\\/vendee\\\/wp-content\\\/uploads\\\/sites\\\/18\\\/2026\\\/02\\\/MARIONNEAU.png\",\"width\":2000,\"height\":2000},{\"@type\":\"BreadcrumbList\",\"@id\":\"https:\\\/\\\/www.reseau-entreprendre.org\\\/vendee\\\/2026\\\/04\\\/17\\\/marionneau-reprise-etienne-et-baptiste-marionneau\\\/#breadcrumb\",\"itemListElement\":[{\"@type\":\"ListItem\",\"position\":1,\"name\":\"Accueil\",\"item\":\"https:\\\/\\\/www.reseau-entreprendre.org\\\/vendee\\\/\"},{\"@type\":\"ListItem\",\"position\":2,\"name\":\"MARIONNEAU (reprise) : Etienne et Baptiste Marionneau\"}]},{\"@type\":\"WebSite\",\"@id\":\"https:\\\/\\\/www.reseau-entreprendre.org\\\/vendee\\\/#website\",\"url\":\"https:\\\/\\\/www.reseau-entreprendre.org\\\/vendee\\\/\",\"name\":\"R\u00e9seau Entreprendre Vend\u00e9e\",\"description\":\"Un site utilisant Les sites de R\u00e9seau Entreprendre\",\"potentialAction\":[{\"@type\":\"SearchAction\",\"target\":{\"@type\":\"EntryPoint\",\"urlTemplate\":\"https:\\\/\\\/www.reseau-entreprendre.org\\\/vendee\\\/?s={search_term_string}\"},\"query-input\":{\"@type\":\"PropertyValueSpecification\",\"valueRequired\":true,\"valueName\":\"search_term_string\"}}],\"inLanguage\":\"fr-FR\"},{\"@type\":\"Person\",\"@id\":\"https:\\\/\\\/www.reseau-entreprendre.org\\\/vendee\\\/#\\\/schema\\\/person\\\/97ed4c1b3ba9d2f59bfb33b9ee189f7b\",\"name\":\"vendee\",\"image\":{\"@type\":\"ImageObject\",\"inLanguage\":\"fr-FR\",\"@id\":\"https:\\\/\\\/secure.gravatar.com\\\/avatar\\\/70547e2bde971566282f4986d1a4d69efe1bf62a293ab358e9c3f9d6086fff53?s=96&d=mm&r=g\",\"url\":\"https:\\\/\\\/secure.gravatar.com\\\/avatar\\\/70547e2bde971566282f4986d1a4d69efe1bf62a293ab358e9c3f9d6086fff53?s=96&d=mm&r=g\",\"contentUrl\":\"https:\\\/\\\/secure.gravatar.com\\\/avatar\\\/70547e2bde971566282f4986d1a4d69efe1bf62a293ab358e9c3f9d6086fff53?s=96&d=mm&r=g\",\"caption\":\"vendee\"},\"url\":\"https:\\\/\\\/www.reseau-entreprendre.org\\\/vendee\\\/author\\\/vendee\\\/\"}]}<\/script>\n<!-- \/ Yoast SEO plugin. -->","yoast_head_json":{"title":"MARIONNEAU (reprise) : Etienne et Baptiste Marionneau - R\u00e9seau Entreprendre Vend\u00e9e","robots":{"index":"index","follow":"follow","max-snippet":"max-snippet:-1","max-image-preview":"max-image-preview:large","max-video-preview":"max-video-preview:-1"},"canonical":"https:\/\/www.reseau-entreprendre.org\/vendee\/2026\/04\/17\/marionneau-reprise-etienne-et-baptiste-marionneau\/","og_locale":"fr_FR","og_type":"article","og_title":"MARIONNEAU (reprise) : Etienne et Baptiste Marionneau - R\u00e9seau Entreprendre Vend\u00e9e","og_description":"Activit\u00e9\u00a0: transport, d\u00e9m\u00e9nagement et garde-meubles Etienne, Baptiste, pr\u00e9sentez-nous l\u2019activit\u00e9 de","og_url":"https:\/\/www.reseau-entreprendre.org\/vendee\/2026\/04\/17\/marionneau-reprise-etienne-et-baptiste-marionneau\/","og_site_name":"R\u00e9seau Entreprendre Vend\u00e9e","article_published_time":"2026-04-17T13:06:51+00:00","article_modified_time":"2026-04-17T13:06:52+00:00","og_image":[{"width":1024,"height":1024,"url":"https:\/\/www.reseau-entreprendre.org\/vendee\/wp-content\/uploads\/sites\/18\/2026\/02\/MARIONNEAU-1024x1024.png","type":"image\/png"}],"author":"vendee","twitter_card":"summary_large_image","twitter_misc":{"\u00c9crit par":"vendee","Dur\u00e9e de lecture estim\u00e9e":"3 minutes"},"schema":{"@context":"https:\/\/schema.org","@graph":[{"@type":"Article","@id":"https:\/\/www.reseau-entreprendre.org\/vendee\/2026\/04\/17\/marionneau-reprise-etienne-et-baptiste-marionneau\/#article","isPartOf":{"@id":"https:\/\/www.reseau-entreprendre.org\/vendee\/2026\/04\/17\/marionneau-reprise-etienne-et-baptiste-marionneau\/"},"author":{"name":"vendee","@id":"https:\/\/www.reseau-entreprendre.org\/vendee\/#\/schema\/person\/97ed4c1b3ba9d2f59bfb33b9ee189f7b"},"headline":"MARIONNEAU (reprise) : Etienne et Baptiste Marionneau","datePublished":"2026-04-17T13:06:51+00:00","dateModified":"2026-04-17T13:06:52+00:00","mainEntityOfPage":{"@id":"https:\/\/www.reseau-entreprendre.org\/vendee\/2026\/04\/17\/marionneau-reprise-etienne-et-baptiste-marionneau\/"},"wordCount":375,"image":{"@id":"https:\/\/www.reseau-entreprendre.org\/vendee\/2026\/04\/17\/marionneau-reprise-etienne-et-baptiste-marionneau\/#primaryimage"},"thumbnailUrl":"https:\/\/www.reseau-entreprendre.org\/vendee\/wp-content\/uploads\/sites\/18\/2026\/02\/MARIONNEAU.png","articleSection":["Actualit\u00e9s","Laur\u00e9ats 2026"],"inLanguage":"fr-FR"},{"@type":"WebPage","@id":"https:\/\/www.reseau-entreprendre.org\/vendee\/2026\/04\/17\/marionneau-reprise-etienne-et-baptiste-marionneau\/","url":"https:\/\/www.reseau-entreprendre.org\/vendee\/2026\/04\/17\/marionneau-reprise-etienne-et-baptiste-marionneau\/","name":"MARIONNEAU (reprise) : Etienne et Baptiste Marionneau - R\u00e9seau Entreprendre Vend\u00e9e","isPartOf":{"@id":"https:\/\/www.reseau-entreprendre.org\/vendee\/#website"},"primaryImageOfPage":{"@id":"https:\/\/www.reseau-entreprendre.org\/vendee\/2026\/04\/17\/marionneau-reprise-etienne-et-baptiste-marionneau\/#primaryimage"},"image":{"@id":"https:\/\/www.reseau-entreprendre.org\/vendee\/2026\/04\/17\/marionneau-reprise-etienne-et-baptiste-marionneau\/#primaryimage"},"thumbnailUrl":"https:\/\/www.reseau-entreprendre.org\/vendee\/wp-content\/uploads\/sites\/18\/2026\/02\/MARIONNEAU.png","datePublished":"2026-04-17T13:06:51+00:00","dateModified":"2026-04-17T13:06:52+00:00","author":{"@id":"https:\/\/www.reseau-entreprendre.org\/vendee\/#\/schema\/person\/97ed4c1b3ba9d2f59bfb33b9ee189f7b"},"breadcrumb":{"@id":"https:\/\/www.reseau-entreprendre.org\/vendee\/2026\/04\/17\/marionneau-reprise-etienne-et-baptiste-marionneau\/#breadcrumb"},"inLanguage":"fr-FR","potentialAction":[{"@type":"ReadAction","target":["https:\/\/www.reseau-entreprendre.org\/vendee\/2026\/04\/17\/marionneau-reprise-etienne-et-baptiste-marionneau\/"]}]},{"@type":"ImageObject","inLanguage":"fr-FR","@id":"https:\/\/www.reseau-entreprendre.org\/vendee\/2026\/04\/17\/marionneau-reprise-etienne-et-baptiste-marionneau\/#primaryimage","url":"https:\/\/www.reseau-entreprendre.org\/vendee\/wp-content\/uploads\/sites\/18\/2026\/02\/MARIONNEAU.png","contentUrl":"https:\/\/www.reseau-entreprendre.org\/vendee\/wp-content\/uploads\/sites\/18\/2026\/02\/MARIONNEAU.png","width":2000,"height":2000},{"@type":"BreadcrumbList","@id":"https:\/\/www.reseau-entreprendre.org\/vendee\/2026\/04\/17\/marionneau-reprise-etienne-et-baptiste-marionneau\/#breadcrumb","itemListElement":[{"@type":"ListItem","position":1,"name":"Accueil","item":"https:\/\/www.reseau-entreprendre.org\/vendee\/"},{"@type":"ListItem","position":2,"name":"MARIONNEAU (reprise) : Etienne et Baptiste Marionneau"}]},{"@type":"WebSite","@id":"https:\/\/www.reseau-entreprendre.org\/vendee\/#website","url":"https:\/\/www.reseau-entreprendre.org\/vendee\/","name":"R\u00e9seau Entreprendre Vend\u00e9e","description":"Un site utilisant Les sites de R\u00e9seau Entreprendre","potentialAction":[{"@type":"SearchAction","target":{"@type":"EntryPoint","urlTemplate":"https:\/\/www.reseau-entreprendre.org\/vendee\/?s={search_term_string}"},"query-input":{"@type":"PropertyValueSpecification","valueRequired":true,"valueName":"search_term_string"}}],"inLanguage":"fr-FR"},{"@type":"Person","@id":"https:\/\/www.reseau-entreprendre.org\/vendee\/#\/schema\/person\/97ed4c1b3ba9d2f59bfb33b9ee189f7b","name":"vendee","image":{"@type":"ImageObject","inLanguage":"fr-FR","@id":"https:\/\/secure.gravatar.com\/avatar\/70547e2bde971566282f4986d1a4d69efe1bf62a293ab358e9c3f9d6086fff53?s=96&d=mm&r=g","url":"https:\/\/secure.gravatar.com\/avatar\/70547e2bde971566282f4986d1a4d69efe1bf62a293ab358e9c3f9d6086fff53?s=96&d=mm&r=g","contentUrl":"https:\/\/secure.gravatar.com\/avatar\/70547e2bde971566282f4986d1a4d69efe1bf62a293ab358e9c3f9d6086fff53?s=96&d=mm&r=g","caption":"vendee"},"url":"https:\/\/www.reseau-entreprendre.org\/vendee\/author\/vendee\/"}]}},"_links":{"self":[{"href":"https:\/\/www.reseau-entreprendre.org\/vendee\/wp-json\/wp\/v2\/posts\/10313","targetHints":{"allow":["GET"]}}],"collection":[{"href":"https:\/\/www.reseau-entreprendre.org\/vendee\/wp-json\/wp\/v2\/posts"}],"about":[{"href":"https:\/\/www.reseau-entreprendre.org\/vendee\/wp-json\/wp\/v2\/types\/post"}],"author":[{"embeddable":true,"href":"https:\/\/www.reseau-entreprendre.org\/vendee\/wp-json\/wp\/v2\/users\/18"}],"replies":[{"embeddable":true,"href":"https:\/\/www.reseau-entreprendre.org\/vendee\/wp-json\/wp\/v2\/comments?post=10313"}],"version-history":[{"count":1,"href":"https:\/\/www.reseau-entreprendre.org\/vendee\/wp-json\/wp\/v2\/posts\/10313\/revisions"}],"predecessor-version":[{"id":10637,"href":"https:\/\/www.reseau-entreprendre.org\/vendee\/wp-json\/wp\/v2\/posts\/10313\/revisions\/10637"}],"wp:featuredmedia":[{"embeddable":true,"href":"https:\/\/www.reseau-entreprendre.org\/vendee\/wp-json\/wp\/v2\/media\/10315"}],"wp:attachment":[{"href":"https:\/\/www.reseau-entreprendre.org\/vendee\/wp-json\/wp\/v2\/media?parent=10313"}],"wp:term":[{"taxonomy":"category","embeddable":true,"href":"https:\/\/www.reseau-entreprendre.org\/vendee\/wp-json\/wp\/v2\/categories?post=10313"},{"taxonomy":"post_tag","embeddable":true,"href":"https:\/\/www.reseau-entreprendre.org\/vendee\/wp-json\/wp\/v2\/tags?post=10313"}],"curies":[{"name":"wp","href":"https:\/\/api.w.org\/{rel}","templated":true}]}}