{"id":1266,"date":"2018-06-08T11:24:36","date_gmt":"2018-06-08T09:24:36","guid":{"rendered":"https:\/\/www.reseau-entreprendre.org\/vendee\/?p=1266"},"modified":"2022-04-12T15:42:00","modified_gmt":"2022-04-12T13:42:00","slug":"territoriale-paysyonnais-le-marche-aux-vins","status":"publish","type":"post","link":"https:\/\/www.reseau-entreprendre.org\/vendee\/2018\/06\/08\/territoriale-paysyonnais-le-marche-aux-vins\/","title":{"rendered":"Territoriale #PaysYonnais : Le March\u00e9 aux Vins"},"content":{"rendered":"<p><img loading=\"lazy\" decoding=\"async\" class=\"wp-image-1265 alignnone\" src=\"https:\/\/www.reseau-entreprendre.org\/vendee\/wp-content\/uploads\/sites\/18\/2018\/06\/Sans-titre-1-1.jpg\" alt=\"\" width=\"440\" height=\"298\" srcset=\"https:\/\/www.reseau-entreprendre.org\/vendee\/wp-content\/uploads\/sites\/18\/2018\/06\/Sans-titre-1-1.jpg 500w, https:\/\/www.reseau-entreprendre.org\/vendee\/wp-content\/uploads\/sites\/18\/2018\/06\/Sans-titre-1-1-300x203.jpg 300w, https:\/\/www.reseau-entreprendre.org\/vendee\/wp-content\/uploads\/sites\/18\/2018\/06\/Sans-titre-1-1-370x250.jpg 370w\" sizes=\"auto, (max-width: 440px) 100vw, 440px\" \/> <img loading=\"lazy\" decoding=\"async\" class=\"alignnone wp-image-1270\" src=\"https:\/\/www.reseau-entreprendre.org\/vendee\/wp-content\/uploads\/sites\/18\/2018\/06\/20180607_220102.jpg\" alt=\"\" width=\"421\" height=\"299\" srcset=\"https:\/\/www.reseau-entreprendre.org\/vendee\/wp-content\/uploads\/sites\/18\/2018\/06\/20180607_220102.jpg 3948w, https:\/\/www.reseau-entreprendre.org\/vendee\/wp-content\/uploads\/sites\/18\/2018\/06\/20180607_220102-300x213.jpg 300w, https:\/\/www.reseau-entreprendre.org\/vendee\/wp-content\/uploads\/sites\/18\/2018\/06\/20180607_220102-768x546.jpg 768w, https:\/\/www.reseau-entreprendre.org\/vendee\/wp-content\/uploads\/sites\/18\/2018\/06\/20180607_220102-1024x728.jpg 1024w\" sizes=\"auto, (max-width: 421px) 100vw, 421px\" \/><\/p>\n<p>Pour cette nouvelle \u00e9dition de la Territoriale du Pays Yonnais, membres et laur\u00e9ats se sont retrouv\u00e9s dans la tr\u00e8s belle cave<br \/>\ndu<a href=\"http:\/\/www.marcheauxvins.net\/\"> March\u00e9 aux Vins<\/a>, pour une soir\u00e9e privil\u00e9gi\u00e9e.<\/p>\n<p>Thierry Loiret, g\u00e9rant de la soci\u00e9t\u00e9 et Thibaud Jauffrit, nous ont r\u00e9serv\u00e9 une visite priv\u00e9e des lieux avec pr\u00e9sentation des projets de<br \/>\nl&#8217;entreprise, qui a r\u00e9cemment ouvert un 3e point de vente \u00e0 La Chaume. La soir\u00e9e s&#8217;est poursuivie par une d\u00e9gustation de vins<br \/>\ns\u00e9lectionn\u00e9s, tr\u00e8s appr\u00e9ci\u00e9e de tous !<\/p>\n<p><img loading=\"lazy\" decoding=\"async\" class=\"alignnone wp-image-1269\" src=\"https:\/\/www.reseau-entreprendre.org\/vendee\/wp-content\/uploads\/sites\/18\/2018\/06\/20180607_191013.jpg\" alt=\"\" width=\"437\" height=\"328\" srcset=\"https:\/\/www.reseau-entreprendre.org\/vendee\/wp-content\/uploads\/sites\/18\/2018\/06\/20180607_191013.jpg 4032w, https:\/\/www.reseau-entreprendre.org\/vendee\/wp-content\/uploads\/sites\/18\/2018\/06\/20180607_191013-300x225.jpg 300w, https:\/\/www.reseau-entreprendre.org\/vendee\/wp-content\/uploads\/sites\/18\/2018\/06\/20180607_191013-768x576.jpg 768w, https:\/\/www.reseau-entreprendre.org\/vendee\/wp-content\/uploads\/sites\/18\/2018\/06\/20180607_191013-1024x768.jpg 1024w\" sizes=\"auto, (max-width: 437px) 100vw, 437px\" \/> <img loading=\"lazy\" decoding=\"async\" class=\"alignnone wp-image-1271\" src=\"https:\/\/www.reseau-entreprendre.org\/vendee\/wp-content\/uploads\/sites\/18\/2018\/06\/20180607_220145.jpg\" alt=\"\" width=\"461\" height=\"330\" srcset=\"https:\/\/www.reseau-entreprendre.org\/vendee\/wp-content\/uploads\/sites\/18\/2018\/06\/20180607_220145.jpg 3078w, https:\/\/www.reseau-entreprendre.org\/vendee\/wp-content\/uploads\/sites\/18\/2018\/06\/20180607_220145-300x215.jpg 300w, https:\/\/www.reseau-entreprendre.org\/vendee\/wp-content\/uploads\/sites\/18\/2018\/06\/20180607_220145-768x550.jpg 768w, https:\/\/www.reseau-entreprendre.org\/vendee\/wp-content\/uploads\/sites\/18\/2018\/06\/20180607_220145-1024x734.jpg 1024w\" sizes=\"auto, (max-width: 461px) 100vw, 461px\" \/><\/p>\n","protected":false},"excerpt":{"rendered":"<p>Pour cette nouvelle \u00e9dition de la Territoriale du Pays Yonnais,<\/p>\n","protected":false},"author":18,"featured_media":1265,"comment_status":"closed","ping_status":"open","sticky":false,"template":"","format":"standard","meta":{"_acf_changed":false,"_monsterinsights_skip_tracking":false,"_monsterinsights_sitenote_active":false,"_monsterinsights_sitenote_note":"","_monsterinsights_sitenote_category":0,"footnotes":""},"categories":[4],"tags":[],"class_list":["post-1266","post","type-post","status-publish","format-standard","has-post-thumbnail","hentry","category-actualites","news"],"acf":[],"yoast_head":"<!-- This site is optimized with the Yoast SEO plugin v27.4 - https:\/\/yoast.com\/product\/yoast-seo-wordpress\/ -->\n<title>Territoriale #PaysYonnais : Le March\u00e9 aux Vins - R\u00e9seau Entreprendre Vend\u00e9e<\/title>\n<meta name=\"robots\" content=\"index, follow, max-snippet:-1, max-image-preview:large, max-video-preview:-1\" \/>\n<link rel=\"canonical\" href=\"https:\/\/www.reseau-entreprendre.org\/vendee\/2018\/06\/08\/territoriale-paysyonnais-le-marche-aux-vins\/\" \/>\n<meta property=\"og:locale\" content=\"fr_FR\" \/>\n<meta property=\"og:type\" content=\"article\" \/>\n<meta property=\"og:title\" content=\"Territoriale #PaysYonnais : Le March\u00e9 aux Vins - R\u00e9seau Entreprendre Vend\u00e9e\" \/>\n<meta property=\"og:description\" content=\"Pour cette nouvelle \u00e9dition de la Territoriale du Pays Yonnais,\" \/>\n<meta property=\"og:url\" content=\"https:\/\/www.reseau-entreprendre.org\/vendee\/2018\/06\/08\/territoriale-paysyonnais-le-marche-aux-vins\/\" \/>\n<meta property=\"og:site_name\" content=\"R\u00e9seau Entreprendre Vend\u00e9e\" \/>\n<meta property=\"article:published_time\" content=\"2018-06-08T09:24:36+00:00\" \/>\n<meta property=\"article:modified_time\" content=\"2022-04-12T13:42:00+00:00\" \/>\n<meta property=\"og:image\" content=\"https:\/\/www.reseau-entreprendre.org\/vendee\/wp-content\/uploads\/sites\/18\/2018\/06\/Sans-titre-1-1.jpg\" \/>\n\t<meta property=\"og:image:width\" content=\"500\" \/>\n\t<meta property=\"og:image:height\" content=\"339\" \/>\n\t<meta property=\"og:image:type\" content=\"image\/jpeg\" \/>\n<meta name=\"author\" content=\"vendee\" \/>\n<meta name=\"twitter:card\" content=\"summary_large_image\" \/>\n<meta name=\"twitter:label1\" content=\"\u00c9crit par\" \/>\n\t<meta name=\"twitter:data1\" content=\"vendee\" \/>\n<script type=\"application\/ld+json\" class=\"yoast-schema-graph\">{\"@context\":\"https:\\\/\\\/schema.org\",\"@graph\":[{\"@type\":\"Article\",\"@id\":\"https:\\\/\\\/www.reseau-entreprendre.org\\\/vendee\\\/2018\\\/06\\\/08\\\/territoriale-paysyonnais-le-marche-aux-vins\\\/#article\",\"isPartOf\":{\"@id\":\"https:\\\/\\\/www.reseau-entreprendre.org\\\/vendee\\\/2018\\\/06\\\/08\\\/territoriale-paysyonnais-le-marche-aux-vins\\\/\"},\"author\":{\"name\":\"vendee\",\"@id\":\"https:\\\/\\\/www.reseau-entreprendre.org\\\/vendee\\\/#\\\/schema\\\/person\\\/97ed4c1b3ba9d2f59bfb33b9ee189f7b\"},\"headline\":\"Territoriale #PaysYonnais : Le March\u00e9 aux Vins\",\"datePublished\":\"2018-06-08T09:24:36+00:00\",\"dateModified\":\"2022-04-12T13:42:00+00:00\",\"mainEntityOfPage\":{\"@id\":\"https:\\\/\\\/www.reseau-entreprendre.org\\\/vendee\\\/2018\\\/06\\\/08\\\/territoriale-paysyonnais-le-marche-aux-vins\\\/\"},\"wordCount\":104,\"image\":{\"@id\":\"https:\\\/\\\/www.reseau-entreprendre.org\\\/vendee\\\/2018\\\/06\\\/08\\\/territoriale-paysyonnais-le-marche-aux-vins\\\/#primaryimage\"},\"thumbnailUrl\":\"https:\\\/\\\/www.reseau-entreprendre.org\\\/vendee\\\/wp-content\\\/uploads\\\/sites\\\/18\\\/2018\\\/06\\\/Sans-titre-1-1.jpg\",\"articleSection\":[\"Actualit\u00e9s\"],\"inLanguage\":\"fr-FR\"},{\"@type\":\"WebPage\",\"@id\":\"https:\\\/\\\/www.reseau-entreprendre.org\\\/vendee\\\/2018\\\/06\\\/08\\\/territoriale-paysyonnais-le-marche-aux-vins\\\/\",\"url\":\"https:\\\/\\\/www.reseau-entreprendre.org\\\/vendee\\\/2018\\\/06\\\/08\\\/territoriale-paysyonnais-le-marche-aux-vins\\\/\",\"name\":\"Territoriale #PaysYonnais : Le March\u00e9 aux Vins - R\u00e9seau Entreprendre Vend\u00e9e\",\"isPartOf\":{\"@id\":\"https:\\\/\\\/www.reseau-entreprendre.org\\\/vendee\\\/#website\"},\"primaryImageOfPage\":{\"@id\":\"https:\\\/\\\/www.reseau-entreprendre.org\\\/vendee\\\/2018\\\/06\\\/08\\\/territoriale-paysyonnais-le-marche-aux-vins\\\/#primaryimage\"},\"image\":{\"@id\":\"https:\\\/\\\/www.reseau-entreprendre.org\\\/vendee\\\/2018\\\/06\\\/08\\\/territoriale-paysyonnais-le-marche-aux-vins\\\/#primaryimage\"},\"thumbnailUrl\":\"https:\\\/\\\/www.reseau-entreprendre.org\\\/vendee\\\/wp-content\\\/uploads\\\/sites\\\/18\\\/2018\\\/06\\\/Sans-titre-1-1.jpg\",\"datePublished\":\"2018-06-08T09:24:36+00:00\",\"dateModified\":\"2022-04-12T13:42:00+00:00\",\"author\":{\"@id\":\"https:\\\/\\\/www.reseau-entreprendre.org\\\/vendee\\\/#\\\/schema\\\/person\\\/97ed4c1b3ba9d2f59bfb33b9ee189f7b\"},\"breadcrumb\":{\"@id\":\"https:\\\/\\\/www.reseau-entreprendre.org\\\/vendee\\\/2018\\\/06\\\/08\\\/territoriale-paysyonnais-le-marche-aux-vins\\\/#breadcrumb\"},\"inLanguage\":\"fr-FR\",\"potentialAction\":[{\"@type\":\"ReadAction\",\"target\":[\"https:\\\/\\\/www.reseau-entreprendre.org\\\/vendee\\\/2018\\\/06\\\/08\\\/territoriale-paysyonnais-le-marche-aux-vins\\\/\"]}]},{\"@type\":\"ImageObject\",\"inLanguage\":\"fr-FR\",\"@id\":\"https:\\\/\\\/www.reseau-entreprendre.org\\\/vendee\\\/2018\\\/06\\\/08\\\/territoriale-paysyonnais-le-marche-aux-vins\\\/#primaryimage\",\"url\":\"https:\\\/\\\/www.reseau-entreprendre.org\\\/vendee\\\/wp-content\\\/uploads\\\/sites\\\/18\\\/2018\\\/06\\\/Sans-titre-1-1.jpg\",\"contentUrl\":\"https:\\\/\\\/www.reseau-entreprendre.org\\\/vendee\\\/wp-content\\\/uploads\\\/sites\\\/18\\\/2018\\\/06\\\/Sans-titre-1-1.jpg\",\"width\":500,\"height\":339},{\"@type\":\"BreadcrumbList\",\"@id\":\"https:\\\/\\\/www.reseau-entreprendre.org\\\/vendee\\\/2018\\\/06\\\/08\\\/territoriale-paysyonnais-le-marche-aux-vins\\\/#breadcrumb\",\"itemListElement\":[{\"@type\":\"ListItem\",\"position\":1,\"name\":\"Accueil\",\"item\":\"https:\\\/\\\/www.reseau-entreprendre.org\\\/vendee\\\/\"},{\"@type\":\"ListItem\",\"position\":2,\"name\":\"Territoriale #PaysYonnais : Le March\u00e9 aux Vins\"}]},{\"@type\":\"WebSite\",\"@id\":\"https:\\\/\\\/www.reseau-entreprendre.org\\\/vendee\\\/#website\",\"url\":\"https:\\\/\\\/www.reseau-entreprendre.org\\\/vendee\\\/\",\"name\":\"R\u00e9seau Entreprendre Vend\u00e9e\",\"description\":\"Un site utilisant Les sites de R\u00e9seau Entreprendre\",\"potentialAction\":[{\"@type\":\"SearchAction\",\"target\":{\"@type\":\"EntryPoint\",\"urlTemplate\":\"https:\\\/\\\/www.reseau-entreprendre.org\\\/vendee\\\/?s={search_term_string}\"},\"query-input\":{\"@type\":\"PropertyValueSpecification\",\"valueRequired\":true,\"valueName\":\"search_term_string\"}}],\"inLanguage\":\"fr-FR\"},{\"@type\":\"Person\",\"@id\":\"https:\\\/\\\/www.reseau-entreprendre.org\\\/vendee\\\/#\\\/schema\\\/person\\\/97ed4c1b3ba9d2f59bfb33b9ee189f7b\",\"name\":\"vendee\",\"image\":{\"@type\":\"ImageObject\",\"inLanguage\":\"fr-FR\",\"@id\":\"https:\\\/\\\/secure.gravatar.com\\\/avatar\\\/70547e2bde971566282f4986d1a4d69efe1bf62a293ab358e9c3f9d6086fff53?s=96&d=mm&r=g\",\"url\":\"https:\\\/\\\/secure.gravatar.com\\\/avatar\\\/70547e2bde971566282f4986d1a4d69efe1bf62a293ab358e9c3f9d6086fff53?s=96&d=mm&r=g\",\"contentUrl\":\"https:\\\/\\\/secure.gravatar.com\\\/avatar\\\/70547e2bde971566282f4986d1a4d69efe1bf62a293ab358e9c3f9d6086fff53?s=96&d=mm&r=g\",\"caption\":\"vendee\"},\"url\":\"https:\\\/\\\/www.reseau-entreprendre.org\\\/vendee\\\/author\\\/vendee\\\/\"}]}<\/script>\n<!-- \/ Yoast SEO plugin. -->","yoast_head_json":{"title":"Territoriale #PaysYonnais : Le March\u00e9 aux Vins - R\u00e9seau Entreprendre Vend\u00e9e","robots":{"index":"index","follow":"follow","max-snippet":"max-snippet:-1","max-image-preview":"max-image-preview:large","max-video-preview":"max-video-preview:-1"},"canonical":"https:\/\/www.reseau-entreprendre.org\/vendee\/2018\/06\/08\/territoriale-paysyonnais-le-marche-aux-vins\/","og_locale":"fr_FR","og_type":"article","og_title":"Territoriale #PaysYonnais : Le March\u00e9 aux Vins - R\u00e9seau Entreprendre Vend\u00e9e","og_description":"Pour cette nouvelle \u00e9dition de la Territoriale du Pays Yonnais,","og_url":"https:\/\/www.reseau-entreprendre.org\/vendee\/2018\/06\/08\/territoriale-paysyonnais-le-marche-aux-vins\/","og_site_name":"R\u00e9seau Entreprendre Vend\u00e9e","article_published_time":"2018-06-08T09:24:36+00:00","article_modified_time":"2022-04-12T13:42:00+00:00","og_image":[{"width":500,"height":339,"url":"https:\/\/www.reseau-entreprendre.org\/vendee\/wp-content\/uploads\/sites\/18\/2018\/06\/Sans-titre-1-1.jpg","type":"image\/jpeg"}],"author":"vendee","twitter_card":"summary_large_image","twitter_misc":{"\u00c9crit par":"vendee"},"schema":{"@context":"https:\/\/schema.org","@graph":[{"@type":"Article","@id":"https:\/\/www.reseau-entreprendre.org\/vendee\/2018\/06\/08\/territoriale-paysyonnais-le-marche-aux-vins\/#article","isPartOf":{"@id":"https:\/\/www.reseau-entreprendre.org\/vendee\/2018\/06\/08\/territoriale-paysyonnais-le-marche-aux-vins\/"},"author":{"name":"vendee","@id":"https:\/\/www.reseau-entreprendre.org\/vendee\/#\/schema\/person\/97ed4c1b3ba9d2f59bfb33b9ee189f7b"},"headline":"Territoriale #PaysYonnais : Le March\u00e9 aux Vins","datePublished":"2018-06-08T09:24:36+00:00","dateModified":"2022-04-12T13:42:00+00:00","mainEntityOfPage":{"@id":"https:\/\/www.reseau-entreprendre.org\/vendee\/2018\/06\/08\/territoriale-paysyonnais-le-marche-aux-vins\/"},"wordCount":104,"image":{"@id":"https:\/\/www.reseau-entreprendre.org\/vendee\/2018\/06\/08\/territoriale-paysyonnais-le-marche-aux-vins\/#primaryimage"},"thumbnailUrl":"https:\/\/www.reseau-entreprendre.org\/vendee\/wp-content\/uploads\/sites\/18\/2018\/06\/Sans-titre-1-1.jpg","articleSection":["Actualit\u00e9s"],"inLanguage":"fr-FR"},{"@type":"WebPage","@id":"https:\/\/www.reseau-entreprendre.org\/vendee\/2018\/06\/08\/territoriale-paysyonnais-le-marche-aux-vins\/","url":"https:\/\/www.reseau-entreprendre.org\/vendee\/2018\/06\/08\/territoriale-paysyonnais-le-marche-aux-vins\/","name":"Territoriale #PaysYonnais : Le March\u00e9 aux Vins - R\u00e9seau Entreprendre Vend\u00e9e","isPartOf":{"@id":"https:\/\/www.reseau-entreprendre.org\/vendee\/#website"},"primaryImageOfPage":{"@id":"https:\/\/www.reseau-entreprendre.org\/vendee\/2018\/06\/08\/territoriale-paysyonnais-le-marche-aux-vins\/#primaryimage"},"image":{"@id":"https:\/\/www.reseau-entreprendre.org\/vendee\/2018\/06\/08\/territoriale-paysyonnais-le-marche-aux-vins\/#primaryimage"},"thumbnailUrl":"https:\/\/www.reseau-entreprendre.org\/vendee\/wp-content\/uploads\/sites\/18\/2018\/06\/Sans-titre-1-1.jpg","datePublished":"2018-06-08T09:24:36+00:00","dateModified":"2022-04-12T13:42:00+00:00","author":{"@id":"https:\/\/www.reseau-entreprendre.org\/vendee\/#\/schema\/person\/97ed4c1b3ba9d2f59bfb33b9ee189f7b"},"breadcrumb":{"@id":"https:\/\/www.reseau-entreprendre.org\/vendee\/2018\/06\/08\/territoriale-paysyonnais-le-marche-aux-vins\/#breadcrumb"},"inLanguage":"fr-FR","potentialAction":[{"@type":"ReadAction","target":["https:\/\/www.reseau-entreprendre.org\/vendee\/2018\/06\/08\/territoriale-paysyonnais-le-marche-aux-vins\/"]}]},{"@type":"ImageObject","inLanguage":"fr-FR","@id":"https:\/\/www.reseau-entreprendre.org\/vendee\/2018\/06\/08\/territoriale-paysyonnais-le-marche-aux-vins\/#primaryimage","url":"https:\/\/www.reseau-entreprendre.org\/vendee\/wp-content\/uploads\/sites\/18\/2018\/06\/Sans-titre-1-1.jpg","contentUrl":"https:\/\/www.reseau-entreprendre.org\/vendee\/wp-content\/uploads\/sites\/18\/2018\/06\/Sans-titre-1-1.jpg","width":500,"height":339},{"@type":"BreadcrumbList","@id":"https:\/\/www.reseau-entreprendre.org\/vendee\/2018\/06\/08\/territoriale-paysyonnais-le-marche-aux-vins\/#breadcrumb","itemListElement":[{"@type":"ListItem","position":1,"name":"Accueil","item":"https:\/\/www.reseau-entreprendre.org\/vendee\/"},{"@type":"ListItem","position":2,"name":"Territoriale #PaysYonnais : Le March\u00e9 aux Vins"}]},{"@type":"WebSite","@id":"https:\/\/www.reseau-entreprendre.org\/vendee\/#website","url":"https:\/\/www.reseau-entreprendre.org\/vendee\/","name":"R\u00e9seau Entreprendre Vend\u00e9e","description":"Un site utilisant Les sites de R\u00e9seau Entreprendre","potentialAction":[{"@type":"SearchAction","target":{"@type":"EntryPoint","urlTemplate":"https:\/\/www.reseau-entreprendre.org\/vendee\/?s={search_term_string}"},"query-input":{"@type":"PropertyValueSpecification","valueRequired":true,"valueName":"search_term_string"}}],"inLanguage":"fr-FR"},{"@type":"Person","@id":"https:\/\/www.reseau-entreprendre.org\/vendee\/#\/schema\/person\/97ed4c1b3ba9d2f59bfb33b9ee189f7b","name":"vendee","image":{"@type":"ImageObject","inLanguage":"fr-FR","@id":"https:\/\/secure.gravatar.com\/avatar\/70547e2bde971566282f4986d1a4d69efe1bf62a293ab358e9c3f9d6086fff53?s=96&d=mm&r=g","url":"https:\/\/secure.gravatar.com\/avatar\/70547e2bde971566282f4986d1a4d69efe1bf62a293ab358e9c3f9d6086fff53?s=96&d=mm&r=g","contentUrl":"https:\/\/secure.gravatar.com\/avatar\/70547e2bde971566282f4986d1a4d69efe1bf62a293ab358e9c3f9d6086fff53?s=96&d=mm&r=g","caption":"vendee"},"url":"https:\/\/www.reseau-entreprendre.org\/vendee\/author\/vendee\/"}]}},"_links":{"self":[{"href":"https:\/\/www.reseau-entreprendre.org\/vendee\/wp-json\/wp\/v2\/posts\/1266","targetHints":{"allow":["GET"]}}],"collection":[{"href":"https:\/\/www.reseau-entreprendre.org\/vendee\/wp-json\/wp\/v2\/posts"}],"about":[{"href":"https:\/\/www.reseau-entreprendre.org\/vendee\/wp-json\/wp\/v2\/types\/post"}],"author":[{"embeddable":true,"href":"https:\/\/www.reseau-entreprendre.org\/vendee\/wp-json\/wp\/v2\/users\/18"}],"replies":[{"embeddable":true,"href":"https:\/\/www.reseau-entreprendre.org\/vendee\/wp-json\/wp\/v2\/comments?post=1266"}],"version-history":[{"count":0,"href":"https:\/\/www.reseau-entreprendre.org\/vendee\/wp-json\/wp\/v2\/posts\/1266\/revisions"}],"wp:featuredmedia":[{"embeddable":true,"href":"https:\/\/www.reseau-entreprendre.org\/vendee\/wp-json\/wp\/v2\/media\/1265"}],"wp:attachment":[{"href":"https:\/\/www.reseau-entreprendre.org\/vendee\/wp-json\/wp\/v2\/media?parent=1266"}],"wp:term":[{"taxonomy":"category","embeddable":true,"href":"https:\/\/www.reseau-entreprendre.org\/vendee\/wp-json\/wp\/v2\/categories?post=1266"},{"taxonomy":"post_tag","embeddable":true,"href":"https:\/\/www.reseau-entreprendre.org\/vendee\/wp-json\/wp\/v2\/tags?post=1266"}],"curies":[{"name":"wp","href":"https:\/\/api.w.org\/{rel}","templated":true}]}}