{"id":1726,"date":"2018-10-19T14:51:05","date_gmt":"2018-10-19T12:51:05","guid":{"rendered":"https:\/\/www.reseau-entreprendre.org\/vendee\/?p=1726"},"modified":"2022-04-12T15:41:27","modified_gmt":"2022-04-12T13:41:27","slug":"accompagnement-by-reseau-entreprendre-vendee","status":"publish","type":"post","link":"https:\/\/www.reseau-entreprendre.org\/vendee\/2018\/10\/19\/accompagnement-by-reseau-entreprendre-vendee\/","title":{"rendered":"L&#8217;accompagnement by R\u00e9seau Entreprendre Vend\u00e9e"},"content":{"rendered":"<h3><span style=\"font-size: 32px;color: #ff971d\">Entre R\u00e9seau Entreprendre\u00ae Vend\u00e9e<br \/>\net les laur\u00e9ats\u00a0: un engagement mutuel<\/span><\/h3>\n<p>R\u00e9seau Entreprendre<span style=\"font-size: 13px\">\u00ae<\/span> Vend\u00e9e est une association de chefs d\u2019entreprises sp\u00e9cialis\u00e9e dans l\u2019accompagnement entrepreneurial et tourn\u00e9e vers la cr\u00e9ation d\u2019emplois. <strong>Inscrite au c\u0153ur de notre mission, cette offre d\u2019accompagnement s\u2019adresse \u00e0 tous les entrepreneurs vend\u00e9ens quelques soient leurs stades de d\u00e9veloppement, de la cr\u00e9ation, la reprise ou \u00e0 la croissance.<\/strong> D\u2019une dur\u00e9e de 2 ans, elle vient en compl\u00e9ment d\u2019un pr\u00eat d\u2019honneur \u00e0 taux z\u00e9ro pour les programmes BOOSTER et START.<\/p>\n<p>Depuis 2006, les chefs d\u2019entreprises membres ont ainsi accompagn\u00e9 b\u00e9n\u00e9volement 190 entreprises laur\u00e9ates dans la r\u00e9alisation ou le d\u00e9veloppement de leurs projets. Une efficacit\u00e9 prouv\u00e9e, avec un taux de p\u00e9rennit\u00e9 de<span style=\"color: #000000\"><strong> 85 % des entreprises accompagn\u00e9es \u00e0 5 ans\u00a0!<\/strong><\/span><\/p>\n<p><span style=\"color: #268597\">Au c\u0153ur du dispositif, le bin\u00f4me laur\u00e9at\/accompagnateur\u00a0est la v\u00e9ritable valeur ajout\u00e9e de R\u00e9seau Entreprendre<span style=\"font-size: 13px\">\u00ae<\/span> Vend\u00e9e. Pendant 2 ans, le laur\u00e9at et son accompagnateur, un chef d\u2019entreprise exp\u00e9riment\u00e9, vont \u00e9changer, partager et travailler au rythme de rendez-vous r\u00e9guliers et incontournables\u00a0!<\/span><\/p>\n<p>Cet engagement mutuel entre le laur\u00e9at, l\u2019accompagnateur et R\u00e9seau Entreprendre Vend\u00e9e<span style=\"font-size: 13px\">\u00ae<\/span> est contractualis\u00e9 par la signature de la Convention d\u2019Accompagnement et de Pr\u00eat d\u2019Honneur, apr\u00e8s le Comit\u00e9 d\u2019Engagement.<\/p>\n<p>Cette semaine, ce sont 3 laur\u00e9ats de la promotion 2018 de R\u00e9seau Entreprendre<span style=\"font-size: 13px\">\u00ae<\/span> Vend\u00e9e qui signent leur Convention d\u2019Accompagnement avec leurs accompagnateurs et le Pr\u00e9sident de l&#8217;association. C\u2019est \u00e9galement \u00e0 cette occasion que leur est remis le ch\u00e8que du 1<sup>er<\/sup> versement du Pr\u00eat d\u2019Honneur, soit la moiti\u00e9 du montant accord\u00e9 (la seconde partie \u00e9tant vers\u00e9e 6 mois plus tard).<\/p>\n<p><img loading=\"lazy\" decoding=\"async\" class=\"alignnone size-full wp-image-1727\" src=\"https:\/\/www.reseau-entreprendre.org\/vendee\/wp-content\/uploads\/sites\/18\/2018\/10\/photos3conventions.jpg\" alt=\"\" width=\"3992\" height=\"2808\" srcset=\"https:\/\/www.reseau-entreprendre.org\/vendee\/wp-content\/uploads\/sites\/18\/2018\/10\/photos3conventions.jpg 3992w, https:\/\/www.reseau-entreprendre.org\/vendee\/wp-content\/uploads\/sites\/18\/2018\/10\/photos3conventions-300x211.jpg 300w, https:\/\/www.reseau-entreprendre.org\/vendee\/wp-content\/uploads\/sites\/18\/2018\/10\/photos3conventions-768x540.jpg 768w, https:\/\/www.reseau-entreprendre.org\/vendee\/wp-content\/uploads\/sites\/18\/2018\/10\/photos3conventions-1024x720.jpg 1024w\" sizes=\"auto, (max-width: 3992px) 100vw, 3992px\" \/><\/p>\n<p><span style=\"font-size: 14px\">De gauche \u00e0 droite :<br \/>\n<\/span><\/p>\n<p><em><span style=\"font-size: 14px\">Eric Delhommeau \u2013 Groupe HFV (Pr\u00e9sident), Romain et Fabien Naulleau &#8211; VPS (laur\u00e9ats), Nabil Jenni \u2013 Services Vend\u00e9ens \u00e0 la Personne &#8211; O2 (laur\u00e9at), Yvan Vincent \u2013 HOME RENOVE (accompagnateur), Guillaume Zanlorenzi &#8211; OCF (accompagnateur), Jean-Louis Pascreau &#8211; BIEN DANS SA MAISON (laur\u00e9at), Matthieu Tougeron \u2013 CAF\u00c9S ALBERT\u00a0(accompagnateur), Jacques Bonnin (charg\u00e9 d\u2019\u00e9tude).<\/span> <\/em><\/p>\n","protected":false},"excerpt":{"rendered":"<p>Entre R\u00e9seau Entreprendre\u00ae Vend\u00e9e et les laur\u00e9ats\u00a0: un engagement mutuel<\/p>\n","protected":false},"author":18,"featured_media":1727,"comment_status":"closed","ping_status":"open","sticky":false,"template":"","format":"standard","meta":{"_acf_changed":false,"_monsterinsights_skip_tracking":false,"_monsterinsights_sitenote_active":false,"_monsterinsights_sitenote_note":"","_monsterinsights_sitenote_category":0,"footnotes":""},"categories":[4],"tags":[],"class_list":["post-1726","post","type-post","status-publish","format-standard","has-post-thumbnail","hentry","category-actualites","news"],"acf":[],"yoast_head":"<!-- This site is optimized with the Yoast SEO plugin v27.4 - https:\/\/yoast.com\/product\/yoast-seo-wordpress\/ -->\n<title>L&#039;accompagnement by R\u00e9seau Entreprendre Vend\u00e9e - R\u00e9seau Entreprendre Vend\u00e9e<\/title>\n<meta name=\"robots\" content=\"index, follow, max-snippet:-1, max-image-preview:large, max-video-preview:-1\" \/>\n<link rel=\"canonical\" href=\"https:\/\/www.reseau-entreprendre.org\/vendee\/2018\/10\/19\/accompagnement-by-reseau-entreprendre-vendee\/\" \/>\n<meta property=\"og:locale\" content=\"fr_FR\" \/>\n<meta property=\"og:type\" content=\"article\" \/>\n<meta property=\"og:title\" content=\"L&#039;accompagnement by R\u00e9seau Entreprendre Vend\u00e9e - R\u00e9seau Entreprendre Vend\u00e9e\" \/>\n<meta property=\"og:description\" content=\"Entre R\u00e9seau Entreprendre\u00ae Vend\u00e9e et les laur\u00e9ats\u00a0: un engagement mutuel\" \/>\n<meta property=\"og:url\" content=\"https:\/\/www.reseau-entreprendre.org\/vendee\/2018\/10\/19\/accompagnement-by-reseau-entreprendre-vendee\/\" \/>\n<meta property=\"og:site_name\" content=\"R\u00e9seau Entreprendre Vend\u00e9e\" \/>\n<meta property=\"article:published_time\" content=\"2018-10-19T12:51:05+00:00\" \/>\n<meta property=\"article:modified_time\" content=\"2022-04-12T13:41:27+00:00\" \/>\n<meta property=\"og:image\" content=\"https:\/\/www.reseau-entreprendre.org\/vendee\/wp-content\/uploads\/sites\/18\/2018\/10\/photos3conventions.jpg\" \/>\n\t<meta property=\"og:image:width\" content=\"3992\" \/>\n\t<meta property=\"og:image:height\" content=\"2808\" \/>\n\t<meta property=\"og:image:type\" content=\"image\/jpeg\" \/>\n<meta name=\"author\" content=\"vendee\" \/>\n<meta name=\"twitter:card\" content=\"summary_large_image\" \/>\n<meta name=\"twitter:label1\" content=\"\u00c9crit par\" \/>\n\t<meta name=\"twitter:data1\" content=\"vendee\" \/>\n\t<meta name=\"twitter:label2\" content=\"Dur\u00e9e de lecture estim\u00e9e\" \/>\n\t<meta name=\"twitter:data2\" content=\"2 minutes\" \/>\n<script type=\"application\/ld+json\" class=\"yoast-schema-graph\">{\"@context\":\"https:\\\/\\\/schema.org\",\"@graph\":[{\"@type\":\"Article\",\"@id\":\"https:\\\/\\\/www.reseau-entreprendre.org\\\/vendee\\\/2018\\\/10\\\/19\\\/accompagnement-by-reseau-entreprendre-vendee\\\/#article\",\"isPartOf\":{\"@id\":\"https:\\\/\\\/www.reseau-entreprendre.org\\\/vendee\\\/2018\\\/10\\\/19\\\/accompagnement-by-reseau-entreprendre-vendee\\\/\"},\"author\":{\"name\":\"vendee\",\"@id\":\"https:\\\/\\\/www.reseau-entreprendre.org\\\/vendee\\\/#\\\/schema\\\/person\\\/97ed4c1b3ba9d2f59bfb33b9ee189f7b\"},\"headline\":\"L&#8217;accompagnement by R\u00e9seau Entreprendre Vend\u00e9e\",\"datePublished\":\"2018-10-19T12:51:05+00:00\",\"dateModified\":\"2022-04-12T13:41:27+00:00\",\"mainEntityOfPage\":{\"@id\":\"https:\\\/\\\/www.reseau-entreprendre.org\\\/vendee\\\/2018\\\/10\\\/19\\\/accompagnement-by-reseau-entreprendre-vendee\\\/\"},\"wordCount\":363,\"image\":{\"@id\":\"https:\\\/\\\/www.reseau-entreprendre.org\\\/vendee\\\/2018\\\/10\\\/19\\\/accompagnement-by-reseau-entreprendre-vendee\\\/#primaryimage\"},\"thumbnailUrl\":\"https:\\\/\\\/www.reseau-entreprendre.org\\\/vendee\\\/wp-content\\\/uploads\\\/sites\\\/18\\\/2018\\\/10\\\/photos3conventions.jpg\",\"articleSection\":[\"Actualit\u00e9s\"],\"inLanguage\":\"fr-FR\"},{\"@type\":\"WebPage\",\"@id\":\"https:\\\/\\\/www.reseau-entreprendre.org\\\/vendee\\\/2018\\\/10\\\/19\\\/accompagnement-by-reseau-entreprendre-vendee\\\/\",\"url\":\"https:\\\/\\\/www.reseau-entreprendre.org\\\/vendee\\\/2018\\\/10\\\/19\\\/accompagnement-by-reseau-entreprendre-vendee\\\/\",\"name\":\"L'accompagnement by R\u00e9seau Entreprendre Vend\u00e9e - R\u00e9seau Entreprendre Vend\u00e9e\",\"isPartOf\":{\"@id\":\"https:\\\/\\\/www.reseau-entreprendre.org\\\/vendee\\\/#website\"},\"primaryImageOfPage\":{\"@id\":\"https:\\\/\\\/www.reseau-entreprendre.org\\\/vendee\\\/2018\\\/10\\\/19\\\/accompagnement-by-reseau-entreprendre-vendee\\\/#primaryimage\"},\"image\":{\"@id\":\"https:\\\/\\\/www.reseau-entreprendre.org\\\/vendee\\\/2018\\\/10\\\/19\\\/accompagnement-by-reseau-entreprendre-vendee\\\/#primaryimage\"},\"thumbnailUrl\":\"https:\\\/\\\/www.reseau-entreprendre.org\\\/vendee\\\/wp-content\\\/uploads\\\/sites\\\/18\\\/2018\\\/10\\\/photos3conventions.jpg\",\"datePublished\":\"2018-10-19T12:51:05+00:00\",\"dateModified\":\"2022-04-12T13:41:27+00:00\",\"author\":{\"@id\":\"https:\\\/\\\/www.reseau-entreprendre.org\\\/vendee\\\/#\\\/schema\\\/person\\\/97ed4c1b3ba9d2f59bfb33b9ee189f7b\"},\"breadcrumb\":{\"@id\":\"https:\\\/\\\/www.reseau-entreprendre.org\\\/vendee\\\/2018\\\/10\\\/19\\\/accompagnement-by-reseau-entreprendre-vendee\\\/#breadcrumb\"},\"inLanguage\":\"fr-FR\",\"potentialAction\":[{\"@type\":\"ReadAction\",\"target\":[\"https:\\\/\\\/www.reseau-entreprendre.org\\\/vendee\\\/2018\\\/10\\\/19\\\/accompagnement-by-reseau-entreprendre-vendee\\\/\"]}]},{\"@type\":\"ImageObject\",\"inLanguage\":\"fr-FR\",\"@id\":\"https:\\\/\\\/www.reseau-entreprendre.org\\\/vendee\\\/2018\\\/10\\\/19\\\/accompagnement-by-reseau-entreprendre-vendee\\\/#primaryimage\",\"url\":\"https:\\\/\\\/www.reseau-entreprendre.org\\\/vendee\\\/wp-content\\\/uploads\\\/sites\\\/18\\\/2018\\\/10\\\/photos3conventions.jpg\",\"contentUrl\":\"https:\\\/\\\/www.reseau-entreprendre.org\\\/vendee\\\/wp-content\\\/uploads\\\/sites\\\/18\\\/2018\\\/10\\\/photos3conventions.jpg\",\"width\":3992,\"height\":2808},{\"@type\":\"BreadcrumbList\",\"@id\":\"https:\\\/\\\/www.reseau-entreprendre.org\\\/vendee\\\/2018\\\/10\\\/19\\\/accompagnement-by-reseau-entreprendre-vendee\\\/#breadcrumb\",\"itemListElement\":[{\"@type\":\"ListItem\",\"position\":1,\"name\":\"Accueil\",\"item\":\"https:\\\/\\\/www.reseau-entreprendre.org\\\/vendee\\\/\"},{\"@type\":\"ListItem\",\"position\":2,\"name\":\"L&rsquo;accompagnement by R\u00e9seau Entreprendre Vend\u00e9e\"}]},{\"@type\":\"WebSite\",\"@id\":\"https:\\\/\\\/www.reseau-entreprendre.org\\\/vendee\\\/#website\",\"url\":\"https:\\\/\\\/www.reseau-entreprendre.org\\\/vendee\\\/\",\"name\":\"R\u00e9seau Entreprendre Vend\u00e9e\",\"description\":\"Un site utilisant Les sites de R\u00e9seau Entreprendre\",\"potentialAction\":[{\"@type\":\"SearchAction\",\"target\":{\"@type\":\"EntryPoint\",\"urlTemplate\":\"https:\\\/\\\/www.reseau-entreprendre.org\\\/vendee\\\/?s={search_term_string}\"},\"query-input\":{\"@type\":\"PropertyValueSpecification\",\"valueRequired\":true,\"valueName\":\"search_term_string\"}}],\"inLanguage\":\"fr-FR\"},{\"@type\":\"Person\",\"@id\":\"https:\\\/\\\/www.reseau-entreprendre.org\\\/vendee\\\/#\\\/schema\\\/person\\\/97ed4c1b3ba9d2f59bfb33b9ee189f7b\",\"name\":\"vendee\",\"image\":{\"@type\":\"ImageObject\",\"inLanguage\":\"fr-FR\",\"@id\":\"https:\\\/\\\/secure.gravatar.com\\\/avatar\\\/70547e2bde971566282f4986d1a4d69efe1bf62a293ab358e9c3f9d6086fff53?s=96&d=mm&r=g\",\"url\":\"https:\\\/\\\/secure.gravatar.com\\\/avatar\\\/70547e2bde971566282f4986d1a4d69efe1bf62a293ab358e9c3f9d6086fff53?s=96&d=mm&r=g\",\"contentUrl\":\"https:\\\/\\\/secure.gravatar.com\\\/avatar\\\/70547e2bde971566282f4986d1a4d69efe1bf62a293ab358e9c3f9d6086fff53?s=96&d=mm&r=g\",\"caption\":\"vendee\"},\"url\":\"https:\\\/\\\/www.reseau-entreprendre.org\\\/vendee\\\/author\\\/vendee\\\/\"}]}<\/script>\n<!-- \/ Yoast SEO plugin. -->","yoast_head_json":{"title":"L'accompagnement by R\u00e9seau Entreprendre Vend\u00e9e - R\u00e9seau Entreprendre Vend\u00e9e","robots":{"index":"index","follow":"follow","max-snippet":"max-snippet:-1","max-image-preview":"max-image-preview:large","max-video-preview":"max-video-preview:-1"},"canonical":"https:\/\/www.reseau-entreprendre.org\/vendee\/2018\/10\/19\/accompagnement-by-reseau-entreprendre-vendee\/","og_locale":"fr_FR","og_type":"article","og_title":"L'accompagnement by R\u00e9seau Entreprendre Vend\u00e9e - R\u00e9seau Entreprendre Vend\u00e9e","og_description":"Entre R\u00e9seau Entreprendre\u00ae Vend\u00e9e et les laur\u00e9ats\u00a0: un engagement mutuel","og_url":"https:\/\/www.reseau-entreprendre.org\/vendee\/2018\/10\/19\/accompagnement-by-reseau-entreprendre-vendee\/","og_site_name":"R\u00e9seau Entreprendre Vend\u00e9e","article_published_time":"2018-10-19T12:51:05+00:00","article_modified_time":"2022-04-12T13:41:27+00:00","og_image":[{"width":3992,"height":2808,"url":"https:\/\/www.reseau-entreprendre.org\/vendee\/wp-content\/uploads\/sites\/18\/2018\/10\/photos3conventions.jpg","type":"image\/jpeg"}],"author":"vendee","twitter_card":"summary_large_image","twitter_misc":{"\u00c9crit par":"vendee","Dur\u00e9e de lecture estim\u00e9e":"2 minutes"},"schema":{"@context":"https:\/\/schema.org","@graph":[{"@type":"Article","@id":"https:\/\/www.reseau-entreprendre.org\/vendee\/2018\/10\/19\/accompagnement-by-reseau-entreprendre-vendee\/#article","isPartOf":{"@id":"https:\/\/www.reseau-entreprendre.org\/vendee\/2018\/10\/19\/accompagnement-by-reseau-entreprendre-vendee\/"},"author":{"name":"vendee","@id":"https:\/\/www.reseau-entreprendre.org\/vendee\/#\/schema\/person\/97ed4c1b3ba9d2f59bfb33b9ee189f7b"},"headline":"L&#8217;accompagnement by R\u00e9seau Entreprendre Vend\u00e9e","datePublished":"2018-10-19T12:51:05+00:00","dateModified":"2022-04-12T13:41:27+00:00","mainEntityOfPage":{"@id":"https:\/\/www.reseau-entreprendre.org\/vendee\/2018\/10\/19\/accompagnement-by-reseau-entreprendre-vendee\/"},"wordCount":363,"image":{"@id":"https:\/\/www.reseau-entreprendre.org\/vendee\/2018\/10\/19\/accompagnement-by-reseau-entreprendre-vendee\/#primaryimage"},"thumbnailUrl":"https:\/\/www.reseau-entreprendre.org\/vendee\/wp-content\/uploads\/sites\/18\/2018\/10\/photos3conventions.jpg","articleSection":["Actualit\u00e9s"],"inLanguage":"fr-FR"},{"@type":"WebPage","@id":"https:\/\/www.reseau-entreprendre.org\/vendee\/2018\/10\/19\/accompagnement-by-reseau-entreprendre-vendee\/","url":"https:\/\/www.reseau-entreprendre.org\/vendee\/2018\/10\/19\/accompagnement-by-reseau-entreprendre-vendee\/","name":"L'accompagnement by R\u00e9seau Entreprendre Vend\u00e9e - R\u00e9seau Entreprendre Vend\u00e9e","isPartOf":{"@id":"https:\/\/www.reseau-entreprendre.org\/vendee\/#website"},"primaryImageOfPage":{"@id":"https:\/\/www.reseau-entreprendre.org\/vendee\/2018\/10\/19\/accompagnement-by-reseau-entreprendre-vendee\/#primaryimage"},"image":{"@id":"https:\/\/www.reseau-entreprendre.org\/vendee\/2018\/10\/19\/accompagnement-by-reseau-entreprendre-vendee\/#primaryimage"},"thumbnailUrl":"https:\/\/www.reseau-entreprendre.org\/vendee\/wp-content\/uploads\/sites\/18\/2018\/10\/photos3conventions.jpg","datePublished":"2018-10-19T12:51:05+00:00","dateModified":"2022-04-12T13:41:27+00:00","author":{"@id":"https:\/\/www.reseau-entreprendre.org\/vendee\/#\/schema\/person\/97ed4c1b3ba9d2f59bfb33b9ee189f7b"},"breadcrumb":{"@id":"https:\/\/www.reseau-entreprendre.org\/vendee\/2018\/10\/19\/accompagnement-by-reseau-entreprendre-vendee\/#breadcrumb"},"inLanguage":"fr-FR","potentialAction":[{"@type":"ReadAction","target":["https:\/\/www.reseau-entreprendre.org\/vendee\/2018\/10\/19\/accompagnement-by-reseau-entreprendre-vendee\/"]}]},{"@type":"ImageObject","inLanguage":"fr-FR","@id":"https:\/\/www.reseau-entreprendre.org\/vendee\/2018\/10\/19\/accompagnement-by-reseau-entreprendre-vendee\/#primaryimage","url":"https:\/\/www.reseau-entreprendre.org\/vendee\/wp-content\/uploads\/sites\/18\/2018\/10\/photos3conventions.jpg","contentUrl":"https:\/\/www.reseau-entreprendre.org\/vendee\/wp-content\/uploads\/sites\/18\/2018\/10\/photos3conventions.jpg","width":3992,"height":2808},{"@type":"BreadcrumbList","@id":"https:\/\/www.reseau-entreprendre.org\/vendee\/2018\/10\/19\/accompagnement-by-reseau-entreprendre-vendee\/#breadcrumb","itemListElement":[{"@type":"ListItem","position":1,"name":"Accueil","item":"https:\/\/www.reseau-entreprendre.org\/vendee\/"},{"@type":"ListItem","position":2,"name":"L&rsquo;accompagnement by R\u00e9seau Entreprendre Vend\u00e9e"}]},{"@type":"WebSite","@id":"https:\/\/www.reseau-entreprendre.org\/vendee\/#website","url":"https:\/\/www.reseau-entreprendre.org\/vendee\/","name":"R\u00e9seau Entreprendre Vend\u00e9e","description":"Un site utilisant Les sites de R\u00e9seau Entreprendre","potentialAction":[{"@type":"SearchAction","target":{"@type":"EntryPoint","urlTemplate":"https:\/\/www.reseau-entreprendre.org\/vendee\/?s={search_term_string}"},"query-input":{"@type":"PropertyValueSpecification","valueRequired":true,"valueName":"search_term_string"}}],"inLanguage":"fr-FR"},{"@type":"Person","@id":"https:\/\/www.reseau-entreprendre.org\/vendee\/#\/schema\/person\/97ed4c1b3ba9d2f59bfb33b9ee189f7b","name":"vendee","image":{"@type":"ImageObject","inLanguage":"fr-FR","@id":"https:\/\/secure.gravatar.com\/avatar\/70547e2bde971566282f4986d1a4d69efe1bf62a293ab358e9c3f9d6086fff53?s=96&d=mm&r=g","url":"https:\/\/secure.gravatar.com\/avatar\/70547e2bde971566282f4986d1a4d69efe1bf62a293ab358e9c3f9d6086fff53?s=96&d=mm&r=g","contentUrl":"https:\/\/secure.gravatar.com\/avatar\/70547e2bde971566282f4986d1a4d69efe1bf62a293ab358e9c3f9d6086fff53?s=96&d=mm&r=g","caption":"vendee"},"url":"https:\/\/www.reseau-entreprendre.org\/vendee\/author\/vendee\/"}]}},"_links":{"self":[{"href":"https:\/\/www.reseau-entreprendre.org\/vendee\/wp-json\/wp\/v2\/posts\/1726","targetHints":{"allow":["GET"]}}],"collection":[{"href":"https:\/\/www.reseau-entreprendre.org\/vendee\/wp-json\/wp\/v2\/posts"}],"about":[{"href":"https:\/\/www.reseau-entreprendre.org\/vendee\/wp-json\/wp\/v2\/types\/post"}],"author":[{"embeddable":true,"href":"https:\/\/www.reseau-entreprendre.org\/vendee\/wp-json\/wp\/v2\/users\/18"}],"replies":[{"embeddable":true,"href":"https:\/\/www.reseau-entreprendre.org\/vendee\/wp-json\/wp\/v2\/comments?post=1726"}],"version-history":[{"count":0,"href":"https:\/\/www.reseau-entreprendre.org\/vendee\/wp-json\/wp\/v2\/posts\/1726\/revisions"}],"wp:featuredmedia":[{"embeddable":true,"href":"https:\/\/www.reseau-entreprendre.org\/vendee\/wp-json\/wp\/v2\/media\/1727"}],"wp:attachment":[{"href":"https:\/\/www.reseau-entreprendre.org\/vendee\/wp-json\/wp\/v2\/media?parent=1726"}],"wp:term":[{"taxonomy":"category","embeddable":true,"href":"https:\/\/www.reseau-entreprendre.org\/vendee\/wp-json\/wp\/v2\/categories?post=1726"},{"taxonomy":"post_tag","embeddable":true,"href":"https:\/\/www.reseau-entreprendre.org\/vendee\/wp-json\/wp\/v2\/tags?post=1726"}],"curies":[{"name":"wp","href":"https:\/\/api.w.org\/{rel}","templated":true}]}}