{"id":8531,"date":"2024-06-06T09:49:15","date_gmt":"2024-06-06T07:49:15","guid":{"rendered":"https:\/\/www.reseau-entreprendre.org\/vendee\/?p=8531"},"modified":"2025-01-20T17:43:07","modified_gmt":"2025-01-20T16:43:07","slug":"vertical-rh-reprise-jeremie-beranger","status":"publish","type":"post","link":"https:\/\/www.reseau-entreprendre.org\/vendee\/2024\/06\/06\/vertical-rh-reprise-jeremie-beranger\/","title":{"rendered":"VERTICAL RH [REPRISE] : J\u00e9r\u00e9mie BERANGER"},"content":{"rendered":"\n<div class=\"wp-block-columns is-layout-flex wp-container-core-columns-is-layout-9d6595d7 wp-block-columns-is-layout-flex\">\n<div class=\"wp-block-column is-layout-flow wp-block-column-is-layout-flow\">\n<p class=\"has-re-yellow-color has-text-color has-link-color wp-elements-ff5fba8e54caf278884b10770572e3e1\"><br>Activit\u00e9 : recrutement, formation\/coaching management, pr\u00e9vention sant\u00e9 mentale, formation interne, conseils rh<\/p>\n\n\n\n<p style=\"font-size:16px\"><strong><a href=\"https:\/\/www.vertical-rh.com\/\" target=\"_blank\" rel=\"noreferrer noopener\">V<\/a><a href=\"https:\/\/www.vertical-rh.com\/\">ertical-RH<\/a><\/strong> est un cabinet fond\u00e9 en 2003, sp\u00e9cialis\u00e9 dans l&#8217;accompagnement des entreprises en recrutement, management et motivation des salari\u00e9s. Depuis 2010, le cabinet a enrichi son expertise avec des missions dans les secteurs de l&#8217;automobile, de l&#8217;a\u00e9ronautique et du naval. Bas\u00e9e \u00e0 Orvault l&#8217;\u00e9quipe intervient \u00e0 travers la France dans divers secteurs tels que l&#8217;agroalimentaire, le luxe, la d\u00e9fense, la pharmacie et bien d&#8217;autres, pour des PME, ETI et grands groupes. <\/p>\n\n\n\n<p><\/p>\n\n\n\n<p style=\"font-size:16px\"><strong>Quelle est l\u2019activit\u00e9 de l\u2019entreprise ?<\/strong><\/p>\n\n\n\n<p style=\"font-size:16px\">Vertical RH est un cabinet de conseils RH localis\u00e9 \u00e0 Nantes sp\u00e9cialis\u00e9 dans l\u2019accompagnement des entreprises au niveau national en mati\u00e8re de recrutement, de management et de motivation des salari\u00e9s.<\/p>\n<\/div>\n\n\n\n<div class=\"wp-block-column is-layout-flow wp-block-column-is-layout-flow\">\n<figure class=\"wp-block-image size-large is-resized\"><img loading=\"lazy\" decoding=\"async\" width=\"1024\" height=\"1024\" src=\"https:\/\/www.reseau-entreprendre.org\/vendee\/wp-content\/uploads\/sites\/18\/2025\/01\/BERANGER-1024x1024.jpg\" alt=\"\" class=\"wp-image-9249\" style=\"width:390px;height:auto\" srcset=\"https:\/\/www.reseau-entreprendre.org\/vendee\/wp-content\/uploads\/sites\/18\/2025\/01\/BERANGER-1024x1024.jpg 1024w, https:\/\/www.reseau-entreprendre.org\/vendee\/wp-content\/uploads\/sites\/18\/2025\/01\/BERANGER-300x300.jpg 300w, https:\/\/www.reseau-entreprendre.org\/vendee\/wp-content\/uploads\/sites\/18\/2025\/01\/BERANGER-150x150.jpg 150w, https:\/\/www.reseau-entreprendre.org\/vendee\/wp-content\/uploads\/sites\/18\/2025\/01\/BERANGER-768x768.jpg 768w, https:\/\/www.reseau-entreprendre.org\/vendee\/wp-content\/uploads\/sites\/18\/2025\/01\/BERANGER-500x500.jpg 500w, https:\/\/www.reseau-entreprendre.org\/vendee\/wp-content\/uploads\/sites\/18\/2025\/01\/BERANGER-1536x1536.jpg 1536w, https:\/\/www.reseau-entreprendre.org\/vendee\/wp-content\/uploads\/sites\/18\/2025\/01\/BERANGER-2048x2048.jpg 2048w, https:\/\/www.reseau-entreprendre.org\/vendee\/wp-content\/uploads\/sites\/18\/2025\/01\/BERANGER-130x130.jpg 130w, https:\/\/www.reseau-entreprendre.org\/vendee\/wp-content\/uploads\/sites\/18\/2025\/01\/BERANGER-100x100.jpg 100w\" sizes=\"auto, (max-width: 1024px) 100vw, 1024px\" \/><\/figure>\n<\/div>\n<\/div>\n\n\n\n<p style=\"font-size:16px\">Compos\u00e9 d\u2019une dizaine de consultants exp\u00e9riment\u00e9s, et r\u00e9solument orient\u00e9s vers l\u2019anticipation, le collaboratif et le d\u00e9veloppement, nous croyons dans le management et le d\u00e9veloppement des comp\u00e9tences, en tant que cl\u00e9s de la cr\u00e9ation de valeur de toute entreprise.&nbsp;Nos clients sont principalement des entreprises industrielles structur\u00e9es et des grands groupes situ\u00e9s partout en France.<\/p>\n\n\n\n<p style=\"font-size:16px\"><strong>Quel est votre parcours au sein de l\u2019entreprise&nbsp;?<\/strong><\/p>\n\n\n\n<p style=\"font-size:16px\">Fort d\u2019un parcours de 18 ann\u00e9es en animation de collectifs d\u2019industriels, j\u2019ai bord \u00e9t\u00e9 cheville ouvri\u00e8re de la cr\u00e9ation et du d\u00e9ploiement du Comit\u00e9 de D\u00e9veloppement de la M\u00e9tallurgie (2007-2015), cluster de 140 industriels des Pays de la Loire, j\u2019ai ensuite dirig\u00e9 le syndicat patronal PLASTI OUEST (jusqu\u2019en 2020) et pris part \u00e0 la direction nationale de l\u2019organisation professionnelle de la Plasturgie POLYVIA (2021-2023). J\u2019ai \u00e9galement occup\u00e9 ces 5 derni\u00e8res ann\u00e9es des postes de direction g\u00e9n\u00e9rale au sein de structures de conseil en performance rh, industrielle et durable chez RESO Industries puis VIA Industries d\u00e9veloppant une position de leader national dans l\u2019appui \u00e0 la fonction RH des PME industrielles et l\u2019accompagnement des ETI \u00e0 la mise en place de centres de formation internes.<\/p>\n\n\n\n<p style=\"font-size:16px\"><strong>Pourquoi avoir fait appel \u00e0 un accompagnement R\u00e9seau Entreprendre Vend\u00e9e ?<\/strong><\/p>\n\n\n\n<p style=\"font-size:16px\">Aujourd\u2019hui je m\u2019adresse \u00e0 R\u00e9seau Entreprendre Vend\u00e9e dans l\u2019optique de grandir en tant que chef d\u2019entreprise et d\u2019apprendre de mes pairs au sein d\u2019un r\u00e9seau dont j\u2019ai entendu beaucoup de bien de la part d&#8217;industriels que j\u2019ai pu croiser dans mes exp\u00e9riences pass\u00e9es.<\/p>\n\n\n\n<div class=\"wp-block-columns is-layout-flex wp-container-core-columns-is-layout-9d6595d7 wp-block-columns-is-layout-flex\">\n<div class=\"wp-block-column is-layout-flow wp-block-column-is-layout-flow\">\n<p class=\"has-re-yellow-color has-text-color has-medium-font-size\"><em><strong>Ville : ORVAULT<\/strong><\/em><br><strong>Pr\u00eat d&#8217;Honneur : 25 000 \u20ac + 25 000 \u20ac Fonds TR Pays de Loire<\/strong><\/p>\n\n\n\n<p class=\"has-re-blue-color has-text-color has-link-color wp-elements-79305666a35122768f1544372bc40169\"><strong>Accompagnateur R\u00e9seau Entreprendre Vend\u00e9e : Fabrice DUBROCA &#8211; FORMASO<\/strong><\/p>\n<\/div>\n<\/div>\n","protected":false},"excerpt":{"rendered":"<p>Activit\u00e9 : recrutement, formation\/coaching management, pr\u00e9vention sant\u00e9 mentale, formation interne,<\/p>\n","protected":false},"author":18,"featured_media":9253,"comment_status":"closed","ping_status":"closed","sticky":false,"template":"","format":"standard","meta":{"_acf_changed":false,"_monsterinsights_skip_tracking":false,"_monsterinsights_sitenote_active":false,"_monsterinsights_sitenote_note":"","_monsterinsights_sitenote_category":0,"footnotes":""},"categories":[4,24],"tags":[],"class_list":["post-8531","post","type-post","status-publish","format-standard","has-post-thumbnail","hentry","category-actualites","category-laureats-2024","news",null],"acf":[],"yoast_head":"<!-- This site is optimized with the Yoast SEO plugin v27.4 - https:\/\/yoast.com\/product\/yoast-seo-wordpress\/ -->\n<title>VERTICAL RH [REPRISE] : J\u00e9r\u00e9mie BERANGER - R\u00e9seau Entreprendre Vend\u00e9e<\/title>\n<meta name=\"robots\" content=\"index, follow, max-snippet:-1, max-image-preview:large, max-video-preview:-1\" \/>\n<link rel=\"canonical\" href=\"https:\/\/www.reseau-entreprendre.org\/vendee\/2024\/06\/06\/vertical-rh-reprise-jeremie-beranger\/\" \/>\n<meta property=\"og:locale\" content=\"fr_FR\" \/>\n<meta property=\"og:type\" content=\"article\" \/>\n<meta property=\"og:title\" content=\"VERTICAL RH [REPRISE] : J\u00e9r\u00e9mie BERANGER - R\u00e9seau Entreprendre Vend\u00e9e\" \/>\n<meta property=\"og:description\" content=\"Activit\u00e9 : recrutement, formation\/coaching management, pr\u00e9vention sant\u00e9 mentale, formation interne,\" \/>\n<meta property=\"og:url\" content=\"https:\/\/www.reseau-entreprendre.org\/vendee\/2024\/06\/06\/vertical-rh-reprise-jeremie-beranger\/\" \/>\n<meta property=\"og:site_name\" content=\"R\u00e9seau Entreprendre Vend\u00e9e\" \/>\n<meta property=\"article:published_time\" content=\"2024-06-06T07:49:15+00:00\" \/>\n<meta property=\"article:modified_time\" content=\"2025-01-20T16:43:07+00:00\" \/>\n<meta property=\"og:image\" content=\"https:\/\/www.reseau-entreprendre.org\/vendee\/wp-content\/uploads\/sites\/18\/2025\/01\/3.png\" \/>\n\t<meta property=\"og:image:width\" content=\"324\" \/>\n\t<meta property=\"og:image:height\" content=\"220\" \/>\n\t<meta property=\"og:image:type\" content=\"image\/png\" \/>\n<meta name=\"author\" content=\"vendee\" \/>\n<meta name=\"twitter:card\" content=\"summary_large_image\" \/>\n<meta name=\"twitter:label1\" content=\"\u00c9crit par\" \/>\n\t<meta name=\"twitter:data1\" content=\"vendee\" \/>\n\t<meta name=\"twitter:label2\" content=\"Dur\u00e9e de lecture estim\u00e9e\" \/>\n\t<meta name=\"twitter:data2\" content=\"3 minutes\" \/>\n<script type=\"application\/ld+json\" class=\"yoast-schema-graph\">{\"@context\":\"https:\\\/\\\/schema.org\",\"@graph\":[{\"@type\":\"Article\",\"@id\":\"https:\\\/\\\/www.reseau-entreprendre.org\\\/vendee\\\/2024\\\/06\\\/06\\\/vertical-rh-reprise-jeremie-beranger\\\/#article\",\"isPartOf\":{\"@id\":\"https:\\\/\\\/www.reseau-entreprendre.org\\\/vendee\\\/2024\\\/06\\\/06\\\/vertical-rh-reprise-jeremie-beranger\\\/\"},\"author\":{\"name\":\"vendee\",\"@id\":\"https:\\\/\\\/www.reseau-entreprendre.org\\\/vendee\\\/#\\\/schema\\\/person\\\/97ed4c1b3ba9d2f59bfb33b9ee189f7b\"},\"headline\":\"VERTICAL RH [REPRISE] : J\u00e9r\u00e9mie BERANGER\",\"datePublished\":\"2024-06-06T07:49:15+00:00\",\"dateModified\":\"2025-01-20T16:43:07+00:00\",\"mainEntityOfPage\":{\"@id\":\"https:\\\/\\\/www.reseau-entreprendre.org\\\/vendee\\\/2024\\\/06\\\/06\\\/vertical-rh-reprise-jeremie-beranger\\\/\"},\"wordCount\":441,\"image\":{\"@id\":\"https:\\\/\\\/www.reseau-entreprendre.org\\\/vendee\\\/2024\\\/06\\\/06\\\/vertical-rh-reprise-jeremie-beranger\\\/#primaryimage\"},\"thumbnailUrl\":\"https:\\\/\\\/www.reseau-entreprendre.org\\\/vendee\\\/wp-content\\\/uploads\\\/sites\\\/18\\\/2025\\\/01\\\/3.png\",\"articleSection\":[\"Actualit\u00e9s\",\"Laur\u00e9ats 2024\"],\"inLanguage\":\"fr-FR\"},{\"@type\":\"WebPage\",\"@id\":\"https:\\\/\\\/www.reseau-entreprendre.org\\\/vendee\\\/2024\\\/06\\\/06\\\/vertical-rh-reprise-jeremie-beranger\\\/\",\"url\":\"https:\\\/\\\/www.reseau-entreprendre.org\\\/vendee\\\/2024\\\/06\\\/06\\\/vertical-rh-reprise-jeremie-beranger\\\/\",\"name\":\"VERTICAL RH [REPRISE] : J\u00e9r\u00e9mie BERANGER - R\u00e9seau Entreprendre Vend\u00e9e\",\"isPartOf\":{\"@id\":\"https:\\\/\\\/www.reseau-entreprendre.org\\\/vendee\\\/#website\"},\"primaryImageOfPage\":{\"@id\":\"https:\\\/\\\/www.reseau-entreprendre.org\\\/vendee\\\/2024\\\/06\\\/06\\\/vertical-rh-reprise-jeremie-beranger\\\/#primaryimage\"},\"image\":{\"@id\":\"https:\\\/\\\/www.reseau-entreprendre.org\\\/vendee\\\/2024\\\/06\\\/06\\\/vertical-rh-reprise-jeremie-beranger\\\/#primaryimage\"},\"thumbnailUrl\":\"https:\\\/\\\/www.reseau-entreprendre.org\\\/vendee\\\/wp-content\\\/uploads\\\/sites\\\/18\\\/2025\\\/01\\\/3.png\",\"datePublished\":\"2024-06-06T07:49:15+00:00\",\"dateModified\":\"2025-01-20T16:43:07+00:00\",\"author\":{\"@id\":\"https:\\\/\\\/www.reseau-entreprendre.org\\\/vendee\\\/#\\\/schema\\\/person\\\/97ed4c1b3ba9d2f59bfb33b9ee189f7b\"},\"breadcrumb\":{\"@id\":\"https:\\\/\\\/www.reseau-entreprendre.org\\\/vendee\\\/2024\\\/06\\\/06\\\/vertical-rh-reprise-jeremie-beranger\\\/#breadcrumb\"},\"inLanguage\":\"fr-FR\",\"potentialAction\":[{\"@type\":\"ReadAction\",\"target\":[\"https:\\\/\\\/www.reseau-entreprendre.org\\\/vendee\\\/2024\\\/06\\\/06\\\/vertical-rh-reprise-jeremie-beranger\\\/\"]}]},{\"@type\":\"ImageObject\",\"inLanguage\":\"fr-FR\",\"@id\":\"https:\\\/\\\/www.reseau-entreprendre.org\\\/vendee\\\/2024\\\/06\\\/06\\\/vertical-rh-reprise-jeremie-beranger\\\/#primaryimage\",\"url\":\"https:\\\/\\\/www.reseau-entreprendre.org\\\/vendee\\\/wp-content\\\/uploads\\\/sites\\\/18\\\/2025\\\/01\\\/3.png\",\"contentUrl\":\"https:\\\/\\\/www.reseau-entreprendre.org\\\/vendee\\\/wp-content\\\/uploads\\\/sites\\\/18\\\/2025\\\/01\\\/3.png\",\"width\":324,\"height\":220},{\"@type\":\"BreadcrumbList\",\"@id\":\"https:\\\/\\\/www.reseau-entreprendre.org\\\/vendee\\\/2024\\\/06\\\/06\\\/vertical-rh-reprise-jeremie-beranger\\\/#breadcrumb\",\"itemListElement\":[{\"@type\":\"ListItem\",\"position\":1,\"name\":\"Accueil\",\"item\":\"https:\\\/\\\/www.reseau-entreprendre.org\\\/vendee\\\/\"},{\"@type\":\"ListItem\",\"position\":2,\"name\":\"VERTICAL RH [REPRISE] : J\u00e9r\u00e9mie BERANGER\"}]},{\"@type\":\"WebSite\",\"@id\":\"https:\\\/\\\/www.reseau-entreprendre.org\\\/vendee\\\/#website\",\"url\":\"https:\\\/\\\/www.reseau-entreprendre.org\\\/vendee\\\/\",\"name\":\"R\u00e9seau Entreprendre Vend\u00e9e\",\"description\":\"Un site utilisant Les sites de R\u00e9seau Entreprendre\",\"potentialAction\":[{\"@type\":\"SearchAction\",\"target\":{\"@type\":\"EntryPoint\",\"urlTemplate\":\"https:\\\/\\\/www.reseau-entreprendre.org\\\/vendee\\\/?s={search_term_string}\"},\"query-input\":{\"@type\":\"PropertyValueSpecification\",\"valueRequired\":true,\"valueName\":\"search_term_string\"}}],\"inLanguage\":\"fr-FR\"},{\"@type\":\"Person\",\"@id\":\"https:\\\/\\\/www.reseau-entreprendre.org\\\/vendee\\\/#\\\/schema\\\/person\\\/97ed4c1b3ba9d2f59bfb33b9ee189f7b\",\"name\":\"vendee\",\"image\":{\"@type\":\"ImageObject\",\"inLanguage\":\"fr-FR\",\"@id\":\"https:\\\/\\\/secure.gravatar.com\\\/avatar\\\/70547e2bde971566282f4986d1a4d69efe1bf62a293ab358e9c3f9d6086fff53?s=96&d=mm&r=g\",\"url\":\"https:\\\/\\\/secure.gravatar.com\\\/avatar\\\/70547e2bde971566282f4986d1a4d69efe1bf62a293ab358e9c3f9d6086fff53?s=96&d=mm&r=g\",\"contentUrl\":\"https:\\\/\\\/secure.gravatar.com\\\/avatar\\\/70547e2bde971566282f4986d1a4d69efe1bf62a293ab358e9c3f9d6086fff53?s=96&d=mm&r=g\",\"caption\":\"vendee\"},\"url\":\"https:\\\/\\\/www.reseau-entreprendre.org\\\/vendee\\\/author\\\/vendee\\\/\"}]}<\/script>\n<!-- \/ Yoast SEO plugin. -->","yoast_head_json":{"title":"VERTICAL RH [REPRISE] : J\u00e9r\u00e9mie BERANGER - R\u00e9seau Entreprendre Vend\u00e9e","robots":{"index":"index","follow":"follow","max-snippet":"max-snippet:-1","max-image-preview":"max-image-preview:large","max-video-preview":"max-video-preview:-1"},"canonical":"https:\/\/www.reseau-entreprendre.org\/vendee\/2024\/06\/06\/vertical-rh-reprise-jeremie-beranger\/","og_locale":"fr_FR","og_type":"article","og_title":"VERTICAL RH [REPRISE] : J\u00e9r\u00e9mie BERANGER - R\u00e9seau Entreprendre Vend\u00e9e","og_description":"Activit\u00e9 : recrutement, formation\/coaching management, pr\u00e9vention sant\u00e9 mentale, formation interne,","og_url":"https:\/\/www.reseau-entreprendre.org\/vendee\/2024\/06\/06\/vertical-rh-reprise-jeremie-beranger\/","og_site_name":"R\u00e9seau Entreprendre Vend\u00e9e","article_published_time":"2024-06-06T07:49:15+00:00","article_modified_time":"2025-01-20T16:43:07+00:00","og_image":[{"width":324,"height":220,"url":"https:\/\/www.reseau-entreprendre.org\/vendee\/wp-content\/uploads\/sites\/18\/2025\/01\/3.png","type":"image\/png"}],"author":"vendee","twitter_card":"summary_large_image","twitter_misc":{"\u00c9crit par":"vendee","Dur\u00e9e de lecture estim\u00e9e":"3 minutes"},"schema":{"@context":"https:\/\/schema.org","@graph":[{"@type":"Article","@id":"https:\/\/www.reseau-entreprendre.org\/vendee\/2024\/06\/06\/vertical-rh-reprise-jeremie-beranger\/#article","isPartOf":{"@id":"https:\/\/www.reseau-entreprendre.org\/vendee\/2024\/06\/06\/vertical-rh-reprise-jeremie-beranger\/"},"author":{"name":"vendee","@id":"https:\/\/www.reseau-entreprendre.org\/vendee\/#\/schema\/person\/97ed4c1b3ba9d2f59bfb33b9ee189f7b"},"headline":"VERTICAL RH [REPRISE] : J\u00e9r\u00e9mie BERANGER","datePublished":"2024-06-06T07:49:15+00:00","dateModified":"2025-01-20T16:43:07+00:00","mainEntityOfPage":{"@id":"https:\/\/www.reseau-entreprendre.org\/vendee\/2024\/06\/06\/vertical-rh-reprise-jeremie-beranger\/"},"wordCount":441,"image":{"@id":"https:\/\/www.reseau-entreprendre.org\/vendee\/2024\/06\/06\/vertical-rh-reprise-jeremie-beranger\/#primaryimage"},"thumbnailUrl":"https:\/\/www.reseau-entreprendre.org\/vendee\/wp-content\/uploads\/sites\/18\/2025\/01\/3.png","articleSection":["Actualit\u00e9s","Laur\u00e9ats 2024"],"inLanguage":"fr-FR"},{"@type":"WebPage","@id":"https:\/\/www.reseau-entreprendre.org\/vendee\/2024\/06\/06\/vertical-rh-reprise-jeremie-beranger\/","url":"https:\/\/www.reseau-entreprendre.org\/vendee\/2024\/06\/06\/vertical-rh-reprise-jeremie-beranger\/","name":"VERTICAL RH [REPRISE] : J\u00e9r\u00e9mie BERANGER - R\u00e9seau Entreprendre Vend\u00e9e","isPartOf":{"@id":"https:\/\/www.reseau-entreprendre.org\/vendee\/#website"},"primaryImageOfPage":{"@id":"https:\/\/www.reseau-entreprendre.org\/vendee\/2024\/06\/06\/vertical-rh-reprise-jeremie-beranger\/#primaryimage"},"image":{"@id":"https:\/\/www.reseau-entreprendre.org\/vendee\/2024\/06\/06\/vertical-rh-reprise-jeremie-beranger\/#primaryimage"},"thumbnailUrl":"https:\/\/www.reseau-entreprendre.org\/vendee\/wp-content\/uploads\/sites\/18\/2025\/01\/3.png","datePublished":"2024-06-06T07:49:15+00:00","dateModified":"2025-01-20T16:43:07+00:00","author":{"@id":"https:\/\/www.reseau-entreprendre.org\/vendee\/#\/schema\/person\/97ed4c1b3ba9d2f59bfb33b9ee189f7b"},"breadcrumb":{"@id":"https:\/\/www.reseau-entreprendre.org\/vendee\/2024\/06\/06\/vertical-rh-reprise-jeremie-beranger\/#breadcrumb"},"inLanguage":"fr-FR","potentialAction":[{"@type":"ReadAction","target":["https:\/\/www.reseau-entreprendre.org\/vendee\/2024\/06\/06\/vertical-rh-reprise-jeremie-beranger\/"]}]},{"@type":"ImageObject","inLanguage":"fr-FR","@id":"https:\/\/www.reseau-entreprendre.org\/vendee\/2024\/06\/06\/vertical-rh-reprise-jeremie-beranger\/#primaryimage","url":"https:\/\/www.reseau-entreprendre.org\/vendee\/wp-content\/uploads\/sites\/18\/2025\/01\/3.png","contentUrl":"https:\/\/www.reseau-entreprendre.org\/vendee\/wp-content\/uploads\/sites\/18\/2025\/01\/3.png","width":324,"height":220},{"@type":"BreadcrumbList","@id":"https:\/\/www.reseau-entreprendre.org\/vendee\/2024\/06\/06\/vertical-rh-reprise-jeremie-beranger\/#breadcrumb","itemListElement":[{"@type":"ListItem","position":1,"name":"Accueil","item":"https:\/\/www.reseau-entreprendre.org\/vendee\/"},{"@type":"ListItem","position":2,"name":"VERTICAL RH [REPRISE] : J\u00e9r\u00e9mie BERANGER"}]},{"@type":"WebSite","@id":"https:\/\/www.reseau-entreprendre.org\/vendee\/#website","url":"https:\/\/www.reseau-entreprendre.org\/vendee\/","name":"R\u00e9seau Entreprendre Vend\u00e9e","description":"Un site utilisant Les sites de R\u00e9seau Entreprendre","potentialAction":[{"@type":"SearchAction","target":{"@type":"EntryPoint","urlTemplate":"https:\/\/www.reseau-entreprendre.org\/vendee\/?s={search_term_string}"},"query-input":{"@type":"PropertyValueSpecification","valueRequired":true,"valueName":"search_term_string"}}],"inLanguage":"fr-FR"},{"@type":"Person","@id":"https:\/\/www.reseau-entreprendre.org\/vendee\/#\/schema\/person\/97ed4c1b3ba9d2f59bfb33b9ee189f7b","name":"vendee","image":{"@type":"ImageObject","inLanguage":"fr-FR","@id":"https:\/\/secure.gravatar.com\/avatar\/70547e2bde971566282f4986d1a4d69efe1bf62a293ab358e9c3f9d6086fff53?s=96&d=mm&r=g","url":"https:\/\/secure.gravatar.com\/avatar\/70547e2bde971566282f4986d1a4d69efe1bf62a293ab358e9c3f9d6086fff53?s=96&d=mm&r=g","contentUrl":"https:\/\/secure.gravatar.com\/avatar\/70547e2bde971566282f4986d1a4d69efe1bf62a293ab358e9c3f9d6086fff53?s=96&d=mm&r=g","caption":"vendee"},"url":"https:\/\/www.reseau-entreprendre.org\/vendee\/author\/vendee\/"}]}},"_links":{"self":[{"href":"https:\/\/www.reseau-entreprendre.org\/vendee\/wp-json\/wp\/v2\/posts\/8531","targetHints":{"allow":["GET"]}}],"collection":[{"href":"https:\/\/www.reseau-entreprendre.org\/vendee\/wp-json\/wp\/v2\/posts"}],"about":[{"href":"https:\/\/www.reseau-entreprendre.org\/vendee\/wp-json\/wp\/v2\/types\/post"}],"author":[{"embeddable":true,"href":"https:\/\/www.reseau-entreprendre.org\/vendee\/wp-json\/wp\/v2\/users\/18"}],"replies":[{"embeddable":true,"href":"https:\/\/www.reseau-entreprendre.org\/vendee\/wp-json\/wp\/v2\/comments?post=8531"}],"version-history":[{"count":0,"href":"https:\/\/www.reseau-entreprendre.org\/vendee\/wp-json\/wp\/v2\/posts\/8531\/revisions"}],"wp:featuredmedia":[{"embeddable":true,"href":"https:\/\/www.reseau-entreprendre.org\/vendee\/wp-json\/wp\/v2\/media\/9253"}],"wp:attachment":[{"href":"https:\/\/www.reseau-entreprendre.org\/vendee\/wp-json\/wp\/v2\/media?parent=8531"}],"wp:term":[{"taxonomy":"category","embeddable":true,"href":"https:\/\/www.reseau-entreprendre.org\/vendee\/wp-json\/wp\/v2\/categories?post=8531"},{"taxonomy":"post_tag","embeddable":true,"href":"https:\/\/www.reseau-entreprendre.org\/vendee\/wp-json\/wp\/v2\/tags?post=8531"}],"curies":[{"name":"wp","href":"https:\/\/api.w.org\/{rel}","templated":true}]}}