{"id":9169,"date":"2024-12-12T16:33:03","date_gmt":"2024-12-12T15:33:03","guid":{"rendered":"https:\/\/www.reseau-entreprendre.org\/vendee\/?p=9169"},"modified":"2025-03-06T17:56:40","modified_gmt":"2025-03-06T16:56:40","slug":"menuiserie-gendreau-reprise-sebastien-cannelle","status":"publish","type":"post","link":"https:\/\/www.reseau-entreprendre.org\/vendee\/2024\/12\/12\/menuiserie-gendreau-reprise-sebastien-cannelle\/","title":{"rendered":"MENUISERIE GENDREAU (reprise) : S\u00e9bastien CANNELLE"},"content":{"rendered":"\n<div class=\"wp-block-columns is-layout-flex wp-container-core-columns-is-layout-9d6595d7 wp-block-columns-is-layout-flex\">\n<div class=\"wp-block-column is-layout-flow wp-block-column-is-layout-flow\">\n<div class=\"wp-block-columns is-layout-flex wp-container-core-columns-is-layout-9d6595d7 wp-block-columns-is-layout-flex\">\n<div class=\"wp-block-column is-layout-flow wp-block-column-is-layout-flow\">\n<p><\/p>\n\n\n\n<p class=\"has-re-yellow-color has-text-color has-link-color has-medium-font-size wp-elements-bb25f99fe5c045b46a330232a35c86db\"><strong><em><em><em>Activit\u00e9&nbsp;: menuiserie \u2013 charpente<\/em><br><\/em><\/em><\/strong><\/p>\n\n\n\n<p class=\"MsoNormal has-medium-font-size\"><strong><a href=\"https:\/\/www.menuiserie-gendreau.fr\/\">La menuiserie GENDREAU,<\/a><\/strong><a> sp\u00e9cialis\u00e9e en menuiserie g\u00e9n\u00e9rale, r\u00e9alise des projets en neuf et r\u00e9novation : charpentes, ossatures bois, menuiseries ext\u00e9rieures, am\u00e9nagements ext\u00e9rieurs et agencement int\u00e9rieur sur mesure. Avec un atelier de 1 150 m\u00b2 et une \u00e9quipe pluridisciplinaire qualifi\u00e9e, elle priorise les chantiers locaux pour une client\u00e8le priv\u00e9e, r\u00e9guli\u00e8rement accompagn\u00e9e d\u2019un architecte.<\/a> Depuis le printemps 2024, S\u00e9bastien Cannelle est le repreneur de la menuiserie d&#8217;Aubigny-les-Clouzeaux.<br><\/p>\n<\/div>\n\n\n\n<div class=\"wp-block-column is-layout-flow wp-block-column-is-layout-flow\"><div class=\"wp-block-image\">\n<figure class=\"aligncenter size-large is-resized\"><img loading=\"lazy\" decoding=\"async\" width=\"1024\" height=\"1024\" src=\"https:\/\/www.reseau-entreprendre.org\/vendee\/wp-content\/uploads\/sites\/18\/2025\/01\/CANNELLE-1024x1024.jpg\" alt=\"\" class=\"wp-image-9231\" style=\"width:405px;height:auto\" srcset=\"https:\/\/www.reseau-entreprendre.org\/vendee\/wp-content\/uploads\/sites\/18\/2025\/01\/CANNELLE-1024x1024.jpg 1024w, https:\/\/www.reseau-entreprendre.org\/vendee\/wp-content\/uploads\/sites\/18\/2025\/01\/CANNELLE-300x300.jpg 300w, https:\/\/www.reseau-entreprendre.org\/vendee\/wp-content\/uploads\/sites\/18\/2025\/01\/CANNELLE-150x150.jpg 150w, https:\/\/www.reseau-entreprendre.org\/vendee\/wp-content\/uploads\/sites\/18\/2025\/01\/CANNELLE-768x768.jpg 768w, https:\/\/www.reseau-entreprendre.org\/vendee\/wp-content\/uploads\/sites\/18\/2025\/01\/CANNELLE-500x500.jpg 500w, https:\/\/www.reseau-entreprendre.org\/vendee\/wp-content\/uploads\/sites\/18\/2025\/01\/CANNELLE-1536x1536.jpg 1536w, https:\/\/www.reseau-entreprendre.org\/vendee\/wp-content\/uploads\/sites\/18\/2025\/01\/CANNELLE-2048x2048.jpg 2048w, https:\/\/www.reseau-entreprendre.org\/vendee\/wp-content\/uploads\/sites\/18\/2025\/01\/CANNELLE-130x130.jpg 130w, https:\/\/www.reseau-entreprendre.org\/vendee\/wp-content\/uploads\/sites\/18\/2025\/01\/CANNELLE-100x100.jpg 100w\" sizes=\"auto, (max-width: 1024px) 100vw, 1024px\" \/><\/figure>\n<\/div><\/div>\n<\/div>\n\n\n\n<p class=\"has-re-blue-color has-text-color has-link-color has-medium-font-size wp-elements-93b2aec500cbf02d52d40aa32c5ccf5a\"><strong><br>S\u00e9bastien, quel est ton parcours jusqu&#8217;\u00e0 la reprise de GENDREAU MENUISERIE&nbsp; ?<\/strong><\/p>\n\n\n\n<p class=\"has-link-color has-medium-font-size wp-elements-2297a58f9de43e00ef7dd00174cbe9da\"><strong>S\u00e9bastien CANNELLE<\/strong>&nbsp;: \u00ab&nbsp;<em>Issu d\u2019une formation BAC+5 en informatique industrielle, j\u2019ai travaill\u00e9 12 ans \u00e0 une filiale d\u2019Airbus. J\u2019ai effectu\u00e9 les missions de conception logicielle au bureau d\u2019\u00e9tude, de chef de projet et de charg\u00e9 d\u2019affaire dans cette entreprise. Mon souhait de revenir en Vend\u00e9e pour que mes 3 enfants puissent profiter de leurs grands-parents et mon envie d\u2019entreprendre, m\u2019ont fait racheter l\u2019entreprise Plac\u2019Ouest en novembre 2019. \u00c0 la suite de ce rachat, j\u2019ai rencontr\u00e9 Pascale Bourdet (ex-g\u00e9rante de Gendreau) sur les chantiers lors des r\u00e9unions. En 2023, elle m\u2019exprime sa volont\u00e9 de vendre son entreprise. Apr\u00e8s r\u00e9flexions, j\u2019organise le rachat de son entreprise, y voyant l\u2019opportunit\u00e9 de compl\u00e9ter l\u2019offre de service propos\u00e9 par Plac\u2019Ouest.&nbsp;Le rachat est effectu\u00e9 en avril 2024<\/em>.&nbsp;\u00bb<\/p>\n\n\n\n<p><\/p>\n\n\n\n<p class=\"has-re-blue-color has-text-color has-link-color has-medium-font-size wp-elements-60fea0f845064064f89cf07f3afd5bc6\"><strong>Quelle est l&#8217;activit\u00e9 de<a href=\"https:\/\/www.cipiconcept.fr\/\" target=\"_blank\" rel=\"noreferrer noopener\"> <\/a>l&#8217;entreprise ? <\/strong><\/p>\n\n\n\n<p class=\"has-medium-font-size\"><em>\u00ab&nbsp;<strong>La menuiserie GENDREAU<\/strong> fait de la menuiserie g\u00e9n\u00e9rale : <\/em><\/p>\n\n\n\n<ul class=\"wp-block-list\">\n<li class=\"has-medium-font-size\"><em>Charpente&nbsp;: Charpente traditionnelle, charpente industrielle, ossature bois, bardage, \u2026<\/em><\/li>\n<\/ul>\n\n\n\n<ul class=\"wp-block-list\">\n<li class=\"has-medium-font-size\"><em>Menuiserie ext\u00e9rieure&nbsp;: Pose de menuiserie ext\u00e9rieure PVC, Bois, Alu et mixte. L\u2019entreprise a la capacit\u00e9 de trouver des fabricants pour reproduire \u00e0 l\u2019identique des portes d\u2019entr\u00e9e class\u00e9es aux b\u00e2timents de France<\/em><\/li>\n<\/ul>\n\n\n\n<ul class=\"wp-block-list\">\n<li class=\"has-medium-font-size\"><em>Menuiserie int\u00e9rieure&nbsp;: portes d\u2019int\u00e9rieures de communication et\/ou technique (acoustique, coupe-feu, \u2026), pose de parquet, de plinthe, de dressing, de verri\u00e8res, cuisine, \u2026 Les produits pos\u00e9s sont soit achet\u00e9s aupr\u00e8s de fournisseurs, soit fabriqu\u00e9s en interne.<\/em><\/li>\n<\/ul>\n\n\n\n<ul class=\"wp-block-list\">\n<li class=\"has-medium-font-size\"> <em>Fabrication de mobilier d\u2019agencement&nbsp;: Compl\u00e8te la menuiserie int\u00e9rieure, avec la fabrication de dressing sur mesure, de biblioth\u00e8que sur mesure, verri\u00e8re, ch\u00e2ssis fixe, porte particuli\u00e8re, \u2026<\/em><\/li>\n<\/ul>\n\n\n\n<ul class=\"wp-block-list\">\n<li class=\"has-medium-font-size\"><em>Am\u00e9nagement ext\u00e9rieur&nbsp;: Pose de terrasse, de pergolas, de carports, \u2026<\/em><\/li>\n<\/ul>\n\n\n\n<ul class=\"wp-block-list\">\n<li class=\"has-medium-font-size\"><em>D\u00e9pannage&nbsp;: Activit\u00e9 de d\u00e9pannage pour les produits que l\u2019on a pos\u00e9 ou pas. Un volet roulant bloqu\u00e9, un technicien peut  intervenir<\/em>&nbsp;\u00bb<\/li>\n<\/ul>\n\n\n\n<p class=\"has-re-blue-color has-text-color has-link-color has-medium-font-size wp-elements-fdab54f04e65273c0748f1c7a3de87aa\"><strong>Comment as-tu d\u00e9couvert R\u00e9seau Entreprendre Vend\u00e9e et pourquoi vouloir \u00eatre accompagn\u00e9 dans ce projet de reprise&nbsp;?<\/strong><\/p>\n\n\n\n<p class=\"has-medium-font-size\">\u00ab <em>Pour le rachat de<strong> Gendreau,<\/strong> j\u2019ai \u00e9t\u00e9 orient\u00e9 vers R\u00e9seau Entreprendre Vend\u00e9e compte tenu de l\u2019ampleur du projet. De plus, Pascale Bourdet, en tant que membre, m\u2019avait parl\u00e9, ainsi que mon cabinet comptable. Je souhaite \u00eatre accompagn\u00e9 dans ce projet de reprise car je dirige \u00e0 pr\u00e9sent 3 structures, dont une de 10 salari\u00e9s (Plac\u2019ouest), et une de 19 salari\u00e9s (Gendreau). J\u2019ai besoin d\u2019\u00eatre accompagn\u00e9 sur leurs organisations, leurs pilotages respectifs et la vision d\u2019ensemble. Un accompagnement permettrait d\u2019\u00e9changer sur ces sujets, de consolider les choix effectu\u00e9s en partageant l\u2019exp\u00e9rience, et de ce fait, \u00e9viter les pi\u00e8ges<\/em>. \u00bb<\/p>\n<\/div>\n<\/div>\n\n\n\n<div class=\"wp-block-columns is-layout-flex wp-container-core-columns-is-layout-9d6595d7 wp-block-columns-is-layout-flex\">\n<div class=\"wp-block-column is-layout-flow wp-block-column-is-layout-flow\">\n<p class=\"has-re-yellow-color has-text-color has-medium-font-size\"><strong>Ville : Aubigny-les-Clouzeaux<\/strong><\/p>\n\n\n\n<p class=\"has-re-yellow-color has-text-color has-medium-font-size\">Accompagnateur R\u00e9seau Entreprendre Vend\u00e9e : S\u00e9bastien Meriau &#8211; Cap Piscines<br><strong>Pr\u00eat d&#8217;Honneur : 50 000 \u20ac <\/strong><\/p>\n\n\n\n<p class=\"has-medium-font-size\"><a href=\"https:\/\/www.a4formation.fr\"><\/a><\/p>\n<\/div>\n<\/div>\n\n\n\n<p><\/p>\n","protected":false},"excerpt":{"rendered":"<p>Activit\u00e9&nbsp;: menuiserie \u2013 charpente La menuiserie GENDREAU, sp\u00e9cialis\u00e9e en menuiserie<\/p>\n","protected":false},"author":18,"featured_media":9256,"comment_status":"closed","ping_status":"closed","sticky":false,"template":"","format":"standard","meta":{"_acf_changed":false,"_monsterinsights_skip_tracking":false,"_monsterinsights_sitenote_active":false,"_monsterinsights_sitenote_note":"","_monsterinsights_sitenote_category":0,"footnotes":""},"categories":[4,24],"tags":[],"class_list":["post-9169","post","type-post","status-publish","format-standard","has-post-thumbnail","hentry","category-actualites","category-laureats-2024","news",null],"acf":[],"yoast_head":"<!-- This site is optimized with the Yoast SEO plugin v27.4 - https:\/\/yoast.com\/product\/yoast-seo-wordpress\/ -->\n<title>MENUISERIE GENDREAU (reprise) : S\u00e9bastien CANNELLE - R\u00e9seau Entreprendre Vend\u00e9e<\/title>\n<meta name=\"robots\" content=\"index, follow, max-snippet:-1, max-image-preview:large, max-video-preview:-1\" \/>\n<link rel=\"canonical\" href=\"https:\/\/www.reseau-entreprendre.org\/vendee\/2024\/12\/12\/menuiserie-gendreau-reprise-sebastien-cannelle\/\" \/>\n<meta property=\"og:locale\" content=\"fr_FR\" \/>\n<meta property=\"og:type\" content=\"article\" \/>\n<meta property=\"og:title\" content=\"MENUISERIE GENDREAU (reprise) : S\u00e9bastien CANNELLE - R\u00e9seau Entreprendre Vend\u00e9e\" \/>\n<meta property=\"og:description\" content=\"Activit\u00e9&nbsp;: menuiserie \u2013 charpente La menuiserie GENDREAU, sp\u00e9cialis\u00e9e en menuiserie\" \/>\n<meta property=\"og:url\" content=\"https:\/\/www.reseau-entreprendre.org\/vendee\/2024\/12\/12\/menuiserie-gendreau-reprise-sebastien-cannelle\/\" \/>\n<meta property=\"og:site_name\" content=\"R\u00e9seau Entreprendre Vend\u00e9e\" \/>\n<meta property=\"article:published_time\" content=\"2024-12-12T15:33:03+00:00\" \/>\n<meta property=\"article:modified_time\" content=\"2025-03-06T16:56:40+00:00\" \/>\n<meta property=\"og:image\" content=\"https:\/\/www.reseau-entreprendre.org\/vendee\/wp-content\/uploads\/sites\/18\/2025\/01\/6.png\" \/>\n\t<meta property=\"og:image:width\" content=\"324\" \/>\n\t<meta property=\"og:image:height\" content=\"220\" \/>\n\t<meta property=\"og:image:type\" content=\"image\/png\" \/>\n<meta name=\"author\" content=\"vendee\" \/>\n<meta name=\"twitter:card\" content=\"summary_large_image\" \/>\n<meta name=\"twitter:label1\" content=\"\u00c9crit par\" \/>\n\t<meta name=\"twitter:data1\" content=\"vendee\" \/>\n\t<meta name=\"twitter:label2\" content=\"Dur\u00e9e de lecture estim\u00e9e\" \/>\n\t<meta name=\"twitter:data2\" content=\"3 minutes\" \/>\n<script type=\"application\/ld+json\" class=\"yoast-schema-graph\">{\"@context\":\"https:\\\/\\\/schema.org\",\"@graph\":[{\"@type\":\"Article\",\"@id\":\"https:\\\/\\\/www.reseau-entreprendre.org\\\/vendee\\\/2024\\\/12\\\/12\\\/menuiserie-gendreau-reprise-sebastien-cannelle\\\/#article\",\"isPartOf\":{\"@id\":\"https:\\\/\\\/www.reseau-entreprendre.org\\\/vendee\\\/2024\\\/12\\\/12\\\/menuiserie-gendreau-reprise-sebastien-cannelle\\\/\"},\"author\":{\"name\":\"vendee\",\"@id\":\"https:\\\/\\\/www.reseau-entreprendre.org\\\/vendee\\\/#\\\/schema\\\/person\\\/97ed4c1b3ba9d2f59bfb33b9ee189f7b\"},\"headline\":\"MENUISERIE GENDREAU (reprise) : S\u00e9bastien CANNELLE\",\"datePublished\":\"2024-12-12T15:33:03+00:00\",\"dateModified\":\"2025-03-06T16:56:40+00:00\",\"mainEntityOfPage\":{\"@id\":\"https:\\\/\\\/www.reseau-entreprendre.org\\\/vendee\\\/2024\\\/12\\\/12\\\/menuiserie-gendreau-reprise-sebastien-cannelle\\\/\"},\"wordCount\":571,\"image\":{\"@id\":\"https:\\\/\\\/www.reseau-entreprendre.org\\\/vendee\\\/2024\\\/12\\\/12\\\/menuiserie-gendreau-reprise-sebastien-cannelle\\\/#primaryimage\"},\"thumbnailUrl\":\"https:\\\/\\\/www.reseau-entreprendre.org\\\/vendee\\\/wp-content\\\/uploads\\\/sites\\\/18\\\/2025\\\/01\\\/6.png\",\"articleSection\":[\"Actualit\u00e9s\",\"Laur\u00e9ats 2024\"],\"inLanguage\":\"fr-FR\"},{\"@type\":\"WebPage\",\"@id\":\"https:\\\/\\\/www.reseau-entreprendre.org\\\/vendee\\\/2024\\\/12\\\/12\\\/menuiserie-gendreau-reprise-sebastien-cannelle\\\/\",\"url\":\"https:\\\/\\\/www.reseau-entreprendre.org\\\/vendee\\\/2024\\\/12\\\/12\\\/menuiserie-gendreau-reprise-sebastien-cannelle\\\/\",\"name\":\"MENUISERIE GENDREAU (reprise) : S\u00e9bastien CANNELLE - R\u00e9seau Entreprendre Vend\u00e9e\",\"isPartOf\":{\"@id\":\"https:\\\/\\\/www.reseau-entreprendre.org\\\/vendee\\\/#website\"},\"primaryImageOfPage\":{\"@id\":\"https:\\\/\\\/www.reseau-entreprendre.org\\\/vendee\\\/2024\\\/12\\\/12\\\/menuiserie-gendreau-reprise-sebastien-cannelle\\\/#primaryimage\"},\"image\":{\"@id\":\"https:\\\/\\\/www.reseau-entreprendre.org\\\/vendee\\\/2024\\\/12\\\/12\\\/menuiserie-gendreau-reprise-sebastien-cannelle\\\/#primaryimage\"},\"thumbnailUrl\":\"https:\\\/\\\/www.reseau-entreprendre.org\\\/vendee\\\/wp-content\\\/uploads\\\/sites\\\/18\\\/2025\\\/01\\\/6.png\",\"datePublished\":\"2024-12-12T15:33:03+00:00\",\"dateModified\":\"2025-03-06T16:56:40+00:00\",\"author\":{\"@id\":\"https:\\\/\\\/www.reseau-entreprendre.org\\\/vendee\\\/#\\\/schema\\\/person\\\/97ed4c1b3ba9d2f59bfb33b9ee189f7b\"},\"breadcrumb\":{\"@id\":\"https:\\\/\\\/www.reseau-entreprendre.org\\\/vendee\\\/2024\\\/12\\\/12\\\/menuiserie-gendreau-reprise-sebastien-cannelle\\\/#breadcrumb\"},\"inLanguage\":\"fr-FR\",\"potentialAction\":[{\"@type\":\"ReadAction\",\"target\":[\"https:\\\/\\\/www.reseau-entreprendre.org\\\/vendee\\\/2024\\\/12\\\/12\\\/menuiserie-gendreau-reprise-sebastien-cannelle\\\/\"]}]},{\"@type\":\"ImageObject\",\"inLanguage\":\"fr-FR\",\"@id\":\"https:\\\/\\\/www.reseau-entreprendre.org\\\/vendee\\\/2024\\\/12\\\/12\\\/menuiserie-gendreau-reprise-sebastien-cannelle\\\/#primaryimage\",\"url\":\"https:\\\/\\\/www.reseau-entreprendre.org\\\/vendee\\\/wp-content\\\/uploads\\\/sites\\\/18\\\/2025\\\/01\\\/6.png\",\"contentUrl\":\"https:\\\/\\\/www.reseau-entreprendre.org\\\/vendee\\\/wp-content\\\/uploads\\\/sites\\\/18\\\/2025\\\/01\\\/6.png\",\"width\":324,\"height\":220},{\"@type\":\"BreadcrumbList\",\"@id\":\"https:\\\/\\\/www.reseau-entreprendre.org\\\/vendee\\\/2024\\\/12\\\/12\\\/menuiserie-gendreau-reprise-sebastien-cannelle\\\/#breadcrumb\",\"itemListElement\":[{\"@type\":\"ListItem\",\"position\":1,\"name\":\"Accueil\",\"item\":\"https:\\\/\\\/www.reseau-entreprendre.org\\\/vendee\\\/\"},{\"@type\":\"ListItem\",\"position\":2,\"name\":\"MENUISERIE GENDREAU (reprise) : S\u00e9bastien CANNELLE\"}]},{\"@type\":\"WebSite\",\"@id\":\"https:\\\/\\\/www.reseau-entreprendre.org\\\/vendee\\\/#website\",\"url\":\"https:\\\/\\\/www.reseau-entreprendre.org\\\/vendee\\\/\",\"name\":\"R\u00e9seau Entreprendre Vend\u00e9e\",\"description\":\"Un site utilisant Les sites de R\u00e9seau Entreprendre\",\"potentialAction\":[{\"@type\":\"SearchAction\",\"target\":{\"@type\":\"EntryPoint\",\"urlTemplate\":\"https:\\\/\\\/www.reseau-entreprendre.org\\\/vendee\\\/?s={search_term_string}\"},\"query-input\":{\"@type\":\"PropertyValueSpecification\",\"valueRequired\":true,\"valueName\":\"search_term_string\"}}],\"inLanguage\":\"fr-FR\"},{\"@type\":\"Person\",\"@id\":\"https:\\\/\\\/www.reseau-entreprendre.org\\\/vendee\\\/#\\\/schema\\\/person\\\/97ed4c1b3ba9d2f59bfb33b9ee189f7b\",\"name\":\"vendee\",\"image\":{\"@type\":\"ImageObject\",\"inLanguage\":\"fr-FR\",\"@id\":\"https:\\\/\\\/secure.gravatar.com\\\/avatar\\\/70547e2bde971566282f4986d1a4d69efe1bf62a293ab358e9c3f9d6086fff53?s=96&d=mm&r=g\",\"url\":\"https:\\\/\\\/secure.gravatar.com\\\/avatar\\\/70547e2bde971566282f4986d1a4d69efe1bf62a293ab358e9c3f9d6086fff53?s=96&d=mm&r=g\",\"contentUrl\":\"https:\\\/\\\/secure.gravatar.com\\\/avatar\\\/70547e2bde971566282f4986d1a4d69efe1bf62a293ab358e9c3f9d6086fff53?s=96&d=mm&r=g\",\"caption\":\"vendee\"},\"url\":\"https:\\\/\\\/www.reseau-entreprendre.org\\\/vendee\\\/author\\\/vendee\\\/\"}]}<\/script>\n<!-- \/ Yoast SEO plugin. -->","yoast_head_json":{"title":"MENUISERIE GENDREAU (reprise) : S\u00e9bastien CANNELLE - R\u00e9seau Entreprendre Vend\u00e9e","robots":{"index":"index","follow":"follow","max-snippet":"max-snippet:-1","max-image-preview":"max-image-preview:large","max-video-preview":"max-video-preview:-1"},"canonical":"https:\/\/www.reseau-entreprendre.org\/vendee\/2024\/12\/12\/menuiserie-gendreau-reprise-sebastien-cannelle\/","og_locale":"fr_FR","og_type":"article","og_title":"MENUISERIE GENDREAU (reprise) : S\u00e9bastien CANNELLE - R\u00e9seau Entreprendre Vend\u00e9e","og_description":"Activit\u00e9&nbsp;: menuiserie \u2013 charpente La menuiserie GENDREAU, sp\u00e9cialis\u00e9e en menuiserie","og_url":"https:\/\/www.reseau-entreprendre.org\/vendee\/2024\/12\/12\/menuiserie-gendreau-reprise-sebastien-cannelle\/","og_site_name":"R\u00e9seau Entreprendre Vend\u00e9e","article_published_time":"2024-12-12T15:33:03+00:00","article_modified_time":"2025-03-06T16:56:40+00:00","og_image":[{"width":324,"height":220,"url":"https:\/\/www.reseau-entreprendre.org\/vendee\/wp-content\/uploads\/sites\/18\/2025\/01\/6.png","type":"image\/png"}],"author":"vendee","twitter_card":"summary_large_image","twitter_misc":{"\u00c9crit par":"vendee","Dur\u00e9e de lecture estim\u00e9e":"3 minutes"},"schema":{"@context":"https:\/\/schema.org","@graph":[{"@type":"Article","@id":"https:\/\/www.reseau-entreprendre.org\/vendee\/2024\/12\/12\/menuiserie-gendreau-reprise-sebastien-cannelle\/#article","isPartOf":{"@id":"https:\/\/www.reseau-entreprendre.org\/vendee\/2024\/12\/12\/menuiserie-gendreau-reprise-sebastien-cannelle\/"},"author":{"name":"vendee","@id":"https:\/\/www.reseau-entreprendre.org\/vendee\/#\/schema\/person\/97ed4c1b3ba9d2f59bfb33b9ee189f7b"},"headline":"MENUISERIE GENDREAU (reprise) : S\u00e9bastien CANNELLE","datePublished":"2024-12-12T15:33:03+00:00","dateModified":"2025-03-06T16:56:40+00:00","mainEntityOfPage":{"@id":"https:\/\/www.reseau-entreprendre.org\/vendee\/2024\/12\/12\/menuiserie-gendreau-reprise-sebastien-cannelle\/"},"wordCount":571,"image":{"@id":"https:\/\/www.reseau-entreprendre.org\/vendee\/2024\/12\/12\/menuiserie-gendreau-reprise-sebastien-cannelle\/#primaryimage"},"thumbnailUrl":"https:\/\/www.reseau-entreprendre.org\/vendee\/wp-content\/uploads\/sites\/18\/2025\/01\/6.png","articleSection":["Actualit\u00e9s","Laur\u00e9ats 2024"],"inLanguage":"fr-FR"},{"@type":"WebPage","@id":"https:\/\/www.reseau-entreprendre.org\/vendee\/2024\/12\/12\/menuiserie-gendreau-reprise-sebastien-cannelle\/","url":"https:\/\/www.reseau-entreprendre.org\/vendee\/2024\/12\/12\/menuiserie-gendreau-reprise-sebastien-cannelle\/","name":"MENUISERIE GENDREAU (reprise) : S\u00e9bastien CANNELLE - R\u00e9seau Entreprendre Vend\u00e9e","isPartOf":{"@id":"https:\/\/www.reseau-entreprendre.org\/vendee\/#website"},"primaryImageOfPage":{"@id":"https:\/\/www.reseau-entreprendre.org\/vendee\/2024\/12\/12\/menuiserie-gendreau-reprise-sebastien-cannelle\/#primaryimage"},"image":{"@id":"https:\/\/www.reseau-entreprendre.org\/vendee\/2024\/12\/12\/menuiserie-gendreau-reprise-sebastien-cannelle\/#primaryimage"},"thumbnailUrl":"https:\/\/www.reseau-entreprendre.org\/vendee\/wp-content\/uploads\/sites\/18\/2025\/01\/6.png","datePublished":"2024-12-12T15:33:03+00:00","dateModified":"2025-03-06T16:56:40+00:00","author":{"@id":"https:\/\/www.reseau-entreprendre.org\/vendee\/#\/schema\/person\/97ed4c1b3ba9d2f59bfb33b9ee189f7b"},"breadcrumb":{"@id":"https:\/\/www.reseau-entreprendre.org\/vendee\/2024\/12\/12\/menuiserie-gendreau-reprise-sebastien-cannelle\/#breadcrumb"},"inLanguage":"fr-FR","potentialAction":[{"@type":"ReadAction","target":["https:\/\/www.reseau-entreprendre.org\/vendee\/2024\/12\/12\/menuiserie-gendreau-reprise-sebastien-cannelle\/"]}]},{"@type":"ImageObject","inLanguage":"fr-FR","@id":"https:\/\/www.reseau-entreprendre.org\/vendee\/2024\/12\/12\/menuiserie-gendreau-reprise-sebastien-cannelle\/#primaryimage","url":"https:\/\/www.reseau-entreprendre.org\/vendee\/wp-content\/uploads\/sites\/18\/2025\/01\/6.png","contentUrl":"https:\/\/www.reseau-entreprendre.org\/vendee\/wp-content\/uploads\/sites\/18\/2025\/01\/6.png","width":324,"height":220},{"@type":"BreadcrumbList","@id":"https:\/\/www.reseau-entreprendre.org\/vendee\/2024\/12\/12\/menuiserie-gendreau-reprise-sebastien-cannelle\/#breadcrumb","itemListElement":[{"@type":"ListItem","position":1,"name":"Accueil","item":"https:\/\/www.reseau-entreprendre.org\/vendee\/"},{"@type":"ListItem","position":2,"name":"MENUISERIE GENDREAU (reprise) : S\u00e9bastien CANNELLE"}]},{"@type":"WebSite","@id":"https:\/\/www.reseau-entreprendre.org\/vendee\/#website","url":"https:\/\/www.reseau-entreprendre.org\/vendee\/","name":"R\u00e9seau Entreprendre Vend\u00e9e","description":"Un site utilisant Les sites de R\u00e9seau Entreprendre","potentialAction":[{"@type":"SearchAction","target":{"@type":"EntryPoint","urlTemplate":"https:\/\/www.reseau-entreprendre.org\/vendee\/?s={search_term_string}"},"query-input":{"@type":"PropertyValueSpecification","valueRequired":true,"valueName":"search_term_string"}}],"inLanguage":"fr-FR"},{"@type":"Person","@id":"https:\/\/www.reseau-entreprendre.org\/vendee\/#\/schema\/person\/97ed4c1b3ba9d2f59bfb33b9ee189f7b","name":"vendee","image":{"@type":"ImageObject","inLanguage":"fr-FR","@id":"https:\/\/secure.gravatar.com\/avatar\/70547e2bde971566282f4986d1a4d69efe1bf62a293ab358e9c3f9d6086fff53?s=96&d=mm&r=g","url":"https:\/\/secure.gravatar.com\/avatar\/70547e2bde971566282f4986d1a4d69efe1bf62a293ab358e9c3f9d6086fff53?s=96&d=mm&r=g","contentUrl":"https:\/\/secure.gravatar.com\/avatar\/70547e2bde971566282f4986d1a4d69efe1bf62a293ab358e9c3f9d6086fff53?s=96&d=mm&r=g","caption":"vendee"},"url":"https:\/\/www.reseau-entreprendre.org\/vendee\/author\/vendee\/"}]}},"_links":{"self":[{"href":"https:\/\/www.reseau-entreprendre.org\/vendee\/wp-json\/wp\/v2\/posts\/9169","targetHints":{"allow":["GET"]}}],"collection":[{"href":"https:\/\/www.reseau-entreprendre.org\/vendee\/wp-json\/wp\/v2\/posts"}],"about":[{"href":"https:\/\/www.reseau-entreprendre.org\/vendee\/wp-json\/wp\/v2\/types\/post"}],"author":[{"embeddable":true,"href":"https:\/\/www.reseau-entreprendre.org\/vendee\/wp-json\/wp\/v2\/users\/18"}],"replies":[{"embeddable":true,"href":"https:\/\/www.reseau-entreprendre.org\/vendee\/wp-json\/wp\/v2\/comments?post=9169"}],"version-history":[{"count":0,"href":"https:\/\/www.reseau-entreprendre.org\/vendee\/wp-json\/wp\/v2\/posts\/9169\/revisions"}],"wp:featuredmedia":[{"embeddable":true,"href":"https:\/\/www.reseau-entreprendre.org\/vendee\/wp-json\/wp\/v2\/media\/9256"}],"wp:attachment":[{"href":"https:\/\/www.reseau-entreprendre.org\/vendee\/wp-json\/wp\/v2\/media?parent=9169"}],"wp:term":[{"taxonomy":"category","embeddable":true,"href":"https:\/\/www.reseau-entreprendre.org\/vendee\/wp-json\/wp\/v2\/categories?post=9169"},{"taxonomy":"post_tag","embeddable":true,"href":"https:\/\/www.reseau-entreprendre.org\/vendee\/wp-json\/wp\/v2\/tags?post=9169"}],"curies":[{"name":"wp","href":"https:\/\/api.w.org\/{rel}","templated":true}]}}